{"id":11369,"date":"2025-01-20T13:25:19","date_gmt":"2025-01-20T16:25:19","guid":{"rendered":"https:\/\/www.reportedeprensa.utalca.cl\/?p=11369"},"modified":"2025-01-20T13:35:32","modified_gmt":"2025-01-20T16:35:32","slug":"20-de-enero-2025","status":"publish","type":"post","link":"https:\/\/www.reportedeprensa.utalca.cl\/?p=11369","title":{"rendered":"20 de enero 2025"},"content":{"rendered":"\t\t<div data-elementor-type=\"wp-post\" data-elementor-id=\"11369\" class=\"elementor elementor-11369\" data-elementor-settings=\"[]\">\n\t\t\t\t\t\t\t<div class=\"elementor-section-wrap\">\n\t\t\t\t\t\t\t<section class=\"elementor-section elementor-top-section elementor-element elementor-element-bcea1a8 elementor-section-boxed elementor-section-height-default elementor-section-height-default\" data-id=\"bcea1a8\" data-element_type=\"section\">\n\t\t\t\t\t\t<div class=\"elementor-container elementor-column-gap-default\">\n\t\t\t\t\t<div class=\"elementor-column elementor-col-100 elementor-top-column elementor-element elementor-element-e7183bf\" data-id=\"e7183bf\" data-element_type=\"column\">\n\t\t\t<div class=\"elementor-widget-wrap elementor-element-populated\">\n\t\t\t\t\t\t\t\t<div class=\"elementor-element elementor-element-3087f05 elementor-widget elementor-widget-text-editor\" data-id=\"3087f05\" data-element_type=\"widget\" data-widget_type=\"text-editor.default\">\n\t\t\t\t<div class=\"elementor-widget-container\">\n\t\t\t\t\t\t\t\t<div><b data-olk-copy-source=\"MessageBody\">LA TERCERA\u00a0<br \/><\/b><a href=\"https:\/\/www.litoralpress.cl\/sitio\/Prensa_PaginaCompleta.cshtml?LPKey=PMOEPSMLI7K7ZYSWTOVELXNGI4SPKLMMZXTW5ZC4DSTSTNFEH6PQ\">Gu\u00eda pr\u00e1ctica para sobrellevar el primer a\u00f1o de educaci\u00f3n superior. Se refiere Felipe Figueroa, psic\u00f3logo de la Unidad de Vinculaci\u00f3n Escolar. \u00a0<\/a><b data-olk-copy-source=\"MessageBody\"><br \/><\/b><\/div><div>\u00a0<\/div><div><b>EL MERCURIO\u00a0<\/b><\/div><div><a href=\"https:\/\/www.litoralpress.cl\/sitio\/Prensa_Cortes.cshtml?LPKey=UWJQ3OSRUA6ACULGAQNR2FKJ2AG3WITRAYJLEI3Z2YHFRH4OK3AA\">Michel Poulain: \u201cLa soledad, literalmente, puede acortar nuestra vida\u201d. Se menciona la Universidad de Talca.\u00a0<\/a><\/div><div>\u00a0<\/div><div><b>EL MOSTRADOR\u00a0<br \/><\/b><a href=\"https:\/\/www.elmostrador.cl\/revista-jengibre\/viajes\/2025\/01\/18\/el-buen-momento-del-enoturismo-en-chile-mayor-oferta-nuevas-experiencias-y-aumento-de-turistas\/\">El buen momento del enoturismo en Chile: mayor oferta, nuevas experiencias y aumento de turistas. Se menciona a Patricio G\u00f3mez, director del Campus Colchagua.<\/a><\/div><div>\u00a0<\/div><div><b>EL MERCURIO\u00a0<br \/><\/b><a href=\"https:\/\/www.litoralpress.cl\/sitio\/Prensa_PaginaCompleta.cshtml?LPKey=MDW4SIHP3GCIF6SSYPL6IWKU5AG6OKJ55LNULTID6EGLRUXXNCZA\">Enrique Zamudio: \u201cEstamos viviendo de las vanguardias de hace 100 a\u00f1os y necesitamos un cambio\u201d. Se menciona la Universidad de Talca.<\/a><\/div><div><b>\u00a0<\/b><\/div><div><b>EMOL \u00a0<br \/><\/b><a href=\"https:\/\/www.emol.com\/noticias\/Nacional\/2025\/01\/17\/1154444\/reforma-previsional-elecciones-presidenciales-matthei.html\">Acuerdo de pensiones remece la presidencial: Las disyuntivas (y proyecciones) en Matthei, Kast y el oficialismo. Se refiere Mauricio Morales Quiroga, director del Centro de An\u00e1lisis Pol\u00edtico (CAP)\u00a0<\/a><\/div><div>\u00a0<\/div><div><b>MEGANOTICIAS<\/b>\u00a0<br \/><a href=\"https:\/\/www.litoralpress.cl\/sitio\/RadioTV_Detalles.cshtml?LPKey=P4IF6QJ3HOADVXA7675FPENS7MORQTO72HVPW7RDPCHMQN7ME3G762K3IVREOFMRIGZWUNJVF5UK6\">Evelyn Matthei y su candidatura. Entrevista a Mauricio Morales, director del Centro de An\u00e1lisis Pol\u00edtico (CAP)\u00a0<\/a><\/div><div><b>\u00a0<\/b><\/div><div><b>EXTRANOTICIAS<\/b>\u00a0<\/div><div><a href=\"https:\/\/www.extranoticias.cl\/inauguran-equipamiento-para-fortalecer-tratamientos-de-salud-mental-en-el-hospital-de-curico\/\">Inauguran equipamiento para fortalecer tratamientos de salud mental en el Hospital de Curic\u00f3. Se refiere Carlos Torres Fuchslocher, rector y Ernesto Sol\u00eds, director de la Escuela de Medicina de la UTalca.\u00a0<\/a><br \/><br \/><\/div><div><b>PORTAL PRENSA SALUD<\/b>\u00a0<br \/><a href=\"https:\/\/portalredsalud.cl\/2025\/01\/15\/inauguran-equipamiento-para-fortalecer-tratamientos-de-salud-mental-en-el-hospital-de-curico\/\">Inauguran equipamiento para fortalecer tratamientos de salud mental en el Hospital de Curic\u00f3. Se refiere Carlos Torres Fuchslocher, rector y Ernesto Sol\u00eds, director de la Escuela de Medicina de la UTalca.\u00a0<\/a><br \/><br \/><\/div><div><b>LA PRENSA DE CURIC\u00d3\u00a0<br \/><\/b><a href=\"https:\/\/www.litoralpress.cl\/paginaconsultas\/Servicios_NClipSitio\/Get_Imagen_Nota.aspx?LPKey=JTD3IVSISVZ4G3P5SJC3YAZA24J7VTMQUU3WFWXSE2VD34FSHABPP6TNIFBEG2YSYJGOITBDBWT34\">Con \u201cSalas Espejo\u201d buscan fortalecer tratamientos de salud mental en Curic\u00f3. Se refiere Carlos Torres Fuchslocher, rector y Ernesto Sol\u00eds, director de la Escuela de Medicina.\u00a0<\/a><\/div><div><b>\u00a0<\/b><\/div><div><b>MEDIABANCO\u00a0<br \/><\/b><a href=\"https:\/\/www.mediabanco.com\/creador-de-zonas-azules-visita-chile-que-son-y-que-tienen-que-ver-con-el-envejecimiento\/\">Creador de zonas azules visita Chile: \u00bfQu\u00e9 son y qu\u00e9 tienen que ver con el envejecimiento? Se refiere\u202fIv\u00e1n Palomo, directo Centro Interuniversitario de Envejecimiento Saludable (CIES).\u00a0<\/a><b><br \/><\/b><\/div><div><b>AD PRENSA<\/b>\u00a0<br \/><a href=\"https:\/\/www.adprensa.cl\/cronica\/creador-de-zonas-azules-visita-chile-que-son-y-que-tienen-que-ver-con-el-envejecimiento\/\">Creador de zonas azules visita Chile: \u00bfQu\u00e9 son y qu\u00e9 tienen que ver con el envejecimiento? Se refiere\u202fIv\u00e1n Palomo, directo Centro Interuniversitario de Envejecimiento Saludable (CIES).\u00a0<\/a><\/div><div>\u00a0<\/div><div><b>RADIO LAUTARO<\/b>\u00a0<br \/><a href=\"https:\/\/radiolautarotalca.cl\/zonas-azules-visita-chile-que-son-y-que-tienen-que-ver-con-el-envejecimiento\/\">Zonas azules visita Chile: \u00bfQu\u00e9 son y qu\u00e9 tienen que ver con el envejecimiento? Se refiere\u202fIv\u00e1n Palomo, directo Centro Interuniversitario de Envejecimiento Saludable (CIES).\u00a0<\/a><\/div><div>\u00a0<\/div><div><b>DIARIO EL HERALDO<\/b>\u00a0<br \/><a href=\"https:\/\/www.litoralpress.cl\/sitio\/Prensa_PaginaCompleta.cshtml?LPKey=B2M4XCM6AA57XDMKGJKJIO27TM2SAUHVQ7JQGMH3LIWUB3YPWE6Q\">Creador de zonas azules visita chile: \u00bfQue son y que tienen que ver con el envejecimiento? Se refiere\u202fIv\u00e1n Palomo, directo Centro Interuniversitario de Envejecimiento Saludable (CIES).\u00a0<\/a><br \/><br \/><\/div><div><b>EL MAULE INFORMA\u00a0<br \/><\/b><a href=\"https:\/\/elmauleinforma.cl\/congreso-futuro-expertos-debatieron-sobre-agroindustria-sustentable-y-el-impacto-de-la-tecnologia-en-la-humanidad\/\">Congreso Futuro: Expertos debatieron sobre agroindustria sustentable y el impacto de la tecnolog\u00eda en la humanidad. Se refiere Carlos Torres Fuchslocher, rector.\u00a0<\/a><b><br \/><\/b><\/div><div><b>UCM<\/b>\u00a0<br \/><a href=\"https:\/\/portal.ucm.cl\/noticias\/congreso-futuro-expertos-debatieron-agroindustria-sustentable-impacto-la-tecnologia-la-humanidad\">Congreso Futuro: Expertos debatieron sobre agroindustria sustentable y el impacto de la tecnolog\u00eda en la humanidad. Se refiere Carlos Torres Fuchslocher, rector.\u00a0<\/a><br \/><br \/><\/div><div><b>LINARES EN L\u00cdNEA<\/b>\u00a0<br \/><a href=\"https:\/\/www.linaresenlinea.cl\/2025\/01\/17\/la-tecnologia-como-aliada-de-la-educacion-la-medicina-y-la-eficiencia-energetica\/\">La tecnolog\u00eda como aliada de la educaci\u00f3n, la medicina y la eficiencia energ\u00e9tica. Se menciona la Universidad de Talca. \u00a0<\/a><br \/><br \/><\/div><div><b>EL HERALDO<\/b>\u00a0<br \/><a href=\"https:\/\/www.diarioelheraldo.cl\/noticia\/cuarta-jornada-del-congreso-futuro-2025-la-tecnologia-como-aliada-de-la-educacion-la-medicina-y-la-eficiencia-energetica\">Cuarta jornada del Congreso Futuro 2025: La tecnolog\u00eda como aliada de la educaci\u00f3n, la medicina y la eficiencia energ\u00e9tica. Se menciona la Universidad de Talca.\u00a0<\/a><br \/><br \/><\/div><div><b>CANAL 2 LINARES<\/b>\u00a0<br \/><a href=\"https:\/\/www.canal2linares.cl\/2025\/01\/congreso-futuro-expertos-debatieron.html\">Congreso Futuro: Expertos debatieron sobre agroindustria sustentable y el impacto de la tecnolog\u00eda en la humanidad. Se refiere Carlos Torres Fuchslocher, rector.\u00a0<\/a><br \/><br \/><\/div><div><b>EL LECTOR <\/b>\u00a0<br \/><a href=\"https:\/\/www.litoralpress.cl\/sitio\/Prensa_PaginaCompleta.cshtml?LPKey=UQDOLKOD265QDWCQYADTLYY5IHBGFAGVN3PJLFKLRLFZCMYHEEBA\">UTalca dispondr\u00e1 de matr\u00edcula 100% online y m\u00e1s de 2400 cupos disponibles. Se refiere Tania Mascar\u00f3, jefa de Unidad de Admisi\u00f3n y Acceso.\u00a0<\/a><br \/><br \/><\/div><div><b>MEDIABANCO<\/b>\u00a0<br \/><a href=\"https:\/\/www.mediabanco.com\/utalca-dispondra-de-matricula-100-online-y-mas-de-2400-cupos-disponibles\/\">UTalca dispondr\u00e1 de matr\u00edcula 100% online y m\u00e1s de 2400 cupos disponibles. Se refiere Tania Mascar\u00f3, jefa de Unidad de Admisi\u00f3n y Acceso.<\/a>\u00a0<br \/><br \/><\/div><div><b>G5 NOTICIAS\u00a0<br \/><\/b><a href=\"https:\/\/g5noticias.cl\/2025\/01\/18\/utalca-dispondra-de-matricula-100-online-y-mas-de-2400-cupos-disponibles\/\">UTalca dispondr\u00e1 de matr\u00edcula 100% online y m\u00e1s de 2400 cupos disponibles. Se refiere Tania Mascar\u00f3, jefa de Unidad de Admisi\u00f3n y Acceso.\u00a0<\/a><b><br \/><\/b><\/div><div>\u00a0<\/div><div><b>PUBLIMICRO<\/b>\u00a0<br \/><a href=\"https:\/\/publimicro.cl\/universidad-de-talca-dispondra-de-matricula-100-online-y-mas-de-2400-cupos-disponibles-para-este-ano-2025\/\">Universidad de Talca dispondr\u00e1 de matr\u00edcula 100% online y m\u00e1s de 2400 cupos disponibles, para este a\u00f1o 2025. Se refiere Tania Mascar\u00f3, jefa de Unidad de Admisi\u00f3n y Acceso.\u00a0<\/a><br \/><br \/><\/div><div><b>RADIO FUTURA<\/b>\u00a0<br \/><a href=\"https:\/\/www.litoralpress.cl\/sitio\/RadioTV_Detalles.cshtml?LPKey=GVGRLOI6ZWOIJNXSLV3OELBCL3ERG3MNQZC7ZB74U32FJJ73IH5HPF5IMU2554D64BPZYALNG4DA6\">Entrevista a Tania Mascar\u00f3, jefa de Admisi\u00f3n y Acceso.\u00a0<\/a><br \/><br \/><\/div><div><b>RADIO ANCOA<\/b>\u00a0<br \/><a href=\"https:\/\/www.litoralpress.cl\/sitio\/RadioTV_Detalles.cshtml?LPKey=DYEXEK2L75RD5WD2P5W342QUQNH2NHZZNZQDGN3QHDXWP5M2WGFT2LNRC4JT5XEDXHX6WD7XI2XKU\">Entrevista a Carlos Contreras, encargado de Admisi\u00f3n.\u00a0<\/a><br \/><br \/><\/div><div><b>RADIO CONDELL<\/b>\u00a0<br \/><a href=\"https:\/\/www.litoralpress.cl\/sitio\/RadioTV_Detalles.cshtml?LPKey=UB4GPEQPPH7WYWRIQNQJ5YFTINMTIB3SYCJSCZYWQ6ABVGD6DBZ4NMOUBJRXXRDGS36T5RPEHBLGS\">Entrevista a Carlos Contreras, encargado de Admisi\u00f3n.\u00a0<\/a><br \/><br \/><\/div><div><b>RADIO LAUTARO<\/b>\u00a0<br \/><a href=\"https:\/\/radiolautarotalca.cl\/matricula-100-online-y-mas-de-2400-cupos-disponibles-ofrece-la-utalca\/\">Matr\u00edcula 100% online y m\u00e1s de 2400 cupos disponibles ofrece la UTalca. Se refiere Tania Mascar\u00f3, jefa de Unidad de Admisi\u00f3n y Acceso.\u00a0<\/a><br \/><br \/><\/div><div><b>MEDIABANCO<\/b>\u00a0<br \/><a href=\"https:\/\/www.mediabanco.com\/mas-de-1-900-estudiantes-de-la-utalca-han-realizado-movilidad-internacional\/\">M\u00e1s de 1.900 estudiantes de la UTalca han realizado movilidad internacional. Se refiere Mar\u00eda Elisa Quinteros C\u00e1ceres, directora de Relaciones Internacionales y Ricardo Valderrama, director Escuela de Pedagog\u00edas en Ingl\u00e9s.\u00a0<\/a><br \/><br \/><\/div><div><b>EL LECTOR\u00a0<br \/><\/b><a href=\"https:\/\/www.litoralpress.cl\/sitio\/Prensa_Detalles.cshtml?LPKey=HJIV5KCLED224NUO545QROT2OBJ7SOKOFZMKNSDL5FRIXFC2KVDQ\">Nuevos talentos pedag\u00f3gicos sellaron su ingreso a la universidad. Se refiere Mauricio V\u00e9liz, decano de la Facultad de Ciencias de la Educaci\u00f3n y Carolina Bravo, coordinadora de Atracci\u00f3n, Acceso y Permanencia de la citada Facultad.\u00a0<\/a><b><br \/><\/b><\/div><div>\u00a0<\/div><div><b>EL MAULE INFORMA<\/b>\u00a0<br \/><a href=\"https:\/\/elmauleinforma.cl\/nuevos-talentos-pedagogicos-sellaron-su-ingreso-a-la-universidad\/\">Nuevos talentos pedag\u00f3gicos sellaron su ingreso a la universidad. Se refiere Mauricio V\u00e9liz, decano de la Facultad de Ciencias de la Educaci\u00f3n y Carolina Bravo, coordinadora de Atracci\u00f3n, Acceso y Permanencia de la citada Facultad.\u00a0<\/a><br \/><br \/><\/div><div><b>SOMOS MAULE<\/b>\u00a0<br \/><a href=\"http:\/\/somosmaule.cl\/publico\/ficha\/ficha.aspx?i=87442\">Nuevos talentos pedag\u00f3gicos sellaron su ingreso a la universidad. Se refiere Mauricio V\u00e9liz, decano de la Facultad de Ciencias de la Educaci\u00f3n y Carolina Bravo, coordinadora de Atracci\u00f3n, Acceso y Permanencia de la citada Facultad.\u00a0<\/a><\/div><div><b>\u00a0<\/b><\/div><div><b>VIVIMOS LA NOTICIA<\/b>\u00a0<br \/><a href=\"https:\/\/www.vlnradio.cl\/noticias\/actualidad\/2025\/01\/17\/preocupante-aumento-de-la-depresion-en-chile-experto-llama-a-combatir-los-prejuicios\/\">Preocupante aumento de la depresi\u00f3n en Chile: Experto llama a combatir los prejuicios. Gustavo Dom\u00ednguez Araya, acad\u00e9mico de la Escuela de Enfermer\u00eda.\u00a0<\/a><br \/><br \/><\/div><div><b>LAS \u00daLTIMAS NOTICIAS<\/b>\u00a0<br \/><a href=\"https:\/\/www.litoralpress.cl\/paginaconsultas\/Servicios_NClipSitio\/Get_Imagen_Nota.aspx?LPKey=IR2BIF7EZ2FMF6BIYLDEGODJZBQIPP2VJHGEQ54B5HXXUATQDW5DHVB6ELCJQDJH5YIPHBPNVCI6O\">D\u00f3nde y qu\u00e9 estudian los egresados de 4\u00b0 medio de cada comuna. Se menciona la Universidad de Talca.\u00a0<\/a><br \/><br \/><b>RADIO AGRICULTURA<\/b>\u00a0<br \/><a href=\"https:\/\/www.litoralpress.cl\/sitio\/RadioTV_Detalles.cshtml?LPKey=2P2PQANKEK7LV6KITKGTKRL5K75RHH4BJSAURRFI3MZEDX4A2REGYVYNKL3WVF5J6QAMHSZL32URG\">La Ruta del Vino del Valle del Maule. Se menciona la Universidad de Talca.\u00a0<\/a><br \/><br \/><b>G5 NOTICIAS<\/b>\u00a0<br \/><a href=\"https:\/\/g5noticias.cl\/2025\/01\/19\/enoturismo-chileno-rompe-records-en-2024\/\">Enoturismo chileno rompe r\u00e9cords en 2024. Se menciona la Universidad de Talca.\u00a0<\/a><br \/><br \/><\/div><div><b>LA PRENSA DE CURIC\u00d3<\/b>\u00a0<br \/><a href=\"https:\/\/www.litoralpress.cl\/paginaconsultas\/Servicios_NClipSitio\/Get_Imagen_Nota.aspx?LPKey=PMFNWQUNAOTKG442NIG6EJD3LQJCZ7RNEJCJX42MOII5KCWWA2WVG3S4O2PPNZE24XG7KQ6AY6JSA\">Sucede. Se menciona la Universidad de Talca.\u00a0<\/a><br \/><br \/><\/div><div><b>DIARIO TALCA<\/b>\u00a0<br \/><a href=\"https:\/\/diariotalca.cl\/fiscal-regional-julio-contardo-debe-haber-sido-un-error-incorporarnos-dentro-de-esta-rebaja-presupuestaria\/\">Fiscal Regional Julio Contardo: \u201cDebe haber sido un error incorporarnos dentro de esta rebaja presupuestaria\u201d. Se menciona la Universidad de Talca.\u00a0<\/a><br \/><br \/><\/div><div><b>AM NOTICIAS<\/b>\u00a0<br \/><a href=\"https:\/\/amnoticias.cl\/seremi-de-educacion-lanza-programa-de-hermoseamiento-de-los-establecimientos-educacionales-de-la-region-del-maule\/\">SEREMI de Educaci\u00f3n lanza programa de hermoseamiento de los establecimientos educacionales de la Regi\u00f3n del Maule. Se menciona la Universidad de Talca.\u00a0<\/a><\/div><div>\u00a0<\/div><div><b>DIARIO LA MA\u00d1ANA<\/b>\u00a0<br \/><a href=\"https:\/\/diariolama\u00f1ana.cl\/2025\/01\/17\/seremi-de-educacion-lanza-programa-de-hermoseamiento-de-los-establecimientos-educacionales-de-la-region-del-maule\/\">SEREMI de Educaci\u00f3n lanza programa de hermoseamiento de los establecimientos educacionales de la Regi\u00f3n del Maule. Se menciona la Universidad de Talca.\u00a0<\/a><br \/><u><a id=\"OWA2733b6ba-a133-6965-1402-b76a79bb4b63\" class=\"x_x_Hyperlink x_x_SCXW29110116 x_x_BCX0 x_x_OWAAutoLink\" title=\"https:\/\/xn--diariolamaana-rkb.cl\/2025\/01\/17\/seremi-de-educacion-lanza-programa-de-hermoseamiento-de-los-establecimientos-educacionales-de-la-region-del-maule\/\" href=\"https:\/\/xn--diariolamaana-rkb.cl\/2025\/01\/17\/seremi-de-educacion-lanza-programa-de-hermoseamiento-de-los-establecimientos-educacionales-de-la-region-del-maule\/\" target=\"_blank\" rel=\"noopener noreferrer\" data-auth=\"NotApplicable\" data-linkindex=\"36\"><\/a><\/u><b><\/b><\/div><div>\u00a0<\/div><div><b>MAULE NEWS<\/b>\u00a0<br \/><a href=\"https:\/\/www.maulenews.com\/2025\/01\/centro-civico-sera-realidad-confirman.html\">Centro c\u00edvico ser\u00e1 realidad: Confirman que durante 2025 se declarar\u00e1 prescindencia del terreno de la actual c\u00e1rcel de Talca. Se menciona la Universidad de Talca.\u00a0<\/a><br \/><br \/><\/div><div><b>RADIO LAUTARO<\/b>\u00a0<br \/><a href=\"https:\/\/radiolautarotalca.cl\/confirman-que-se-declarara-prescindencia-del-terreno-de-la-actual-carcel-de-talca-el-2025\/\">Confirman que se declarar\u00e1 prescindencia del terreno de la actual c\u00e1rcel de Talca el 2025. Se menciona la Universidad de Talca.\u00a0<\/a><\/div><div><b>\u00a0<\/b><\/div><div><b>CHILE MULTIPLES SABORES Y COLORES<\/b>\u00a0<br \/><a href=\"https:\/\/chilemultiplessaboresycolores.blogspot.com\/2025\/01\/enoturismo-chileno-rompe-records-en-2024.html\">Enoturismo chileno rompe r\u00e9cords en 2024. Se menciona la Universidad de Talca.\u00a0<\/a><br \/><br \/><\/div><div><b>WIP<\/b>\u00a0<br \/><a href=\"https:\/\/wip.cl\/enoturismo-en-chile-rompe-records-en-2024\/\">Enoturismo en Chile rompe r\u00e9cords en 2024. Se menciona la Universidad de Talca.\u00a0<\/a><\/div><div><b>\u00a0<\/b><\/div><div><b>RADIO AGRICULTURA<\/b>\u00a0<br \/><a href=\"https:\/\/www.litoralpress.cl\/sitio\/RadioTV_Detalles.cshtml?LPKey=2P2PQANKEK7LV6KITKGTKRL5K75RHH4BJSAURRFI3MZEDX4A2REGYVYNKL3WVF5J6QAMHSZL32URG\">Entrevista a Berni Troncoso, de la Ruta del Vino del Valle del Maule. Se menciona la Universidad de Talca.\u00a0<\/a><\/div><div>\u00a0<\/div><div><b>RADIO LAUTARO<\/b>\u00a0<br \/><a href=\"https:\/\/radiolautarotalca.cl\/seremi-de-educacion-lanza-programa-de-hermoseamiento-de-los-establecimientos-educacionales-en-el-maule\/\">Seremi de Educaci\u00f3n lanza programa de hermoseamiento de los establecimientos educacionales en el Maule. Se menciona la Universidad de Talca.\u00a0<\/a><br \/><br \/><\/div>\t\t\t\t\t\t<\/div>\n\t\t\t\t<\/div>\n\t\t\t\t\t<\/div>\n\t\t<\/div>\n\t\t\t\t\t\t\t<\/div>\n\t\t<\/section>\n\t\t\t\t\t\t<\/div>\n\t\t\t\t\t<\/div>\n\t\t","protected":false},"excerpt":{"rendered":"<p>LA TERCERA\u00a0Gu\u00eda pr\u00e1ctica para sobrellevar el primer a\u00f1o de educaci\u00f3n superior. Se refiere Felipe Figueroa, psic\u00f3logo de la Unidad de Vinculaci\u00f3n Escolar. \u00a0\u00a0EL MERCURIO\u00a0Michel Poulain: \u201cLa soledad, literalmente, puede acortar nuestra vida\u201d. Se menciona la Universidad de Talca.\u00a0\u00a0EL MOSTRADOR\u00a0El buen momento del enoturismo en Chile: mayor oferta, nuevas experiencias y aumento de turistas. Se menciona &hellip;<\/p>\n<p class=\"read-more\"> <a class=\"\" href=\"https:\/\/www.reportedeprensa.utalca.cl\/?p=11369\"> <span class=\"screen-reader-text\">20 de enero 2025<\/span> Read More &raquo;<\/a><\/p>\n","protected":false},"author":1,"featured_media":0,"comment_status":"closed","ping_status":"open","sticky":false,"template":"","format":"standard","meta":{"_monsterinsights_skip_tracking":false,"_monsterinsights_sitenote_active":false,"_monsterinsights_sitenote_note":"","_monsterinsights_sitenote_category":0},"categories":[56],"tags":[],"_links":{"self":[{"href":"https:\/\/www.reportedeprensa.utalca.cl\/index.php?rest_route=\/wp\/v2\/posts\/11369"}],"collection":[{"href":"https:\/\/www.reportedeprensa.utalca.cl\/index.php?rest_route=\/wp\/v2\/posts"}],"about":[{"href":"https:\/\/www.reportedeprensa.utalca.cl\/index.php?rest_route=\/wp\/v2\/types\/post"}],"author":[{"embeddable":true,"href":"https:\/\/www.reportedeprensa.utalca.cl\/index.php?rest_route=\/wp\/v2\/users\/1"}],"replies":[{"embeddable":true,"href":"https:\/\/www.reportedeprensa.utalca.cl\/index.php?rest_route=%2Fwp%2Fv2%2Fcomments&post=11369"}],"version-history":[{"count":4,"href":"https:\/\/www.reportedeprensa.utalca.cl\/index.php?rest_route=\/wp\/v2\/posts\/11369\/revisions"}],"predecessor-version":[{"id":11374,"href":"https:\/\/www.reportedeprensa.utalca.cl\/index.php?rest_route=\/wp\/v2\/posts\/11369\/revisions\/11374"}],"wp:attachment":[{"href":"https:\/\/www.reportedeprensa.utalca.cl\/index.php?rest_route=%2Fwp%2Fv2%2Fmedia&parent=11369"}],"wp:term":[{"taxonomy":"category","embeddable":true,"href":"https:\/\/www.reportedeprensa.utalca.cl\/index.php?rest_route=%2Fwp%2Fv2%2Fcategories&post=11369"},{"taxonomy":"post_tag","embeddable":true,"href":"https:\/\/www.reportedeprensa.utalca.cl\/index.php?rest_route=%2Fwp%2Fv2%2Ftags&post=11369"}],"curies":[{"name":"wp","href":"https:\/\/api.w.org\/{rel}","templated":true}]}}