{"id":11380,"date":"2025-01-21T13:12:13","date_gmt":"2025-01-21T16:12:13","guid":{"rendered":"https:\/\/www.reportedeprensa.utalca.cl\/?p=11380"},"modified":"2025-01-22T08:54:11","modified_gmt":"2025-01-22T11:54:11","slug":"21-de-enero-2025","status":"publish","type":"post","link":"https:\/\/www.reportedeprensa.utalca.cl\/?p=11380","title":{"rendered":"21 de enero 2025"},"content":{"rendered":"\t\t<div data-elementor-type=\"wp-post\" data-elementor-id=\"11380\" class=\"elementor elementor-11380\" data-elementor-settings=\"[]\">\n\t\t\t\t\t\t\t<div class=\"elementor-section-wrap\">\n\t\t\t\t\t\t\t<section class=\"elementor-section elementor-top-section elementor-element elementor-element-bcea1a8 elementor-section-boxed elementor-section-height-default elementor-section-height-default\" data-id=\"bcea1a8\" data-element_type=\"section\">\n\t\t\t\t\t\t<div class=\"elementor-container elementor-column-gap-default\">\n\t\t\t\t\t<div class=\"elementor-column elementor-col-100 elementor-top-column elementor-element elementor-element-e7183bf\" data-id=\"e7183bf\" data-element_type=\"column\">\n\t\t\t<div class=\"elementor-widget-wrap elementor-element-populated\">\n\t\t\t\t\t\t\t\t<div class=\"elementor-element elementor-element-3087f05 elementor-widget elementor-widget-text-editor\" data-id=\"3087f05\" data-element_type=\"widget\" data-widget_type=\"text-editor.default\">\n\t\t\t\t<div class=\"elementor-widget-container\">\n\t\t\t\t\t\t\t\t<div><b data-olk-copy-source=\"MessageBody\">AM NOTICIAS<\/b>\u00a0<br \/><a href=\"https:\/\/amnoticias.cl\/congreso-futuro-expertos-debatieron-sobre-agroindustria-sustentable-y-el-impacto-de-la-tecnologia-en-la-humanidad\/\">Congreso Futuro: Expertos debatieron sobre agroindustria sustentable y el impacto de la tecnolog\u00eda en la humanidad. Se refiere Carlos Torres Fuchslocher, rector.\u00a0<\/a><br \/><br \/><\/div><div><b>DIARIO LA MA\u00d1ANA<\/b>\u00a0<br \/><a href=\"https:\/\/diariolama\u00f1ana.cl\/2025\/01\/20\/congreso-futuro-expertos-debatieron-sobre-agroindustria-sustentable-y-el-impacto-de-la-tecnologia-en-la-humanidad\/\">Congreso Futuro: Expertos debatieron sobre agroindustria sustentable y el impacto de la tecnolog\u00eda en la humanidad. Se refiere Carlos Torres Fuchslocher, rector.\u00a0<\/a><br \/><br \/><\/div><div><b>LA NOTICIA<\/b>\u00a0<br \/><a href=\"https:\/\/lanoticia.cl\/utalca-dispondra-de-matricula-100-online-y-mas-de-2400-cupos-disponibles\/\">UTalca dispondr\u00e1 de matr\u00edcula 100% online y m\u00e1s de 2400 cupos disponibles. Se refiere Tania Mascar\u00f3, jefa de la Unidad de Admisi\u00f3n y Acceso de la UTalca.\u00a0<\/a><br \/><br \/><\/div><div><b>EL MAULE INFORMA<\/b>\u00a0<br \/><a href=\"https:\/\/elmauleinforma.cl\/utalca-dispondra-de-matricula-100-online-y-mas-de-2400-cupos-disponibles\/\">UTalca dispondr\u00e1 de matr\u00edcula 100% online y m\u00e1s de 2400 cupos disponibles. Se refiere Tania Mascar\u00f3, jefa de la Unidad de Admisi\u00f3n y Acceso de la UTalca.\u00a0<\/a><br \/><br \/><\/div><div><b>RADIO ALLEN<\/b>\u00a0<br \/><a href=\"https:\/\/radioallen.cl\/educacion-utalca-dispondra-de-matricula-100-online-y-mas-de-2400-cupos-disponibles\/\">Educaci\u00f3n: UTalca dispondr\u00e1 de matr\u00edcula 100% online y m\u00e1s de 2400 cupos disponibles. Se refiere Tania Mascar\u00f3, jefa de la Unidad de Admisi\u00f3n y Acceso de la UTalca.\u00a0<\/a><br \/><br \/><\/div><div><b>SOMOS MAULE<\/b>\u00a0<br \/><a href=\"http:\/\/somosmaule.cl\/publico\/ficha\/ficha.aspx?i=87459\">UTalca dispondr\u00e1 de matr\u00edcula 100% online y m\u00e1s de 2400 cupos disponibles. Se refiere Tania Mascar\u00f3, jefa de la Unidad de Admisi\u00f3n y Acceso de la UTalca.\u00a0<\/a><br \/><br \/><\/div><div><b>EL CONQUISTADOR CONCEPCI\u00d3N<\/b>\u00a0<br \/><a href=\"https:\/\/www.elconquistadorconcepcion.cl\/2025\/01\/20\/como-almacenar-correctamente-los-medicamentos-frente-a-las-olas-de-calor\/\">\u00bfC\u00f3mo almacenar correctamente los medicamentos frente a las olas de calor? Se refiere Omar Fuentes, acad\u00e9mico de la Escuela de Enfermer\u00eda.\u00a0<\/a><br \/><br \/><\/div><div><b>MEDIABANCO<\/b>\u00a0<br \/><a href=\"https:\/\/www.mediabanco.com\/como-almacenar-correctamente-los-medicamentos-frente-a-las-olas-de-calor\/\">\u00bfC\u00f3mo almacenar correctamente los medicamentos frente a las olas de calor? Se refiere Omar Fuentes, acad\u00e9mico de la Escuela de Enfermer\u00eda.\u00a0<\/a><br \/><br \/><\/div><div><b>G5 NOTICIA<\/b>\u00a0<br \/><a href=\"https:\/\/g5noticias.cl\/2025\/01\/20\/como-almacenar-correctamente-los-medicamentos-frente-a-las-olas-de-calor\/\">\u00bfC\u00f3mo almacenar correctamente los medicamentos frente a las olas de calor? Se refiere Omar Fuentes, acad\u00e9mico de la Escuela de Enfermer\u00eda.<\/a> \u00a0<br \/><br \/><\/div><div><b>S\u00c9PTIMA P\u00c1GINA NOTICIAS<\/b>\u00a0<br \/><a href=\"https:\/\/www.septimapaginanoticias.cl\/como-almacenar-correctamente-los-medicamentos-frente-a-las-olas-de-calor\">\u00bfC\u00f3mo almacenar correctamente los medicamentos frente a las olas de calor? Se refiere Omar Fuentes, acad\u00e9mico de la Escuela de Enfermer\u00eda.\u00a0<\/a><br \/><br \/><\/div><div><b>TV5<\/b>\u00a0<br \/><a href=\"https:\/\/www.tv5.cl\/categoria\/local\/consejos-conservar-medicamentos-olas-calor\">\u00bfC\u00f3mo almacenar correctamente los medicamentos frente a las olas de calor? Se refiere Omar Fuentes, acad\u00e9mico de la Escuela de Enfermer\u00eda.\u00a0<\/a><br \/><br \/><\/div><div><b>RADIO ANCOA<\/b>\u00a0<br \/><a href=\"https:\/\/www.radioancoa.cl\/categoria\/regional\/consejos-conservar-medicamentos-olas-calor\">\u00bfC\u00f3mo almacenar correctamente los medicamentos frente a las olas de calor? Se refiere Omar Fuentes, acad\u00e9mico de la Escuela de Enfermer\u00eda.<\/a>\u00a0<br \/><br \/><\/div><div><b>RADIO FM M\u00c1S<\/b>\u00a0<br \/><a href=\"https:\/\/radiofmmas.cl\/como-almacenar-correctamente-los-medicamentos-frente-a-las-olas-de-calor\/\">\u00bfC\u00f3mo almacenar correctamente los medicamentos frente a las olas de calor? Se refiere Omar Fuentes, acad\u00e9mico de la Escuela de Enfermer\u00eda.\u00a0<\/a><br \/><br \/><\/div><div><b>PORTAL RED SALUD<\/b>\u00a0<br \/><a href=\"https:\/\/portalredsalud.cl\/2025\/01\/20\/como-almacenar-correctamente-los-medicamentos-frente-a-las-olas-de-calor\/\">\u00bfC\u00f3mo almacenar correctamente los medicamentos frente a las olas de calor? Se refiere Omar Fuentes, acad\u00e9mico de la Escuela de Enfermer\u00eda.\u00a0<\/a><br \/><br \/><\/div><div><b>DIARIO EL HERALDO<\/b>\u00a0<br \/><a href=\"https:\/\/www.diarioelheraldo.cl\/noticia\/como-almacenar-correctamente-los-medicamentos-frente-a-las-olas-de-calor\">\u00bfC\u00f3mo almacenar correctamente los medicamentos frente a las olas de calor? Se refiere Omar Fuentes, acad\u00e9mico de la Escuela de Enfermer\u00eda. \u00a0<\/a><br \/><br \/><\/div><div><b>LA PRENSA DE CURIC\u00d3<\/b>\u00a0<br \/><a href=\"https:\/\/www.litoralpress.cl\/paginaconsultas\/Servicios_NClipSitio\/Get_Imagen_Nota.aspx?LPKey=U73X5TFTE5UUJDHO5SESP2PX4HOAJCW4BXIPQZMVAE5UTJJW5UMHXABUQQAO5UK2EP3AGQFUW33BW\">Casi 2.000 estudiantes de la UTalca han realizado movilidad internacional. Se refiere Ricardo Valderrama, director Escuela de Pedagog\u00edas en Ingl\u00e9s.\u00a0<\/a><br \/><br \/><\/div><div><b>TIERRA AMARILLANO<\/b>\u00a0<br \/><a href=\"https:\/\/tierramarillano.cl\/2025\/01\/20\/mas-de-1-900-estudiantes-de-la-utalca-han-realizado-movilidad-internacional\/\">M\u00e1s de 1.900 estudiantes de la UTalca han realizado movilidad internacional. Se refiere Mar\u00eda Elisa Quinteros C\u00e1ceres, directora de Relaciones Internacionales.\u00a0<\/a><br \/><br \/><\/div><div><b>MAULE NEWS<\/b>\u00a0<br \/><a href=\"https:\/\/www.maulenews.com\/2025\/01\/mas-de-1900-estudiantes-de-la-utalca.html\">M\u00e1s de 1.900 estudiantes de la UTalca han realizado movilidad internacional. Se refiere Mar\u00eda Elisa Quinteros C\u00e1ceres, directora de Relaciones Internacionales.\u00a0<\/a><br \/><br \/><\/div><div><b>DIARIO TALCA<\/b>\u00a0<br \/><a href=\"https:\/\/www.litoralpress.cl\/paginaconsultas\/Servicios_NClipSitio\/Get_Imagen_Nota.aspx?LPKey=MGBB3ODWA6BZU7OSVMO2GGLY2BUO2ICPGSWBCFRIIZEAA4HHI7PU2JQEFSPK6WLGCZ5KB7X5P7IQ4\">Las heridas de una ciudad que no terminan de sanar. Se refiere Miguel Arriagada, director de la Escuela de Ingenier\u00eda Civil en Obras Civiles.\u202f\u00a0<\/a><br \/><br \/><\/div><div><b>CAMPO SURE\u00d1O<\/b>\u00a0<br \/><a href=\"https:\/\/www.litoralpress.cl\/paginaconsultas\/Servicios_NClipSitio\/Get_Imagen_Nota.aspx?LPKey=UU4MDYHFZY6NDVQEPT2MBWDSE6ZMD3AM5RKOUPHFDSRIHMFRRI5IANZXJCXW4SNEU2QHHMWNXHBYA\">Renovaci\u00f3n en la fruticultura: avances en el recambio varietal del manzano con nuevos portainjertos en Chile y Am\u00e9rica Latina. \u00c1lvaro Sep\u00falveda, investigador del Centro de Pom\u00e1ceas.\u00a0<\/a><br \/><br \/><\/div><div><b>DIARIO TALCA<\/b>\u00a0<br \/><a href=\"https:\/\/www.litoralpress.cl\/paginaconsultas\/Servicios_NClipSitio\/Get_Imagen_Nota.aspx?LPKey=CSLKXPMKCKE3KOJAYZDQBMRQWBHO5AKHOWIKP7PMG2Z5WCNJZY23T3T6EC52SR6A4CJA5MZOUSRZE\">Talca busca revitalizar su viejo coraz\u00f3n. Se refiere Andr\u00e9s Maraga\u00f1o acad\u00e9mico de la Escuela de Arquitectura.\u00a0<\/a><br \/><br \/><\/div><div><b>CANAL MEGANOTICIAS<\/b>\u00a0<br \/><a href=\"https:\/\/www.litoralpress.cl\/sitio\/RadioTV_Detalles.cshtml?LPKey=R4QL242PNVRAGAPWAKMDD3HPUGXI75LKLNJDGXUSIWLCLC775NLJ35KBHEIZQFWCMGVO4YRFIBLH2\">Entrevista a Mauricio Morales, analista pol\u00edtico Quiroga, director del Centro de an\u00e1lisis Pol\u00edtico (CAP-UTalca).\u00a0<\/a><br \/><br \/><\/div><div><b>ARAUCAN\u00cdA RADIO<\/b>\u00a0<br \/><a href=\"https:\/\/araucaniadiario.cl\/contenido\/27343\/preocupa-la-alta-prevalencia-de-depresion-en-chile\">Preocupa la alta prevalencia de depresi\u00f3n en Chile. Se refiere Gustavo Dom\u00ednguez Araya, acad\u00e9mico de la Escuela de Enfermer\u00eda.\u00a0<\/a><br \/><br \/><\/div><div><b>MUNDO AGRO<\/b>\u00a0<br \/><a href=\"https:\/\/mundoagro.cl\/experto-entrega-recomendaciones-sobre-como-enfrentar-los-golpes-de-sol-en-las-frutas\/\">Experto entrega recomendaciones sobre c\u00f3mo enfrentar los golpes de sol en las frutas. Se refiere Patricio Gonz\u00e1lez Colville, acad\u00e9mico del Centro de Investigaci\u00f3n y Transferencia en Riego y Agroclimatolog\u00eda (CITRA).\u00a0<\/a><br \/><br \/><\/div><div><b>RADIO AMIGA<\/b>\u00a0<br \/><a href=\"https:\/\/www.litoralpress.cl\/sitio\/RadioTV_Detalles.cshtml?LPKey=YCX3RZRS7DY4YQ4PXYHTHS2MYF7MQCX2HYCMHHDKACNSB3NNHGITR45YX2SDQ2APEEV3YIK72T3SI\">Ministro de Justicia confirma traslado de la c\u00e1rcel de Talca para proyecto c\u00edvico. Se menciona la Universidad de Talca.\u00a0<\/a><br \/><br \/><\/div><div><b>PUBLIMICRO<\/b>\u00a0<br \/><a href=\"https:\/\/publimicro.cl\/mas-de-1-900-estudiantes-de-la-utalca-han-realizado-movilidad-internacional\/\">M\u00e1s de 1.900 estudiantes de la UTalca han realizado movilidad internacional. Se menciona la Universidad de Talca.\u00a0<\/a><br \/><br \/><\/div><div><b>RADIO MONTECARLO<\/b>\u00a0<br \/><a href=\"https:\/\/www.radiomontecarlo.cl\/fundacion-chile-violines-presenta-a-destacado-violinista-dorian-lamotte-y-cuarteto-boros-en-biblioteca-regional-gabriela-mistral\/\">Fundaci\u00f3n Chile Violines presenta a destacado violinista Dorian Lamotte y Cuarteto Boros en Biblioteca Regional Gabriela Mistral. Se menciona la Universidad de Talca.\u00a0<\/a><br \/><br \/><\/div><div><b>DE MAR A CORDILLERA<\/b>\u00a0<br \/><a href=\"https:\/\/demaracordilleratv.cl\/2025\/01\/20\/chile-se-instala-como-destino-enoturistico-de-clase-mundial\/\">Chile se instala como destino enotur\u00edstico de clase mundial. Se menciona la Universidad de Talca.\u00a0<\/a><br \/><br \/><\/div><div><b>ACHIGA<\/b>\u00a0<br \/><a href=\"https:\/\/www.achiga.cl\/2025\/01\/20\/chile-rompe-records-en-enoturismo-resultados-del-catastro-nacional-2024\/\">Chile rompe r\u00e9cords en enoturismo: resultados del catastro nacional 2024. Se menciona la Universidad de Talca. \u00a0<\/a><br \/><br \/><\/div><div><b>MOSTOS Y DESTILADOS<\/b>\u00a0<br \/><a href=\"https:\/\/mostosydestilados.cl\/enoturismo-chileno-registra-fortalecimiento-durante-2024\/\">El enoturismo en Chile registra cifras r\u00e9cords en 2024. Se menciona la Universidad de Talca.\u00a0<\/a><br \/><br \/><\/div><div><b>TODO VINOS<\/b>\u00a0<br \/><a href=\"https:\/\/www.todovinos.cl\/wp2\/2025\/01\/20\/el-enoturismo-en-chile-registra-cifras-records-en-2024\/\">El enoturismo en Chile registra cifras r\u00e9cords en 2024. Se menciona la Universidad de Talca.\u00a0<\/a><br \/><br \/><\/div><div><b>COMO ME GUSTA<\/b>\u00a0<br \/><a href=\"https:\/\/www.comomegusta.cl\/enoturismo-chileno-rompe-records-en-2024\/\">Enoturismo chileno rompe r\u00e9cords en 2024. Se menciona la Universidad de Talca.\u00a0<\/a><br \/>\u00a0<\/div>\t\t\t\t\t\t<\/div>\n\t\t\t\t<\/div>\n\t\t\t\t\t<\/div>\n\t\t<\/div>\n\t\t\t\t\t\t\t<\/div>\n\t\t<\/section>\n\t\t\t\t\t\t<\/div>\n\t\t\t\t\t<\/div>\n\t\t","protected":false},"excerpt":{"rendered":"<p>AM NOTICIAS\u00a0Congreso Futuro: Expertos debatieron sobre agroindustria sustentable y el impacto de la tecnolog\u00eda en la humanidad. Se refiere Carlos Torres Fuchslocher, rector.\u00a0 DIARIO LA MA\u00d1ANA\u00a0Congreso Futuro: Expertos debatieron sobre agroindustria sustentable y el impacto de la tecnolog\u00eda en la humanidad. Se refiere Carlos Torres Fuchslocher, rector.\u00a0 LA NOTICIA\u00a0UTalca dispondr\u00e1 de matr\u00edcula 100% online y &hellip;<\/p>\n<p class=\"read-more\"> <a class=\"\" href=\"https:\/\/www.reportedeprensa.utalca.cl\/?p=11380\"> <span class=\"screen-reader-text\">21 de enero 2025<\/span> Read More &raquo;<\/a><\/p>\n","protected":false},"author":1,"featured_media":0,"comment_status":"closed","ping_status":"open","sticky":false,"template":"","format":"standard","meta":{"_monsterinsights_skip_tracking":false,"_monsterinsights_sitenote_active":false,"_monsterinsights_sitenote_note":"","_monsterinsights_sitenote_category":0},"categories":[56],"tags":[],"_links":{"self":[{"href":"https:\/\/www.reportedeprensa.utalca.cl\/index.php?rest_route=\/wp\/v2\/posts\/11380"}],"collection":[{"href":"https:\/\/www.reportedeprensa.utalca.cl\/index.php?rest_route=\/wp\/v2\/posts"}],"about":[{"href":"https:\/\/www.reportedeprensa.utalca.cl\/index.php?rest_route=\/wp\/v2\/types\/post"}],"author":[{"embeddable":true,"href":"https:\/\/www.reportedeprensa.utalca.cl\/index.php?rest_route=\/wp\/v2\/users\/1"}],"replies":[{"embeddable":true,"href":"https:\/\/www.reportedeprensa.utalca.cl\/index.php?rest_route=%2Fwp%2Fv2%2Fcomments&post=11380"}],"version-history":[{"count":4,"href":"https:\/\/www.reportedeprensa.utalca.cl\/index.php?rest_route=\/wp\/v2\/posts\/11380\/revisions"}],"predecessor-version":[{"id":11385,"href":"https:\/\/www.reportedeprensa.utalca.cl\/index.php?rest_route=\/wp\/v2\/posts\/11380\/revisions\/11385"}],"wp:attachment":[{"href":"https:\/\/www.reportedeprensa.utalca.cl\/index.php?rest_route=%2Fwp%2Fv2%2Fmedia&parent=11380"}],"wp:term":[{"taxonomy":"category","embeddable":true,"href":"https:\/\/www.reportedeprensa.utalca.cl\/index.php?rest_route=%2Fwp%2Fv2%2Fcategories&post=11380"},{"taxonomy":"post_tag","embeddable":true,"href":"https:\/\/www.reportedeprensa.utalca.cl\/index.php?rest_route=%2Fwp%2Fv2%2Ftags&post=11380"}],"curies":[{"name":"wp","href":"https:\/\/api.w.org\/{rel}","templated":true}]}}