{"id":11386,"date":"2025-01-22T08:54:25","date_gmt":"2025-01-22T11:54:25","guid":{"rendered":"https:\/\/www.reportedeprensa.utalca.cl\/?p=11386"},"modified":"2025-01-22T12:46:23","modified_gmt":"2025-01-22T15:46:23","slug":"22-de-enero-2025","status":"publish","type":"post","link":"https:\/\/www.reportedeprensa.utalca.cl\/?p=11386","title":{"rendered":"22 de enero 2025"},"content":{"rendered":"\t\t<div data-elementor-type=\"wp-post\" data-elementor-id=\"11386\" class=\"elementor elementor-11386\" data-elementor-settings=\"[]\">\n\t\t\t\t\t\t\t<div class=\"elementor-section-wrap\">\n\t\t\t\t\t\t\t<section class=\"elementor-section elementor-top-section elementor-element elementor-element-bcea1a8 elementor-section-boxed elementor-section-height-default elementor-section-height-default\" data-id=\"bcea1a8\" data-element_type=\"section\">\n\t\t\t\t\t\t<div class=\"elementor-container elementor-column-gap-default\">\n\t\t\t\t\t<div class=\"elementor-column elementor-col-100 elementor-top-column elementor-element elementor-element-e7183bf\" data-id=\"e7183bf\" data-element_type=\"column\">\n\t\t\t<div class=\"elementor-widget-wrap elementor-element-populated\">\n\t\t\t\t\t\t\t\t<div class=\"elementor-element elementor-element-3087f05 elementor-widget elementor-widget-text-editor\" data-id=\"3087f05\" data-element_type=\"widget\" data-widget_type=\"text-editor.default\">\n\t\t\t\t<div class=\"elementor-widget-container\">\n\t\t\t\t\t\t\t\t<div><b data-olk-copy-source=\"MessageBody\">RADIO COOPERATIVA<\/b><\/div><div><a href=\"https:\/\/www.litoralpress.cl\/sitio\/RadioTV_Detalles.cshtml?LPKey=VUF4NN7SL2U7LGXBCWVZZDLEDWWN6J36LMTXTH3LYQG3VVAFTWGUGKFHJXCN2BAO2KSK5VLPGAWOO\">Comenz\u00f3 el per\u00edodo de matriculas en la educaci\u00f3n superior. Se refiere Paula Manr\u00edquez, vicerrectora de Formaci\u00f3n.\u00a0<\/a><\/div><div><b>\u00a0<\/b><\/div><div><b>CGTN EN ESPA\u00d1OL (CHINA)<\/b><\/div><div><a href=\"https:\/\/www.youtube.com\/watch?v=uU_upT56vnY\">Economistas chilenos advierten sobre impactos econ\u00f3micos ante posibles aranceles impuestos por Trump. Se refiere Juan Riquelme, acad\u00e9mico de la Facultad de Econom\u00eda y Negocios<\/a><\/div><div><b>\u00a0<\/b><\/div><div><b>TELETRECE\u00a0ONLINE<br \/><\/b><a href=\"https:\/\/www.t13.cl\/noticia\/nacional\/ranking-universidades-revisa-cuales-fueron-las-entidades-recibieron-mas-postula-21-1-2025\">Ranking de universidades: Revisa cu\u00e1les fueron las entidades que recibieron m\u00e1s postulantes. Se menciona la Universidad de Talca.\u00a0<\/a><\/div><div><b>\u00a0<\/b><\/div><div><b>DIARIO FINANCIERO<\/b>\u00a0<br \/><a href=\"https:\/\/www.litoralpress.cl\/sitio\/Prensa_Cortes.cshtml?LPKey=TRODFDWPREVS5PETCO7BS52TWDCFQVQTCOZ6EVYTONHXTZRUHMXQ\">Edtech que crea proyectos con realidad virtual y aumentada lanz\u00f3 cartas educativas. Se menciona la Universidad de Talca.\u00a0<\/a><br \/><br \/><\/div><div><b>EL MERCURIO<\/b>\u00a0<br \/><a href=\"https:\/\/www.litoralpress.cl\/paginaconsultas\/Servicios_NClipSitio\/Get_Imagen_Nota.aspx?LPKey=UODVMIAKNLPQBSKKFPXWSKETD74VC6AV2YJM3KV5M2EWYIQVCCN5QVLBNA3SPZAEQ7ZTD5SL26LMW\">&#8220;El arte del deseo&#8221; re\u00fane a doce artistas nacionales. Se menciona la Universidad de Talca.\u00a0<\/a><\/div><div>\u00a0<\/div><div><b>CANAL TVN<\/b><\/div><div><a href=\"https:\/\/www.litoralpress.cl\/sitio\/RadioTV_Detalles.cshtml?LPKey=LMVFIQK2UZSGUV3LMZ5PYZU2QRW75IOOPLVEWX5A23U7ZHVTYSSEFJ2OBZE24HG5YEN3HU3Z7YZCU\">\u00bfEs posible utilizar agua de mar para apagar incendios? Se refiere Roberto Pizarro Tapia, director de la c\u00e1tedra Unesco en Hidrolog\u00eda de Superficie.<\/a><\/div><div>\u00a0<\/div><div><b>RADIO UCHILE<\/b>\u00a0<br \/><a href=\"https:\/\/radio.uchile.cl\/2025\/01\/21\/latinoamerica-bajo-el-ojo-de-trump-el-impacto-de-las-politicas-del-republicano-en-la-region\/\">Latinoam\u00e9rica bajo el ojo de Trump: el impacto de las pol\u00edticas del republicano en la regi\u00f3n. Se refiere Alejandra M\u00e1rquez, acad\u00e9mica de la Facultad de Ciencias Jur\u00eddicas y Sociales.\u00a0<\/a><b><\/b><\/div><div><b>\u00a0<\/b><\/div><div><b>LA PRENSA DE CURIC\u00d3\u00a0<br \/><\/b><a href=\"https:\/\/www.litoralpress.cl\/paginaconsultas\/Servicios_NClipSitio\/Get_Imagen_Nota.aspx?LPKey=FNSZSGWAHOBNHZFDAPS3THBEE3HSE7GVMTFYXIA5J5T664XSSLB3AMLEVZD2XER2J6PA2AYO6NSBS\">Lugares donde la gente vive m\u00e1s: creador de concepto \u201czonas azules\u201d realiz\u00f3 conferencia . Se menciona la Universidad de Talca.\u00a0<\/a><\/div><div>\u00a0<\/div><div><b>DIARIO LA PRENSA<\/b>\u00a0<\/div><div><a href=\"https:\/\/new.diariolaprensa.cl\/index.php\/2025\/01\/21\/lugares-donde-la-gente-vive-mas-creador-de-concepto-zonas-azules-realizo-conferencia\/\">Lugares donde la gente vive m\u00e1s: creador de concepto \u201czonas azules\u201d realiz\u00f3 conferencia. Se menciona la Universidad de Talca.\u00a0<\/a><\/div><div>\u00a0<\/div><div><b>DIARIO TALCA\u00a0<br \/><\/b><a href=\"https:\/\/www.litoralpress.cl\/paginaconsultas\/Servicios_NClipSitio\/Get_Imagen_Nota.aspx?LPKey=MGBB3ODWA6BZU7OSVMO2GGLY2BUO2ICPGSWBCFRIIZEAA4HHI7PU2JQEFSPK6WLGCZ5KB7X5P7IQ4\">Las heridas de una ciudad que no terminan de sanar. Se refiere Miguel Arriagada, director de la Escuela de Ingenier\u00eda Civil en Obras Civiles.\u202f<\/a><\/div><div>\u00a0<\/div><div><b>VIVIMOS LA NOTCIA<\/b>\u00a0<br \/><a href=\"https:\/\/www.vlnradio.cl\/noticias\/dato-util\/2025\/01\/21\/donde-guardar-el-cepillo-de-dientes-especialista-entrega-recomendaciones-para-proteger-la-salud-bucal\/\">\u00bfD\u00f3nde guardar el cepillo de dientes? Especialista entrega recomendaciones para proteger la salud bucal. Se refiere Cecilia Mu\u00f1oz Sandoval, acad\u00e9mica del Departamento de Rehabilitaci\u00f3n Bucomaxilofacial.\u00a0<\/a><br \/>\u00a0<\/div><div><b>EL CONQUISTADOR CONCEPCI\u00d3N\u00a0<br \/><\/b><a href=\"https:\/\/www.elconquistadorconcepcion.cl\/2025\/01\/21\/donde-debemos-guardar-el-cepillo-de-dientes\/\">\u00bfD\u00f3nde<\/a><a href=\"https:\/\/www.elconquistadorconcepcion.cl\/2025\/01\/21\/donde-debemos-guardar-el-cepillo-de-dientes\/\"> debemos guardar el cepillo de dientes? Se refiere Cecilia Mu\u00f1oz Sandoval, acad\u00e9mica del Departamento de Rehabilitaci\u00f3n Bucomaxilofacial.\u00a0<\/a><b><br \/><\/b><\/div><div>\u00a0<\/div><div><b>PORTAL PRENSA SALUD<\/b>\u00a0<br \/><a href=\"https:\/\/portalprensasalud.cl\/2025\/01\/21\/donde-debemos-guardar-el-cepillo-de-dientes\/\">\u00bfD\u00f3nde debemos guardar el cepillo de dientes? Se refiere Cecilia Mu\u00f1oz Sandoval, acad\u00e9mica del Departamento de Rehabilitaci\u00f3n Bucomaxilofacial.\u00a0<\/a><\/div><div>\u00a0<\/div><div><b>LA PRENSA DE CURIC\u00d3\u00a0<br \/><\/b><a href=\"https:\/\/www.litoralpress.cl\/paginaconsultas\/Servicios_NClipSitio\/Get_Imagen_Nota.aspx?LPKey=K6OTJDPJZDCULDWEKZ6HKDJK6HV4WFB3Z2NN223NHIM7BRPR7F3G25WEHF2QN5E2Q6EO4XJKSNE3S\">Los errores que se comenten a la hora de conservar f\u00e1rmacos. Se refiere Omar Fuentes, acad\u00e9mico de la Escuela de Enfermer\u00eda.\u00a0<\/a><b><br \/><\/b><\/div><div>\u00a0<\/div><div><b>EL MAULE INFORMA<\/b>\u00a0<br \/><a href=\"https:\/\/elmauleinforma.cl\/como-almacenar-correctamente-los-medicamentos-frente-a-las-olas-de-calor\/\">\u00bfC\u00f3mo almacenar correctamente los medicamentos frente a las olas de calor? Se refiere Omar Fuentes, acad\u00e9mico de la Escuela de Enfermer\u00eda.\u00a0<\/a><br \/><br \/><\/div><div><b>SOMOS MAULE <\/b>\u00a0<br \/><a href=\"http:\/\/somosmaule.cl\/publico\/ficha\/ficha.aspx?i=87480\">\u00bfC\u00f3mo almacenar correctamente los medicamentos frente a las olas de calor? Se refiere Omar Fuentes, acad\u00e9mico de la Escuela de Enfermer\u00eda.\u00a0<\/a><br \/><br \/><\/div><div><b>EL HERALDO<\/b>\u00a0<br \/><a href=\"https:\/\/www.litoralpress.cl\/paginaconsultas\/Servicios_NClipSitio\/Get_Imagen_Nota.aspx?LPKey=3CNOTIVQ554GZGPCM3T3ISOJAULDVP6EKFNVTXEHS5L2DZSSJ4B5Z73H5BFGLDEUGJ7EG6ZQIVS2C\">\u00bfC\u00f3mo almacenar correctamente los medicamentos frente a las olas de calor? Se refiere Omar Fuentes, acad\u00e9mico de la Escuela de Enfermer\u00eda.\u00a0<\/a><br \/><br \/><\/div><div><b>EL LECTOR<\/b>\u00a0<br \/><a href=\"https:\/\/www.litoralpress.cl\/paginaconsultas\/Servicios_NClipSitio\/Get_Imagen_Nota.aspx?LPKey=SA4D7O7HKOJ4AVT7IQRQAWGMZ7V7GJOM3AC5CNFSCWF3K4DNVICWAPMPABVIBROAY7AADH3XFY4JU\">\u00bfC\u00f3mo almacenar correctamente los medicamentos frente a las olas de calor? Se refiere Omar Fuentes, acad\u00e9mico de la Escuela de Enfermer\u00eda.\u00a0<\/a><br \/><br \/><\/div><div><b>G5 NOTICIAS<\/b><\/div><div><a href=\"https:\/\/g5noticias.cl\/2025\/01\/21\/mas-de-1-900-estudiantes-de-la-utalca-han-realizado-movilidad-internacional\/\">M\u00e1s de 1.900 estudiantes de la UTalca han realizado movilidad internacional. Se refiere Mar\u00eda Elisa Quinteros C\u00e1ceres, directora de Relaciones Internacionales y Ricardo Valderrama, director Escuela de Pedagog\u00edas en Ingl\u00e9s\u00a0<\/a><\/div><div><b>\u00a0<\/b><\/div><div><b>RADIO ANCOA<\/b>\u00a0<br \/><a href=\"https:\/\/www.litoralpress.cl\/sitio\/RadioTV_Detalles.cshtml?LPKey=NV3WIX2UKMUOO5JDW4YQWSH4XD5SE2NR5BTHRUXC7XGQBNXFLIBTDPZFF7NRSWKDEP64HOIV5EEHM\">Entrevista a Tania Mascar\u00f3, jefa de la Unidad de Admisi\u00f3n y Acceso.\u00a0<\/a><br \/><br \/><\/div><div><b>RADIO INFINITA<\/b>\u00a0<br \/><a href=\"https:\/\/www.litoralpress.cl\/sitio\/RadioTV_Detalles.cshtml?LPKey=3Q4WC4ZDEFR6VTLZBZZOGBKEC7ORDIENMMYX3TZ3EPOREJ5HTME3WLMAGVTCYMTRQTHAIFSRXJUOI\">Comentario de Pol\u00edtica de Mauricio Morales Quiroga, director del Centro de An\u00e1lisis Pol\u00edtico (CAP-UTalca)\u00a0<\/a><br \/><br \/><\/div><div><b>SAN CARLOS ONLINE<\/b>\u00a0<br \/><a href=\"https:\/\/www.sancarlosonline.cl\/2025\/01\/alerta-por-olas-de-calor-manzanas-en.html\">\u00a1Alerta por olas de calor! Manzanas en riesgo por golpes de sol. Se refiere Patricio Gonz\u00e1lez Colville, acad\u00e9mico del Centro de Investigaci\u00f3n y Transferencia en Riego y Agroclimatolog\u00eda (CITRA).\u00a0<\/a><br \/><br \/><\/div><div><b>CHILL\u00c1N ONLINE<\/b>\u00a0<br \/><a href=\"https:\/\/www.chillanonline.cl\/V7\/2025\/01\/21\/enoturismo-chileno-rompe-records-en-2024\/\">Enoturismo chileno rompe r\u00e9cords en 2024. Se menciona la Universidad de Talca.\u00a0<\/a><br \/><br \/><\/div><div><b>SERENA Y COQUIMBO<\/b>\u00a0<br \/><a href=\"https:\/\/serenaycoquimbo.cl\/la-serena-destacado-violinista-dorian-lamotte-y-cuarteto-boros-en-biblioteca-regional-gabriela-mistral\/\">La Serena: destacado violinista Dorian Lamotte y Cuarteto Boros en Biblioteca Regional Gabriela Mistral. Se menciona la Universidad de Talca.\u00a0<\/a><br \/><br \/><\/div>\t\t\t\t\t\t<\/div>\n\t\t\t\t<\/div>\n\t\t\t\t\t<\/div>\n\t\t<\/div>\n\t\t\t\t\t\t\t<\/div>\n\t\t<\/section>\n\t\t\t\t\t\t<\/div>\n\t\t\t\t\t<\/div>\n\t\t","protected":false},"excerpt":{"rendered":"<p>RADIO COOPERATIVAComenz\u00f3 el per\u00edodo de matriculas en la educaci\u00f3n superior. Se refiere Paula Manr\u00edquez, vicerrectora de Formaci\u00f3n.\u00a0\u00a0CGTN EN ESPA\u00d1OL (CHINA)Economistas chilenos advierten sobre impactos econ\u00f3micos ante posibles aranceles impuestos por Trump. Se refiere Juan Riquelme, acad\u00e9mico de la Facultad de Econom\u00eda y Negocios\u00a0TELETRECE\u00a0ONLINERanking de universidades: Revisa cu\u00e1les fueron las entidades que recibieron m\u00e1s postulantes. Se &hellip;<\/p>\n<p class=\"read-more\"> <a class=\"\" href=\"https:\/\/www.reportedeprensa.utalca.cl\/?p=11386\"> <span class=\"screen-reader-text\">22 de enero 2025<\/span> Read More &raquo;<\/a><\/p>\n","protected":false},"author":1,"featured_media":0,"comment_status":"closed","ping_status":"open","sticky":false,"template":"","format":"standard","meta":{"_monsterinsights_skip_tracking":false,"_monsterinsights_sitenote_active":false,"_monsterinsights_sitenote_note":"","_monsterinsights_sitenote_category":0},"categories":[56],"tags":[],"_links":{"self":[{"href":"https:\/\/www.reportedeprensa.utalca.cl\/index.php?rest_route=\/wp\/v2\/posts\/11386"}],"collection":[{"href":"https:\/\/www.reportedeprensa.utalca.cl\/index.php?rest_route=\/wp\/v2\/posts"}],"about":[{"href":"https:\/\/www.reportedeprensa.utalca.cl\/index.php?rest_route=\/wp\/v2\/types\/post"}],"author":[{"embeddable":true,"href":"https:\/\/www.reportedeprensa.utalca.cl\/index.php?rest_route=\/wp\/v2\/users\/1"}],"replies":[{"embeddable":true,"href":"https:\/\/www.reportedeprensa.utalca.cl\/index.php?rest_route=%2Fwp%2Fv2%2Fcomments&post=11386"}],"version-history":[{"count":4,"href":"https:\/\/www.reportedeprensa.utalca.cl\/index.php?rest_route=\/wp\/v2\/posts\/11386\/revisions"}],"predecessor-version":[{"id":11390,"href":"https:\/\/www.reportedeprensa.utalca.cl\/index.php?rest_route=\/wp\/v2\/posts\/11386\/revisions\/11390"}],"wp:attachment":[{"href":"https:\/\/www.reportedeprensa.utalca.cl\/index.php?rest_route=%2Fwp%2Fv2%2Fmedia&parent=11386"}],"wp:term":[{"taxonomy":"category","embeddable":true,"href":"https:\/\/www.reportedeprensa.utalca.cl\/index.php?rest_route=%2Fwp%2Fv2%2Fcategories&post=11386"},{"taxonomy":"post_tag","embeddable":true,"href":"https:\/\/www.reportedeprensa.utalca.cl\/index.php?rest_route=%2Fwp%2Fv2%2Ftags&post=11386"}],"curies":[{"name":"wp","href":"https:\/\/api.w.org\/{rel}","templated":true}]}}