{"id":11402,"date":"2025-01-23T15:35:10","date_gmt":"2025-01-23T18:35:10","guid":{"rendered":"https:\/\/www.reportedeprensa.utalca.cl\/?p=11402"},"modified":"2025-01-23T15:39:52","modified_gmt":"2025-01-23T18:39:52","slug":"23-de-enero-2025","status":"publish","type":"post","link":"https:\/\/www.reportedeprensa.utalca.cl\/?p=11402","title":{"rendered":"23 de enero 2025"},"content":{"rendered":"\t\t<div data-elementor-type=\"wp-post\" data-elementor-id=\"11402\" class=\"elementor elementor-11402\" data-elementor-settings=\"[]\">\n\t\t\t\t\t\t\t<div class=\"elementor-section-wrap\">\n\t\t\t\t\t\t\t<section class=\"elementor-section elementor-top-section elementor-element elementor-element-bcea1a8 elementor-section-boxed elementor-section-height-default elementor-section-height-default\" data-id=\"bcea1a8\" data-element_type=\"section\">\n\t\t\t\t\t\t<div class=\"elementor-container elementor-column-gap-default\">\n\t\t\t\t\t<div class=\"elementor-column elementor-col-100 elementor-top-column elementor-element elementor-element-e7183bf\" data-id=\"e7183bf\" data-element_type=\"column\">\n\t\t\t<div class=\"elementor-widget-wrap elementor-element-populated\">\n\t\t\t\t\t\t\t\t<div class=\"elementor-element elementor-element-3087f05 elementor-widget elementor-widget-text-editor\" data-id=\"3087f05\" data-element_type=\"widget\" data-widget_type=\"text-editor.default\">\n\t\t\t\t<div class=\"elementor-widget-container\">\n\t\t\t\t\t\t\t\t<div><b data-olk-copy-source=\"MessageBody\">EL MERCURIO <\/b>\u00a0<br \/><a href=\"https:\/\/www.litoralpress.cl\/paginaconsultas\/Servicios_NClipSitio\/Get_Imagen_Nota.aspx?LPKey=T2SVYR7HMU43WNTIYICF2CZOZWDYJXZHFBBHDSQOR5CGBK2VH5CCM43AZILPM5NUUTLN3XMMTVN3U\">Tomasa: Descubren actividad antitromb\u00f3tica en residuos de la producci\u00f3n de la pasta de tomate. Se refiere Eduardo Fuentes, acad\u00e9mico de la Facultad de Ciencias Agrarias.\u202f\u00a0<\/a><br \/><br \/><\/div><div><b>CANAL TVN<\/b>\u00a0<br \/><a href=\"https:\/\/litoralpress.cl\/sitio\/RadioTV_Detalles.cshtml?LPKey=NONZGSYIEI6F3RBQWFIIXI7TIQOARC3NLULJZU47AVSAA3LYAD7ZAHYUWZRGVCIJUO6XFLOLFJCFE\">Tomas Vip: denuncian nuevas ocupaciones ilegales en Constituci\u00f3n. Se refiere Ruperto Pinochet, acad\u00e9mico de la Facultad de ciencias Jur\u00eddicas y Sociales. \u00a0<\/a><br \/><br \/><\/div><div><b>COOPERATIVA CIENCIA<\/b>\u00a0<br \/><a href=\"https:\/\/www.cooperativaciencia.cl\/salud\/2025\/01\/22\/estudio-logro-mejorar-la-atencion-de-pacientes-con-sintomas-de-depresion\/\">Estudio logr\u00f3 mejorar la atenci\u00f3n de pacientes con s\u00edntomas de depresi\u00f3n. Se refiere Ver\u00f3nica Vitriol, acad\u00e9mica de la Facultad de Medicina.\u00a0<\/a><\/div><div>\u00a0<\/div><div><b>LA TERCERA<\/b>\u00a0<br \/><a href=\"https:\/\/www.litoralpress.cl\/paginaconsultas\/Servicios_NClipSitio\/Get_Imagen_Nota.aspx?LPKey=L7JOIXYH7XGQC6G66PNQ46MRFY434ISJ7B7UUMKU3SP6JEGZZGS5MCQBL3SHRJFPWX2RWL5PIYABO\">Admisi\u00f3n 2025: universidades reportan alzas de m\u00e1s de 100 puntos en \u00faltimos seleccionados y proyectan subida general de puntajes de corte. Se menciona la Universidad de Talca.\u00a0<\/a><br \/><br \/><\/div><div><b>AMBROSIO RADIO<\/b>\u00a0<br \/><a href=\"https:\/\/www.litoralpress.cl\/sitio\/RadioTV_Detalles.cshtml?LPKey=25WDU7J6ZDXBDWS36MCDOCWXQYG5VJKXUKTRFHD7RCNI7THL3X5REL52U4KR3O3ZYDFUELCAU5ZXA\">Entrevista a Carlos Contreras, responsable \u00e1rea Admisi\u00f3n. \u00a0<\/a><br \/><br \/><\/div><div><b>LA SEGUNDA<\/b>\u00a0<br \/><a href=\"https:\/\/www.litoralpress.cl\/paginaconsultas\/Servicios_NClipSitio\/Get_Imagen_Nota.aspx?LPKey=3YWZRMXNBTL75WAK3HUQAB7L477PDQGZ3VYSG6H4BTMUULKUC4V6BZZNJ7KIK7EE67FK6TC7J2M42\">Paso por el gobierno golpea a los rostros &#8220;j\u00f3venes&#8221; del PC. Se refiere Mauricio Morales Quiroga, director del Centro de An\u00e1lisis Pol\u00edtico (CAP-UTalca).\u00a0<\/a><br \/><br \/><\/div><div><b>RADIO INFINITA<\/b>\u00a0<br \/><a href=\"https:\/\/www.litoralpress.cl\/sitio\/RadioTV_Detalles.cshtml?LPKey=LSHV37OW7AS5ZKOAB7W47QOTXZU67TRXYG3JDXQRS2V7RHHYDGFZDH2DTQ42LLRUY43GOZ6ZM2D7S\">Comentario de pol\u00edtica de Mauricio Morales Quiroga, director del Centro de An\u00e1lisis Pol\u00edtico (CAP-UTalca).\u00a0<\/a><br \/><br \/><\/div><div><b>CANAL CHILEVISI\u00d3N<\/b>\u00a0<br \/><a href=\"https:\/\/www.litoralpress.cl\/sitio\/RadioTV_Detalles.cshtml?LPKey=JMI3L462KNGIQ6BISCAAES3HXLKCGZW6UGMLXABFW7YYRC5OAAKMP3GUX3DEONWFGWV4E5OAI4AB2\">Frente Amplio resuelve futuro de la diputada Maite Orsini. Se refiere Mauricio Morales Quiroga, director del Centro de An\u00e1lisis Pol\u00edtico (CAP-UTalca).\u00a0<\/a><br \/><br \/><\/div><div><b>CANAL CHILEVISI\u00d3N<\/b>\u00a0<br \/><a href=\"https:\/\/www.litoralpress.cl\/sitio\/RadioTV_Detalles.cshtml?LPKey=JMI3L462KNGIQ6BISCAAES3HXLKCGZW6UGMLXABFW7YYRC5OAAKMP3GUX3DEONWFGWV4E5OAI4AB2\">Frente Amplio resuelve futuro de la diputada Maite Orsini. Se refiere Mauricio Morales Quiroga, director del Centro de An\u00e1lisis Pol\u00edtico (CAP-UTalca).\u00a0<\/a><br \/><br \/><\/div><div><b>EL HERALDO<\/b>\u00a0<br \/><a href=\"https:\/\/www.litoralpress.cl\/paginaconsultas\/Servicios_NClipSitio\/Get_Imagen_Nota.aspx?LPKey=PIOQFYEKEIVPXTHGBDDKNFC4FQVOL7N75E6RO2VN2HARF22HCRWNRMHDCFHDPPPSIDKKPFQIUBOXW\">Elecciones en 2025: Cu\u00e1les son los procesos de votaci\u00f3n que se vienen y sus caracter\u00edsticas. Se refiere Mario Herrera Mu\u00f1oz, acad\u00e9mico del Centro de An\u00e1lisis Pol\u00edtico (CAP-UTalca).\u00a0<\/a><br \/><br \/><\/div><div><b>EL LECTOR<\/b>\u00a0<br \/><a href=\"https:\/\/www.litoralpress.cl\/paginaconsultas\/Servicios_NClipSitio\/Get_Imagen_Nota.aspx?LPKey=AFHI4IM74EWM5Y6FYHPC53PWVQWAQ2LL5ZDAMY6J7G3YKPQEEYFW4YQIETK4W56WQICKIILUQY5LI\">Elecciones en 2025: Cu\u00e1les son los procesos de votaci\u00f3n que se vienen y sus caracter\u00edsticas. Se refiere Mario Herrera Mu\u00f1oz, acad\u00e9mico del Centro de An\u00e1lisis Pol\u00edtico (CAP-UTalca).\u00a0<\/a><br \/><br \/><\/div><div><b>MEDIABANCO<\/b>\u00a0<br \/><a href=\"https:\/\/www.mediabanco.com\/elecciones-en-2025-cuales-son-los-procesos-de-votacion-que-se-vienen-y-sus-caracteristicas\/\">Elecciones en 2025: Cu\u00e1les son los procesos de votaci\u00f3n que se vienen y sus caracter\u00edsticas. Se refiere Mario Herrera Mu\u00f1oz, acad\u00e9mico del Centro de An\u00e1lisis Pol\u00edtico (CAP-UTalca).\u00a0<\/a><br \/><br \/><\/div><div><b>LA RAZ\u00d3N<\/b>\u00a0<br \/><a href=\"https:\/\/www.larazon.cl\/2025\/01\/22\/elecciones-en-2025-cuales-son-los-procesos-de-votacion-que-se-vienen-y-sus-caracteristicas\/\">Elecciones en 2025: cu\u00e1les son los procesos de votaci\u00f3n que se vienen y sus caracter\u00edsticas. Se refiere Mario Herrera Mu\u00f1oz, acad\u00e9mico del Centro de An\u00e1lisis Pol\u00edtico (CAP-UTalca).\u00a0<\/a><br \/><br \/><\/div><div><b>LA NOTICIA<\/b>\u00a0<br \/><a href=\"https:\/\/lanoticia.cl\/elecciones-en-2025-cuales-son-los-procesos-de-votacion-que-se-vienen-y-sus-caracteristicas\/\">Elecciones en 2025: cu\u00e1les son los procesos de votaci\u00f3n que se vienen y sus caracter\u00edsticas. Se refiere Mario Herrera Mu\u00f1oz, acad\u00e9mico del Centro de An\u00e1lisis Pol\u00edtico (CAP-UTalca).\u00a0<\/a><br \/><br \/><\/div><div><b>DIARIO EL CENTRO<\/b>\u00a0<br \/><a href=\"https:\/\/www.diarioelcentro.cl\/2025\/01\/22\/la-corte-suprema-definio-quina-en-proceso-de-designacion-de-nuevo-integrante-externo-del-maximo-tribunal\/\">La Corte Suprema defini\u00f3 quina en proceso de designaci\u00f3n de nuevo integrante externo del m\u00e1ximo tribunal. Se refiere Diego Palomo, acad\u00e9mico de la Facultad de Ciencias Jur\u00eddicas y Sociales.\u00a0<\/a><br \/><br \/><\/div><div><b>LA TERCERA ONLINE<\/b>\u00a0<br \/><a href=\"https:\/\/www.latercera.com\/opinion\/noticia\/designacion-de-ministro-externo-de-la-corte-suprema\/UFD5RHTKHJHCTGTCIWOGWWOWJU\/\">Designaci\u00f3n de ministro externo de la Corte Suprema. Se refiere Diego Palomo, acad\u00e9mico de la Facultad de Ciencias Jur\u00eddicas y Sociales.\u00a0<\/a><br \/><br \/><\/div><div><b>INOTICIAS<\/b>\u00a0<br \/><a href=\"https:\/\/www.inoticias.cl\/index.php\/designacion-de-ministro-externo-de-la-corte-suprem\">Designaci\u00f3n de ministro externo de la Corte Suprema. Se refiere Diego Palomo, acad\u00e9mico de la Facultad de Ciencias Jur\u00eddicas y Sociales.\u00a0<\/a><br \/><br \/><\/div><div><b>AD PRENSA<\/b>\u00a0<br \/><a href=\"https:\/\/www.adprensa.cl\/cronica\/donde-debemos-guardar-el-cepillo-de-dientes\/\">\u00bfD\u00f3nde debemos guardar el cepillo de dientes? Se refiere Cecilia Mu\u00f1oz Sandoval, acad\u00e9mica del Departamento de Rehabilitaci\u00f3n Bucomaxilofacial.\u00a0<\/a><br \/>\u00a0<\/div><div><b>RADIO CRISTALINA<\/b>\u00a0<br \/><a href=\"https:\/\/radiocristalina.cl\/donde-debemos-guardar-el-cepillo-de-dientes-para-proteger-la-salud-y-evitar-infecciones\/\">\u00bfD\u00f3nde debemos guardar el cepillo de dientes? Para proteger la salud y evitar infecciones. Se refiere Cecilia Mu\u00f1oz Sandoval, acad\u00e9mica del Departamento de Rehabilitaci\u00f3n Bucomaxilofacial.\u00a0<\/a><br \/><br \/><\/div><div><b>EL LECTOR<\/b>\u00a0<br \/><a href=\"https:\/\/www.litoralpress.cl\/paginaconsultas\/Servicios_NClipSitio\/Get_Imagen_Nota.aspx?LPKey=XYFVXJXP2PXNG2QZTM4AJO4XGZM27L72LJUCAJKYJQ4KTDJXFDYQS4YHKOSX55XCX6NEYGBJPG6UA\">\u00bfC\u00f3mo almacenar correctamente los medicamentos frente a las olas de calor? Se refiere Omar Fuentes, acad\u00e9mico de la Escuela de Enfermer\u00eda.\u00a0<\/a><br \/><br \/><\/div><div><b>PUNTO LONTU\u00c9<\/b>\u00a0<br \/><a href=\"https:\/\/puntolontue.cl\/?p=16092\">\u00bfC\u00f3mo almacenar correctamente los medicamentos frente a las olas de calor? Se refiere Omar Fuentes, acad\u00e9mico de la Escuela de Enfermer\u00eda.\u00a0<\/a><br \/><br \/><\/div><div><b>RADIO COOPERATIVA<\/b>\u00a0<br \/><a href=\"https:\/\/www.litoralpress.cl\/sitio\/RadioTV_Detalles.cshtml?LPKey=VUF4NN7SL2U7LGXBCWVZZDLEDWWN6J36LMTXTH3LYQG3VVAFTWGUGKFHJXCN2BAO2KSK5VLPGAWOO\">Comenz\u00f3 el per\u00edodo de matr\u00edculas en la educaci\u00f3n superior y las postulaciones fueron lideradas por la Universidad de Chile. Se refiere Paula Manr\u00edquez, vicerrectora de Formaci\u00f3n.\u00a0<\/a><br \/><br \/><\/div><div><b>TALCA CAPITAL<\/b>\u00a0<br \/><a href=\"https:\/\/talcacapital.cl\/mas-de-1-900-estudiantes-de-la-utalca-han-realizado-movilidad-internacional\/\">M\u00e1s de 1.900 estudiantes de la UTalca han realizado movilidad internacional. Se refiere Mar\u00eda Elisa Quinteros C\u00e1ceres, directora de Relaciones Internacionales y Ricardo Valderrama, director Escuela de Pedagog\u00edas en Ingl\u00e9s\u00a0<\/a><br \/><br \/><\/div><div><b>LAS \u00daLTIMAS NOTICIAS<\/b>\u00a0<br \/><a href=\"https:\/\/www.litoralpress.cl\/paginaconsultas\/Servicios_NClipSitio\/Get_Imagen_Nota.aspx?LPKey=FEVXAS6FB7C3P67NYBXWI6TKMR7A4HWVQU46VQ3END7P2GR5ZMWPJ72VUNKWMLUGYAWF5IPSC4Y3S\">Este joven ponder\u00f3 el puntaje m\u00e1s alto de Chile para entrar a Derecho. Se menciona la Universidad de Talca.\u00a0<\/a><br \/><br \/><\/div><div><b>LA PRENSA DE CURIC\u00d3<\/b>\u00a0<br \/><a href=\"https:\/\/www.litoralpress.cl\/paginaconsultas\/Servicios_NClipSitio\/Get_Imagen_Nota.aspx?LPKey=ZDKULF6GBNPKW47AWPBHOHDB2UMCQCOP3TY4XST6GJB3IFBROOT7JDM2P73SB4ZVFBFWYMRP6PIGO\">Sucede. Se menciona la Universidad de Talca.\u00a0<\/a><br \/><br \/><\/div><div><b>ADN RADIO<\/b>\u00a0<br \/><a href=\"https:\/\/www.adnradio.cl\/2025\/01\/22\/admision-2025-en-chile-esta-fue-la-universidad-estatal-con-mas-postulaciones-en-regiones\/\">Admisi\u00f3n 2025 en Chile: esta fue la universidad estatal con m\u00e1s postulaciones en regiones. Se menciona la Universidad de Talca.\u00a0<\/a><br \/><br \/><\/div><div><b>MSN CHILE<\/b>\u00a0<br \/><a href=\"https:\/\/www.msn.com\/es-cl\/noticias\/other\/admisi%C3%B3n-2025-en-chile-esta-fue-la-universidad-estatal-con-m%C3%A1s-postulaciones-en-regiones\/ar-AA1xFKIz\">Admisi\u00f3n 2025 en Chile: esta fue la universidad estatal con m\u00e1s postulaciones en regiones. Se menciona la Universidad de Talca.\u00a0<\/a><br \/><br \/><\/div><div><b>LA TECERA ONLINE<\/b>\u00a0<br \/><a href=\"https:\/\/www.latercera.com\/nacional\/noticia\/admision-2025-universidades-reportan-alzas-de-mas-de-100-puntos-en-ultimos-seleccionados-y-proyectan-subida-general-de-puntajes-de-corte\/E4CVGA4SHBGKRJVNPURXLIQW6U\/\">Admisi\u00f3n 2025: universidades reportan alzas de m\u00e1s de 100 puntos en \u00faltimos seleccionados y proyectan subida general de puntajes de corte. Se menciona la Universidad de Talca.\u00a0<\/a><br \/><br \/><\/div><div><b>INOTICIAS<\/b>\u00a0<br \/><a href=\"https:\/\/www.inoticias.cl\/index.php\/admision-2025--universidades-reportan-alzas-de-mas\">Admisi\u00f3n 2025: universidades reportan alzas de m\u00e1s de 100 puntos en \u00faltimos seleccionados y proyectan subida general de puntajes de corte. Se menciona la Universidad de Talca.\u00a0<\/a><br \/><br \/><\/div><div aria-hidden=\"true\">\u00a0<\/div>\t\t\t\t\t\t<\/div>\n\t\t\t\t<\/div>\n\t\t\t\t\t<\/div>\n\t\t<\/div>\n\t\t\t\t\t\t\t<\/div>\n\t\t<\/section>\n\t\t\t\t\t\t<\/div>\n\t\t\t\t\t<\/div>\n\t\t","protected":false},"excerpt":{"rendered":"<p>EL MERCURIO \u00a0Tomasa: Descubren actividad antitromb\u00f3tica en residuos de la producci\u00f3n de la pasta de tomate. Se refiere Eduardo Fuentes, acad\u00e9mico de la Facultad de Ciencias Agrarias.\u202f\u00a0 CANAL TVN\u00a0Tomas Vip: denuncian nuevas ocupaciones ilegales en Constituci\u00f3n. Se refiere Ruperto Pinochet, acad\u00e9mico de la Facultad de ciencias Jur\u00eddicas y Sociales. \u00a0 COOPERATIVA CIENCIA\u00a0Estudio logr\u00f3 mejorar la &hellip;<\/p>\n<p class=\"read-more\"> <a class=\"\" href=\"https:\/\/www.reportedeprensa.utalca.cl\/?p=11402\"> <span class=\"screen-reader-text\">23 de enero 2025<\/span> Read More &raquo;<\/a><\/p>\n","protected":false},"author":1,"featured_media":0,"comment_status":"closed","ping_status":"open","sticky":false,"template":"","format":"standard","meta":{"_monsterinsights_skip_tracking":false,"_monsterinsights_sitenote_active":false,"_monsterinsights_sitenote_note":"","_monsterinsights_sitenote_category":0},"categories":[56],"tags":[],"_links":{"self":[{"href":"https:\/\/www.reportedeprensa.utalca.cl\/index.php?rest_route=\/wp\/v2\/posts\/11402"}],"collection":[{"href":"https:\/\/www.reportedeprensa.utalca.cl\/index.php?rest_route=\/wp\/v2\/posts"}],"about":[{"href":"https:\/\/www.reportedeprensa.utalca.cl\/index.php?rest_route=\/wp\/v2\/types\/post"}],"author":[{"embeddable":true,"href":"https:\/\/www.reportedeprensa.utalca.cl\/index.php?rest_route=\/wp\/v2\/users\/1"}],"replies":[{"embeddable":true,"href":"https:\/\/www.reportedeprensa.utalca.cl\/index.php?rest_route=%2Fwp%2Fv2%2Fcomments&post=11402"}],"version-history":[{"count":4,"href":"https:\/\/www.reportedeprensa.utalca.cl\/index.php?rest_route=\/wp\/v2\/posts\/11402\/revisions"}],"predecessor-version":[{"id":11406,"href":"https:\/\/www.reportedeprensa.utalca.cl\/index.php?rest_route=\/wp\/v2\/posts\/11402\/revisions\/11406"}],"wp:attachment":[{"href":"https:\/\/www.reportedeprensa.utalca.cl\/index.php?rest_route=%2Fwp%2Fv2%2Fmedia&parent=11402"}],"wp:term":[{"taxonomy":"category","embeddable":true,"href":"https:\/\/www.reportedeprensa.utalca.cl\/index.php?rest_route=%2Fwp%2Fv2%2Fcategories&post=11402"},{"taxonomy":"post_tag","embeddable":true,"href":"https:\/\/www.reportedeprensa.utalca.cl\/index.php?rest_route=%2Fwp%2Fv2%2Ftags&post=11402"}],"curies":[{"name":"wp","href":"https:\/\/api.w.org\/{rel}","templated":true}]}}