{"id":11410,"date":"2025-01-24T11:02:16","date_gmt":"2025-01-24T14:02:16","guid":{"rendered":"https:\/\/www.reportedeprensa.utalca.cl\/?p=11410"},"modified":"2025-01-24T11:06:40","modified_gmt":"2025-01-24T14:06:40","slug":"24-de-enero-2025","status":"publish","type":"post","link":"https:\/\/www.reportedeprensa.utalca.cl\/?p=11410","title":{"rendered":"24 de enero 2025"},"content":{"rendered":"\t\t<div data-elementor-type=\"wp-post\" data-elementor-id=\"11410\" class=\"elementor elementor-11410\" data-elementor-settings=\"[]\">\n\t\t\t\t\t\t\t<div class=\"elementor-section-wrap\">\n\t\t\t\t\t\t\t<section class=\"elementor-section elementor-top-section elementor-element elementor-element-bcea1a8 elementor-section-boxed elementor-section-height-default elementor-section-height-default\" data-id=\"bcea1a8\" data-element_type=\"section\">\n\t\t\t\t\t\t<div class=\"elementor-container elementor-column-gap-default\">\n\t\t\t\t\t<div class=\"elementor-column elementor-col-100 elementor-top-column elementor-element elementor-element-e7183bf\" data-id=\"e7183bf\" data-element_type=\"column\">\n\t\t\t<div class=\"elementor-widget-wrap elementor-element-populated\">\n\t\t\t\t\t\t\t\t<div class=\"elementor-element elementor-element-3087f05 elementor-widget elementor-widget-text-editor\" data-id=\"3087f05\" data-element_type=\"widget\" data-widget_type=\"text-editor.default\">\n\t\t\t\t<div class=\"elementor-widget-container\">\n\t\t\t\t\t\t\t\t<div><b data-olk-copy-source=\"MessageBody\">LA TERCERA\u00a0<br \/><\/b><a href=\"https:\/\/www.litoralpress.cl\/paginaconsultas\/Servicios_NClipSitio\/Get_Imagen_Nota.aspx?LPKey=FWKPEIQGKNEVTXY2L7Z6WYKQQAIECV6NS52LCBT737PGSKWXEIZLF77INM7OIP5ZBCM4MMC2WLKCC\">Admisi\u00f3n 2025: universidades reportan alzas de m\u00e1s de 100 puntos en \u00faltimos seleccionados y proyectan subida general de puntajes de corte. Se refiere Paola Morales, directora Ciclo de Vida Estudiantil (CIVE).\u00a0<\/a><\/div><div>\u00a0<\/div><div><b>RADIO COOPERATIVA\u00a0<br \/><\/b><a href=\"https:\/\/www.litoralpress.cl\/sitio\/RadioTV_Detalles.cshtml?LPKey=VUF4NN7SL2U7LGXBCWVZZDLEDWWN6J36LMTXTH3LYQG3VVAFTWGUGKFHJXCN2BAO2KSK5VLPGAWOO\">Comenz\u00f3 el per\u00edodo de matr\u00edculas en la educaci\u00f3n superior. Se refiere Paula Manr\u00edquez, vicerrectora de Formaci\u00f3n.\u00a0<\/a><\/div><div><b>\u00a0<\/b><\/div><div><b>EL MERCURIO \u00a0<br \/><\/b><a href=\"https:\/\/www.litoralpress.cl\/paginaconsultas\/Servicios_NClipSitio\/Get_Imagen_Nota.aspx?LPKey=T2SVYR7HMU43WNTIYICF2CZOZWDYJXZHFBBHDSQOR5CGBK2VH5CCM43AZILPM5NUUTLN3XMMTVN3U\">Tomasa: Descubren actividad antitromb\u00f3tica en residuos de la producci\u00f3n de la pasta de tomate. Se refiere Eduardo Fuentes, acad\u00e9mico de la Facultad de Ciencias Agrarias.\u202f\u00a0<\/a><\/div><div>\u00a0<\/div><div><b>COOPERATIVA CIENCIA\u00a0<br \/><\/b><a href=\"https:\/\/www.cooperativaciencia.cl\/salud\/2025\/01\/22\/estudio-logro-mejorar-la-atencion-de-pacientes-con-sintomas-de-depresion\/\">Estudio logr\u00f3 mejorar la atenci\u00f3n de pacientes con s\u00edntomas de depresi\u00f3n. Se refiere Ver\u00f3nica Vitriol, acad\u00e9mica de la Facultad de Medicina.\u00a0<\/a><\/div><div><b>\u00a0<\/b><\/div><div><b>CANAL TVN\u00a0<br \/><\/b><a href=\"https:\/\/litoralpress.cl\/sitio\/RadioTV_Detalles.cshtml?LPKey=NONZGSYIEI6F3RBQWFIIXI7TIQOARC3NLULJZU47AVSAA3LYAD7ZAHYUWZRGVCIJUO6XFLOLFJCFE\">Tomas Vip: denuncian nuevas ocupaciones ilegales en Constituci\u00f3n. Se refiere Ruperto Pinochet, acad\u00e9mico de la Facultad de ciencias Jur\u00eddicas y Sociales. \u00a0<\/a><\/div><div><b>\u00a0<\/b><\/div><div><b>LA TERCERA ONLINE\u00a0<br \/><\/b><a href=\"https:\/\/www.latercera.com\/opinion\/noticia\/designacion-de-ministro-externo-de-la-corte-suprema\/UFD5RHTKHJHCTGTCIWOGWWOWJU\/\">Designaci\u00f3n de ministro externo de la Corte Suprema. Se refiere Diego Palomo, acad\u00e9mico de la Facultad de Ciencias Jur\u00eddicas y Sociales.\u00a0<\/a><b><br \/><\/b><b><u><a id=\"OWAe5ab1613-2164-f3d8-bc08-6d43bfc4dd79\" class=\"x_x_Hyperlink x_x_SCXW134390498 x_x_BCX0 x_x_OWAAutoLink\" title=\"https:\/\/www.latercera.com\/opinion\/noticia\/designacion-de-ministro-externo-de-la-corte-suprema\/UFD5RHTKHJHCTGTCIWOGWWOWJU\/\" href=\"https:\/\/www.latercera.com\/opinion\/noticia\/designacion-de-ministro-externo-de-la-corte-suprema\/UFD5RHTKHJHCTGTCIWOGWWOWJU\/\" target=\"_blank\" rel=\"noopener noreferrer\" data-auth=\"NotApplicable\" data-linkindex=\"5\"><\/a><\/u><\/b><b><\/b><\/div><div>\u00a0<\/div><div><b>EL HERALDO<\/b>\u00a0<br \/><a href=\"https:\/\/www.litoralpress.cl\/sitio\/Prensa_Detalles.cshtml?LPKey=M32ZY2OSNX5BEL4YNODKZXTTX2OJOAEFXF37SWDFWMOY2L2TI72A\">Creador del concepto de zonas azules comparte claves para vivir m\u00e1s y mejor. Se refiere Iv\u00e1n Palomo, director del Centro Interuniversitario de Envejecimiento Saludable (CIES).\u00a0<\/a><br \/><br \/><\/div><div><b>EL LECTOR<\/b>\u00a0<br \/><a href=\"https:\/\/tucasaturadio.cl\/creador-del-concepto-de-zonas-azules-comparte-claves-para-vivir-mas-y-mejor\/\">Creador del concepto de zonas azules comparte claves para vivir m\u00e1s y mejor. Se refiere Iv\u00e1n Palomo, director del Centro Interuniversitario de Envejecimiento Saludable (CIES).\u00a0<\/a><\/div><div>\u00a0<\/div><div><b>TU CASA TU RADIO<\/b>\u00a0<br \/><a href=\"https:\/\/tucasaturadio.cl\/creador-del-concepto-de-zonas-azules-comparte-claves-para-vivir-mas-y-mejor\/\">Creador del concepto de zonas azules comparte claves para vivir m\u00e1s y mejor. Se refiere Iv\u00e1n Palomo, director del Centro Interuniversitario de Envejecimiento Saludable (CIES).\u00a0<\/a><br \/><br \/><\/div><div><b>S\u00c9PTIMA REGI\u00d3N NOTICIAS<\/b>\u00a0<br \/><a href=\"https:\/\/www.septimapaginanoticias.cl\/creador-del-concepto-de-zonas-azules-comparte-claves-para-vivir-mas-y-mejor\">Creador del concepto de zonas azules comparte claves para vivir m\u00e1s y mejor. Se refiere Iv\u00e1n Palomo, director del Centro Interuniversitario de Envejecimiento Saludable (CIES).\u00a0<\/a><br \/><br \/><\/div><div><b>TV5<\/b>\u00a0<br \/><a href=\"https:\/\/www.tv5.cl\/categoria\/local\/experto-longevidad-comparte-claves-vida-plena\">Experto en longevidad comparte claves para una vida plena. Se refiere Iv\u00e1n Palomo, director del Centro Interuniversitario de Envejecimiento Saludable (CIES).\u00a0<\/a><br \/><br \/><\/div><div><b>RADIO ANCOA<\/b>\u00a0<br \/><a href=\"https:\/\/www.radioancoa.cl\/categoria\/regional\/experto-longevidad-comparte-claves-vida-plena\">Experto en longevidad comparte claves para una vida plena. Se refiere Iv\u00e1n Palomo, director del Centro Interuniversitario de Envejecimiento Saludable (CIES).\u00a0<\/a><br \/><br \/><\/div><div><b>MEDIABANCO\u00a0<br \/><\/b><a href=\"https:\/\/www.mediabanco.com\/creador-del-concepto-de-zonas-azules-comparte-claves-para-vivir-mas-y-mejor\/\">Creador del concepto de zonas azules comparte claves para vivir m\u00e1s y mejor. Se refiere Iv\u00e1n Palomo, director del Centro Interuniversitario de Envejecimiento Saludable (CIES).\u00a0<\/a><b><br \/><\/b><\/div><div>\u00a0<\/div><div><b>DIARIO EL HERALDO<\/b>\u00a0<br \/><a href=\"https:\/\/www.diarioelheraldo.cl\/noticia\/creador-del-concepto-de-zonas-azulescomparte-claves-para-vivir-mas-y-mejor\">Creador del concepto de zonas azulescomparte claves para vivir m\u00e1s y mejor. Se refiere Iv\u00e1n Palomo, director del Centro Interuniversitario de Envejecimiento Saludable (CIES).\u00a0<\/a><\/div><div aria-hidden=\"true\">\u00a0<\/div><div><b>LA RAZ\u00d3N\u00a0<br \/><\/b><a href=\"https:\/\/www.larazon.cl\/2025\/01\/22\/elecciones-en-2025-cuales-son-los-procesos-de-votacion-que-se-vienen-y-sus-caracteristicas\">Elecciones en 2025: cu\u00e1les son los procesos de votaci\u00f3n que se vienen y sus caracter\u00edsticas. Se refiere Mario Herrera Mu\u00f1oz, acad\u00e9mico del Centro de An\u00e1lisis Pol\u00edtico (CAP-UTalca).\u00a0<\/a><b><br \/><\/b><\/div><div>\u00a0<\/div><div><b>EL HERALDO\u00a0<br \/><\/b><a href=\"https:\/\/www.litoralpress.cl\/paginaconsultas\/Servicios_NClipSitio\/Get_Imagen_Nota.aspx?LPKey=PIOQFYEKEIVPXTHGBDDKNFC4FQVOL7N75E6RO2VN2HARF22HCRWNRMHDCFHDPPPSIDKKPFQIUBOXW\">Elecciones en 2025: Cu\u00e1les son los procesos de votaci\u00f3n que se vienen y sus caracter\u00edsticas. Se refiere Mario Herrera Mu\u00f1oz, acad\u00e9mico del Centro de an\u00e1lisis Pol\u00edtico (CAP-UTalca)\u00a0<\/a><\/div><div>\u00a0<\/div><div><b>EL LECTOR<\/b>\u00a0<br \/><a href=\"https:\/\/www.litoralpress.cl\/paginaconsultas\/Servicios_NClipSitio\/Get_Imagen_Nota.aspx?LPKey=AFHI4IM74EWM5Y6FYHPC53PWVQWAQ2LL5ZDAMY6J7G3YKPQEEYFW4YQIETK4W56WQICKIILUQY5LI\">Elecciones en 2025: Cu\u00e1les son los procesos de votaci\u00f3n que se vienen y sus caracter\u00edsticas. Se refiere Mario Herrera Mu\u00f1oz, acad\u00e9mico del Centro de an\u00e1lisis Pol\u00edtico (CAP-UTalca)\u00a0<\/a><\/div><div><b>\u00a0<\/b><\/div><div><b>CANAL CHILEVISI\u00d3N<\/b>\u00a0<br \/><a href=\"https:\/\/www.litoralpress.cl\/sitio\/RadioTV_Detalles.cshtml?LPKey=IDZGTEXQCJ4AKRPUFUYAUQMGALVSKQZNUAXGJ7LRJ6RGREE3B254CT72FMJ24E3AA6JX5ZRDUKIF2\">Johannes Kaiser logra constituir su partido.\u00a0 Se refiere Mauricio Morales Quiroga, director del Centro de An\u00e1lisis Pol\u00edtico (CAP-UTalca).\u00a0<\/a><br \/><br \/><\/div><div><b>DIARIO EL HERALDO<\/b>\u00a0<br \/><a href=\"https:\/\/www.diarioelheraldo.cl\/noticia\/elecciones-en-2025-cuales-son-los-procesos-de-votacion-que-se-vienen-y-sus-caracteristicas\">Elecciones en 2025: Cu\u00e1les son los procesos de votaci\u00f3n que se vienen y sus caracter\u00edsticas. Se refiere Mario Herrera Mu\u00f1oz, acad\u00e9mico del Centro de an\u00e1lisis Pol\u00edtico (CAP-UTalca)\u00a0<\/a><br \/><br \/><\/div><div><b>PUBLIMICRO<\/b>\u00a0<br \/><a href=\"https:\/\/publimicro.cl\/elecciones-en-2025-cuales-son-los-procesos-de-votacion-que-se-vienen-y-sus-caracteristicas-segun-la-vision-de-experto-de-la-universidad-de-talca\/\">Elecciones en 2025: Cu\u00e1les son los procesos de votaci\u00f3n que se vienen y sus caracter\u00edsticas, seg\u00fan la visi\u00f3n de experto de la Universidad de Talca. Se refiere Mario Herrera Mu\u00f1oz, acad\u00e9mico del Centro de an\u00e1lisis Pol\u00edtico (CAP-UTalca)\u00a0<\/a><br \/><br \/><\/div><div><b>RADIO CRISTALINA<\/b>\u00a0<br \/><a href=\"https:\/\/radiocristalina.cl\/elecciones-en-2025-cuales-son-los-procesos-de-votacion-que-se-vienen-y-sus-caracteristicas\/\">Elecciones en 2025: Cu\u00e1les son los procesos de votaci\u00f3n que se vienen y sus caracter\u00edsticas. Se refiere Mario Herrera Mu\u00f1oz, acad\u00e9mico del Centro de an\u00e1lisis Pol\u00edtico (CAP-UTalca)\u00a0<\/a><br \/><br \/><\/div><div><b>RADIO LAUTARO<\/b>\u00a0<br \/><a href=\"https:\/\/radiolautarotalca.cl\/elecciones-en-2025-cuales-son-los-procesos-de-votacion-que-se-vienen\/\">Elecciones en 2025: Cu\u00e1les son los procesos de votaci\u00f3n que se vienen. Se refiere Mario Herrera Mu\u00f1oz, acad\u00e9mico del Centro de an\u00e1lisis Pol\u00edtico (CAP-UTalca)\u00a0<\/a><br \/><br \/><\/div><div><b>AD PRENSA<\/b>\u00a0<br \/><a href=\"https:\/\/www.adprensa.cl\/cronica\/elecciones-en-2025-cuales-son-los-procesos-de-votacion-que-se-vienen-y-sus-caracteristicas\/\">Elecciones en 2025: Cu\u00e1les son los procesos de votaci\u00f3n que se vienen y sus caracter\u00edsticas. Se refiere Mario Herrera Mu\u00f1oz, acad\u00e9mico del Centro de an\u00e1lisis Pol\u00edtico (CAP-UTalca)\u00a0<\/a><\/div><div><b>\u00a0<\/b><\/div><div><b>EL MAULE INFORMA\u00a0<br \/><\/b><a href=\"https:\/\/elmauleinforma.cl\/donde-debemos-guardar-el-cepillo-de-dientes\/\">\u00bfD\u00f3nde debemos guardar el cepillo de dientes? Se refiere Cecilia Mu\u00f1oz Sandoval, acad\u00e9mica del Departamento de Rehabilitaci\u00f3n Bucomaxilofacial.\u00a0<\/a><b><br \/><\/b><\/div><div><b>UNIVERSIDAD DE CHILE<\/b>\u00a0<br \/><a href=\"https:\/\/quimica.uchile.cl\/noticias\/225235\/academicas-lideran-ix-simposio-chileno-en-electroquimica-sielec\">Acad\u00e9micas de la Facultad lideran IX Simposio Chileno en Electroqu\u00edmica (Sielec). Se menciona la Universidad de Talca.\u00a0<\/a><br \/><br \/><\/div><div><b>ENTREPRENERD\u00a0<br \/><\/b><a href=\"https:\/\/www.entnerd.com\/enoturismo-chileno-rompe-records-en-2024-con-219-vinas-abiertas-al-turismo\/\">Enoturismo<\/a><a href=\"https:\/\/www.entnerd.com\/enoturismo-chileno-rompe-records-en-2024-con-219-vinas-abiertas-al-turismo\/\"> chileno rompe r\u00e9cords en 2024 con 219 vi\u00f1as abiertas al turismo. Se menciona la Universidad de Talca.\u00a0<\/a><b><br \/><\/b><\/div><div>\u00a0<\/div><div><b>RADIO COOPERATIVA<\/b>\u00a0<br \/><a href=\"https:\/\/www.cooperativa.cl\/noticias\/pais\/trabajo\/denuncias\/ley-karin-cut-pide-hincapie-al-gobierno-para-erradicar-la-violencia\/2025-01-23\/144946.html\">Ley Karin: CUT pide &#8220;hincapi\u00e9&#8221; al Gobierno para erradicar la violencia laboral. Se menciona la Universidad de Talca.\u00a0<\/a><br \/><br \/><\/div><div><b>LAS \u00daLTIMAS NOTICIAS<\/b>\u00a0<br \/><a href=\"https:\/\/www.litoralpress.cl\/paginaconsultas\/Servicios_NClipSitio\/Get_Imagen_Nota.aspx?LPKey=FEVXAS6FB7C3P67NYBXWI6TKMR7A4HWVQU46VQ3END7P2GR5ZMWPJ72VUNKWMLUGYAWF5IPSC4Y3S\">Este joven ponder\u00f3 el puntaje m\u00e1s alto de Chile para entrar a Derecho. Se menciona la Universidad de Talca.\u00a0<\/a><br \/><br \/><\/div><div><b>LA PRENSA DE CURIC\u00d3<\/b>\u00a0<br \/><a href=\"https:\/\/www.litoralpress.cl\/paginaconsultas\/Servicios_NClipSitio\/Get_Imagen_Nota.aspx?LPKey=ILIEGJPBZEHS4LGPH5F6UVHT6OCJTARKRHDPPMDQ5JND5KNC25VNJK5JKPJPV7RJSEOFWG3E5WDOY\">Sucede. Se menciona la Universidad de Talca.\u00a0<\/a><br \/><br \/><\/div>\t\t\t\t\t\t<\/div>\n\t\t\t\t<\/div>\n\t\t\t\t\t<\/div>\n\t\t<\/div>\n\t\t\t\t\t\t\t<\/div>\n\t\t<\/section>\n\t\t\t\t\t\t<\/div>\n\t\t\t\t\t<\/div>\n\t\t","protected":false},"excerpt":{"rendered":"<p>LA TERCERA\u00a0Admisi\u00f3n 2025: universidades reportan alzas de m\u00e1s de 100 puntos en \u00faltimos seleccionados y proyectan subida general de puntajes de corte. Se refiere Paola Morales, directora Ciclo de Vida Estudiantil (CIVE).\u00a0\u00a0RADIO COOPERATIVA\u00a0Comenz\u00f3 el per\u00edodo de matr\u00edculas en la educaci\u00f3n superior. Se refiere Paula Manr\u00edquez, vicerrectora de Formaci\u00f3n.\u00a0\u00a0EL MERCURIO \u00a0Tomasa: Descubren actividad antitromb\u00f3tica en residuos &hellip;<\/p>\n<p class=\"read-more\"> <a class=\"\" href=\"https:\/\/www.reportedeprensa.utalca.cl\/?p=11410\"> <span class=\"screen-reader-text\">24 de enero 2025<\/span> Read More &raquo;<\/a><\/p>\n","protected":false},"author":1,"featured_media":0,"comment_status":"closed","ping_status":"open","sticky":false,"template":"","format":"standard","meta":{"_monsterinsights_skip_tracking":false,"_monsterinsights_sitenote_active":false,"_monsterinsights_sitenote_note":"","_monsterinsights_sitenote_category":0},"categories":[56],"tags":[],"_links":{"self":[{"href":"https:\/\/www.reportedeprensa.utalca.cl\/index.php?rest_route=\/wp\/v2\/posts\/11410"}],"collection":[{"href":"https:\/\/www.reportedeprensa.utalca.cl\/index.php?rest_route=\/wp\/v2\/posts"}],"about":[{"href":"https:\/\/www.reportedeprensa.utalca.cl\/index.php?rest_route=\/wp\/v2\/types\/post"}],"author":[{"embeddable":true,"href":"https:\/\/www.reportedeprensa.utalca.cl\/index.php?rest_route=\/wp\/v2\/users\/1"}],"replies":[{"embeddable":true,"href":"https:\/\/www.reportedeprensa.utalca.cl\/index.php?rest_route=%2Fwp%2Fv2%2Fcomments&post=11410"}],"version-history":[{"count":4,"href":"https:\/\/www.reportedeprensa.utalca.cl\/index.php?rest_route=\/wp\/v2\/posts\/11410\/revisions"}],"predecessor-version":[{"id":11414,"href":"https:\/\/www.reportedeprensa.utalca.cl\/index.php?rest_route=\/wp\/v2\/posts\/11410\/revisions\/11414"}],"wp:attachment":[{"href":"https:\/\/www.reportedeprensa.utalca.cl\/index.php?rest_route=%2Fwp%2Fv2%2Fmedia&parent=11410"}],"wp:term":[{"taxonomy":"category","embeddable":true,"href":"https:\/\/www.reportedeprensa.utalca.cl\/index.php?rest_route=%2Fwp%2Fv2%2Fcategories&post=11410"},{"taxonomy":"post_tag","embeddable":true,"href":"https:\/\/www.reportedeprensa.utalca.cl\/index.php?rest_route=%2Fwp%2Fv2%2Ftags&post=11410"}],"curies":[{"name":"wp","href":"https:\/\/api.w.org\/{rel}","templated":true}]}}