{"id":11419,"date":"2025-01-28T11:02:21","date_gmt":"2025-01-28T14:02:21","guid":{"rendered":"https:\/\/www.reportedeprensa.utalca.cl\/?p=11419"},"modified":"2025-01-28T11:27:23","modified_gmt":"2025-01-28T14:27:23","slug":"27-de-enero-2025","status":"publish","type":"post","link":"https:\/\/www.reportedeprensa.utalca.cl\/?p=11419","title":{"rendered":"27 de enero 2025"},"content":{"rendered":"\t\t<div data-elementor-type=\"wp-post\" data-elementor-id=\"11419\" class=\"elementor elementor-11419\" data-elementor-settings=\"[]\">\n\t\t\t\t\t\t\t<div class=\"elementor-section-wrap\">\n\t\t\t\t\t\t\t<section class=\"elementor-section elementor-top-section elementor-element elementor-element-bcea1a8 elementor-section-boxed elementor-section-height-default elementor-section-height-default\" data-id=\"bcea1a8\" data-element_type=\"section\">\n\t\t\t\t\t\t<div class=\"elementor-container elementor-column-gap-default\">\n\t\t\t\t\t<div class=\"elementor-column elementor-col-100 elementor-top-column elementor-element elementor-element-e7183bf\" data-id=\"e7183bf\" data-element_type=\"column\">\n\t\t\t<div class=\"elementor-widget-wrap elementor-element-populated\">\n\t\t\t\t\t\t\t\t<div class=\"elementor-element elementor-element-3087f05 elementor-widget elementor-widget-text-editor\" data-id=\"3087f05\" data-element_type=\"widget\" data-widget_type=\"text-editor.default\">\n\t\t\t\t<div class=\"elementor-widget-container\">\n\t\t\t\t\t\t\t\t<p><b><span data-contrast=\"auto\">LA TERCERA ONLINE<\/span><\/b>\u00a0<br \/><a href=\"https:\/\/www.latercera.com\/educacion\/noticia\/entornos-que-transforman-la-experiencia-universitaria\/MAGLQWRM2BGXDNFIPJARI2PNHM\/\"><span data-contrast=\"auto\">Entornos que transforman la experiencia universitaria.\u00a0 Se refiere Karin Saavedra, directora general de Vinculaci\u00f3n con el Medio.<\/span>\u00a0<\/a><br \/><br \/><\/p><p><b><span data-contrast=\"auto\">INOTICIAS<\/span><\/b>\u00a0<br \/><a href=\"https:\/\/www.inoticias.cl\/index.php\/entornos-que-transforman-la-experiencia-universita\"><span data-contrast=\"auto\">Entornos que transforman la experiencia universitaria. Se refiere Karin Saavedra, directora general de Vinculaci\u00f3n con el Medio.<\/span>\u00a0<\/a><br \/><br \/><\/p><p><b><span data-contrast=\"auto\">EL MERCURIO<\/span><\/b>\u00a0<br \/><a href=\"https:\/\/www.litoralpress.cl\/paginaconsultas\/Servicios_NClipSitio\/Get_Imagen_Nota.aspx?LPKey=43WKMY5FLVFXKYDV4TJBSEI5PIXBYKKTLAUP26HPFWU3RGCZER5NNDOFB7JLJJQFET3YAGEMXDLHS\"><span data-contrast=\"auto\">Cinco recomendaciones para que las personas mayores lo pasen bien en la playa sin descuidar la salud. Se refiere Andrea Torres, acad\u00e9mica de la carrera de Nutrici\u00f3n y Diet\u00e9tica.<\/span>\u00a0<\/a><\/p><p>\u00a0<\/p><p><b><span data-contrast=\"auto\">PORTAL EDUCA<\/span><\/b>\u00a0<br \/><a href=\"https:\/\/portaleduca.cl\/universidad-de-talca-inicio-tercera-etapa-de-programa-ingenieria-2030\/\"><span data-contrast=\"auto\">Universidad de Talca inici\u00f3 tercera etapa de Programa Ingenier\u00eda 2030.<\/span><span data-contrast=\"auto\"> Se refiere Carlos Torres Fuchslocher, rector. <\/span><span data-contrast=\"auto\">Marcela Gonz\u00e1lez Araya, decana de la Facultad de Ingenier\u00eda de la UTalca.<\/span>\u00a0<\/a><br \/><br \/><\/p><p><b><span data-contrast=\"auto\">EL LECTOR<\/span><\/b>\u00a0<br \/><a href=\"https:\/\/www.litoralpress.cl\/paginaconsultas\/Servicios_NClipSitio\/Get_Imagen_Nota.aspx?LPKey=4ZLFKR7EV3HIJOSRCJEX574XLZV4LFKOG6WOSZBRFR5YDCXEXKSVWXSLT5P5D4ILCYFHAUV5OCTPA\"><span data-contrast=\"auto\">Especializaci\u00f3n en Rehabilitaci\u00f3n Oral de la UTalca se acredit\u00f3 por 4 a\u00f1os. Se refiere Rodrigo Giacaman Sarah, decano de la Facultad Odontolog\u00eda.<\/span>\u00a0<\/a><br \/><br \/><\/p><p><b><span data-contrast=\"auto\">PUBLIMICRO<\/span><\/b>\u00a0<br \/><a href=\"https:\/\/publimicro.cl\/especializacion-en-rehabilitacion-oral-de-la-universidad-de-talca-se-acredito-por-cuatro-anos\/\"><span data-contrast=\"auto\">Especializaci\u00f3n en Rehabilitaci\u00f3n Oral de la Universidad de Talca, se acredit\u00f3 por cuatro a\u00f1os. Se refiere Rodrigo Giacaman Sarah, decano de la Facultad Odontolog\u00eda.<\/span>\u00a0<\/a><br \/><br \/><\/p><p><b><span data-contrast=\"auto\">AD PRENSA <\/span><\/b>\u00a0<br \/><a href=\"https:\/\/www.adprensa.cl\/cronica\/especializacion-en-rehabilitacion-oral-de-la-utalca-se-acredito-por-cuatro-anos\/\"><span data-contrast=\"auto\">Especializaci\u00f3n en Rehabilitaci\u00f3n Oral de la UTalca se acredit\u00f3 por cuatro a\u00f1os. Se refiere Rodrigo Giacaman Sarah, decano de la Facultad Odontolog\u00eda.<\/span>\u00a0<\/a><br \/><br \/><\/p><p><b><span data-contrast=\"auto\">PORTALEDUCA<\/span><\/b>\u00a0<br \/><a href=\"https:\/\/portaleduca.cl\/especializacion-en-rehabilitacion-oral-de-la-utalca-se-acredito-por-4-anos\/\"><span data-contrast=\"auto\">Especializaci\u00f3n en Rehabilitaci\u00f3n Oral de la UTalca se acredit\u00f3 por 4 a\u00f1os. Se refiere Rodrigo Giacaman Sarah, decano de la Facultad Odontolog\u00eda.<\/span>\u00a0<\/a><br \/><br \/><\/p><p><b><span data-contrast=\"auto\">G5 NOTICIA<\/span><\/b>\u00a0<br \/><a href=\"https:\/\/g5noticias.cl\/2025\/01\/27\/nuevo-yacimiento-de-cobre-en-china-como-impacta-a-la-economia-chilena\/\"><span data-contrast=\"auto\">Nuevo yacimiento de cobre en China: \u00bfC\u00f3mo impacta a la econom\u00eda chilena? Se refiere Carlos Moraga, director de la Escuela de Ingenier\u00eda Civil de Minas.<\/span>\u00a0<\/a><\/p><p>\u00a0<\/p><p><b><span data-contrast=\"auto\">MEDIABANCO<\/span><\/b>\u00a0<br \/><a href=\"https:\/\/www.mediabanco.com\/nuevo-yacimiento-de-cobre-en-china-como-impacta-a-la-economia-chilena\/\"><span data-contrast=\"auto\">Nuevo yacimiento de cobre en China: \u00bfc\u00f3mo impacta a la econom\u00eda chilena? Se refiere Carlos Moraga, director de la Escuela de Ingenier\u00eda Civil de Minas.<\/span>\u00a0<\/a><br \/><br \/><\/p><p><b><span data-contrast=\"auto\">RADIO INFINITA<\/span><\/b>\u00a0<br \/><a href=\"https:\/\/www.litoralpress.cl\/sitio\/RadioTV_Detalles.cshtml?LPKey=HRROW5SA6DCZGR6U6OS7RDELEC2U5FZE7KIPWKYHTGAHVEZNNIHHPY6KFMGHKIQW3XXEOYPGDMZPA\"><span data-contrast=\"auto\">Comentario de pol\u00edtica con Mauricio Morales Quiroga, director del Centro de An\u00e1lisis Pol\u00edtico (CAP-UTalca).<\/span>\u00a0<\/a><br \/><br \/><\/p><p><b><span data-contrast=\"auto\">TIERRA AMARILLANO<\/span><\/b>\u00a0<br \/><a href=\"https:\/\/tierramarillano.cl\/2025\/01\/26\/elecciones-en-2025-cuales-son-los-procesos-de-votacion-que-se-vienen-y-sus-caracteristicas\/\"><span data-contrast=\"auto\">Elecciones en 2025: Cu\u00e1les son los procesos de votaci\u00f3n que se vienen y sus caracter\u00edsticas. Se refiere Mario Herrera Mu\u00f1oz, acad\u00e9mico del Centro de An\u00e1lisis Pol\u00edtico (CAP-UTalca)<\/span>\u00a0<\/a><br \/><br \/><\/p><p><b><span data-contrast=\"auto\">PORTAL PRENSA SALUD<\/span><\/b>\u00a0<br \/><a href=\"https:\/\/portalprensasalud.cl\/2025\/01\/27\/universidad-de-talca-firma-acuerdo-de-colaboracion-con-el-servicio-de-salud-maule\/\"><span data-contrast=\"auto\">Universidad de Talca firma acuerdo de colaboraci\u00f3n con el Servicio de Salud Maule. Se refiere director general de Aseguramiento de la Calidad y Planificaci\u00f3n, Eduardo \u00c1lvarez.<\/span>\u00a0<\/a><br \/><br \/><\/p><p><b><span data-contrast=\"auto\">PORTAL PRENSA SALUD<\/span><\/b>\u00a0<br \/><a href=\"https:\/\/portalprensasalud.cl\/2025\/01\/27\/creador-del-concepto-de-zonas-azules-comparte-claves-para-vivir-mas-y-mejor\/\"><span data-contrast=\"auto\">Creador del concepto de zonas azules comparte claves para vivir m\u00e1s y mejor. Se refiere Iv\u00e1n Palomo, director del Centro Interuniversitario de Envejecimiento Saludable (CIES).<\/span>\u00a0<\/a><br \/><br \/><\/p><p><b><span data-contrast=\"auto\">LA PRENSA DE CURIC\u00d3<\/span><\/b>\u00a0<br \/><a href=\"https:\/\/www.litoralpress.cl\/paginaconsultas\/Servicios_NClipSitio\/Get_Imagen_Nota.aspx?LPKey=OQYXIJJDJZRY6FRM4HFFX3BIMMCOEEBWA6JTHH2DOSBKEUO2BDIJII5FPCNMKBCPAWEQPFULHK7PE\"><span data-contrast=\"auto\">Sucede. Se menciona la Universidad Talca.<\/span>\u00a0<\/a><br \/><br \/><\/p><p><b><span data-contrast=\"auto\">RADIO AGRICULTURA<\/span><\/b>\u00a0<br \/><a href=\"https:\/\/www.litoralpress.cl\/sitio\/RadioTV_Detalles.cshtml?LPKey=IZZ5K2RFYTLLQX5FB5KDLKB6SUG2XAS4UQZLBSZ4VYHY4SNF6JHGPKOQGANLKZP4VI6TW4ZKK6EXM\"><span data-contrast=\"auto\">Entrevista a Guillermo Holzmann, Analista internacional. Se menciona la Universidad de Talca.<\/span>\u00a0<\/a><br \/><br \/><\/p><p><b><span data-contrast=\"auto\">MAULE HOY<\/span><\/b>\u00a0<br \/><a href=\"https:\/\/maulehoy.cl\/2025\/01\/27\/migra-fest-2025-cine-y-culturas-migrantes-brillan-en-el-maule\/\"><span data-contrast=\"auto\">Migra Fest 2025: Un Puente Cultural Entre el Maule y Oaxaca a Trav\u00e9s del Cine y la M\u00fasica. Se menciona la Universidad Talca.<\/span>\u00a0<\/a><\/p><p>\u00a0<\/p><p><b><span data-contrast=\"auto\">UNIVERSDAD DE CHILE<\/span><\/b>\u00a0<br \/><a href=\"https:\/\/derecho.uchile.cl\/noticias\/225353\/fallece-exalumno-hernan-vodanovic-academico-magistrado-y-politico\"><span data-contrast=\"auto\">Fallece ex alumno Hern\u00e1n Vodanovic: acad\u00e9mico, magistrado y pol\u00edtico. Se menciona la Universidad Talca.<\/span>\u00a0<\/a><\/p><p>\u00a0<\/p><p><b><span data-contrast=\"auto\">PRO PYME CHILE<\/span><\/b>\u00a0<br \/><a href=\"https:\/\/www.propymechile.com\/noticiaspymes\/detail?id=3ab82ed88cf648179bbfb1362713f5a8\"><span data-contrast=\"auto\">Para asesorar a Pymes, emprendedores, investigadores e inventores, INAPI y OMPI realizan Seminario Nacional. Se menciona la Universidad Talca.<\/span>\u00a0<\/a><br \/><br \/><\/p><p><b><span data-contrast=\"auto\">DIARIO FRUT\u00cdCOLA<\/span><\/b>\u00a0<br \/><a href=\"https:\/\/www.diariofruticola.cl\/noticia\/ag-innovatech\/2025\/01\/32-mujeres-agroinnovadoras-chilenas-que-inspiran-liderazgo-y-tranformacion\"><span data-contrast=\"auto\">32 mujeres agroinnovadoras chilenas que inspiran liderazgo y transformaci\u00f3n. Se menciona la Universidad Talca.<\/span>\u00a0<\/a><br \/><span data-ccp-props=\"{}\">\u00a0<\/span><\/p>\t\t\t\t\t\t<\/div>\n\t\t\t\t<\/div>\n\t\t\t\t\t<\/div>\n\t\t<\/div>\n\t\t\t\t\t\t\t<\/div>\n\t\t<\/section>\n\t\t\t\t\t\t<\/div>\n\t\t\t\t\t<\/div>\n\t\t","protected":false},"excerpt":{"rendered":"<p>LA TERCERA ONLINE\u00a0Entornos que transforman la experiencia universitaria.\u00a0 Se refiere Karin Saavedra, directora general de Vinculaci\u00f3n con el Medio.\u00a0 INOTICIAS\u00a0Entornos que transforman la experiencia universitaria. Se refiere Karin Saavedra, directora general de Vinculaci\u00f3n con el Medio.\u00a0 EL MERCURIO\u00a0Cinco recomendaciones para que las personas mayores lo pasen bien en la playa sin descuidar la salud. Se &hellip;<\/p>\n<p class=\"read-more\"> <a class=\"\" href=\"https:\/\/www.reportedeprensa.utalca.cl\/?p=11419\"> <span class=\"screen-reader-text\">27 de enero 2025<\/span> Read More &raquo;<\/a><\/p>\n","protected":false},"author":1,"featured_media":0,"comment_status":"closed","ping_status":"open","sticky":false,"template":"","format":"standard","meta":{"_monsterinsights_skip_tracking":false,"_monsterinsights_sitenote_active":false,"_monsterinsights_sitenote_note":"","_monsterinsights_sitenote_category":0},"categories":[56],"tags":[],"_links":{"self":[{"href":"https:\/\/www.reportedeprensa.utalca.cl\/index.php?rest_route=\/wp\/v2\/posts\/11419"}],"collection":[{"href":"https:\/\/www.reportedeprensa.utalca.cl\/index.php?rest_route=\/wp\/v2\/posts"}],"about":[{"href":"https:\/\/www.reportedeprensa.utalca.cl\/index.php?rest_route=\/wp\/v2\/types\/post"}],"author":[{"embeddable":true,"href":"https:\/\/www.reportedeprensa.utalca.cl\/index.php?rest_route=\/wp\/v2\/users\/1"}],"replies":[{"embeddable":true,"href":"https:\/\/www.reportedeprensa.utalca.cl\/index.php?rest_route=%2Fwp%2Fv2%2Fcomments&post=11419"}],"version-history":[{"count":4,"href":"https:\/\/www.reportedeprensa.utalca.cl\/index.php?rest_route=\/wp\/v2\/posts\/11419\/revisions"}],"predecessor-version":[{"id":11423,"href":"https:\/\/www.reportedeprensa.utalca.cl\/index.php?rest_route=\/wp\/v2\/posts\/11419\/revisions\/11423"}],"wp:attachment":[{"href":"https:\/\/www.reportedeprensa.utalca.cl\/index.php?rest_route=%2Fwp%2Fv2%2Fmedia&parent=11419"}],"wp:term":[{"taxonomy":"category","embeddable":true,"href":"https:\/\/www.reportedeprensa.utalca.cl\/index.php?rest_route=%2Fwp%2Fv2%2Fcategories&post=11419"},{"taxonomy":"post_tag","embeddable":true,"href":"https:\/\/www.reportedeprensa.utalca.cl\/index.php?rest_route=%2Fwp%2Fv2%2Ftags&post=11419"}],"curies":[{"name":"wp","href":"https:\/\/api.w.org\/{rel}","templated":true}]}}