{"id":11424,"date":"2025-01-28T11:28:52","date_gmt":"2025-01-28T14:28:52","guid":{"rendered":"https:\/\/www.reportedeprensa.utalca.cl\/?p=11424"},"modified":"2025-01-28T11:34:54","modified_gmt":"2025-01-28T14:34:54","slug":"28-de-enero-2025","status":"publish","type":"post","link":"https:\/\/www.reportedeprensa.utalca.cl\/?p=11424","title":{"rendered":"28 de enero 2025"},"content":{"rendered":"\t\t<div data-elementor-type=\"wp-post\" data-elementor-id=\"11424\" class=\"elementor elementor-11424\" data-elementor-settings=\"[]\">\n\t\t\t\t\t\t\t<div class=\"elementor-section-wrap\">\n\t\t\t\t\t\t\t<section class=\"elementor-section elementor-top-section elementor-element elementor-element-bcea1a8 elementor-section-boxed elementor-section-height-default elementor-section-height-default\" data-id=\"bcea1a8\" data-element_type=\"section\">\n\t\t\t\t\t\t<div class=\"elementor-container elementor-column-gap-default\">\n\t\t\t\t\t<div class=\"elementor-column elementor-col-100 elementor-top-column elementor-element elementor-element-e7183bf\" data-id=\"e7183bf\" data-element_type=\"column\">\n\t\t\t<div class=\"elementor-widget-wrap elementor-element-populated\">\n\t\t\t\t\t\t\t\t<div class=\"elementor-element elementor-element-3087f05 elementor-widget elementor-widget-text-editor\" data-id=\"3087f05\" data-element_type=\"widget\" data-widget_type=\"text-editor.default\">\n\t\t\t\t<div class=\"elementor-widget-container\">\n\t\t\t\t\t\t\t\t<div><b data-olk-copy-source=\"MessageBody\">LA TERCERA ONLINE\u00a0<br \/><\/b><a href=\"https:\/\/www.latercera.com\/educacion\/noticia\/entornos-que-transforman-la-experiencia-universitaria\/MAGLQWRM2BGXDNFIPJARI2PNHM\/\">Entornos que transforman la experiencia universitaria.\u00a0 Se refiere Karin Saavedra, directora general de Vinculaci\u00f3n con el Medio.\u00a0<\/a><b data-olk-copy-source=\"MessageBody\"><br \/><\/b><\/div><div>\u00a0<\/div><div><b>INOTICIAS<\/b>\u00a0<br \/><a href=\"https:\/\/www.inoticias.cl\/index.php\/entornos-que-transforman-la-experiencia-universita\">Entornos que transforman la experiencia universitaria. Se refiere Karin Saavedra, directora general de Vinculaci\u00f3n con el Medio.\u00a0<\/a><br \/><br \/><\/div><div><b>EL MERCURIO\u00a0<br \/><\/b><a href=\"https:\/\/www.litoralpress.cl\/paginaconsultas\/Servicios_NClipSitio\/Get_Imagen_Nota.aspx?LPKey=43WKMY5FLVFXKYDV4TJBSEI5PIXBYKKTLAUP26HPFWU3RGCZER5NNDOFB7JLJJQFET3YAGEMXDLHS\">Cinco recomendaciones para que las personas mayores lo pasen bien en la playa sin descuidar la salud. Se refiere Andrea Torres, acad\u00e9mica de la Escuela de Nutrici\u00f3n y Diet\u00e9tica.\u00a0<\/a><\/div><div><b><br \/>EMOL\u00a0<br \/><\/b><a href=\"https:\/\/www.emol.com\/noticias\/Tendencias\/2025\/01\/24\/1155224\/almacenar-medicamentos-ola-de-calor.html\">Evitar ba\u00f1o y cocina: Las recomendaciones para almacenar medicamentos ante olas de calor y los errores m\u00e1s comunes. Se refiere Omar Fuentes, acad\u00e9mico de la Escuela de Enfermer\u00eda.\u00a0<\/a><\/div><div><b>\u00a0<\/b><\/div><div><b>DIARIOS EN RED\u00a0<br \/><\/b><a href=\"https:\/\/www.diarioenred.com\/regional\/kipus-utalca-y-senapred-evaluan-proyectos-de-prevencion-de-riesgos-y\">Kipus-UTalca y Senapred eval\u00faan proyectos de prevenci\u00f3n de riesgos y desastres. Se refiere Mar\u00eda Luisa del Campo, directora del Centro Tecnol\u00f3gico KIPUS. \u00a0<\/a><b><br \/><\/b><\/div><div><b>RED CURIC\u00d3 <\/b>\u00a0<br \/><a href=\"https:\/\/www.redcurico.com\/regional\/kipus-utalca-y-senapred-evaluan-proyectos-de-prevencion-de-riesgos-y\">Kipus-UTalca y Senapred eval\u00faan proyectos de prevenci\u00f3n de riesgos y desastres. Se refiere Mar\u00eda Luisa del Campo, directora del Centro Tecnol\u00f3gico KIPUS. \u00a0<\/a><br \/><u><a id=\"OWA1261054a-02cb-c45f-2c14-170bc08d0771\" class=\"x_x_Hyperlink x_x_SCXW217812512 x_x_BCX0 x_x_OWAAutoLink\" title=\"https:\/\/www.redcurico.com\/regional\/kipus-utalca-y-senapred-evaluan-proyectos-de-prevencion-de-riesgos-y\" href=\"https:\/\/www.redcurico.com\/regional\/kipus-utalca-y-senapred-evaluan-proyectos-de-prevencion-de-riesgos-y\" target=\"_blank\" rel=\"noreferrer noopener\" data-linkindex=\"5\" data-auth=\"NotApplicable\"><\/a><\/u><b><\/b><\/div><div><b>PORTAL EDUCA\u00a0<br \/><\/b><a href=\"https:\/\/portaleduca.cl\/universidad-de-talca-inicio-tercera-etapa-de-programa-ingenieria-2030\/\">Universidad de Talca inici\u00f3 tercera etapa de Programa Ingenier\u00eda 2030. <\/a><a href=\"https:\/\/portaleduca.cl\/universidad-de-talca-inicio-tercera-etapa-de-programa-ingenieria-2030\/\">Se refiere Carlos Torres Fuchslocher, rector; y Marcela Gonz\u00e1lez Araya, decana de la Facultad de Ingenier\u00eda.\u00a0<\/a><b><br \/><\/b><\/div><div><b>EL LECTOR<\/b>\u00a0<br \/><a href=\"https:\/\/www.litoralpress.cl\/paginaconsultas\/Servicios_NClipSitio\/Get_Imagen_Nota.aspx?LPKey=4ZLFKR7EV3HIJOSRCJEX574XLZV4LFKOG6WOSZBRFR5YDCXEXKSVWXSLT5P5D4ILCYFHAUV5OCTPA\">Especializaci\u00f3n en Rehabilitaci\u00f3n Oral de la UTalca se acredit\u00f3 por 4 a\u00f1os. Se refiere Rodrigo Giacaman Sarah, decano de la Facultad Odontolog\u00eda.\u00a0<\/a><br \/><br \/><\/div><div><b>PUBLIMICRO<\/b>\u00a0<br \/><a href=\"https:\/\/publimicro.cl\/especializacion-en-rehabilitacion-oral-de-la-universidad-de-talca-se-acredito-por-cuatro-anos\/\">Especializaci\u00f3n en Rehabilitaci\u00f3n Oral de la Universidad de Talca, se acredit\u00f3 por cuatro a\u00f1os. Se refiere Rodrigo Giacaman Sarah, decano de la Facultad Odontolog\u00eda.\u00a0<\/a><br \/><br \/><\/div><div><b>AD PRENSA \u00a0<br \/><\/b><a href=\"https:\/\/www.adprensa.cl\/cronica\/especializacion-en-rehabilitacion-oral-de-la-utalca-se-acredito-por-cuatro-anos\/\">Especializaci\u00f3n en Rehabilitaci\u00f3n Oral de la UTalca se acredit\u00f3 por cuatro a\u00f1os. Se refiere Rodrigo Giacaman Sarah, decano de la Facultad Odontolog\u00eda.\u00a0<\/a><b><br \/><\/b><\/div><div><b>PORTALEDUCA<\/b>\u00a0<br \/><a href=\"https:\/\/portaleduca.cl\/especializacion-en-rehabilitacion-oral-de-la-utalca-se-acredito-por-4-anos\/\">Especializaci\u00f3n en Rehabilitaci\u00f3n Oral de la UTalca se acredit\u00f3 por 4 a\u00f1os. Se refiere Rodrigo Giacaman Sarah, decano de la Facultad Odontolog\u00eda.\u00a0<\/a><br \/><br \/><\/div><div><b>G5 NOTICIA\u00a0<br \/><\/b><a href=\"https:\/\/g5noticias.cl\/2025\/01\/27\/nuevo-yacimiento-de-cobre-en-china-como-impacta-a-la-economia-chilena\/\">Nuevo yacimiento de cobre en China: \u00bfC\u00f3mo impacta a la econom\u00eda chilena? Se refiere Carlos Moraga, director de la Escuela de Ingenier\u00eda Civil de Minas.\u00a0<\/a><b><br \/><\/b><\/div><div><b>MEDIABANCO<\/b>\u00a0<br \/><a href=\"https:\/\/www.mediabanco.com\/nuevo-yacimiento-de-cobre-en-china-como-impacta-a-la-economia-chilena\/\">Nuevo yacimiento de cobre en China: \u00bfc\u00f3mo impacta a la econom\u00eda chilena? Se refiere Carlos Moraga, director de la Escuela de Ingenier\u00eda Civil de Minas.\u00a0<\/a><\/div><div>\u00a0<\/div><div><b>LA PRENSA DE CURIC\u00d3\u00a0<br \/><\/b><a href=\"https:\/\/www.litoralpress.cl\/sitio\/Prensa_PaginaCompleta.cshtml?LPKey=575XUV7VFDX52KVFWM3EUEGBVISH7V5Z7RQXBNPKG7I7C3UEJFZQ\">\u201cLos precios de la cereza han reducido los m\u00e1rgenes de ganancia para los productores, lo que afecta especialmente a los peque\u00f1os agricultores\u201d. Se refiere Arcadio Cerda, decano Facultad de Econom\u00eda y Negocios.\u00a0<\/a><\/div><div>\u00a0<\/div><div><b>RADIO INFINITA<\/b>\u00a0<br \/><a href=\"https:\/\/www.litoralpress.cl\/sitio\/RadioTV_Detalles.cshtml?LPKey=HRROW5SA6DCZGR6U6OS7RDELEC2U5FZE7KIPWKYHTGAHVEZNNIHHPY6KFMGHKIQW3XXEOYPGDMZPA\">Comentario de pol\u00edtica con Mauricio Morales Quiroga, director del Centro de An\u00e1lisis Pol\u00edtico (CAP-UTalca).\u00a0<\/a><br \/><br \/><\/div><div><b>TIERRA AMARILLANO\u00a0<br \/><\/b><a href=\"https:\/\/tierramarillano.cl\/2025\/01\/26\/elecciones-en-2025-cuales-son-los-procesos-de-votacion-que-se-vienen-y-sus-caracteristicas\/\">Elecciones en 2025: Cu\u00e1les son los procesos de votaci\u00f3n que se vienen y sus caracter\u00edsticas. Se refiere Mario Herrera Mu\u00f1oz, acad\u00e9mico del Centro de An\u00e1lisis Pol\u00edtico (CAP)\u00a0<\/a><b><br \/><\/b><\/div><div><b>PORTAL PRENSA SALUD\u00a0<br \/><\/b><a href=\"https:\/\/portalprensasalud.cl\/2025\/01\/27\/universidad-de-talca-firma-acuerdo-de-colaboracion-con-el-servicio-de-salud-maule\/\">Universidad de Talca firma acuerdo de colaboraci\u00f3n con el Servicio de Salud Maule. Se refiere director general de Aseguramiento de la Calidad y Planificaci\u00f3n, Eduardo \u00c1lvarez.\u00a0<\/a><b><br \/><\/b><\/div><div><b>PORTAL PRENSA SALUD\u00a0<br \/><\/b><a href=\"https:\/\/portalprensasalud.cl\/2025\/01\/27\/creador-del-concepto-de-zonas-azules-comparte-claves-para-vivir-mas-y-mejor\/\">Creador del concepto de zonas azules comparte claves para vivir m\u00e1s y mejor. Se refiere Iv\u00e1n Palomo, director del Centro Interuniversitario de Envejecimiento Saludable (CIES).\u00a0<\/a><br \/><br \/><\/div><div><b>LA PRENSA DE CURIC\u00d3<\/b>\u00a0<br \/><a href=\"https:\/\/www.litoralpress.cl\/paginaconsultas\/Servicios_NClipSitio\/Get_Imagen_Nota.aspx?LPKey=OQYXIJJDJZRY6FRM4HFFX3BIMMCOEEBWA6JTHH2DOSBKEUO2BDIJII5FPCNMKBCPAWEQPFULHK7PE\">Sucede. Se menciona la Universidad Talca.\u00a0<\/a><br \/><br \/><\/div><div><b>RADIO AGRICULTURA<\/b>\u00a0<br \/><a href=\"https:\/\/www.litoralpress.cl\/sitio\/RadioTV_Detalles.cshtml?LPKey=IZZ5K2RFYTLLQX5FB5KDLKB6SUG2XAS4UQZLBSZ4VYHY4SNF6JHGPKOQGANLKZP4VI6TW4ZKK6EXM\">Entrevista a Guillermo Holzmann, Analista internacional. Se menciona la Universidad de Talca.\u00a0<\/a><\/div><div>\u00a0<\/div><div><b>MAULE HOY<\/b>\u00a0<br \/><a href=\"https:\/\/maulehoy.cl\/2025\/01\/27\/migra-fest-2025-cine-y-culturas-migrantes-brillan-en-el-maule\/\">Migra Fest 2025: Un Puente Cultural Entre el Maule y Oaxaca a Trav\u00e9s del Cine y la M\u00fasica. Se menciona la Universidad Talca.\u00a0<\/a><br \/><br \/><\/div><div><b>UNIVERSDAD DE CHILE<\/b>\u00a0<br \/><a href=\"https:\/\/derecho.uchile.cl\/noticias\/225353\/fallece-exalumno-hernan-vodanovic-academico-magistrado-y-politico\">Fallece ex alumno Hern\u00e1n Vodanovic: acad\u00e9mico, magistrado y pol\u00edtico. Se menciona la Universidad Talca.\u00a0<\/a><br \/><br \/><\/div><div><b>PRO PYME CHILE<\/b>\u00a0<br \/><a href=\"https:\/\/www.propymechile.com\/noticiaspymes\/detail?id=3ab82ed88cf648179bbfb1362713f5a8\">Para asesorar a Pymes, emprendedores, investigadores e inventores, INAPI y OMPI realizan Seminario Nacional. Se menciona la Universidad Talca.\u00a0<\/a><br \/><br \/><\/div><div><b>DIARIO FRUT\u00cdCOLA<\/b>\u00a0<br \/><a href=\"https:\/\/www.diariofruticola.cl\/noticia\/ag-innovatech\/2025\/01\/32-mujeres-agroinnovadoras-chilenas-que-inspiran-liderazgo-y-tranformacion\">32 mujeres agroinnovadoras chilenas que inspiran liderazgo y transformaci\u00f3n. Se menciona la Universidad Talca.\u00a0<\/a><br \/><br \/><\/div>\t\t\t\t\t\t<\/div>\n\t\t\t\t<\/div>\n\t\t\t\t\t<\/div>\n\t\t<\/div>\n\t\t\t\t\t\t\t<\/div>\n\t\t<\/section>\n\t\t\t\t\t\t<\/div>\n\t\t\t\t\t<\/div>\n\t\t","protected":false},"excerpt":{"rendered":"<p>LA TERCERA ONLINE\u00a0Entornos que transforman la experiencia universitaria.\u00a0 Se refiere Karin Saavedra, directora general de Vinculaci\u00f3n con el Medio.\u00a0\u00a0INOTICIAS\u00a0Entornos que transforman la experiencia universitaria. Se refiere Karin Saavedra, directora general de Vinculaci\u00f3n con el Medio.\u00a0 EL MERCURIO\u00a0Cinco recomendaciones para que las personas mayores lo pasen bien en la playa sin descuidar la salud. Se refiere &hellip;<\/p>\n<p class=\"read-more\"> <a class=\"\" href=\"https:\/\/www.reportedeprensa.utalca.cl\/?p=11424\"> <span class=\"screen-reader-text\">28 de enero 2025<\/span> Read More &raquo;<\/a><\/p>\n","protected":false},"author":1,"featured_media":0,"comment_status":"closed","ping_status":"open","sticky":false,"template":"","format":"standard","meta":{"_monsterinsights_skip_tracking":false,"_monsterinsights_sitenote_active":false,"_monsterinsights_sitenote_note":"","_monsterinsights_sitenote_category":0},"categories":[56],"tags":[],"_links":{"self":[{"href":"https:\/\/www.reportedeprensa.utalca.cl\/index.php?rest_route=\/wp\/v2\/posts\/11424"}],"collection":[{"href":"https:\/\/www.reportedeprensa.utalca.cl\/index.php?rest_route=\/wp\/v2\/posts"}],"about":[{"href":"https:\/\/www.reportedeprensa.utalca.cl\/index.php?rest_route=\/wp\/v2\/types\/post"}],"author":[{"embeddable":true,"href":"https:\/\/www.reportedeprensa.utalca.cl\/index.php?rest_route=\/wp\/v2\/users\/1"}],"replies":[{"embeddable":true,"href":"https:\/\/www.reportedeprensa.utalca.cl\/index.php?rest_route=%2Fwp%2Fv2%2Fcomments&post=11424"}],"version-history":[{"count":7,"href":"https:\/\/www.reportedeprensa.utalca.cl\/index.php?rest_route=\/wp\/v2\/posts\/11424\/revisions"}],"predecessor-version":[{"id":11431,"href":"https:\/\/www.reportedeprensa.utalca.cl\/index.php?rest_route=\/wp\/v2\/posts\/11424\/revisions\/11431"}],"wp:attachment":[{"href":"https:\/\/www.reportedeprensa.utalca.cl\/index.php?rest_route=%2Fwp%2Fv2%2Fmedia&parent=11424"}],"wp:term":[{"taxonomy":"category","embeddable":true,"href":"https:\/\/www.reportedeprensa.utalca.cl\/index.php?rest_route=%2Fwp%2Fv2%2Fcategories&post=11424"},{"taxonomy":"post_tag","embeddable":true,"href":"https:\/\/www.reportedeprensa.utalca.cl\/index.php?rest_route=%2Fwp%2Fv2%2Ftags&post=11424"}],"curies":[{"name":"wp","href":"https:\/\/api.w.org\/{rel}","templated":true}]}}