{"id":11438,"date":"2025-01-29T10:13:51","date_gmt":"2025-01-29T13:13:51","guid":{"rendered":"https:\/\/www.reportedeprensa.utalca.cl\/?p=11438"},"modified":"2025-01-29T10:15:21","modified_gmt":"2025-01-29T13:15:21","slug":"29-de-enero-2025","status":"publish","type":"post","link":"https:\/\/www.reportedeprensa.utalca.cl\/?p=11438","title":{"rendered":"29 de enero 2025"},"content":{"rendered":"\t\t<div data-elementor-type=\"wp-post\" data-elementor-id=\"11438\" class=\"elementor elementor-11438\" data-elementor-settings=\"[]\">\n\t\t\t\t\t\t\t<div class=\"elementor-section-wrap\">\n\t\t\t\t\t\t\t<section class=\"elementor-section elementor-top-section elementor-element elementor-element-bcea1a8 elementor-section-boxed elementor-section-height-default elementor-section-height-default\" data-id=\"bcea1a8\" data-element_type=\"section\">\n\t\t\t\t\t\t<div class=\"elementor-container elementor-column-gap-default\">\n\t\t\t\t\t<div class=\"elementor-column elementor-col-100 elementor-top-column elementor-element elementor-element-e7183bf\" data-id=\"e7183bf\" data-element_type=\"column\">\n\t\t\t<div class=\"elementor-widget-wrap elementor-element-populated\">\n\t\t\t\t\t\t\t\t<div class=\"elementor-element elementor-element-b8ca95a elementor-widget elementor-widget-text-editor\" data-id=\"b8ca95a\" data-element_type=\"widget\" data-widget_type=\"text-editor.default\">\n\t\t\t\t<div class=\"elementor-widget-container\">\n\t\t\t\t\t\t\t\t<div><b data-olk-copy-source=\"MessageBody\">EMOL\u00a0<br \/><\/b><a href=\"https:\/\/www.emol.com\/noticias\/Nacional\/2025\/01\/28\/1155573\/universidades-fondecyt-regular.html\">Ranking con las 10 universidades con m\u00e1s proyectos adjudicados por el Fondecyt Regular. Se menciona la Universidad de Talca.\u00a0<\/a><\/div><div>\u00a0<\/div><div><b>LAS \u00daLTIMAS NOTICIAS<\/b><\/div><div><a href=\"https:\/\/www.litoralpress.cl\/paginaconsultas\/Servicios_NClipSitio\/Get_Imagen_Nota.aspx?LPKey=IDRBBXGPPT7EPWEU22ON24XQKAVDPEEEFQOXYNQBZKZEDV4VXX2CJOKL4F5GF74T2BIEJ7Y3LQPYW\">Dorsal en altura: el fen\u00f3meno que har\u00e1 sudar a la zona central. Se refiere\u00a0Patricio Gonz\u00e1lez Colville, acad\u00e9mico y agroclimat\u00f3logo del Centro de Investigaci\u00f3n y Transferencia en Riego y Agroclimatolog\u00eda (CITRA).<\/a><\/div><div><b>\u00a0<\/b><\/div><div><b>RADIO ADN\u00a0<br \/><\/b><a href=\"https:\/\/www.litoralpress.cl\/sitio\/RadioTV_Detalles.cshtml?LPKey=TNGFZTMFBIFRJKF5RK26J7YSPGR7NYBNVQSAAN3ETN67XDNYFTMFCAZICLB6XWQRJ72QJHZ6JPLRE\">Eval\u00faan presentar un proyecto de ley que busca prohibir los asados en los d\u00edas de bot\u00f3n rojo por altas temperaturas. Se menciona \u00a0Patricio Gonz\u00e1lez Colville, acad\u00e9mico y agroclimat\u00f3logo del Centro de Investigaci\u00f3n y Transferencia en Riego y Agroclimatolog\u00eda (CITRA).\u00a0<\/a><\/div><div><b>\u00a0<\/b><\/div><div><b>AD PRENSA\u00a0<br \/><\/b><a href=\"https:\/\/www.adprensa.cl\/cronica\/universidad-de-talca-registra-exitoso-proceso-de-matriculas-2025\/\">Universidad de Talca registra exitoso proceso de matr\u00edculas 2025. Se refiere Paula Manr\u00edquez, vicerrectora de Formaci\u00f3n.\u00a0<\/a><\/div><div><b>\u00a0<\/b><\/div><div><b>MEDIABANCO<\/b>\u00a0<br \/><a href=\"https:\/\/www.mediabanco.com\/universidad-de-talca-registra-exitoso-proceso-de-matriculas-2025\/\">Universidad de Talca registra exitoso proceso de matr\u00edculas 2025. Se refiere Paula Manr\u00edquez, vicerrectora de Formaci\u00f3n.\u00a0<\/a><\/div><div>\u00a0<\/div><div><b>EL LECTOR<\/b>\u00a0<\/div><div><a href=\"https:\/\/www.litoralpress.cl\/paginaconsultas\/Servicios_NClipSitio\/Get_Imagen_Nota.aspx?LPKey=RLTNH33YDTVC45P7MPQ7MHQWVYCN57RU5LD5CFM3J3OA6AZR6CLXK4BXE4QZ34KPA5EVIXRBMDXDI\">Universidad de Talca registra exitoso proceso de matr\u00edculas 2025. Se refiere Paula Manr\u00edquez, vicerrectora de Formaci\u00f3n.\u00a0<\/a><br \/><br \/><\/div><div><b>G5 NOTICIA<\/b>\u00a0<br \/><a href=\"https:\/\/g5noticias.cl\/2025\/01\/28\/universidad-de-talca-registra-exitoso-proceso-de-matriculas-2025\/\">Universidad de Talca registra exitoso proceso de matr\u00edculas 2025. Se refiere Paula Manr\u00edquez, vicerrectora de Formaci\u00f3n.\u00a0<\/a><\/div><div><b>\u00a0<\/b><\/div><div><b>RADIO LAUTARO<\/b>\u00a0<br \/><a href=\"https:\/\/radiolautarotalca.cl\/utalca-registra-aumento-de-matriculados-este-2025\/\">UTalca registra aumento de matriculados este 2025. Se refiere Paula Manr\u00edquez, vicerrectora de Formaci\u00f3n.\u00a0<\/a><\/div><div>\u00a0<\/div><div><b>EMOL\u00a0<br \/><\/b><a href=\"https:\/\/www.emol.com\/noticias\/Tendencias\/2025\/01\/24\/1155224\/almacenar-medicamentos-ola-de-calor.html\">Evitar ba\u00f1o y cocina: Las recomendaciones para almacenar medicamentos ante olas de calor y los errores m\u00e1s comunes. Se refiere Omar Fuentes, acad\u00e9mico de la Escuela de Enfermer\u00eda.\u00a0<\/a><\/div><div><b>\u00a0<\/b><\/div><div><b>DIARIOS EN RED\u00a0<br \/><\/b><a href=\"https:\/\/www.diarioenred.com\/regional\/kipus-utalca-y-senapred-evaluan-proyectos-de-prevencion-de-riesgos-y\">Kipus-UTalca y Senapred eval\u00faan proyectos de prevenci\u00f3n de riesgos y desastres. Se refiere Mar\u00eda Luisa del Campo, directora del Centro Tecnol\u00f3gico KIPUS. \u00a0<\/a><\/div><div>\u00a0<\/div><div><b>PORTAL RED SALUD\u00a0<br \/><\/b><a href=\"https:\/\/portalredsalud.cl\/2025\/01\/27\/creador-del-concepto-de-zonas-azules-comparte-claves-para-vivir-mas-y-mejor\/\">Creador del concepto de zonas azules comparte claves para vivir m\u00e1s y mejor. Se refiere Iv\u00e1n Palomo, director del Centro Interuniversitario de Envejecimiento Saludable (CIES).\u00a0<\/a><\/div><div>\u00a0<\/div><div><b>HORA DE NOTICIAS<\/b>\u00a0<br \/><a href=\"https:\/\/horadenoticias.cl\/actualidad\/descubrimiento-de-yacimiento-de-cobre-en-china-genera-expectativas-y-desafios-para-chile\">Descubrimiento de yacimiento de cobre en China genera expectativas y desaf\u00edos para Chile. Carlos Moraga Cruz, director de la Escuela de Ingenier\u00eda Civil de Minas.\u00a0<\/a><\/div><div>\u00a0<\/div><div><b>TIERRA AMARILLANO<\/b>\u00a0<br \/><a href=\"https:\/\/tierramarillano.cl\/2025\/01\/28\/nuevo-yacimiento-de-cobre-en-china-como-impacta-a-la-economia-chilena\/\">Nuevo yacimiento de cobre en China: \u00bfC\u00f3mo impacta a la econom\u00eda chilena? Carlos Moraga Cruz, director de la Escuela de Ingenier\u00eda Civil de Minas.\u00a0<\/a><br \/><br \/><\/div><div><b>PORTAL INNOVA\u00a0<br \/><\/b><a href=\"https:\/\/portalinnova.cl\/nuevo-yacimiento-de-cobre-en-china-como-impacta-a-la-economia-chilena\/\">Nuevo yacimiento de cobre en China: \u00bfC\u00f3mo impacta a la econom\u00eda chilena? Carlos Moraga Cruz, director de la Escuela de Ingenier\u00eda Civil de Minas.\u00a0<\/a><b><br \/><\/b><\/div><div><b>EL LECTOR\u00a0<br \/><\/b><a href=\"https:\/\/www.litoralpress.cl\/paginaconsultas\/Servicios_NClipSitio\/Get_Imagen_Nota.aspx?LPKey=4ZLFKR7EV3HIJOSRCJEX574XLZV4LFKOG6WOSZBRFR5YDCXEXKSVWXSLT5P5D4ILCYFHAUV5OCTPA\">Especializaci\u00f3n en Rehabilitaci\u00f3n Oral de la UTalca se acredit\u00f3 por 4 a\u00f1os. Se refiere Rodrigo Giacaman Sarah, decano de la Facultad de Odontolog\u00eda.\u00a0<\/a><b><br \/><\/b><\/div><div><b>PORTAL RED SALUD\u00a0<br \/><\/b><a href=\"https:\/\/portalredsalud.cl\/2025\/01\/27\/universidad-de-talca-firma-acuerdo-de-colaboracion-con-el-servicio-de-salud-maule\/\">Universidad de Talca firma acuerdo de colaboraci\u00f3n con el Servicio de Salud Maule. Se refiere Eduardo \u00c1lvarez, director general de Aseguramiento de la Calidad y Planificaci\u00f3n.\u00a0<\/a><b><br \/><\/b><\/div><div><b>RADIO INFINITA<\/b>\u00a0<br \/><a href=\"https:\/\/www.litoralpress.cl\/sitio\/RadioTV_Detalles.cshtml?LPKey=UBCFQEQH2FO7KSXROQUWOFJMWBRUNX24IEVQ2CU6BHZ7KKQ5PXMQHWGRMJTUIDXVKUPZQ4KJ2NZHS\">Comentario de pol\u00edtica de Mauricio Morales Quiroga, director del Centro de An\u00e1lisis Pol\u00edtico (CAP-UTalca).\u00a0<\/a><br \/><br \/><\/div><div><b>CONSORCIO DE UNIVERSIDADES EL ESTADO DE CHILE<\/b>\u00a0<br \/><a href=\"https:\/\/noticias.uestatales.cl\/red-chilena-revistas-cientificas-fortalecimiento-visibilizacion-conocimiento-cientifico\">Red Chilena de Revistas Cient\u00edficas se re\u00fane por el fortalecimiento y visibilizaci\u00f3n del conocimiento cient\u00edfico. Se refiere Javier Barra, jefe de la Unidad de Gesti\u00f3n de la Investigaci\u00f3n.\u00a0<\/a><br \/><br \/><\/div><div><b>RADIO BEETHOVEN<\/b>\u00a0<br \/><a href=\"https:\/\/www.beethovenfm.cl\/evento\/semanas-musicales-de-frutillar-2025-conciertos-de-mediodia\/\">Semanas Musicales de Frutillar 2025: conciertos de mediod\u00eda. Se menciona la Universidad de Talca. \u00a0<\/a><\/div><div><b>\u00a0<\/b><\/div><div><b>PJUD<\/b>\u00a0<br \/><a href=\"https:\/\/www.pjud.cl\/prensa-y-comunicaciones\/noticias-del-poder-judicial\/120827\">Iv\u00e1n Olavarr\u00eda jura como juez del Octavo Juzgado de Garant\u00eda de Santiago. Se menciona la Universidad de Talca.\u00a0<\/a><br \/><br \/><\/div><div><b>DIARIO EL CENTRO<\/b>\u00a0<br \/><a href=\"https:\/\/www.diarioelcentro.cl\/2025\/01\/28\/la-eternamente-prometida-e-incumplida-modernizacion-de-la-administracion-del-estado\/\">La eternamente prometida e incumplida modernizaci\u00f3n de la Administraci\u00f3n del Estado. Se menciona la Universidad de Talca.\u00a0<\/a><br \/><br \/><\/div><div><b>DERECHO UC<\/b>\u00a0<br \/><a href=\"https:\/\/derecho.uc.cl\/es\/noticias\/37681-doctorando-carlos-alarcon-aprobo-con-distincion-maxima-su-defensa-de-tesis\">Doctorando Carlos Alarc\u00f3n aprob\u00f3 con distinci\u00f3n m\u00e1xima su defensa de tesis. Se menciona la Universidad de Talca.\u00a0<\/a><br \/><br \/><\/div><div id=\"x_Signature\" class=\"x_elementToProof\">\u00a0<\/div><div id=\"x_appendonsend\">\u00a0<\/div><div>\u00a0<\/div><hr \/>\t\t\t\t\t\t<\/div>\n\t\t\t\t<\/div>\n\t\t\t\t\t<\/div>\n\t\t<\/div>\n\t\t\t\t\t\t\t<\/div>\n\t\t<\/section>\n\t\t\t\t\t\t<\/div>\n\t\t\t\t\t<\/div>\n\t\t","protected":false},"excerpt":{"rendered":"<p>EMOL\u00a0Ranking con las 10 universidades con m\u00e1s proyectos adjudicados por el Fondecyt Regular. Se menciona la Universidad de Talca.\u00a0\u00a0LAS \u00daLTIMAS NOTICIASDorsal en altura: el fen\u00f3meno que har\u00e1 sudar a la zona central. Se refiere\u00a0Patricio Gonz\u00e1lez Colville, acad\u00e9mico y agroclimat\u00f3logo del Centro de Investigaci\u00f3n y Transferencia en Riego y Agroclimatolog\u00eda (CITRA).\u00a0RADIO ADN\u00a0Eval\u00faan presentar un proyecto de &hellip;<\/p>\n<p class=\"read-more\"> <a class=\"\" href=\"https:\/\/www.reportedeprensa.utalca.cl\/?p=11438\"> <span class=\"screen-reader-text\">29 de enero 2025<\/span> Read More &raquo;<\/a><\/p>\n","protected":false},"author":1,"featured_media":0,"comment_status":"closed","ping_status":"open","sticky":false,"template":"","format":"standard","meta":{"_monsterinsights_skip_tracking":false,"_monsterinsights_sitenote_active":false,"_monsterinsights_sitenote_note":"","_monsterinsights_sitenote_category":0},"categories":[56],"tags":[],"_links":{"self":[{"href":"https:\/\/www.reportedeprensa.utalca.cl\/index.php?rest_route=\/wp\/v2\/posts\/11438"}],"collection":[{"href":"https:\/\/www.reportedeprensa.utalca.cl\/index.php?rest_route=\/wp\/v2\/posts"}],"about":[{"href":"https:\/\/www.reportedeprensa.utalca.cl\/index.php?rest_route=\/wp\/v2\/types\/post"}],"author":[{"embeddable":true,"href":"https:\/\/www.reportedeprensa.utalca.cl\/index.php?rest_route=\/wp\/v2\/users\/1"}],"replies":[{"embeddable":true,"href":"https:\/\/www.reportedeprensa.utalca.cl\/index.php?rest_route=%2Fwp%2Fv2%2Fcomments&post=11438"}],"version-history":[{"count":4,"href":"https:\/\/www.reportedeprensa.utalca.cl\/index.php?rest_route=\/wp\/v2\/posts\/11438\/revisions"}],"predecessor-version":[{"id":11445,"href":"https:\/\/www.reportedeprensa.utalca.cl\/index.php?rest_route=\/wp\/v2\/posts\/11438\/revisions\/11445"}],"wp:attachment":[{"href":"https:\/\/www.reportedeprensa.utalca.cl\/index.php?rest_route=%2Fwp%2Fv2%2Fmedia&parent=11438"}],"wp:term":[{"taxonomy":"category","embeddable":true,"href":"https:\/\/www.reportedeprensa.utalca.cl\/index.php?rest_route=%2Fwp%2Fv2%2Fcategories&post=11438"},{"taxonomy":"post_tag","embeddable":true,"href":"https:\/\/www.reportedeprensa.utalca.cl\/index.php?rest_route=%2Fwp%2Fv2%2Ftags&post=11438"}],"curies":[{"name":"wp","href":"https:\/\/api.w.org\/{rel}","templated":true}]}}