{"id":11450,"date":"2025-01-30T10:46:01","date_gmt":"2025-01-30T13:46:01","guid":{"rendered":"https:\/\/www.reportedeprensa.utalca.cl\/?p=11450"},"modified":"2025-01-30T10:47:18","modified_gmt":"2025-01-30T13:47:18","slug":"30-de-enero-2025","status":"publish","type":"post","link":"https:\/\/www.reportedeprensa.utalca.cl\/?p=11450","title":{"rendered":"30 de enero 2025"},"content":{"rendered":"\t\t<div data-elementor-type=\"wp-post\" data-elementor-id=\"11450\" class=\"elementor elementor-11450\" data-elementor-settings=\"[]\">\n\t\t\t\t\t\t\t<div class=\"elementor-section-wrap\">\n\t\t\t\t\t\t\t<section class=\"elementor-section elementor-top-section elementor-element elementor-element-bcea1a8 elementor-section-boxed elementor-section-height-default elementor-section-height-default\" data-id=\"bcea1a8\" data-element_type=\"section\">\n\t\t\t\t\t\t<div class=\"elementor-container elementor-column-gap-default\">\n\t\t\t\t\t<div class=\"elementor-column elementor-col-100 elementor-top-column elementor-element elementor-element-e7183bf\" data-id=\"e7183bf\" data-element_type=\"column\">\n\t\t\t<div class=\"elementor-widget-wrap elementor-element-populated\">\n\t\t\t\t\t\t\t\t<div class=\"elementor-element elementor-element-52029f5 elementor-widget elementor-widget-text-editor\" data-id=\"52029f5\" data-element_type=\"widget\" data-widget_type=\"text-editor.default\">\n\t\t\t\t<div class=\"elementor-widget-container\">\n\t\t\t\t\t\t\t\t<div><b data-olk-copy-source=\"MessageBody\">CANAL CNN\u00a0CHILE<\/b><\/div><div><a href=\"https:\/\/www.litoralpress.cl\/sitio\/RadioTV_Detalles.cshtml?LPKey=NBWUWZA52WN7K3CXHBRUYUFBP7UYQ6VMOJXN256ZJIKGC6ZNXYK2CALGNAVZLLO2IDN7RN5WD4IHG\">Medidas de cuidado frente a las altas temperaturas. Entrevista a Mar\u00eda Ester Mu\u00f1oz, acad\u00e9mica del Departamento de Ciencias del Cuidado\u00a0<\/a><\/div><div>\u00a0<\/div><div><b>CANAL MEGA\u00a0<\/b><\/div><div><a href=\"https:\/\/www.litoralpress.cl\/sitio\/RadioTV_Detalles.cshtml?LPKey=56THLRA6MF42JAWNELF6UHSNFOMVBTD6YOXV7SPHUH6PVTLLIHIFMH3XDMAAT6GMWOFRVBFFDMHAE\">Inquietud por fentanilo en Chile. Se refiere Jessica Z\u00fa\u00f1iga Hern\u00e1ndez, acad\u00e9mica del Departamento de Microbiolog\u00eda.\u00a0<\/a><\/div><div>\u00a0<\/div><div><b>EL MOSTRADOR<\/b>\u00a0<br \/><a href=\"https:\/\/www.elmostrador.cl\/tendencias\/2025\/01\/29\/ministerio-de-agricultura-anuncia-proyecto-de-ley-que-prohibe-los-asados-en-dias-de-calor-extremo\/\">Ministerio de agricultura anuncia proyecto de ley que proh\u00edbe los asados en d\u00edas de calor extremo. Se refiere Patricio Gonz\u00e1lez Colville, agroclimat\u00f3logo y acad\u00e9mico del Centro de Investigaci\u00f3n y Transferencia en Riego y Agroclimatolog\u00eda (CITRA).\u00a0<\/a><br \/><br \/><\/div><div><b>RADIO COOPERATIVA\u00a0<br \/><\/b><a href=\"https:\/\/www.litoralpress.cl\/sitio\/RadioTV_Detalles.cshtml?LPKey=GOB72PRVIBHR7PTXFQN5CJZPKJCINM5CAOFGLDU2T2ZRBRRI6I23M7QSPHU5JXLNWNPHXVWWY7CVI\">El ministro Esteban Valenzuela anunci\u00f3 proyecto de ley para prohibir los asados los d\u00edas de altas temperaturas para disminuir los riesgos de incendios forestales. Se refiere Patricio Gonz\u00e1lez Colville, agroclimat\u00f3logo y acad\u00e9mico del Centro de Investigaci\u00f3n y Transferencia en Riego y Agroclimatolog\u00eda (CITRA).\u00a0<\/a><\/div><div>\u00a0<\/div><div><b>COOPERATIVA.CL<\/b>\u00a0<br \/><a href=\"https:\/\/www.cooperativa.cl\/noticias\/pais\/gobierno\/gobierno-anuncia-proyecto-que-prohibe-los-asados-en-dias-de-calor\/2025-01-29\/135559.html\">Gobierno anuncia proyecto que proh\u00edbe los asados en d\u00edas de calor extremo. Se refiere Patricio Gonz\u00e1lez Colville, agroclimat\u00f3logo y acad\u00e9mico del Centro de Investigaci\u00f3n y Transferencia en Riego y Agroclimatolog\u00eda (CITRA).\u00a0<\/a><\/div><div><b>\u00a0<\/b><\/div><div><b>LAS \u00daLTIMAS NOTICIAS\u00a0<\/b><\/div><div><a href=\"https:\/\/www.litoralpress.cl\/paginaconsultas\/Servicios_NClipSitio\/Get_Imagen_Nota.aspx?LPKey=IDRBBXGPPT7EPWEU22ON24XQKAR7YSRUOCUWPPDL7DWBVJ3PQ4TR67PSTNXSBNUAY2AAXPRBSN6WU\">Dorsal en altura: el fen\u00f3meno que har\u00e1 sudar a la zona central. Se refiere Patricio Gonz\u00e1lez Colville, agroclimat\u00f3logo y acad\u00e9mico del Centro de Investigaci\u00f3n y Transferencia en Riego y Agroclimatolog\u00eda (CITRA).\u00a0<\/a><\/div><div>\u00a0<\/div><div><b>MSN CHILE<\/b>\u00a0<br \/><a href=\"https:\/\/www.msn.com\/es-cl\/noticias\/chile\/gobierno-anuncia-proyecto-que-proh%C3%ADbe-los-asados-en-d%C3%ADas-de-calor-extremo\/ar-AA1y4wm9\">Gobierno anuncia proyecto que proh\u00edbe los asados en d\u00edas de calor extremo. Se refiere Patricio Gonz\u00e1lez Colville, agroclimat\u00f3logo y acad\u00e9mico del Centro de Investigaci\u00f3n y Transferencia en Riego y Agroclimatolog\u00eda (CITRA).\u00a0<\/a><br \/><br \/><\/div><div><b>RADIO CAMILA TV<\/b>\u00a0<br \/><a href=\"https:\/\/www.vlnradio.cl\/noticias\/nacional\/2025\/01\/29\/gobierno-anuncia-proyecto-que-prohibe-los-asados-en-dias-de-calor-extremo\/\">Gobierno anuncia proyecto que proh\u00edbe los asados en d\u00edas de calor extremo. Se refiere Patricio Gonz\u00e1lez Colville, agroclimat\u00f3logo y acad\u00e9mico del Centro de Investigaci\u00f3n y Transferencia en Riego y Agroclimatolog\u00eda (CITRA).\u00a0<\/a><br \/>\u00a0<\/div><div><b>VIVIMOS LA NOTICIA<\/b>\u00a0<br \/><a href=\"https:\/\/www.vlnradio.cl\/noticias\/nacional\/2025\/01\/29\/gobierno-anuncia-proyecto-que-prohibe-los-asados-en-dias-de-calor-extremo\/\">Gobierno anuncia proyecto que proh\u00edbe los asados en d\u00edas de calor extremo. Se refiere Patricio Gonz\u00e1lez Colville, agroclimat\u00f3logo y acad\u00e9mico del Centro de Investigaci\u00f3n y Transferencia en Riego y Agroclimatolog\u00eda (CITRA).\u00a0<\/a><br \/><br \/><\/div><div><b>VILAS RADIO<\/b>\u00a0<br \/><a href=\"https:\/\/vilasradio.cl\/presentaran-proyecto-que-prohibe-realizar-asados-en-dias-de-calor-extremo-se-busca-evitar-incendios-forestales\/\">Presentar\u00e1n proyecto que proh\u00edbe realizar asados en d\u00edas de calor extremo: se busca evitar incendios forestales. Se refiere Patricio Gonz\u00e1lez Colville, agroclimat\u00f3logo y acad\u00e9mico del Centro de Investigaci\u00f3n y Transferencia en Riego y Agroclimatolog\u00eda (CITRA).\u00a0<\/a><br \/><br \/><\/div><div><b>RADIO MARAY<\/b>\u00a0<br \/><a href=\"https:\/\/www.maray.cl\/pais\/29\/01\/2025\/gobierno-anuncia-proyecto-que-prohibe-los-asados-en-dias-de-calor-extremo\/\">Gobierno anuncia proyecto que proh\u00edbe los asados en d\u00edas de calor extremo. Se refiere Patricio Gonz\u00e1lez Colville, agroclimat\u00f3logo y acad\u00e9mico del Centro de Investigaci\u00f3n y Transferencia en Riego y Agroclimatolog\u00eda (CITRA).\u00a0<\/a><br \/><br \/><\/div><div><b>RED HOY<\/b>\u00a0<br \/><a href=\"https:\/\/redhoy.cl\/2025\/01\/29\/gobierno-anuncia-proyecto-que-prohibe-los-asados-en-dias-de-calor-extremo\/\">Gobierno anuncia proyecto que proh\u00edbe los asados en d\u00edas de calor extremo,. Se refiere Patricio Gonz\u00e1lez Colville, agroclimat\u00f3logo y acad\u00e9mico del Centro de Investigaci\u00f3n y Transferencia en Riego y Agroclimatolog\u00eda (CITRA).\u00a0<\/a><br \/><br \/><\/div><div><b>HOY MAULE<\/b>\u00a0<br \/><a href=\"https:\/\/hoymaule.cl\/2025\/01\/29\/gobierno-anuncia-proyecto-que-prohibe-los-asados-en-dias-de-calor-extremo\/\">Gobierno anuncia proyecto que proh\u00edbe los asados en d\u00edas de calor extremo. Se refiere Patricio Gonz\u00e1lez Colville, agroclimat\u00f3logo y acad\u00e9mico del Centro de Investigaci\u00f3n y Transferencia en Riego y Agroclimatolog\u00eda (CITRA).\u00a0<\/a><br \/><br \/><\/div><div><b>HOY \u00d1U\u00d1OA<\/b>\u00a0<br \/><a href=\"https:\/\/hoynunoa.cl\/2025\/01\/29\/gobierno-anuncia-proyecto-que-prohibe-los-asados-en-dias-de-calor-extremo\/\">Gobierno anuncia proyecto que proh\u00edbe los asados en d\u00edas de calor extremo. Se refiere Patricio Gonz\u00e1lez Colville, agroclimat\u00f3logo y acad\u00e9mico del Centro de Investigaci\u00f3n y Transferencia en Riego y Agroclimatolog\u00eda (CITRA).\u00a0<\/a><br \/><br \/><\/div><div><b>HOY SAN MIGUEL<\/b>\u00a0<br \/><a href=\"https:\/\/hoysanmiguel.cl\/2025\/01\/29\/gobierno-anuncia-proyecto-que-prohibe-los-asados-en-dias-de-calor-extremo\/\">Gobierno anuncia proyecto que proh\u00edbe los asados en d\u00edas de calor extremo. Se refiere Patricio Gonz\u00e1lez Colville, agroclimat\u00f3logo y acad\u00e9mico del Centro de Investigaci\u00f3n y Transferencia en Riego y Agroclimatolog\u00eda (CITRA).\u00a0<\/a><br \/><br \/><\/div><div><b>HOY SANTIAGO<\/b>\u00a0<br \/><a href=\"https:\/\/hoysantiago.cl\/2025\/01\/29\/gobierno-anuncia-proyecto-que-prohibe-los-asados-en-dias-de-calor-extremo\/\">Gobierno anuncia proyecto que proh\u00edbe los asados en d\u00edas de calor extremo. Se refiere Patricio Gonz\u00e1lez Colville, agroclimat\u00f3logo y acad\u00e9mico del Centro de Investigaci\u00f3n y Transferencia en Riego y Agroclimatolog\u00eda (CITRA).\u00a0<\/a><\/div><div>\u00a0<\/div><div><b>AD PRENSA\u00a0<br \/><\/b><a href=\"https:\/\/www.adprensa.cl\/actividades-academicas\/estudiaran-impacto-del-estado-nutricional-de-la-madre-en-el-lactante\/\">Estudiar\u00e1n impacto del estado nutricional de la madre en el lactante. Se refiere Karen Abrigo Blanc, acad\u00e9mica de la carrera de Nutrici\u00f3n y Diet\u00e9tica.\u00a0<\/a><\/div><div><b>\u00a0<\/b><\/div><div><b>RADIO ANCOA<\/b>\u00a0<br \/><a href=\"https:\/\/www.radioancoa.cl\/categoria\/local\/investigacion-analizara-impacto-nutricional-materno-alimentacion-lactante\">Investigaci\u00f3n analizar\u00e1 impacto del estado nutricional materno en la alimentaci\u00f3n del lactante. Se refiere Karen Abrigo Blanc, acad\u00e9mica de la carrera de Nutrici\u00f3n y Diet\u00e9tica.\u00a0<\/a><br \/><br \/><\/div><div><b>MEDIABANCO<\/b>\u00a0<br \/><a href=\"https:\/\/www.mediabanco.com\/estudiaran-impacto-del-estado-nutricional-de-la-madre-en-el-lactante\/\">Estudiar\u00e1n impacto del estado nutricional de la madre en el lactante. Se refiere Karen Abrigo Blanc, acad\u00e9mica de la carrera de Nutrici\u00f3n y Diet\u00e9tica.\u00a0<\/a><\/div><div>\u00a0<\/div><div><b>MAULE HOY\u00a0<br \/><\/b><a href=\"https:\/\/www.litoralpress.cl\/sitio\/Prensa_Detalles.cshtml?LPKey=A42CGUIICLJAOKXNC73TSLHNEPJGKFPJWERWXM3QCNGXWUUKZL2A\">Universidad de Talca inici\u00f3 tercera etapa de Programa Ingenier\u00eda 2030. Se refiere Carlos Torres Fuchslocher, rector y Marcela Gonz\u00e1lez Araya, decana Facultad de Ingenier\u00eda.\u00a0<\/a><b><br \/><\/b><\/div><div>\u00a0<\/div><div><b>DIARIO EL HERALDO<\/b>\u00a0<br \/><a href=\"https:\/\/www.diarioelheraldo.cl\/noticia\/universidad-de-talca-registra-exitoso-proceso-de-matriculas-2025\">Universidad de Talca registra exitoso proceso de matr\u00edculas 2025. Se refiere Paula Manr\u00edquez, vicerrectora de Formaci\u00f3n.<\/a>\u00a0<br \/><br \/><\/div><div><b>PUBLIMICRO<\/b>\u00a0<br \/><a href=\"https:\/\/publimicro.cl\/universidad-de-talca-registra-exitoso-proceso-de-matriculas-2025\/\">Universidad de Talca registra exitoso proceso de matr\u00edculas 2025. Se refiere Paula Manr\u00edquez, vicerrectora de Formaci\u00f3n.<\/a>\u00a0<br \/><br \/><\/div><div><b>EL HERALDO\u00a0<br \/><\/b><a href=\"https:\/\/www.litoralpress.cl\/paginaconsultas\/Servicios_NClipSitio\/Get_Imagen_Nota.aspx?LPKey=HQ2TDZCJIDZP2VAUXMPF7CS7QWLNBKAWINYGIQNC3NVZBVKWYQED5PJL34IROTMLOSQAJ2IZEIITY\">Universidad de Talca registra exitoso proceso de matr\u00edculas 2025. Se refiere Paula Manr\u00edquez, vicerrectora de Formaci\u00f3n.\u00a0<\/a><b><br \/><\/b><\/div><div><b>EL LECTOR<\/b>\u00a0<br \/><a href=\"https:\/\/www.litoralpress.cl\/paginaconsultas\/Servicios_NClipSitio\/Get_Imagen_Nota.aspx?LPKey=HQ2TDZCJIDZP2VAUXMPF7CS7QWLNBKAWINYGIQNC3NVZBVKWYQED5PJL34IROTMLOSQAJ2IZEIITY\">Universidad de Talca registra exitoso proceso de matr\u00edculas 2025. Se refiere Paula Manr\u00edquez, vicerrectora de Formaci\u00f3n.\u00a0<\/a><br \/><br \/><\/div><div><b>S\u00c9PTIMA P\u00c1GINAS NOTICIAS\u00a0<br \/><\/b><a href=\"https:\/\/www.septimapaginanoticias.cl\/nuevo-yacimiento-de-cobre-en-china-como-impacta-a-la-economia-chilena\">Nuevo yacimiento de cobre en China: \u00bfC\u00f3mo impacta a la econom\u00eda chilena? Se refiere Carlos Moraga Cruz, director de la Escuela de Ingenier\u00eda Civil de Minas.\u00a0<\/a><b><br \/><\/b><\/div><div>\u00a0<\/div><div><b>TV5<\/b>\u00a0<br \/><a href=\"https:\/\/www.tv5.cl\/categoria\/local\/impacto-yacimiento-cobre-chino-chile\">Impacto del nuevo yacimiento de cobre chino en Chile. Se refiere Carlos Moraga Cruz, director de la Escuela de Ingenier\u00eda Civil de Minas.\u00a0<\/a><br \/><br \/><\/div><div><b>RADIO ANCOA<\/b>\u00a0<br \/><a href=\"https:\/\/www.radioancoa.cl\/categoria\/regional\/impacto-yacimiento-cobre-chino-chile\">Impacto del nuevo yacimiento de cobre chino en Chile. Se refiere Carlos Moraga Cruz, director de la Escuela de Ingenier\u00eda Civil de Minas.\u00a0<\/a><\/div><div aria-hidden=\"true\">\u00a0<\/div><div><b>DIARIO EL HERALDO<\/b>\u00a0<br \/><a href=\"https:\/\/www.diarioelheraldo.cl\/noticia\/fia-destaca-a-las-mujeres-agroinnovadoras-2024-de-todo-el-pais-por-su-liderazgo-que-inspira-y-transforma-el-agro-chileno\">FIA destaca a las Mujeres Agroinnovadoras 2024 de todo el pa\u00eds por su liderazgo que inspira y transforma el agro chileno. Se refiere Gilda Carrasco, acad\u00e9mica Facultad de Ciencias Agrarias.\u00a0<\/a><br \/><br \/><\/div><div><b>DIARIO CURIC\u00d3\u00a0<br \/><\/b><a href=\"https:\/\/diariocurico.cl\/destaca-a-mujeres-agroinnovadoras-por-su-liderazgo-que-inspira-y-transforma-el-agro-chileno\/\">Destacan a Mujeres Agroinnovadoras por su liderazgo que inspira y transforma el agro chileno. Se refiere Gilda Carrasco, acad\u00e9mica Facultad de Ciencias Agrarias.\u00a0<\/a><b><br \/><\/b><\/div><div>\u00a0<\/div><div><b>RADIO LAUTARO\u00a0<br \/><\/b><a href=\"https:\/\/radiolautarotalca.cl\/utalca-firmo-acuerdo-de-colaboracion-con-el-servicio-de-salud-maule\/\">UTalca firm\u00f3 acuerdo de colaboraci\u00f3n con el Servicio de Salud Maule. Se refiere Eduardo \u00c1lvarez, director general de Aseguramiento de la Calidad y Planificaci\u00f3n.\u00a0<\/a><b><br \/><\/b><\/div>\t\t\t\t\t\t<\/div>\n\t\t\t\t<\/div>\n\t\t\t\t\t<\/div>\n\t\t<\/div>\n\t\t\t\t\t\t\t<\/div>\n\t\t<\/section>\n\t\t\t\t\t\t<\/div>\n\t\t\t\t\t<\/div>\n\t\t","protected":false},"excerpt":{"rendered":"<p>CANAL CNN\u00a0CHILEMedidas de cuidado frente a las altas temperaturas. Entrevista a Mar\u00eda Ester Mu\u00f1oz, acad\u00e9mica del Departamento de Ciencias del Cuidado\u00a0\u00a0CANAL MEGA\u00a0Inquietud por fentanilo en Chile. Se refiere Jessica Z\u00fa\u00f1iga Hern\u00e1ndez, acad\u00e9mica del Departamento de Microbiolog\u00eda.\u00a0\u00a0EL MOSTRADOR\u00a0Ministerio de agricultura anuncia proyecto de ley que proh\u00edbe los asados en d\u00edas de calor extremo. Se refiere Patricio &hellip;<\/p>\n<p class=\"read-more\"> <a class=\"\" href=\"https:\/\/www.reportedeprensa.utalca.cl\/?p=11450\"> <span class=\"screen-reader-text\">30 de enero 2025<\/span> Read More &raquo;<\/a><\/p>\n","protected":false},"author":1,"featured_media":0,"comment_status":"closed","ping_status":"open","sticky":false,"template":"","format":"standard","meta":{"_monsterinsights_skip_tracking":false,"_monsterinsights_sitenote_active":false,"_monsterinsights_sitenote_note":"","_monsterinsights_sitenote_category":0},"categories":[56],"tags":[],"_links":{"self":[{"href":"https:\/\/www.reportedeprensa.utalca.cl\/index.php?rest_route=\/wp\/v2\/posts\/11450"}],"collection":[{"href":"https:\/\/www.reportedeprensa.utalca.cl\/index.php?rest_route=\/wp\/v2\/posts"}],"about":[{"href":"https:\/\/www.reportedeprensa.utalca.cl\/index.php?rest_route=\/wp\/v2\/types\/post"}],"author":[{"embeddable":true,"href":"https:\/\/www.reportedeprensa.utalca.cl\/index.php?rest_route=\/wp\/v2\/users\/1"}],"replies":[{"embeddable":true,"href":"https:\/\/www.reportedeprensa.utalca.cl\/index.php?rest_route=%2Fwp%2Fv2%2Fcomments&post=11450"}],"version-history":[{"count":4,"href":"https:\/\/www.reportedeprensa.utalca.cl\/index.php?rest_route=\/wp\/v2\/posts\/11450\/revisions"}],"predecessor-version":[{"id":11454,"href":"https:\/\/www.reportedeprensa.utalca.cl\/index.php?rest_route=\/wp\/v2\/posts\/11450\/revisions\/11454"}],"wp:attachment":[{"href":"https:\/\/www.reportedeprensa.utalca.cl\/index.php?rest_route=%2Fwp%2Fv2%2Fmedia&parent=11450"}],"wp:term":[{"taxonomy":"category","embeddable":true,"href":"https:\/\/www.reportedeprensa.utalca.cl\/index.php?rest_route=%2Fwp%2Fv2%2Fcategories&post=11450"},{"taxonomy":"post_tag","embeddable":true,"href":"https:\/\/www.reportedeprensa.utalca.cl\/index.php?rest_route=%2Fwp%2Fv2%2Ftags&post=11450"}],"curies":[{"name":"wp","href":"https:\/\/api.w.org\/{rel}","templated":true}]}}