{"id":11460,"date":"2025-03-04T10:58:28","date_gmt":"2025-03-04T13:58:28","guid":{"rendered":"https:\/\/www.reportedeprensa.utalca.cl\/?p=11460"},"modified":"2025-03-11T15:52:13","modified_gmt":"2025-03-11T18:52:13","slug":"04-de-marzo-2025","status":"publish","type":"post","link":"https:\/\/www.reportedeprensa.utalca.cl\/?p=11460","title":{"rendered":"04 de marzo 2025"},"content":{"rendered":"\t\t<div data-elementor-type=\"wp-post\" data-elementor-id=\"11460\" class=\"elementor elementor-11460\" data-elementor-settings=\"[]\">\n\t\t\t\t\t\t\t<div class=\"elementor-section-wrap\">\n\t\t\t\t\t\t\t<section class=\"elementor-section elementor-top-section elementor-element elementor-element-bcea1a8 elementor-section-boxed elementor-section-height-default elementor-section-height-default\" data-id=\"bcea1a8\" data-element_type=\"section\">\n\t\t\t\t\t\t<div class=\"elementor-container elementor-column-gap-default\">\n\t\t\t\t\t<div class=\"elementor-column elementor-col-100 elementor-top-column elementor-element elementor-element-e7183bf\" data-id=\"e7183bf\" data-element_type=\"column\">\n\t\t\t<div class=\"elementor-widget-wrap elementor-element-populated\">\n\t\t\t\t\t\t\t\t<div class=\"elementor-element elementor-element-52029f5 elementor-widget elementor-widget-text-editor\" data-id=\"52029f5\" data-element_type=\"widget\" data-widget_type=\"text-editor.default\">\n\t\t\t\t<div class=\"elementor-widget-container\">\n\t\t\t\t\t\t\t\t<div class=\"x_elementToProof\"><b data-olk-copy-source=\"MessageBody\">CANAL MEGA<br \/><\/b><a href=\"https:\/\/www.litoralpress.cl\/sitio\/RadioTV_Detalles.cshtml?LPKey=QGVXOAVTCPVOW3YRBKX2K5SHVXVLI4ZPAEACT254WPGDYH4OMVSM4A6QVV4GRG4LPFND667UU64TQ\">Inquietud por fentanilo en Chile. Se refiere Jessica Z\u00fa\u00f1iga Hern\u00e1ndez, acad\u00e9mica Departamento Ciencias B\u00e1sicas Biom\u00e9dicas.<\/a><\/div><div class=\"x_elementToProof\"><b>\u00a0<\/b><\/div><div class=\"x_elementToProof\"><b>COOPERATIVA CIENCIA<br \/><\/b><a href=\"https:\/\/www.cooperativaciencia.cl\/cop16\/2025\/01\/31\/altas-temperaturas-podrian-danar-los-medicamentos-como-almacenarlos-de-forma-correcta\/\">Altas temperaturas podr\u00edan da\u00f1ar los medicamentos: \u00bfC\u00f3mo almacenarlos de forma correcta? Se refiere Omar Fuentes, acad\u00e9mico de la Escuela de Enfermer\u00eda.\u00a0<\/a><b><br \/><\/b><\/div><div class=\"x_elementToProof\"><b>\u00a0<\/b><\/div><div class=\"x_elementToProof\"><b>EL MOSTRADOR<br \/><\/b><a href=\"https:\/\/www.elmostrador.cl\/mercados\/2025\/01\/30\/nuevo-yacimiento-de-cobre-en-china-como-impacta-a-la-economia-chilena\/\">Nuevo yacimiento de cobre en China: \u00bfc\u00f3mo impacta a la econom\u00eda chilena? Se refiere Carlos Moraga Cruz, director de la Escuela de Ingenier\u00eda Civil de Minas de UTalca.<\/a><b><br \/><\/b><\/div><div class=\"x_elementToProof\">\u00a0<\/div><div class=\"x_elementToProof\"><b>RADIO COOPERATIVA<br \/><\/b><a href=\"https:\/\/www.litoralpress.cl\/sitio\/RadioTV_Detalles.cshtml?LPKey=FMEO33BY7ZBTXHLIJW6HDWUHWW5FJF32WADQJWEA4773MWVY2YROGOWSZLCE7XVM6IBSJMD3YKYJS\">El ministro Esteban Valenzuela anunci\u00f3 proyecto de ley para prohibir los asados los d\u00edas de altas temperaturas para disminuir los riesgos de incendios forestales. Se refiere Patricio Gonz\u00e1lez Colville, agroclimat\u00f3logo y acad\u00e9mico del Centro de Investigaci\u00f3n y Transferencia en Riego y Agroclimatolog\u00eda (CITRA).\u00a0<\/a><b><br \/><\/b><b><br \/><\/b><\/div><div class=\"x_elementToProof\"><p><b>CANAL T13<\/b><br \/><a href=\"https:\/\/www.litoralpress.cl\/sitio\/RadioTV_Detalles.cshtml?LPKey=IQOD5JVHN6R3TBCJXETO4VWZGSFPIJ2E3YJM2UX6AENP6AMG7CI4Q65TZKOKCNMIMVFSF43JMZNYI\">Entrevista a Patricio Gonz\u00e1lez, agroclimat\u00f3logo y acad\u00e9mico del Centro de Investigaci\u00f3n y Transferencia en Riego y Agroclimatolog\u00eda (CITRA).\u00a0<\/a><\/p><\/div><div class=\"x_elementToProof\"><b>RADIO SAGO<\/b><br \/><a href=\"https:\/\/www.radiosago.cl\/ministerio-de-agricultura-anuncia-proyecto-de-ley-que-prohibe-los-asados-en-dias-de-calor-extremo\/\">Ministerio de Agricultura anuncia proyecto de ley que proh\u00edbe los asados en d\u00edas de calor extremo. Se refiere Patricio Gonz\u00e1lez, agroclimat\u00f3logo y acad\u00e9mico del Centro de Investigaci\u00f3n y Transferencia en Riego y Agroclimatolog\u00eda (CITRA)<\/a>.\u00a0<\/div><div class=\"x_elementToProof\">\u00a0<\/div><div class=\"x_elementToProof\"><b>COOPERATIVA CIENCIA<br \/><\/b><a href=\"https:\/\/www.cooperativaciencia.cl\/medio-ambiente\/2025\/02\/03\/febrero-seguira-caluroso-se-esperan-nuevas-olas-de-calor-en-la-zona-central-del-pais\/\">Febrero seguir\u00e1 caluroso: se esperan nuevas olas de calor en la zona central del pa\u00eds. Se refiere Patricio Gonz\u00e1lez Colville, agroclimat\u00f3logo y acad\u00e9mico del Centro de Investigaci\u00f3n y Transferencia en Riego y Agroclimatolog\u00eda (CITRA).<\/a><a href=\"https:\/\/www.cooperativaciencia.cl\/medio-ambiente\/2025\/02\/03\/febrero-seguira-caluroso-se-esperan-nuevas-olas-de-calor-en-la-zona-central-del-pais\/\">\u00a0<\/a><br \/><u><a id=\"OWA093464b7-eabb-3f92-af74-7005f46d33d7\" class=\"x_OWAAutoLink\" title=\"https:\/\/www.cooperativaciencia.cl\/medio-ambiente\/2025\/02\/03\/febrero-seguira-caluroso-se-esperan-nuevas-olas-de-calor-en-la-zona-central-del-pais\/\" href=\"https:\/\/www.cooperativaciencia.cl\/medio-ambiente\/2025\/02\/03\/febrero-seguira-caluroso-se-esperan-nuevas-olas-de-calor-en-la-zona-central-del-pais\/\" target=\"_blank\" rel=\"noopener noreferrer\" data-auth=\"NotApplicable\" data-linkindex=\"6\"><\/a><\/u><\/div><div>\u00a0<\/div><div class=\"x_elementToProof\"><b>EL MERCURIO<br \/><\/b><a href=\"https:\/\/www.litoralpress.cl\/paginaconsultas\/Servicios_NClipSitio\/Get_Imagen_Nota.aspx?LPKey=O4URTWWWUW4RCQZTXV3HXZXWJA7EVDKLCA3G4HPPMKIGNJERE25BRL466WEERYO5USD2SURVNTNN4\">Jara se perfila como carta presidencial del PC y los efectos de la reforma sobre Matthei son a\u00fan inciertos. Se refiere Mauricio Morales Quiroga, director de Centro de An\u00e1lisis Pol\u00edtico (CAP).<\/a><br \/><b><br \/>EMOL<\/b><br \/><a href=\"https:\/\/www.emol.com\/noticias\/Nacional\/2025\/01\/31\/1155985\/reforma-de-pensiones-y-presidenciales.html\">M\u00e1s all\u00e1 de su despacho: C\u00f3mo impactar\u00e1 la reforma de pensiones en la carrera presidencial. Se refiere Mauricio Morales Quiroga, director de Centro de An\u00e1lisis Pol\u00edtico (CAP).<\/a><\/div><div class=\"x_elementToProof\" aria-hidden=\"true\">\u00a0<\/div><div class=\"x_elementToProof\"><b>G5 NOTICIAS<br \/><\/b><a href=\"https:\/\/g5noticias.cl\/2025\/02\/03\/vacaciones-y-economia-familiar-sugieren-ser-cautos-y-planificar-los-gastos\/\">Vacaciones y econom\u00eda familiar: sugieren ser cautos y planificar los gastos. Se refiere Pablo Neud\u00f6rfer, acad\u00e9mico de la Facultad de Econom\u00eda y Negocios.<\/a><b><br \/><\/b><b><br \/><\/b><\/div><div class=\"x_elementToProof\"><p><b>VIVIMOS LA NOTICIA<\/b><br \/><a href=\"https:\/\/www.vlnradio.cl\/noticias\/actualidad\/2025\/02\/03\/vacaciones-inteligentes-consejos-para-cuidar-tu-bolsillo-este-verano\/\">Vacaciones inteligentes: Consejos para cuidar tu bolsillo este verano. Se refiere Pablo Neud\u00f6rfer, acad\u00e9mico de la Facultad de Econom\u00eda y Negocios.<\/a><\/p><\/div><div class=\"x_elementToProof\"><b>MEDIA BANCO<\/b><br \/><a href=\"https:\/\/www.mediabanco.com\/vacaciones-y-economia-familiar-sugieren-ser-cautos-y-planificar-los-gastos\/\">Vacaciones y econom\u00eda familiar: sugieren ser cautos y planificar los gastos. Se refiere Pablo Neud\u00f6rfer, acad\u00e9mico de la Facultad de Econom\u00eda y Negocios.<\/a><\/div><div class=\"x_elementToProof\">\u00a0<\/div><div class=\"x_elementToProof\"><b>DIARIO TALCA<br \/><\/b><a href=\"https:\/\/www.litoralpress.cl\/paginaconsultas\/Servicios_NClipSitio\/Get_Imagen_Nota.aspx?LPKey=GERAVTTLUYCB3PM3CUAQWAZ7XFKXVIC4F5ENYQYGCJVATAKVX5UXDAP3JCJBSLBYQ6MMYGAEKKICY\">\u00bfQue son las infiltraciones de aire? Este a\u00f1o entra en vigencia nueva normativa para edificaciones. Se refiere Mar\u00eda Luisa del Campo, directora del Centro Tecnol\u00f3gico Kipus.<\/a><b><br \/><\/b><\/div><div class=\"x_elementToProof\">\u00a0<\/div><div class=\"x_elementToProof\"><b>DIARIOS EN RED<br \/><\/b><a href=\"https:\/\/www.diariosenred.com\/nacional\/elecciones-en-2025-cuales-son-los-procesos-de-votacion-que-se-vienen-y\">Elecciones en 2025: Cu\u00e1les son los procesos de votaci\u00f3n que se vienen y sus caracter\u00edsticas. Se refiere Mario Herrera Mu\u00f1oz, acad\u00e9mico del Centro de An\u00e1lisis Pol\u00edtico (CAP).<\/a><b><br \/><\/b><b><br \/><\/b><\/div><div class=\"x_elementToProof\"><p><b>RED \u00d1UBLE<\/b><br \/><a href=\"https:\/\/www.rednuble.com\/nacional\/elecciones-en-2025-cuales-son-los-procesos-de-votacion-que-se-vienen-y\">Elecciones en 2025: Cu\u00e1les son los procesos de votaci\u00f3n que se vienen y sus caracter\u00edsticas. Se refiere Mario Herrera Mu\u00f1oz, acad\u00e9mico del Centro de An\u00e1lisis Pol\u00edtico (CAP-UTalca)<\/a><\/p><\/div><div class=\"x_elementToProof\"><p><b>RED ARICA<\/b><br \/><a href=\"https:\/\/www.redarica.com\/nacional\/elecciones-en-2025-cuales-son-los-procesos-de-votacion-que-se-vienen-y\">Elecciones en 2025: Cu\u00e1les son los procesos de votaci\u00f3n que se vienen y sus caracter\u00edsticas. Se refiere Mario Herrera Mu\u00f1oz, acad\u00e9mico del Centro de An\u00e1lisis Pol\u00edtico (CAP-UTalca)<\/a><\/p><\/div><div class=\"x_elementToProof\"><b>RED MAULE<\/b><\/div><div><a href=\"https:\/\/www.redmaule.com\/nacional\/elecciones-en-2025-cuales-son-los-procesos-de-votacion-que-se-vienen-y\">Elecciones en 2025: Cu\u00e1les son los procesos de votaci\u00f3n que se vienen y sus caracter\u00edsticas. Se refiere Mario Herrera Mu\u00f1oz, acad\u00e9mico del Centro de An\u00e1lisis Pol\u00edtico (CAP-UTalca)<\/a><\/div><div class=\"x_elementToProof\"><b>\u00a0<\/b><\/div><div class=\"x_elementToProof\"><b>PRIMERA FUENTE NOTICIAS<\/b><\/div><div class=\"x_elementToProof\"><a href=\"https:\/\/primerafuente.cl\/regional\/2025\/01\/31\/gobierno-regional-y-universidad-de-talca-avanzan-en-la-estrategia-de-ciencia-tecnologia-conocimiento-e-innovacion-ctci\/\">Gobierno Regional y Universidad de Talca avanzan en la Estrategia de Ciencia, Tecnolog\u00eda, Conocimiento e Innovaci\u00f3n (CTCi). Se menciona la Universidad de Talca.<\/a><b><br \/><\/b><b><br \/><\/b><\/div><div class=\"x_elementToProof\"><p><b>RADIO LAUTARO<\/b><br \/><a href=\"https:\/\/radiolautarotalca.cl\/gobierno-regional-y-utalca-avanzan-en-la-estrategia-de-ciencia-tecnologia-conocimiento-e-innovacion\/\">Gobierno Regional y UTalca avanzan en la Estrategia de Ciencia, Tecnolog\u00eda, Conocimiento e Innovaci\u00f3n. Se menciona la Universidad de Talca.<\/a><\/p><\/div>\t\t\t\t\t\t<\/div>\n\t\t\t\t<\/div>\n\t\t\t\t\t<\/div>\n\t\t<\/div>\n\t\t\t\t\t\t\t<\/div>\n\t\t<\/section>\n\t\t\t\t\t\t<\/div>\n\t\t\t\t\t<\/div>\n\t\t","protected":false},"excerpt":{"rendered":"<p>CANAL MEGAInquietud por fentanilo en Chile. Se refiere Jessica Z\u00fa\u00f1iga Hern\u00e1ndez, acad\u00e9mica Departamento Ciencias B\u00e1sicas Biom\u00e9dicas.\u00a0COOPERATIVA CIENCIAAltas temperaturas podr\u00edan da\u00f1ar los medicamentos: \u00bfC\u00f3mo almacenarlos de forma correcta? Se refiere Omar Fuentes, acad\u00e9mico de la Escuela de Enfermer\u00eda.\u00a0\u00a0EL MOSTRADORNuevo yacimiento de cobre en China: \u00bfc\u00f3mo impacta a la econom\u00eda chilena? Se refiere Carlos Moraga Cruz, director &hellip;<\/p>\n<p class=\"read-more\"> <a class=\"\" href=\"https:\/\/www.reportedeprensa.utalca.cl\/?p=11460\"> <span class=\"screen-reader-text\">04 de marzo 2025<\/span> Read More &raquo;<\/a><\/p>\n","protected":false},"author":1,"featured_media":0,"comment_status":"closed","ping_status":"open","sticky":false,"template":"","format":"standard","meta":{"_monsterinsights_skip_tracking":false,"_monsterinsights_sitenote_active":false,"_monsterinsights_sitenote_note":"","_monsterinsights_sitenote_category":0},"categories":[57],"tags":[],"_links":{"self":[{"href":"https:\/\/www.reportedeprensa.utalca.cl\/index.php?rest_route=\/wp\/v2\/posts\/11460"}],"collection":[{"href":"https:\/\/www.reportedeprensa.utalca.cl\/index.php?rest_route=\/wp\/v2\/posts"}],"about":[{"href":"https:\/\/www.reportedeprensa.utalca.cl\/index.php?rest_route=\/wp\/v2\/types\/post"}],"author":[{"embeddable":true,"href":"https:\/\/www.reportedeprensa.utalca.cl\/index.php?rest_route=\/wp\/v2\/users\/1"}],"replies":[{"embeddable":true,"href":"https:\/\/www.reportedeprensa.utalca.cl\/index.php?rest_route=%2Fwp%2Fv2%2Fcomments&post=11460"}],"version-history":[{"count":7,"href":"https:\/\/www.reportedeprensa.utalca.cl\/index.php?rest_route=\/wp\/v2\/posts\/11460\/revisions"}],"predecessor-version":[{"id":11508,"href":"https:\/\/www.reportedeprensa.utalca.cl\/index.php?rest_route=\/wp\/v2\/posts\/11460\/revisions\/11508"}],"wp:attachment":[{"href":"https:\/\/www.reportedeprensa.utalca.cl\/index.php?rest_route=%2Fwp%2Fv2%2Fmedia&parent=11460"}],"wp:term":[{"taxonomy":"category","embeddable":true,"href":"https:\/\/www.reportedeprensa.utalca.cl\/index.php?rest_route=%2Fwp%2Fv2%2Fcategories&post=11460"},{"taxonomy":"post_tag","embeddable":true,"href":"https:\/\/www.reportedeprensa.utalca.cl\/index.php?rest_route=%2Fwp%2Fv2%2Ftags&post=11460"}],"curies":[{"name":"wp","href":"https:\/\/api.w.org\/{rel}","templated":true}]}}