{"id":11471,"date":"2025-03-05T13:31:51","date_gmt":"2025-03-05T16:31:51","guid":{"rendered":"https:\/\/www.reportedeprensa.utalca.cl\/?p=11471"},"modified":"2025-03-06T13:24:58","modified_gmt":"2025-03-06T16:24:58","slug":"05-de-marzo-2025","status":"publish","type":"post","link":"https:\/\/www.reportedeprensa.utalca.cl\/?p=11471","title":{"rendered":"05 de marzo 2025"},"content":{"rendered":"\t\t<div data-elementor-type=\"wp-post\" data-elementor-id=\"11471\" class=\"elementor elementor-11471\" data-elementor-settings=\"[]\">\n\t\t\t\t\t\t\t<div class=\"elementor-section-wrap\">\n\t\t\t\t\t\t\t<section class=\"elementor-section elementor-top-section elementor-element elementor-element-bcea1a8 elementor-section-boxed elementor-section-height-default elementor-section-height-default\" data-id=\"bcea1a8\" data-element_type=\"section\">\n\t\t\t\t\t\t<div class=\"elementor-container elementor-column-gap-default\">\n\t\t\t\t\t<div class=\"elementor-column elementor-col-100 elementor-top-column elementor-element elementor-element-e7183bf\" data-id=\"e7183bf\" data-element_type=\"column\">\n\t\t\t<div class=\"elementor-widget-wrap elementor-element-populated\">\n\t\t\t\t\t\t\t\t<div class=\"elementor-element elementor-element-d899c06 elementor-widget elementor-widget-text-editor\" data-id=\"d899c06\" data-element_type=\"widget\" data-widget_type=\"text-editor.default\">\n\t\t\t\t<div class=\"elementor-widget-container\">\n\t\t\t\t\t\t\t\t<div class=\"x_elementToProof\"><b data-olk-copy-source=\"MessageBody\">LA TERCERA ONLINE\u00a0<br \/><\/b><a href=\"https:\/\/www.latercera.com\/que-pasa\/noticia\/cuantas-mujeres-estudian-carreras-stem-en-el-pais\/QFIHD5FANFE6PFV3T7MXH4LDRU\/\">\u00bfCu\u00e1ntas mujeres estudian carreras STEM en el pa\u00eds? Se refiere Karin Saavedra Redlich, directora General de Vinculaci\u00f3n con el Medio.\u00a0<\/a><\/div><div class=\"x_elementToProof\"><b>\u00a0<\/b><\/div><div class=\"x_elementToProof\"><b>EL MERCURIO\u00a0<br \/><\/b><a href=\"https:\/\/www.litoralpress.cl\/sitio\/Prensa_PaginaCompleta.cshtml?LPKey=BEZVA5TAC3TUCFHZPF4TGAIFXMRKDNITROQCLLZAAIVIQLTHIHYA\">Herramientas de ahorro deben acercarse a la realidad de cada persona. Se refiere Cristi\u00e1n Pinto, acad\u00e9mico Facultad de Econom\u00eda y Negocios. \u00a0<\/a><\/div><div class=\"x_elementToProof\"><b>\u00a0<\/b><\/div><div class=\"x_elementToProof\"><b>COOPERATIVA CIENCIA\u00a0<br \/><\/b><a href=\"https:\/\/www.cooperativaciencia.cl\/tendencias\/2025\/02\/05\/jardin-botanico-de-la-universidad-de-talca-se-suma-a-la-lista-de-panoramas-para-este-verano\/\">Jard\u00edn Bot\u00e1nico UTalca: un espacio de encuentro con la naturaleza para <\/a><a href=\"https:\/\/www.cooperativaciencia.cl\/tendencias\/2025\/02\/05\/jardin-botanico-de-la-universidad-de-talca-se-suma-a-la-lista-de-panoramas-para-este-verano\/\">disfrutar estas vacaciones. Se refiere Karin Saavedra Redlich, directora General de Vinculaci\u00f3n con el Medio.\u00a0<\/a><b><br \/><\/b><\/div><div>\u00a0<\/div><div class=\"x_elementToProof\"><b>LA TERCERA ONLINE\u00a0<br \/><\/b><a href=\"https:\/\/www.latercera.com\/educacion\/noticia\/7-consejos-practicos-para-sobrellevar-el-primer-ano-de-educacion-superior\/7DZBYENH45C7VE2WSQG6KWKLXU\/\">7 consejos pr\u00e1cticos para sobrellevar el primer a\u00f1o de educaci\u00f3n superior. Se refiere Felipe Figueroa, psic\u00f3logo de la Unidad de Vinculaci\u00f3n Escolar\u00a0<\/a><b><\/b><\/div><div class=\"x_elementToProof\"><b>\u00a0<\/b><\/div><div class=\"x_elementToProof\"><b>EMOL\u00a0<br \/><\/b><a href=\"https:\/\/www.emol.com\/noticias\/Economia\/2025\/02\/16\/1157618\/dolar-precio-mas-bajo-razones.html\">Tras registrar su precio m\u00e1s bajo en cuatro meses: Las razones de la ca\u00edda del d\u00f3lar y lo que se proyecta a corto plazo. Se refiere Rodrigo Saens, acad\u00e9mico Facultad de Econom\u00eda y Negocios.\u00a0<\/a><b><br \/><\/b><\/div><div>\u00a0<\/div><div class=\"x_elementToProof\"><b>EL MOSTRADOR\u00a0<br \/><\/b><a href=\"https:\/\/www.elmostrador.cl\/agenda-pais\/vida-en-linea\/2025\/02\/07\/cuidado-con-las-olas-de-calor-consejos-para-evitar-la-insolacion\/\">Cuidado con las olas de calor: consejos para evitar la insolaci\u00f3n. Se refiere Mar\u00eda Ester Mu\u00f1oz, acad\u00e9mica del Departamento de Ciencias del Cuidado.\u00a0<\/a><b><br \/><\/b><\/div><div>\u00a0<\/div><div class=\"x_elementToProof\"><b>G5 NOTICIA\u00a0<br \/><\/b><a href=\"https:\/\/www.elresumen.cl\/8885-utalca-mantendra-sus-espacios-culturales-abiertos-durante-las-vacacionesl\">UTalca mantendr\u00e1 sus espacios culturales abiertos durante las vacaciones. Se refiere Marcela Albornoz Dachelet, directora de Extensi\u00f3n Cultural-Art\u00edstica\u00a0<\/a><\/div><div class=\"x_elementToProof\">\u00a0<\/div><div class=\"x_elementToProof\"><b>MAULE HOY\u00a0<br \/><\/b><a href=\"https:\/\/www.litoralpress.cl\/paginaconsultas\/Servicios_NClipSitio\/Get_Imagen_Nota.aspx?LPKey=CZUOHPNAFGVTTAUJP25M2KWHPRSIKMSCXS4VVHBAVZTKVCWOBQZ27VOI5EUKMTBGNLU3JF25CORMO\">UTalca mantendr\u00e1 sus espacios culturales abiertos durante las vacaciones. Se refiere Marcela Albornoz Dachelet, directora de Extensi\u00f3n Cultural-Art\u00edstica\u00a0<\/a><br \/><br \/><\/div><div class=\"x_elementToProof\"><b>DIARIO EL HERALDO\u00a0<br \/><\/b><a href=\"https:\/\/www.diarioelheraldo.cl\/noticia\/utalca-mantendra-sus-espacios-culturales-abiertos-durante-las-vacaciones\">UTalca mantendr\u00e1 sus espacios culturales abiertos durante las vacaciones. Se refiere Marcela Albornoz Dachelet, directora de Extensi\u00f3n Cultural-Art\u00edstica\u00a0<\/a><br \/><br \/><\/div><div class=\"x_elementToProof\"><b>AD PRENSA <\/b>\u00a0<br \/><a href=\"https:\/\/www.adprensa.cl\/cronica\/utalca-mantendra-sus-espacios-culturales-abiertos-durante-las-vacaciones\/\">UTalca mantendr\u00e1 sus espacios culturales abiertos durante las vacaciones. Se refiere Marcela Albornoz Dachelet, directora de Extensi\u00f3n Cultural-Art\u00edstica\u00a0<\/a><\/div><div class=\"x_elementToProof\"><b>\u00a0<\/b><\/div><div class=\"x_elementToProof\"><b>MEGANOTICIAS\u00a0<br \/><\/b><a href=\"https:\/\/www.meganoticias.cl\/calidad-de-vida\/475505-picaduras-insectos-aranas-tratamiento-recomendaciones-brk-11-02-2025.html\">\u00bfC\u00f3mo tratar correctamente las picaduras de insectos o ara\u00f1as? Se refiere Pamela Cuevas, acad\u00e9mica del Departamento de Salud P\u00fablica.\u00a0<\/a><\/div><div class=\"x_elementToProof\"><b>\u00a0<\/b><\/div><div class=\"x_elementToProof\"><b>EL TIP\u00d3GRAFO\u00a0<br \/><\/b><a href=\"https:\/\/eltipografo.cl\/2025\/02\/como-tratar-correctamente-las-picaduras-de-insectos-o-aranas-experta-da-recomendaciones\">\u00bfC\u00f3mo tratar correctamente las picaduras de insectos o ara\u00f1as? Experta da recomendaciones. Se refiere Pamela Cuevas, acad\u00e9mica del Departamento de Salud P\u00fablica.\u00a0<\/a><\/div><div class=\"x_elementToProof\"><b>\u00a0<\/b><\/div><div class=\"x_elementToProof\"><b>G5 NOTICIAS\u00a0<\/b><br \/><a href=\"https:\/\/g5noticias.cl\/2025\/02\/10\/como-tratar-correctamente-las-picaduras-de-insectos-o-aranas\/\">\u00bfC\u00f3mo tratar correctamente las picaduras de insectos o ara\u00f1as? Se refiere Pamela Cuevas, acad\u00e9mica del Departamento de Salud P\u00fablica\u00a0\u00a0<\/a><br \/><br \/><\/div><div class=\"x_elementToProof\"><b>AD PRENSA \u00a0<\/b><br \/><a href=\"https:\/\/www.adprensa.cl\/cronica\/como-tratar-correctamente-las-picaduras-de-insectos-o-aranas\/\">\u00bfC\u00f3mo tratar correctamente las picaduras de insectos o ara\u00f1as? Se refiere Pamela Cuevas, acad\u00e9mica del Departamento de Salud P\u00fablica\u00a0\u00a0<\/a><br \/><br \/><\/div><div class=\"x_elementToProof\"><b>PORTAL PRENSA SALUD\u00a0<\/b><br \/><a href=\"https:\/\/portalprensasalud.cl\/2025\/02\/10\/como-tratar-correctamente-las-picaduras-de-insectos-o-aranas\/\">\u00bfC\u00f3mo tratar correctamente las picaduras de insectos o ara\u00f1as? Se refiere Pamela Cuevas, acad\u00e9mica del Departamento de Salud P\u00fablica.\u00a0\u00a0<\/a><br \/><br \/><\/div><div class=\"x_elementToProof\"><b>RADIO ALLEN<\/b>\u00a0<br \/><a href=\"https:\/\/radioallen.cl\/salud-como-tratar-correctamente-las-picaduras-de-insectos-o-aranas\/\">\u00bfC\u00f3mo tratar correctamente las picaduras de insectos o ara\u00f1as? Se refiere Pamela Cuevas, acad\u00e9mica del Departamento de Salud P\u00fablica\u00a0\u00a0<\/a><br \/><br \/><\/div><div class=\"x_elementToProof\"><b>VIVIMOS LA NOTICIA\u00a0<\/b><br \/><a href=\"https:\/\/www.vlnradio.cl\/noticias\/nacional\/region-del-maule\/2025\/02\/10\/cuidado-con-las-picaduras-experta-entrega-recomendaciones-para-un-verano-sin-riesgos\/\">\u00a1Cuidado con las picaduras! Experta entrega recomendaciones para un verano sin riesgos. Se refiere Pamela Cuevas, acad\u00e9mica del Departamento de Salud P\u00fablica.\u00a0<\/a><br \/><u><a id=\"OWA19141674-92fe-e720-08ec-d02c94381979\" class=\"x_Hyperlink x_SCXW222782687 x_BCX0 x_OWAAutoLink\" title=\"https:\/\/www.vlnradio.cl\/noticias\/nacional\/region-del-maule\/2025\/02\/10\/cuidado-con-las-picaduras-experta-entrega-recomendaciones-para-un-verano-sin-riesgos\/\" href=\"https:\/\/www.vlnradio.cl\/noticias\/nacional\/region-del-maule\/2025\/02\/10\/cuidado-con-las-picaduras-experta-entrega-recomendaciones-para-un-verano-sin-riesgos\/\" target=\"_blank\" rel=\"noreferrer noopener\" data-auth=\"NotApplicable\" data-linkindex=\"16\"><\/a><\/u><b><\/b><\/div><div>\u00a0<\/div><div class=\"x_elementToProof\"><b>MAULE NEWS\u00a0<br \/><\/b><a href=\"https:\/\/www.maulenews.com\/2025\/02\/utalca-mantendra-sus-espacios.html\">UTalca mantendr\u00e1 sus espacios culturales abiertos durante las vacaciones. Se refiere Marcela Albornoz Dachelet, directora de Extensi\u00f3n Cultural-Art\u00edstica\u00a0<\/a><\/div><div class=\"x_elementToProof\">\u00a0<\/div><div class=\"x_elementToProof\"><b>RADIO LAUTARO<\/b>\u00a0<br \/><a href=\"https:\/\/radiolautarotalca.cl\/descubren-yacimiento-de-cobre-en-china-que-efectos-tendria-en-chile\/\">Descubren yacimiento de cobre en China: \u00bfQu\u00e9 efectos tendr\u00eda en Chile? Se refiere\u00a0 Carlos Moraga, director de la Escuela de Ingenier\u00eda Civil de Minas.\u00a0<\/a><\/div><div class=\"x_elementToProof\"><b>\u00a0<\/b><\/div><div class=\"x_elementToProof\"><b>DIARIO EL CENTRO\u00a0<br \/><\/b><a href=\"https:\/\/www.diarioelcentro.cl\/2025\/02\/14\/descuido-de-mascotas-en-vacaciones-conoce-las-sanciones-a-las-que-se-arriesgan-sus-duenos\/\">Descuido de mascotas en vacaciones: conoce las sanciones a las que se arriesgan sus due\u00f1os. Se refiere Emilio Becar, acad\u00e9mico Facultad de Ciencias Jur\u00eddicas y Sociales.\u00a0<\/a><b><br \/><\/b><\/div><div>\u00a0<\/div><div class=\"x_elementToProof\"><b>PORTAL RED SALUD\u00a0<\/b><br \/><a href=\"https:\/\/portalredsalud.cl\/2025\/02\/15\/descuido-de-mascotas-durante-las-vacaciones-conoce-las-sanciones-que-se-arriesgan\/\">Descuido de mascotas durante las vacaciones: conoce las sanciones que se arriesgan. Se refiere Emilio Becar, acad\u00e9mico Facultad de Ciencias Jur\u00eddicas y Sociales.<\/a>\u00a0<br \/><br \/><\/div><div class=\"x_elementToProof\"><b>RADIO LAUTARO\u00a0<br \/><\/b><a href=\"https:\/\/radiolautarotalca.cl\/donde-debemos-guardar-el-cepillo-de-dientes\/\">\u00bfD\u00f3nde debemos guardar el cepillo de dientes? Se refiere Cecilia Mu\u00f1oz, acad\u00e9mica Departamento de Rehabilitaci\u00f3n Bucomaxilofacial.<\/a> <b><br \/><\/b><\/div><div>\u00a0<\/div><div class=\"x_elementToProof\"><b>\u00a0MAULE HOY\u00a0<\/b><br \/><a href=\"https:\/\/www.litoralpress.cl\/paginaconsultas\/Servicios_NClipSitio\/Get_Imagen_Nota.aspx?LPKey=VJTNG6KIQL4RSG2IHCLMC2R74RO6ZIWSH46KDKX5QAZ45Y4RMSOAUZRZGVL5PT6IHCJN23UO6VUJI\">\u00bfQu\u00e9 son las infiltraciones de aire?: este a\u00f1o entra en vigencia nueva normativa para edificaciones. Se refiere Mar\u00eda Luisa del Campo, director a del Centro Tecnol\u00f3gico Kipus.\u00a0<\/a><br \/><br \/><\/div>\t\t\t\t\t\t<\/div>\n\t\t\t\t<\/div>\n\t\t\t\t\t<\/div>\n\t\t<\/div>\n\t\t\t\t\t\t\t<\/div>\n\t\t<\/section>\n\t\t\t\t\t\t<\/div>\n\t\t\t\t\t<\/div>\n\t\t","protected":false},"excerpt":{"rendered":"<p>LA TERCERA ONLINE\u00a0\u00bfCu\u00e1ntas mujeres estudian carreras STEM en el pa\u00eds? Se refiere Karin Saavedra Redlich, directora General de Vinculaci\u00f3n con el Medio.\u00a0\u00a0EL MERCURIO\u00a0Herramientas de ahorro deben acercarse a la realidad de cada persona. Se refiere Cristi\u00e1n Pinto, acad\u00e9mico Facultad de Econom\u00eda y Negocios. \u00a0\u00a0COOPERATIVA CIENCIA\u00a0Jard\u00edn Bot\u00e1nico UTalca: un espacio de encuentro con la naturaleza para &hellip;<\/p>\n<p class=\"read-more\"> <a class=\"\" href=\"https:\/\/www.reportedeprensa.utalca.cl\/?p=11471\"> <span class=\"screen-reader-text\">05 de marzo 2025<\/span> Read More &raquo;<\/a><\/p>\n","protected":false},"author":1,"featured_media":0,"comment_status":"closed","ping_status":"open","sticky":false,"template":"","format":"standard","meta":{"_monsterinsights_skip_tracking":false,"_monsterinsights_sitenote_active":false,"_monsterinsights_sitenote_note":"","_monsterinsights_sitenote_category":0},"categories":[57],"tags":[],"_links":{"self":[{"href":"https:\/\/www.reportedeprensa.utalca.cl\/index.php?rest_route=\/wp\/v2\/posts\/11471"}],"collection":[{"href":"https:\/\/www.reportedeprensa.utalca.cl\/index.php?rest_route=\/wp\/v2\/posts"}],"about":[{"href":"https:\/\/www.reportedeprensa.utalca.cl\/index.php?rest_route=\/wp\/v2\/types\/post"}],"author":[{"embeddable":true,"href":"https:\/\/www.reportedeprensa.utalca.cl\/index.php?rest_route=\/wp\/v2\/users\/1"}],"replies":[{"embeddable":true,"href":"https:\/\/www.reportedeprensa.utalca.cl\/index.php?rest_route=%2Fwp%2Fv2%2Fcomments&post=11471"}],"version-history":[{"count":4,"href":"https:\/\/www.reportedeprensa.utalca.cl\/index.php?rest_route=\/wp\/v2\/posts\/11471\/revisions"}],"predecessor-version":[{"id":11475,"href":"https:\/\/www.reportedeprensa.utalca.cl\/index.php?rest_route=\/wp\/v2\/posts\/11471\/revisions\/11475"}],"wp:attachment":[{"href":"https:\/\/www.reportedeprensa.utalca.cl\/index.php?rest_route=%2Fwp%2Fv2%2Fmedia&parent=11471"}],"wp:term":[{"taxonomy":"category","embeddable":true,"href":"https:\/\/www.reportedeprensa.utalca.cl\/index.php?rest_route=%2Fwp%2Fv2%2Fcategories&post=11471"},{"taxonomy":"post_tag","embeddable":true,"href":"https:\/\/www.reportedeprensa.utalca.cl\/index.php?rest_route=%2Fwp%2Fv2%2Ftags&post=11471"}],"curies":[{"name":"wp","href":"https:\/\/api.w.org\/{rel}","templated":true}]}}