{"id":11476,"date":"2025-03-06T12:01:17","date_gmt":"2025-03-06T15:01:17","guid":{"rendered":"https:\/\/www.reportedeprensa.utalca.cl\/?p=11476"},"modified":"2025-03-06T13:24:44","modified_gmt":"2025-03-06T16:24:44","slug":"06-de-marzo-2025","status":"publish","type":"post","link":"https:\/\/www.reportedeprensa.utalca.cl\/?p=11476","title":{"rendered":"06 de marzo 2025"},"content":{"rendered":"\t\t<div data-elementor-type=\"wp-post\" data-elementor-id=\"11476\" class=\"elementor elementor-11476\" data-elementor-settings=\"[]\">\n\t\t\t\t\t\t\t<div class=\"elementor-section-wrap\">\n\t\t\t\t\t\t\t<section class=\"elementor-section elementor-top-section elementor-element elementor-element-bcea1a8 elementor-section-boxed elementor-section-height-default elementor-section-height-default\" data-id=\"bcea1a8\" data-element_type=\"section\">\n\t\t\t\t\t\t<div class=\"elementor-container elementor-column-gap-default\">\n\t\t\t\t\t<div class=\"elementor-column elementor-col-100 elementor-top-column elementor-element elementor-element-e7183bf\" data-id=\"e7183bf\" data-element_type=\"column\">\n\t\t\t<div class=\"elementor-widget-wrap elementor-element-populated\">\n\t\t\t\t\t\t\t\t<div class=\"elementor-element elementor-element-d899c06 elementor-widget elementor-widget-text-editor\" data-id=\"d899c06\" data-element_type=\"widget\" data-widget_type=\"text-editor.default\">\n\t\t\t\t<div class=\"elementor-widget-container\">\n\t\t\t\t\t\t\t\t<div class=\"x_elementToProof\"><b data-olk-copy-source=\"MessageBody\">CNN CHILE<\/b><\/div><div class=\"x_elementToProof\"><a href=\"https:\/\/www.cnnchile.com\/lodijeronencnn\/odontologa-aclara-cual-es-relacion-diabetes-salud-periodontal_20250218\/\">Odont\u00f3loga aclara: \u00bfCu\u00e1l es la relaci\u00f3n entre la diabetes y la salud periodontal? Se refiere Claudia Descovieres, acad\u00e9mica de la Facultad de Odontolog\u00eda.\u00a0<\/a><\/div><div class=\"x_elementToProof\"><b>\u00a0<\/b><\/div><div class=\"x_elementToProof\"><b>EL MERCURIO\u00a0<br \/><\/b><a href=\"https:\/\/www.litoralpress.cl\/paginaconsultas\/Servicios_NClipSitio\/Get_Imagen_Nota.aspx?LPKey=FPXQNUKMPL7BPTXCAOIZKSHW6A6NDQA3OBBU7IK4ZIVNG42UI7BRSQ3MTDNDQTGCEWUKMJF3HC5X2\">Viajar solo: la tendencia gana seguidores, pero no es recomendable para todos. Se refiere Anyelina Riveros, coordinadora de la carrera t\u00e9cnico superior en Turismo Enol\u00f3gico.<\/a><\/div><div class=\"x_elementToProof\"><b>\u00a0<\/b><\/div><div class=\"x_elementToProof\"><b>EL MOSTRADOR<\/b><\/div><div class=\"x_elementToProof\"><a href=\"https:\/\/www.elmostrador.cl\/revista-jengibre\/viajes\/outdoor\/2025\/03\/01\/todavia-queda-verano-y-ahora-con-menos-gente-si-vas-a-acampar-considera-estas-recomendaciones\/\">Todav\u00eda queda verano y ahora con menos gente: si vas a acampar, considera estas recomendaciones. Se refiere \u00c9rika Retamal, Departamento de Salud P\u00fablica de la Universidad de Talca.<\/a><\/div><div class=\"x_elementToProof\"><b>\u00a0<\/b><\/div><div class=\"x_elementToProof\"><b>CANAL MEGA<br \/><\/b><a href=\"https:\/\/www.litoralpress.cl\/sitio\/RadioTV_Detalles.cshtml?LPKey=AGWOFNY3BBADXZ46PLFW7DXPOAWFRI7QOZDV7MDY5645Q3PXME32CGGYAOF2TES33FA24KZQGJ3EC\">Entrevista a Patricio Gonz\u00e1lez Colville, agroclimat\u00f3logo y acad\u00e9mico del Centro de Investigaci\u00f3n y Transferencia en Riego y Agroclimatolog\u00eda (CITRA). \u00a0<\/a><\/div><div class=\"x_elementToProof\"><a href=\"https:\/\/www.litoralpress.cl\/sitio\/RadioTV_Detalles.cshtml?LPKey=AGWOFNY3BBADXZ46PLFW7DXPOAWFRI7QOZDV7MDY5645Q3PXME32CGGYAOF2TES33FA24KZQGJ3EC\">\u00a0<\/a><\/div><div class=\"x_elementToProof\"><b>RADIO BIOB\u00cdO<\/b>\u00a0<br \/><a href=\"https:\/\/www.litoralpress.cl\/sitio\/RadioTV_Detalles.cshtml?LPKey=SBJE4V4YNWPYEOKL5HNNLVN356EM63SKD3TPQDEIRAQUZ7YU2BFUMBJJRJXBARSWV54GAHCCOG63O\">Senapred\u00a0declar\u00f3 alerta temprana preventiva para las comunas de la regi\u00f3n de Valpara\u00edso por altas temperaturas. Se refiere Patricio Gonz\u00e1lez Colville, agroclimat\u00f3logo\u00a0y acad\u00e9mico del Centro de Investigaci\u00f3n y Transferencia en Riego y Agroclimatolog\u00eda\u00a0(CITRA). \u00a0<\/a><\/div><div>\u00a0<\/div><div class=\"x_elementToProof\"><b>RADIO 13C<\/b>\u00a0<br \/><a href=\"https:\/\/www.litoralpress.cl\/sitio\/RadioTV_Detalles.cshtml?LPKey=BH5QH2WTYWXPVAVKPNGCOM3CFOVGCLJIBNIYL3LGLRE7K5JTNXJGGG7AUEXOKHJ2BP6KG5VF423S4\">Entrevista a Patricio Gonz\u00e1lez Colville, agroclimat\u00f3logo y acad\u00e9mico del Centro de Investigaci\u00f3n y Transferencia en Riego y Agroclimatolog\u00eda (CITRA).\u00a0\u00a0<\/a><\/div><div class=\"x_elementToProof\" aria-hidden=\"true\">\u00a0<\/div><div class=\"x_elementToProof\"><b>RADIO SONAR<\/b>\u00a0<br \/><a href=\"https:\/\/www.litoralpress.cl\/sitio\/RadioTV_Detalles.cshtml?LPKey=5NNIHAJZE7SODFFOLNCBRHRSBVF2TESUYLLAMLW6XDZRX65FCMQJOVMHUQHJR47IIWEBW33WFIZ3W\">Entrevista a Patricio Gonz\u00e1lez, investigador del Centro de Investigaciones y Transferencia en Riego y Agroclimatolog\u00eda de la UTalca. Entrevista a Patricio Gonz\u00e1lez Colville, agroclimat\u00f3logo y acad\u00e9mico del Centro de Investigaci\u00f3n y Transferencia en Riego y Agroclimatolog\u00eda (CITRA).\u00a0\u00a0\u00a0<\/a><\/div><div class=\"x_elementToProof\" aria-hidden=\"true\">\u00a0<\/div><div class=\"x_elementToProof\"><b>RADIO AMIGA<\/b>\u00a0<br \/><a href=\"https:\/\/www.litoralpress.cl\/sitio\/RadioTV_Detalles.cshtml?LPKey=LCQJYFKCFQYUYRZTC46U2OQRB6SLBYVMIWKGPMSCNXJ3F4EIHPIULFOBHEKCEYFQZ2R5ZUND7SDS6\">Altas temperaturas pronosticadas para la zona central: se esperan hasta 38 grados. Se refiere Patricio Gonz\u00e1lez Colville, agroclimat\u00f3logo y acad\u00e9mico del Centro de Investigaci\u00f3n y Transferencia en Riego y Agroclimatolog\u00eda (CITRA).\u00a0\u00a0<\/a>\u00a0<\/div><div class=\"x_elementToProof\" aria-hidden=\"true\">\u00a0<\/div><div class=\"x_elementToProof\"><b>PORTAL EDUCA<\/b><\/div><div class=\"x_elementToProof\"><a href=\"https:\/\/portaleduca.cl\/investigadores-de-la-utalca-lideran-proyectos-que-fomentan-la-vinculacion-internacional\/\">Investigadores de la UTalca lideran proyectos que fomentan la vinculaci\u00f3n internacional. Se refiere Roberto Jara, director de Investigaci\u00f3n.<\/a><\/div><div class=\"x_elementToProof\" aria-hidden=\"true\">\u00a0<\/div><div class=\"x_elementToProof\"><b>EMOL<\/b>\u00a0<br \/><a href=\"https:\/\/www.emol.com\/noticias\/Nacional\/2025\/02\/16\/1157604\/bachelet-eventual-candidatura-presidencial-analisis.html\">Bachelet y eventual candidatura: Los pros y contras para el oficialismo, c\u00f3mo afecta la indefinici\u00f3n y el impacto en el PC. Se refiere Mario Herrera, acad\u00e9mico Centro de An\u00e1lisis Pol\u00edtico (CAP).\u00a0<\/a><\/div><div class=\"x_elementToProof\" aria-hidden=\"true\">\u00a0<\/div><div class=\"x_elementToProof\"><b>CANAL MEGA\u00a0<br \/><\/b><a href=\"https:\/\/www.litoralpress.cl\/sitio\/RadioTV_Detalles.cshtml?LPKey=O4ZY25VXOMDQ6NHTHBXCJ7W7W5WF2OH4WO3NXLKMFQNGFKPDD2LS7WEF5OGFMV2G5XXEBUNQSGAAC\">Gobierno busca regular el voto extranjero. Se refiere Mauricio Morales Quiroga, director del Centro de An\u00e1lisis Pol\u00edtico (CAP).\u00a0<\/a><\/div><div class=\"x_elementToProof\" aria-hidden=\"true\">\u00a0<\/div><div class=\"x_elementToProof\"><b>EMOL<\/b><\/div><div class=\"x_elementToProof\"><a href=\"https:\/\/www.emol.com\/noticias\/Internacional\/2025\/02\/23\/1158326\/fin-guerra-ucrania-rusia-expertos.html\">A casi tres a\u00f1os de iniciada: C\u00f3mo impactar\u00eda en Chile (y el mundo) el eventual fin de la guerra entre Rusia y Ucrania. Se refiere Mario Herrera, acad\u00e9mico Centro de An\u00e1lisis Pol\u00edtico (CAP).\u00a0<\/a><\/div><div>\u00a0<\/div><div class=\"x_elementToProof\"><strong>LA TERCERA ONLINE<\/strong><\/div><div class=\"x_elementToProof\"><a href=\"https:\/\/www.latercera.com\/que-pasa\/noticia\/cartelera-de-verano-con-minciencia-casi-40-panoramas-de-entretencion-y-aprendizaje-para-ninas-y-ninos\/NLD2KRLMBRCQPA3RHHYXO6PAZI\/\">Cartelera de verano con MinCiencia: casi 40 panoramas de entretenci\u00f3n y aprendizaje para ni\u00f1as y ni\u00f1os. Se menciona la Universidad de Talca.<\/a><\/div><div>\u00a0<\/div><div class=\"x_elementToProof\"><b>LA PRENSA DE CURIC\u00d3<\/b><\/div><div class=\"x_elementToProof\"><a href=\"https:\/\/www.litoralpress.cl\/sitio\/Prensa_PaginaCompleta.cshtml?LPKey=OL7K3CA54DZXWZWTKUNL7PEC5DVPE6LLC4TLCAR5V7UPXKXT5K5Q\">Profesionales del Hospital de Curic\u00f3 se capacitan en innovadora tecnolog\u00eda de rehabilitaci\u00f3n. Se refiere Valeska Gatica, directora Centro Tecnol\u00f3gico de Telerrehabilitaci\u00f3n y Neurociencias en el Movimiento Humano (CTTN)\u00a0<\/a><\/div><div>\u00a0<\/div><div class=\"x_elementToProof\"><strong>DIARIO CURIC\u00d3<\/strong><\/div><div class=\"x_elementToProof\"><a href=\"https:\/\/diariocurico.cl\/control-motor-humano-capacito-a-profesionales-del-hospital-de-curico-en-programa-de-rehabilitacion\/\">Control Motor Humano capacit\u00f3 a profesionales del Hospital de Curic\u00f3 en programa de rehabilitaci\u00f3n. Se refiere Valeska Gatica, directora Centro Tecnol\u00f3gico de Telerrehabilitaci\u00f3n y Neurociencias en el Movimiento Humano (CTTN)\u00a0<\/a><\/div><div class=\"x_elementToProof\" aria-hidden=\"true\">\u00a0<\/div><div class=\"x_elementToProof\"><b>DIARIO TALCA<\/b><\/div><div class=\"x_elementToProof\"><a href=\"https:\/\/diariotalca.cl\/especialista-advirtio-los-riesgos-de-la-exposicion-solar-en-faenas-agricolas\/\">Especialista advirti\u00f3 los riesgos de la exposici\u00f3n solar en faenas agr\u00edcolas. Se refiere Sonia V\u00e1squez Ibarra, acad\u00e9mica Facultad de Odontolog\u00eda.\u00a0<\/a><\/div><div>\u00a0<\/div><div class=\"x_elementToProof\"><strong>PORTAL RED SALUD<\/strong><\/div><div class=\"x_elementToProof\"><a href=\"https:\/\/portalredsalud.cl\/2025\/02\/20\/especialista-advirtio-los-riesgos-de-la-exposicion-solar-en-faenas-agricolas\/\">Especialista advirti\u00f3 los riesgos de la exposici\u00f3n solar en faenas agr\u00edcolas. Se refiere Sonia V\u00e1squez Ibarra, acad\u00e9mica Facultad de Odontolog\u00eda.\u00a0<\/a><\/div><div>\u00a0<\/div><div class=\"x_elementToProof\"><strong>RADIO LAUTARO<\/strong><\/div><div class=\"x_elementToProof\"><a href=\"https:\/\/radiolautarotalca.cl\/vas-a-acampar-considera-estas-recomendaciones\/\">\u00bfVas a acampar? Considera estas recomendaciones. Se refiere \u00c9rika Retamal, acad\u00e9mica Departamento de Salud P\u00fablica.\u00a0<\/a><\/div><div>\u00a0<\/div><div class=\"x_elementToProof\"><b>EL HERALDO\u00a0<br \/><\/b><a href=\"https:\/\/www.litoralpress.cl\/paginaconsultas\/Servicios_NClipSitio\/Get_Imagen_Nota.aspx?LPKey=7DCE757TF4HLTJEM5P2EXPB4CLLCS3SNRSZDXOLM2O5XPGPN2OHF4FAUQMZ6PMJFZ5CQAZPEDPYFQ\">Familias maulinas disfrutaron de &#8220;CLICK: experimenta en verano&#8221;. Se refiere Karin Saavedra Redlich, directora General de Vinculaci\u00f3n con el Medio.\u00a0<\/a><b><br \/><\/b><\/div>\t\t\t\t\t\t<\/div>\n\t\t\t\t<\/div>\n\t\t\t\t\t<\/div>\n\t\t<\/div>\n\t\t\t\t\t\t\t<\/div>\n\t\t<\/section>\n\t\t\t\t\t\t<\/div>\n\t\t\t\t\t<\/div>\n\t\t","protected":false},"excerpt":{"rendered":"<p>CNN CHILEOdont\u00f3loga aclara: \u00bfCu\u00e1l es la relaci\u00f3n entre la diabetes y la salud periodontal? Se refiere Claudia Descovieres, acad\u00e9mica de la Facultad de Odontolog\u00eda.\u00a0\u00a0EL MERCURIO\u00a0Viajar solo: la tendencia gana seguidores, pero no es recomendable para todos. Se refiere Anyelina Riveros, coordinadora de la carrera t\u00e9cnico superior en Turismo Enol\u00f3gico.\u00a0EL MOSTRADORTodav\u00eda queda verano y ahora con &hellip;<\/p>\n<p class=\"read-more\"> <a class=\"\" href=\"https:\/\/www.reportedeprensa.utalca.cl\/?p=11476\"> <span class=\"screen-reader-text\">06 de marzo 2025<\/span> Read More &raquo;<\/a><\/p>\n","protected":false},"author":1,"featured_media":0,"comment_status":"closed","ping_status":"open","sticky":false,"template":"","format":"standard","meta":{"_monsterinsights_skip_tracking":false,"_monsterinsights_sitenote_active":false,"_monsterinsights_sitenote_note":"","_monsterinsights_sitenote_category":0},"categories":[57],"tags":[],"_links":{"self":[{"href":"https:\/\/www.reportedeprensa.utalca.cl\/index.php?rest_route=\/wp\/v2\/posts\/11476"}],"collection":[{"href":"https:\/\/www.reportedeprensa.utalca.cl\/index.php?rest_route=\/wp\/v2\/posts"}],"about":[{"href":"https:\/\/www.reportedeprensa.utalca.cl\/index.php?rest_route=\/wp\/v2\/types\/post"}],"author":[{"embeddable":true,"href":"https:\/\/www.reportedeprensa.utalca.cl\/index.php?rest_route=\/wp\/v2\/users\/1"}],"replies":[{"embeddable":true,"href":"https:\/\/www.reportedeprensa.utalca.cl\/index.php?rest_route=%2Fwp%2Fv2%2Fcomments&post=11476"}],"version-history":[{"count":4,"href":"https:\/\/www.reportedeprensa.utalca.cl\/index.php?rest_route=\/wp\/v2\/posts\/11476\/revisions"}],"predecessor-version":[{"id":11480,"href":"https:\/\/www.reportedeprensa.utalca.cl\/index.php?rest_route=\/wp\/v2\/posts\/11476\/revisions\/11480"}],"wp:attachment":[{"href":"https:\/\/www.reportedeprensa.utalca.cl\/index.php?rest_route=%2Fwp%2Fv2%2Fmedia&parent=11476"}],"wp:term":[{"taxonomy":"category","embeddable":true,"href":"https:\/\/www.reportedeprensa.utalca.cl\/index.php?rest_route=%2Fwp%2Fv2%2Fcategories&post=11476"},{"taxonomy":"post_tag","embeddable":true,"href":"https:\/\/www.reportedeprensa.utalca.cl\/index.php?rest_route=%2Fwp%2Fv2%2Ftags&post=11476"}],"curies":[{"name":"wp","href":"https:\/\/api.w.org\/{rel}","templated":true}]}}