{"id":11484,"date":"2025-03-10T09:10:03","date_gmt":"2025-03-10T12:10:03","guid":{"rendered":"https:\/\/www.reportedeprensa.utalca.cl\/?p=11484"},"modified":"2025-03-10T09:14:11","modified_gmt":"2025-03-10T12:14:11","slug":"07-de-marzo-2025","status":"publish","type":"post","link":"https:\/\/www.reportedeprensa.utalca.cl\/?p=11484","title":{"rendered":"07 de marzo 2025"},"content":{"rendered":"\t\t<div data-elementor-type=\"wp-post\" data-elementor-id=\"11484\" class=\"elementor elementor-11484\" data-elementor-settings=\"[]\">\n\t\t\t\t\t\t\t<div class=\"elementor-section-wrap\">\n\t\t\t\t\t\t\t<section class=\"elementor-section elementor-top-section elementor-element elementor-element-bcea1a8 elementor-section-boxed elementor-section-height-default elementor-section-height-default\" data-id=\"bcea1a8\" data-element_type=\"section\">\n\t\t\t\t\t\t<div class=\"elementor-container elementor-column-gap-default\">\n\t\t\t\t\t<div class=\"elementor-column elementor-col-100 elementor-top-column elementor-element elementor-element-e7183bf\" data-id=\"e7183bf\" data-element_type=\"column\">\n\t\t\t<div class=\"elementor-widget-wrap elementor-element-populated\">\n\t\t\t\t\t\t\t\t<div class=\"elementor-element elementor-element-d899c06 elementor-widget elementor-widget-text-editor\" data-id=\"d899c06\" data-element_type=\"widget\" data-widget_type=\"text-editor.default\">\n\t\t\t\t<div class=\"elementor-widget-container\">\n\t\t\t\t\t\t\t\t<div><b data-olk-copy-source=\"MessageBody\">COOPERATIVA CIENCIA<\/b>\u00a0<\/div><div><a href=\"https:\/\/www.litoralpress.cl\/sitio\/RadioTV_Detalles.cshtml?LPKey=Q3CR6B4UKHHGTU4275JWTCEAMG4P53VTBMSDZ5XXZ2RJMW3E7TNCLDFP5AY2DTZBYNVKEMJKKYNOO\">Entrevista a Karin Saavedra Redlich, directora general de Vinculaci\u00f3n con el Medio.\u00a0<\/a><\/div><div>\u00a0<\/div><div><b>CONSORCIO DE UNIVERSIDADES DEL ESTADO DE CHILE<\/b>\u00a0<br \/><a href=\"https:\/\/noticias.uestatales.cl\/utalca-investigacion-molecular-equipo-resonancia-magnetica-chile\">UTalca se consolida en investigaci\u00f3n molecular con el equipo de resonancia magn\u00e9tica m\u00e1s avanzado de Chile. Se refiere Rodrigo Palomo V\u00e9lez, Vicerrector Acad\u00e9mico.\u00a0<\/a><br \/><br \/><\/div><div><b>MSN CHILE<\/b>\u00a0<br \/><a href=\"https:\/\/www.msn.com\/es-cl\/noticias\/other\/vacunaci%C3%B3n-en-chile-el-desaf%C3%ADo-de-la-inmunizaci%C3%B3n-frente-al-auge-de-los-movimientos-antivacunas\/ar-AA1Alvqy\">Vacunaci\u00f3n en Chile: el desaf\u00edo de la inmunizaci\u00f3n frente al auge de los movimientos antivacunas. Se refiere Daniel Jim\u00e9nez Acu\u00f1a, director de Salud del Estudiante.\u00a0<\/a><br \/><br \/><\/div><div><b>EL MOSTRADOR<\/b>\u00a0<br \/><a href=\"https:\/\/www.elmostrador.cl\/agenda-pais\/vida-en-linea\/2025\/03\/06\/vacunacion-en-chile-el-desafio-de-la-inmunizacion-frente-al-auge-de-los-movimientos-antivacunas\/\">Vacunaci\u00f3n en Chile: el desaf\u00edo de la inmunizaci\u00f3n frente al auge de los movimientos antivacunas. Se refiere Daniel Jim\u00e9nez Acu\u00f1a, director de Salud del Estudiante.\u00a0<\/a><br \/><br \/><\/div><div><b>DIARIOS EN RED<\/b>\u00a0<br \/><a href=\"https:\/\/www.diarioenred.com\/nacional\/campana-de-inmunizacion-nacional-que-tan-seguras-son-estas-vacunas\">Campa\u00f1a de inmunizaci\u00f3n nacional: \u00bfQu\u00e9 tan seguras son estas vacunas? Se refiere Daniel Jim\u00e9nez Acu\u00f1a, director de Salud del Estudiante.\u00a0<\/a><br \/><br \/><\/div><div><b>RED ATACAMA <\/b>\u00a0<br \/><a href=\"https:\/\/www.redatacama.com\/nacional\/campana-de-inmunizacion-nacional-que-tan-seguras-son-estas-vacunas\">Campa\u00f1a de inmunizaci\u00f3n nacional: \u00bfQu\u00e9 tan seguras son estas vacunas? Se refiere Daniel Jim\u00e9nez Acu\u00f1a, director de Salud del Estudiante.\u00a0<\/a><br \/><br \/><\/div><div><b>RED MAULE<\/b>\u00a0<br \/><a href=\"https:\/\/www.redmaule.com\/nacional\/campana-de-inmunizacion-nacional-que-tan-seguras-son-estas-vacunas\">Campa\u00f1a de inmunizaci\u00f3n nacional: \u00bfQu\u00e9 tan seguras son estas vacunas? Se refiere Daniel Jim\u00e9nez Acu\u00f1a, director de Salud del Estudiante.\u00a0<\/a><br \/><br \/><\/div><div><b>RED VALPARA\u00cdSO<\/b>\u00a0<br \/><a href=\"https:\/\/www.redvalparaiso.com\/nacional\/campana-de-inmunizacion-nacional-que-tan-seguras-son-estas-vacunas\">Campa\u00f1a de inmunizaci\u00f3n nacional: \u00bfQu\u00e9 tan seguras son estas vacunas? Se refiere Daniel Jim\u00e9nez Acu\u00f1a, director de Salud del Estudiante.\u00a0<\/a><br \/><br \/><\/div><div><b>RED \u00c1RICA<\/b>\u00a0<br \/><a href=\"https:\/\/www.redarica.com\/nacional\/campana-de-inmunizacion-nacional-que-tan-seguras-son-estas-vacunas\">Campa\u00f1a de inmunizaci\u00f3n nacional: \u00bfQu\u00e9 tan seguras son estas vacunas? Se refiere Daniel Jim\u00e9nez Acu\u00f1a, director de Salud del Estudiante.\u00a0<\/a><br \/><br \/><\/div><div><b>LA NOTICIA<\/b>\u00a0<br \/><a href=\"https:\/\/lanoticia.cl\/campana-de-inmunizacion-nacional-que-tan-seguras-son-estas-vacunas\/\">Campa\u00f1a de inmunizaci\u00f3n nacional: \u00bfQu\u00e9 tan seguras son estas vacunas? Se refiere Daniel Jim\u00e9nez Acu\u00f1a, director de Salud del Estudiante.\u00a0<\/a><\/div><div aria-hidden=\"true\">\u00a0<\/div><div><b>EL HERALDO<\/b>\u00a0<br \/><a href=\"https:\/\/www.litoralpress.cl\/paginaconsultas\/Servicios_NClipSitio\/Get_Imagen_Nota.aspx?LPKey=4PNMGQ5EA3BD6W52IK676IQ443YZD7SBE6IJYOXW4G2NA733B3XIGY3CMRNWZH6CNPH6BYECKYY2M\">Campa\u00f1a de inmunizaci\u00f3n nacional: \u00bfQu\u00e9 tan seguras son estas vacunas? Se refiere Daniel Jim\u00e9nez Acu\u00f1a, director de Salud del Estudiante.\u00a0<\/a><br \/><br \/><\/div><div><b>EL LECTOR<\/b>\u00a0<br \/><a href=\"https:\/\/www.litoralpress.cl\/paginaconsultas\/Servicios_NClipSitio\/Get_Imagen_Nota.aspx?LPKey=V65DH5U3CLZMLYB2MFNHYDQYRP5L622HCEWQX74BEGZS73FIAMRCG6VA5BRPKN36UCMTVTMIBWKN2\">Campa\u00f1a de inmunizaci\u00f3n nacional: \u00bfQu\u00e9 tan seguras son estas vacunas? Se refiere Daniel Jim\u00e9nez Acu\u00f1a, director de Salud del Estudiante.\u00a0<\/a><br \/><br \/><\/div><div><b>AD PRENSA<\/b>\u00a0<br \/><a href=\"https:\/\/www.adprensa.cl\/cronica\/campana-de-inmunizacion-nacional-que-tan-seguras-son-estas-vacunas\/\">Campa\u00f1a de inmunizaci\u00f3n nacional: \u00bfQu\u00e9 tan seguras son estas vacunas? Se refiere Daniel Jim\u00e9nez Acu\u00f1a, director de Salud del Estudiante.\u00a0<\/a><br \/><br \/><\/div><div><b>EL CONTENIDO<\/b>\u00a0<br \/><a href=\"https:\/\/elcontenido.news\/2025\/nacional\/evaluacion-de-la-seguridad-de-las-vacunas-en-el-marco-de-la-campana-de-inmunizacion-nacional\/\">Evaluaci\u00f3n de la seguridad de las vacunas en el marco de la campa\u00f1a de inmunizaci\u00f3n nacional. Se refiere Daniel Jim\u00e9nez Acu\u00f1a, director de Salud del Estudiante.\u00a0<\/a><br \/><br \/><\/div><div><b>MAULE NEWS<\/b>\u00a0<br \/><a href=\"https:\/\/www.maulenews.com\/2025\/03\/campana-de-inmunizacion-nacional-que.html\">Campa\u00f1a de inmunizaci\u00f3n nacional: \u00bfQu\u00e9 tan seguras son estas vacunas? Se refiere Daniel Jim\u00e9nez Acu\u00f1a, director de Salud del Estudiante.\u00a0<\/a><br \/><br \/><\/div><div><b>RADIO UNIVERSIDAD DE CHILE<\/b>\u00a0<br \/><a href=\"https:\/\/www.litoralpress.cl\/sitio\/RadioTV_Detalles.cshtml?LPKey=UH4G6664TNZYCCUV3TFEUJLZVCEKSJGNK2MIGRJKZLRKZBKUKCTLQ5IAAUW54UWURWU3THHK7QHY6\">Definici\u00f3n de Michelle Bachelet de no participar de las elecciones presidenciales. Se refiere Mario Herrera Mu\u00f1oz, acad\u00e9mico del centro de An\u00e1lisis Pol\u00edtico (CAP-UTalca).\u00a0<\/a><br \/><br \/><\/div><div><b>S\u00c9PTIMA REGI\u00d3N NOTICIAS<\/b>\u00a0<br \/><a href=\"https:\/\/www.septimapaginanoticias.cl\/marzo-y-abril-meses-clave-para-la-eleccion-presidencial\">Marzo y abril: meses clave para la elecci\u00f3n presidencial. Se refiere Mario Herrera Mu\u00f1oz, acad\u00e9mico del centro de An\u00e1lisis Pol\u00edtico (CAP-UTalca).\u00a0<\/a><br \/><br \/><\/div><div><b>G5 NOTICIA<\/b>\u00a0<br \/><a href=\"https:\/\/elcontenido.news\/2025\/nacional\/evaluacion-de-la-seguridad-de-las-vacunas-en-el-marco-de-la-campana-de-inmunizacion-nacional\/\">Marzo y abril: meses clave para la elecci\u00f3n presidencial. Se refiere Mario Herrera Mu\u00f1oz, acad\u00e9mico del centro de An\u00e1lisis Pol\u00edtico (CAP-UTalca).\u00a0<\/a><br \/><br \/><\/div><div><b>MEDIABANCO<\/b>\u00a0<br \/><a href=\"https:\/\/www.mediabanco.com\/marzo-y-abril-meses-clave-para-la-eleccion-presidencial\/\">Marzo y abril: meses clave para la elecci\u00f3n presidencial. Se refiere Mario Herrera Mu\u00f1oz, acad\u00e9mico del centro de An\u00e1lisis Pol\u00edtico (CAP-UTalca).\u00a0<\/a><br \/><br \/><\/div><div><b>RADIO ANCOA<\/b>\u00a0<br \/><a href=\"https:\/\/www.radioancoa.cl\/categoria\/local\/elecciones-presidenciales-marzo-abril-meses-clave-definir-candidaturas\">Marzo y abril: meses clave para la elecci\u00f3n presidencial. Se refiere Mario Herrera Mu\u00f1oz, acad\u00e9mico del centro de An\u00e1lisis Pol\u00edtico (CAP-UTalca).\u00a0<\/a><br \/><br \/><\/div><div><b>AD PRENSA<\/b>\u00a0<br \/><a href=\"https:\/\/www.adprensa.cl\/politica\/marzo-y-abril-meses-clave-para-la-eleccion-presidencial\/\">Marzo y abril: meses clave para la elecci\u00f3n presidencial. Se refiere Mario Herrera Mu\u00f1oz, acad\u00e9mico del centro de An\u00e1lisis Pol\u00edtico (CAP-UTalca)\u00a0<\/a><br \/><br \/><\/div><div><b>EL MAULE INFORMA<\/b>\u00a0<br \/><a href=\"https:\/\/elmauleinforma.cl\/campana-de-inmunizacion-nacional-que-tan-seguras-son-estas-vacunas\/\">Marzo y abril: meses clave para la elecci\u00f3n presidencial. Se refiere Mario Herrera Mu\u00f1oz, acad\u00e9mico del centro de An\u00e1lisis Pol\u00edtico (CAP-UTalca).\u00a0<\/a><br \/><br \/><\/div><div><b>TIERRA AMARILLANO<\/b>\u00a0<br \/><a href=\"https:\/\/tierramarillano.cl\/2025\/03\/06\/marzo-y-abril-meses-clave-para-la-eleccion-presidencial\/\">Marzo y abril: meses clave para la elecci\u00f3n presidencial. Se refiere Mario Herrera Mu\u00f1oz, acad\u00e9mico del centro de An\u00e1lisis Pol\u00edtico (CAP-UTalca).\u00a0<\/a><br \/><br \/><\/div><div><b>DIARIO EL HERALDO<\/b>\u00a0<br \/><a href=\"https:\/\/www.diarioelheraldo.cl\/noticia\/marzo-y-abril-meses-clave-para-la-eleccion-presidencial\">Marzo y abril: meses clave para la elecci\u00f3n presidencial. Se refiere Mario Herrera Mu\u00f1oz, acad\u00e9mico del centro de An\u00e1lisis Pol\u00edtico (CAP-UTalca).\u00a0<\/a><br \/><br \/><\/div><div><b>RADIO AMIGA<\/b>\u00a0<br \/><a href=\"https:\/\/www.litoralpress.cl\/sitio\/RadioTV_Detalles.cshtml?LPKey=WFB7XML3GTLBFNH2GAEGOHPEYHLELJVADJTPBX7E5DNH5DOM6FJVBX6QZDNHWQPI62E2L4Z2EK2EY\">Odontopediatra destaca importancia de la higiene bucal en el regreso a clases. Se refiere Patricia Jim\u00e9nez del R\u00edo, acad\u00e9mica de la Facultad de Odontolog\u00eda.\u00a0<\/a><br \/><br \/><\/div><div><b>TV5 LINARES<\/b>\u00a0<br \/><a href=\"https:\/\/www.litoralpress.cl\/sitio\/RadioTV_Detalles.cshtml?LPKey=N2X2ARBWONBMRNYRWC7OG3GVEYEH5RYD3HOK7HBWGCSLJ2VUNTOYQ3B6BTERF4SXOU4Z7WCPDEEA6\">Decretan alerta roja en el Maule por temperaturas extremas. Se refiere Patricio Gonz\u00e1lez, agroclimat\u00f3logo y acad\u00e9mico del Centro de Investigaci\u00f3n y Transferencia en Riego y Agroclimatolog\u00eda (CITRA).\u00a0<\/a><br \/><br \/><\/div><div><b>LOS VOLCANES TELEVISI\u00d3N<\/b>\u00a0<br \/><a href=\"https:\/\/losvolcanestelevision.cl\/marcela-araya-presidenta-corte-valdivia-la-justicia-que-no-es-capaz-de-llegar-a-las-localidades-mas-alejadas-a-cada-habitante-de-la-republica-no-es-justicia\/\">Marcela Araya, presidenta Corte Valdivia: \u201cLa justicia que no es capaz de llegar a las localidades m\u00e1s alejadas, a cada habitante de la Rep\u00fablica, no es justicia\u201d. Se menciona la Universidad de Talca.\u00a0<\/a><br \/><br \/><\/div><div><b>NOTICIAS R\u00cdO BUENO<\/b>\u00a0<br \/><a href=\"https:\/\/www.noticiasriobueno.com\/marcela-araya-presidenta-corte-valdivia-la-justicia-que-no-es-capaz-de-llegar-a-las-localidades-mas-alejadas-a-cada-habitante-de-la-republica-no-es-justicia\/\">Marcela Araya, presidenta Corte Valdivia: \u201cLa justicia que no es capaz de llegar a las localidades m\u00e1s alejadas, a cada habitante de la Rep\u00fablica, no es justicia\u201d. Se menciona la Universidad de Talca.\u00a0<\/a><br \/><br \/><\/div><div aria-hidden=\"true\">\u00a0<\/div>\t\t\t\t\t\t<\/div>\n\t\t\t\t<\/div>\n\t\t\t\t\t<\/div>\n\t\t<\/div>\n\t\t\t\t\t\t\t<\/div>\n\t\t<\/section>\n\t\t\t\t\t\t<\/div>\n\t\t\t\t\t<\/div>\n\t\t","protected":false},"excerpt":{"rendered":"<p>COOPERATIVA CIENCIA\u00a0Entrevista a Karin Saavedra Redlich, directora general de Vinculaci\u00f3n con el Medio.\u00a0\u00a0CONSORCIO DE UNIVERSIDADES DEL ESTADO DE CHILE\u00a0UTalca se consolida en investigaci\u00f3n molecular con el equipo de resonancia magn\u00e9tica m\u00e1s avanzado de Chile. Se refiere Rodrigo Palomo V\u00e9lez, Vicerrector Acad\u00e9mico.\u00a0 MSN CHILE\u00a0Vacunaci\u00f3n en Chile: el desaf\u00edo de la inmunizaci\u00f3n frente al auge de los &hellip;<\/p>\n<p class=\"read-more\"> <a class=\"\" href=\"https:\/\/www.reportedeprensa.utalca.cl\/?p=11484\"> <span class=\"screen-reader-text\">07 de marzo 2025<\/span> Read More &raquo;<\/a><\/p>\n","protected":false},"author":1,"featured_media":0,"comment_status":"closed","ping_status":"open","sticky":false,"template":"","format":"standard","meta":{"_monsterinsights_skip_tracking":false,"_monsterinsights_sitenote_active":false,"_monsterinsights_sitenote_note":"","_monsterinsights_sitenote_category":0},"categories":[57],"tags":[],"_links":{"self":[{"href":"https:\/\/www.reportedeprensa.utalca.cl\/index.php?rest_route=\/wp\/v2\/posts\/11484"}],"collection":[{"href":"https:\/\/www.reportedeprensa.utalca.cl\/index.php?rest_route=\/wp\/v2\/posts"}],"about":[{"href":"https:\/\/www.reportedeprensa.utalca.cl\/index.php?rest_route=\/wp\/v2\/types\/post"}],"author":[{"embeddable":true,"href":"https:\/\/www.reportedeprensa.utalca.cl\/index.php?rest_route=\/wp\/v2\/users\/1"}],"replies":[{"embeddable":true,"href":"https:\/\/www.reportedeprensa.utalca.cl\/index.php?rest_route=%2Fwp%2Fv2%2Fcomments&post=11484"}],"version-history":[{"count":4,"href":"https:\/\/www.reportedeprensa.utalca.cl\/index.php?rest_route=\/wp\/v2\/posts\/11484\/revisions"}],"predecessor-version":[{"id":11488,"href":"https:\/\/www.reportedeprensa.utalca.cl\/index.php?rest_route=\/wp\/v2\/posts\/11484\/revisions\/11488"}],"wp:attachment":[{"href":"https:\/\/www.reportedeprensa.utalca.cl\/index.php?rest_route=%2Fwp%2Fv2%2Fmedia&parent=11484"}],"wp:term":[{"taxonomy":"category","embeddable":true,"href":"https:\/\/www.reportedeprensa.utalca.cl\/index.php?rest_route=%2Fwp%2Fv2%2Fcategories&post=11484"},{"taxonomy":"post_tag","embeddable":true,"href":"https:\/\/www.reportedeprensa.utalca.cl\/index.php?rest_route=%2Fwp%2Fv2%2Ftags&post=11484"}],"curies":[{"name":"wp","href":"https:\/\/api.w.org\/{rel}","templated":true}]}}