{"id":11489,"date":"2025-03-10T13:09:12","date_gmt":"2025-03-10T16:09:12","guid":{"rendered":"https:\/\/www.reportedeprensa.utalca.cl\/?p=11489"},"modified":"2025-03-10T13:15:49","modified_gmt":"2025-03-10T16:15:49","slug":"10-de-marzo-2025","status":"publish","type":"post","link":"https:\/\/www.reportedeprensa.utalca.cl\/?p=11489","title":{"rendered":"10 de marzo 2025"},"content":{"rendered":"\t\t<div data-elementor-type=\"wp-post\" data-elementor-id=\"11489\" class=\"elementor elementor-11489\" data-elementor-settings=\"[]\">\n\t\t\t\t\t\t\t<div class=\"elementor-section-wrap\">\n\t\t\t\t\t\t\t<section class=\"elementor-section elementor-top-section elementor-element elementor-element-bcea1a8 elementor-section-boxed elementor-section-height-default elementor-section-height-default\" data-id=\"bcea1a8\" data-element_type=\"section\">\n\t\t\t\t\t\t<div class=\"elementor-container elementor-column-gap-default\">\n\t\t\t\t\t<div class=\"elementor-column elementor-col-100 elementor-top-column elementor-element elementor-element-e7183bf\" data-id=\"e7183bf\" data-element_type=\"column\">\n\t\t\t<div class=\"elementor-widget-wrap elementor-element-populated\">\n\t\t\t\t\t\t\t\t<div class=\"elementor-element elementor-element-d899c06 elementor-widget elementor-widget-text-editor\" data-id=\"d899c06\" data-element_type=\"widget\" data-widget_type=\"text-editor.default\">\n\t\t\t\t<div class=\"elementor-widget-container\">\n\t\t\t\t\t\t\t\t<div class=\"x_elementToProof\"><b data-olk-copy-source=\"MessageBody\">COOPERATIVA CIENCIA<br \/><\/b><a href=\"https:\/\/www.cooperativaciencia.cl\/cienciaconellas\/2025\/03\/07\/karin-saavedra-la-chilota-que-se-convirtio-en-la-primera-ingeniera-civil-aeroespacial-del-pais\/\">La chilota que se convirti\u00f3 en la primera ingeniera civil aeroespacial del pa\u00eds. Se refiere Karin Saavedra Redlich, directora General de Vinculaci\u00f3n con el Medio.<\/a><b><br \/><\/b><\/div><div class=\"x_elementToProof\" aria-hidden=\"true\">\u00a0<\/div><div class=\"x_elementToProof\"><b>RADIO BIOBIO<br \/><\/b><a href=\"https:\/\/www.litoralpress.cl\/sitio\/RadioTV_Detalles.cshtml?LPKey=BBL6U4V4TP4CNWXS5ACT7UGMVO3IRERCPXPZ3MCKXPITSPOHN33PTGFOATRPI66ZFWPYO5X5ZWVUG\">El Presidente Gabriel Boric encabez\u00f3 actividades por el D\u00eda Internacional de la Mujer. Se refiere Andrea Bentancor, acad\u00e9mica de la Facultad de Econom\u00eda y Negocios.<\/a><b><br \/><\/b><\/div><div class=\"x_elementToProof\" aria-hidden=\"true\">\u00a0<\/div><div class=\"x_elementToProof\"><b>EMOL<br \/><\/b><a href=\"https:\/\/www.emol.com\/noticias\/Nacional\/2025\/03\/09\/1159716\/menores-delitos-por-que.html\">Drogas, deserci\u00f3n escolar y violencia: Los factores que empujan a un menor de edad a vincularse con el mundo delictual. Se refiere Gloria Mancilla, acad\u00e9mica Facultad de Ciencias Jur\u00eddicas y Sociales.<\/a><b><br \/><\/b><b><u><a id=\"OWAe102ece5-1d70-759c-64d5-34aa1fab4dc0\" class=\"x_OWAAutoLink\" title=\"https:\/\/www.emol.com\/noticias\/Nacional\/2025\/03\/09\/1159716\/menores-delitos-por-que.html\" href=\"https:\/\/www.emol.com\/noticias\/Nacional\/2025\/03\/09\/1159716\/menores-delitos-por-que.html\" target=\"_blank\" rel=\"noopener noreferrer\" data-auth=\"NotApplicable\" data-linkindex=\"2\"><\/a><\/u><\/b><b>\u00a0<\/b><\/div><div class=\"x_elementToProof\"><b>EMOL TV<\/b><br \/><a href=\"https:\/\/www.litoralpress.cl\/sitio\/RadioTV_Detalles.cshtml?LPKey=OWAJWBZBEYLHC5ASRDUG4ZQODVI7IJ3ITUNZST7F2DJIFXERWYC2IHKVJYKYTKUXRZDMDL5CYKJ7K\">Tour Innovaci\u00f3n &#8211; Soluciones innovadoras que aportan eficiencia energ\u00e9tica. Mar\u00eda Luisa del Campo, directora a del Centro Tecnol\u00f3gico Kipus.\u00a0<\/a><\/div><div class=\"x_elementToProof\"><b>\u00a0<\/b><\/div><div class=\"x_elementToProof\"><b>EL MERCURIO<br \/><\/b><a href=\"https:\/\/www.litoralpress.cl\/sitio\/Prensa_PaginaCompleta.cshtml?LPKey=AUHFIXONUN2RGQNIGOY4K4YIVZQVEJXYHJ6Z2MJT53YVNU3S7BVQ\">8M: las siete inventoras que lideran innovaciones en Chile y el extranjero. Se menciona la Universidad de Talca.<\/a><b><br \/><\/b><\/div><div class=\"x_elementToProof\"><b>\u00a0<\/b><\/div><div class=\"x_elementToProof\"><b>EMOL<\/b><br \/><a href=\"https:\/\/www.emol.com\/noticias\/Tendencias\/2025\/03\/07\/1159561\/calendario-vendimias-chile-enoturismo-regiones.html\">Vendimias entran en tierra derecha: Conoce el calendario de las fiestas por las cosechas que se realizar\u00e1n en todo Chile. Se menciona la Universidad de Talca.<\/a><\/div><div class=\"x_elementToProof\"><b>\u00a0<\/b><\/div><div class=\"x_elementToProof\"><b>EL MERCURIO<\/b><br \/><a href=\"https:\/\/www.litoralpress.cl\/sitio\/Prensa_PaginaCompleta.cshtml?LPKey=IJBHDEI6FTYJA2KNYNW6BU73B5TJSY6MJCQVMQG66QAW4EZKUNHQ\">Samanta Schweblin: &#8220;El cuento es mi espacio natural&#8221;. Se menciona la Universidad de Talca.<\/a><br \/><br \/><\/div><div class=\"x_elementToProof\"><b>PUBLIMICRO<\/b><br \/><a href=\"https:\/\/publimicro.cl\/8m-los-desafios-que-aun-enfrentan-las-mujeres-en-la-ciencia-trabajo-de-tesis-doctoral-de-la-universidad-de-talca-visibiliza-una-cruda-realidad\/\">8M: Los desaf\u00edos que a\u00fan enfrentan las mujeres en la ciencia. Trabajo de tesis doctoral de la Universidad de Talca, visibiliza una cruda realidad. Se refiere Dailys Acosta, doctorante Instituto de Qu\u00edmica, Jessica Z\u00fa\u00f1iga, acad\u00e9mica del Departamento Ciencias B\u00e1sicas Biom\u00e9dicas\u00a0 y\u00a0 Constanza Reyes, acad\u00e9mica de la Facultad de Econom\u00eda y Negocios.<\/a><br \/><br \/><\/div><div class=\"x_elementToProof\"><b>REVISTA ECOCIENCIAS<br \/><\/b><a href=\"https:\/\/revistaecociencias.cl\/2025\/03\/08\/8m-los-desafios-que-aun-enfrentan-las-mujeres-en-la-ciencia\/\">8M: Los desaf\u00edos que a\u00fan enfrentan las mujeres en la ciencia. Se refiere Dailys Acosta, doctorante Instituto de Qu\u00edmica, Jessica Z\u00fa\u00f1iga, acad\u00e9mica del Departamento Ciencias B\u00e1sicas Biom\u00e9dicas\u00a0 y\u00a0 Constanza Reyes, acad\u00e9mica de la Facultad de Econom\u00eda y Negocios.<\/a><b><br \/><\/b><b><br \/><\/b><\/div><div class=\"x_elementToProof\"><b>G5 NOTICIA<\/b><br \/><a href=\"https:\/\/g5noticias.cl\/2025\/03\/07\/8m-los-desafios-que-aun-enfrentan-las-mujeres-en-la-ciencia\/\">8M: Los desaf\u00edos que a\u00fan enfrentan las mujeres en la ciencia. Se refiere Dailys Acosta, doctorante Instituto de Qu\u00edmica, Jessica Z\u00fa\u00f1iga, acad\u00e9mica del Departamento Ciencias B\u00e1sicas Biom\u00e9dicas\u00a0 y\u00a0 Constanza Reyes, acad\u00e9mica de la Facultad de Econom\u00eda y Negocios.<\/a><br \/><br \/><\/div><div class=\"x_elementToProof\"><b>RADIO ALLEN<\/b><br \/><a href=\"https:\/\/radioallen.cl\/8m-los-desafios-que-aun-enfrentan-las-mujeres-en-la-ciencia\/\">8M: Los desaf\u00edos que a\u00fan enfrentan las mujeres en la ciencia. Se refiere Dailys Acosta, doctorante Instituto de Qu\u00edmica, Jessica Z\u00fa\u00f1iga, acad\u00e9mica del Departamento Ciencias B\u00e1sicas Biom\u00e9dicas\u00a0 y\u00a0 Constanza Reyes, acad\u00e9mica de la Facultad de Econom\u00eda y Negocios.<\/a><br \/><br \/><\/div><div class=\"x_elementToProof\"><b>MEDIABANCO<\/b><br \/><a href=\"https:\/\/www.mediabanco.com\/8m-los-desafios-que-aun-enfrentan-las-mujeres-en-la-ciencia\/\">8M: Los desaf\u00edos que a\u00fan enfrentan las mujeres en la ciencia. Se refiere Dailys Acosta, doctorante Instituto de Qu\u00edmica, Jessica Z\u00fa\u00f1iga, acad\u00e9mica del Departamento Ciencias B\u00e1sicas Biom\u00e9dicas\u00a0 y\u00a0 Constanza Reyes, acad\u00e9mica de la Facultad de Econom\u00eda y Negocios.<\/a><\/div><div>\u00a0<\/div><div class=\"x_elementToProof\"><b>BIO NOTICIAS<\/b><br \/><a href=\"https:\/\/bionoticias.cl\/8m-los-desafios-que-aun-enfrentan-las-mujeres-en-la-ciencia\/\">8M: Los desaf\u00edos que a\u00fan enfrentan las mujeres en la ciencia. Se refiere Dailys Acosta, doctorante Instituto de Qu\u00edmica, Jessica Z\u00fa\u00f1iga, acad\u00e9mica del Departamento Ciencias B\u00e1sicas Biom\u00e9dicas\u00a0 y\u00a0 Constanza Reyes, acad\u00e9mica de la Facultad de Econom\u00eda y Negocios.<\/a><\/div><div>\u00a0<\/div><div class=\"x_elementToProof\"><b>RADIO ANCOA<\/b><br \/><a href=\"https:\/\/www.radioancoa.cl\/categoria\/regional\/mujeres-ciencia-retos-avances\">Mujeres en la ciencia: Retos y avances. Se refiere Dailys Acosta, doctorante Instituto de Qu\u00edmica, Jessica Z\u00fa\u00f1iga, acad\u00e9mica del Departamento Ciencias B\u00e1sicas Biom\u00e9dicas\u00a0 y\u00a0 Constanza Reyes, acad\u00e9mica de la Facultad de Econom\u00eda y Negocios.<\/a><\/div><div>\u00a0<\/div><div class=\"x_elementToProof\"><b>EL HERALDO<\/b><br \/><a href=\"https:\/\/www.litoralpress.cl\/paginaconsultas\/Servicios_NClipSitio\/Get_Imagen_Nota.aspx?LPKey=QVKEMTWHW66427GNFDURLMXG5D3QUNTP5QLXS7LKOOF6RN2POGMMZPHLFML7E6QWQLJPQFQBBHPTC\">8M: Los desaf\u00edos que a\u00fan enfrentan las mujeres en la ciencia. Se refiere Dailys Acosta, doctorante Instituto de Qu\u00edmica, Jessica Z\u00fa\u00f1iga, acad\u00e9mica del Departamento Ciencias B\u00e1sicas Biom\u00e9dicas\u00a0 y\u00a0 Constanza Reyes, acad\u00e9mica de la Facultad de Econom\u00eda y Negocios.<\/a><\/div><div class=\"x_elementToProof\"><b>\u00a0<\/b><\/div><div class=\"x_elementToProof\"><b>CONSORCIO DE UNIVERSIDADES DEL ESTADO DE CHILE\u00a0<br \/><\/b><a href=\"https:\/\/noticias.uestatales.cl\/utalca-investigacion-molecular-equipo-resonancia-magnetica-chile\">UTalca se consolida en investigaci\u00f3n molecular con el equipo de resonancia magn\u00e9tica m\u00e1s avanzado de Chile. Se refiere Rodrigo Palomo V\u00e9lez, Vicerrector Acad\u00e9mico.\u00a0<\/a><b><br \/><\/b><\/div><div class=\"x_elementToProof\"><b>MSN CHILE<\/b>\u00a0<br \/><a href=\"https:\/\/www.msn.com\/es-cl\/noticias\/other\/vacunaci%C3%B3n-en-chile-el-desaf%C3%ADo-de-la-inmunizaci%C3%B3n-frente-al-auge-de-los-movimientos-antivacunas\/ar-AA1Alvqy\">Vacunaci\u00f3n en Chile: el desaf\u00edo de la inmunizaci\u00f3n frente al auge de los movimientos antivacunas. Se refiere Daniel Jim\u00e9nez Acu\u00f1a, director de Salud del Estudiante.\u00a0<\/a><br \/><br \/><\/div><div class=\"x_elementToProof\"><b>EL MOSTRADOR\u00a0<br \/><\/b><a href=\"https:\/\/www.elmostrador.cl\/agenda-pais\/vida-en-linea\/2025\/03\/06\/vacunacion-en-chile-el-desafio-de-la-inmunizacion-frente-al-auge-de-los-movimientos-antivacunas\/\">Vacunaci\u00f3n en Chile: el desaf\u00edo de la inmunizaci\u00f3n frente al auge de los movimientos antivacunas. Se refiere Daniel Jim\u00e9nez Acu\u00f1a, director de Salud del Estudiante.\u00a0<\/a><b><br \/><\/b><\/div><div class=\"x_elementToProof\"><b>DIARIOS EN RED<\/b>\u00a0<br \/><a href=\"https:\/\/www.diarioenred.com\/nacional\/campana-de-inmunizacion-nacional-que-tan-seguras-son-estas-vacunas\">Campa\u00f1a de inmunizaci\u00f3n nacional: \u00bfQu\u00e9 tan seguras son estas vacunas? Se refiere Daniel Jim\u00e9nez Acu\u00f1a, director de Salud del Estudiante.\u00a0<\/a><br \/><br \/><\/div><div class=\"x_elementToProof\"><b>RED ATACAMA\u00a0<\/b>\u00a0<br \/><a href=\"https:\/\/www.redatacama.com\/nacional\/campana-de-inmunizacion-nacional-que-tan-seguras-son-estas-vacunas\">Campa\u00f1a de inmunizaci\u00f3n nacional: \u00bfQu\u00e9 tan seguras son estas vacunas? Se refiere Daniel Jim\u00e9nez Acu\u00f1a, director de Salud del Estudiante.\u00a0<\/a><br \/><br \/><\/div><div class=\"x_elementToProof\"><b>RED MAULE<\/b>\u00a0<br \/><a href=\"https:\/\/www.redmaule.com\/nacional\/campana-de-inmunizacion-nacional-que-tan-seguras-son-estas-vacunas\">Campa\u00f1a de inmunizaci\u00f3n nacional: \u00bfQu\u00e9 tan seguras son estas vacunas? Se refiere Daniel Jim\u00e9nez Acu\u00f1a, director de Salud del Estudiante.\u00a0<\/a><br \/><br \/><\/div><div class=\"x_elementToProof\"><b>RED VALPARA\u00cdSO<\/b>\u00a0<br \/><a href=\"https:\/\/www.redvalparaiso.com\/nacional\/campana-de-inmunizacion-nacional-que-tan-seguras-son-estas-vacunas\">Campa\u00f1a de inmunizaci\u00f3n nacional: \u00bfQu\u00e9 tan seguras son estas vacunas? Se refiere Daniel Jim\u00e9nez Acu\u00f1a, director de Salud del Estudiante.\u00a0<\/a><\/div><div class=\"x_elementToProof\"><b>\u00a0<\/b><\/div><div class=\"x_elementToProof\"><b>BLOOMBERG LINEA<br \/><\/b><a href=\"https:\/\/www.bloomberglinea.com\/latinoamerica\/chile\/elecciones-en-chile-johannes-kaiser-y-evelyn-matthei-empatan-en-encuesta-presidencial\/\">Elecciones en Chile: Johannes Kaiser y Evelyn Matthei empatan en encuesta presidencial. Se refiere Mauricio Morales Quiroga, director del Centro de An\u00e1lisis Pol\u00edtico (CAP).<\/a><b><br \/><\/b><b><br \/><\/b><\/div><div class=\"x_elementToProof\"><b>INOTICIAS<\/b><br \/><a href=\"https:\/\/www.inoticias.cl\/index.php\/columna-de-mauricio-morales--del-trasnoche-ideolog\">Del trasnoche ideol\u00f3gico al pragmatismo efectivo. Columna de Mauricio Morales Quiroga, director del Centro de An\u00e1lisis Pol\u00edtico (CAP).<\/a><br \/><br \/><\/div><div class=\"x_elementToProof\"><b>LA TERCERA ONLINE<\/b><br \/><a href=\"https:\/\/www.latercera.com\/opinion\/noticia\/columna-de-mauricio-morales-del-trasnoche-ideologico-al-pragmatismo-efectivo\/\">Del trasnoche ideol\u00f3gico al pragmatismo efectivo. Columna de Mauricio Morales Quiroga, director del Centro de An\u00e1lisis Pol\u00edtico (CAP)<\/a><br \/><br \/><\/div><div class=\"x_elementToProof\"><b>LA TERCERA<\/b><br \/><a href=\"https:\/\/www.litoralpress.cl\/paginaconsultas\/Servicios_NClipSitio\/Get_Imagen_Nota.aspx?LPKey=JPW5VHL2XC4ZFJXRZLEOY2UCZ6K7Q5F54Q7VWAYBGA7OPO5UENHSELKBMPUQBZNRU4H3242EBL6RQ\">Del trasnoche ideol\u00f3gico al pragmatismo efectivo. Columna de Mauricio Morales Quiroga, director del Centro de An\u00e1lisis Pol\u00edtico (CAP).<\/a><\/div><div class=\"x_elementToProof\">\u00a0<\/div><div class=\"x_elementToProof\"><b>EL MAULE INFORMA<br \/><\/b><a href=\"https:\/\/elmauleinforma.cl\/utalca-abre-convocatoria-para-voluntariado-en-sus-espacios-culturales\/\">UTalca abre convocatoria para voluntariado en sus espacios culturales. Se refiere Marcela Albornoz, directora de Extensi\u00f3n Cultural-Art\u00edstica.<\/a><b><br \/><\/b><b><br \/><\/b><\/div><div class=\"x_elementToProof\"><b>EL DIARIO SANTIAGO<br \/><\/b><a href=\"https:\/\/www.eldiariosantiago.cl\/2025\/03\/09\/estas-son-las-frutas-y-verduras-que-se-recomiendan-comer-con-cascara\/\">Estas son las frutas y verduras que se recomiendan comer con c\u00e1scara. Se refiere Mauricio Orellana, acad\u00e9mico Escuela de Nutrici\u00f3n.<\/a><b><br \/><\/b><b><br \/><\/b><\/div><div class=\"x_elementToProof\"><b>PUBLIMICRO<br \/><\/b><a href=\"https:\/\/publimicro.cl\/universidad-de-talca-se-adjudica-nuevamente-el-proyecto-explora-maule-iniciativa-cientifica-esta-hace-mas-de-una-decada-bajo-su-liderazgo\/\">Universidad de Talca se adjudica nuevamente el proyecto Explora Maule. Se refiere Karin Saavedra Redlich, directora General de Vinculaci\u00f3n con el Medio.<\/a><br \/><b><br \/><\/b><\/div><div class=\"x_elementToProof\"><b>EL MAULE INFORMA<\/b><br \/><a href=\"https:\/\/www.mediabanco.com\/universidad-de-talca-se-adjudica-nuevamente-el-proyecto-explora-maule\/\">Universidad de Talca se adjudica nuevamente el proyecto Explora Maule. Se refiere Karin Saavedra Redlich, directora General de Vinculaci\u00f3n con el Medio.<\/a><br \/><br \/><\/div><div class=\"x_elementToProof\"><b>SOMOS MAULE<\/b><br \/><a href=\"http:\/\/somosmaule.cl\/publico\/ficha\/ficha.aspx?i=90473\">Universidad de Talca se adjudica nuevamente el proyecto Explora Maule. Se refiere Karin Saavedra Redlich, directora General de Vinculaci\u00f3n con el Medio.<\/a><br \/><br \/><\/div><div class=\"x_elementToProof\"><b>CHILL\u00c1N ONLINE<\/b><br \/><a href=\"https:\/\/www.chillanonline.cl\/V7\/2025\/03\/08\/universidad-de-talca-se-adjudica-nuevamente-el-proyecto-explora-maule\/\">Universidad de Talca se adjudica nuevamente el proyecto Explora Maule. Se refiere Karin Saavedra Redlich, directora General de Vinculaci\u00f3n con el Medio.<\/a><br \/><br \/><\/div><div class=\"x_elementToProof\"><b>AD PRENSA<br \/><\/b><a href=\"https:\/\/www.adprensa.cl\/cronica\/universidad-de-talca-se-adjudica-nuevamente-el-proyecto-explora-maule\/\">Universidad de Talca se adjudica nuevamente el proyecto Explora Maule. Se refiere Karin Saavedra Redlich, directora General de Vinculaci\u00f3n con el Medio.<\/a><b><br \/><\/b><b><br \/><\/b><\/div><div class=\"x_elementToProof\"><b>EL LECTOR<\/b><br \/><a href=\"https:\/\/www.litoralpress.cl\/paginaconsultas\/Servicios_NClipSitio\/Get_Imagen_Nota.aspx?LPKey=UHMAOLEHQZ2ZQJOI7NZZILMI6NOZ5CAQIAMYOMHZKHSAUZSVU6JXTMBRT4BJWZS4IUATNFHEACJYK\">Marzo y abril: meses clave para la elecci\u00f3n presidencial. Se refiere Mario Herrera Mu\u00f1oz, acad\u00e9mico del Centro de An\u00e1lisis Pol\u00edtico (CAP).<\/a><br \/><br \/><\/div><div class=\"x_elementToProof\"><b>LA NOTICIA<br \/><\/b><a href=\"https:\/\/lanoticia.cl\/marzo-y-abril-meses-clave-para-la-eleccion-presidencial\/\">Marzo y abril: meses clave para la elecci\u00f3n presidencial. Se refiere Mario Herrera Mu\u00f1oz, acad\u00e9mico del Centro de An\u00e1lisis Pol\u00edtico (CAP).<\/a><br \/><br \/><\/div><div class=\"x_elementToProof\"><b>OSORNO EN RED<\/b><br \/><a href=\"http:\/\/osornoenlared.cl\/2025\/03\/08\/marzo-y-abril-meses-clave-para-la-eleccion-presidencial\/\">Marzo y abril: meses clave para la elecci\u00f3n presidencial. Se refiere Mario Herrera Mu\u00f1oz, acad\u00e9mico del Centro de An\u00e1lisis Pol\u00edtico (CAP)<\/a><br \/><br \/><\/div><div class=\"x_elementToProof\"><b>PUBLIMICRO<\/b><br \/><a href=\"https:\/\/publimicro.cl\/marzo-y-abril-serian-los-meses-clave-para-la-eleccion-presidencial-segun-proyecta-academico-de-la-universidad-de-talca\/\">Marzo y abril, ser\u00edan los meses clave para la elecci\u00f3n presidencial, seg\u00fan proyecta acad\u00e9mico de la Universidad de Talca. Se refiere Mario Herrera Mu\u00f1oz, acad\u00e9mico del Centro de An\u00e1lisis Pol\u00edtico (CAP)<\/a><br \/><br \/><\/div><div class=\"x_elementToProof\"><b>MAULE HOY<\/b><br \/><a href=\"https:\/\/www.litoralpress.cl\/paginaconsultas\/Servicios_NClipSitio\/Get_Imagen_Nota.aspx?LPKey=PZPZUKITDLY624V73DFSNWEBFPI4IEIN46WCHEDJ6UWZV23E5XMLTTFQTCSPVUHIZY2A3HYDIYP5G\">Marzo y abril: meses clave para la elecci\u00f3n presidencial. Se refiere Mario Herrera Mu\u00f1oz, acad\u00e9mico del Centro de An\u00e1lisis Pol\u00edtico (CAP).<\/a><br \/><br \/><\/div><div class=\"x_elementToProof\"><b>EL RANCAGUINO<\/b><br \/><a href=\"https:\/\/www.litoralpress.cl\/sitio\/Prensa_Detalles.cshtml?LPKey=UCWPJSPW3JBOGTCU4OX2KI3Q5KHIMZPMIXGSY62T6EVTYL7U42SA\">Testimonios que evidencian la influencia femenina en el desarrollo del turismo. Se refiere Anyelina Riveros, coordinadora T\u00e9cnico Nivel Superior en Turismo Enol\u00f3gico.<\/a><br \/><u><a id=\"OWAad73d01f-3ba4-cf3c-9ba9-089022aa8a80\" class=\"x_OWAAutoLink\" title=\"https:\/\/www.litoralpress.cl\/sitio\/Prensa_Detalles.cshtml?LPKey=UCWPJSPW3JBOGTCU4OX2KI3Q5KHIMZPMIXGSY62T6EVTYL7U42SA\" href=\"https:\/\/www.litoralpress.cl\/sitio\/Prensa_Detalles.cshtml?LPKey=UCWPJSPW3JBOGTCU4OX2KI3Q5KHIMZPMIXGSY62T6EVTYL7U42SA\" target=\"_blank\" rel=\"noopener noreferrer\" data-auth=\"NotApplicable\" data-linkindex=\"38\"><\/a><\/u><\/div><div>\u00a0<\/div><div class=\"x_elementToProof\"><b>LA NOTICIA<\/b><br \/><a href=\"https:\/\/lanoticia.cl\/palabra-de-mujer-cuatro-testimonios-que-evidencian-la-influencia-femenina-en-el-desarrollo-del-turismo\/\">Palabra de mujer: cuatro testimonios que evidencian la influencia femenina en el desarrollo del turismo. Se refiere Anyelina Riveros, coordinadora T\u00e9cnico Nivel Superior en Turismo Enol\u00f3gico.<\/a><br \/><br \/><\/div><div class=\"x_elementToProof\"><b>CAUQUENES.NET<\/b><br \/><a href=\"https:\/\/cauquenesnet.cl\/2025\/03\/07\/campana-de-inmunizacion-nacional-que-tan-seguras-son-estas-vacunas\/\">Campa\u00f1a de inmunizaci\u00f3n nacional: \u00bfQu\u00e9 tan seguras son estas vacunas? Se refiere Daniel Jim\u00e9nez Acu\u00f1a, director de Salud del Estudiante.\u00a0<\/a><br \/><br \/><\/div><div class=\"x_elementToProof\"><b>G5 NOTICIA<\/b><br \/><a href=\"https:\/\/g5noticias.cl\/2025\/03\/07\/campana-de-inmunizacion-nacional-que-tan-seguras-son-estas-vacunas\/\">Campa\u00f1a de inmunizaci\u00f3n nacional: \u00bfQu\u00e9 tan seguras son estas vacunas? Se refiere Daniel Jim\u00e9nez Acu\u00f1a, director de Salud del Estudiante.\u00a0<\/a><br \/><u><a id=\"OWA5cc02cca-ca87-dd55-7c51-046d2baa9ce4\" class=\"x_OWAAutoLink\" title=\"https:\/\/g5noticias.cl\/2025\/03\/07\/campana-de-inmunizacion-nacional-que-tan-seguras-son-estas-vacunas\/\" href=\"https:\/\/g5noticias.cl\/2025\/03\/07\/campana-de-inmunizacion-nacional-que-tan-seguras-son-estas-vacunas\/\" target=\"_blank\" rel=\"noopener noreferrer\" data-auth=\"NotApplicable\" data-linkindex=\"41\"><\/a><\/u><\/div><div>\u00a0<\/div><div class=\"x_elementToProof\"><b>RADIO LAUTARO<\/b><br \/><a href=\"https:\/\/radiolautarotalca.cl\/conoce-las-frutas-y-verduras-que-se-recomiendan-comer-con-cascara\/\">Conoce las frutas y verduras que se recomiendan comer con c\u00e1scara. Se refiere Mauricio Orellana, acad\u00e9mico de la carrera de Nutrici\u00f3n y Diet\u00e9tica<\/a>\u00a0<br \/><br \/><\/div><div class=\"x_elementToProof\"><b>DIARIO CONSTITUCIONAL<\/b><br \/><a href=\"https:\/\/www.diarioconstitucional.cl\/entrevistas\/alejandro-carcamo-righetti-abogado-doctor-en-derecho-y-academico-de-la-universidad-de-talca-seran-los-tribunales-de-justicia-caso-a-caso-los-convocados-a-determinar-su-correcta-aplicacio\/\">\u201cSer\u00e1n los Tribunales de Justicia, caso a caso, los convocados a determinar su correcta aplicaci\u00f3n, lo que se traduce en la existencia de una jurisprudencia administrativa con nulo o escaso efecto pr\u00e1ctico\u201d. Se refiere Alejandro C\u00e1rcamo Righetti, acad\u00e9mico de la Facultad de Ciencias Jur\u00eddicas y Sociales.<\/a><br \/><br \/><\/div><div class=\"x_elementToProof\"><b>DIARIO EL CENTRO<\/b><br \/><a href=\"https:\/\/www.diarioelcentro.cl\/2025\/03\/08\/carceles-y-zonas-geograficas-extremas-partio-la-campana-presidencial\/\">C\u00e1rceles y zonas geogr\u00e1ficas extremas: Parti\u00f3 la campa\u00f1a presidencial. Se refiere Diego Palomo, acad\u00e9mico de la Facultad de Ciencias Jur\u00eddicas y Sociales.<\/a><br \/><br \/><\/div>\t\t\t\t\t\t<\/div>\n\t\t\t\t<\/div>\n\t\t\t\t\t<\/div>\n\t\t<\/div>\n\t\t\t\t\t\t\t<\/div>\n\t\t<\/section>\n\t\t\t\t\t\t<\/div>\n\t\t\t\t\t<\/div>\n\t\t","protected":false},"excerpt":{"rendered":"<p>COOPERATIVA CIENCIALa chilota que se convirti\u00f3 en la primera ingeniera civil aeroespacial del pa\u00eds. Se refiere Karin Saavedra Redlich, directora General de Vinculaci\u00f3n con el Medio.\u00a0RADIO BIOBIOEl Presidente Gabriel Boric encabez\u00f3 actividades por el D\u00eda Internacional de la Mujer. Se refiere Andrea Bentancor, acad\u00e9mica de la Facultad de Econom\u00eda y Negocios.\u00a0EMOLDrogas, deserci\u00f3n escolar y violencia: &hellip;<\/p>\n<p class=\"read-more\"> <a class=\"\" href=\"https:\/\/www.reportedeprensa.utalca.cl\/?p=11489\"> <span class=\"screen-reader-text\">10 de marzo 2025<\/span> Read More &raquo;<\/a><\/p>\n","protected":false},"author":1,"featured_media":0,"comment_status":"closed","ping_status":"open","sticky":false,"template":"","format":"standard","meta":{"_monsterinsights_skip_tracking":false,"_monsterinsights_sitenote_active":false,"_monsterinsights_sitenote_note":"","_monsterinsights_sitenote_category":0},"categories":[57],"tags":[],"_links":{"self":[{"href":"https:\/\/www.reportedeprensa.utalca.cl\/index.php?rest_route=\/wp\/v2\/posts\/11489"}],"collection":[{"href":"https:\/\/www.reportedeprensa.utalca.cl\/index.php?rest_route=\/wp\/v2\/posts"}],"about":[{"href":"https:\/\/www.reportedeprensa.utalca.cl\/index.php?rest_route=\/wp\/v2\/types\/post"}],"author":[{"embeddable":true,"href":"https:\/\/www.reportedeprensa.utalca.cl\/index.php?rest_route=\/wp\/v2\/users\/1"}],"replies":[{"embeddable":true,"href":"https:\/\/www.reportedeprensa.utalca.cl\/index.php?rest_route=%2Fwp%2Fv2%2Fcomments&post=11489"}],"version-history":[{"count":4,"href":"https:\/\/www.reportedeprensa.utalca.cl\/index.php?rest_route=\/wp\/v2\/posts\/11489\/revisions"}],"predecessor-version":[{"id":11493,"href":"https:\/\/www.reportedeprensa.utalca.cl\/index.php?rest_route=\/wp\/v2\/posts\/11489\/revisions\/11493"}],"wp:attachment":[{"href":"https:\/\/www.reportedeprensa.utalca.cl\/index.php?rest_route=%2Fwp%2Fv2%2Fmedia&parent=11489"}],"wp:term":[{"taxonomy":"category","embeddable":true,"href":"https:\/\/www.reportedeprensa.utalca.cl\/index.php?rest_route=%2Fwp%2Fv2%2Fcategories&post=11489"},{"taxonomy":"post_tag","embeddable":true,"href":"https:\/\/www.reportedeprensa.utalca.cl\/index.php?rest_route=%2Fwp%2Fv2%2Ftags&post=11489"}],"curies":[{"name":"wp","href":"https:\/\/api.w.org\/{rel}","templated":true}]}}