{"id":11501,"date":"2025-03-11T12:28:22","date_gmt":"2025-03-11T15:28:22","guid":{"rendered":"https:\/\/www.reportedeprensa.utalca.cl\/?p=11501"},"modified":"2025-03-11T12:28:45","modified_gmt":"2025-03-11T15:28:45","slug":"11-de-marzo-2025","status":"publish","type":"post","link":"https:\/\/www.reportedeprensa.utalca.cl\/?p=11501","title":{"rendered":"11 de marzo 2025"},"content":{"rendered":"\t\t<div data-elementor-type=\"wp-post\" data-elementor-id=\"11501\" class=\"elementor elementor-11501\" data-elementor-settings=\"[]\">\n\t\t\t\t\t\t\t<div class=\"elementor-section-wrap\">\n\t\t\t\t\t\t\t<section class=\"elementor-section elementor-top-section elementor-element elementor-element-bcea1a8 elementor-section-boxed elementor-section-height-default elementor-section-height-default\" data-id=\"bcea1a8\" data-element_type=\"section\">\n\t\t\t\t\t\t<div class=\"elementor-container elementor-column-gap-default\">\n\t\t\t\t\t<div class=\"elementor-column elementor-col-100 elementor-top-column elementor-element elementor-element-e7183bf\" data-id=\"e7183bf\" data-element_type=\"column\">\n\t\t\t<div class=\"elementor-widget-wrap elementor-element-populated\">\n\t\t\t\t\t\t\t\t<div class=\"elementor-element elementor-element-a944a65 elementor-widget elementor-widget-text-editor\" data-id=\"a944a65\" data-element_type=\"widget\" data-widget_type=\"text-editor.default\">\n\t\t\t\t<div class=\"elementor-widget-container\">\n\t\t\t\t\t\t\t\t<div class=\"x_elementToProof\"><b data-olk-copy-source=\"MessageBody\">EL MERCURIO<br \/><\/b><a href=\"https:\/\/www.litoralpress.cl\/paginaconsultas\/Servicios_NClipSitio\/Get_Imagen_Nota.aspx?LPKey=5ZTT43MRNVZC4GGUJVHOERMYVKMX5N4LNYJI7MVREHEKYZOW66QZ2ORJ4KAM6XQNRZIEYQRNCRYXG\">10 claves para entender c\u00f3mo es ser adulto mayor hoy, una etapa llena de oportunidades para seguir creciendo. Se refiere Iv\u00e1n Palomo, director del Centro Interuniversitario de Envejecimiento Saludable (CIES) y acad\u00e9mico de la Facultad de Ciencias de la Salud.\u00a0<\/a><b><\/b><\/div><div class=\"x_elementToProof\"><b>\u00a0<\/b><\/div><div class=\"x_elementToProof\"><b>EL MERCURIO<br \/><\/b><a href=\"https:\/\/www.litoralpress.cl\/paginaconsultas\/Servicios_NClipSitio\/Get_Imagen_Nota.aspx?LPKey=QJOI5MWL4KZDPT55DYDQLG6M7ECXAM3INPI3AO6BYOTHPCL3H4NT6WAMH5FDMPNC4HYVA4R2HAUDC\">Crimen organizado en zonas rurales: expertos asocian su auge a bajas penas y falta de polic\u00edas. Se refiere Ra\u00fal Carnevali, acad\u00e9mico de la Facultad de Ciencias Jur\u00eddicas y Sociales.<\/a><b><br \/><\/b><\/div><div class=\"x_elementToProof\"><b>\u00a0<\/b><\/div><div class=\"x_elementToProof\"><b>EL MOSTRADOR<br \/><\/b><a href=\"https:\/\/www.elmostrador.cl\/braga\/2025\/03\/10\/los-desafios-que-aun-enfrentan-las-mujeres-en-la-ciencia\/\">Investigadoras comparten sus an\u00e1lisis y experiencias en un campo donde todav\u00eda persisten brechas de g\u00e9nero, recalcando las barreras y avances en la lucha por una mayor equidad. Se refiere Dailys\u00a0Acosta, doctorante Instituto de Qu\u00edmica; Jessica Z\u00fa\u00f1iga, acad\u00e9mica del Departamento Ciencias B\u00e1sicas Biom\u00e9dicas; y\u00a0 Constanza Reyes, acad\u00e9mica de la Facultad de Econom\u00eda y Negocios.<\/a><b><br \/><\/b><b><br \/><\/b><\/div><div class=\"x_elementToProof\"><b>MSN CHILE<\/b><br \/><a href=\"https:\/\/www.msn.com\/es-cl\/noticias\/other\/los-desaf%C3%ADos-que-a%C3%BAn-enfrentan-las-mujeres-en-la-ciencia\/ar-AA1ACNjR\">Los desaf\u00edos que a\u00fan enfrentan las mujeres en la ciencia. . Se refiere Dailys\u00a0Acosta, doctorante Instituto de Qu\u00edmica, Jessica Z\u00fa\u00f1iga, acad\u00e9mica del Departamento Ciencias B\u00e1sicas Biom\u00e9dicas y\u00a0 Constanza Reyes, acad\u00e9mica de la Facultad de Econom\u00eda y Negocios.<\/a><br \/><br \/><\/div><div class=\"x_elementToProof\"><b>ENTREPRENERD<br \/><\/b><a href=\"https:\/\/www.entnerd.com\/8m-los-desafios-que-aun-enfrentan-las-mujeres-en-la-ciencia\/\">8M: Los desaf\u00edos que a\u00fan enfrentan las mujeres en la ciencia. Se refiere Dailys\u00a0Acosta, doctorante Instituto de Qu\u00edmica, Jessica Z\u00fa\u00f1iga, acad\u00e9mica del Departamento Ciencias B\u00e1sicas Biom\u00e9dicas y\u00a0 Constanza Reyes, acad\u00e9mica de la Facultad de Econom\u00eda y Negocios.<\/a><\/div><div class=\"x_elementToProof\"><b>\u00a0<\/b><\/div><div class=\"x_elementToProof\"><b>EMOL TV<br \/><\/b><a href=\"https:\/\/www.litoralpress.cl\/sitio\/RadioTV_Detalles.cshtml?LPKey=OWAJWBZBEYLHC5ASRDUG4ZQODVI7IJ3ITUNZST7F2DJIFXERWYC2IHKVJYKYTKUXRZDMDL5CYKJ7K\">Tour Innovaci\u00f3n &#8211; Soluciones innovadoras que aportan eficiencia energ\u00e9tica. Mar\u00eda Luisa del Campo, directora del Centro Tecnol\u00f3gico Kipus.\u00a0<\/a><b><br \/><\/b><\/div><div class=\"x_elementToProof\"><b>\u00a0<\/b><\/div><div class=\"x_elementToProof\"><b>EMOL<\/b><br \/><a href=\"https:\/\/www.emol.com\/noticias\/Nacional\/2025\/03\/10\/1159896\/riesgo-division-en-la-derecha.html\">El fantasma de la divisi\u00f3n se instala en la derecha: La evaluaci\u00f3n de los riesgos (o no riesgos) y la lectura de Matthei.Se refiere Mauricio Morales Quiroga, director del Centro de An\u00e1lisis Pol\u00edtico (CAP).<\/a><\/div><div class=\"x_elementToProof\">\u00a0<\/div><div class=\"x_elementToProof\"><b>CANAL MEGA<br \/><\/b><a href=\"https:\/\/www.litoralpress.cl\/sitio\/RadioTV_Detalles.cshtml?LPKey=VTTH2QGWDFV3XFDZJVDD4AMOWLBU5N7EY3O3UIBJ7OCHIJEN4OEDZDM7KHP5OMTB2DD6C6AOLP3DS\">\u00a1Comenz\u00f3 la carrera presidencial! Se refiere Mauricio Morales Quiroga, director del Centro de An\u00e1lisis Pol\u00edtico (CAP).<\/a><b><br \/><\/b><b><br \/><\/b><\/div><div class=\"x_elementToProof\"><b>G5 NOTICIA<br \/><\/b><a href=\"https:\/\/g5noticias.cl\/2025\/03\/10\/que-se-busca-al-restringir-el-voto-migrante\/\">\u00bfQu\u00e9 se busca al restringir el voto migrante? Se refiere Mario Herrera Mu\u00f1oz, acad\u00e9mico del Centro de An\u00e1lisis Pol\u00edtico (CAP.<\/a><b><br \/><\/b><b><br \/><\/b><\/div><div class=\"x_elementToProof\"><b>S\u00c9PTIMA P\u00c1GINA NOTICIAS<\/b><br \/><a href=\"https:\/\/www.septimapaginanoticias.cl\/que-se-busca-al-restringir-el-voto-migrante\">\u00bfQu\u00e9 se busca al restringir el voto migrante? Se refiere Mario Herrera Mu\u00f1oz, acad\u00e9mico del Centro de An\u00e1lisis Pol\u00edtico (CAP-UTalca).<\/a><br \/><br \/><\/div><div class=\"x_elementToProof\"><b>RADIO LAUTARO<\/b><br \/><a href=\"https:\/\/radiolautarotalca.cl\/marzo-y-abril-meses-clave-para-la-eleccion-presidencial-2\/\">Marzo y abril: meses clave para la elecci\u00f3n presidencial. Se refiere Mario Herrera Mu\u00f1oz, acad\u00e9mico del Centro de An\u00e1lisis Pol\u00edtico (CAP-).<\/a><\/div><div class=\"x_elementToProof\">\u00a0<\/div><div class=\"x_elementToProof\"><b>RADIO AMIGA<\/b><br \/><a href=\"https:\/\/www.litoralpress.cl\/sitio\/RadioTV_Detalles.cshtml?LPKey=W4LDCO7NGU5UOC2WJUK4BB5XCI3L6W3FNDGKDF7OXJFIYGFOJVSWC7HJJ6UR6TMTSSTNLLY4CECPC\">Panorama electoral: candidaturas y primarias en marcha. Se refiere Mario herrera Mu\u00f1oz, acad\u00e9mico del Centro de An\u00e1lisis Pol\u00edtico (CAP).<\/a><\/div><div class=\"x_elementToProof\"><b>\u00a0<\/b><\/div><div class=\"x_elementToProof\"><b>MEDIABANCO<\/b><br \/><a href=\"https:\/\/www.mediabanco.com\/que-se-busca-al-restringir-el-voto-migrante\/\">\u00bfQu\u00e9 se busca al restringir el voto migrante? Se refiere Mario Herrera Mu\u00f1oz, acad\u00e9mico del Centro de An\u00e1lisis Pol\u00edtico (CAP).<\/a><br \/><br \/><\/div><div class=\"x_elementToProof\"><b>DIARIO TALCA<\/b><br \/><a href=\"https:\/\/diariotalca.cl\/marzo-y-abril-meses-clave-para-la-eleccion-presidencial\/\">Marzo y abril: meses clave para la elecci\u00f3n presidencial Se refiere Mario Herrera Mu\u00f1oz, acad\u00e9mico del Centro de An\u00e1lisis Pol\u00edtico (CAP).<\/a><br \/><br \/><\/div><div class=\"x_elementToProof\"><b>CHILL\u00c1N ONLINE<\/b><br \/><a href=\"https:\/\/www.chillanonline.cl\/V7\/2025\/03\/10\/que-se-busca-al-restringir-el-voto-migrante\/\">\u00bfQu\u00e9 se busca al restringir el voto migrante? Se refiere Mario Herrera Mu\u00f1oz, acad\u00e9mico del Centro de An\u00e1lisis Pol\u00edtico (CAP-).<\/a><\/div><div class=\"x_elementToProof\">\u00a0<\/div><div class=\"x_elementToProof\"><b>DIARIO TALCA<br \/><\/b><a href=\"https:\/\/www.litoralpress.cl\/paginaconsultas\/Servicios_NClipSitio\/Get_Imagen_Nota.aspx?LPKey=ARH4YM5VBJEFJ3RPL7MG6AKLGPJTFOQCALVSHYJVPOSDARRN2NVICTZTLGEPKSOFZTSBTU5CRZOYG\">Proyecto de Mall Chino que se construye en Talca no tiene permiso de edificaci\u00f3n. Se refiere V\u00edctor Letelier, director de la Escuela de Arquitectura.<\/a><b><br \/><\/b><\/div><div class=\"x_elementToProof\">\u00a0<\/div><div class=\"x_elementToProof\"><b>EL L\u00cdDER<br \/><\/b><a href=\"https:\/\/www.litoralpress.cl\/paginaconsultas\/Servicios_NClipSitio\/Get_Imagen_Nota.aspx?LPKey=JNVTK2WNGDJYDJBGC6JRHBN4OHNNX5JIS4DPDVVSTH4VVENGZYHVR4RV5EJBBR34JB4XAAELMWAHK\">Habilitan 10 puntos de vacunaci\u00f3n en San Antonio contra virus respiratorios. Se refiere Daniel\u00a0Jim\u00e9nez Acu\u00f1a, director de Salud del Estudiante.<\/a><b><\/b><\/div><div class=\"x_elementToProof\"><b>\u00a0<\/b><\/div><div class=\"x_elementToProof\"><b>OSORNO EN LA RED<\/b><br \/><a href=\"http:\/\/osornoenlared.cl\/2025\/03\/10\/campana-de-inmunizacion-nacional-que-tan-seguras-son-estas-vacunas\/\">Campa\u00f1a de inmunizaci\u00f3n nacional: \u00bfQu\u00e9 tan seguras son estas vacunas? Se refiere Daniel\u00a0Jim\u00e9nez Acu\u00f1a, director de Salud del Estudiante.<\/a><br \/><br \/><\/div><div class=\"x_elementToProof\"><b>EL CONTENIDO<\/b><br \/><a href=\"https:\/\/elcontenido.news\/2025\/nacional\/evaluacion-de-la-seguridad-de-las-vacunas-en-la-campana-nacional-de-vacunacion\/\">Evaluaci\u00f3n de la seguridad de las vacunas en la campa\u00f1a nacional de vacunaci\u00f3n. Se refiere Daniel\u00a0Jim\u00e9nez Acu\u00f1a, director de Salud del Estudiante.<\/a><br \/><b><\/b><\/div><div>\u00a0<\/div><div class=\"x_elementToProof\"><b>RADIO LAUTARO<\/b><br \/><a href=\"https:\/\/radiolautarotalca.cl\/utalca-abre-convocatoria-para-voluntariado-en-sus-espacios-culturales\/\">UTalca abre convocatoria para voluntariado en sus espacios culturales. Se refiere Marcela Albornoz Dachelet, directora de Extensi\u00f3n Cultural-Art\u00edstica.<\/a><br \/><br \/><\/div><div class=\"x_elementToProof\"><b>DIARIO EL CENTRO<br \/><\/b><a href=\"https:\/\/www.diarioelcentro.cl\/2025\/03\/10\/utalca-invita-a-estudiantes-a-formar-parte-de-su-programa-de-voluntariado-cultural\/\">UTalca invita a estudiantes a formar parte de su programa de voluntariado cultural. Se refiere Marcela Albornoz Dachelet, directora de Extensi\u00f3n Cultural-Art\u00edstica.<\/a><b><br \/><\/b><b><br \/><\/b><\/div><div class=\"x_elementToProof\"><b>TV5<\/b><br \/><a href=\"https:\/\/www.tv5.cl\/categoria\/local\/descubre-arte-chileno-utalca\">Descubre el arte chileno con UTalca. Se refiere Marcela Albornoz Dachelet, directora de Extensi\u00f3n Cultural-Art\u00edstica.<\/a><br \/><br \/><\/div><div class=\"x_elementToProof\"><b>CANAL 2 LINARES<\/b><br \/><a href=\"https:\/\/www.canal2linares.cl\/2025\/03\/utalca-abre-convocatoria-para.html\">UTalca abre convocatoria para voluntariado en sus espacios culturales. Se refiere Marcela Albornoz Dachelet, directora de Extensi\u00f3n Cultural-Art\u00edstica.<\/a><br \/><u><a id=\"OWA561f9aff-cb24-16e8-6707-17688bb59385\" class=\"x_x_OWAAutoLink\" title=\"https:\/\/www.canal2linares.cl\/2025\/03\/utalca-abre-convocatoria-para.html\" href=\"https:\/\/www.canal2linares.cl\/2025\/03\/utalca-abre-convocatoria-para.html\" target=\"_blank\" rel=\"noopener noreferrer\" data-auth=\"NotApplicable\" data-linkindex=\"22\"><\/a><\/u><\/div><div>\u00a0<\/div><div class=\"x_elementToProof\"><b>SOMOS MAULE<\/b><br \/><a href=\"http:\/\/somosmaule.cl\/publico\/ficha\/ficha.aspx?i=90480\">UTalca abre convocatoria para voluntariado en sus espacios culturales. Se refiere Marcela Albornoz Dachelet, directora de Extensi\u00f3n Cultural-Art\u00edstica.<\/a><br \/><br \/><\/div><div class=\"x_elementToProof\"><b>AD PRENSA<br \/><\/b><a href=\"https:\/\/www.adprensa.cl\/cronica\/utalca-invita-a-conmemorar-el-mes-de-la-mujer-con-programacion-cultural-especial\/\">UTalca invita a conmemorar el Mes de la Mujer con programaci\u00f3n cultural especial. Se refiere Marcela Albornoz Dachelet, directora de Extensi\u00f3n Cultural-Art\u00edstica.<\/a><b><br \/><\/b><b><br \/><\/b><\/div><div class=\"x_elementToProof\"><b>MEDIABANCO<\/b><br \/><a href=\"https:\/\/www.mediabanco.com\/utalca-invita-a-conmemorar-el-mes-de-la-mujer-con-programacion-cultural-especial\/\">UTalca invita a conmemorar el Mes de la Mujer con programaci\u00f3n cultural especial. Se refiere Marcela Albornoz Dachelet, directora de Extensi\u00f3n Cultural-Art\u00edstica.<\/a><\/div><div class=\"x_elementToProof\"><br \/><b>DIARIO EL HERALDO<\/b><br \/><a href=\"https:\/\/www.diarioelheraldo.cl\/noticia\/utalca-invita-a-conmemorar-el-mes-de-la-mujer-con-programacion-cultural-especial\">UTalca invita a conmemorar el Mes de la Mujer con programaci\u00f3n cultural especial. Se refiere Marcela Albornoz Dachelet, directora de Extensi\u00f3n Cultural-Art\u00edstica.<\/a><\/div><div class=\"x_elementToProof\"><b>\u00a0<\/b><\/div><div class=\"x_elementToProof\"><b>RADIO MAULE SUR<\/b><br \/><a href=\"https:\/\/www.radiomaulesur.cl\/2025\/03\/universidad-de-talca-se-adjudica.html\">Universidad de Talca se adjudica nuevamente el proyecto explora Maule. Se refiere directora general de Vinculaci\u00f3n con el Medio, Karin Saavedra Redlich y coment\u00f3 C\u00e9sar Retamal Bravo, jefe de la Unidad de Divulgaci\u00f3n.<\/a><br \/><u><a id=\"OWAb95ae7ca-bf4c-53e5-dc68-cdf4c903f4e3\" class=\"x_x_OWAAutoLink\" title=\"https:\/\/www.radiomaulesur.cl\/2025\/03\/universidad-de-talca-se-adjudica.html\" href=\"https:\/\/www.radiomaulesur.cl\/2025\/03\/universidad-de-talca-se-adjudica.html\" target=\"_blank\" rel=\"noopener noreferrer\" data-auth=\"NotApplicable\" data-linkindex=\"27\"><\/a><\/u><\/div><div>\u00a0<\/div><div class=\"x_elementToProof\"><b>DE MAR A CORDILLERA<\/b><br \/><a href=\"https:\/\/demaracordilleratv.cl\/2025\/03\/10\/destacan-que-13-mil-mujeres-trabajan-en-turismo-en-chile\/\">Destacan que 13 mil mujeres trabajan en turismo en Chile. Anyelina Riveros, coordinadora de la carrera T\u00e9cnico de Nivel Superior en Turismo Enol\u00f3gico.<\/a><br \/><br \/><b>RADIO AMIGA<\/b><br \/><a href=\"https:\/\/www.litoralpress.cl\/sitio\/RadioTV_Detalles.cshtml?LPKey=PFL5IW34QRMQY57EXWJJ6UD2LYJAEMVFCYIML3V45VJVXRQNBYCOUV4XLJMJVQ4GUGBTBCVM65ZGC\">Beneficios de consumir frutas y verduras con c\u00e1scara. Mauricio Orellana, acad\u00e9mico de Nutrici\u00f3n y Diet\u00e9tica.<\/a><br \/><br \/><\/div><div class=\"x_elementToProof\"><b>LA SEGUNDA<\/b><br \/><a href=\"https:\/\/www.litoralpress.cl\/paginaconsultas\/Servicios_NClipSitio\/Get_Imagen_Nota.aspx?LPKey=XRS7JBEPGECYRQMBWMXF5MJUQUYPWCYBCAE4S5HDBYCKNZKOGCPGMNZNQRXJKB7W2FC53VPQTE3J4\">Maule: Indefinici\u00f3n en cupos de Rinc\u00f3n y Galilea enreda a oposici\u00f3n. Se menciona la Universidad de Talca.<\/a><br \/><br \/><\/div><div class=\"x_elementToProof\"><b>LA PRENSA DE CURIC\u00d3<\/b><br \/><a href=\"https:\/\/www.litoralpress.cl\/paginaconsultas\/Servicios_NClipSitio\/Get_Imagen_Nota.aspx?LPKey=7QQ6VDYDGXP34QC2LQ7UFBIKFYTADKGEVYHWM5HAEGHCIQBBDSU4QO42JFHXESWMWEI74VUSOXYGS\">Convocatoria para voluntariado. Se menciona la Universidad de Talca.<\/a><br \/><br \/><\/div><div class=\"x_elementToProof\"><b>PUBLIMICRO<\/b><br \/><a href=\"https:\/\/publimicro.cl\/universidad-de-talca-abre-convocatoria-para-voluntariado-en-sus-espacios-culturales\/\">Universidad de Talca abre convocatoria para voluntariado en sus espacios culturales. Se menciona la Universidad de Talca.<\/a><br \/><br \/><\/div><div class=\"x_elementToProof\"><b>DIARIO EL CENTRO<\/b><br \/><a href=\"https:\/\/www.diarioelcentro.cl\/2025\/03\/10\/sin-permiso-de-edificacion-mall-chino-en-construccion-en-talca-no-cumple-con-las-normativas\/\">\u00a1Sin permiso de edificaci\u00f3n! Mall Chino en construcci\u00f3n en Talca no cumple con las normativas. Se menciona la Universidad de Talca.<\/a><br \/><br \/><\/div><div class=\"x_elementToProof\"><b>UNIVERSIDAD ANDR\u00c9S BELLO<\/b><br \/><a href=\"https:\/\/noticias.unab.cl\/el-mercurio-8m-las-siete-inventoras-que-lideran-innovaciones-en-chile-y-el-extranjero\/\">El Mercurio | 8M: las siete inventoras que lideran innovaciones en Chile y el extranjero. Se menciona la Universidad de Talca.<\/a><br \/><br \/><\/div>\t\t\t\t\t\t<\/div>\n\t\t\t\t<\/div>\n\t\t\t\t\t<\/div>\n\t\t<\/div>\n\t\t\t\t\t\t\t<\/div>\n\t\t<\/section>\n\t\t\t\t\t\t<\/div>\n\t\t\t\t\t<\/div>\n\t\t","protected":false},"excerpt":{"rendered":"<p>EL MERCURIO10 claves para entender c\u00f3mo es ser adulto mayor hoy, una etapa llena de oportunidades para seguir creciendo. Se refiere Iv\u00e1n Palomo, director del Centro Interuniversitario de Envejecimiento Saludable (CIES) y acad\u00e9mico de la Facultad de Ciencias de la Salud.\u00a0\u00a0EL MERCURIOCrimen organizado en zonas rurales: expertos asocian su auge a bajas penas y falta &hellip;<\/p>\n<p class=\"read-more\"> <a class=\"\" href=\"https:\/\/www.reportedeprensa.utalca.cl\/?p=11501\"> <span class=\"screen-reader-text\">11 de marzo 2025<\/span> Read More &raquo;<\/a><\/p>\n","protected":false},"author":1,"featured_media":0,"comment_status":"closed","ping_status":"open","sticky":false,"template":"","format":"standard","meta":{"_monsterinsights_skip_tracking":false,"_monsterinsights_sitenote_active":false,"_monsterinsights_sitenote_note":"","_monsterinsights_sitenote_category":0},"categories":[57],"tags":[],"_links":{"self":[{"href":"https:\/\/www.reportedeprensa.utalca.cl\/index.php?rest_route=\/wp\/v2\/posts\/11501"}],"collection":[{"href":"https:\/\/www.reportedeprensa.utalca.cl\/index.php?rest_route=\/wp\/v2\/posts"}],"about":[{"href":"https:\/\/www.reportedeprensa.utalca.cl\/index.php?rest_route=\/wp\/v2\/types\/post"}],"author":[{"embeddable":true,"href":"https:\/\/www.reportedeprensa.utalca.cl\/index.php?rest_route=\/wp\/v2\/users\/1"}],"replies":[{"embeddable":true,"href":"https:\/\/www.reportedeprensa.utalca.cl\/index.php?rest_route=%2Fwp%2Fv2%2Fcomments&post=11501"}],"version-history":[{"count":4,"href":"https:\/\/www.reportedeprensa.utalca.cl\/index.php?rest_route=\/wp\/v2\/posts\/11501\/revisions"}],"predecessor-version":[{"id":11505,"href":"https:\/\/www.reportedeprensa.utalca.cl\/index.php?rest_route=\/wp\/v2\/posts\/11501\/revisions\/11505"}],"wp:attachment":[{"href":"https:\/\/www.reportedeprensa.utalca.cl\/index.php?rest_route=%2Fwp%2Fv2%2Fmedia&parent=11501"}],"wp:term":[{"taxonomy":"category","embeddable":true,"href":"https:\/\/www.reportedeprensa.utalca.cl\/index.php?rest_route=%2Fwp%2Fv2%2Fcategories&post=11501"},{"taxonomy":"post_tag","embeddable":true,"href":"https:\/\/www.reportedeprensa.utalca.cl\/index.php?rest_route=%2Fwp%2Fv2%2Ftags&post=11501"}],"curies":[{"name":"wp","href":"https:\/\/api.w.org\/{rel}","templated":true}]}}