{"id":11510,"date":"2025-03-12T15:18:46","date_gmt":"2025-03-12T18:18:46","guid":{"rendered":"https:\/\/www.reportedeprensa.utalca.cl\/?p=11510"},"modified":"2025-03-12T15:41:29","modified_gmt":"2025-03-12T18:41:29","slug":"12-de-marzo-2025","status":"publish","type":"post","link":"https:\/\/www.reportedeprensa.utalca.cl\/?p=11510","title":{"rendered":"12 de marzo 2025"},"content":{"rendered":"\t\t<div data-elementor-type=\"wp-post\" data-elementor-id=\"11510\" class=\"elementor elementor-11510\" data-elementor-settings=\"[]\">\n\t\t\t\t\t\t\t<div class=\"elementor-section-wrap\">\n\t\t\t\t\t\t\t<section class=\"elementor-section elementor-top-section elementor-element elementor-element-bcea1a8 elementor-section-boxed elementor-section-height-default elementor-section-height-default\" data-id=\"bcea1a8\" data-element_type=\"section\">\n\t\t\t\t\t\t<div class=\"elementor-container elementor-column-gap-default\">\n\t\t\t\t\t<div class=\"elementor-column elementor-col-100 elementor-top-column elementor-element elementor-element-e7183bf\" data-id=\"e7183bf\" data-element_type=\"column\">\n\t\t\t<div class=\"elementor-widget-wrap elementor-element-populated\">\n\t\t\t\t\t\t\t\t<div class=\"elementor-element elementor-element-a944a65 elementor-widget elementor-widget-text-editor\" data-id=\"a944a65\" data-element_type=\"widget\" data-widget_type=\"text-editor.default\">\n\t\t\t\t<div class=\"elementor-widget-container\">\n\t\t\t\t\t\t\t\t<div class=\"x_elementToProof\"><b data-olk-copy-source=\"MessageBody\">REPORTE AGR\u00cdCOLA<\/b><br \/><a href=\"https:\/\/www.reporteagricola.cl\/noticia\/noticias\/2025\/03\/vendimia-2025-expertos-anticipan-menor-volumen-pero-superior-calidad-en-vinos-chilenos\">Vendimia 2025: Expertos anticipan menor volumen pero superior calidad en vinos chilenos. Se refiere Yerko Moreno, director del Centro Tecnol\u00f3gico de la Vid y el Vino.<\/a><br \/><br \/><\/div><div class=\"x_elementToProof\"><b>AD PRENSA<\/b><br \/><a href=\"https:\/\/www.adprensa.cl\/cronica\/experto-proyecta-vendimia-2025-con-vinos-de-gran-calidad-pese-a-menor-produccion\/\">Experto proyecta vendimia 2025 con vinos de gran calidad pese a menor producci\u00f3n. Se refiere Yerko Moreno, director del Centro Tecnol\u00f3gico de la Vid y el Vino.<\/a><br \/><br \/><b>RADIO MAULE SUR<\/b><br \/><a href=\"https:\/\/www.radiomaulesur.cl\/2025\/03\/experto-proyecta-vendimia-2025-con.html\">Experto proyecta vendimia 2025 con vinos de gran calidad pese a menor producci\u00f3n. Se refiere Yerko Moreno, director del Centro Tecnol\u00f3gico de la Vid y el Vino.<\/a><br \/><br \/><\/div><div class=\"x_elementToProof\"><b>G5 NOTICIA<\/b><br \/><a href=\"https:\/\/g5noticias.cl\/2025\/03\/11\/experto-proyecta-vendimia-2025-con-vinos-de-gran-calidad-pese-a-menor-produccion\/\">Experto proyecta vendimia 2025 con vinos de gran calidad pese a menor producci\u00f3n. Se refiere Yerko Moreno, director del Centro Tecnol\u00f3gico de la Vid y el Vino.<\/a><br \/><br \/><\/div><div class=\"x_elementToProof\"><b>EL RESUMEN<\/b><br \/><a href=\"https:\/\/www.elresumen.cl\/8944-8m-los-desafios-que-aun-enfrentan-las-mujeres-en-la-ciencia\">8M: Los desaf\u00edos que a\u00fan enfrentan las mujeres en la ciencia. Se refiere Dailys Acosta, doctorante Instituto de Qu\u00edmica; Jessica Z\u00fa\u00f1iga, acad\u00e9mica del Departamento Ciencias B\u00e1sicas Biom\u00e9dicas; y\u00a0 Constanza Reyes, acad\u00e9mica de la Facultad de Econom\u00eda y Negocios.<\/a><br \/><br \/><\/div><div class=\"x_elementToProof\"><b>PUBLIMICRO<\/b><br \/><a href=\"https:\/\/publimicro.cl\/universidad-de-talca-invita-a-conmemorar-el-mes-de-la-mujer-con-programacion-cultural-especial\/\">Universidad de Talca invita a conmemorar el Mes de la Mujer con programaci\u00f3n cultural especial. Se refiere Marcela Albornoz Dachelet, directora de Extensi\u00f3n Cultural-Art\u00edstica.<\/a><br \/><br \/><\/div><div class=\"x_elementToProof\"><b>EL HERALDO<\/b><br \/><a href=\"https:\/\/www.litoralpress.cl\/paginaconsultas\/Servicios_NClipSitio\/Get_Imagen_Nota.aspx?LPKey=YNOTTHY7T2JDROJHUHMJPITGXGGOLXX2VWUDMZTDKJREA7XP6KQ7L35SFCPSPGWGMTBAYFGL6RFSS\">UTalca invita a conmemorar el Mes de la Mujer con programaci\u00f3n cultural especial. Se refiere Marcela Albornoz Dachelet, directora de Extensi\u00f3n Cultural-Art\u00edstica.<\/a><br \/><br \/><\/div><div class=\"x_elementToProof\"><b>EL LECTOR<\/b><br \/><a href=\"https:\/\/www.litoralpress.cl\/paginaconsultas\/Servicios_NClipSitio\/Get_Imagen_Nota.aspx?LPKey=64ATME7P2W5QETFTJMETDU3SDVZS7EGPQP2OVANERSRT4DUVI2ZXW7O4EBPH7HQBE7G7W476ZHYTK\">UTalca invita a conmemorar el Mes de la Mujer con programaci\u00f3n cultural especial. Se refiere Marcela Albornoz Dachelet, directora de Extensi\u00f3n Cultural-Art\u00edstica.<\/a><br \/><br \/><\/div><div class=\"x_elementToProof\"><b>EL LECTOR<\/b><br \/><a href=\"https:\/\/www.litoralpress.cl\/paginaconsultas\/Servicios_NClipSitio\/Get_Imagen_Nota.aspx?LPKey=IDBSV2LBAZ4N3HFNNMAYPMYWT5LINAXD2LJZNPXAGLTDU746OSPXUHFWP47NOHKXPU66WXBZWMQNG\">UTalca invita a conmemorar el Mes de la Mujer con programaci\u00f3n cultural especial. Se refiere Marcela Albornoz Dachelet, directora de Extensi\u00f3n Cultural-Art\u00edstica.<\/a><br \/><br \/><\/div><div class=\"x_elementToProof\"><b>EL MAULE INFORMA<\/b><br \/><a href=\"https:\/\/elmauleinforma.cl\/utalca-invita-a-conmemorar-el-mes-de-la-mujer-con-programacion-cultural-especial\/\">UTalca invita a conmemorar el Mes de la Mujer con programaci\u00f3n cultural especial. Se refiere Marcela Albornoz Dachelet, directora de Extensi\u00f3n Cultural-Art\u00edstica.<\/a><br \/><br \/><\/div><div class=\"x_elementToProof\"><b>LA PRENSA DE CURIC\u00d3<\/b><br \/><a href=\"https:\/\/www.litoralpress.cl\/paginaconsultas\/Servicios_NClipSitio\/Get_Imagen_Nota.aspx?LPKey=C4GB3YKQAJ4NG5TLC4I76IBXAWJWO4O7LRL2WKWO5QVO4WOATF26KJYLVOIEDNMMGGNHSJWXREB5Q\">Precios de las bencinas por litro son hasta $50 m\u00e1s baratas en Talca que en Curic\u00f3. Se refiere Arcadio Cerda, decano de la Facultad de econom\u00eda y Negocios.<\/a><br \/><br \/><\/div><div class=\"x_elementToProof\"><b>DIARIO LA PRENSA<\/b><br \/><a href=\"https:\/\/new.diariolaprensa.cl\/index.php\/2025\/03\/11\/precios-de-las-bencinas-por-litro-son-hasta-50-mas-baratas-en-talca-que-en-curico\/\">Precios de las bencinas por litro son hasta $50 m\u00e1s baratas en Talca que en Curic\u00f3. Se refiere Arcadio Cerda, decano de la Facultad de econom\u00eda y Negocios.<\/a><br \/><br \/><\/div><div class=\"x_elementToProof\"><b>RADIO GUAYAC\u00c1N<\/b><br \/><a href=\"https:\/\/www.litoralpress.cl\/sitio\/RadioTV_Detalles.cshtml?LPKey=U3LIRT5DPZN7KDPSDHYJATL3DKXYUCWNZR573WQC7BRJQBQLD3JYBWROB3O3JHNNUYFUPXKW2NZ6M\">Entrevista a Mario Herrera Mu\u00f1oz, acad\u00e9mico del Centro de An\u00e1lisis Pol\u00edtico (CAP-UTalca).<\/a><br \/><br \/><\/div><div class=\"x_elementToProof\"><b>CANAL MEGA<\/b><br \/><a href=\"https:\/\/www.litoralpress.cl\/sitio\/RadioTV_Detalles.cshtml?LPKey=LZNVG2FMLB4GU3MIY7SQETJ6IR4KUEHRUUXKPF44DNWF3R7JIZVVFB52NIDBWJ5SH2FZ32PKT7DHA\">Diputados rechazan censura a Karol Cariola. Se refiere Mauricio Morales Quiroga, director del Centro de An\u00e1lisis Pol\u00edtico (CAP-UTalca).<\/a><br \/><br \/><\/div><div class=\"x_elementToProof\"><b>DIARIO EL CENTRO<\/b><br \/><a href=\"https:\/\/www.diarioelcentro.cl\/2025\/03\/11\/frutas-y-verduras-con-cascara-mas-fibra-y-salud-segun-experto-nutricionista\/\">Frutas y verduras con c\u00e1scara: m\u00e1s fibra y salud, seg\u00fan experto nutricionista. Se refiere Mauricio Orellana, acad\u00e9mico de la carrera de Nutrici\u00f3n y Diet\u00e9tica.\u00a0<\/a><br \/><br \/><\/div><div class=\"x_elementToProof\"><b>RADIO LAUTARO<\/b><br \/><a href=\"https:\/\/radiolautarotalca.cl\/universidad-de-talca-se-adjudica-nuevamente-el-proyecto-explora-maule\/\">Universidad de Talca se adjudica nuevamente el proyecto Explora Maule. Se refiere Karin Saavedra Redlich, directora General de Vinculaci\u00f3n con el Medio y C\u00e9sar Retamal Bravo, jefe de la Unidad de Divulgaci\u00f3n.<\/a><br \/><br \/><\/div><div class=\"x_elementToProof\"><b>PORTAL EDUCA<\/b><br \/><a href=\"https:\/\/portaleduca.cl\/universidad-de-talca-se-adjudica-nuevamente-el-proyecto-explora-maule\/\">Universidad de Talca se adjudica nuevamente el proyecto Explora Maule. Se refiere Karin Saavedra Redlich, directora General de Vinculaci\u00f3n con el Medio y C\u00e9sar Retamal Bravo, jefe de la Unidad de Divulgaci\u00f3n.<\/a><br \/><br \/><\/div><div class=\"x_elementToProof\"><b>RADIO LAUTARO<\/b><br \/><a href=\"https:\/\/radiolautarotalca.cl\/que-se-busca-restringir-con-el-voto-migrante\/\">\u00bfQu\u00e9 se busca restringir con el voto migrante? Se refiere Mario Herrera Mu\u00f1oz, acad\u00e9mico del Centro de An\u00e1lisis Pol\u00edtico (CAP-UTalca).<\/a><br \/><br \/><\/div><div class=\"x_elementToProof\"><b>TIERRA AMARILLANO<\/b><br \/><a href=\"https:\/\/tierramarillano.cl\/2025\/03\/11\/que-se-busca-al-restringir-el-voto-migrante\/\">\u00bfQu\u00e9 se busca al restringir el voto migrante? Se refiere Mario Herrera Mu\u00f1oz, acad\u00e9mico del Centro de An\u00e1lisis Pol\u00edtico (CAP-UTalca).<\/a><br \/><br \/><\/div><div class=\"x_elementToProof\"><b>INSULAR FM<\/b><br \/><a href=\"https:\/\/www.insularfm.cl\/resultados-fuas-2025-ingresa-tu-rut-y-revisa-si-puedes-acceder-a-gratuidad-o-becas\/\">Resultados FUAS 2025: Ingresa tu RUT y revisa si puedes acceder a gratuidad o becas. Se menciona la Universidad de Talca.<\/a><br \/><br \/><\/div><div class=\"x_elementToProof\"><b>EL D\u00cdNAMO<\/b><br \/><a href=\"https:\/\/www.eldinamo.cl\/buen-dato\/2025\/03\/11\/resultados-fuas-2025-ingresa-tu-rut-y-revisa-si-puedes-acceder-a-gratuidad-o-becas\/\">Resultados FUAS 2025: Ingresa tu RUT y revisa si puedes acceder a gratuidad o becas. Se menciona la Universidad de Talca.<\/a><br \/><br \/><\/div><div class=\"x_elementToProof\"><b>RADIO AMIGA<\/b><br \/><a href=\"https:\/\/www.litoralpress.cl\/sitio\/RadioTV_Detalles.cshtml?LPKey=7TWEWIXOEGKFOELK6TTGL5YCJ7RXN2FHDYTQPBRE5R3T66X7REVIJSQSI3NVBIM5YTLF6FY3KWR6G\">Ampl\u00edan detenci\u00f3n de asaltantes de peajes y operativo del GOPE en Talca. Se menciona la Universidad de Talca.<\/a><br \/><br \/><\/div>\t\t\t\t\t\t<\/div>\n\t\t\t\t<\/div>\n\t\t\t\t\t<\/div>\n\t\t<\/div>\n\t\t\t\t\t\t\t<\/div>\n\t\t<\/section>\n\t\t\t\t\t\t<\/div>\n\t\t\t\t\t<\/div>\n\t\t","protected":false},"excerpt":{"rendered":"<p>REPORTE AGR\u00cdCOLAVendimia 2025: Expertos anticipan menor volumen pero superior calidad en vinos chilenos. Se refiere Yerko Moreno, director del Centro Tecnol\u00f3gico de la Vid y el Vino. AD PRENSAExperto proyecta vendimia 2025 con vinos de gran calidad pese a menor producci\u00f3n. Se refiere Yerko Moreno, director del Centro Tecnol\u00f3gico de la Vid y el Vino. &hellip;<\/p>\n<p class=\"read-more\"> <a class=\"\" href=\"https:\/\/www.reportedeprensa.utalca.cl\/?p=11510\"> <span class=\"screen-reader-text\">12 de marzo 2025<\/span> Read More &raquo;<\/a><\/p>\n","protected":false},"author":1,"featured_media":0,"comment_status":"closed","ping_status":"open","sticky":false,"template":"","format":"standard","meta":{"_monsterinsights_skip_tracking":false,"_monsterinsights_sitenote_active":false,"_monsterinsights_sitenote_note":"","_monsterinsights_sitenote_category":0},"categories":[57],"tags":[],"_links":{"self":[{"href":"https:\/\/www.reportedeprensa.utalca.cl\/index.php?rest_route=\/wp\/v2\/posts\/11510"}],"collection":[{"href":"https:\/\/www.reportedeprensa.utalca.cl\/index.php?rest_route=\/wp\/v2\/posts"}],"about":[{"href":"https:\/\/www.reportedeprensa.utalca.cl\/index.php?rest_route=\/wp\/v2\/types\/post"}],"author":[{"embeddable":true,"href":"https:\/\/www.reportedeprensa.utalca.cl\/index.php?rest_route=\/wp\/v2\/users\/1"}],"replies":[{"embeddable":true,"href":"https:\/\/www.reportedeprensa.utalca.cl\/index.php?rest_route=%2Fwp%2Fv2%2Fcomments&post=11510"}],"version-history":[{"count":4,"href":"https:\/\/www.reportedeprensa.utalca.cl\/index.php?rest_route=\/wp\/v2\/posts\/11510\/revisions"}],"predecessor-version":[{"id":11514,"href":"https:\/\/www.reportedeprensa.utalca.cl\/index.php?rest_route=\/wp\/v2\/posts\/11510\/revisions\/11514"}],"wp:attachment":[{"href":"https:\/\/www.reportedeprensa.utalca.cl\/index.php?rest_route=%2Fwp%2Fv2%2Fmedia&parent=11510"}],"wp:term":[{"taxonomy":"category","embeddable":true,"href":"https:\/\/www.reportedeprensa.utalca.cl\/index.php?rest_route=%2Fwp%2Fv2%2Fcategories&post=11510"},{"taxonomy":"post_tag","embeddable":true,"href":"https:\/\/www.reportedeprensa.utalca.cl\/index.php?rest_route=%2Fwp%2Fv2%2Ftags&post=11510"}],"curies":[{"name":"wp","href":"https:\/\/api.w.org\/{rel}","templated":true}]}}