{"id":11522,"date":"2025-03-13T13:04:05","date_gmt":"2025-03-13T16:04:05","guid":{"rendered":"https:\/\/www.reportedeprensa.utalca.cl\/?p=11522"},"modified":"2025-03-13T13:04:29","modified_gmt":"2025-03-13T16:04:29","slug":"13-de-marzo-2025","status":"publish","type":"post","link":"https:\/\/www.reportedeprensa.utalca.cl\/?p=11522","title":{"rendered":"13 de marzo 2025"},"content":{"rendered":"\t\t<div data-elementor-type=\"wp-post\" data-elementor-id=\"11522\" class=\"elementor elementor-11522\" data-elementor-settings=\"[]\">\n\t\t\t\t\t\t\t<div class=\"elementor-section-wrap\">\n\t\t\t\t\t\t\t<section class=\"elementor-section elementor-top-section elementor-element elementor-element-bcea1a8 elementor-section-boxed elementor-section-height-default elementor-section-height-default\" data-id=\"bcea1a8\" data-element_type=\"section\">\n\t\t\t\t\t\t<div class=\"elementor-container elementor-column-gap-default\">\n\t\t\t\t\t<div class=\"elementor-column elementor-col-100 elementor-top-column elementor-element elementor-element-e7183bf\" data-id=\"e7183bf\" data-element_type=\"column\">\n\t\t\t<div class=\"elementor-widget-wrap elementor-element-populated\">\n\t\t\t\t\t\t\t\t<div class=\"elementor-element elementor-element-1de4d2a elementor-widget elementor-widget-text-editor\" data-id=\"1de4d2a\" data-element_type=\"widget\" data-widget_type=\"text-editor.default\">\n\t\t\t\t<div class=\"elementor-widget-container\">\n\t\t\t\t\t\t\t\t<div class=\"x_elementToProof\"><b data-olk-copy-source=\"MessageBody\">RADIO ADN<\/b><\/div><div class=\"x_elementToProof\"><a href=\"https:\/\/www.litoralpress.cl\/sitio\/RadioTV_Detalles.cshtml?LPKey=N2VRJCQLWRM76XB3VY6A2ADPRCHHUJPFOIB3PTBUTGGZAUZTSRFXYSKXSFBIULATS2CAWXLAKZWLI\">An\u00e1lisis vendimia 2025. Entrevista a Yerko Moreno, director del Centro Tecnol\u00f3gico de la Vid y el Vino<\/a><\/div><div class=\"x_elementToProof\">\u00a0<\/div><div class=\"x_elementToProof\"><b>REPORTE AGR\u00cdCOLA<br \/><\/b><a href=\"https:\/\/www.reporteagricola.cl\/noticia\/noticias\/2025\/03\/vendimia-2025-expertos-anticipan-menor-volumen-pero-superior-calidad-en-vinos-chilenos\">Vendimia 2025: Expertos anticipan menor volumen, pero superior calidad en vinos chilenos. Se refiere Yerko Moreno, director del Centro Tecnol\u00f3gico de la Vid y el Vino.<\/a><b><br \/><\/b><\/div><div class=\"x_elementToProof\">\u00a0<\/div><div class=\"x_elementToProof\"><b>AD PRENSA<\/b><br \/><a href=\"https:\/\/www.adprensa.cl\/cronica\/experto-proyecta-vendimia-2025-con-vinos-de-gran-calidad-pese-a-menor-produccion\/\">Experto proyecta vendimia 2025 con vinos de gran calidad pese a menor producci\u00f3n. Se refiere Yerko Moreno, director del Centro Tecnol\u00f3gico de la Vid y el Vino.<\/a><br \/><br \/><b>RADIO MAULE SUR<\/b><br \/><a href=\"https:\/\/www.radiomaulesur.cl\/2025\/03\/experto-proyecta-vendimia-2025-con.html\">Experto proyecta vendimia 2025 con vinos de gran calidad pese a menor producci\u00f3n. Se refiere Yerko Moreno, director del Centro Tecnol\u00f3gico de la Vid y el Vino.<\/a><br \/><br \/><\/div><div class=\"x_elementToProof\"><b>G5 NOTICIA<\/b><br \/><a href=\"https:\/\/g5noticias.cl\/2025\/03\/11\/experto-proyecta-vendimia-2025-con-vinos-de-gran-calidad-pese-a-menor-produccion\/\">Experto proyecta vendimia 2025 con vinos de gran calidad pese a menor producci\u00f3n. Se refiere Yerko Moreno, director del Centro Tecnol\u00f3gico de la Vid y el Vino.<\/a><\/div><div class=\"x_elementToProof\">\u00a0<\/div><div class=\"x_elementToProof\"><b>LA NOTICIA<\/b>\u00a0<br \/><a href=\"https:\/\/lanoticia.cl\/experto-proyecta-vendimia-2025-con-vinos-de-gran-calidad-pese-a-menor-produccion\/\">Experto proyecta vendimia 2025 con vinos de gran calidad pese a menor producci\u00f3n. Se refiere Yerko Moreno, director del Centro Tecnol\u00f3gico de la Vid y el Vino. \u00a0<\/a><br \/><br \/><\/div><div class=\"x_elementToProof\"><b>MOSTOS Y DESTILADOS<\/b>\u00a0<br \/><a href=\"https:\/\/mostosydestilados.cl\/experto-proyecta-vendimia-2025-con-vinos-de-gran-calidad\/\">Experto proyecta vendimia 2025 con vinos de gran calidad. Se refiere Yerko Moreno, director del Centro Tecnol\u00f3gico de la Vid y el Vino.\u00a0<\/a><br \/><br \/><\/div><div class=\"x_elementToProof\"><b>EL HERALDO<\/b>\u00a0<br \/>Experto proyecta vendimia 2025 con vinos de gran calidad pese a menor <a href=\"https:\/\/www.litoralpress.cl\/paginaconsultas\/Servicios_NClipSitio\/Get_Imagen_Nota.aspx?LPKey=YSXI3T4XXOAQIXMHYOHGEMFKYPDCGMXAUZXBAREWITP7USYD6625GHZ3AJMA24L5KH2KZ6SAQYD3I\">producci\u00f3n. Se refiere Yerko Moreno, director del Centro Tecnol\u00f3gico de la Vid y el Vino. \u00a0<\/a><\/div><div class=\"x_elementToProof\"><b>\u00a0<\/b><\/div><div class=\"x_elementToProof\"><b>RADIO ADN\u00a0<br \/><\/b><a href=\"https:\/\/www.litoralpress.cl\/sitio\/RadioTV_Detalles.cshtml?LPKey=CL4IYNXXUYSYCITGT7ACKTIUX3IPLWMRUZVMD67WFFOTNACN6ESDFZDPQD2I7HZITQM7Y2YTMMELI\">Expertos advierten que la elevada tasa de contagios de enfermedades respiratorias en el hemisferio norte podr\u00eda repetirse durante el invierno en Chile. \u00c9rika Retamal Contreras, directora del Departamento de Salud P\u00fablica. \u00a0<\/a><\/div><div class=\"x_elementToProof\"><b>\u00a0<\/b><\/div><div class=\"x_elementToProof\"><b>EL RESUMEN<br \/><\/b><a href=\"https:\/\/www.elresumen.cl\/8944-8m-los-desafios-que-aun-enfrentan-las-mujeres-en-la-ciencia\">8M: Los desaf\u00edos que a\u00fan enfrentan las mujeres en la ciencia. Se refiere Dailys Acosta, doctorante Instituto de Qu\u00edmica; Jessica Z\u00fa\u00f1iga, acad\u00e9mica del Departamento Ciencias B\u00e1sicas Biom\u00e9dicas; y Constanza Reyes, acad\u00e9mica de la Facultad de Econom\u00eda y Negocios.<\/a><b><\/b><\/div><div class=\"x_elementToProof\"><b>\u00a0<\/b><\/div><div class=\"x_elementToProof\"><b>EL HERALDO<\/b>\u00a0<br \/><a href=\"https:\/\/www.litoralpress.cl\/paginaconsultas\/Servicios_NClipSitio\/Get_Imagen_Nota.aspx?LPKey=XFNMTLB4VEQIMII3FD3V5S563LX76XJ3C4DFQKB5BYFSSCN7JJ2V637QZWRZYQKD47SUDBBQR2XJY\">\u00bfQu\u00e9 se busca al restringir el voto migrante? Se refiere Mario Herrera Mu\u00f1oz, acad\u00e9mico del Centro de An\u00e1lisis Pol\u00edtico (CAP-UTalca).\u00a0<\/a><br \/><br \/><\/div><div class=\"x_elementToProof\"><b>EL LECTOR<\/b>\u00a0<br \/><a href=\"https:\/\/www.litoralpress.cl\/paginaconsultas\/Servicios_NClipSitio\/Get_Imagen_Nota.aspx?LPKey=KYH2NXI6F2NJBRSBMCSHFPNBQL3I5RECKMJPHEODTW6ZPBI6U3HQ62RQ4VBYTYMZOO3KY7H56FVY4\">\u00bfQu\u00e9 se busca al restringir el voto migrante? Se refiere Mario Herrera Mu\u00f1oz, acad\u00e9mico del Centro de An\u00e1lisis Pol\u00edtico (CAP-UTalca).\u00a0<\/a><br \/><br \/><\/div><div class=\"x_elementToProof\"><b>LA PRENSA DE CURIC\u00d3\u00a0<br \/><\/b><a href=\"https:\/\/www.litoralpress.cl\/paginaconsultas\/Servicios_NClipSitio\/Get_Imagen_Nota.aspx?LPKey=BIG56N2DMKCKMUMBJLSFF4LCQWLQTTS5XMGJDD2AU22RQ3IBGWRDFRA6ICVJQ4A253OFZKZ3CMC3O\">Cientista pol\u00edtico de la UTalca analiza opci\u00f3n planteada por el Gobierno para restringir voto de migrante. Se refiere Mario Herrera Mu\u00f1oz, acad\u00e9mico del Centro de An\u00e1lisis Pol\u00edtico (CAP).\u00a0<\/a><b><br \/><\/b><\/div><div class=\"x_elementToProof\"><b>PORTAL PRENSA SALUD<\/b>\u00a0<br \/><a href=\"https:\/\/www.diarioelheraldo.cl\/noticia\/que-se-busca-al-restringir-el-voto-migrante\">\u00bfQu\u00e9 se busca al restringir el voto migrante? Se refiere Mario Herrera Mu\u00f1oz, acad\u00e9mico del Centro de An\u00e1lisis Pol\u00edtico (CAP-UTalca).\u00a0<\/a><\/div><div class=\"x_elementToProof\">\u00a0<\/div><div class=\"x_elementToProof\"><b>RADIO GUAYAC\u00c1N DE LA SERENA<br \/><\/b><a href=\"https:\/\/www.litoralpress.cl\/sitio\/RadioTV_Detalles.cshtml?LPKey=NK6IMQHZBWMGCK4NRKZKL62P3YJX5IDKAV6P2DZ6ZPPG7LL5ABBS2FYI2NGKPFYNK6IE5XME5TT6Y\">An\u00e1lisis de Chile en el ranking de inversiones extranjeras. Entrevista a Rodrigo Saens, acad\u00e9mico de la Facultad de Econom\u00eda y Negocios. \u00a0<\/a><\/div><div class=\"x_elementToProof\"><b>\u00a0<\/b><\/div><div class=\"x_elementToProof\"><b>EL CONQUISTADOR CONCEPCI\u00d3N<\/b>\u00a0<br \/><a href=\"https:\/\/www.elconquistadorconcepcion.cl\/2025\/03\/12\/tener-un-sueno-reparador-como-afecta-su-calidad-a-nuestra-salud\/\">Tener un sue\u00f1o reparador: \u00bfC\u00f3mo afecta su calidad a nuestra salud? Se refiere Roberto Ferreira, acad\u00e9mico de la Facultad de Ciencias de la Educaci\u00f3n y director del N\u00facleo Milenio para la Ciencia del Aprendizaje (MiNSoL).\u00a0<\/a><br \/><br \/><\/div><div class=\"x_elementToProof\"><b>MEDIABANCO\u00a0<br \/><\/b><a href=\"https:\/\/www.mediabanco.com\/tener-un-sueno-reparador-como-afecta-su-calidad-a-nuestra-salud\/\">Tener un sue\u00f1o reparador: \u00bfC\u00f3mo afecta su calidad a nuestra salud? Se refiere Roberto Ferreira, acad\u00e9mico de la Facultad de Ciencias de la Educaci\u00f3n y director del N\u00facleo Milenio para la Ciencia del Aprendizaje (MiNSoL).\u00a0<\/a><b><br \/><\/b><\/div><div class=\"x_elementToProof\"><b>TU CASA TU RADIO<\/b>\u00a0<br \/><a href=\"https:\/\/tucasaturadio.cl\/tener-un-sueno-reparador-como-afecta-su-calidad-a-nuestra-salud\/\">Tener un sue\u00f1o reparador: \u00bfC\u00f3mo afecta su calidad a nuestra salud? Se refiere Roberto Ferreira, acad\u00e9mico de la Facultad de Ciencias de la Educaci\u00f3n y director del N\u00facleo Milenio para la Ciencia del Aprendizaje (MiNSoL).\u00a0<\/a><br \/><br \/><\/div><div class=\"x_elementToProof\"><b>RADIO MAULE SUR<\/b>\u00a0<br \/><a href=\"https:\/\/www.radiomaulesur.cl\/2025\/03\/tener-un-sueno-reparador-como-afecta-su.html\">Tener un sue\u00f1o reparador: \u00bfC\u00f3mo afecta su calidad a nuestra salud? Se refiere Roberto Ferreira, acad\u00e9mico de la Facultad de Ciencias de la Educaci\u00f3n y director del N\u00facleo Milenio para la Ciencia del Aprendizaje (MiNSoL).\u00a0<\/a><br \/><br \/><\/div><div class=\"x_elementToProof\"><b>DIARIO EL HERALDO<\/b>\u00a0<br \/>Tener un sue\u00f1o reparador: \u00bfC\u00f3mo afecta su calidad a nuestra salud? Se refiere <a href=\"https:\/\/www.diarioelheraldo.cl\/noticia\/tener-un-sueno-reparador-como-afecta-su-calidad-a-nuestra-salud-\">Roberto Ferreira, acad\u00e9mico de la Facultad de Ciencias de la Educaci\u00f3n y director del N\u00facleo Milenio para la Ciencia del Aprendizaje (MiNSoL).\u00a0<\/a><br \/><br \/><\/div><div class=\"x_elementToProof\"><b>DIARIO EL HERALDO<\/b>\u00a0<br \/><a href=\"https:\/\/www.diarioelheraldo.cl\/noticia\/tener-un-sueno-reparador-como-afecta-su-calidad-a-nuestra-salud-\">Tener un sue\u00f1o reparador: \u00bfC\u00f3mo afecta su calidad a nuestra salud? Se refiere Roberto Ferreira, acad\u00e9mico de la Facultad de Ciencias de la Educaci\u00f3n y director del N\u00facleo Milenio para la Ciencia del Aprendizaje (MiNSoL).\u00a0<\/a><br \/><br \/><\/div><div class=\"x_elementToProof\"><b>EL HERALDO\u00a0<br \/><\/b><a href=\"https:\/\/www.litoralpress.cl\/paginaconsultas\/Servicios_NClipSitio\/Get_Imagen_Nota.aspx?LPKey=BOXISRTRDVSGY7572MVCE6NIZ2URV6OSRPGVZWCAUDDA7LRBPGAC3ODGTMZETIUPZ6YZZMXMWJ7JA\">UTalca abre convocatoria para voluntariado en sus espacios culturales. Se refiere Marcela Albornoz Dachelet, director de Extensi\u00f3n Cultural-Art\u00edstica.\u00a0<\/a><b><br \/><\/b><\/div><div class=\"x_elementToProof\"><b>MAULE HOY<\/b>\u00a0<br \/><a href=\"https:\/\/www.litoralpress.cl\/paginaconsultas\/Servicios_NClipSitio\/Get_Imagen_Nota.aspx?LPKey=4FDLRODFMLRIEJPSBXHGW5TOL3YXSYMMILOOALH3AFX447SLKTUFVCJWUJDNQTT3IH5MEBBGG2OLA\">Universidad abre convocatoria para voluntariado en sus espacios culturales. Se refiere Marcela Albornoz Dachelet, director de Extensi\u00f3n Cultural-Art\u00edstica.\u00a0<\/a><br \/><br \/><\/div><div class=\"x_elementToProof\"><b>RADIO LAUTARO<\/b>\u00a0<br \/><a href=\"https:\/\/radiolautarotalca.cl\/con-programacion-cultural-utalca-conmemora-el-mes-de-la-mujer\/\">Con programaci\u00f3n cultural UTalca conmemora el Mes de la Mujer. Se refiere Marcela Albornoz Dachelet, director de Extensi\u00f3n Cultural-Art\u00edstica.\u00a0<\/a><\/div><div class=\"x_elementToProof\">\u00a0<br \/><b>PORTAL RED SALUD<\/b>\u00a0<br \/><a href=\"https:\/\/portalredsalud.cl\/2025\/03\/11\/que-se-busca-al-restringir-el-voto-migrante\/\">\u00bfQu\u00e9 se busca al restringir el voto migrante? Se refiere Mario Herrera Mu\u00f1oz, acad\u00e9mico del Centro de An\u00e1lisis Pol\u00edtico (CAP).\u00a0<\/a><br \/><br \/><\/div><div class=\"x_elementToProof\"><b>RADIO REGIONALES\u00a0<br \/><\/b><a href=\"https:\/\/radiosregionales.cl\/tendencias\/ciencia\/astronomia\/luna-de-sangre-en-marzo-chile-podra-ver-espectacular-eclipse-lunar-total\">Luna de Sangre en marzo: Chile podr\u00e1 ver espectacular eclipse lunar total. Se refiere Caddy Cort\u00e9s, acad\u00e9mica de la Facultad de Ingenier\u00eda.<\/a><b><br \/><\/b><\/div><div class=\"x_elementToProof\"><b>PATAGONIA RADIO<\/b>\u00a0<br \/><a href=\"https:\/\/patagoniaradio.cl\/tendencias\/ciencia\/astronomia\/luna-de-sangre-en-marzo-chile-podra-ver-espectacular-eclipse-lunar-total\">Luna de Sangre en marzo: Chile podr\u00e1 ver espectacular eclipse lunar total. Se refiere Caddy Cort\u00e9s, acad\u00e9mica de la Facultad de Ingenier\u00eda.\u00a0<\/a><br \/><br \/><\/div><div class=\"x_elementToProof\"><b>RADIO LILLA<\/b>\u00a0<br \/><a href=\"https:\/\/radiolila.cl\/sin-permiso-de-edificacion-mall-chino-en-construccion-en-talca-no-cumple-con-las-normativas\/\">\u00a1Sin permiso de edificaci\u00f3n! Mall Chino en construcci\u00f3n en Talca no cumple con las normativas. Se refiere V\u00edctor Letelier, director de la Escuela de Arquitectura.\u00a0<\/a><\/div><div class=\"x_elementToProof\"><b>\u00a0<\/b><\/div><div class=\"x_elementToProof\"><b>RADIO CRISTALINA\u00a0<br \/><\/b><a href=\"https:\/\/radiocristalina.cl\/educacion-en-el-regreso-a-clases-consejos-para-la-higiene-bucal-el-cepillado-durante-la-jornada-escolar\/\">EDUCACI\u00d3N: En el regreso a clases, consejos para la higiene bucal, el cepillado durante la jornada escolar. Patricia Jim\u00e9nez del R\u00edo, acad\u00e9mica de la Facultad de Odontolog\u00eda.\u202f\u00a0<\/a><b><br \/><\/b><\/div>\t\t\t\t\t\t<\/div>\n\t\t\t\t<\/div>\n\t\t\t\t\t<\/div>\n\t\t<\/div>\n\t\t\t\t\t\t\t<\/div>\n\t\t<\/section>\n\t\t\t\t\t\t<\/div>\n\t\t\t\t\t<\/div>\n\t\t","protected":false},"excerpt":{"rendered":"<p>RADIO ADNAn\u00e1lisis vendimia 2025. Entrevista a Yerko Moreno, director del Centro Tecnol\u00f3gico de la Vid y el Vino\u00a0REPORTE AGR\u00cdCOLAVendimia 2025: Expertos anticipan menor volumen, pero superior calidad en vinos chilenos. Se refiere Yerko Moreno, director del Centro Tecnol\u00f3gico de la Vid y el Vino.\u00a0AD PRENSAExperto proyecta vendimia 2025 con vinos de gran calidad pese a &hellip;<\/p>\n<p class=\"read-more\"> <a class=\"\" href=\"https:\/\/www.reportedeprensa.utalca.cl\/?p=11522\"> <span class=\"screen-reader-text\">13 de marzo 2025<\/span> Read More &raquo;<\/a><\/p>\n","protected":false},"author":1,"featured_media":0,"comment_status":"closed","ping_status":"open","sticky":false,"template":"","format":"standard","meta":{"_monsterinsights_skip_tracking":false,"_monsterinsights_sitenote_active":false,"_monsterinsights_sitenote_note":"","_monsterinsights_sitenote_category":0},"categories":[57],"tags":[],"_links":{"self":[{"href":"https:\/\/www.reportedeprensa.utalca.cl\/index.php?rest_route=\/wp\/v2\/posts\/11522"}],"collection":[{"href":"https:\/\/www.reportedeprensa.utalca.cl\/index.php?rest_route=\/wp\/v2\/posts"}],"about":[{"href":"https:\/\/www.reportedeprensa.utalca.cl\/index.php?rest_route=\/wp\/v2\/types\/post"}],"author":[{"embeddable":true,"href":"https:\/\/www.reportedeprensa.utalca.cl\/index.php?rest_route=\/wp\/v2\/users\/1"}],"replies":[{"embeddable":true,"href":"https:\/\/www.reportedeprensa.utalca.cl\/index.php?rest_route=%2Fwp%2Fv2%2Fcomments&post=11522"}],"version-history":[{"count":4,"href":"https:\/\/www.reportedeprensa.utalca.cl\/index.php?rest_route=\/wp\/v2\/posts\/11522\/revisions"}],"predecessor-version":[{"id":11526,"href":"https:\/\/www.reportedeprensa.utalca.cl\/index.php?rest_route=\/wp\/v2\/posts\/11522\/revisions\/11526"}],"wp:attachment":[{"href":"https:\/\/www.reportedeprensa.utalca.cl\/index.php?rest_route=%2Fwp%2Fv2%2Fmedia&parent=11522"}],"wp:term":[{"taxonomy":"category","embeddable":true,"href":"https:\/\/www.reportedeprensa.utalca.cl\/index.php?rest_route=%2Fwp%2Fv2%2Fcategories&post=11522"},{"taxonomy":"post_tag","embeddable":true,"href":"https:\/\/www.reportedeprensa.utalca.cl\/index.php?rest_route=%2Fwp%2Fv2%2Ftags&post=11522"}],"curies":[{"name":"wp","href":"https:\/\/api.w.org\/{rel}","templated":true}]}}