{"id":11565,"date":"2025-03-24T13:02:46","date_gmt":"2025-03-24T16:02:46","guid":{"rendered":"https:\/\/www.reportedeprensa.utalca.cl\/?p=11565"},"modified":"2025-03-24T13:12:46","modified_gmt":"2025-03-24T16:12:46","slug":"24-de-marzo-2025","status":"publish","type":"post","link":"https:\/\/www.reportedeprensa.utalca.cl\/?p=11565","title":{"rendered":"24 de marzo 2025"},"content":{"rendered":"\t\t<div data-elementor-type=\"wp-post\" data-elementor-id=\"11565\" class=\"elementor elementor-11565\" data-elementor-settings=\"[]\">\n\t\t\t\t\t\t\t<div class=\"elementor-section-wrap\">\n\t\t\t\t\t\t\t<section class=\"elementor-section elementor-top-section elementor-element elementor-element-bcea1a8 elementor-section-boxed elementor-section-height-default elementor-section-height-default\" data-id=\"bcea1a8\" data-element_type=\"section\">\n\t\t\t\t\t\t<div class=\"elementor-container elementor-column-gap-default\">\n\t\t\t\t\t<div class=\"elementor-column elementor-col-100 elementor-top-column elementor-element elementor-element-e7183bf\" data-id=\"e7183bf\" data-element_type=\"column\">\n\t\t\t<div class=\"elementor-widget-wrap elementor-element-populated\">\n\t\t\t\t\t\t\t\t<div class=\"elementor-element elementor-element-1de4d2a elementor-widget elementor-widget-text-editor\" data-id=\"1de4d2a\" data-element_type=\"widget\" data-widget_type=\"text-editor.default\">\n\t\t\t\t<div class=\"elementor-widget-container\">\n\t\t\t\t\t\t\t\t<div class=\"x_elementToProof\"><b data-olk-copy-source=\"MessageBody\">RADIO BIOBIO<\/b>\u00a0<br \/><a href=\"https:\/\/www.litoralpress.cl\/sitio\/RadioTV_Detalles.cshtml?LPKey=QYTFP3HBK3PFNIJJOERG3XSXQVQUIVQWAZF5UYQGTC5LPMSSVHFCXXTFBQ6JNYJQXBEWSGUMCIUFI\">Alerta genero unos puntos del proyecto que crea el financiamiento de educaci\u00f3n superior. Se refiere Carlos Torres Fuchslocher, rector\u00a0<\/a><br \/><br \/><\/div><div class=\"x_elementToProof\"><b>EMOL<\/b>\u00a0<br \/><a href=\"https:\/\/www.emol.com\/noticias\/Tendencias\/2025\/03\/21\/1161089\/por-que-chile-es-infeliz.html\">\u00bfEs Chile un pa\u00eds m\u00e1s infeliz? Expertos analizan las causas de la creciente insatisfacci\u00f3n tras el \u00faltimo ranking de la ONU. Se refiere Claudio Riveros acad\u00e9mico de la Facultad de Ciencias Jur\u00eddicas y Sociales.\u00a0<\/a><br \/><br \/><\/div><div class=\"x_elementToProof\"><b>EL MERCURIO<\/b>\u00a0<br \/><a href=\"https:\/\/www.litoralpress.cl\/sitio\/Prensa_Detalles.cshtml?LPKey=BVFVAATL3L2A7VUKYWB3SLKMUNKKSWREZ2ZGUL2VMA4754Z7UL6Q\">El umbral del 5% para tener diputados complejiza la reforma al sistema pol\u00edticos. Se refiere Mario Herrera, acad\u00e9mico Centro de An\u00e1lisis Pol\u00edtico (CAP). \u00a0<\/a><br \/><br \/><\/div><div class=\"x_elementToProof\"><b>EMOL<\/b>\u00a0<br \/><a href=\"https:\/\/www.emol.com\/noticias\/Nacional\/2025\/03\/22\/1161197\/disputa-testera-camara-senado.html\">Disputa por la testera de la C\u00e1mara y el Senado en a\u00f1o electoral: \u00bfTrampol\u00edn o lastre para la reelecci\u00f3n? Se refiere Mauricio Morales Quiroga, director del Centro de An\u00e1lisis Pol\u00edtico. (CAP-UTalca).\u00a0<\/a><br \/><br \/><\/div><div class=\"x_elementToProof\"><b>CANAL MEGA<\/b>\u00a0<br \/><a href=\"https:\/\/www.litoralpress.cl\/sitio\/RadioTV_Detalles.cshtml?LPKey=CTVSY3OI2HXDRHB46VJLUZ4DUAZHQXPF7XEP5VFGMHZY4UQCDFV5RVE4RNM4GAADUWAP6FA4L75Y2\">Entrevista a Mauricio Morales, analista pol\u00edtico Temas: &#8211; Contin\u00faa la pol\u00e9mica por voto extranjero. Se refiere Mauricio Morales Quiroga, director del Centro de An\u00e1lisis Pol\u00edtico. (CAP-UTalca).\u00a0<\/a><\/div><div class=\"x_elementToProof\">\u00a0<\/div><div class=\"x_elementToProof\"><b>THE CLINIC<\/b>\u00a0<br \/><a href=\"https:\/\/www.theclinic.cl\/2025\/03\/23\/generacion-ansiosa-como-las-universidades-se-enfrentan-a-la-crisis-de-salud-mental-entre-los-jovenes\/\">Las secuelas invisibles de la pandemia: casas de estudio alertan alza de universitarios con ansiedad y problemas para relacionarse. Se menciona la Universidad de Talca.\u00a0<\/a><\/div><p>\u00a0<\/p><div class=\"x_elementToProof\"><b>EL TIP\u00d3GRAFO<\/b>\u00a0<br \/><a href=\"https:\/\/bionoticias.cl\/maridaje-perfecto-14-paises-participaran-en-el-festival-poesia-vino\/\">Santa Cruz: 14 pa\u00edses participar\u00e1n en festival Poes\u00eda&amp;Vino del valle de Colchagua. Se refiere Carlos Torres Fuchslocher, rector y Patricio G\u00f3mez Arismendi director del campus Colchagua.\u00a0<\/a><\/div><div class=\"x_elementToProof\"><b>BIO NOTICIAS<\/b>\u00a0<br \/><a href=\"https:\/\/bionoticias.cl\/maridaje-perfecto-14-paises-participaran-en-el-festival-poesia-vino\/\">Maridaje perfecto: 14 pa\u00edses participar\u00e1n en Festival Poes\u00eda &amp; Vino. Se refiere Carlos Torres Fuchslocher, rector y Patricio G\u00f3mez Arismendi director del campus Colchagua.\u00a0<\/a><br \/><br \/><\/div><div class=\"x_elementToProof\"><b>MEDIABANCO<\/b>\u00a0<br \/><a href=\"https:\/\/www.mediabanco.com\/maridaje-perfecto-14-paises-participaran-en-festival-poesia-vino\/\">Maridaje perfecto: 14 pa\u00edses participar\u00e1n en Festival Poes\u00eda &amp; Vino. Se refiere Carlos Torres Fuchslocher, rector y Patricio G\u00f3mez Arismendi director del campus Colchagua.\u00a0<\/a><br \/><br \/><\/div><div class=\"x_elementToProof\"><b>PUNTO LONTU\u00c9<\/b>\u00a0<br \/><a href=\"https:\/\/puntolontue.cl\/?p=16547\">MARIDAJE PERFECTO: 14 PA\u00cdSES PARTICIPAR\u00c1N EN FESTIVAL POES\u00cdA &amp; VINO. Se refiere Carlos Torres Fuchslocher, rector y Patricio G\u00f3mez Arismendi director del campus Colchagua.\u00a0<\/a><\/div><div>\u00a0<\/div><div class=\"x_elementToProof\"><b>RADIO ANCOA<\/b>\u00a0<br \/><a href=\"https:\/\/www.radioancoa.cl\/categoria\/regional\/utalca-mustakis-ofrecen-talleres-gratuitos-robotica-videojuegos\">UTalca y Mustakis ofrecen talleres gratuitos de rob\u00f3tica y videojuegos. Se refiere Carlos Torres Fuchslocher, rector y Patricio G\u00f3mez Arismendi director del campus Colchagua.\u00a0<\/a><br \/><br \/><\/div><div class=\"x_elementToProof\"><b>CHILL\u00c1N ONLINE<\/b>\u00a0<br \/><a href=\"https:\/\/www.chillanonline.cl\/V7\/2025\/03\/21\/maridaje-perfecto-14-paises-participaran-en-el-festival-poesia-vino\/\">Maridaje perfecto: 14 pa\u00edses participar\u00e1n en Festival Poes\u00eda &amp; Vino. Se refiere Carlos Torres Fuchslocher, rector y Patricio G\u00f3mez Arismendi director del campus Colchagua.\u00a0<\/a><br \/><br \/><\/div><div class=\"x_elementToProof\"><b>EL RESUMEN<\/b>\u00a0<br \/><a href=\"https:\/\/www.elresumen.cl\/9102-maridaje-perfecto-14-paises-participaran-en-festival-poesia-vinol\">Maridaje perfecto: 14 pa\u00edses participar\u00e1n en Festival Poes\u00eda &amp; Vino. Se refiere Carlos Torres Fuchslocher, rector y Patricio G\u00f3mez Arismendi director del campus Colchagua.\u00a0<\/a><br \/><br \/><\/div><div class=\"x_elementToProof\"><b>EL HERALDO<\/b>\u00a0<br \/><a href=\"https:\/\/www.litoralpress.cl\/paginaconsultas\/Servicios_NClipSitio\/Get_Imagen_Nota.aspx?LPKey=RGDQIA5PF24NCI6GS4VVTCNRIS42YF2S7QQRYLGZFXINL26A33S5SCNMO6E2VYHDVPLVXSXJESPSM\">Maridaje perfecto: 14 pa\u00edses participar\u00e1n en Festival Poes\u00eda &amp; Vino. Se refiere Carlos Torres Fuchslocher, rector y Patricio G\u00f3mez Arismendi director del campus Colchagua.\u00a0<\/a><\/div><div>\u00a0<\/div><div class=\"x_elementToProof\"><b>DIARIO EL HERALDO<\/b>\u00a0<br \/><a href=\"https:\/\/www.diarioelheraldo.cl\/noticia\/maridaje-perfecto-14-paises-participaran-en-festival-poesia-vino-\">Maridaje perfecto: 14 pa\u00edses participar\u00e1n en Festival Poes\u00eda &amp; Vino. Se refiere Carlos Torres Fuchslocher, rector y Patricio G\u00f3mez Arismendi director del campus Colchagua.\u00a0<\/a><br \/><br \/><\/div><div class=\"x_elementToProof\"><b>RADIO ALLEN<\/b>\u00a0<br \/><a href=\"https:\/\/radioallen.cl\/maridaje-perfecto-14-paises-participaran-en-festival-poesia-vino\/\">Maridaje Perfecto: 14 pa\u00edses participar\u00e1n en Festival Poes\u00eda &amp; Vino. Se refiere Carlos Torres Fuchslocher, rector y Patricio G\u00f3mez Arismendi director del campus Colchagua.\u00a0<\/a><br \/><br \/><\/div><div class=\"x_elementToProof\"><b>CANAL 2 LINARES<\/b>\u00a0<br \/><a href=\"https:\/\/www.canal2linares.cl\/2025\/03\/maridaje-perfecto-14-paises.html\">Maridaje perfecto: 14 pa\u00edses participar\u00e1n en Festival Poes\u00eda &amp; Vino. Se refiere Carlos Torres Fuchslocher, rector y Patricio G\u00f3mez Arismendi director del campus Colchagua.\u00a0<\/a><br \/><br \/><\/div><div class=\"x_elementToProof\"><b>TV5 <\/b>\u00a0<br \/><a href=\"https:\/\/www.tv5.cl\/categoria\/local\/utalca-mustakis-ofrecen-talleres-gratuitos-robotica-videojuegos\">UTalca y Mustakis ofrecen talleres gratuitos de rob\u00f3tica y videojuegos. Se refiere Karin Saavedra, directora general de Vinculaci\u00f3n con el Medio y Matthew Bardeen, acad\u00e9mico de la Facultad de Ingenier\u00eda.\u00a0<\/a><br \/><br \/><\/div><div class=\"x_elementToProof\"><b>S\u00c9PTIMA REGI\u00d3N NOTICIAS<\/b>\u00a0<br \/><a href=\"https:\/\/www.septimapaginanoticias.cl\/utalca-y-mustakis-abren-convocatoria-para-talleres-gratuitos-de-robotica-y-creacion-de-videojuegos\">UTalca y Mustakis abren convocatoria para talleres gratuitos de rob\u00f3tica y creaci\u00f3n de videojuegos. Se refiere Karin Saavedra, directora general de Vinculaci\u00f3n con el Medio y Matthew Bardeen, acad\u00e9mico de la Facultad de Ingenier\u00eda.\u00a0<\/a><br \/><br \/><\/div><div class=\"x_elementToProof\"><b>EL HERALDO<\/b>\u00a0<br \/><a href=\"https:\/\/www.litoralpress.cl\/paginaconsultas\/Servicios_NClipSitio\/Get_Imagen_Nota.aspx?LPKey=3HTLSJXI66ARSFSULII7IREGVRLUQDWC2XOFGJWYAHXPLJFRRQDI3FAQYTUISPMF737MTHMWLFCTO\">Cambio de estaci\u00f3n: Experto proyecta oto\u00f1o con lluvias extremas en corto tiempo. Se refiere Patricio Gonz\u00e1lez Colville, acad\u00e9mico del Centro de Investigaci\u00f3n y Transferencia en Riego y Agroclimatolog\u00eda (CITRA).\u202f\u00a0<\/a><br \/><br \/><\/div><div class=\"x_elementToProof\"><b>MAULE HOY<\/b>\u00a0<br \/><a href=\"https:\/\/www.litoralpress.cl\/paginaconsultas\/Servicios_NClipSitio\/Get_Imagen_Nota.aspx?LPKey=2PMPZWOGHJ5HZQYPMHGVBT6X5IZ5277UVLKIE7RWCNZKYXMISW4GON4ZXHU26A6P465D2WYVMR6RU\">Experto proyecta oto\u00f1o con lluvias extremas en corto tiempo. Se refiere Patricio Gonz\u00e1lez Colville, acad\u00e9mico del Centro de Investigaci\u00f3n y Transferencia en Riego y Agroclimatolog\u00eda (CITRA).\u202f\u00a0<\/a><br \/><br \/><\/div><div class=\"x_elementToProof\"><b>RADIO AMIGA<\/b>\u00a0<br \/><a href=\"https:\/\/www.litoralpress.cl\/sitio\/RadioTV_Detalles.cshtml?LPKey=BDUQZ54D4FFKXFPQXBHVVZRYNEWSNBF6IOM5JNNBSNIHHMMRRWT2AQLJ4VT3GPUGFJ4YPEMLW4JQ2\">Agroclimat\u00f3logo advierte lluvias extremas y heladas este oto\u00f1o. Se refiere Patricio Gonz\u00e1lez Colville, acad\u00e9mico del Centro de Investigaci\u00f3n y Transferencia en Riego y Agroclimatolog\u00eda (CITRA).\u202f\u00a0<\/a><br \/><br \/><\/div><div class=\"x_elementToProof\"><b>EL CONTENIDO <\/b>\u00a0<br \/><a href=\"https:\/\/elcontenido.news\/2025\/nacional\/experto-alerta-sobre-la-posibilidad-de-lluvias-intensas-durante-el-otono\/\">Experto alerta sobre la posibilidad de lluvias intensas durante el oto\u00f1o. Se refiere Patricio Gonz\u00e1lez Colville, acad\u00e9mico del Centro de Investigaci\u00f3n y Transferencia en Riego y Agroclimatolog\u00eda (CITRA).\u202f\u00a0<\/a><br \/><br \/><\/div><div class=\"x_elementToProof\"><b>RED LOS R\u00cdOS<\/b>\u00a0<br \/><a href=\"https:\/\/redlosrios.com\/regional\/experto-advierte-sobre-lluvias-extremas-en-otono-y-posibles-inundaciones\">Experto advierte sobre lluvias extremas en oto\u00f1o y posibles inundaciones en Chile. Se refiere Patricio Gonz\u00e1lez Colville, acad\u00e9mico del Centro de Investigaci\u00f3n y Transferencia en Riego y Agroclimatolog\u00eda (CITRA).\u202f\u00a0<\/a><br \/><br \/><\/div><div class=\"x_elementToProof\"><b>PORTAL AGRO CHILE<\/b>\u00a0<br \/><a href=\"https:\/\/www.portalagrochile.cl\/2025\/03\/21\/otono-proyecciones-climaticas\/\">Oto\u00f1o: Proyecciones clim\u00e1ticas. Se refiere Patricio Gonz\u00e1lez Colville, acad\u00e9mico del Centro de Investigaci\u00f3n y Transferencia en Riego y Agroclimatolog\u00eda (CITRA).<\/a>\u202f\u00a0<br \/>\u00a0<br \/><b>RADIO ANCOA <\/b>\u00a0<br \/><a href=\"https:\/\/www.radioancoa.cl\/categoria\/regional\/otono-lluvias-extremas-chile\">Oto\u00f1o con lluvias extremas en Chile. Se refiere Patricio Gonz\u00e1lez Colville, acad\u00e9mico del Centro de Investigaci\u00f3n y Transferencia en Riego y Agroclimatolog\u00eda (CITRA).\u202f\u00a0<\/a><br \/><br \/><\/div><div class=\"x_elementToProof\"><b>RADIO LAUTARO<\/b>\u00a0<br \/><a href=\"https:\/\/radiolautarotalca.cl\/experto-proyecta-otono-con-lluvias-extremas-en-corto-tiempo\/\">Experto proyecta oto\u00f1o con lluvias extremas en corto tiempo. Se refiere Patricio Gonz\u00e1lez Colville, acad\u00e9mico del Centro de Investigaci\u00f3n y Transferencia en Riego y Agroclimatolog\u00eda (CITRA).\u202f<\/a>\u00a0<br \/><br \/><\/div><div class=\"x_elementToProof\"><b>OSORNO EN LA RED<\/b>\u00a0<br \/><a href=\"http:\/\/osornoenlared.cl\/2025\/03\/22\/cambio-de-estacion-experto-proyecta-otono-con-lluvias-extremas-en-corto-tiempo\/\">Cambio de estaci\u00f3n: Experto proyecta oto\u00f1o con lluvias extremas en corto tiempo. Se refiere Patricio Gonz\u00e1lez Colville, acad\u00e9mico del Centro de Investigaci\u00f3n y Transferencia en Riego y Agroclimatolog\u00eda (CITRA).\u202f\u00a0<\/a><br \/><br \/><\/div><div class=\"x_elementToProof\"><b>EL LECTOR<\/b>\u00a0<br \/><a href=\"https:\/\/www.litoralpress.cl\/paginaconsultas\/Servicios_NClipSitio\/Get_Imagen_Nota.aspx?LPKey=HEFL7JHMVUSNWATDI4WSYCC4ASLHG5MHJSUKU4KTO45MI7WULFG3KHSCBQVJWQUFQ4MBHA2CVBFFM\">Desarrollan nanoantibi\u00f3ticos para tratar infecciones bacterianas. Se refiere Esteban Dur\u00e1n, investigador del Departamento de Microbiolog\u00eda.\u202f\u00a0<\/a><br \/><br \/><\/div><div class=\"x_elementToProof\"><b>ENTREPRENERD<\/b>\u00a0<br \/><a href=\"https:\/\/www.entnerd.com\/investigadores-de-la-u-de-talca-desarrollan-nanoantibioticos-para-tratar-infecciones-bacterianas\/\">Investigadores de la U. de Talca: Desarrollan nanoantibi\u00f3ticos para tratar infecciones bacterianas. . Se refiere Esteban Dur\u00e1n, investigador del Departamento de Microbiolog\u00eda.\u202f\u00a0<\/a><br \/><br \/><\/div><div class=\"x_elementToProof\"><b>CANAL 2 LINARES<\/b>\u00a0<br \/><a href=\"https:\/\/www.canal2linares.cl\/2025\/03\/desarrollan-nanoantibioticos-para.html\">Desarrollan nanoantibi\u00f3ticos para tratar infecciones bacterianas. Se refiere Esteban Dur\u00e1n, investigador del Departamento de Microbiolog\u00eda.\u202f\u00a0<\/a><br \/><br \/><\/div><div class=\"x_elementToProof\"><b>CHILL\u00c1N ONLINE<\/b>\u00a0<br \/><a href=\"https:\/\/www.chillanonline.cl\/V7\/2025\/03\/22\/utalca-capacita-a-funcionarios-de-gobiernos-regionales-de-todo-chile\/\">UTalca capacita a funcionarios de Gobiernos Regionales de todo Chile. Se refiere Mario Herrera director del Departamento de Ciencias Pol\u00edtica y Administraci\u00f3n P\u00fablica y Osvaldo Henr\u00edquez, acad\u00e9mico del mencionado departamento.\u00a0<\/a><br \/><br \/><\/div><div class=\"x_elementToProof\"><b>EL MAULE INFORMA<\/b>\u00a0<br \/><a href=\"https:\/\/elmauleinforma.cl\/utalca-capacita-a-funcionarios-de-gobiernos-regionales-de-todo-chile\/\">UTalca capacita a funcionarios de Gobiernos Regionales de todo Chile. Se refiere Mario Herrera director del Departamento de Ciencias Pol\u00edtica y Administraci\u00f3n P\u00fablica y Osvaldo Henr\u00edquez, acad\u00e9mico del mencionado departamento.\u00a0<\/a><br \/><br \/><\/div><div class=\"x_elementToProof\"><b>SOMOS MAULE<\/b>\u00a0<br \/><a href=\"http:\/\/somosmaule.cl\/publico\/ficha\/ficha.aspx?i=90594\">UTalca capacita a funcionarios de Gobiernos Regionales de todo Chile. Se refiere Mario Herrera director del Departamento de Ciencias Pol\u00edtica y Administraci\u00f3n P\u00fablica y Osvaldo Henr\u00edquez, acad\u00e9mico del mencionado departamento.\u00a0<\/a><br \/><br \/><\/div><div class=\"x_elementToProof\"><b>MEDIABANCO<\/b>\u00a0<br \/><a href=\"https:\/\/www.mediabanco.com\/utalca-capacita-a-funcionarios-de-gobiernos-regionales-de-todo-chile\/\">UTalca capacita a funcionarios de Gobiernos Regionales de todo Chile. Se refiere Mario Herrera director del Departamento de Ciencias Pol\u00edtica y Administraci\u00f3n P\u00fablica y Osvaldo Henr\u00edquez, acad\u00e9mico del mencionado departamento.\u00a0<\/a><br \/><br \/><\/div><div class=\"x_elementToProof\"><b>G5 NOTICIA<\/b>\u00a0<br \/><a href=\"https:\/\/g5noticias.cl\/2025\/03\/22\/utalca-capacita-a-funcionarios-de-gobiernos-regionales-de-todo-chile\/\">UTalca capacita a funcionarios de Gobiernos Regionales de todo Chile. Se refiere Mario Herrera, acad\u00e9mico Centro de An\u00e1lisis Pol\u00edtico (CAP).<\/a>\u00a0 \u00a0<br \/><br \/><\/div><div class=\"x_elementToProof\"><b>MALA ESPINA CHECK<\/b>\u00a0<br \/><a href=\"https:\/\/www.malaespinacheck.cl\/politica\/2025\/03\/21\/es-falso-que-evelyn-matthei-dijo-que-le-preocupa-un-gobierno-de-johannes-kaiser\/\">Es falso que Evelyn Matthei dijo que le \u201cpreocupa un gobierno de Johannes Kaiser\u201d. Se refiere Mauricio Morales Quiroga, director del Centro de An\u00e1lisis Pol\u00edtico (CAP-UTalca).\u00a0<\/a><br \/><br \/><\/div><div class=\"x_elementToProof\"><b>LA PRENSA DE CURIC\u00d3<\/b>\u00a0<br \/><a href=\"https:\/\/www.litoralpress.cl\/paginaconsultas\/Servicios_NClipSitio\/Get_Imagen_Nota.aspx?LPKey=VBLT5RZJO5WH7DSM25RLWPNNVMEMFS37LFAKSYDAP7Q6NWWUIQHZXUHL7I4J7E63DVLMVDPPGVXHQ\">COLUMNAS DE OPINI\u00d3N: Lo que Chile a\u00fan debe a las personas con S\u00edndrome de Down. Se refiere Claudia Carrasco Manr\u00edquez, acad\u00e9mica de la carrera de Pedagog\u00eda en Educaci\u00f3n Parvularia menci\u00f3n Ingl\u00e9s.\u00a0<\/a><br \/><br \/><\/div><div class=\"x_elementToProof\"><b>MAULE HOY<\/b>\u00a0<br \/><a href=\"https:\/\/www.litoralpress.cl\/paginaconsultas\/Servicios_NClipSitio\/Get_Imagen_Nota.aspx?LPKey=HQX4HKNN5CKE2OWVLZJPEN2MUPG6KHQ6GMYG26CVKHBJ7Z72F3EGIZLQ4G7NS2UAKNOSHBGDMH2A6\">Crearan juegos de mesa para promover la conservaci\u00f3n de petroglifos del Maule. Se refiere Se refiere Felipe Besoa\u00edn Pino, director laboratorio de nuevos medios digitales MauleTec de la Facultad de Ingenier\u00eda.\u202f\u00a0<\/a><br \/><br \/><\/div><div class=\"x_elementToProof\"><b>RADIO LAUTARO <\/b>\u00a0<br \/><a href=\"https:\/\/radiolautarotalca.cl\/nutricionista-advirtio-que-suplementos-no-estan-disenados-para-todas-las-personas\/\">Nutricionista advirti\u00f3 que suplementos no est\u00e1n dise\u00f1ados para todas las personas. Se refiere Valentina Parot, acad\u00e9mica de la Escuela de Nutrici\u00f3n y Diet\u00e9tica.\u00a0<\/a><br \/><br \/><\/div><div class=\"x_elementToProof\"><b>DIARIO ESTRATEGIA<\/b>\u00a0<br \/><a href=\"https:\/\/www.diarioestrategia.cl\/texto-diario\/mostrar\/5226571\/estados-financieros-memorias-esta-aprobando\">Estados Financieros y Memorias: \u00bfQu\u00e9 se est\u00e1 aprobando? Se refiere Felipe Arenas Torres, acad\u00e9mico Facultad de Econom\u00eda y Negocios.\u00a0<\/a><br \/><br \/><\/div><div class=\"x_elementToProof\"><b>MAULE HOY<\/b>\u00a0<br \/><a href=\"https:\/\/www.litoralpress.cl\/sitio\/Prensa_Detalles.cshtml?LPKey=JOGAM4L7OFZR44TTW7L6QZFXXRYL67GSH5J36VX7DDXDG33J2CBQ\">Cultura y Arte Marcela Lillo y las \u00abReinas del piano\u00bb. Se refiere Marcela Lillo, acad\u00e9mica Escuela de M\u00fasica.\u00a0<\/a><br \/><br \/><\/div><div class=\"x_elementToProof\"><b>DIARIO EL CENTRO <\/b>\u00a0<br \/><a href=\"https:\/\/www.litoralpress.cl\/sitio\/MediosOnline_Detalles.cshtml?LPKey=NTMOCRYGLZBEMEWMFZARHMBN5YSB3RLRPVA4YHDULKBQJGNSXXZB5KARTWBFTB4ACB5BOO5QE34UO\">Las clases universitarias no tienen por qu\u00e9 ser aburridas. Se refiere Diego Palomo, acad\u00e9mico Facultad de Ciencias Jur\u00eddicas y Sociales.<\/a> \u00a0<br \/><br \/><\/div><div class=\"x_elementToProof\"><b>G5 NOTICIA<\/b>\u00a0<br \/><a href=\"https:\/\/g5noticias.cl\/2025\/03\/22\/inia-y-estudiantes-evaluaron-630-ensayos-experimentales-de-alfalfa-tolerante-a-la-sequia\/\">INIA y estudiantes evaluaron 630 ensayos experimentales de alfalfa tolerante a la sequ\u00eda. Se menciona la Universidad de Talca.\u00a0<\/a><\/div><div class=\"x_elementToProof\"><b>\u00a0<\/b><\/div><div class=\"x_elementToProof\"><b>EL HERALDO<\/b>\u00a0<br \/><a href=\"https:\/\/www.litoralpress.cl\/paginaconsultas\/Servicios_NClipSitio\/Get_Imagen_Nota.aspx?LPKey=P7EQNTNJC3TEZMBWDHWH3ODFBP27UK4Y6W75YQMO4OVTEZU75ZR4CNCH6RMERZEB52LC6YH4KYU2Y\">PORTADA. Se menciona la Universidad de Talca.\u00a0<\/a><br \/><br \/><\/div><div class=\"x_elementToProof\"><b>LA PRENSA DE CURIC\u00d3<\/b>\u00a0<br \/><a href=\"https:\/\/www.litoralpress.cl\/paginaconsultas\/Servicios_NClipSitio\/Get_Imagen_Nota.aspx?LPKey=6XNNLFRHLGSA7HTE7Y46XN4NYPDCQTIIIJ3JJTYXXKKC5QAN2R3LH6Z2W67SPUYXJ5KTRSZ33NDSC\">Forjadores Ambientales participaron en el concejo municipal de Curic\u00f3. Se menciona la Universidad de Talca.\u00a0<\/a><\/div><div>\u00a0<\/div><div class=\"x_elementToProof\"><b>MAULE HOY<\/b>\u00a0<br \/><a href=\"https:\/\/www.litoralpress.cl\/paginaconsultas\/Servicios_NClipSitio\/Get_Imagen_Nota.aspx?LPKey=ZSD7CY6BSN2OXXBAEDZ3JL5MRKKS7OFAHUXSYBKH5CAFWHDO5T73RTDW4CCWLER7S2NIZNM2FTCQM\">Mauricio Duran comparti\u00f3 su experiencia con estudiantes en Talca. Se menciona la Universidad de Talca.\u00a0<\/a><br \/><br \/><\/div><div class=\"x_elementToProof\"><b>MSN CHILE<\/b>\u00a0<br \/><a href=\"https:\/\/www.msn.com\/es-cl\/noticias\/other\/d%C3%ADa-de-la-astronom%C3%ADa-2025-revisa-qu%C3%A9-actividades-gratuitas-se-realizar%C3%A1n-en-tu-regi%C3%B3n-para-celebrarlo\/ar-AA1Bl2gb\">D\u00eda de la Astronom\u00eda en Chile: conoce las m\u00e1s de 100 actividades que se har\u00e1n a lo largo del pa\u00eds. Se menciona la Universidad de Talca.\u00a0<\/a><br \/><br \/><\/div><div class=\"x_elementToProof\"><b>METEO RED<\/b>\u00a0<br \/><a href=\"https:\/\/www.meteored.cl\/noticias\/actualidad\/dia-de-la-astronomia-en-chile-conoce-las-mas-de-100-actividades-que-se-haran-a-lo-largo-del-pais.html\">D\u00eda de la Astronom\u00eda en Chile: conoce las m\u00e1s de 100 actividades que se har\u00e1n a lo largo del pa\u00eds. Se menciona la Universidad de Talca.\u00a0<\/a><br \/><a href=\"https:\/\/www.meteored.cl\/noticias\/actualidad\/dia-de-la-astronomia-en-chile-conoce-las-mas-de-100-actividades-que-se-haran-a-lo-largo-del-pais.html\">\u00a0<\/a><\/div><div class=\"x_elementToProof\"><b>CORRE <\/b>\u00a0<br \/><a href=\"https:\/\/corre.cl\/evento\/11354\">Corrida D\u00eda de La Tierra UTalca. Se menciona la Universidad de Talca.\u00a0<\/a><br \/><br \/><\/div><div class=\"x_elementToProof\"><b>UNIVERSIDAD DE VALPARA\u00cdSO<\/b>\u00a0<br \/><a href=\"https:\/\/uv.cl\/archivo-noticias-uv\/27688-capitulo-estudiantil-de-biofisica-de-la-uv-inicia-actividades-con-la-semana-mundial-de-la-disciplina\">Cap\u00edtulo Estudiantil de Biof\u00edsica de la UV inicia actividades con la Semana Mundial de la disciplina. Se menciona la Universidad de Talca.\u00a0<\/a><br \/><br \/><\/div><div class=\"x_elementToProof\"><b>DIARIO EL CENTRO<\/b>\u00a0<br \/><a href=\"https:\/\/www.diarioelcentro.cl\/2025\/03\/21\/los-sintomas-de-un-debilitamiento-politico-e-institucional\/\">Los s\u00edntomas de un debilitamiento pol\u00edtico e institucional. Se menciona la Universidad de Talca.\u00a0<\/a><br \/><br \/><\/div><div class=\"x_elementToProof\"><b>LA PRENSA DE CURIC\u00d3<\/b>\u00a0<br \/><a href=\"https:\/\/www.litoralpress.cl\/paginaconsultas\/Servicios_NClipSitio\/Get_Imagen_Nota.aspx?LPKey=DUYDYXMKLQ46HBPOJ3VV3TREP73777KE6OY3GAT3GZMZ5H2JLKOBTNJ76KBKONYYPI6GVWZPQQPJW\">Analizaron conversatorio por conservaci\u00f3n ambiental local: desaf\u00edos y oportunidades.Se menciona la Universidad de Talca.\u00a0<\/a><\/div><div>\u00a0<\/div><div class=\"x_elementToProof\"><b>DIARIO FRUT\u00cdCIOLA<\/b>\u00a0<br \/><a href=\"https:\/\/www.diariofruticola.cl\/noticia\/ag-eventos\/2025\/03\/seminario-innovaciones-tecnologicas-en-la-agricultura-de-precision\">Seminario: Innovaciones tecnol\u00f3gicas en la agricultura de precisi\u00f3n. Se menciona la Universidad de Talca.\u00a0<\/a><br \/><br \/><\/div><div class=\"x_elementToProof\"><b>G5 NOTICIA<\/b>\u00a0<br \/><a href=\"https:\/\/g5noticias.cl\/2025\/03\/22\/inia-y-estudiantes-evaluaron-630-ensayos-experimentales-de-alfalfa-tolerante-a-la-sequia\/\">INIA y estudiantes evaluaron 630 ensayos experimentales de alfalfa tolerante a la sequ\u00eda. Se menciona la Universidad de Talca\u00a0<\/a><\/div><div>\u00a0<\/div><div class=\"x_elementToProof\">\u00a0<\/div><div class=\"x_elementToProof\">\u00a0<\/div>\t\t\t\t\t\t<\/div>\n\t\t\t\t<\/div>\n\t\t\t\t\t<\/div>\n\t\t<\/div>\n\t\t\t\t\t\t\t<\/div>\n\t\t<\/section>\n\t\t\t\t\t\t<\/div>\n\t\t\t\t\t<\/div>\n\t\t","protected":false},"excerpt":{"rendered":"<p>RADIO BIOBIO\u00a0Alerta genero unos puntos del proyecto que crea el financiamiento de educaci\u00f3n superior. Se refiere Carlos Torres Fuchslocher, rector\u00a0 EMOL\u00a0\u00bfEs Chile un pa\u00eds m\u00e1s infeliz? Expertos analizan las causas de la creciente insatisfacci\u00f3n tras el \u00faltimo ranking de la ONU. Se refiere Claudio Riveros acad\u00e9mico de la Facultad de Ciencias Jur\u00eddicas y Sociales.\u00a0 EL &hellip;<\/p>\n<p class=\"read-more\"> <a class=\"\" href=\"https:\/\/www.reportedeprensa.utalca.cl\/?p=11565\"> <span class=\"screen-reader-text\">24 de marzo 2025<\/span> Read More &raquo;<\/a><\/p>\n","protected":false},"author":1,"featured_media":0,"comment_status":"closed","ping_status":"open","sticky":false,"template":"","format":"standard","meta":{"_monsterinsights_skip_tracking":false,"_monsterinsights_sitenote_active":false,"_monsterinsights_sitenote_note":"","_monsterinsights_sitenote_category":0},"categories":[57],"tags":[],"_links":{"self":[{"href":"https:\/\/www.reportedeprensa.utalca.cl\/index.php?rest_route=\/wp\/v2\/posts\/11565"}],"collection":[{"href":"https:\/\/www.reportedeprensa.utalca.cl\/index.php?rest_route=\/wp\/v2\/posts"}],"about":[{"href":"https:\/\/www.reportedeprensa.utalca.cl\/index.php?rest_route=\/wp\/v2\/types\/post"}],"author":[{"embeddable":true,"href":"https:\/\/www.reportedeprensa.utalca.cl\/index.php?rest_route=\/wp\/v2\/users\/1"}],"replies":[{"embeddable":true,"href":"https:\/\/www.reportedeprensa.utalca.cl\/index.php?rest_route=%2Fwp%2Fv2%2Fcomments&post=11565"}],"version-history":[{"count":4,"href":"https:\/\/www.reportedeprensa.utalca.cl\/index.php?rest_route=\/wp\/v2\/posts\/11565\/revisions"}],"predecessor-version":[{"id":11569,"href":"https:\/\/www.reportedeprensa.utalca.cl\/index.php?rest_route=\/wp\/v2\/posts\/11565\/revisions\/11569"}],"wp:attachment":[{"href":"https:\/\/www.reportedeprensa.utalca.cl\/index.php?rest_route=%2Fwp%2Fv2%2Fmedia&parent=11565"}],"wp:term":[{"taxonomy":"category","embeddable":true,"href":"https:\/\/www.reportedeprensa.utalca.cl\/index.php?rest_route=%2Fwp%2Fv2%2Fcategories&post=11565"},{"taxonomy":"post_tag","embeddable":true,"href":"https:\/\/www.reportedeprensa.utalca.cl\/index.php?rest_route=%2Fwp%2Fv2%2Ftags&post=11565"}],"curies":[{"name":"wp","href":"https:\/\/api.w.org\/{rel}","templated":true}]}}