{"id":11584,"date":"2025-03-27T15:13:47","date_gmt":"2025-03-27T18:13:47","guid":{"rendered":"https:\/\/www.reportedeprensa.utalca.cl\/?p=11584"},"modified":"2025-04-03T10:31:28","modified_gmt":"2025-04-03T13:31:28","slug":"26-de-marzo-2025","status":"publish","type":"post","link":"https:\/\/www.reportedeprensa.utalca.cl\/?p=11584","title":{"rendered":"26 de marzo 2025"},"content":{"rendered":"\t\t<div data-elementor-type=\"wp-post\" data-elementor-id=\"11584\" class=\"elementor elementor-11584\" data-elementor-settings=\"[]\">\n\t\t\t\t\t\t\t<div class=\"elementor-section-wrap\">\n\t\t\t\t\t\t\t<section class=\"elementor-section elementor-top-section elementor-element elementor-element-bcea1a8 elementor-section-boxed elementor-section-height-default elementor-section-height-default\" data-id=\"bcea1a8\" data-element_type=\"section\">\n\t\t\t\t\t\t<div class=\"elementor-container elementor-column-gap-default\">\n\t\t\t\t\t<div class=\"elementor-column elementor-col-100 elementor-top-column elementor-element elementor-element-e7183bf\" data-id=\"e7183bf\" data-element_type=\"column\">\n\t\t\t<div class=\"elementor-widget-wrap elementor-element-populated\">\n\t\t\t\t\t\t\t\t<div class=\"elementor-element elementor-element-1de4d2a elementor-widget elementor-widget-text-editor\" data-id=\"1de4d2a\" data-element_type=\"widget\" data-widget_type=\"text-editor.default\">\n\t\t\t\t<div class=\"elementor-widget-container\">\n\t\t\t\t\t\t\t\t<div><b data-olk-copy-source=\"MessageBody\">PUBLIMETRO<\/b>\u00a0<br \/><a href=\"https:\/\/www.litoralpress.cl\/paginaconsultas\/Servicios_NClipSitio\/Get_Imagen_Nota.aspx?LPKey=4P2G3CU4EB2JQBM2PU42XB3LG32AUW7C5GNXJRQZ4CZDBSVM6VJCQPXTAB6QYNLQ4NRP6P7OKJZIK\">Proyecciones y claves de la econom\u00eda chilena para 2025. Se refiere Juan Andr\u00e9s Riquelme, acad\u00e9mico de la Facultad de Econom\u00eda y Negocios.\u00a0<\/a><br \/><br \/><\/div><div><b>PUBLIMETRO<\/b>\u00a0<\/div><div><a href=\"https:\/\/www.litoralpress.cl\/paginaconsultas\/Servicios_NClipSitio\/Get_Imagen_Nota.aspx?LPKey=UY5DPXUFO3GVC4LMS47BFTX634GHAJVJ377S6OXVPYJCGF5TI2U2RMSEYFCOAGRMRJB5H5O7MTUMO\">El rol de la reforma previsional. Se refiere Juan Andr\u00e9s Riquelme, acad\u00e9mico de la Facultad de Econom\u00eda y Negocios.\u00a0<\/a><\/div><div><b>\u00a0<\/b><\/div><div><b>EL MERCURIO<\/b>\u00a0<br \/><a href=\"https:\/\/www.litoralpress.cl\/paginaconsultas\/Servicios_NClipSitio\/Get_Imagen_Nota.aspx?LPKey=UJE76PJ5OTQHZX6G46QQI46ZDXJ3YG6RYMVUCHJ3VVU43BO4VJYNMSSNYCOYZ7EPPROTIYOSFZLQW\">Fungicultura: un rubro que gana fuerza. Se menciona la Universidad de Talca.\u00a0<\/a><\/div><div><b>\u00a0<\/b><\/div><div><b>RADIO 13C<\/b>\u00a0<\/div><div><a href=\"https:\/\/www.litoralpress.cl\/sitio\/RadioTV_Detalles.cshtml?LPKey=P6IQ47T3LDYCDV6A7GHDLWM7MQ4LVHFC7JPQD5C3LI3GTQ55KRSUBUUVUH2DZGP3FS7QLQ65W2OFW\">Proyecciones clim\u00e1ticas de Oto\u00f1o. Entrevista a Patricio Gonz\u00e1lez Colville, acad\u00e9mico del Centro de Investigaci\u00f3n y Transferencia en Riego y Agroclimatolog\u00eda (CITRA).\u00a0<\/a><\/div><div>\u00a0<\/div><div><b>CONSORCIO DE UNIVERSIDADES DEL ESTADO DE CHILE<\/b>\u00a0<br \/><a href=\"https:\/\/noticias.uestatales.cl\/mauricio-duran-los-bunkers-visito-la-utalca-conversatorio\">Mauricio Dur\u00e1n de Los Bunkers visit\u00f3 la UTalca en un conversatorio sobre m\u00fasica y disciplina. Se menciona la Universidad de Talca.\u00a0<\/a><\/div><div>\u00a0<\/div><div><b>DE MAR A CORDILLERA<\/b>\u00a0<br \/><a href=\"https:\/\/demaracordilleratv.cl\/2025\/03\/24\/buscan-fomentar-la-cultura-vitivinicola-en-el-valle-de-colchagua-con-el-festival-internacional-de-poesia-y-vino\/\">Buscan fomentar la cultura vitivin\u00edcola en el Valle de Colchagua con el Festival Internacional de Poes\u00eda y Vino. Se refiere Carlos Torres Fuchslocher, rector y Patricio G\u00f3mez Arismendi, director del campus Colchagua de la UTalca.\u00a0<\/a><br \/><br \/><\/div><div><b>TIERRA AMARILLANO<\/b>\u00a0<br \/><a href=\"https:\/\/tierramarillano.cl\/2025\/03\/24\/maridaje-perfecto-14-paises-participaran-en-festival-poesia-vino\/\">Maridaje perfecto: 14 pa\u00edses participar\u00e1n en Festival Poes\u00eda &amp; Vino. Se refiere Carlos Torres Fuchslocher, rector y Patricio G\u00f3mez Arismendi, director del campus Colchagua de la UTalca.\u00a0<\/a><br \/><br \/><\/div><div><b>PUBLIMICRO <\/b>\u00a0<br \/><a href=\"https:\/\/publimicro.cl\/centro-tecnologico-kipus-de-la-universidad-de-talca-consolida-alianza-con-universidad-de-nottingham\/\">Centro Tecnol\u00f3gico Kipus de la UTalca consolida alianza con Universidad de Nottingham. Se refiere Mar\u00eda Luisa del Campo, directora del Centro Tecnol\u00f3gico Kipus.\u00a0<\/a><br \/><br \/><\/div><div><b>AD PRENSA<\/b>\u00a0<br \/><a href=\"https:\/\/www.adprensa.cl\/cronica\/centro-tecnologico-kipus-de-la-utalca-consolida-alianza-con-universidad-de-nottingham\/\">Centro Tecnol\u00f3gico Kipus de la UTalca consolida alianza con Universidad de Nottingham. Se refiere Mar\u00eda Luisa del Campo, directora del Centro Tecnol\u00f3gico Kipus.\u00a0<\/a><br \/><br \/><\/div><div><b>CANAL 2 LINARES<\/b>\u00a0<br \/><a href=\"https:\/\/www.canal2linares.cl\/2025\/03\/centro-tecnologico-kipus-de-la-utalca.html\">Centro Tecnol\u00f3gico Kipus de la UTalca consolida alianza con Universidad de Nottingham. Se refiere Mar\u00eda Luisa del Campo, directora del Centro Tecnol\u00f3gico Kipus.\u00a0<\/a><br \/><br \/><\/div><div><b>PORTAL EDUCA<\/b>\u00a0<br \/><a href=\"https:\/\/portaleduca.cl\/centro-tecnologico-kipus-de-la-utalca-consolida-alianza-con-universidad-de-nottingham\/\">Centro Tecnol\u00f3gico Kipus de la UTalca consolida alianza con Universidad de Nottingham. Se refiere Mar\u00eda Luisa del Campo, directora del Centro Tecnol\u00f3gico Kipus.\u00a0<\/a><br \/><br \/><\/div><div><b>EL MAULE INFORMA<\/b>\u00a0<br \/><a href=\"https:\/\/elmauleinforma.cl\/centro-tecnologico-kipus-de-la-utalca-consolida-alianza-con-universidad-de-nottingham\/\">Centro Tecnol\u00f3gico Kipus de la UTalca consolida alianza con Universidad de Nottingham. Se refiere Mar\u00eda Luisa del Campo, directora del Centro Tecnol\u00f3gico Kipus.\u00a0<\/a><br \/><br \/><\/div><div><b>SOMOS MAULE<\/b>\u00a0<br \/><a href=\"http:\/\/somosmaule.cl\/publico\/ficha\/ficha.aspx?i=90601\">Centro Tecnol\u00f3gico Kipus de la UTalca consolida alianza con Universidad de Nottingham. Se refiere Mar\u00eda Luisa del Campo, directora del Centro Tecnol\u00f3gico Kipus.\u00a0<\/a><br \/><br \/><\/div><div><b>DIARIO EL HERALDO<\/b>\u00a0<br \/><a href=\"https:\/\/www.diarioelheraldo.cl\/noticia\/-centro-tecnologico-kipus-de-la-utalca-consolida\">Centro Tecnol\u00f3gico Kipus de la UTalca consolida alianza con Universidad de Nottingham. Se refiere Mar\u00eda Luisa del Campo, directora del Centro Tecnol\u00f3gico Kipus.\u00a0<\/a><br \/><br \/><\/div><div><b>LA PRENSA DE CURIC\u00d3<\/b>\u00a0<br \/><a href=\"https:\/\/www.litoralpress.cl\/paginaconsultas\/Servicios_NClipSitio\/Get_Imagen_Nota.aspx?LPKey=2CIFWXZU27GDEXBV4VPJULHEZ7QBNDEUMMUBLBH3XER6N46I4C6JSMVJ5YMR5EZNU3ARFX7QLT24M\">Se anticipa oto\u00f1o con lluvias intensas en cortos periodos de tiempo en la regi\u00f3n. Se refiere Patricio Gonz\u00e1lez Colville, acad\u00e9mico del Centro de Investigaci\u00f3n y Transferencia en Riego y Agroclimatolog\u00eda (CITRA).\u00a0<\/a><br \/><br \/><\/div><div><b>RADIO AMIGA<\/b>\u00a0<br \/><a href=\"https:\/\/www.litoralpress.cl\/sitio\/RadioTV_Detalles.cshtml?LPKey=3OLFGIWTXFLZYLN4BW5SGHQMXWXULROPBA4HPKMLOL62V6UMPGX55BVZKSOGQKGEUU54B46BFMBVQ\">Oto\u00f1o con clima extremo y lluvias tard\u00edas en Chile. Se refiere Patricio Gonz\u00e1lez Colville, acad\u00e9mico del Centro de Investigaci\u00f3n y Transferencia en Riego y Agroclimatolog\u00eda (CITRA).\u00a0<\/a><br \/><br \/><\/div><div><b>DIARIO LA PRENSA<\/b>\u00a0<br \/><a href=\"https:\/\/new.diariolaprensa.cl\/index.php\/2025\/03\/24\/se-anticipa-otono-con-lluvias-intensas-en-cortos-periodos-de-tiempo-en-la-region\/\">Se anticipa oto\u00f1o con lluvias intensas en cortos periodos de tiempo en la regi\u00f3n. Se refiere Patricio Gonz\u00e1lez Colville, acad\u00e9mico del Centro de Investigaci\u00f3n y Transferencia en Riego y Agroclimatolog\u00eda (CITRA).\u00a0<\/a><br \/><br \/><\/div><div><b>CR\u00d3NICA DE CHILL\u00c1N<\/b>\u00a0<br \/><a href=\"https:\/\/www.litoralpress.cl\/paginaconsultas\/Servicios_NClipSitio\/Get_Imagen_Nota.aspx?LPKey=ALD4GN247K6ASYZIWBGZQPBS45ZDGGL2YPJI4GHORM2YTW4EOB4RPO5RSVQEZUIIRFXAQUC6II7GY\">El umbral del 5% para tener diputados complejiza la reforma al sistema pol\u00edtico. Se refiere Mario Herrera Mu\u00f1oz, acad\u00e9mico del Centro de An\u00e1lisis Pol\u00edtico (CAP-UTalca).\u00a0<\/a><br \/><br \/><\/div><div><b>RADIO AMIGA<\/b>\u00a0<br \/><a href=\"https:\/\/www.litoralpress.cl\/sitio\/RadioTV_Detalles.cshtml?LPKey=LS3RZS2TCEEZ772ABDDWADXZOFXQJSPGEEI2L2R5UPPCK5JYRORAZ5BXYOKPOET4TCSMNCMMOGXP6\">Chile se prepara para elecciones con posible segunda vuelta presidencial. Se refiere Mario Herrera Mu\u00f1oz, acad\u00e9mico del Centro de An\u00e1lisis Pol\u00edtico (CAP-UTalca)<\/a>.\u00a0<br \/><br \/><\/div><div><b>RADIO ALLEN<\/b>\u00a0<br \/><a href=\"https:\/\/radioallen.cl\/pais-utalca-capacita-a-funcionarios-de-gobiernos-regionales-de-todo-chile\/\">Pa\u00eds: UTalca capacita a funcionarios de Gobiernos Regionales de todo Chile. Se refiere Mario Herrera Mu\u00f1oz, director del Departamento Ciencias Pol\u00edtica y Administraci\u00f3n P\u00fablica y Osvaldo Henr\u00edquez, acad\u00e9mico del menciona Departamento.\u00a0<\/a><br \/><br \/><\/div><div><b>RADIO LAUTARO<\/b>\u00a0<br \/><a href=\"https:\/\/radiolautarotalca.cl\/utalca-capacita-a-funcionarios-de-gobiernos-regionales-de-todo-chile\/\">UTalca capacita a funcionarios de Gobiernos Regionales de todo Chile Se refiere Mario Herrera Mu\u00f1oz, director del Departamento Ciencias Pol\u00edtica y Administraci\u00f3n P\u00fablica y Osvaldo Henr\u00edquez, acad\u00e9mico del menciona Departamento.\u00a0<\/a><br \/><br \/><\/div><div><b>RADIO AMIGA<\/b>\u00a0<br \/><a href=\"https:\/\/www.litoralpress.cl\/sitio\/RadioTV_Detalles.cshtml?LPKey=XU5PVI46EXNVO5GNVF7IZMI4LUHCOIHHKCPNWCIND6A3UIW7LQHAAFWUPPMSCPAVSX745XSYHTYVO\">Especialista advierte sobre el uso de suplementos nutricionales. Se refiere Valentina Parot, acad\u00e9mica de la Escuela de Nutrici\u00f3n y Diet\u00e9tica.\u202f<\/a>\u202f\u00a0<br \/><br \/><\/div><div><b>VIDA Y SALUD<\/b>\u00a0<br \/><a href=\"https:\/\/vidaysalud.la\/noticias\/2025\/03\/24\/suplementos-nutricionales-cuando-y-quienes-pueden-consumirlos.html\">Suplementos nutricionales: \u00bfCu\u00e1ndo y quienes pueden consumirlos? Se refiere Valentina Parot, acad\u00e9mica de la Escuela de Nutrici\u00f3n y Diet\u00e9tica.\u202f\u202f\u00a0<\/a><br \/><br \/><\/div><div><b>MAULE NEWS<\/b>\u00a0<br \/><a href=\"https:\/\/www.maulenews.com\/2025\/03\/brillemos-juntas-inicia-capacitaciones.html\">&#8220;Brillemos Juntas&#8221; inicia capacitaciones para emprendedoras maulinas. Se refiere Arcadio Cerda, Facultad de Econom\u00eda y Negocios y Leidy Garc\u00eda, acad\u00e9mica de la mencionada facultad.\u00a0<\/a><\/div><div><b>\u00a0<\/b><\/div><div><b>DIARIO TALCA<\/b>\u00a0<br \/><a href=\"https:\/\/www.litoralpress.cl\/paginaconsultas\/Servicios_NClipSitio\/Get_Imagen_Nota.aspx?LPKey=C2EL67XYYCIH7JW4X7LMQ446WMRM32HDNFG6UY3HOYX3DIFT2XDCK2YNFQAQ533LDWABQFMIIHGFA\">Pablo Burchard y Pascual Gambino: dos maestros de la pintura local. Se refiere Francisco Norambuena, gestor de archivo Centro de Documentaci\u00f3n Patrimonial de la Universidad de Talca.\u00a0<\/a><\/div><div>\u00a0<\/div><div><b>PICHILEMU NEWS <\/b>\u00a0<br \/><a href=\"https:\/\/www.pichilemunews.cl\/turismo\/marchigue-la-fiesta-de-la-vendimia-2025-se-viene-en-el-pueblo-de-los-molinos-los-dias-29-y-30-de-marzo\/\">Marchig\u00fce: La Fiesta de la Vendimia 2025 se viene en el pueblo de los molinos los d\u00edas 29 y 30 de marzo. Se menciona la Universidad de Talca.\u00a0<\/a><\/div><div>\u00a0<\/div><div><b>DIARIO EL HERALDO<\/b>\u00a0<br \/><a href=\"https:\/\/www.diarioelheraldo.cl\/noticia\/jorge-navarrete-bustamante-la-honestidad-como-forma-de-vida\">Jorge Navarrete Bustamante: la honestidad como forma de vida. Se menciona la Universidad de Talca.\u00a0<\/a><br \/><br \/><\/div>\t\t\t\t\t\t<\/div>\n\t\t\t\t<\/div>\n\t\t\t\t\t<\/div>\n\t\t<\/div>\n\t\t\t\t\t\t\t<\/div>\n\t\t<\/section>\n\t\t\t\t\t\t<\/div>\n\t\t\t\t\t<\/div>\n\t\t","protected":false},"excerpt":{"rendered":"<p>PUBLIMETRO\u00a0Proyecciones y claves de la econom\u00eda chilena para 2025. Se refiere Juan Andr\u00e9s Riquelme, acad\u00e9mico de la Facultad de Econom\u00eda y Negocios.\u00a0 PUBLIMETRO\u00a0El rol de la reforma previsional. Se refiere Juan Andr\u00e9s Riquelme, acad\u00e9mico de la Facultad de Econom\u00eda y Negocios.\u00a0\u00a0EL MERCURIO\u00a0Fungicultura: un rubro que gana fuerza. Se menciona la Universidad de Talca.\u00a0\u00a0RADIO 13C\u00a0Proyecciones clim\u00e1ticas &hellip;<\/p>\n<p class=\"read-more\"> <a class=\"\" href=\"https:\/\/www.reportedeprensa.utalca.cl\/?p=11584\"> <span class=\"screen-reader-text\">26 de marzo 2025<\/span> Read More &raquo;<\/a><\/p>\n","protected":false},"author":1,"featured_media":0,"comment_status":"closed","ping_status":"open","sticky":false,"template":"","format":"standard","meta":{"_monsterinsights_skip_tracking":false,"_monsterinsights_sitenote_active":false,"_monsterinsights_sitenote_note":"","_monsterinsights_sitenote_category":0},"categories":[57],"tags":[],"_links":{"self":[{"href":"https:\/\/www.reportedeprensa.utalca.cl\/index.php?rest_route=\/wp\/v2\/posts\/11584"}],"collection":[{"href":"https:\/\/www.reportedeprensa.utalca.cl\/index.php?rest_route=\/wp\/v2\/posts"}],"about":[{"href":"https:\/\/www.reportedeprensa.utalca.cl\/index.php?rest_route=\/wp\/v2\/types\/post"}],"author":[{"embeddable":true,"href":"https:\/\/www.reportedeprensa.utalca.cl\/index.php?rest_route=\/wp\/v2\/users\/1"}],"replies":[{"embeddable":true,"href":"https:\/\/www.reportedeprensa.utalca.cl\/index.php?rest_route=%2Fwp%2Fv2%2Fcomments&post=11584"}],"version-history":[{"count":4,"href":"https:\/\/www.reportedeprensa.utalca.cl\/index.php?rest_route=\/wp\/v2\/posts\/11584\/revisions"}],"predecessor-version":[{"id":11623,"href":"https:\/\/www.reportedeprensa.utalca.cl\/index.php?rest_route=\/wp\/v2\/posts\/11584\/revisions\/11623"}],"wp:attachment":[{"href":"https:\/\/www.reportedeprensa.utalca.cl\/index.php?rest_route=%2Fwp%2Fv2%2Fmedia&parent=11584"}],"wp:term":[{"taxonomy":"category","embeddable":true,"href":"https:\/\/www.reportedeprensa.utalca.cl\/index.php?rest_route=%2Fwp%2Fv2%2Fcategories&post=11584"},{"taxonomy":"post_tag","embeddable":true,"href":"https:\/\/www.reportedeprensa.utalca.cl\/index.php?rest_route=%2Fwp%2Fv2%2Ftags&post=11584"}],"curies":[{"name":"wp","href":"https:\/\/api.w.org\/{rel}","templated":true}]}}