{"id":11586,"date":"2025-03-27T15:14:01","date_gmt":"2025-03-27T18:14:01","guid":{"rendered":"https:\/\/www.reportedeprensa.utalca.cl\/?p=11586"},"modified":"2025-03-27T15:32:56","modified_gmt":"2025-03-27T18:32:56","slug":"27-de-marzo-2025","status":"publish","type":"post","link":"https:\/\/www.reportedeprensa.utalca.cl\/?p=11586","title":{"rendered":"27 de marzo 2025"},"content":{"rendered":"\t\t<div data-elementor-type=\"wp-post\" data-elementor-id=\"11586\" class=\"elementor elementor-11586\" data-elementor-settings=\"[]\">\n\t\t\t\t\t\t\t<div class=\"elementor-section-wrap\">\n\t\t\t\t\t\t\t<section class=\"elementor-section elementor-top-section elementor-element elementor-element-bcea1a8 elementor-section-boxed elementor-section-height-default elementor-section-height-default\" data-id=\"bcea1a8\" data-element_type=\"section\">\n\t\t\t\t\t\t<div class=\"elementor-container elementor-column-gap-default\">\n\t\t\t\t\t<div class=\"elementor-column elementor-col-100 elementor-top-column elementor-element elementor-element-e7183bf\" data-id=\"e7183bf\" data-element_type=\"column\">\n\t\t\t<div class=\"elementor-widget-wrap elementor-element-populated\">\n\t\t\t\t\t\t\t\t<div class=\"elementor-element elementor-element-1de4d2a elementor-widget elementor-widget-text-editor\" data-id=\"1de4d2a\" data-element_type=\"widget\" data-widget_type=\"text-editor.default\">\n\t\t\t\t<div class=\"elementor-widget-container\">\n\t\t\t\t\t\t\t\t<div><b data-olk-copy-source=\"MessageBody\">EL MERCURIO<\/b>\u00a0<br \/><a href=\"https:\/\/www.litoralpress.cl\/paginaconsultas\/Servicios_NClipSitio\/Get_Imagen_Nota.aspx?LPKey=IAENMFPECY2OPQQNVECUWZTBBMOKP3RSVEIB3U2QEP65GLCX4ZVLIWTJ3MK3PTMXZ3KUYIAZOPLAM\">Malezas comestibles: Nutritivas pero desaprovechadas. Se refiere Monserrat Morales, acad\u00e9mica de la Escuela de Nutrici\u00f3n y Diet\u00e9tica.\u00a0<\/a><br \/><br \/><\/div><div><b>CANAL MEGA<\/b>\u00a0<br \/><a href=\"https:\/\/www.litoralpress.cl\/sitio\/RadioTV_Detalles.cshtml?LPKey=BOCEGYZVSASQ7ND6ISQVG3FSQNHY6SN3PPGUPKWYOQ7DZ3X2LAOKLWLKWYTDWPP7N44QSL6K626AW\">108 personas buscan patrocinios. Se refiere Mauricio Morales Quiroga, director del Centro de An\u00e1lisis Pol\u00edtico (CAP-UTalca).\u00a0<\/a><br \/><br \/><\/div><div><b>CANAL MEGA<\/b>\u00a0<br \/><a href=\"https:\/\/www.litoralpress.cl\/sitio\/RadioTV_Detalles.cshtml?LPKey=M42ZBEBATEIRN6DCABAHEI2LHQ7HB3C6DO7ITKKRGHLLJRXJ4UUX6NK5T4PX344T3PBDJUOD2MRGG\">Cathy Barriga sufre su primera condena de parte del Tribunal Electoral Metropolitano. Se refiere Mauricio Morales Quiroga, director del Centro de An\u00e1lisis Pol\u00edtico (CAP-UTalca).\u00a0<\/a><br \/><br \/><\/div><div><b>RADIO INFINITA<\/b>\u00a0<br \/><a href=\"https:\/\/www.litoralpress.cl\/sitio\/RadioTV_Detalles.cshtml?LPKey=GDZCT3JH3XS5E5HNYQBSOCBGTKED5TKPRAO4GTQFYGZPIKYGA7XLWGQF6OFYMQ4HJXRNR6GPXZIHO\">Comentario de pol\u00edtica de Mauricio Morales Quiroga, director del Centro de An\u00e1lisis Pol\u00edtico (CAP-UTalca).\u00a0<\/a><br \/><br \/><\/div><div><b>EL TIPOGR\u00c1FO<\/b>\u00a0<\/div><div><a href=\"https:\/\/eltipografo.cl\/2025\/03\/vuelven-las-mascarillas-epidemiologa-alerta-sobre-el-aumento-de-virus-respiratorios\">\u00bfVuelven las mascarillas? Epidemi\u00f3loga alerta sobre el aumento de virus respiratorios. Se refiere \u00c9rika Retamal Contreras, directora del Departamento de Salud P\u00fablica.\u00a0<\/a><br \/><br \/><\/div><div><b>RADIO AMIGA<\/b>\u00a0<br \/><a href=\"https:\/\/www.litoralpress.cl\/sitio\/RadioTV_Detalles.cshtml?LPKey=VU4Z4BJHTIIJ72CPSOXF2UFUQT7DZ5VRLY24P42D2HVS4AQI3IPHF2GFHREXQDVKUA7TYLJ2MD76U\">Alerta sanitaria por aumento de virus respiratorios. Se refiere \u00c9rika Retamal Contreras, directora del Departamento de Salud P\u00fablica. \u00a0<\/a><br \/><br \/><\/div><div><b>RADIO NUEVO MUNDO<\/b>\u00a0<br \/><a href=\"https:\/\/radionuevomundo.cl\/2025\/03\/26\/vuelven-las-mascarillas-epidemiologa-alerta-sobre-el-aumento-de-virus-respiratorios\/\">\u00bfVuelven las mascarillas? Epidemi\u00f3loga alerta sobre el aumento de virus respiratorios. Se refiere \u00c9rika Retamal Contreras, directora del Departamento de Salud P\u00fablica.\u00a0<\/a><br \/><br \/><\/div><div><b>MEDIABANCO<\/b>\u00a0<br \/><a href=\"https:\/\/www.mediabanco.com\/vuelven-las-mascarillas-epidemiologa-alerta-sobre-el-aumento-de-virus-respiratorios\/\">\u00bfVuelven las mascarillas? Epidemi\u00f3loga alerta sobre el aumento de virus respiratorios. Se refiere \u00c9rika Retamal Contreras, directora del Departamento de Salud P\u00fablica.\u00a0<\/a><br \/><br \/><\/div><div><b>G5 NOTICIA<\/b>\u00a0<br \/><a href=\"https:\/\/g5noticias.cl\/2025\/03\/26\/vuelven-las-mascarillas-epidemiologa-alerta-sobre-el-aumento-de-virus-respiratorios\/\">\u00bfVuelven las mascarillas? Epidemi\u00f3loga alerta sobre el aumento de virus respiratorios. Se refiere \u00c9rika Retamal Contreras, directora del Departamento de Salud P\u00fablica.\u00a0<\/a><br \/><br \/><\/div><div><b>TU CASA TU RADIO<\/b>\u00a0<br \/><a href=\"https:\/\/tucasaturadio.cl\/vuelven-las-mascarillas-epidemiologa-alerta-sobre-el-aumento-de-virus-respiratorios\/\">\u00bfVuelven las mascarillas? Epidemi\u00f3loga alerta sobre el aumento de virus respiratorios. Se refiere \u00c9rika Retamal Contreras, directora del Departamento de Salud P\u00fablica.\u00a0<\/a><br \/><br \/><\/div><div><b>RADIO MAULE SUR<\/b>\u00a0<br \/><a href=\"https:\/\/www.radiomaulesur.cl\/2025\/03\/vuelven-las-mascarillas-epidemiologa.html\">\u00bfVuelven las mascarillas? Epidemi\u00f3loga alerta sobre el aumento de virus respiratorios. Se refiere \u00c9rika Retamal Contreras, directora del Departamento de Salud P\u00fablica.\u00a0<\/a><br \/><br \/><\/div><div><b>S\u00c9PTIMA REGI\u00d3N NOTICIAS<\/b>\u00a0<br \/><a href=\"https:\/\/www.septimapaginanoticias.cl\/vuelven-las-mascarillas-epidemiologa-alerta-sobre-el-aumento-de-virus-respiratorios\">\u00bfVuelven las mascarillas? Epidemi\u00f3loga alerta sobre el aumento de virus respiratorios. Se refiere \u00c9rika Retamal Contreras, directora del Departamento de Salud P\u00fablica.\u00a0<\/a><br \/><br \/><\/div><div><b>RADIO ANCOA<\/b>\u00a0<br \/><a href=\"https:\/\/www.radioancoa.cl\/categoria\/regional\/alerta-aumento-virus-respiratorios\">\u00bfVuelven las mascarillas? Epidemi\u00f3loga alerta sobre el aumento de virus respiratorios. Se refiere \u00c9rika Retamal Contreras, directora del Departamento de Salud P\u00fablica.\u00a0<\/a><br \/><u><a id=\"OWA7bee6f41-79d7-abd8-c972-89ccfaae7561\" title=\"https:\/\/www.radioancoa.cl\/categoria\/regional\/alerta-aumento-virus-respiratorios\" href=\"https:\/\/www.radioancoa.cl\/categoria\/regional\/alerta-aumento-virus-respiratorios\" target=\"_blank\" rel=\"noopener noreferrer\" data-auth=\"NotApplicable\" data-linkindex=\"12\"><\/a><\/u>\u00a0<\/div><div><b>RADIO ALLEN<\/b>\u00a0<br \/><a href=\"https:\/\/radioallen.cl\/vuelven-las-mascarillas-epidemiologa-alerta-sobre-el-aumento-de-virus-respiratorios\/\">\u00bfVuelven las mascarillas? Epidemi\u00f3loga alerta sobre el aumento de virus respiratorios. Se refiere \u00c9rika Retamal Contreras, directora del Departamento de Salud P\u00fablica.\u00a0<\/a><br \/><br \/><\/div><div><b>MAULE NEWS<\/b>\u00a0<br \/><a href=\"https:\/\/www.maulenews.com\/2025\/03\/vuelven-las-mascarillas-epidemiologa.html\">\u00bfVuelven las mascarillas? Epidemi\u00f3loga alerta sobre el aumento de virus respiratorios. Se refiere \u00c9rika Retamal Contreras, directora del Departamento de Salud P\u00fablica.\u00a0<\/a><br \/>\u00a0<\/div><div><b>VIVIMOS LA NOTICIA<\/b>\u00a0<br \/><a href=\"https:\/\/www.vlnradio.cl\/noticias\/nacional\/2025\/03\/26\/vuelven-las-mascarillas-epidemiologa-alerta-sobre-el-aumento-de-virus-respiratorios\/\">\u00bfVuelven las mascarillas? Epidemi\u00f3loga alerta sobre el aumento de virus respiratorios. Se refiere \u00c9rika Retamal Contreras, directora del Departamento de Salud P\u00fablica.\u00a0<\/a><br \/><br \/><\/div><div><b>EL HERALDO<\/b>\u00a0<br \/><a href=\"https:\/\/www.litoralpress.cl\/sitio\/Prensa_Detalles.cshtml?LPKey=W7XYA3ETA7YDTISZSCR6OYZ4BCPYQ5VMREUCCDRCVSPVIP4WKMEA\">Operaci\u00f3n Renta 2025: estudiantes de la UTalca ofrecen orientaci\u00f3n a contribuyentes. Se refiere Arcadio Cerda, decano de la Facultad de Econom\u00eda y Negocio y Mois\u00e9s Gonz\u00e1lez, acad\u00e9mico de la mencionada facultad. \u00a0<\/a><br \/><br \/><\/div><div><b>DIARIO EL HERALDO<\/b>\u00a0<br \/><a href=\"https:\/\/www.diarioelheraldo.cl\/noticia\/operacion-renta-2025-estudiantes-de-la-utalca-ofrecen-orientacion-a-contribuyentes\">Operaci\u00f3n Renta 2025: estudiantes de la UTalca ofrecen orientaci\u00f3n a contribuyentes. Se refiere Arcadio Cerda, decano de la Facultad de Econom\u00eda y Negocio y Mois\u00e9s Gonz\u00e1lez, acad\u00e9mico de la mencionada facultad. \u00a0<\/a><br \/><br \/><\/div><div><b>AD PRENSA<\/b>\u00a0<br \/><a href=\"https:\/\/www.adprensa.cl\/cronica\/operacion-renta-2025-estudiantes-de-la-utalca-ofrecen-orientacion-a-contribuyentes\/\">Operaci\u00f3n Renta 2025: estudiantes de la UTalca ofrecen orientaci\u00f3n a contribuyentes. Se refiere Arcadio Cerda, decano de la Facultad de Econom\u00eda y Negocio y Mois\u00e9s Gonz\u00e1lez, acad\u00e9mico de la mencionada facultad. \u00a0<\/a><br \/><br \/><\/div><div><b>TU CASA TU RADIO<\/b>\u00a0<br \/><a href=\"https:\/\/tucasaturadio.cl\/operacion-renta-2025-estudiantes-de-la-utalca-ofrecen-orientacion-a-contribuyentes-la-clinica-tributaria-funcionara-desde-el-1-de-abril-de-lunes-a-viernes-de-0900-a-1300-horas-en-el-centro-de\/\">Operaci\u00f3n Renta 2025: estudiantes de la UTalca ofrecen orientaci\u00f3n a contribuyentes. Se refiere Arcadio Cerda, decano de la Facultad de Econom\u00eda y Negocio y Mois\u00e9s Gonz\u00e1lez, acad\u00e9mico de la mencionada facultad. \u00a0<\/a><br \/><br \/><\/div><div><b>MAULE NEWS<\/b>\u00a0<br \/><a href=\"https:\/\/www.maulenews.com\/2025\/03\/operacion-renta-2025-estudiantes-de-la.html\">Operaci\u00f3n Renta 2025: estudiantes de la UTalca ofrecen orientaci\u00f3n a contribuyentes. Se refiere Arcadio Cerda, decano de la Facultad de Econom\u00eda y Negocio y Mois\u00e9s Gonz\u00e1lez, acad\u00e9mico de la mencionada facultad. \u00a0<\/a><br \/>\u00a0<\/div><div><b>CANAL 2 LINARES<\/b>\u00a0<br \/><a href=\"https:\/\/www.canal2linares.cl\/2025\/03\/operacion-renta-2025-estudiantes-de-la.html\">Operaci\u00f3n Renta 2025: estudiantes de la UTalca ofrecen orientaci\u00f3n a contribuyentes. Se refiere Arcadio Cerda, decano de la Facultad de Econom\u00eda y Negocio y Mois\u00e9s Gonz\u00e1lez, acad\u00e9mico de la mencionada facultad. \u00a0<\/a><br \/><br \/><\/div><div><b>EL LECTOR<\/b>\u00a0<br \/><a href=\"https:\/\/www.litoralpress.cl\/paginaconsultas\/Servicios_NClipSitio\/Get_Imagen_Nota.aspx?LPKey=K2K63ZIC7I77KGUJOIOBJBFSVUVP2IRF7JK6SENMFS6LB6Z7LMYMDXYWE3XHIJCUBW6NZXU7SPOTO\">Operaci\u00f3n Renta 2025: estudiantes de la UTalca ofrecen orientaci\u00f3n a contribuyentes. Se refiere Arcadio Cerda, decano de la Facultad de Econom\u00eda y Negocio y Mois\u00e9s Gonz\u00e1lez, acad\u00e9mico de la mencionada facultad. \u00a0<\/a><\/div><div aria-hidden=\"true\">\u00a0<\/div><div><b>LA PRENSA DE CURIC\u00d3<\/b>\u00a0<br \/><a href=\"https:\/\/www.litoralpress.cl\/paginaconsultas\/Servicios_NClipSitio\/Get_Imagen_Nota.aspx?LPKey=X7FS3AXVPAU5VTHMOJH2OGJVJOYNTP327MQXT2UCRJICJRQ5YCCXQ7CRIBOXMW42JN5UFABV5NQW2\">Oto\u00f1o se inici\u00f3 con temperaturas m\u00ednimas inferiores a 10\u201d 6 y pronostican lluvias para el fin de semana. Se refiere Patricio Gonz\u00e1lez Colville, acad\u00e9mico del Centro de Investigaci\u00f3n y Transferencia en Riego y Agroclimatolog\u00eda (CITRA).\u202f\u202f\u00a0<\/a><br \/><br \/><\/div><div><b>EN LINEA MAULE<\/b>\u00a0<br \/><a href=\"https:\/\/www.litoralpress.cl\/sitio\/RadioTV_Detalles.cshtml?LPKey=CJ3S67UAS4T2NW3O33J7P75VIP5MONAOTCLSLLCFRVPH6L33K2MGACZ7A7QUWTVM3GLASYXI3XFL4\">Entrevista a Patricio Gonz\u00e1lez Colville, acad\u00e9mico del Centro de Investigaci\u00f3n y Transferencia en Riego y Agroclimatolog\u00eda (CITRA).\u202f\u202f\u00a0<\/a><br \/><br \/><\/div><div><b>DIARIO LA PRENSA<\/b>\u00a0<br \/><a href=\"https:\/\/new.diariolaprensa.cl\/index.php\/2025\/03\/26\/otono-se-inicio-con-temperaturas-minimas-inferiores-a-10-c-y-pronostican-lluvias-para-el-fin-de-semana\/\">Oto\u00f1o se inici\u00f3 con temperaturas m\u00ednimas inferiores a 10\u00b0 C y pronostican lluvias para el fin de semana. Se refiere Patricio Gonz\u00e1lez Colville, acad\u00e9mico del Centro de Investigaci\u00f3n y Transferencia en Riego y Agroclimatolog\u00eda (CITRA).\u202f\u202f<\/a>\u00a0<br \/><br \/><\/div><div><b>TU CASA TU RADIO<\/b>\u00a0<br \/>Cambio de estaci\u00f3n: Experto proyecta oto\u00f1o con lluvias extremas en corto tiempo. <a href=\"https:\/\/tucasaturadio.cl\/cambio-de-estacion-experto-proyecta-otono-con-lluvias-extremas-en-corto-tiempo\/\">Se refiere Patricio Gonz\u00e1lez Colville, acad\u00e9mico del Centro de Investigaci\u00f3n y Transferencia en Riego y Agroclimatolog\u00eda (CITRA).\u202f\u202f\u00a0<\/a><br \/><br \/><\/div><div><b>RADIO AMIGA<\/b>\u00a0<br \/><a href=\"https:\/\/www.litoralpress.cl\/sitio\/RadioTV_Detalles.cshtml?LPKey=TQZ7VTDPE3OTI4CHVT4IK5XFNFO4TPZREC6RRFDH5Z63KN27B3L4IQIAJSK7PEVFK5OMJV2BFJLWE\">Chile se prepara para elecciones primarias presidenciales del 29 de junio. Se refiere Mario Herrera Mu\u00f1oz, acad\u00e9mico del Centro de An\u00e1lisis Pol\u00edtico (CAP-UTalca)\u00a0<\/a><br \/>\u00a0<\/div><div><b>DIARIO EL HERALDO<\/b>\u00a0<br \/><a href=\"https:\/\/www.diarioelheraldo.cl\/noticia\/utalca-capacita-a-funcionarios-de-gobiernos-regionales-de-todo-chile\">UTalca capacita a funcionarios de Gobiernos Regionales de todo Chile. Se refiere Mario Herrera Mu\u00f1oz, director del Departamento Ciencias Pol\u00edtica y Administraci\u00f3n P\u00fablica y Osvaldo Henr\u00edquez, acad\u00e9mico del menciona Departamento.\u00a0<\/a><br \/>\u00a0<br \/><b>EL HERALDO<\/b>\u00a0<br \/><a href=\"https:\/\/www.litoralpress.cl\/paginaconsultas\/Servicios_NClipSitio\/Get_Imagen_Nota.aspx?LPKey=OP777K5ERS54DRIVPIGSIQH6KYFG4WUDGCF3VZQM3HWKYQNJHDQJACILJRHE2LVW57PGNSDTROW4O\">UTalca capacita a funcionarios de Gobiernos Regionales de todo Chile. Se refiere Mario Herrera Mu\u00f1oz, director del Departamento Ciencias Pol\u00edtica y Administraci\u00f3n P\u00fablica y Osvaldo Henr\u00edquez, acad\u00e9mico del menciona Departamento.\u202f\u00a0<\/a><br \/><br \/><\/div><div><b>PUNTO LONTU\u00c9<\/b>\u00a0<br \/><a href=\"https:\/\/puntolontue.cl\/?p=16593\">\u00abBrillemos juntas\u00bb inicia capacitaciones para emprendedoras maulinas. Se refiere Arcadio Cerda, decano de la Facultad de Econom\u00eda y Negocio y Leidy Garc\u00eda, acad\u00e9mica de la mencionada facultad.\u00a0<\/a><br \/>\u00a0<br \/><b>TOUR INNOVACI\u00d3N<\/b>\u00a0<br \/><a href=\"https:\/\/www.tourinnovacion.cl\/tecnologia-ciencia\/desarrollan-nanobioticos-para-tratar-infecciones-bacterianas\/\">Desarrollan nanobi\u00f3ticos para tratar infecciones bacterianas. Se refiere Esteban Dur\u00e1n, investigador del Departamento de Microbiolog\u00eda.\u00a0<\/a><br \/><br \/><\/div><div><b>DIARIO LA MA\u00d1ANA<\/b>\u00a0<br \/><a href=\"https:\/\/diariolama\u00f1ana.cl\/2025\/03\/26\/seremi-de-ciencia-destaca-inicio-del-proyecto-fiu-frontera-en-utalca-para-fortalecer-la-investigacion-a-largo-plazo\/\">SEREMI de Ciencia destaca inicio del Proyecto FIU Frontera en UTalca para fortalecer la investigaci\u00f3n a largo plazo. Se menciona la Universidad de Talca.<\/a>\u00a0<br \/><br \/><\/div>\t\t\t\t\t\t<\/div>\n\t\t\t\t<\/div>\n\t\t\t\t\t<\/div>\n\t\t<\/div>\n\t\t\t\t\t\t\t<\/div>\n\t\t<\/section>\n\t\t\t\t\t\t<\/div>\n\t\t\t\t\t<\/div>\n\t\t","protected":false},"excerpt":{"rendered":"<p>EL MERCURIO\u00a0Malezas comestibles: Nutritivas pero desaprovechadas. Se refiere Monserrat Morales, acad\u00e9mica de la Escuela de Nutrici\u00f3n y Diet\u00e9tica.\u00a0 CANAL MEGA\u00a0108 personas buscan patrocinios. Se refiere Mauricio Morales Quiroga, director del Centro de An\u00e1lisis Pol\u00edtico (CAP-UTalca).\u00a0 CANAL MEGA\u00a0Cathy Barriga sufre su primera condena de parte del Tribunal Electoral Metropolitano. Se refiere Mauricio Morales Quiroga, director del &hellip;<\/p>\n<p class=\"read-more\"> <a class=\"\" href=\"https:\/\/www.reportedeprensa.utalca.cl\/?p=11586\"> <span class=\"screen-reader-text\">27 de marzo 2025<\/span> Read More &raquo;<\/a><\/p>\n","protected":false},"author":1,"featured_media":0,"comment_status":"closed","ping_status":"open","sticky":false,"template":"","format":"standard","meta":{"_monsterinsights_skip_tracking":false,"_monsterinsights_sitenote_active":false,"_monsterinsights_sitenote_note":"","_monsterinsights_sitenote_category":0},"categories":[57],"tags":[],"_links":{"self":[{"href":"https:\/\/www.reportedeprensa.utalca.cl\/index.php?rest_route=\/wp\/v2\/posts\/11586"}],"collection":[{"href":"https:\/\/www.reportedeprensa.utalca.cl\/index.php?rest_route=\/wp\/v2\/posts"}],"about":[{"href":"https:\/\/www.reportedeprensa.utalca.cl\/index.php?rest_route=\/wp\/v2\/types\/post"}],"author":[{"embeddable":true,"href":"https:\/\/www.reportedeprensa.utalca.cl\/index.php?rest_route=\/wp\/v2\/users\/1"}],"replies":[{"embeddable":true,"href":"https:\/\/www.reportedeprensa.utalca.cl\/index.php?rest_route=%2Fwp%2Fv2%2Fcomments&post=11586"}],"version-history":[{"count":4,"href":"https:\/\/www.reportedeprensa.utalca.cl\/index.php?rest_route=\/wp\/v2\/posts\/11586\/revisions"}],"predecessor-version":[{"id":11590,"href":"https:\/\/www.reportedeprensa.utalca.cl\/index.php?rest_route=\/wp\/v2\/posts\/11586\/revisions\/11590"}],"wp:attachment":[{"href":"https:\/\/www.reportedeprensa.utalca.cl\/index.php?rest_route=%2Fwp%2Fv2%2Fmedia&parent=11586"}],"wp:term":[{"taxonomy":"category","embeddable":true,"href":"https:\/\/www.reportedeprensa.utalca.cl\/index.php?rest_route=%2Fwp%2Fv2%2Fcategories&post=11586"},{"taxonomy":"post_tag","embeddable":true,"href":"https:\/\/www.reportedeprensa.utalca.cl\/index.php?rest_route=%2Fwp%2Fv2%2Ftags&post=11586"}],"curies":[{"name":"wp","href":"https:\/\/api.w.org\/{rel}","templated":true}]}}