{"id":1159,"date":"2021-06-08T09:29:54","date_gmt":"2021-06-08T12:29:54","guid":{"rendered":"https:\/\/www.reportedeprensa.utalca.cl\/?p=1159"},"modified":"2021-06-08T09:53:00","modified_gmt":"2021-06-08T12:53:00","slug":"08-de-junio-de-2021","status":"publish","type":"post","link":"https:\/\/www.reportedeprensa.utalca.cl\/?p=1159","title":{"rendered":"08 de junio de 2021"},"content":{"rendered":"\t\t<div data-elementor-type=\"wp-post\" data-elementor-id=\"1159\" class=\"elementor elementor-1159\" data-elementor-settings=\"[]\">\n\t\t\t\t\t\t\t<div class=\"elementor-section-wrap\">\n\t\t\t\t\t\t\t<section class=\"elementor-section elementor-top-section elementor-element elementor-element-a06ca45 elementor-section-boxed elementor-section-height-default elementor-section-height-default\" data-id=\"a06ca45\" data-element_type=\"section\">\n\t\t\t\t\t\t<div class=\"elementor-container elementor-column-gap-default\">\n\t\t\t\t\t<div class=\"elementor-column elementor-col-100 elementor-top-column elementor-element elementor-element-1486c35\" data-id=\"1486c35\" data-element_type=\"column\">\n\t\t\t<div class=\"elementor-widget-wrap elementor-element-populated\">\n\t\t\t\t\t\t\t\t<div class=\"elementor-element elementor-element-42b145e elementor-widget elementor-widget-text-editor\" data-id=\"42b145e\" data-element_type=\"widget\" data-widget_type=\"text-editor.default\">\n\t\t\t\t<div class=\"elementor-widget-container\">\n\t\t\t\t\t\t\t\t<p><b>DIARIO TALCA<\/b><\/p><p><a style=\"font-style: inherit; font-weight: inherit; background-color: #ffffff; font-family: -apple-system, BlinkMacSystemFont,;\" href=\"https:\/\/www.litoralpress.cl\/paginaconsultas\/Servicios_NClip\/Get_Imagen_Nota.aspx?LPKey=TNBZGXFBRJTNDBARF4IA2WLTBKYIT5R4JLJKDSVVMIXEUJJ5JDA3GZDRJ3SU5CO5TQOKGTG3UUNXW\" target=\"_blank\" rel=\"noopener\">Radio UTalca transmite programas en alianza con el Teatro Regional.<\/a><\/p><p>\u00a0<\/p><p><b>UNIVERSIDADESESTATALES.CL<\/b><\/p><p><a style=\"font-style: inherit; font-weight: inherit; background-color: #ffffff; font-family: -apple-system, BlinkMacSystemFont,;\" href=\"http:\/\/www.universidadesestatales.cl\/cue\/?q=node\/8867\" target=\"_blank\" rel=\"noopener\">Convenio para el desarrollo de 5G beneficia a 3 instituciones de la Regi\u00f3n de Coquimbo. Se menciona que la UTalca participa de la iniciativa.<\/a><\/p><p>\u00a0<\/p><p><b>PORTALEDUCACION.CL<\/b><\/p><p><a style=\"font-style: inherit; font-weight: inherit; background-color: #ffffff; font-family: -apple-system, BlinkMacSystemFont,;\" href=\"https:\/\/portaleducacion.cl\/index.php\/2021\/06\/07\/analizan-estrategias-para-disminuir-brechas-de-genero-en-el-quehacer-cientifico-universitario\/\" target=\"_blank\" rel=\"noopener\">Analizan estrategias para disminuir brechas de g\u00e9nero en el quehacer cient\u00edfico universitario. Se refiere Pablo Villalobos, vicerrector de Innovaci\u00f3n, Desarrollo y Transferencia Tecnol\u00f3gica y Lorena Castro, directora de G\u00e9nero de la UTalca.<\/a><\/p><p>\u00a0<\/p><p><b>RADIO AMIGA<\/b><\/p><p><a style=\"font-style: inherit; font-weight: inherit; background-color: #ffffff; font-family: -apple-system, BlinkMacSystemFont,;\" href=\"https:\/\/www.litoralpress.cl\/sitio\/RadioTV_Detalles.cshtml?LPKey=WG3J6SHXVDBKHH6XCXZZOOPBXDMC5X5LBCI3BBXI3QOPM2JDBGFQ\" target=\"_blank\" rel=\"noopener\">Conversatorio &#8220;Relaciones de g\u00e9nero en el entorno universitario&#8221; en la U. de Talca.<\/a><\/p><p>\u00a0<\/p><p><b>MAULEE.CL<\/b><\/p><p><a style=\"font-style: inherit; font-weight: inherit; background-color: #ffffff; font-family: -apple-system, BlinkMacSystemFont,;\" href=\"https:\/\/www.maulee.cl\/analizan-estrategias-para-disminuir-brechas-de-genero-en-el-quehacer-cientifico-universitario\/\" target=\"_blank\" rel=\"noopener\">Analizan estrategias para disminuir brechas de g\u00e9nero en el quehacer cient\u00edfico universitario. Se refiere Pablo Villalobos, vicerrector de Innovaci\u00f3n, Desarrollo y Transferencia Tecnol\u00f3gica y Lorena Castro, directora de G\u00e9nero de la UTalca.<\/a><\/p><p>\u00a0<\/p><p><b>SEXTANOTICIAS.CL<\/b><\/p><p><a style=\"font-style: inherit; font-weight: inherit; background-color: #ffffff; font-family: -apple-system, BlinkMacSystemFont,;\" href=\"https:\/\/www.sextanoticias.cl\/analizan-estrategias-para-disminuir-brechas-de-genero-en-el-quehacer-cientifico-universitario\/\" target=\"_blank\" rel=\"noopener\">Analizan estrategias para disminuir brechas de g\u00e9nero en el quehacer cient\u00edfico universitario. Se refiere Pablo Villalobos, vicerrector de Innovaci\u00f3n, Desarrollo y Transferencia Tecnol\u00f3gica y Lorena Castro, directora de G\u00e9nero de la UTalca.<\/a><\/p><p>\u00a0<\/p><p><b>LACUARTA.COM<\/b><\/p><p><a style=\"font-style: inherit; font-weight: inherit; background-color: #ffffff; font-family: -apple-system, BlinkMacSystemFont,;\" href=\"https:\/\/comerciante.lacuarta.com\/noticias\/actualidad-del-rubro\/10-consejos-para-garantizar-la-seguridad-de-los-alimentos.html\" target=\"_blank\" rel=\"noopener\">10 consejos para garantizar la seguridad de los alimentos. Se refiere Ana Karina Peralta, directora del Centro de Inocuidad Alimentaria de la UTalca.<\/a><\/p><p>\u00a0<\/p><p><b>ADPRENSA.CL<\/b><\/p><p><a style=\"font-style: inherit; font-weight: inherit; background-color: #ffffff; font-family: -apple-system, BlinkMacSystemFont,;\" href=\"https:\/\/www.adprensa.cl\/cronica\/llaman-a-garantizar-seguridad-de-los-alimentos-para-resguardar-salud-de-las-personas\/\" target=\"_blank\" rel=\"noopener\">Llaman a garantizar seguridad de los alimentos para resguardar salud de las personas. Se refiere Ana Karina Peralta, directora del Centro de Inocuidad Alimentaria de la UTalca.<\/a><\/p><p>\u00a0<\/p><p><b>TVMAULE.CL<\/b><\/p><p><a style=\"font-style: inherit; font-weight: inherit; background-color: #ffffff; font-family: -apple-system, BlinkMacSystemFont,;\" href=\"https:\/\/www.tvmaule.cl\/dia-de-la-inocuidad-alimentaria-llaman-a-garantizar-seguridad-de-los-alimentos\/\" target=\"_blank\" rel=\"noopener\">D\u00eda de la Inocuidad Alimentaria: Llaman a garantizar seguridad de los alimentos. Se refiere Ana Karina Peralta, directora del Centro de Inocuidad Alimentaria de la UTalca.<\/a><\/p><p>\u00a0<\/p><p><b>TALCACAPITAL.CL<\/b><\/p><p><a style=\"font-style: inherit; font-weight: inherit; background-color: #ffffff; font-family: -apple-system, BlinkMacSystemFont,;\" href=\"https:\/\/talcacapital.cl\/llaman-a-garantizar-seguridad-de-los-alimentos-para-resguardar-salud-de-las-personas\/\" target=\"_blank\" rel=\"noopener\">Llaman a garantizar seguridad de los alimentos para resguardar salud de las personas. Se refiere Ana Karina Peralta, directora del Centro de Inocuidad Alimentaria de la UTalca.<\/a><\/p><p>\u00a0<\/p><p><b>CENTROSURNOTICIAS.CL<\/b><\/p><p><a style=\"font-style: inherit; font-weight: inherit; background-color: #ffffff; font-family: -apple-system, BlinkMacSystemFont,;\" href=\"https:\/\/centrosurnoticias.cl\/llaman-a-garantizar-seguridad-de-los-alimentos-para-resguardar-salud-de-las-personas\/\" target=\"_blank\" rel=\"noopener\">Llaman a garantizar seguridad de los alimentos para resguardar salud de las personas. Se refiere Ana Karina Peralta, directora del Centro de Inocuidad Alimentaria de la UTalca.<\/a><\/p><p>\u00a0<\/p><p><b>RADIOPOLAR.COM<\/b><\/p><p><a style=\"font-style: inherit; font-weight: inherit; background-color: #ffffff; font-family: -apple-system, BlinkMacSystemFont,;\" href=\"http:\/\/radiopolar.com\/noticia_167421.html\" target=\"_blank\" rel=\"noopener\">Llaman a garantizar seguridad de los alimentos para resguardar salud de las personas. Se refiere Ana Karina Peralta, directora del Centro de Inocuidad Alimentaria de la UTalca.<\/a><\/p><p>\u00a0<\/p><p><b>RADIO AMIGA<\/b><\/p><p><a style=\"font-style: inherit; font-weight: inherit; background-color: #ffffff; font-family: -apple-system, BlinkMacSystemFont,;\" href=\"https:\/\/www.litoralpress.cl\/sitio\/RadioTV_Detalles.cshtml?LPKey=H64XYZKMBVXU3TMF55UC7EAUK6Z7NRFD3WILEYXLEBYQAQZYPMCA\" target=\"_blank\" rel=\"noopener\">Aprueban vacuna Pfizer para mayores de 12 a\u00f1os de edad. Se refieren Sergio Wehinger, director del Mag\u00edster en Ciencias Biom\u00e9dicas y Marcelo Alarc\u00f3n, acad\u00e9mico del Departamento de Bioqu\u00edmica Cl\u00ednica e Inmunohematolog\u00eda de la UTalca.<\/a><\/p><p>\u00a0<\/p><p><b>ENLINEAMAULE.CL<\/b><\/p><p><a style=\"font-style: inherit; font-weight: inherit; background-color: #ffffff; font-family: -apple-system, BlinkMacSystemFont,;\" href=\"https:\/\/enlineamaule.cl\/archivo\/43847\" target=\"_blank\" rel=\"noopener\">Acad\u00e9micos de la Universidad de Talca calificaron como positiva la resoluci\u00f3n que permitir\u00e1 que los menores puedan acceder a las vacunas contra el Coronavirus y aseguraron que \u00e9stas demostraron ser altamente eficaces en la producci\u00f3n de anticuerpos en este segmento etario.<\/a><\/p><p>\u00a0<\/p><p><b>TVMAULE.CL<\/b><\/p><p><a style=\"font-style: inherit; font-weight: inherit; background-color: #ffffff; font-family: -apple-system, BlinkMacSystemFont,;\" href=\"https:\/\/www.tvmaule.cl\/recalcan-seguridad-en-el-uso-de-vacuna-contra-covid-19-en-ninos-y-jovenes\/\" target=\"_blank\" rel=\"noopener\">Recalcan seguridad en el uso de vacuna contra COVID-19 en ni\u00f1os y j\u00f3venes. Se refieren Sergio Wehinger, director del Mag\u00edster en Ciencias Biom\u00e9dicas y Marcelo Alarc\u00f3n, acad\u00e9mico del Departamento de Bioqu\u00edmica Cl\u00ednica e Inmunohematolog\u00eda de la UTalca.<\/a><\/p><p>\u00a0<\/p><p><b>TALCACAPITAL.CL<\/b><\/p><p><a style=\"font-style: inherit; font-weight: inherit; background-color: #ffffff; font-family: -apple-system, BlinkMacSystemFont,;\" href=\"https:\/\/talcacapital.cl\/especialistas-recalcan-seguridad-en-el-uso-de-vacuna-contra-covid-19-en-ninos-y-jovenes\/\" target=\"_blank\" rel=\"noopener\">Especialistas recalcan seguridad en el uso de vacuna contra COVID-19 en ni\u00f1os y j\u00f3venes. Se refieren Sergio Wehinger, director del Mag\u00edster en Ciencias Biom\u00e9dicas y Marcelo Alarc\u00f3n, acad\u00e9mico del Departamento de Bioqu\u00edmica Cl\u00ednica e Inmunohematolog\u00eda de la UTalca.<\/a><\/p><p>\u00a0<\/p><p><b>ELALFA.CL<\/b><\/p><p><a style=\"font-style: inherit; font-weight: inherit; background-color: #ffffff; font-family: -apple-system, BlinkMacSystemFont,;\" href=\"https:\/\/elalfa.cl\/index.php\/2021\/06\/07\/especialistas-recalcan-seguridad-en-el-uso-de-vacuna-contra-covid-19-en-ninos-y-jovenes\/\" target=\"_blank\" rel=\"noopener\">Especialistas recalcan seguridad en el uso de vacuna contra COVID-19 en ni\u00f1os y j\u00f3venes. Se refieren Sergio Wehinger, director del Mag\u00edster en Ciencias Biom\u00e9dicas y Marcelo Alarc\u00f3n, acad\u00e9mico del Departamento de Bioqu\u00edmica Cl\u00ednica e Inmunohematolog\u00eda de la UTalca.<\/a><\/p><p>\u00a0<\/p><p><b>G5NOTICIAS.CL<\/b><\/p><p><a style=\"font-style: inherit; font-weight: inherit; background-color: #ffffff; font-family: -apple-system, BlinkMacSystemFont,;\" href=\"https:\/\/g5noticias.cl\/2021\/06\/07\/especialistas-recalcan-seguridad-en-el-uso-de-vacuna-contra-covid-19-en-ninos-y-jovenes\/\" target=\"_blank\" rel=\"noopener\">Especialistas recalcan seguridad en el uso de vacuna contra COVID-19 en ni\u00f1os y j\u00f3venes. Se refieren Sergio Wehinger, director del Mag\u00edster en Ciencias Biom\u00e9dicas y Marcelo Alarc\u00f3n, acad\u00e9mico del Departamento de Bioqu\u00edmica Cl\u00ednica e Inmunohematolog\u00eda de la UTalca.<\/a><\/p><p>\u00a0<\/p><p><b>ADPRENSA.CL<\/b><\/p><p><a style=\"font-style: inherit; font-weight: inherit; background-color: #ffffff; font-family: -apple-system, BlinkMacSystemFont,;\" href=\"https:\/\/www.adprensa.cl\/cronica\/especialista-utalca-fronteras-deben-permanecer-cerradas-si-se-quiere-alcanzar-inmunidad-de-rebano\/\" target=\"_blank\" rel=\"noopener\">Especialista UTalca: Fronteras deben permanecer cerradas si se quiere alcanzar inmunidad de reba\u00f1o.<\/a><\/p><p>\u00a0<\/p><p><b>DIARIO TALCA<\/b><\/p><p><a style=\"font-style: inherit; font-weight: inherit; background-color: #ffffff; font-family: -apple-system, BlinkMacSystemFont,;\" href=\"https:\/\/www.litoralpress.cl\/paginaconsultas\/Servicios_NClip\/Get_Imagen_Nota.aspx?LPKey=2KCDHDSQVBWCKFIGMWAXTALCRARCHV4KGPAK2R4WKMRC2X4YYWQB2S2XIBRJZDMEEGN2Q2B5H5774\" target=\"_blank\" rel=\"noopener\">\u201cEs probable que volvamos a cuarentena\u201d. Se refiere Erika Retamal, directora de Salud P\u00fablica de la UTalca.<\/a><\/p><p>\u00a0<\/p><p><b>ENESTRADO.COM<\/b><\/p><p><a style=\"font-style: inherit; font-weight: inherit; background-color: #ffffff; font-family: -apple-system, BlinkMacSystemFont,;\" href=\"https:\/\/enestrado.com\/exministro-del-tc-domingo-hernandez-expuso-en-conversatorio-del-campus-santiago-utalca-la-constitucion-debe-asegurar-a-las-personas-un-piso-minimo-de-derechos-que-faciliten-una-subsistencia-digna\/\" target=\"_blank\" rel=\"noopener\">Exministro del TC Domingo Hern\u00e1ndez expuso en conversatorio del Campus Santiago UTalca: \u201cLa Constituci\u00f3n debe asegurar a las personas un piso m\u00ednimo de derechos, que faciliten una subsistencia digna\u201d.<\/a><\/p><p>\u00a0<\/p><p><b>LATERCERA.COM<\/b><\/p><p><a style=\"font-style: inherit; font-weight: inherit; background-color: #ffffff; font-family: -apple-system, BlinkMacSystemFont,;\" href=\"https:\/\/www.latercera.com\/la-tercera-pm\/noticia\/el-efecto-del-orden-en-la-papeleta-de-constituyentes-68-de-los-elegidos-iban-en-la-posicion-1-o-2-de-su-lista\/JA3FYE3DPNCC3OU2JH3F4B4QI4\/\" target=\"_blank\" rel=\"noopener\">El efecto del orden en la papeleta de constituyentes: 68% de los elegidos iban en la posici\u00f3n 1 o 2 de su lista. Se refiere Mauricio Morales, director del Centro de An\u00e1lisis Pol\u00edtico (CAP) de la UTalca.<\/a><\/p><p>\u00a0<\/p><p><b>NUEVOPODER.CL<\/b><\/p><p><a style=\"font-style: inherit; font-weight: inherit; background-color: #ffffff; font-family: -apple-system, BlinkMacSystemFont,;\" href=\"https:\/\/www.nuevopoder.cl\/constituyentes-68-de-los-elegidos-iban-en-la-posicion-1-o-2-de-su-lista\/\" target=\"_blank\" rel=\"noopener\">Constituyentes: 68% de los elegidos iban en la posici\u00f3n 1 o 2&#8230; Se refiere Mauricio Morales, director del Centro de An\u00e1lisis Pol\u00edtico (CAP) de la UTalca.<\/a><\/p><p>\u00a0<\/p><p><b>ADPRENSA.CL<\/b><\/p><p><a style=\"font-style: inherit; font-weight: inherit; background-color: #ffffff; font-family: -apple-system, BlinkMacSystemFont,;\" href=\"https:\/\/www.adprensa.cl\/cronica\/editorial-universidad-de-talca-y-ediciones-ucsc-participaran-en-conjunto-de-innovadora-feria-virtual-del-libro-librook\/\" target=\"_blank\" rel=\"noopener\">Editorial Universidad de Talca y Ediciones UCSC participar\u00e1n en conjunto de innovadora feria virtual del libro &#8220;Librook&#8221;.<\/a><\/p><p>\u00a0<\/p><p><b>DIARIO TALCA<\/b><\/p><p><a style=\"font-style: inherit; font-weight: inherit; background-color: #ffffff; font-family: -apple-system, BlinkMacSystemFont,;\" href=\"https:\/\/www.litoralpress.cl\/sitio\/Prensa_Detalles.cshtml?LPKey=ZZJCFOOSXP3AWVVZ66DUEKDMWS2JDM4NMHH3C3IMKGDOTCH4N3NQ\" target=\"_blank\" rel=\"noopener\">Barrio de los carnavales. Se menciona Centro de Documentaci\u00f3n Patrimonial del Instituto de Estudios Human\u00edsticos de laUTalca.<\/a><\/p><p>\u00a0<\/p><p><b>DIARIO TALCA<\/b><\/p><p><a style=\"font-style: inherit; font-weight: inherit; background-color: #ffffff; font-family: -apple-system, BlinkMacSystemFont,;\" href=\"https:\/\/www.litoralpress.cl\/paginaconsultas\/Servicios_NClip\/Get_Imagen_Nota.aspx?LPKey=TV3MVQPNOV4XFC25E3ZQRQRULLOTTZT35CAGUNYFVHYDQZNUZGMFWWY7DHY5ABA4U3LYX4ZYDRSQ6\" target=\"_blank\" rel=\"noopener\">\u00c1lbum fotogr\u00e1fico de Talca. Se menciona a la UTalca.<\/a><\/p>\t\t\t\t\t\t<\/div>\n\t\t\t\t<\/div>\n\t\t\t\t\t<\/div>\n\t\t<\/div>\n\t\t\t\t\t\t\t<\/div>\n\t\t<\/section>\n\t\t\t\t\t\t<\/div>\n\t\t\t\t\t<\/div>\n\t\t","protected":false},"excerpt":{"rendered":"<p>DIARIO TALCA Radio UTalca transmite programas en alianza con el Teatro Regional. \u00a0 UNIVERSIDADESESTATALES.CL Convenio para el desarrollo de 5G beneficia a 3 instituciones de la Regi\u00f3n de Coquimbo. Se menciona que la UTalca participa de la iniciativa. \u00a0 PORTALEDUCACION.CL Analizan estrategias para disminuir brechas de g\u00e9nero en el quehacer cient\u00edfico universitario. Se refiere Pablo &hellip;<\/p>\n<p class=\"read-more\"> <a class=\"\" href=\"https:\/\/www.reportedeprensa.utalca.cl\/?p=1159\"> <span class=\"screen-reader-text\">08 de junio de 2021<\/span> Read More &raquo;<\/a><\/p>\n","protected":false},"author":1,"featured_media":0,"comment_status":"closed","ping_status":"open","sticky":false,"template":"elementor_theme","format":"standard","meta":{"_monsterinsights_skip_tracking":false,"_monsterinsights_sitenote_active":false,"_monsterinsights_sitenote_note":"","_monsterinsights_sitenote_category":0},"categories":[9],"tags":[],"_links":{"self":[{"href":"https:\/\/www.reportedeprensa.utalca.cl\/index.php?rest_route=\/wp\/v2\/posts\/1159"}],"collection":[{"href":"https:\/\/www.reportedeprensa.utalca.cl\/index.php?rest_route=\/wp\/v2\/posts"}],"about":[{"href":"https:\/\/www.reportedeprensa.utalca.cl\/index.php?rest_route=\/wp\/v2\/types\/post"}],"author":[{"embeddable":true,"href":"https:\/\/www.reportedeprensa.utalca.cl\/index.php?rest_route=\/wp\/v2\/users\/1"}],"replies":[{"embeddable":true,"href":"https:\/\/www.reportedeprensa.utalca.cl\/index.php?rest_route=%2Fwp%2Fv2%2Fcomments&post=1159"}],"version-history":[{"count":4,"href":"https:\/\/www.reportedeprensa.utalca.cl\/index.php?rest_route=\/wp\/v2\/posts\/1159\/revisions"}],"predecessor-version":[{"id":1163,"href":"https:\/\/www.reportedeprensa.utalca.cl\/index.php?rest_route=\/wp\/v2\/posts\/1159\/revisions\/1163"}],"wp:attachment":[{"href":"https:\/\/www.reportedeprensa.utalca.cl\/index.php?rest_route=%2Fwp%2Fv2%2Fmedia&parent=1159"}],"wp:term":[{"taxonomy":"category","embeddable":true,"href":"https:\/\/www.reportedeprensa.utalca.cl\/index.php?rest_route=%2Fwp%2Fv2%2Fcategories&post=1159"},{"taxonomy":"post_tag","embeddable":true,"href":"https:\/\/www.reportedeprensa.utalca.cl\/index.php?rest_route=%2Fwp%2Fv2%2Ftags&post=1159"}],"curies":[{"name":"wp","href":"https:\/\/api.w.org\/{rel}","templated":true}]}}