{"id":11599,"date":"2025-03-31T13:38:03","date_gmt":"2025-03-31T16:38:03","guid":{"rendered":"https:\/\/www.reportedeprensa.utalca.cl\/?p=11599"},"modified":"2025-03-31T13:38:27","modified_gmt":"2025-03-31T16:38:27","slug":"31-de-marzo-2025","status":"publish","type":"post","link":"https:\/\/www.reportedeprensa.utalca.cl\/?p=11599","title":{"rendered":"31 de marzo 2025"},"content":{"rendered":"\t\t<div data-elementor-type=\"wp-post\" data-elementor-id=\"11599\" class=\"elementor elementor-11599\" data-elementor-settings=\"[]\">\n\t\t\t\t\t\t\t<div class=\"elementor-section-wrap\">\n\t\t\t\t\t\t\t<section class=\"elementor-section elementor-top-section elementor-element elementor-element-bcea1a8 elementor-section-boxed elementor-section-height-default elementor-section-height-default\" data-id=\"bcea1a8\" data-element_type=\"section\">\n\t\t\t\t\t\t<div class=\"elementor-container elementor-column-gap-default\">\n\t\t\t\t\t<div class=\"elementor-column elementor-col-100 elementor-top-column elementor-element elementor-element-e7183bf\" data-id=\"e7183bf\" data-element_type=\"column\">\n\t\t\t<div class=\"elementor-widget-wrap elementor-element-populated\">\n\t\t\t\t\t\t\t\t<div class=\"elementor-element elementor-element-7610e1b elementor-widget elementor-widget-text-editor\" data-id=\"7610e1b\" data-element_type=\"widget\" data-widget_type=\"text-editor.default\">\n\t\t\t\t<div class=\"elementor-widget-container\">\n\t\t\t\t\t\t\t\t<div class=\"x_elementToProof\"><b data-olk-copy-source=\"MessageBody\">COOPERATIVA CIENCIA<\/b>\u00a0<br \/><a href=\"https:\/\/www.cooperativaciencia.cl\/ciencia\/2025\/03\/28\/el-innovador-proyecto-que-llevo-a-dos-alumnas-hasta-el-observatorio-las-campanas\/\">El innovador proyecto que llev\u00f3 a dos alumnas hasta el observatorio Las Campanas. Se refiere Caddy Cort\u00e9s, acad\u00e9mica de la Facultad de Ingenier\u00eda.\u202f\u00a0<\/a><\/div><div class=\"x_elementToProof\">\u00a0<\/div><div class=\"x_elementToProof\"><b>RADIO AGRICULTURA<\/b>\u00a0<br \/><a href=\"https:\/\/www.radioagricultura.cl\/noticias\/dato-practico\/cancer-cervico-uterino_20250329\/\">\u00bfC\u00f3mo prevenir el c\u00e1ncer c\u00e9rvico uterino? Se refiere Mar\u00eda Del Carmen Briones, acad\u00e9mica de la Escuela de Obstetricia.\u00a0<\/a><\/div><div class=\"x_elementToProof\">\u00a0<\/div><div class=\"x_elementToProof\"><b>EMOL<\/b>\u00a0<br \/><a href=\"https:\/\/www.emol.com\/noticias\/Nacional\/2025\/03\/28\/1161937\/sanciones-bloque-valparaiso.html\">Delito de pirater\u00eda mar\u00edtima y perder permiso para navegar: Lo que arriesgan pescadores por bloqueo en bah\u00eda de Valpara\u00edso. Se refiere Samy Hawa Arellano, acad\u00e9mico de la Facultad de Ciencias Jur\u00eddicas y Sociales.\u00a0<\/a><br \/><br \/><\/div><div class=\"x_elementToProof\"><b>EL MERCURIO\u00a0<\/b><\/div><div class=\"x_elementToProof\"><a href=\"https:\/\/www.litoralpress.cl\/paginaconsultas\/Servicios_NClipSitio\/Get_Imagen_Nota.aspx?LPKey=SVDWZA6YM67FMZ3NJLVAUW55NIO5W5452WX3WAQFWO5CNSDRKGPSCVBQGJ4PRLIEKFAXORZJKKLKW\">Reforma al sistema electoral del gobierno de Bachelet apuesta por la fragmentaci\u00f3n pol\u00edtica. Se refiere Mauricio Morales Quiroga, director del Centro de An\u00e1lisis Pol\u00edtico (CAP).\u00a0<\/a><\/div><div class=\"x_elementToProof\">\u00a0<\/div><div class=\"x_elementToProof\"><b>EL MERCURIO<\/b>\u00a0<br \/><a href=\"https:\/\/www.litoralpress.cl\/paginaconsultas\/Servicios_NClipSitio\/Get_Imagen_Nota.aspx?LPKey=XCBA653WOFJKJ7UWSK5X3CY6T2BJ7DII4EVR6MI3YMI765PXHJXX2KMZCYA3CYREZL5OYHM5PXKBO\">C\u00f3mo el oficialismo golpe\u00f3 a la oposici\u00f3n de la mano de Manuel Jos\u00e9 Ossand\u00f3n (RN). Se refiere Mauricio Morales Quiroga, director del Centro de An\u00e1lisis Pol\u00edtico (CAP).\u00a0<\/a><br \/><br \/><\/div><div class=\"x_elementToProof\"><b>EL MERCURIO<\/b>\u00a0<br \/><a href=\"https:\/\/www.litoralpress.cl\/paginaconsultas\/Servicios_NClipSitio\/Get_Imagen_Nota.aspx?LPKey=WIYTNDZX2DDPDYVCYHGJDSWO7PBAMOVLQTXX332TFB5W7HJF4HDHU4X3EVSYZNVNG75P2TW677M46\">El panorama de norte a sur: La Araucan\u00eda crece y el norte envejece menos por miner\u00eda y extranjeros. Se refiere Mario Herrera Mu\u00f1oz, acad\u00e9mico del Centro de An\u00e1lisis Pol\u00edtico (CAP).\u00a0<\/a><br \/><br \/><\/div><div class=\"x_elementToProof\"><b>RADIO BIOB\u00cdO<\/b>\u00a0<br \/><a href=\"https:\/\/www.litoralpress.cl\/sitio\/RadioTV_Detalles.cshtml?LPKey=IZQODSNPXWHQI2ISLEKS477DLB2X6ISWN5VQX7MM7SZ33PTXJ5LNNSGZ7GBM6YHZ6SIO6ZC4RYW52\">M\u00e1s de 18 millones 480 mil personas participaron en el Censo. Se refiere Mario Herrera Mu\u00f1oz, acad\u00e9mico del Centro de An\u00e1lisis Pol\u00edtico (CAP).\u00a0\u00a0<\/a><\/div><div>\u00a0<\/div><div class=\"x_elementToProof\"><b>EMOL<\/b>\u00a0<br \/><a href=\"https:\/\/www.emol.com\/noticias\/Nacional\/2025\/03\/28\/1161880\/reforma-electoral-bachelet-cronica-futuro.html\">Reforma al sistema electoral del gobierno de Bachelet apuesta por la fragmentaci\u00f3n pol\u00edtica. Se refiere Mauricio Morales Quiroga, director del Centro de An\u00e1lisis Pol\u00edtico (CAP)\u00a0<\/a><br \/><br \/><\/div><div class=\"x_elementToProof\"><b>CONTRAPLANO<\/b>\u00a0<br \/><a href=\"https:\/\/contraplano.cl\/academia-chilena-de-bellas-artes\/\">Fascinante Exposici\u00f3n: 60 A\u00f1os de la Academia Chilena. Se refiere Carlos Torres Fuchslocher, rector y Marcela Albornoz Dachelet, directora de Extensi\u00f3n Cultural-Art\u00edstica.\u00a0<\/a><\/div><div class=\"x_elementToProof\">\u00a0<\/div><div class=\"x_elementToProof\"><b>CHILL\u00c1N ONLINE\u00a0<\/b><\/div><div class=\"x_elementToProof\"><a href=\"https:\/\/www.chillanonline.cl\/V7\/2025\/03\/29\/como-prevenir-el-cancer-de-cuello-uterino\/\">\u00bfC\u00f3mo prevenir el c\u00e1ncer c\u00e9rvico uterino? Se refiere Mar\u00eda Del Carmen Briones, acad\u00e9mica de la Escuela de Obstetricia.\u00a0<\/a><br \/><br \/><\/div><div class=\"x_elementToProof\"><b>MEDIABANCO<\/b>\u00a0<br \/><a href=\"https:\/\/www.radioagricultura.cl\/noticias\/dato-practico\/cancer-cervico-uterino_20250329\/\">\u00bfC\u00f3mo prevenir el c\u00e1ncer c\u00e9rvico uterino? Se refiere Mar\u00eda Del Carmen Briones, acad\u00e9mica de la Escuela de Obstetricia.\u00a0<\/a><\/div><div class=\"x_elementToProof\">\u00a0<\/div><div class=\"x_elementToProof\"><b>G5 NOTICIA<\/b>\u00a0<br \/><a href=\"https:\/\/g5noticias.cl\/2025\/03\/29\/como-prevenir-el-cancer-cervico-uterino\/\">\u00bfC\u00f3mo prevenir el c\u00e1ncer c\u00e9rvico uterino? Se refiere Mar\u00eda Del Carmen Briones, acad\u00e9mica de la Escuela de Obstetricia.\u00a0<\/a><br \/><br \/><\/div><div class=\"x_elementToProof\"><b>DIARIO TALCA<\/b>\u00a0<br \/><a href=\"https:\/\/diariotalca.cl\/operacion-renta-2025-estudiantes-ofrecen-orientacion-a-contribuyentes\/\">Operaci\u00f3n Renta 2025: estudiantes ofrecen orientaci\u00f3n a contribuyentes. Se refiere Arcadio Cerda, decano Facultad de Econom\u00eda y Negocios. \u00a0<\/a><br \/><br \/><\/div><div class=\"x_elementToProof\"><b>LA NOTICIA<\/b>\u00a0<br \/><a href=\"https:\/\/lanoticia.cl\/utalcatv-estrena-contenidos-con-nueva-temporada-de-pasion-por-el-agro\/\">UTalcatv estrena contenidos con nueva temporada de pasi\u00f3n por el agro. Se refiere Ricardo Cabeza, decano Facultad de Ciencias Agrarias y Marcela Barros, directora de Comunicaciones Corporativas. \u00a0<\/a><br \/><br \/><\/div><div class=\"x_elementToProof\"><b>CHILL\u00c1N ONLINE<\/b>\u00a0<br \/><a href=\"https:\/\/www.chillanonline.cl\/V7\/2025\/03\/30\/utalcatv-estrena-contenidos-con-nueva-temporada-de-pasion-por-el-agro\/\">UTalcatv estrena contenidos con nueva temporada de pasi\u00f3n por el agro. Se refiere Ricardo Cabeza, decano Facultad de Ciencias Agrarias y Marcela Barros, directora de Comunicaciones Corporativas.\u00a0<\/a><br \/><br \/><\/div><div class=\"x_elementToProof\"><b>EL HERALDO<\/b>\u00a0<br \/><a href=\"https:\/\/www.litoralpress.cl\/paginaconsultas\/Servicios_NClipSitio\/Get_Imagen_Nota.aspx?LPKey=7AA72QAWDZCMG7BEMC2ABCKEADFJOVNO7B5DZJQ5HKBLKULO4EUDCL2QIKKN55XYVHL2Z5RP2OGKG\">\u00bfQu\u00e9 es la dopamina y cu\u00e1l es su relaci\u00f3n con las redes sociales? Se refiere Nadia Ramos Alvarado, directora del Centro de Psicolog\u00eda Aplicada.\u202f\u00a0<\/a><br \/><br \/><\/div><div class=\"x_elementToProof\"><b>EL LECTOR <\/b>\u00a0<br \/><a href=\"https:\/\/www.litoralpress.cl\/paginaconsultas\/Servicios_NClipSitio\/Get_Imagen_Nota.aspx?LPKey=6ER7B6IA7ZMJGFBXSDMD6UROPA54Q5QEX6LWHRRTP3GOFLKVDRHGWNC2Y55IWWWFRGATV2AMQOFJ4\">\u00bfQu\u00e9 es la dopamina y cu\u00e1l es su relaci\u00f3n con las redes sociales? Se refiere Nadia Ramos Alvarado, directora del Centro de Psicolog\u00eda Aplicada.\u202f<\/a>\u00a0<br \/><br \/><\/div><div class=\"x_elementToProof\"><b>DIARIO EL HERALDO<\/b>\u00a0<br \/><a href=\"https:\/\/www.diarioelheraldo.cl\/noticia\/que-es-la-dopamina-y-cual-es-su-relacion-con-las-redes-sociales\">\u00bfQu\u00e9 es la dopamina y cu\u00e1l es su relaci\u00f3n con las redes sociales? Se refiere Nadia Ramos Alvarado, directora del Centro de Psicolog\u00eda Aplicada.\u202f\u00a0<\/a><br \/><br \/><\/div><div class=\"x_elementToProof\"><b>RADIO CRISTALINA<\/b>\u00a0<br \/><a href=\"https:\/\/www.msn.com\/es-cl\/noticias\/other\/presidente-boric-nombra-a-cuatro-nuevos-subsecretarios-para-el-gobierno\/ar-AA1BO2z8\">\u00bfQu\u00e9 es la dopamina y cu\u00e1l es su relaci\u00f3n con las redes sociales? Se refiere Nadia Ramos Alvarado, directora del Centro de Psicolog\u00eda Aplicada.\u202f<\/a>\u00a0<br \/><u><a id=\"OWA4eb2e828-0038-9695-dd06-99a04b3489b5\" class=\"x_x_Hyperlink x_x_SCXW109528343 x_x_BCX0 x_x_OWAAutoLink\" title=\"https:\/\/www.msn.com\/es-cl\/noticias\/other\/presidente-boric-nombra-a-cuatro-nuevos-subsecretarios-para-el-gobierno\/ar-AA1BO2z8\" href=\"https:\/\/www.msn.com\/es-cl\/noticias\/other\/presidente-boric-nombra-a-cuatro-nuevos-subsecretarios-para-el-gobierno\/ar-AA1BO2z8\" target=\"_blank\" rel=\"noopener noreferrer\" data-auth=\"NotApplicable\" data-linkindex=\"18\"><\/a><\/u>\u00a0<\/div><div class=\"x_elementToProof\"><b>EL CONTENIDO<\/b>\u00a0<br \/><a href=\"https:\/\/elcontenido.news\/2025\/nacional\/el-presidente-boric-designa-a-luis-cordero-como-nuevo-ministro-de-seguridad-publica\/\">\u00bfQu\u00e9 es la dopamina y cu\u00e1l es su relaci\u00f3n con las redes sociales? Se refiere Nadia Ramos Alvarado, directora del Centro de Psicolog\u00eda Aplicada.\u202f\u00a0<\/a><br \/><br \/><\/div><div class=\"x_elementToProof\"><b>AD PRENSA<\/b>\u00a0<br \/><a href=\"https:\/\/www.adprensa.cl\/cronica\/que-es-la-dopamina-y-cual-es-su-relacion-con-las-redes-sociales\/\">\u00bfQu\u00e9 es la dopamina y cu\u00e1l es su relaci\u00f3n con las redes sociales? Se refiere Nadia Ramos Alvarado, directora del Centro de Psicolog\u00eda Aplicada.\u202f\u00a0<\/a><br \/><br \/><\/div><div class=\"x_elementToProof\"><b>S\u00c9PTIMA P\u00c1GINA NOTICIAS<\/b>\u00a0<br \/><a href=\"https:\/\/www.septimapaginanoticias.cl\/que-es-la-dopamina-y-cual-es-su-relacion-con-las-redes-sociales\">\u00bfQu\u00e9 es la dopamina y cu\u00e1l es su relaci\u00f3n con las redes sociales? Se refiere Nadia Ramos Alvarado, directora del Centro de Psicolog\u00eda Aplicada.\u202f\u00a0<\/a><br \/><br \/><\/div><div class=\"x_elementToProof\"><b>TV5<\/b>\u00a0<br \/><a href=\"https:\/\/www.tv5.cl\/categoria\/local\/impacto-dopamina-redes-sociales\">El impacto de la dopamina en las redes sociales Se refiere Nadia Ramos Alvarado, directora del Centro de Psicolog\u00eda Aplicada<\/a>.\u202f\u00a0<br \/><br \/><\/div><div class=\"x_elementToProof\"><b>RADIO ANCOA<\/b>\u00a0<br \/><a href=\"https:\/\/www.radioancoa.cl\/categoria\/regional\/impacto-dopamina-redes-sociales\">El impacto de la dopamina en las redes sociales Se refiere Nadia Ramos Alvarado, directora del Centro de Psicolog\u00eda Aplicada.\u202f\u00a0<\/a><br \/><br \/><\/div><div class=\"x_elementToProof\"><b>G5 NOTICIA<\/b>\u00a0<br \/><a href=\"https:\/\/g5noticias.cl\/2025\/03\/29\/que-es-la-dopamina-y-cual-es-su-relacion-con-las-redes-sociales\/\">\u00bfQu\u00e9 es la dopamina y cu\u00e1l es su relaci\u00f3n con las redes sociales? Se refiere Nadia Ramos Alvarado, directora del Centro de Psicolog\u00eda Aplicada.\u202f\u00a0<\/a><br \/><br \/><\/div><div class=\"x_elementToProof\"><b>EL RANCAGUINO<\/b>\u00a0<br \/><a href=\"https:\/\/www.elrancaguino.cl\/2025\/03\/29\/que-es-la-dopamina-y-cual-es-su-relacion-con-las-redes-sociales\/\">\u00bfQu\u00e9 es la dopamina y cu\u00e1l es su relaci\u00f3n con las redes sociales? Se refiere Nadia Ramos Alvarado, directora del Centro de Psicolog\u00eda Aplicada.\u202f\u00a0<\/a><br \/><br \/><\/div><div class=\"x_elementToProof\"><b>EL INFORMADOR<\/b>\u00a0<br \/><a href=\"https:\/\/www.elinformador.cl\/nacional\/censo-del-envejecimiento-expertos-analizan-principales-resultados-de-la-medicion\/\">Censo del Envejecimiento&#8221;: Expertos Analizan Impacto de los Resultados. Se refiere Carolina Riveros Ferrada, acad\u00e9mica de la Facultad de Ciencias Jur\u00eddicas y Sociales y Mario Herrera Mu\u00f1oz, acad\u00e9mico del Centro de An\u00e1lisis Pol\u00edtico (CAP-UTalca).\u00a0<\/a><br \/><br \/><\/div><div class=\"x_elementToProof\"><b>MEDIABANCO<\/b>\u00a0<br \/><a href=\"https:\/\/www.mediabanco.com\/censo-del-envejecimiento-expertos-analizan-principales-resultados-de-la-medicion\/\">Censo del Envejecimiento&#8221;: Expertos Analizan Impacto de los Resultados. Se refiere Carolina Riveros Ferrada, acad\u00e9mica de la Facultad de Ciencias Jur\u00eddicas y Sociales y Mario Herrera Mu\u00f1oz, acad\u00e9mico del Centro de An\u00e1lisis Pol\u00edtico (CAP-UTalca).\u00a0<\/a><br \/><br \/><\/div><div class=\"x_elementToProof\"><b>VIVIMOS LA NOTICIA<\/b>\u00a0<br \/><a href=\"https:\/\/www.vlnradio.cl\/noticias\/nacional\/2025\/03\/28\/censo-del-envejecimiento-expertos-analizan-impacto-de-los-resultados\/\">Censo del Envejecimiento&#8221;: Expertos Analizan Impacto de los Resultados. Se refiere Carolina Riveros Ferrada, acad\u00e9mica de la Facultad de Ciencias Jur\u00eddicas y Sociales y Mario Herrera Mu\u00f1oz, acad\u00e9mico del Centro de An\u00e1lisis Pol\u00edtico (CAP-UTalca).\u00a0<\/a><br \/><br \/><\/div><div class=\"x_elementToProof\"><b>RADIO ANCOA<\/b>\u00a0<br \/><a href=\"https:\/\/www.radioancoa.cl\/categoria\/regional\/expertos-analizan-resultados-censo-envejecimiento\">Expertos analizan resultados del Censo del envejecimiento. Se refiere Carolina Riveros Ferrada, acad\u00e9mica de la Facultad de Ciencias Jur\u00eddicas y Sociales y Mario Herrera Mu\u00f1oz, acad\u00e9mico del Centro de An\u00e1lisis Pol\u00edtico (CAP-UTalca).\u00a0<\/a><br \/><br \/><\/div><div class=\"x_elementToProof\"><b>TV5<\/b>\u00a0<br \/><a href=\"https:\/\/www.tv5.cl\/categoria\/local\/expertos-analizan-resultados-censo-envejecimiento\">Expertos analizan resultados del Censo del envejecimiento. Se refiere Carolina Riveros Ferrada, acad\u00e9mica de la Facultad de Ciencias Jur\u00eddicas y Sociales y Mario Herrera Mu\u00f1oz, acad\u00e9mico del Centro de An\u00e1lisis Pol\u00edtico (CAP-UTalca).\u00a0<\/a><br \/><br \/><\/div><div class=\"x_elementToProof\"><b>S\u00c9PTIMA P\u00c1GINA NOTICIAS<\/b>\u00a0<br \/><a href=\"https:\/\/www.septimapaginanoticias.cl\/censo-del-envejecimiento-expertos-analizan-principales-resultados-de-la-medicion\">\u00abCenso del envejecimiento\u00bb: Expertos analizan principales resultados de la medici\u00f3n. Se refiere Carolina Riveros Ferrada, acad\u00e9mica de la Facultad de Ciencias Jur\u00eddicas y Sociales y Mario Herrera Mu\u00f1oz, acad\u00e9mico del Centro de An\u00e1lisis Pol\u00edtico (CAP-UTalca).\u00a0<\/a><br \/><br \/><\/div><div class=\"x_elementToProof\"><b>EL LECTOR<\/b>\u00a0<br \/><a href=\"https:\/\/www.litoralpress.cl\/sitio\/Prensa_Cortes.cshtml?LPKey=YADAOUHQPBONPTPGIDVHBLVSPGPHLHRBELYIOPKRHMV4KJTV4VEA\">\u00abCenso del envejecimiento\u00bb: Expertos analizan principales resultados de la medici\u00f3n. Se refiere Carolina Riveros Ferrada, acad\u00e9mica de la Facultad de Ciencias Jur\u00eddicas y Sociales y Mario Herrera Mu\u00f1oz, acad\u00e9mico del Centro de An\u00e1lisis Pol\u00edtico (CAP-UTalca).\u00a0<\/a><br \/><br \/><\/div><div class=\"x_elementToProof\"><b>CAUQUENES.NET<\/b>\u00a0<br \/><a href=\"https:\/\/cauquenesnet.cl\/2025\/03\/28\/censo-del-envejecimiento-expertos-analizan-principales-resultados-de-la-medicion\/\">\u00abCenso del envejecimiento\u00bb: Expertos analizan principales resultados de la medici\u00f3n. Se refiere Carolina Riveros Ferrada, acad\u00e9mica de la Facultad de Ciencias Jur\u00eddicas y Sociales y Mario Herrera Mu\u00f1oz, acad\u00e9mico del Centro de An\u00e1lisis Pol\u00edtico (CAP-UTalca).\u00a0<\/a><br \/><br \/><\/div><div class=\"x_elementToProof\"><b>LINARES EN L\u00cdNEA<\/b>\u00a0<br \/><a href=\"https:\/\/www.linaresenlinea.cl\/2025\/03\/29\/censo-del-envejecimiento-expertos-analizan-principales-resultados-de-la-medicion\/\">\u00abCenso del envejecimiento\u00bb: Expertos analizan principales resultados de la medici\u00f3n. Se refiere Carolina Riveros Ferrada, acad\u00e9mica de la Facultad de Ciencias Jur\u00eddicas y Sociales y Mario Herrera Mu\u00f1oz, acad\u00e9mico del Centro de An\u00e1lisis Pol\u00edtico (CAP-UTalca).\u00a0<\/a><br \/><br \/><\/div><div class=\"x_elementToProof\"><b>DIARIO TALCA<\/b>\u00a0<br \/><a href=\"https:\/\/diariotalca.cl\/censo-del-envejecimiento-expertos-analizan-principales-resultados-preliminares\/\">\u00abCenso del envejecimiento\u00bb: expertos analizan principales resultados preliminares. Se refiere Carolina Riveros Ferrada, acad\u00e9mica de la Facultad de Ciencias Jur\u00eddicas y Sociales y Mario Herrera Mu\u00f1oz, acad\u00e9mico del Centro de An\u00e1lisis Pol\u00edtico (CAP-UTalca).\u00a0<\/a><br \/><br \/><\/div><div class=\"x_elementToProof\"><b>DIARIO EL CENTRO<\/b>\u00a0<br \/><a href=\"https:\/\/www.diarioelcentro.cl\/2025\/03\/29\/envejecimiento-de-la-poblacion-chilena-expertos-analizan-los-resultados-del-censo-2024\/\">Envejecimiento de la poblaci\u00f3n chilena: expertos analizan los resultados del Censo 2024. Se refiere Carolina Riveros Ferrada, acad\u00e9mica de la Facultad de Ciencias Jur\u00eddicas y Sociales y Mario Herrera Mu\u00f1oz, acad\u00e9mico del Centro de An\u00e1lisis Pol\u00edtico (CAP-UTalca).\u00a0<\/a><\/div><div class=\"x_elementToProof\" aria-hidden=\"true\">\u00a0<\/div><div class=\"x_elementToProof\"><b>RADIO LAUTARO<\/b>\u00a0<br \/><a href=\"https:\/\/radiolautarotalca.cl\/vuelven-las-mascarillas-epidemiologa-alerta-sobre-el-aumento-de-virus-respiratorios\/\">\u00bfVuelven las mascarillas? Epidemi\u00f3loga alerta sobre el aumento de virus respiratorios. Se refiere \u00c9rika Retamal Contreras, directora del Departamento de Salud P\u00fablica.\u00a0<\/a><br \/><br \/><\/div><div class=\"x_elementToProof\"><b>DIARIO LA PRENSA<\/b>\u00a0<br \/><a href=\"https:\/\/new.diariolaprensa.cl\/index.php\/2025\/03\/29\/alerta-sanitaria-y-aumento-de-virus-respiratorios-podria-traer-de-vuelta-el-uso-de-mascarillas-en-el-maule\/\">Alerta sanitaria y aumento de virus respiratorios podr\u00eda traer de vuelta el uso de mascarillas en el Maule. Se refiere \u00c9rika Retamal Contreras, directora del Departamento de Salud P\u00fablica.\u00a0<\/a><br \/>\u00a0<\/div><div class=\"x_elementToProof\"><b>DIARIO LA PRENSA<\/b>\u00a0<br \/><a href=\"https:\/\/new.diariolaprensa.cl\/index.php\/2025\/03\/29\/hoy-podrian-llegar-las-primeras-lluvias-moderadas-de-otono-a-la-region-del-maule\/\">Hoy podr\u00edan llegar las primeras lluvias moderadas de oto\u00f1o a la Regi\u00f3n del Maule. Se refiere Patricio Gonz\u00e1lez Colville, acad\u00e9mico del Centro de Investigaci\u00f3n y Transferencia en Riego y Agroclimatolog\u00eda (CITRA).\u202f\u202f\u202f\u00a0<\/a><br \/><br \/><\/div><div class=\"x_elementToProof\"><b>VIVIMOS LA NOTICIA<\/b>\u00a0<br \/><a href=\"https:\/\/www.vlnradio.cl\/noticias\/nacional\/region-del-maule\/2025\/03\/28\/el-maule-se-prepara-para-lluvias-intensas-pronosticos-anuncian-sistema-frontal-en-el-valle-central\/\">El Maule se prepara para lluvias intensas: Pron\u00f3sticos anuncian sistema frontal en el valle central. Se refiere Patricio Gonz\u00e1lez Colville, acad\u00e9mico del Centro de Investigaci\u00f3n y Transferencia en Riego y Agroclimatolog\u00eda (CITRA).\u202f\u202f\u202f\u00a0<\/a><br \/><br \/><\/div><div class=\"x_elementToProof\"><b>EL MAULE HOY<\/b>\u00a0<br \/><a href=\"https:\/\/www.litoralpress.cl\/paginaconsultas\/Servicios_NClipSitio\/Get_Imagen_Nota.aspx?LPKey=FGS4ZRGIZRCUP23F25MXTAEEQCB3YXZQIQUXAYGWLEJ4DXZB3ESQ3ARKDPQKS2ZRCS2W33FQ2R6BK\">Centro Tecnol\u00f3gico Kipus de la UTalca en alianza con Universidad de Nottingham. Se refiere Mar\u00eda Luisa del Campo, directora del Centro de Tecnol\u00f3gico Kipus.\u00a0<\/a><br \/><br \/><\/div><div class=\"x_elementToProof\"><b>RADIO GUAYAC\u00c1N<\/b>\u00a0<br \/><a href=\"https:\/\/www.litoralpress.cl\/sitio\/RadioTV_Detalles.cshtml?LPKey=PMS2ABEWPHEQC6QHNLVV4W6UXLIFBTIM6NCJEMESA4KI2BG76UIFCJPSE3LD7AIZQL7I7K2YJTU5M\">Entrevista a Gloria Mancilla, acad\u00e9mica de la Facultad de Ciencias Jur\u00eddicas y Sociales.\u00a0<\/a><\/div><div class=\"x_elementToProof\">\u00a0<\/div><div class=\"x_elementToProof\"><b>TRADE NEWS<\/b>\u00a0<br \/><a href=\"https:\/\/trade-news.cl\/corma-refuerza-su-compromiso-con-la-igualdad-salarial-en-su-encuentro-anual-mas-mujer\/\">Corma refuerza su compromiso con la igualdad salarial en su encuentro anual M\u00e1s Mujer. Se refiere Andrea Bentancor, acad\u00e9mica de la Facultad de Econom\u00eda y Negocios\u00a0 \u00a0<\/a><br \/><br \/><\/div><div class=\"x_elementToProof\"><b>RADIO LAUTARO<\/b>\u00a0<br \/><a href=\"https:\/\/radiolautarotalca.cl\/utalca-y-mustakis-abren-convocatoria-para-talleres-gratuitos-de-robotica-y-creacion-de-videojuegos\/\">UTalca y Mustakis abren convocatoria para talleres gratuitos de rob\u00f3tica y creaci\u00f3n de videojuegos. Se refiere Karin Saavedra, directora general de Vinculaci\u00f3n con el Medio\u202fy Matthew Bardeen, acad\u00e9mico de la Facultad de Ingenier\u00eda.\u00a0<\/a><br \/><br \/><\/div><div class=\"x_elementToProof\"><b>EL MERCURIO<\/b>\u00a0<br \/><a href=\"https:\/\/www.litoralpress.cl\/paginaconsultas\/Servicios_NClipSitio\/Get_Imagen_Nota.aspx?LPKey=2YZ3TNOTQFXSPHMUHNV3KBXCMZIFB7EY57LTLECZI4U27X3RQMCXSF2T4HPVJXVRN45XBTX2DUE7E\">Dos cantantes al Paris Opera Competition. Se menciona la Universidad de Talca.\u00a0<\/a><br \/><br \/><\/div><div class=\"x_elementToProof\"><b>DIARIO USACH<\/b>\u00a0<br \/><a href=\"https:\/\/www.diariousach.cl\/luis-cordero-fue-nombrado-como-primer-ministro-de-seguridad-publica\">Luis Cordero fue nombrado como primer ministro de Seguridad P\u00fablica. Se menciona la Universidad de Talca.\u00a0<\/a><br \/><br \/><\/div><div class=\"x_elementToProof\"><b>UNIVERSIDAD DE CHILE<\/b>\u00a0<br \/><a href=\"https:\/\/uchile.cl\/noticias\/226618\/mop-firma-convenio-con-8-universidades-estatales\">MOP firma convenio con ocho universidades estatales para mejorar acceso al agua potable. Se menciona la Universidad de Talca.\u00a0<\/a><br \/><br \/><\/div><div class=\"x_elementToProof\"><b>RADIO LAUTARO<\/b>\u00a0<br \/><a href=\"https:\/\/radiolautarotalca.cl\/presidente-gabriel-boric-designa-a-cuatro-nuevos-subsecretarios\/\">Presidente Gabriel Boric designa a cuatro nuevos subsecretarios. Se menciona la Universidad de Talca.\u00a0<\/a><br \/><br \/><\/div><div class=\"x_elementToProof\"><b>CANAL 2 LINARES<\/b>\u00a0<br \/><a href=\"https:\/\/www.canal2linares.cl\/2025\/03\/directora-nacional-de-junaeb-firma.html\">Directora nacional de Junaeb firma acuerdo de colaboraci\u00f3n con U. de Talca para fortalecer atenciones m\u00e9dicas. Se menciona la Universidad de Talca.\u00a0<\/a><br \/><br \/><\/div><div class=\"x_elementToProof\"><b>EL LECTOR <\/b>\u00a0<br \/><a href=\"https:\/\/www.litoralpress.cl\/paginaconsultas\/Servicios_NClipSitio\/Get_Imagen_Nota.aspx?LPKey=TDBCG2VFOFYGRK7NJR4Z7CGU3U57EPIWMTTQFIXCM2E4PBFFTB3QIK5EHXSB2TST5GS2H7EHJQTE6\">Portada. Se menciona la Universidad de Talca.\u00a0<\/a><br \/><br \/><\/div><div class=\"x_elementToProof\"><b>EL LECTOR<\/b>\u00a0<br \/><a href=\"https:\/\/www.litoralpress.cl\/paginaconsultas\/Servicios_NClipSitio\/Get_Imagen_Nota.aspx?LPKey=ZSFIPLPMRYCQL6B6JS43T2OZRP6VNMM5324VHTYNEUCAQHTEOJVVNY3RAJN2A5X76U3OS3D4VJJFQ\">Directora nacional de Junaeb firma acuerdo de colaboraci\u00f3n con U. de Talca para fortalecer atenciones m\u00e9dicas. Se menciona la Universidad de Talca.\u00a0<\/a><br \/><br \/><\/div><div class=\"x_elementToProof\"><b>OVEJERO NOTICIAS<\/b>\u00a0<br \/><a href=\"https:\/\/www.ovejeronoticias.cl\/2025\/03\/presidente-designa-al-dr-bernardo-martorell-como-subsecretario-de-redes-asistenciales\/\">Presidente designa al Dr. Bernardo Martorell como Subsecretario de Redes Asistenciales. Se menciona la Universidad de Talca.\u00a0<\/a><br \/><br \/><\/div><div class=\"x_elementToProof\"><b>MSN CHILE<\/b>\u00a0<br \/><a href=\"https:\/\/www.msn.com\/es-cl\/noticias\/other\/presidente-boric-nombra-a-cuatro-nuevos-subsecretarios-para-el-gobierno\/ar-AA1BO2z8\">El presidente Boric designa a Luis Cordero como nuevo ministro de Seguridad P\u00fablica. Se menciona la Universidad de Talca.\u00a0<\/a><br \/><br \/><\/div>\t\t\t\t\t\t<\/div>\n\t\t\t\t<\/div>\n\t\t\t\t\t<\/div>\n\t\t<\/div>\n\t\t\t\t\t\t\t<\/div>\n\t\t<\/section>\n\t\t\t\t\t\t<\/div>\n\t\t\t\t\t<\/div>\n\t\t","protected":false},"excerpt":{"rendered":"<p>COOPERATIVA CIENCIA\u00a0El innovador proyecto que llev\u00f3 a dos alumnas hasta el observatorio Las Campanas. Se refiere Caddy Cort\u00e9s, acad\u00e9mica de la Facultad de Ingenier\u00eda.\u202f\u00a0\u00a0RADIO AGRICULTURA\u00a0\u00bfC\u00f3mo prevenir el c\u00e1ncer c\u00e9rvico uterino? Se refiere Mar\u00eda Del Carmen Briones, acad\u00e9mica de la Escuela de Obstetricia.\u00a0\u00a0EMOL\u00a0Delito de pirater\u00eda mar\u00edtima y perder permiso para navegar: Lo que arriesgan pescadores por &hellip;<\/p>\n<p class=\"read-more\"> <a class=\"\" href=\"https:\/\/www.reportedeprensa.utalca.cl\/?p=11599\"> <span class=\"screen-reader-text\">31 de marzo 2025<\/span> Read More &raquo;<\/a><\/p>\n","protected":false},"author":1,"featured_media":0,"comment_status":"closed","ping_status":"open","sticky":false,"template":"","format":"standard","meta":{"_monsterinsights_skip_tracking":false,"_monsterinsights_sitenote_active":false,"_monsterinsights_sitenote_note":"","_monsterinsights_sitenote_category":0},"categories":[57],"tags":[],"_links":{"self":[{"href":"https:\/\/www.reportedeprensa.utalca.cl\/index.php?rest_route=\/wp\/v2\/posts\/11599"}],"collection":[{"href":"https:\/\/www.reportedeprensa.utalca.cl\/index.php?rest_route=\/wp\/v2\/posts"}],"about":[{"href":"https:\/\/www.reportedeprensa.utalca.cl\/index.php?rest_route=\/wp\/v2\/types\/post"}],"author":[{"embeddable":true,"href":"https:\/\/www.reportedeprensa.utalca.cl\/index.php?rest_route=\/wp\/v2\/users\/1"}],"replies":[{"embeddable":true,"href":"https:\/\/www.reportedeprensa.utalca.cl\/index.php?rest_route=%2Fwp%2Fv2%2Fcomments&post=11599"}],"version-history":[{"count":4,"href":"https:\/\/www.reportedeprensa.utalca.cl\/index.php?rest_route=\/wp\/v2\/posts\/11599\/revisions"}],"predecessor-version":[{"id":11603,"href":"https:\/\/www.reportedeprensa.utalca.cl\/index.php?rest_route=\/wp\/v2\/posts\/11599\/revisions\/11603"}],"wp:attachment":[{"href":"https:\/\/www.reportedeprensa.utalca.cl\/index.php?rest_route=%2Fwp%2Fv2%2Fmedia&parent=11599"}],"wp:term":[{"taxonomy":"category","embeddable":true,"href":"https:\/\/www.reportedeprensa.utalca.cl\/index.php?rest_route=%2Fwp%2Fv2%2Fcategories&post=11599"},{"taxonomy":"post_tag","embeddable":true,"href":"https:\/\/www.reportedeprensa.utalca.cl\/index.php?rest_route=%2Fwp%2Fv2%2Ftags&post=11599"}],"curies":[{"name":"wp","href":"https:\/\/api.w.org\/{rel}","templated":true}]}}