{"id":11616,"date":"2025-04-03T10:25:26","date_gmt":"2025-04-03T13:25:26","guid":{"rendered":"https:\/\/www.reportedeprensa.utalca.cl\/?p=11616"},"modified":"2025-04-03T10:29:34","modified_gmt":"2025-04-03T13:29:34","slug":"02-de-abril-2025","status":"publish","type":"post","link":"https:\/\/www.reportedeprensa.utalca.cl\/?p=11616","title":{"rendered":"02 de abril 2025"},"content":{"rendered":"\t\t<div data-elementor-type=\"wp-post\" data-elementor-id=\"11616\" class=\"elementor elementor-11616\" data-elementor-settings=\"[]\">\n\t\t\t\t\t\t\t<div class=\"elementor-section-wrap\">\n\t\t\t\t\t\t\t<section class=\"elementor-section elementor-top-section elementor-element elementor-element-bcea1a8 elementor-section-boxed elementor-section-height-default elementor-section-height-default\" data-id=\"bcea1a8\" data-element_type=\"section\">\n\t\t\t\t\t\t<div class=\"elementor-container elementor-column-gap-default\">\n\t\t\t\t\t<div class=\"elementor-column elementor-col-100 elementor-top-column elementor-element elementor-element-e7183bf\" data-id=\"e7183bf\" data-element_type=\"column\">\n\t\t\t<div class=\"elementor-widget-wrap elementor-element-populated\">\n\t\t\t\t\t\t\t\t<div class=\"elementor-element elementor-element-dd22dde elementor-widget elementor-widget-text-editor\" data-id=\"dd22dde\" data-element_type=\"widget\" data-widget_type=\"text-editor.default\">\n\t\t\t\t<div class=\"elementor-widget-container\">\n\t\t\t\t\t\t\t\t<div><b data-olk-copy-source=\"MessageBody\">EL MERCURIO<\/b>\u00a0<br \/><a href=\"https:\/\/www.litoralpress.cl\/sitio\/Prensa_Detalles.cshtml?LPKey=E3BI7EZSQWS2IOROYQQWIEVTSUUWJXDVUDEHTUE2IXC62LYDRLTQ\">Conocimiento y nuevas tecnolog\u00edas potencian productividad del avellano europeo. Se refiere \u00c1lvaro Sep\u00falveda, investigador del Centro de Pom\u00e1ceas.\u202f\u00a0<\/a><br \/><br \/><\/div><div><b>EL MERCURIO CAMPO<\/b>\u00a0<br \/><a href=\"https:\/\/www.elmercurio.com\/Campo\/Noticias\/Noticias\/2025\/03\/31\/conocimiento-nuevas-tecnologias-avellano-europeo.aspx\">Conocimiento y nuevas tecnolog\u00edas potencian productividad del avellano europeo. Se refiere \u00c1lvaro Sep\u00falveda, investigador del Centro de Pom\u00e1ceas.\u202f\u00a0<\/a><br \/><br \/><\/div><div><b>MEDIABANCO<\/b>\u00a0<br \/><a href=\"https:\/\/www.mediabanco.com\/tuberculosis-principal-causa-de-muerte-en-el-mundo-por-enfermedades-infecciosas\/\">Tuberculosis: principal causa de muerte en el mundo por enfermedades infecciosas. Se refiere Mar\u00eda Victoria Ram\u00edrez, acad\u00e9mica de la Escuela de Enfermer\u00eda.\u00a0<\/a><br \/><br \/><\/div><div><b>DIARIO EL HERALDO<\/b>\u00a0<br \/><a href=\"https:\/\/www.diarioelheraldo.cl\/noticia\/tuberculosis-principal-causa-de-muerte-en-el-mundo-por-enfermedades-infecciosas\">Tuberculosis: principal causa de muerte en el mundo por enfermedades infecciosas. Se refiere Mar\u00eda Victoria Ram\u00edrez, acad\u00e9mica de la Escuela de Enfermer\u00eda.\u00a0<\/a><br \/><br \/><\/div><div><b>TIERRA AMARILLANO<\/b>\u00a0<br \/><a href=\"https:\/\/tierramarillano.cl\/2025\/03\/31\/tuberculosis-principal-causa-de-muerte-en-el-mundo-por-enfermedades-infecciosas\/\">Tuberculosis: principal causa de muerte en el mundo por enfermedades infecciosas. Se refiere Mar\u00eda Victoria Ram\u00edrez, acad\u00e9mica de la Escuela de Enfermer\u00eda.\u00a0<\/a><br \/>\u00a0<br \/><b>RADIO CRISTALINA<\/b> \u00a0<br \/><a href=\"https:\/\/radiocristalina.cl\/como-prevenir-el-cancer-cervico-uterino-es-el-cuarto-tipo-mas-frecuente-en-mujeres-de-todo-el-mundo\/\">\u00bfC\u00f3mo prevenir el c\u00e1ncer c\u00e9rvico uterino? Es el cuarto tipo m\u00e1s frecuente en mujeres de todo el mundo. Se refiere Mar\u00eda Del Carmen Briones, acad\u00e9mica de la Escuela de Obstetricia.\u00a0<\/a><br \/><br \/><\/div><div><b>CANAL 2 LINARES<\/b>\u00a0<br \/><a href=\"https:\/\/www.canal2linares.cl\/2025\/03\/como-prevenir-el-cancer-cervico-uterino.html\">\u00bfC\u00f3mo prevenir el c\u00e1ncer c\u00e9rvico uterino? Se refiere Mar\u00eda Del Carmen Briones, acad\u00e9mica de la Escuela de Obstetricia.\u202f\u00a0<\/a><br \/><br \/><\/div><div><b>PUBLIMICRO<\/b>\u00a0<br \/><a href=\"https:\/\/publimicro.cl\/utalcatv-estrena-flamantes-contenidos-donde-destaca-una-nueva-temporada-de-pasion-por-el-agro\/\">UTalcaTV estrena flamantes contenidos, donde destaca una nueva temporada de \u201cPasi\u00f3n por el Agro\u201d. Se refiere Ricardo Cabeza P\u00e9rez, decano de la Facultad de Ciencias Agrarias.\u00a0<\/a><br \/><br \/><\/div><div><b>PORTAL AGRO CHILE<\/b>\u00a0<br \/><a href=\"https:\/\/www.portalagrochile.cl\/2025\/03\/31\/utalcatv-estrena-contenidos-con-nueva-temporada-de-pasion-por-el-agro\/\">UTalcaTV estrena contenidos con nueva temporada de Pasi\u00f3n por el Agro. Se refiere, Marcela Barros Morales, directora de Comunicaciones Corporativas y Ricardo Cabeza P\u00e9rez, decano de la Facultad de Ciencias Agrarias.\u00a0<\/a><br \/><br \/><\/div><div><b>EL DIARIO INMOBILIARIO <\/b>\u00a0<br \/><a href=\"https:\/\/eldiarioinmobiliario.cl\/noticias\/impacto-del-censo-2024-en-el-mercado-inmobiliario-envejecimiento-y-nuevos-patrones-de-migracion\/\">Impacto del Censo 2024 en el mercado inmobiliario: Envejecimiento y nuevos patrones de migraci\u00f3n. Se refiere Carolina Riveros Ferrada, acad\u00e9mica de la Facultad de Ciencias Jur\u00eddicas y Sociales y Mario Herrera Mu\u00f1oz, acad\u00e9mico del Centro de An\u00e1lisis Pol\u00edtico (CAP-UTalca).\u202f\u00a0<\/a><br \/><br \/><\/div><div><b>RADIO CRISTALINA<\/b>\u00a0<br \/><a href=\"https:\/\/radiocristalina.cl\/censo-del-envejecimiento-de-la-poblacion-expertos-analizan-principales-resultados-de-la-medicion\/\">\u201cCenso del envejecimiento de la poblaci\u00f3n\u201d. Expertos analizan principales resultados de la medici\u00f3n. Se refiere Carolina Riveros Ferrada, acad\u00e9mica de la Facultad de Ciencias Jur\u00eddicas y Sociales y Mario Herrera Mu\u00f1oz, acad\u00e9mico del Centro de An\u00e1lisis Pol\u00edtico (CAP-UTalca).\u202f\u00a0<\/a><br \/><br \/><\/div><div><b>DIARIO TALCA<\/b>\u00a0<br \/><a href=\"https:\/\/www.litoralpress.cl\/paginaconsultas\/Servicios_NClipSitio\/Get_Imagen_Nota.aspx?LPKey=4TBIJ67UFYAUIHY3UF47PUTQY6TIBQDBZQSGYCBAO5S4S5ZK4CWYXXAVM3QEOCJZKAJ56ATEHL7IA\">Se agota el tiempo para prepararse para el invierno. Se refiere Patricio Gonz\u00e1lez Colville, acad\u00e9mico del Centro de Investigaci\u00f3n y Transferencia en Riego y Agroclimatolog\u00eda (CITRA).\u202f\u00a0<\/a><br \/><br \/><\/div><div><b>RADIO CRISTALINA<\/b>\u00a0<br \/><a href=\"https:\/\/radiolautarotalca.cl\/crearan-juegos-de-mesa-para-promover-la-conservacion-de-petroglifos-del-maule\/\">Crear\u00e1n juegos de mesa para promover la conservaci\u00f3n de petroglifos del Maule. Se refiere Felipe Besoa\u00edn Pino, director laboratorio de nuevos medios digitales MauleTec de la Facultad de Ingenier\u00eda.\u202f\u00a0<\/a><br \/><br \/><\/div><div><b>BIO NOTICIAS<\/b>\u00a0<br \/><a href=\"https:\/\/bionoticias.cl\/corma-refuerza-su-compromiso-con-la-igualdad-salarial-en-su-encuentro-anual-mas-mujer\/\">Corma refuerza su compromiso con la igualdad salarial en su encuentro anual M\u00e1s Mujer. Se refiere Andrea Bentancor Cazenave, acad\u00e9mica de la Facultad de Econom\u00eda y Negocios.\u00a0<\/a><\/div><div>\u00a0<br \/>\u00a0<b>MSN CHILE<\/b>\u00a0<br \/><a href=\"https:\/\/www.msn.com\/es-cl\/noticias\/other\/gobierno-de-santiago-y-fiscales-rm-destacan-avances-en-programas-de-apoyo-a-v%C3%ADctimas-de-delitos\/ar-AA1C16rD\">Gobierno de Santiago y fiscales RM destacan avances en programas de apoyo a v\u00edctimas de delitos. Se menciona la Universidad de Talca.\u00a0<\/a><br \/><br \/><\/div><div><b>PORTAL AGRO CHILE<\/b>\u00a0<br \/><a href=\"https:\/\/www.portalagrochile.cl\/2025\/03\/31\/programa-de-especializacion-en-marketing-management-comercializacion-y-agronegocios-4-0\/\">Programa de Especializaci\u00f3n en Marketing Management, Comercializaci\u00f3n y Agronegocios 4.0. Se menciona la Universidad de Talca.\u00a0<\/a><br \/><br \/><\/div><div><b>RADIO BIO B\u00cdO<\/b>\u00a0<br \/><a href=\"https:\/\/www.biobiochile.cl\/noticias\/nacional\/region-metropolitana\/2025\/03\/31\/gobierno-de-santiago-y-fiscales-rm-destacan-avances-en-programas-de-apoyo-a-victimas-de-delitos.shtml\">Gobierno de Santiago y fiscales RM destacan avances en programas de apoyo a v\u00edctimas de delitos. Se menciona la Universidad de Talca.\u00a0<\/a><br \/><br \/><\/div><div><b>EL RANCAG\u00dcINO<\/b>\u00a0<br \/><a href=\"https:\/\/www.elrancaguino.cl\/2025\/03\/31\/tercer-festival-internacional-wine-poetry-valle-de-colchagua-2025-volvera-a-juntar-el-vino-y-el-patrimonio-poetico-de-chile\/\">Tercer Festival Internacional \u201cWine &amp; Poetry &#8211; Valle de Colchagua 2025\u201d\u009d volver\u00e1 a juntar el vino y el patrimonio po\u00e9tico de Chile. Se menciona la Universidad de Talca.\u00a0<\/a><br \/><br \/><\/div>\t\t\t\t\t\t<\/div>\n\t\t\t\t<\/div>\n\t\t\t\t\t<\/div>\n\t\t<\/div>\n\t\t\t\t\t\t\t<\/div>\n\t\t<\/section>\n\t\t\t\t\t\t<\/div>\n\t\t\t\t\t<\/div>\n\t\t","protected":false},"excerpt":{"rendered":"<p>EL MERCURIO\u00a0Conocimiento y nuevas tecnolog\u00edas potencian productividad del avellano europeo. Se refiere \u00c1lvaro Sep\u00falveda, investigador del Centro de Pom\u00e1ceas.\u202f\u00a0 EL MERCURIO CAMPO\u00a0Conocimiento y nuevas tecnolog\u00edas potencian productividad del avellano europeo. Se refiere \u00c1lvaro Sep\u00falveda, investigador del Centro de Pom\u00e1ceas.\u202f\u00a0 MEDIABANCO\u00a0Tuberculosis: principal causa de muerte en el mundo por enfermedades infecciosas. Se refiere Mar\u00eda Victoria Ram\u00edrez, &hellip;<\/p>\n<p class=\"read-more\"> <a class=\"\" href=\"https:\/\/www.reportedeprensa.utalca.cl\/?p=11616\"> <span class=\"screen-reader-text\">02 de abril 2025<\/span> Read More &raquo;<\/a><\/p>\n","protected":false},"author":1,"featured_media":0,"comment_status":"closed","ping_status":"open","sticky":false,"template":"","format":"standard","meta":{"_monsterinsights_skip_tracking":false,"_monsterinsights_sitenote_active":false,"_monsterinsights_sitenote_note":"","_monsterinsights_sitenote_category":0},"categories":[58],"tags":[],"_links":{"self":[{"href":"https:\/\/www.reportedeprensa.utalca.cl\/index.php?rest_route=\/wp\/v2\/posts\/11616"}],"collection":[{"href":"https:\/\/www.reportedeprensa.utalca.cl\/index.php?rest_route=\/wp\/v2\/posts"}],"about":[{"href":"https:\/\/www.reportedeprensa.utalca.cl\/index.php?rest_route=\/wp\/v2\/types\/post"}],"author":[{"embeddable":true,"href":"https:\/\/www.reportedeprensa.utalca.cl\/index.php?rest_route=\/wp\/v2\/users\/1"}],"replies":[{"embeddable":true,"href":"https:\/\/www.reportedeprensa.utalca.cl\/index.php?rest_route=%2Fwp%2Fv2%2Fcomments&post=11616"}],"version-history":[{"count":4,"href":"https:\/\/www.reportedeprensa.utalca.cl\/index.php?rest_route=\/wp\/v2\/posts\/11616\/revisions"}],"predecessor-version":[{"id":11620,"href":"https:\/\/www.reportedeprensa.utalca.cl\/index.php?rest_route=\/wp\/v2\/posts\/11616\/revisions\/11620"}],"wp:attachment":[{"href":"https:\/\/www.reportedeprensa.utalca.cl\/index.php?rest_route=%2Fwp%2Fv2%2Fmedia&parent=11616"}],"wp:term":[{"taxonomy":"category","embeddable":true,"href":"https:\/\/www.reportedeprensa.utalca.cl\/index.php?rest_route=%2Fwp%2Fv2%2Fcategories&post=11616"},{"taxonomy":"post_tag","embeddable":true,"href":"https:\/\/www.reportedeprensa.utalca.cl\/index.php?rest_route=%2Fwp%2Fv2%2Ftags&post=11616"}],"curies":[{"name":"wp","href":"https:\/\/api.w.org\/{rel}","templated":true}]}}