{"id":11624,"date":"2025-04-03T10:31:34","date_gmt":"2025-04-03T13:31:34","guid":{"rendered":"https:\/\/www.reportedeprensa.utalca.cl\/?p=11624"},"modified":"2025-04-04T09:09:39","modified_gmt":"2025-04-04T12:09:39","slug":"03-de-abril-2025","status":"publish","type":"post","link":"https:\/\/www.reportedeprensa.utalca.cl\/?p=11624","title":{"rendered":"03 de abril 2025"},"content":{"rendered":"\t\t<div data-elementor-type=\"wp-post\" data-elementor-id=\"11624\" class=\"elementor elementor-11624\" data-elementor-settings=\"[]\">\n\t\t\t\t\t\t\t<div class=\"elementor-section-wrap\">\n\t\t\t\t\t\t\t<section class=\"elementor-section elementor-top-section elementor-element elementor-element-bcea1a8 elementor-section-boxed elementor-section-height-default elementor-section-height-default\" data-id=\"bcea1a8\" data-element_type=\"section\">\n\t\t\t\t\t\t<div class=\"elementor-container elementor-column-gap-default\">\n\t\t\t\t\t<div class=\"elementor-column elementor-col-100 elementor-top-column elementor-element elementor-element-e7183bf\" data-id=\"e7183bf\" data-element_type=\"column\">\n\t\t\t<div class=\"elementor-widget-wrap elementor-element-populated\">\n\t\t\t\t\t\t\t\t<div class=\"elementor-element elementor-element-dd22dde elementor-widget elementor-widget-text-editor\" data-id=\"dd22dde\" data-element_type=\"widget\" data-widget_type=\"text-editor.default\">\n\t\t\t\t<div class=\"elementor-widget-container\">\n\t\t\t\t\t\t\t\t<div><b data-olk-copy-source=\"MessageBody\">COOPERATIVA CIENCIA<\/b>\u00a0<br \/><a href=\"https:\/\/www.cooperativaciencia.cl\/salud\/2025\/04\/02\/nanoantibioticos-una-alternativa-hecha-en-chile-contra-la-resistencia-bacteriana\/\">Nanoantibi\u00f3ticos: Una alternativa hecha en Chile contra la resistencia bacteriana. Se refiere Esteban Dur\u00e1n, investigador del Departamento de Microbiolog\u00eda.\u00a0<\/a><br \/><br \/><\/div><div><b>RADIO BIOB\u00cdO<\/b>\u00a0<br \/><a href=\"https:\/\/www.litoralpress.cl\/sitio\/RadioTV_Detalles.cshtml?LPKey=7GMCKRRZIY4SWEQL6M4KYC5K5JF7SL7HKKPCLGW3PRE6M7TUMTEQBDLVSQFJ4ZNGRX2NLGPLPP764\">Entrevista a Mario Herrera Mu\u00f1oz, acad\u00e9mico del Centro de An\u00e1lisis Pol\u00edtico (CAP-UTalca).\u202f\u00a0<\/a><br \/><br \/><\/div><div><b>RADIO INFINITA<\/b>\u00a0<br \/><a href=\"https:\/\/www.litoralpress.cl\/sitio\/RadioTV_Detalles.cshtml?LPKey=MYQGPYFPU5BP6QSGK2KUXE3FFY5VGQM4BH7BZ7YHMC2C2JWTKZMK3LLUKU62RF75UQJQ4Z4QJZYJC\">Comentario de pol\u00edtica de Mauricio Morales Quiroga, director del Centro de An\u00e1lisis Pol\u00edtico (CAP-UTalca).\u00a0<\/a><br \/><br \/><\/div><div><b>RADIO ALLEN<\/b>\u00a0<br \/><a href=\"https:\/\/radioallen.cl\/salud-cientificos-investigan-como-prevenir-el-sindrome-de-fragilidad-en-personas-mayores\/\">Cient\u00edficos investigan c\u00f3mo prevenir el S\u00edndrome de Fragilidad en personas mayores. Se refiere Rodrigo Palomo V\u00e9lez, vicerrector acad\u00e9mico, Luis Guzm\u00e1n, decano de la Facultad de Ciencias de la Salud y Eduardo Fuentes Quinteros, acad\u00e9mico de la menciona facultad.\u00a0<\/a><br \/><br \/><\/div><div><b>MEDIABANCO<\/b>\u00a0<br \/><a href=\"https:\/\/www.mediabanco.com\/cientificos-investigan-como-prevenir-el-sindrome-de-fragilidad-en-personas-mayores\/\">Cient\u00edficos investigan c\u00f3mo prevenir el S\u00edndrome de Fragilidad en personas mayores. Se refiere Rodrigo Palomo V\u00e9lez, vicerrector acad\u00e9mico, Luis Guzm\u00e1n, decano de la Facultad de Ciencias de la Salud y Eduardo Fuentes Quinteros, acad\u00e9mico de la menciona facultad.\u00a0<\/a><br \/><br \/><\/div><div><b>DIARIO EL HERALDO<\/b>\u00a0<br \/><a href=\"https:\/\/www.diarioelheraldo.cl\/noticia\/cientificos-investigan-como-prevenir-el-sindrome-de-fragilidad-en-personas-mayores\">Cient\u00edficos investigan c\u00f3mo prevenir el S\u00edndrome de Fragilidad en personas mayores. Se refiere Rodrigo Palomo V\u00e9lez, vicerrector acad\u00e9mico, Luis Guzm\u00e1n, decano de la Facultad de Ciencias de la Salud y Eduardo Fuentes Quinteros, acad\u00e9mico de la menciona facultad.\u00a0<\/a><br \/><br \/><\/div><div><b>LA PRENSA CURIC\u00d3<\/b>\u00a0<br \/><a href=\"http:\/\/litoralpress.cl\/paginaconsultas\/Servicios_NClipSitio\/Get_Imagen_Nota.aspx?LPKey=AIG6YOBH3JG2MCHOPJZE5MXHKTDMN6ZA74ZOPNH5CJ3PSXGHSYQHW7XFDYBSSHTZ2KJUEIXJ42OEU\">Acad\u00e9micos de la Universidad de Talca analizan envejecimiento en regiones que revel\u00f3 Censo 2024. Se refiere Carolina Riveros Ferrada, acad\u00e9mica de la Facultad de Ciencias Jur\u00eddicas y Sociales y Mario Herrera Mu\u00f1oz, acad\u00e9mico del Centro de An\u00e1lisis Pol\u00edtico (CAP-UTalca).\u202f\u00a0<\/a><\/div><div aria-hidden=\"true\">\u00a0<\/div><div><b>MEDIABANCO<\/b>\u00a0<br \/><a href=\"https:\/\/www.mediabanco.com\/academia-chilena-de-bellas-artes-conmemora-sus-60-anos-con-exposicion-en-la-utalca\/\">Academia Chilena de Bellas Artes conmemora sus 60 a\u00f1os con exposici\u00f3n en la UTalca. Se refiere Eduardo Fuentes Quinteros, acad\u00e9mico de la Facultad de Ciencias de la Salud. Se refiere Carlos Torres Fuchslocher y Marcela Albornoz Dachelet, directora de Extensi\u00f3n Cultural-Art\u00edstica.\u00a0<\/a><br \/><br \/><\/div><div><b>TIERRA AMARILLANO<\/b>\u00a0<br \/><a href=\"https:\/\/tierramarillano.cl\/2025\/04\/02\/academia-chilena-de-bellas-artes-conmemora-sus-60-anos-con-exposicion-en-la-utalca\/\">Academia Chilena de Bellas Artes conmemora sus 60 a\u00f1os con exposici\u00f3n en la UTalca. Se refiere Carlos Torres Fuchslocher y Marcela Albornoz Dachelet, directora de Extensi\u00f3n Cultural-Art\u00edstica.\u00a0<\/a><br \/><br \/><\/div><div><b>OSORNO EN LA RED<\/b>\u00a0<br \/><a href=\"http:\/\/osornoenlared.cl\/2025\/04\/02\/cientificos-investigan-como-prevenir-el-sindrome-de-fragilidad-en-personas-mayores\/\">Cient\u00edficos investigan c\u00f3mo prevenir el S\u00edndrome de Fragilidad en personas mayores. Se refiere Rodrigo Palomo V\u00e9lez, vicerrector acad\u00e9mico, Luis Guzm\u00e1n, decano de la Facultad de Ciencias de la Salud y Eduardo Fuentes Quinteros, acad\u00e9mico de la menciona facultad.\u00a0<\/a><br \/><br \/><\/div><div><b>EL LECTOR<\/b>\u00a0<br \/><a href=\"https:\/\/www.litoralpress.cl\/paginaconsultas\/Servicios_NClipSitio\/Get_Imagen_Nota.aspx?LPKey=RCJ4Q7CE4TUYHSKFIH5DS4ZZG2KYJQQ3AFK4BJ554LNMMDRV2FD6BE625K6K4OB5ZVSRH4V4MNKT6\">Enjuague bucal: \u00bfExiste relaci\u00f3n entre el uso de este producto con el c\u00e1ncer? Se refiere C\u00e9sar Rivera Mart\u00ednez, acad\u00e9mico de la Facultad de Odontolog\u00eda.\u00a0<\/a><br \/><br \/><\/div><div><b>RADIO CRISTALINA<\/b>\u00a0<br \/><a href=\"https:\/\/radiocristalina.cl\/salud-enjuague-bucal-existe-relacion-entre-el-uso-de-este-producto-con-el-cancer\/\">Enjuague bucal. \u00bfExiste relaci\u00f3n entre el uso de este producto con el c\u00e1ncer? Se refiere C\u00e9sar Rivera Mart\u00ednez, acad\u00e9mico de la Facultad de Odontolog\u00eda.\u00a0<\/a><\/div><div aria-hidden=\"true\">\u00a0<\/div><div><b>LA PRENSA DE CURIC\u00d3<\/b>\u00a0<br \/><a href=\"https:\/\/www.litoralpress.cl\/paginaconsultas\/Servicios_NClipSitio\/Get_Imagen_Nota.aspx?LPKey=OWWICWCMGJSC2SZX6UM57BZ75DWR6GCG53USCJFUQUKQSHTL75QYOIWJHBNTE3PFL3MRRBAA57OL6\">COLUMNAS DE OPINI\u00d3N: El nuevo Ministerio de Seguridad P\u00fablica y la promesa de disminuci\u00f3n de la criminalidad. Acad\u00e9mico de la Facultad de Ciencias Jur\u00eddicas y Sociales.\u00a0<\/a><br \/><br \/><\/div><div><b>RADIO UA<\/b>\u00a0<br \/><a href=\"https:\/\/radioua.cl\/ua-lanzo-proyecto-institucional-fiut-con-exitosa-charla-magistral-acerca-de\">UA lanz\u00f3 proyecto institucional FIUT con exitosa charla magistral acerca de los avances en I+D+i en universidades p\u00fablicas. Se refiere Nadia Rojas Villacura, jefa de proyectos transversales de la Vicerrector\u00eda Acad\u00e9mica. \u202f\u00a0<\/a><\/div><div aria-hidden=\"true\">\u00a0<\/div><div><b>AM NOTICIAS<\/b>\u00a0<br \/><a href=\"https:\/\/amnoticias.cl\/importantes-avances-presenta-pti-de-corfo-maule\/\">Importantes avances presenta PTI de Corfo Maule. Se menciona la Universidad de Talca.\u00a0<\/a><br \/><br \/><\/div><div><b>DIARIO LA MA\u00d1ANA<\/b>\u00a0<br \/><a href=\"https:\/\/diariolama\u00f1ana.cl\/2025\/04\/02\/importantes-avances-presenta-pti-de-corfo-maule\/\">Importantes avances presenta PTI de Corfo Maule. Se menciona la Universidad de Talca.\u00a0<\/a><br \/><br \/><\/div><div><b>DIARIOS EN RED<\/b>\u00a0<br \/><a href=\"https:\/\/diariosenred.com\/regional\/importantes-avances-presenta-pti-de-corfo-se-ha-capacitado-a-un\">Importantes avances presenta PTI de Corfo: Se ha capacitado a un centenar de apicultores del Maule y se conforma Gobernanza. Se menciona la Universidad de Talca.\u00a0<\/a><br \/><br \/><\/div><div><b>RED ARICA<\/b>\u00a0<br \/><a href=\"https:\/\/redarica.com\/regional\/importantes-avances-presenta-pti-de-corfo-se-ha-capacitado-a-un\">Importantes avances presenta PTI de Corfo: Se ha capacitado a un centenar de apicultores del Maule y se conforma Gobernanza. Se menciona la Universidad de Talca.\u00a0<\/a><br \/><br \/><\/div><div><b>RED MAULE<\/b>\u00a0<br \/><a href=\"https:\/\/redmaule.com\/regional\/importantes-avances-presenta-pti-de-corfo-se-ha-capacitado-a-un\">Importantes avances presenta PTI de Corfo: Se ha capacitado a un centenar de apicultores del Maule y se conforma Gobernanza. Se menciona la Universidad de Talca.\u00a0<\/a><br \/><br \/><\/div><div><b>RED \u00d1UBLE<\/b>\u00a0<br \/><a href=\"https:\/\/rednuble.com\/regional\/importantes-avances-presenta-pti-de-corfo-se-ha-capacitado-a-un\">Importantes avances presenta PTI de Corfo: Se ha capacitado a un centenar de apicultores del Maule y se conforma Gobernanza. Se menciona la Universidad de Talca.\u00a0<\/a><br \/><br \/><\/div><div><b>RED AYSEN<\/b>\u00a0<br \/><a href=\"https:\/\/redaysen.com\/regional\/importantes-avances-presenta-pti-de-corfo-se-ha-capacitado-a-un\">Importantes avances presenta PTI de Corfo: Se ha capacitado a un centenar de apicultores del Maule y se conforma Gobernanza. Se menciona la Universidad de Talca.\u00a0<\/a><br \/><br \/><\/div><div aria-hidden=\"true\">\u00a0<\/div>\t\t\t\t\t\t<\/div>\n\t\t\t\t<\/div>\n\t\t\t\t\t<\/div>\n\t\t<\/div>\n\t\t\t\t\t\t\t<\/div>\n\t\t<\/section>\n\t\t\t\t\t\t<\/div>\n\t\t\t\t\t<\/div>\n\t\t","protected":false},"excerpt":{"rendered":"<p>COOPERATIVA CIENCIA\u00a0Nanoantibi\u00f3ticos: Una alternativa hecha en Chile contra la resistencia bacteriana. Se refiere Esteban Dur\u00e1n, investigador del Departamento de Microbiolog\u00eda.\u00a0 RADIO BIOB\u00cdO\u00a0Entrevista a Mario Herrera Mu\u00f1oz, acad\u00e9mico del Centro de An\u00e1lisis Pol\u00edtico (CAP-UTalca).\u202f\u00a0 RADIO INFINITA\u00a0Comentario de pol\u00edtica de Mauricio Morales Quiroga, director del Centro de An\u00e1lisis Pol\u00edtico (CAP-UTalca).\u00a0 RADIO ALLEN\u00a0Cient\u00edficos investigan c\u00f3mo prevenir el S\u00edndrome &hellip;<\/p>\n<p class=\"read-more\"> <a class=\"\" href=\"https:\/\/www.reportedeprensa.utalca.cl\/?p=11624\"> <span class=\"screen-reader-text\">03 de abril 2025<\/span> Read More &raquo;<\/a><\/p>\n","protected":false},"author":1,"featured_media":0,"comment_status":"closed","ping_status":"open","sticky":false,"template":"","format":"standard","meta":{"_monsterinsights_skip_tracking":false,"_monsterinsights_sitenote_active":false,"_monsterinsights_sitenote_note":"","_monsterinsights_sitenote_category":0},"categories":[58],"tags":[],"_links":{"self":[{"href":"https:\/\/www.reportedeprensa.utalca.cl\/index.php?rest_route=\/wp\/v2\/posts\/11624"}],"collection":[{"href":"https:\/\/www.reportedeprensa.utalca.cl\/index.php?rest_route=\/wp\/v2\/posts"}],"about":[{"href":"https:\/\/www.reportedeprensa.utalca.cl\/index.php?rest_route=\/wp\/v2\/types\/post"}],"author":[{"embeddable":true,"href":"https:\/\/www.reportedeprensa.utalca.cl\/index.php?rest_route=\/wp\/v2\/users\/1"}],"replies":[{"embeddable":true,"href":"https:\/\/www.reportedeprensa.utalca.cl\/index.php?rest_route=%2Fwp%2Fv2%2Fcomments&post=11624"}],"version-history":[{"count":4,"href":"https:\/\/www.reportedeprensa.utalca.cl\/index.php?rest_route=\/wp\/v2\/posts\/11624\/revisions"}],"predecessor-version":[{"id":11628,"href":"https:\/\/www.reportedeprensa.utalca.cl\/index.php?rest_route=\/wp\/v2\/posts\/11624\/revisions\/11628"}],"wp:attachment":[{"href":"https:\/\/www.reportedeprensa.utalca.cl\/index.php?rest_route=%2Fwp%2Fv2%2Fmedia&parent=11624"}],"wp:term":[{"taxonomy":"category","embeddable":true,"href":"https:\/\/www.reportedeprensa.utalca.cl\/index.php?rest_route=%2Fwp%2Fv2%2Fcategories&post=11624"},{"taxonomy":"post_tag","embeddable":true,"href":"https:\/\/www.reportedeprensa.utalca.cl\/index.php?rest_route=%2Fwp%2Fv2%2Ftags&post=11624"}],"curies":[{"name":"wp","href":"https:\/\/api.w.org\/{rel}","templated":true}]}}