{"id":11647,"date":"2025-04-08T13:45:49","date_gmt":"2025-04-08T16:45:49","guid":{"rendered":"https:\/\/www.reportedeprensa.utalca.cl\/?p=11647"},"modified":"2025-04-08T16:54:24","modified_gmt":"2025-04-08T19:54:24","slug":"08-de-abril-2025","status":"publish","type":"post","link":"https:\/\/www.reportedeprensa.utalca.cl\/?p=11647","title":{"rendered":"08 de abril 2025"},"content":{"rendered":"\t\t<div data-elementor-type=\"wp-post\" data-elementor-id=\"11647\" class=\"elementor elementor-11647\" data-elementor-settings=\"[]\">\n\t\t\t\t\t\t\t<div class=\"elementor-section-wrap\">\n\t\t\t\t\t\t\t<section class=\"elementor-section elementor-top-section elementor-element elementor-element-bcea1a8 elementor-section-boxed elementor-section-height-default elementor-section-height-default\" data-id=\"bcea1a8\" data-element_type=\"section\">\n\t\t\t\t\t\t<div class=\"elementor-container elementor-column-gap-default\">\n\t\t\t\t\t<div class=\"elementor-column elementor-col-100 elementor-top-column elementor-element elementor-element-e7183bf\" data-id=\"e7183bf\" data-element_type=\"column\">\n\t\t\t<div class=\"elementor-widget-wrap elementor-element-populated\">\n\t\t\t\t\t\t\t\t<div class=\"elementor-element elementor-element-a6d0671 elementor-widget elementor-widget-text-editor\" data-id=\"a6d0671\" data-element_type=\"widget\" data-widget_type=\"text-editor.default\">\n\t\t\t\t<div class=\"elementor-widget-container\">\n\t\t\t\t\t\t\t\t<div><b data-olk-copy-source=\"MessageBody\">MSN CHILE<\/b>\u00a0<br \/><a href=\"https:\/\/www.msn.com\/es-cl\/noticias\/other\/los-misterios-del-universo-aterrizan-en-el-festival-de-ciencia-puerto-de-ideas-antofagasta-2025\/ar-AA1Cq3kn\">Redes sociales y salud mental: la adicci\u00f3n silenciosa que afecta especialmente a mujeres y j\u00f3venes. Se menciona la Universidad de Talca.\u00a0<\/a><br \/><br \/><\/div><div><b>LA NOTICIA<\/b>\u00a0<br \/><a href=\"https:\/\/lanoticia.cl\/reinas-del-piano-disco-rescata-y-visibiliza-obra-de-mujeres-en-la-musica-clasica\/\">Reinas del piano: disco rescata y visibiliza obra de mujeres en la m\u00fasica cl\u00e1sica. Se refiere Carlos Torres Fuchslocher, rector, Felipe Gonz\u00e1lez, acad\u00e9mico de la Escuela de M\u00fasica y Marcela Lillo, acad\u00e9mica de la mencionada escuela.\u202f\u00a0<\/a><br \/><br \/><\/div><div><b>AD PRENSA<\/b>\u00a0<br \/><a href=\"https:\/\/www.adprensa.cl\/uncategorized\/investigan-como-los-ecosistemas-de-zonas-extremas-pueden-predecir-cambios-en-la-antartica\/\">Investigan c\u00f3mo los ecosistemas de zonas extremas pueden predecir cambios en la Ant\u00e1rtica. Se refiere Mar\u00eda Elisa Quinteros, directora de Relaciones Internacionales y Eduardo Castro, acad\u00e9mico del Departamento de Microbiolog\u00eda y miembro del Centro de Ecolog\u00eda Integrativa.\u00a0<\/a><br \/><br \/><\/div><div><b>PORTAL AGRO CHILE<\/b>\u00a0<br \/><a href=\"https:\/\/www.portalagrochile.cl\/2025\/04\/07\/investigan-como-los-ecosistemas-de-zonas-extremas-pueden-predecir-cambios-en-la-antartica\/\">Investigan c\u00f3mo los ecosistemas de zonas extremas pueden predecir cambios en la Ant\u00e1rtica. Se refiere Mar\u00eda Elisa Quinteros, directora de Relaciones Internacionales y Eduardo Castro, acad\u00e9mico del Departamento de Microbiolog\u00eda y miembro del Centro de Ecolog\u00eda Integrativa.\u00a0<\/a><br \/><br \/><\/div><div><b>G5 NOTICIA<\/b>\u00a0<br \/><a href=\"https:\/\/g5noticias.cl\/2025\/04\/07\/investigan-como-los-ecosistemas-de-zonas-extremas-pueden-predecir-cambios-en-la-antartica\/\">Investigan c\u00f3mo los ecosistemas de zonas extremas pueden predecir cambios en la Ant\u00e1rtica. Se refiere Mar\u00eda Elisa Quinteros, directora de Relaciones Internacionales y Eduardo Castro, acad\u00e9mico del Departamento de Microbiolog\u00eda y miembro del Centro de Ecolog\u00eda Integrativa.\u00a0<\/a><br \/><br \/><\/div><div><b>LA PRENSA DE CURIC\u00d3<\/b>\u00a0<br \/><a href=\"https:\/\/www.litoralpress.cl\/paginaconsultas\/Servicios_NClipSitio\/Get_Imagen_Nota.aspx?LPKey=QQNB3PS7K6VXAJ5NJJUESFWHGF2PJCJXWM7GGGY2PC3YQ2WHIH6HIASCRQ5AA6DUB6BF37NIG2KEC\">UTalca impulsar\u00e1 investigaci\u00f3n en la regi\u00f3n y el pa\u00eds. Se refiere Rodrigo Palomo V\u00e9lez, vicerrector acad\u00e9mico, Roberto Jara, director de Investigaci\u00f3n y Joel Alderete, director del Instituto de Qu\u00edmica de recurso Naturales.\u00a0<\/a><br \/><br \/><\/div><div><b>EL MAULE INFORMA<\/b>\u00a0<br \/><a href=\"https:\/\/elmauleinforma.cl\/moderno-equipo-de-la-utalca-impulsara-investigacion-en-la-region-y-el-pais\/\">Moderno equipo de la UTalca impulsar\u00e1 investigaci\u00f3n en la regi\u00f3n y el pa\u00eds. Se refiere Rodrigo Palomo V\u00e9lez, vicerrector acad\u00e9mico, Roberto Jara, director de Investigaci\u00f3n y Joel Alderete, director del Instituto de Qu\u00edmica de recurso Naturales.\u00a0<\/a><br \/><br \/><\/div><div><b>SOMOS MAULE<\/b>\u00a0<br \/><a href=\"http:\/\/somosmaule.cl\/publico\/ficha\/ficha.aspx?i=90703\">Moderno equipo de la UTalca impulsar\u00e1 investigaci\u00f3n en la regi\u00f3n y el pa\u00eds.\u00a0<\/a><br \/><a href=\"http:\/\/somosmaule.cl\/publico\/ficha\/ficha.aspx?i=90703\">Se refiere Rodrigo Palomo V\u00e9lez, vicerrector acad\u00e9mico, Roberto Jara, director de Investigaci\u00f3n y Joel Alderete, director del Instituto de Qu\u00edmica de recurso Naturales.\u00a0<\/a><br \/><br \/><\/div><div><b>CANAL UATV<\/b>\u00a0<br \/><a href=\"https:\/\/www.litoralpress.cl\/sitio\/RadioTV_Detalles.cshtml?LPKey=ZCU7CXTVEPU6J55P7OC2IF6OEJRROTK7OFC7DITL752Q6A4RTZ4HHIQX4PE4A7WELEUOQMD3FDFRK\">Cruce de Declaraciones entre Abel, Matthei y Johannes Kaiser tras Sugerencia de Ministerio en Gobierno de Chile Vamos. Se refiere Mauricio Morales Quiroga, director del Centro de An\u00e1lisis Pol\u00edtico (CAP-UTalca).\u00a0<\/a><br \/><br \/><\/div><div><b>HORA 12<\/b>\u00a0<br \/><a href=\"https:\/\/hora12.cl\/2025\/04\/07\/hasta-ahora-hay-un-total-de-284-candidatos-presidenciales-independientes-inscritos-en-chile-para-los-comicios-de-noviembre\/\">Hasta ahora hay un total de 284 candidatos presidenciales independientes inscritos en Chile para los comicios de noviembre. Se refiere Mario Herrera Mu\u00f1oz, acad\u00e9micos del Centro de An\u00e1lisis Pol\u00edtico (CAP-UTalca).\u00a0<\/a><br \/><u><a id=\"OWAbd7764ab-d7cd-90b0-d82e-2934cf574a67\" title=\"https:\/\/hora12.cl\/2025\/04\/07\/hasta-ahora-hay-un-total-de-284-candidatos-presidenciales-independientes-inscritos-en-chile-para-los-comicios-de-noviembre\/\" href=\"https:\/\/hora12.cl\/2025\/04\/07\/hasta-ahora-hay-un-total-de-284-candidatos-presidenciales-independientes-inscritos-en-chile-para-los-comicios-de-noviembre\/\" target=\"_blank\" rel=\"noopener noreferrer\" data-auth=\"NotApplicable\" data-linkindex=\"9\"><\/a><\/u>\u00a0<\/div><div><b>HOY NOTICIAS<\/b>\u00a0<br \/><a href=\"https:\/\/www.hoynoticias.cl\/actualidad\/frente-amplio-gonzalo-winter-apruebo-dignidad-socialismo-democratico-48\/51980\/2025\/04\/07\/\">Frente Amplio se posiciona como posible hegem\u00f3n de la izquierda tras crisis del Socialismo Democr\u00e1tico. Se refiere Mauricio Morales Quiroga, director del Centro de An\u00e1lisis Pol\u00edtico (CAP-UTalca).\u00a0<\/a><br \/><br \/><\/div><div><b>DIARIO TALCA<\/b>\u00a0<br \/><a href=\"https:\/\/www.litoralpress.cl\/paginaconsultas\/Servicios_NClipSitio\/Get_Imagen_Nota.aspx?LPKey=O4ED62WYCES5AB7KDOYXMRFYKC5GFQPHSXWM2X2UBDMCM3BXB42RJPTPNM3KUOW37QFPKTRZEIGUA\">El esfumado legado de monse\u00f1or Ernesto Rivera. Se menciona la Universidad de Talca.\u00a0<\/a><br \/><br \/><\/div><div><b>EL OBSERVADOR<\/b>\u00a0<br \/><a href=\"https:\/\/www.litoralpress.cl\/paginaconsultas\/Servicios_NClipSitio\/Get_Imagen_Nota.aspx?LPKey=QCBQ4B2YE6EFSTYWFPRX7SAMOVJ5Y6DELJJH2WTBSUWWAIKLIHI7MPZU3RQLLHUWU3AM5XFKBVRPI\">INIA y estudiante evaluaron 630 parcelas a tolerante a la sequ\u00eda. Se menciona la Universidad de Talca.\u00a0<\/a><br \/><br \/><\/div><div><b>LA PRENSA DE CURIC\u00d3<\/b>\u00a0<br \/><a href=\"https:\/\/www.litoralpress.cl\/paginaconsultas\/Servicios_NClipSitio\/Get_Imagen_Nota.aspx?LPKey=QQCFGLWASMZVOFIMR6W5VNBZX3755IZHO2ATF2JDCY2BXPCDH5EU6HCVYR4OFYP4LIPH6TA6MGQLO\">Sucede. Se menciona la Universidad de Talca.\u00a0<\/a><br \/><br \/><\/div><div><b>LA PRENSA DE CURIC\u00d3<\/b>\u00a0<br \/><a href=\"https:\/\/www.litoralpress.cl\/paginaconsultas\/Servicios_NClipSitio\/Get_Imagen_Nota.aspx?LPKey=G273YMUFX5X6TY25OCJPLSVLFAIVQO64HON4DNTCO5BEBS377MBLWHCTWGHJTS7I3YVTDC7S773QI\">El Curi no depende de s\u00ed en Copa Chile. Se menciona la Universidad de Talca.\u00a0<\/a><br \/><br \/><\/div><div><b>PUBLIMICRO<\/b>\u00a0<br \/><a href=\"https:\/\/publimicro.cl\/moderno-equipo-de-la-universidad-de-talca-impulsara-investigacion-interdisciplinaria-en-quimica-organica-en-la-region-y-el-pais\/\">Moderno equipo de la Universidad de Talca, impulsar\u00e1 investigaci\u00f3n interdisciplinaria en qu\u00edmica org\u00e1nica en la regi\u00f3n y el pa\u00eds. Se menciona la Universidad de Talca.\u00a0<\/a><br \/><br \/><\/div><div><b>G5 NOTICIA<\/b>\u00a0<br \/><a href=\"https:\/\/g5noticias.cl\/2025\/04\/07\/los-misterios-del-universo-aterrizan-en-el-festival-de-ciencia-puerto-de-ideas-antofagasta-2025\/\">Los misterios del universo aterrizan en el Festival de Ciencia Puerto de Ideas Antofagasta 2025. Se menciona la Universidad de Talca.\u00a0<\/a><br \/><br \/><\/div>\t\t\t\t\t\t<\/div>\n\t\t\t\t<\/div>\n\t\t\t\t\t<\/div>\n\t\t<\/div>\n\t\t\t\t\t\t\t<\/div>\n\t\t<\/section>\n\t\t\t\t\t\t<\/div>\n\t\t\t\t\t<\/div>\n\t\t","protected":false},"excerpt":{"rendered":"<p>MSN CHILE\u00a0Redes sociales y salud mental: la adicci\u00f3n silenciosa que afecta especialmente a mujeres y j\u00f3venes. Se menciona la Universidad de Talca.\u00a0 LA NOTICIA\u00a0Reinas del piano: disco rescata y visibiliza obra de mujeres en la m\u00fasica cl\u00e1sica. Se refiere Carlos Torres Fuchslocher, rector, Felipe Gonz\u00e1lez, acad\u00e9mico de la Escuela de M\u00fasica y Marcela Lillo, acad\u00e9mica &hellip;<\/p>\n<p class=\"read-more\"> <a class=\"\" href=\"https:\/\/www.reportedeprensa.utalca.cl\/?p=11647\"> <span class=\"screen-reader-text\">08 de abril 2025<\/span> Read More &raquo;<\/a><\/p>\n","protected":false},"author":1,"featured_media":0,"comment_status":"closed","ping_status":"open","sticky":false,"template":"","format":"standard","meta":{"_monsterinsights_skip_tracking":false,"_monsterinsights_sitenote_active":false,"_monsterinsights_sitenote_note":"","_monsterinsights_sitenote_category":0},"categories":[58],"tags":[],"_links":{"self":[{"href":"https:\/\/www.reportedeprensa.utalca.cl\/index.php?rest_route=\/wp\/v2\/posts\/11647"}],"collection":[{"href":"https:\/\/www.reportedeprensa.utalca.cl\/index.php?rest_route=\/wp\/v2\/posts"}],"about":[{"href":"https:\/\/www.reportedeprensa.utalca.cl\/index.php?rest_route=\/wp\/v2\/types\/post"}],"author":[{"embeddable":true,"href":"https:\/\/www.reportedeprensa.utalca.cl\/index.php?rest_route=\/wp\/v2\/users\/1"}],"replies":[{"embeddable":true,"href":"https:\/\/www.reportedeprensa.utalca.cl\/index.php?rest_route=%2Fwp%2Fv2%2Fcomments&post=11647"}],"version-history":[{"count":4,"href":"https:\/\/www.reportedeprensa.utalca.cl\/index.php?rest_route=\/wp\/v2\/posts\/11647\/revisions"}],"predecessor-version":[{"id":11655,"href":"https:\/\/www.reportedeprensa.utalca.cl\/index.php?rest_route=\/wp\/v2\/posts\/11647\/revisions\/11655"}],"wp:attachment":[{"href":"https:\/\/www.reportedeprensa.utalca.cl\/index.php?rest_route=%2Fwp%2Fv2%2Fmedia&parent=11647"}],"wp:term":[{"taxonomy":"category","embeddable":true,"href":"https:\/\/www.reportedeprensa.utalca.cl\/index.php?rest_route=%2Fwp%2Fv2%2Fcategories&post=11647"},{"taxonomy":"post_tag","embeddable":true,"href":"https:\/\/www.reportedeprensa.utalca.cl\/index.php?rest_route=%2Fwp%2Fv2%2Ftags&post=11647"}],"curies":[{"name":"wp","href":"https:\/\/api.w.org\/{rel}","templated":true}]}}