{"id":11659,"date":"2025-04-09T17:13:31","date_gmt":"2025-04-09T20:13:31","guid":{"rendered":"https:\/\/www.reportedeprensa.utalca.cl\/?p=11659"},"modified":"2025-04-09T17:19:17","modified_gmt":"2025-04-09T20:19:17","slug":"09-de-abril-2025","status":"publish","type":"post","link":"https:\/\/www.reportedeprensa.utalca.cl\/?p=11659","title":{"rendered":"09 de abril 2025"},"content":{"rendered":"\t\t<div data-elementor-type=\"wp-post\" data-elementor-id=\"11659\" class=\"elementor elementor-11659\" data-elementor-settings=\"[]\">\n\t\t\t\t\t\t\t<div class=\"elementor-section-wrap\">\n\t\t\t\t\t\t\t<section class=\"elementor-section elementor-top-section elementor-element elementor-element-bcea1a8 elementor-section-boxed elementor-section-height-default elementor-section-height-default\" data-id=\"bcea1a8\" data-element_type=\"section\">\n\t\t\t\t\t\t<div class=\"elementor-container elementor-column-gap-default\">\n\t\t\t\t\t<div class=\"elementor-column elementor-col-100 elementor-top-column elementor-element elementor-element-e7183bf\" data-id=\"e7183bf\" data-element_type=\"column\">\n\t\t\t<div class=\"elementor-widget-wrap elementor-element-populated\">\n\t\t\t\t\t\t\t\t<div class=\"elementor-element elementor-element-a6d0671 elementor-widget elementor-widget-text-editor\" data-id=\"a6d0671\" data-element_type=\"widget\" data-widget_type=\"text-editor.default\">\n\t\t\t\t<div class=\"elementor-widget-container\">\n\t\t\t\t\t\t\t\t<div><b data-olk-copy-source=\"MessageBody\">CANAL 13<\/b>\u00a0<br \/><a href=\"https:\/\/www.litoralpress.cl\/sitio\/RadioTV_Detalles.cshtml?LPKey=GING5K4FNPAZNRDHEOZK4KH2B5Q4GVAMOOLOIBGMZYW676OSP2KXYTIBJTAA7ZOOYZ34LOG7ISOQE\">Regresa al edificio el residente que ataca a sus vecinos con una katana en Santiago. Se refiere Ver\u00f3nica Vitriol, acad\u00e9mica de la Facultad de Medicina.\u202f<\/a> \u202f\u00a0<br \/><br \/><\/div><div><b>LA TERCERA<\/b>\u00a0<br \/><a href=\"https:\/\/www.litoralpress.cl\/paginaconsultas\/Servicios_NClipSitio\/Get_Imagen_Nota.aspx?LPKey=7KSEIWC5ZRXVY4IFS6A3UQH3CBZNTUXKGU2LBTWN7L45Z5JALSL5IIGU5IM2UDQP6XJERGGQVWJL6\">El impacto del Censo 2024 en el mercado inmobiliario. Se refiere Mario Herrera Mu\u00f1oz, acad\u00e9mico del Centro de An\u00e1lisis Pol\u00edtico (CAP-UTalca).\u00a0<\/a><br \/><br \/><\/div><div><b>RADIO INFINITA<\/b>\u00a0<br \/><a href=\"https:\/\/www.litoralpress.cl\/sitio\/RadioTV_Detalles.cshtml?LPKey=6R46ABCE6OVLJZEB4YWRQMIJUPOLDQYG7MK4JZAC3LZYJC63JE72F3N4REULFGBTEJX4BBV6GGAIK\">Comentario de pol\u00edtica de Mauricio Morales. Se refiere Mauricio Morales Quiroga, director del Centro de An\u00e1lisis Pol\u00edtico (CAP-UTalca).\u00a0<\/a><br \/><br \/><\/div><div><b>CANAL MEGA <\/b>\u00a0<br \/><a href=\"https:\/\/www.litoralpress.cl\/sitio\/RadioTV_Detalles.cshtml?LPKey=GYHWRI5F2UVGTU5FJFD6ZDERGXGKHNNK2DAO4SLCDLVGHRY7EPGH2OF3KOPF3V76HYRPJLIGJQBEQ\">Se realiza cambio de gabinete. Se refiere Mauricio Morales Quiroga, director del Centro de An\u00e1lisis Pol\u00edtico (CAP-UTalca).\u00a0<\/a><br \/><br \/><\/div><div><b>CANAL MEGA<\/b>\u00a0<br \/><a href=\"https:\/\/www.litoralpress.cl\/sitio\/RadioTV_Detalles.cshtml?LPKey=3WOYZGJGQ7CSXSTHDRBXQA325PGSKSHF2XX7UJ5F7RCFXECUJEVE5VOVJINZ4HKNF744WEBYPCO7M\">Presidente Boric expresa su apoyo a Isabel Allende. Se refiere Mauricio Morales Quiroga, director del Centro de An\u00e1lisis Pol\u00edtico (CAP-UTalca).\u00a0<\/a><br \/><br \/><\/div><div><b>CANAL MEGA<\/b>\u00a0<br \/><a href=\"https:\/\/www.litoralpress.cl\/sitio\/RadioTV_Detalles.cshtml?LPKey=QH3QBZG26BMWT7J5AHC3CPV4UVOT6OMQIBAKMYNS5IPDTIRXJF2NX66MOVERLDN2FY5JDBWIWCWOQ\">An\u00e1lisis carrera presidencial 2025. Se refiere Mauricio Morales Quiroga, director del Centro de An\u00e1lisis Pol\u00edtico (CAP-UTalca).\u00a0<\/a><br \/><br \/><\/div><div><b>CU\u00c1L ES TU HUELLA<\/b>\u00a0<br \/><a href=\"https:\/\/www.cualestuhuella.cl\/noticia\/noticias\/2025\/04\/investigan-como-los-ecosistemas-de-zonas-extremas-pueden-predecir-cambios-en-la-antartica\">Investigan c\u00f3mo los ecosistemas de zonas extremas pueden predecir cambios en la Ant\u00e1rtica. Se refiere Mar\u00eda Elisa Quinteros, directora de Relaciones Internacionales, Eduardo Castro, acad\u00e9mico del Departamento de Microbiolog\u00eda y miembro del Centro de Ecolog\u00eda Integrativa y Andrea Barrera, acad\u00e9mica Departamento de Microbiolog\u00eda.\u00a0<\/a><br \/><br \/><\/div><div><b>PUBLIMICRO<\/b>\u00a0<br \/><a href=\"https:\/\/publimicro.cl\/cientificos-de-la-universidad-de-talca-investigan-como-los-ecosistemas-de-zonas-extremas-pueden-predecir-cambios-en-la-antartica\/\">Cient\u00edficos de la Universidad de Talca, investigan c\u00f3mo los ecosistemas de zonas extremas pueden predecir cambios en la Ant\u00e1rtica. Se refiere Mar\u00eda Elisa Quinteros, directora de Relaciones Internacionales, Eduardo Castro, acad\u00e9mico del Departamento de Microbiolog\u00eda y miembro del Centro de Ecolog\u00eda Integrativa y Andrea Barrera, acad\u00e9mica Departamento de Microbiolog\u00eda.\u00a0<\/a><br \/><br \/><\/div><div><b>EL MAULE INFORMA<\/b>\u00a0<br \/><a href=\"https:\/\/elmauleinforma.cl\/investigan-como-los-ecosistemas-de-zonas-extremas-pueden-predecir-cambios-en-la-antartica\/\">Investigan c\u00f3mo los ecosistemas de zonas extremas pueden predecir cambios en la Ant\u00e1rtica. Se refiere Mar\u00eda Elisa Quinteros, directora de Relaciones Internacionales, Eduardo Castro, acad\u00e9mico del Departamento de Microbiolog\u00eda y miembro del Centro de Ecolog\u00eda Integrativa y Andrea Barrera, acad\u00e9mica Departamento de Microbiolog\u00eda.\u00a0<\/a><br \/><br \/><\/div><div><b>SOMOS MAULE<\/b>\u00a0<br \/><a href=\"http:\/\/somosmaule.cl\/publico\/ficha\/ficha.aspx?i=90719\">Investigan c\u00f3mo los ecosistemas de zonas extremas pueden predecir cambios en la Ant\u00e1rtica. S Se refiere Mar\u00eda Elisa Quinteros, directora de Relaciones Internacionales, Eduardo Castro, acad\u00e9mico del Departamento de Microbiolog\u00eda y miembro del Centro de Ecolog\u00eda Integrativa y Andrea Barrera, acad\u00e9mica Departamento de Microbiolog\u00eda.\u00a0<\/a><br \/><u><a id=\"OWA4ad07911-da1a-aaca-874c-922dc8cba820\" title=\"http:\/\/somosmaule.cl\/publico\/ficha\/ficha.aspx?i=90719\" href=\"http:\/\/somosmaule.cl\/publico\/ficha\/ficha.aspx?i=90719\" target=\"_blank\" rel=\"noopener noreferrer\" data-auth=\"NotApplicable\" data-linkindex=\"9\"><\/a><\/u>\u00a0\u00a0<\/div><div><b>MEDIABANCO<\/b>\u00a0<br \/><a href=\"https:\/\/www.mediabanco.com\/especialista-responde-chat-gpt-puede-ser-tu-psicologo\/\">Especialista responde: \u00bfChat GPT puede ser tu psic\u00f3logo? Se refiere Nadia Ramos, directora del Centro de Psicolog\u00eda Aplicada (CEPA).\u202f\u202f\u00a0<\/a><br \/><br \/><\/div><div><b>EL NAVEGHABLE<\/b>\u00a0<br \/><a href=\"https:\/\/www.elnaveghable.cl\/noticia\/tecnologia\/chatgpt-puede-ser-tu-psicologo-experta-advierte-los-riesgos-de-confiar-en-la-ia-p\">\u00bfChatGPT puede ser tu psic\u00f3logo? Experta advierte los riesgos de confiar en la IA para tu salud mental. Se refiere Nadia Ramos, directora del Centro de Psicolog\u00eda Aplicada (CEPA).\u202f\u202f\u00a0<\/a><br \/><br \/><\/div><div><b>EL MEGALLANEWS<\/b>\u00a0<br \/><a href=\"https:\/\/www.elmagallanews.cl\/noticia\/tecnologia\/chatgpt-puede-ser-tu-psicologo-experta-advierte-los-riesgos-de-confiar-en-la-ia-p\">\u00bfChatGPT puede ser tu psic\u00f3logo? Experta advierte los riesgos de confiar en la IA para tu salud mental. Se refiere Nadia Ramos, directora del Centro de Psicolog\u00eda Aplicada (CEPA).\u202f\u202f\u00a0<\/a><br \/><br \/><\/div><div><b>EL OBSERVATODO<\/b>\u00a0<br \/><a href=\"https:\/\/www.elobservatodo.cl\/noticia\/tecnologia\/chatgpt-puede-ser-tu-psicologo-experta-advierte-los-riesgos-de-confiar-en-la-ia-p\">\u00bfChatGPT puede ser tu psic\u00f3logo? Experta advierte los riesgos de confiar en la IA para tu salud mental. Se refiere Nadia Ramos, directora del Centro de Psicolog\u00eda Aplicada (CEPA).\u202f\u202f\u00a0<\/a><br \/><br \/><\/div><div><b>EL VACANUDO<\/b>\u00a0<br \/><a href=\"https:\/\/www.elvacanudo.cl\/noticia\/tecnologia\/chatgpt-puede-ser-tu-psicologo-experta-advierte-los-riesgos-de-confiar-en-la-ia-p\">\u00bfChatGPT puede ser. Se refiere Nadia Ramos, directora del Centro de Psicolog\u00eda Aplicada (CEPA).\u202f\u202f tu psic\u00f3logo? Experta advierte los riesgos de confiar en la IA para tu salud mental\u00a0<\/a><br \/><br \/><\/div><div><b>EL BOYALDIA<\/b>\u00a0<br \/><a href=\"https:\/\/www.elboyaldia.cl\/noticia\/tecnologia\/chatgpt-puede-ser-tu-psicologo-experta-advierte-los-riesgos-de-confiar-en-la-ia-p\">\u00bfChatGPT puede ser tu psic\u00f3logo? Experta advierte los riesgos de confiar en la IA para tu salud mental. Se refiere Nadia Ramos, directora del Centro de Psicolog\u00eda Aplicada (CEPA).\u202f\u202f\u00a0<\/a><br \/><br \/><\/div><div><b>EL RANCAHUASO<\/b>\u00a0<br \/><a href=\"https:\/\/www.elrancahuaso.cl\/noticia\/tecnologia\/chatgpt-puede-ser-tu-psicologo-experta-advierte-los-riesgos-de-confiar-en-la-ia-p\">\u00bfChatGPT puede ser tu psic\u00f3logo? Experta advierte los riesgos de confiar en la IA para tu salud mental. Se refiere Nadia Ramos, directora del Centro de Psicolog\u00eda Aplicada (CEPA).\u202f\u202f\u00a0<\/a><br \/><br \/><\/div><div><b>QUE HAY DE CIERTO<\/b>\u00a0<br \/><a href=\"https:\/\/www.elquehaydecierto.cl\/noticia\/tecnologia\/chatgpt-puede-ser-tu-psicologo-experta-advierte-los-riesgos-de-confiar-en-la-ia-p\">Especialista responde: \u00bfChat GPT puede ser tu psic\u00f3logo? Se refiere Nadia Ramos, directora del Centro de Psicolog\u00eda Aplicada (CEPA).\u202f\u202f\u00a0<\/a><br \/><br \/><\/div><div><b>DIARIOS EN RED<\/b>\u00a0<br \/><a href=\"https:\/\/diariosenred.com\/nacional\/especialista-responde-chat-gpt-puede-ser-tu-psicologo\">Especialista responde: \u00bfChat GPT puede ser tu psic\u00f3logo? Se refiere Nadia Ramos, directora del Centro de Psicolog\u00eda Aplicada (CEPA).\u202f\u202f\u00a0<\/a><br \/><br \/><\/div><div><b>RED ARICA<\/b>\u00a0<br \/><a href=\"https:\/\/redarica.com\/nacional\/especialista-responde-chat-gpt-puede-ser-tu-psicologo\">Especialista responde: \u00bfChat GPT puede ser tu psic\u00f3logo? Se refiere Nadia Ramos, directora del Centro de Psicolog\u00eda Aplicada (CEPA).\u202f\u202f\u00a0<\/a><br \/><br \/><\/div><div><b>RED MAULE<\/b>\u00a0<br \/><a href=\"https:\/\/redmaule.com\/nacional\/especialista-responde-chat-gpt-puede-ser-tu-psicologo\">Especialista responde: \u00bfChat GPT puede ser tu psic\u00f3logo? Se refiere Nadia Ramos, directora del Centro de Psicolog\u00eda Aplicada (CEPA).\u202f\u202f\u00a0<\/a><br \/><br \/><\/div><div><b>RED OHIGGINS<\/b>\u00a0<br \/><a href=\"https:\/\/redohiggins.com\/nacional\/especialista-responde-chat-gpt-puede-ser-tu-psicologo\">Especialista responde: \u00bfChat GPT puede ser tu psic\u00f3logo? Se refiere Nadia Ramos, directora del Centro de Psicolog\u00eda Aplicada (CEPA).\u202f\u202f\u00a0<\/a><br \/><br \/><\/div><div><b>RED AYSEN<\/b>\u00a0<br \/><a href=\"https:\/\/redaysen.com\/nacional\/especialista-responde-chat-gpt-puede-ser-tu-psicologo\">Especialista responde: \u00bfChat GPT puede ser tu psic\u00f3logo? Se refiere Nadia Ramos, directora del Centro de Psicolog\u00eda Aplicada (CEPA).\u202f\u202f\u00a0<\/a><br \/><br \/><\/div><div><b>EL MAULE INFORMA<\/b>\u00a0<br \/><a href=\"https:\/\/elmauleinforma.cl\/chat-gpt-puede-ser-tu-psicologo\/\">\u00bfChat GPT puede ser tu psic\u00f3logo? Se refiere Nadia Ramos, directora del Centro de Psicolog\u00eda Aplicada (CEPA).\u202f\u202f\u00a0<\/a><br \/><br \/><\/div><div><b>G5 NOTICIA<\/b>\u00a0<br \/><a href=\"https:\/\/g5noticias.cl\/2025\/04\/08\/academia-chilena-de-bellas-artes-conmemora-sus-60-anos-con-exposicion-en-la-utalca\/\">Academia Chilena de Bellas Artes conmemora sus 60 a\u00f1os con exposici\u00f3n en la UTalca. Se refiere Carlos Torres Fuchslocher y Marcela Albornoz Dachelet, directora de Extensi\u00f3n Cultural-Art\u00edstica.\u00a0<\/a><br \/><br \/><\/div><div><b>CANAL 30 MULTICOM<\/b>\u00a0<br \/><a href=\"https:\/\/www.litoralpress.cl\/sitio\/RadioTV_Detalles.cshtml?LPKey=HE3SMDTSV7RHKWJUM63OGQWKYIB7BJ2RTG5VVPXUCBKHDDR37PTGD7HFM7TF2B2RPI6ATOU6X2RYM\">C\u00f3mo prevenir el s\u00edndrome de fragilidad. Eduardo Fuentes Quinteros, acad\u00e9mico Facultad de Ciencias de la Salud.\u00a0<\/a><br \/><br \/><\/div><div><b>TV5 LINARES<\/b>\u00a0<br \/><a href=\"https:\/\/www.litoralpress.cl\/sitio\/RadioTV_Detalles.cshtml?LPKey=Z3IWJF57ZRFGIIA5GHSHWHA4K6W2XHZ6TOWYMXW7FRYWRXBFO2ZJHT3SW52FUCLB54RXX2DZWYB4M\">Estudio brecha de g\u00e9nero seremi energ\u00eda. Marcela Torres, vicerrectora de Gesti\u00f3n Econ\u00f3mica.\u00a0<\/a><br \/><br \/><\/div><div><b>OSORNO EN LA RED<\/b>\u00a0<br \/><a href=\"http:\/\/osornoenlared.cl\/2025\/04\/07\/gender-analytics-desarrollan-app-para-calcular-brecha-salarial-en-el-sector-forestal\/\">\u201cGender Analytics\u201d: desarrollan app para calcular brecha salarial en el sector forestal. Se refiere Patricia rodr\u00edguez Cu\u00e9llar, directora del Campus Santiago y Andrea Bentancor, acad\u00e9mica de la Facultad de Econom\u00eda y Negocios.\u00a0<\/a><br \/><br \/><\/div><div><b>DIARIO TALCA <\/b>\u00a0<br \/><a href=\"https:\/\/diariotalca.cl\/video-reinas-del-piano-disco-rescata-y-visibiliza-obra-de-mujeres-en-la-musica-clasica\/\">Reinas del Piano: Disco rescata y visibiliza obra de mujeres en la m\u00fasica cl\u00e1sica. Se refiere Marcela Lillo, acad\u00e9mica de la Escuela de M\u00fasica. \u00a0<\/a><br \/><br \/><\/div><div><b>TIERRA AMARILLANO<\/b>\u00a0<br \/><a href=\"https:\/\/tierramarillano.cl\/2025\/04\/07\/reinas-del-piano-disco-rescata-y-visibiliza-obra-de-mujeres-en-la-musica-clasica\/\">Reinas del Piano: Disco rescata y visibiliza obra de mujeres en la m\u00fasica cl\u00e1sica. Se refiere Carlos Torres Fuchslocher, rector, Felipe Gonz\u00e1lez, acad\u00e9mico de la Escuela de M\u00fasica y Marcela Lillo, acad\u00e9mica de la mencionada escuela.\u202f\u202f\u00a0<\/a><br \/><br \/><\/div><div><b>EMOL<\/b>\u00a0<br \/><a href=\"https:\/\/www.emol.com\/noticias\/Espectaculos\/2025\/04\/08\/1162967\/chileno-participa-paris-opera-competition.html\">M\u00e9dico chileno sin t\u00edtulo de cantante l\u00edrico llega a la semifinal de prestigioso concurso en Par\u00eds: &#8216;Es un premio al esfuerzo&#8217;. Se menciona la Universidad de Talca.<\/a>\u00a0<br \/><br \/><\/div><div><b>EL MERCURIO ANTOFAGASTA<\/b>\u00a0<br \/><a href=\"https:\/\/www.litoralpress.cl\/paginaconsultas\/Servicios_NClipSitio\/Get_Imagen_Nota.aspx?LPKey=LR6G6TUQHOVMJSITLWTGZMLRLJDORYPVAONDPWJNPEILW476FV4WDXEBLUYVPBHWAX4AE4ZHE5MVW\">La vanguardia de la astronom\u00eda estar\u00e1 en el Festival de Ciencia Puerto de Ideas 2025. Se menciona la Universidad de Talca.\u00a0<\/a><br \/><br \/><\/div><div><b>LA PRENSA DE CURIC\u00d3<\/b>\u00a0<br \/><a href=\"https:\/\/www.litoralpress.cl\/paginaconsultas\/Servicios_NClipSitio\/Get_Imagen_Nota.aspx?LPKey=OKDW6DLIWT5UFQXCYBEIXM5PFC7AXU537D4KTPIWZTG66CVTT7OF7PEI4EH3CVSPX4ZGPEPXIHUNE\">Recital Po\u00e9tico en Centro de Extensi\u00f3n UTalca. Se menciona la Universidad de Talca.<\/a>\u00a0<br \/><br \/><\/div><div><b>RADIO MAULE<\/b>\u00a0<br \/><a href=\"https:\/\/www.radiomaulesur.cl\/2025\/04\/sernameg-maule-cerro-el-mes-de-la-mujer.html\">Sernameg Maule cerr\u00f3 el mes de la mujer con la premiaci\u00f3n del concurso \u2018maulinas entre letras\u201d. Se menciona la Universidad de Talca.\u00a0<\/a><br \/><br \/><\/div><div><b>REGIONXV<\/b>\u00a0<br \/><a href=\"http:\/\/regionxv.cl\/wordpress\/?p=69770\">Fundaci\u00f3n\u00a0 FA sorprende con miniconcierto de destacado violinista en la catedral. Se menciona la Universidad de Talca.\u00a0<\/a><br \/><br \/><\/div><div><b>AM NOTICIAS<\/b>\u00a0<br \/><a href=\"https:\/\/amnoticias.cl\/sernameg-maule-cerro-el-mes-de-la-mujer-con-la-premiacion-del-concurso-maulinas-entre-letras\/\">Sernameg Maule cerr\u00f3 el mes de la mujer con la premiaci\u00f3n del concurso \u2018maulinas entre letras\u201d. Se menciona la Universidad de Talca.\u00a0<\/a><br \/><br \/><\/div><div><b>DIARIO TALCA<\/b>\u00a0<br \/><a href=\"https:\/\/diariotalca.cl\/gabriela-permanece-por-horacio-hernandez-anguita\/\">GABRIELA PERMANECE por Horacio Hern\u00e1ndez Anguita. Se menciona la Universidad de Talca.\u00a0<\/a><br \/><br \/><\/div><div><b>UNIVERSIDAD DE CHILE<\/b>\u00a0<br \/><a href=\"https:\/\/ciencias.uchile.cl\/noticias\/226962\/dr-carlos-areche-en-entrevista-imago-mundi--de-canal-2-television\">Dr. Carlos Areche en entrevista &#8220;Imago Mundi&#8221; de Canal 2 Televisi\u00f3n San Antonio. Se menciona la Universidad de Talca.\u00a0<\/a><br \/><br \/><\/div><div><b>DIARIO LA MA\u00d1ANA<\/b>\u00a0<br \/><a href=\"https:\/\/diariolama\u00f1ana.cl\/2025\/04\/08\/sernameg-maule-cerro-el-mes-de-la-mujer-con-la-premiacion-del-concurso-maulinas-entre-letras\/\">Sernameg maule cerr\u00f3 el mes de la mujer con la premiaci\u00f3n del concurso \u2018maulinas entre letras\u201d. Se menciona la Universidad de Talca.\u00a0<\/a><br \/><br \/><\/div><div aria-hidden=\"true\">\u00a0<\/div>\t\t\t\t\t\t<\/div>\n\t\t\t\t<\/div>\n\t\t\t\t\t<\/div>\n\t\t<\/div>\n\t\t\t\t\t\t\t<\/div>\n\t\t<\/section>\n\t\t\t\t\t\t<\/div>\n\t\t\t\t\t<\/div>\n\t\t","protected":false},"excerpt":{"rendered":"<p>CANAL 13\u00a0Regresa al edificio el residente que ataca a sus vecinos con una katana en Santiago. Se refiere Ver\u00f3nica Vitriol, acad\u00e9mica de la Facultad de Medicina.\u202f \u202f\u00a0 LA TERCERA\u00a0El impacto del Censo 2024 en el mercado inmobiliario. Se refiere Mario Herrera Mu\u00f1oz, acad\u00e9mico del Centro de An\u00e1lisis Pol\u00edtico (CAP-UTalca).\u00a0 RADIO INFINITA\u00a0Comentario de pol\u00edtica de Mauricio &hellip;<\/p>\n<p class=\"read-more\"> <a class=\"\" href=\"https:\/\/www.reportedeprensa.utalca.cl\/?p=11659\"> <span class=\"screen-reader-text\">09 de abril 2025<\/span> Read More &raquo;<\/a><\/p>\n","protected":false},"author":1,"featured_media":0,"comment_status":"closed","ping_status":"open","sticky":false,"template":"","format":"standard","meta":{"_monsterinsights_skip_tracking":false,"_monsterinsights_sitenote_active":false,"_monsterinsights_sitenote_note":"","_monsterinsights_sitenote_category":0},"categories":[58],"tags":[],"_links":{"self":[{"href":"https:\/\/www.reportedeprensa.utalca.cl\/index.php?rest_route=\/wp\/v2\/posts\/11659"}],"collection":[{"href":"https:\/\/www.reportedeprensa.utalca.cl\/index.php?rest_route=\/wp\/v2\/posts"}],"about":[{"href":"https:\/\/www.reportedeprensa.utalca.cl\/index.php?rest_route=\/wp\/v2\/types\/post"}],"author":[{"embeddable":true,"href":"https:\/\/www.reportedeprensa.utalca.cl\/index.php?rest_route=\/wp\/v2\/users\/1"}],"replies":[{"embeddable":true,"href":"https:\/\/www.reportedeprensa.utalca.cl\/index.php?rest_route=%2Fwp%2Fv2%2Fcomments&post=11659"}],"version-history":[{"count":4,"href":"https:\/\/www.reportedeprensa.utalca.cl\/index.php?rest_route=\/wp\/v2\/posts\/11659\/revisions"}],"predecessor-version":[{"id":11663,"href":"https:\/\/www.reportedeprensa.utalca.cl\/index.php?rest_route=\/wp\/v2\/posts\/11659\/revisions\/11663"}],"wp:attachment":[{"href":"https:\/\/www.reportedeprensa.utalca.cl\/index.php?rest_route=%2Fwp%2Fv2%2Fmedia&parent=11659"}],"wp:term":[{"taxonomy":"category","embeddable":true,"href":"https:\/\/www.reportedeprensa.utalca.cl\/index.php?rest_route=%2Fwp%2Fv2%2Fcategories&post=11659"},{"taxonomy":"post_tag","embeddable":true,"href":"https:\/\/www.reportedeprensa.utalca.cl\/index.php?rest_route=%2Fwp%2Fv2%2Ftags&post=11659"}],"curies":[{"name":"wp","href":"https:\/\/api.w.org\/{rel}","templated":true}]}}