{"id":11676,"date":"2025-04-11T13:21:07","date_gmt":"2025-04-11T16:21:07","guid":{"rendered":"https:\/\/www.reportedeprensa.utalca.cl\/?p=11676"},"modified":"2025-04-11T13:25:13","modified_gmt":"2025-04-11T16:25:13","slug":"11-de-abril-2025","status":"publish","type":"post","link":"https:\/\/www.reportedeprensa.utalca.cl\/?p=11676","title":{"rendered":"11 de abril 2025"},"content":{"rendered":"\t\t<div data-elementor-type=\"wp-post\" data-elementor-id=\"11676\" class=\"elementor elementor-11676\" data-elementor-settings=\"[]\">\n\t\t\t\t\t\t\t<div class=\"elementor-section-wrap\">\n\t\t\t\t\t\t\t<section class=\"elementor-section elementor-top-section elementor-element elementor-element-bcea1a8 elementor-section-boxed elementor-section-height-default elementor-section-height-default\" data-id=\"bcea1a8\" data-element_type=\"section\">\n\t\t\t\t\t\t<div class=\"elementor-container elementor-column-gap-default\">\n\t\t\t\t\t<div class=\"elementor-column elementor-col-100 elementor-top-column elementor-element elementor-element-e7183bf\" data-id=\"e7183bf\" data-element_type=\"column\">\n\t\t\t<div class=\"elementor-widget-wrap elementor-element-populated\">\n\t\t\t\t\t\t\t\t<div class=\"elementor-element elementor-element-a6d0671 elementor-widget elementor-widget-text-editor\" data-id=\"a6d0671\" data-element_type=\"widget\" data-widget_type=\"text-editor.default\">\n\t\t\t\t<div class=\"elementor-widget-container\">\n\t\t\t\t\t\t\t\t<div><b data-olk-copy-source=\"MessageBody\">COOPERATIVA CIENCIA<\/b>\u00a0<br \/><a href=\"https:\/\/www.cooperativaciencia.cl\/medio-ambiente\/2025\/04\/10\/investigadores-chilenos-estudian-el-cambio-climatico-desde-la-zona-subantartica\/\">Investigadores chilenos estudian el cambio clim\u00e1tico desde la zona subant\u00e1rtica. Se refiere Eduardo Castro, acad\u00e9mico del Departamento de Microbiolog\u00eda y miembro del Centro de Ecolog\u00eda Integrativa y Andrea Barrera, acad\u00e9mica del mencionado Departamento.\u202f\u202f\u00a0<\/a><br \/><br \/><\/div><div><b>MEGATIEMPO<\/b>\u00a0<br \/><a href=\"https:\/\/www.litoralpress.cl\/sitio\/RadioTV_Detalles.cshtml?LPKey=PH27GMRYFJENJMFCC3YKRXNA6OQM6TLBU2PJER7DBJPRI677Y3TJNB4HQCPVP25HAK7G4CYO4F5HK\">Investigadores chilenos estudian el cambio clim\u00e1tico desde la zona Subant\u00e1rtica. Se refiere Eduardo Castro, acad\u00e9mico del Departamento de Microbiolog\u00eda y miembro del Centro de Ecolog\u00eda Integrativa y Andrea Barrera, acad\u00e9mica del mencionado Departamento.\u202f\u202f\u00a0<\/a><br \/><br \/><\/div><div><b>EL HERALDO<\/b>\u00a0<br \/><a href=\"https:\/\/www.litoralpress.cl\/paginaconsultas\/Servicios_NClipSitio\/Get_Imagen_Nota.aspx?LPKey=OSKZIJYV2UDRZLPAEELRPNG26JOLUMWPRP46GNMWPXU2K5BF6P2FPBEGYJ36E3ER535IXOKIZZ4S6\">Estudiantes de la UTalca son reconocidos por su impacto social en comunidades de la regi\u00f3n. Se refiere Marlene Guti\u00e9rrez, directora del Programa de Formaci\u00f3n Fundamental (PFF) y Natalia Mart\u00ednez, coordinadora de m\u00f3dulos de cuarto a\u00f1o del mencionado programa.\u202f\u00a0<\/a><br \/><br \/><\/div><div><b>AD PRENSA<\/b>\u00a0<br \/><a href=\"https:\/\/www.adprensa.cl\/cronica\/estudiantes-de-la-utalca-son-reconocidos-por-su-impacto-social-en-comunidades-de-la-region\/\">Estudiantes de la UTalca son reconocidos por su impacto social en comunidades de la regi\u00f3n. Se refiere Marlene Guti\u00e9rrez, directora del Programa de Formaci\u00f3n Fundamental (PFF) y Natalia Mart\u00ednez, coordinadora de m\u00f3dulos de cuarto a\u00f1o del mencionado programa.\u202f\u00a0<\/a><br \/><br \/><\/div><div><b>EL MAULE INFORMA<\/b>\u00a0<br \/><a href=\"https:\/\/elmauleinforma.cl\/estudiantes-de-la-utalca-son-reconocidos-por-su-impacto-social-en-comunidades-de-la-region\/\">Estudiantes de la UTalca son reconocidos por su impacto social en comunidades de la regi\u00f3n. Se refiere Marlene Guti\u00e9rrez, directora del Programa de Formaci\u00f3n Fundamental (PFF) y Natalia Mart\u00ednez, coordinadora de m\u00f3dulos de cuarto a\u00f1o del mencionado programa.\u202f\u00a0<\/a><br \/><br \/><\/div><div><b>MEDIABANCO <\/b>\u00a0<br \/><a href=\"https:\/\/www.mediabanco.com\/permiso-de-reunificacion-familiar-es-preocupante-esta-medida\/\">Permiso de Reunificaci\u00f3n Familiar: \u00bfes preocupante esta medida? Se refiere Fabiola Vergara Cevallos, acad\u00e9mica de la Facultad de Ciencias Jur\u00eddicas y Sociales.\u00a0<\/a><br \/><br \/><\/div><div><b>EL RANCAHUASO<\/b>\u00a0<br \/><a href=\"https:\/\/www.elrancahuaso.cl\/noticia\/sociedad\/reunificacion-familiar-en-chile-puerta-abierta-la-migracion-o-garantia-constitucion\">Reunificaci\u00f3n familiar en Chile: \u00bfPuerta abierta a la migraci\u00f3n o garant\u00eda constitucional? ? Se refiere Fabiola Vergara Cevallos, acad\u00e9mica de la Facultad de Ciencias Jur\u00eddicas y Sociales.\u00a0<\/a><br \/><br \/><\/div><div><b>EL MARTUTINO<\/b>\u00a0<br \/><a href=\"https:\/\/www.elmartutino.cl\/noticia\/sociedad\/reunificacion-familiar-en-chile-puerta-abierta-la-migracion-o-garantia-constitucion\">Reunificaci\u00f3n familiar en Chile: \u00bfPuerta abierta a la migraci\u00f3n o garant\u00eda constitucional? ? Se refiere Fabiola Vergara Cevallos, acad\u00e9mica de la Facultad de Ciencias Jur\u00eddicas y Sociales.\u00a0<\/a><br \/><br \/><\/div><div><b>LA OPI\u00d1\u00d3N<\/b>\u00a0<br \/><a href=\"https:\/\/www.laopinon.cl\/noticia\/sociedad\/reunificacion-familiar-en-chile-puerta-abierta-la-migracion-o-garantia-constitucion\">Reunificaci\u00f3n familiar en Chile: \u00bfPuerta abierta a la migraci\u00f3n o garant\u00eda constitucional? ? Se refiere Fabiola Vergara Cevallos, acad\u00e9mica de la Facultad de Ciencias Jur\u00eddicas y Sociales.\u00a0<\/a><br \/><br \/><\/div><div><b>EL AMAULE<\/b>\u00a0<br \/><a href=\"https:\/\/www.elamaule.cl\/noticia\/sociedad\/reunificacion-familiar-en-chile-puerta-abierta-la-migracion-o-garantia-constitucion\">Reunificaci\u00f3n familiar en Chile: \u00bfPuerta abierta a la migraci\u00f3n o garant\u00eda constitucional? ? Se refiere Fabiola Vergara Cevallos, acad\u00e9mica de la Facultad de Ciencias Jur\u00eddicas y Sociales.\u00a0<\/a><br \/><br \/><\/div><div><b>EL VACANUDO<\/b>\u00a0<br \/><a href=\"https:\/\/www.elvacanudo.cl\/noticia\/sociedad\/reunificacion-familiar-en-chile-puerta-abierta-la-migracion-o-garantia-constitucion\">Reunificaci\u00f3n familiar en Chile: \u00bfPuerta abierta a la migraci\u00f3n o garant\u00eda constitucional? ? Se refiere Fabiola Vergara Cevallos, acad\u00e9mica de la Facultad de Ciencias Jur\u00eddicas y Sociales.\u00a0<\/a><br \/><br \/><\/div><div><b>EL DINAMO<\/b>\u00a0<br \/><a href=\"https:\/\/www.eldinamo.cl\/pais\/2025\/04\/10\/que-es-y-como-funciona-el-permiso-de-reunificacion-familiar\/\">Qu\u00e9 es y c\u00f3mo funciona el permiso de Reunificaci\u00f3n Familiar. Se refiere Fabiola Vergara Cevallos, acad\u00e9mica de la Facultad de Ciencias Jur\u00eddicas y Sociales.\u00a0<\/a><br \/><br \/><\/div><div><b>PORTAL PRENSA SALUD<\/b>\u00a0<br \/><a href=\"https:\/\/portalprensasalud.cl\/2025\/04\/10\/permiso-de-reunificacion-familiar-es-preocupante-esta-medida\/\">Permiso de Reunificaci\u00f3n Familiar: \u00bfes preocupante esta medida?\u00a0 Se refiere Fabiola Vergara Cevallos, acad\u00e9mica de la Facultad de Ciencias Jur\u00eddicas y Sociales.\u00a0<\/a><br \/><br \/><\/div><div><b>PUNTO LONTU\u00c9<\/b>\u00a0<br \/><a href=\"https:\/\/puntolontue.cl\/?p=16772\">Especialista responde: \u00bfChat GPT puede ser tu psic\u00f3logo? Se refiere Nadia Ramos Alvarado, directora del Centro de Psicolog\u00eda Aplicada (CEPA).\u00a0<\/a><br \/><br \/><\/div><div><b>PORTAL PRENSA SALUD<\/b>\u00a0<br \/><a href=\"https:\/\/portalprensasalud.cl\/2025\/04\/10\/que-es-la-dopamina-y-cual-es-su-relacion-con-las-redes-sociales\/\">\u00bfQu\u00e9 es la dopamina y cu\u00e1l es su relaci\u00f3n con las redes sociales? Se refiere Nadia Ramos Alvarado, directora del Centro de Psicolog\u00eda Aplicada (CEPA)<\/a>.\u00a0<br \/><br \/><\/div><div><b>RADIO LAUTARO<\/b>\u00a0<br \/><a href=\"https:\/\/radiolautarotalca.cl\/chat-gpt-puede-ser-tu-psicologo\/\">\u00bfChat GPT puede ser tu psic\u00f3logo? Se refiere Nadia Ramos Alvarado, directora del Centro de Psicolog\u00eda Aplicada (CEPA)\u00a0<\/a><br \/><br \/><\/div><div><b>TV5<\/b>\u00a0<br \/><a href=\"https:\/\/www.tv5.cl\/categoria\/local\/es-seguro-confiar-chatbot-psicologo\">\u00bfEs seguro confiar en un chatbot como psic\u00f3logo? Se refiere Nadia Ramos Alvarado, directora del Centro de Psicolog\u00eda Aplicada (CEPA).\u00a0<\/a><br \/><br \/><\/div><div><b>RADIO ANCOA<\/b>\u00a0<br \/><a href=\"https:\/\/www.radioancoa.cl\/categoria\/regional\/es-seguro-confiar-chatbot-psicologo\">\u00bfEs seguro confiar en un chatbot como psic\u00f3logo? Se refiere Nadia Ramos Alvarado, directora del Centro de Psicolog\u00eda Aplicada (CEPA).\u00a0<\/a><br \/><br \/><\/div><div><b>S\u00c9PTIMA PAGINA NOTICIAS<\/b>\u00a0<br \/><a href=\"https:\/\/www.septimapaginanoticias.cl\/especialista-responde-chat-gpt-puede-ser-tu-psicologo\">Especialista responde: \u00bfChat GPT puede ser tu psic\u00f3logo? Se refiere Nadia Ramos Alvarado, directora del Centro de Psicolog\u00eda Aplicada (CEPA).\u00a0<\/a><br \/><br \/><\/div><div><b>PORTAL PRENSA SALUD<\/b>\u00a0<br \/><a href=\"https:\/\/portalprensasalud.cl\/2025\/04\/10\/especialista-responde-chat-gpt-puede-ser-tu-psicologo\/\">Especialista responde: \u00bfChat GPT puede ser tu psic\u00f3logo? Se refiere Nadia Ramos Alvarado, directora del Centro de Psicolog\u00eda Aplicada (CEPA).\u00a0<\/a><br \/><br \/><\/div><div><b>DIARIO EL HERALDO<\/b>\u00a0<br \/><a href=\"https:\/\/www.diarioelheraldo.cl\/noticia\/permiso-de-reunificacion-familiar-es-preocupante-esta-medida\">Permiso de Reunificaci\u00f3n Familiar: \u00bfes preocupante esta medida? Se refiere Fabiola Vergara Cevallos, acad\u00e9mica de la Facultad de Ciencias Jur\u00eddicas y Sociales.\u00a0<\/a><br \/><br \/><\/div><div><b>RADIO INFINITA<\/b>\u00a0<br \/><a href=\"https:\/\/www.infinita.cl\/columnas\/2025\/04\/10\/maurico-morales-jeannette-jara-cuba-dichos-pc-comunista.html\">Dichos de Jeannette Jara sobre Cuba. Se refiere Mauricio Morales Quiroga, director de Centro de An\u00e1lisis Pol\u00edtico (CAP-UTalca).\u00a0<\/a><br \/><br \/><\/div><div><b>RADIO INFINITA<\/b>\u00a0<br \/><a href=\"https:\/\/www.litoralpress.cl\/sitio\/RadioTV_Detalles.cshtml?LPKey=CQDONDOPOHPNXXR22CBUEBIWUKPQWU35CZ3LO3XU65W2KAWB5KERQ3REWB7GPWO7JACYJSAKILZX6\">Comentario de pol\u00edtica de Mauricio Morales Quiroga, director del Centro de An\u00e1lisis Pol\u00edtico (CAP-UTalca).\u00a0<\/a><br \/><br \/><\/div><div><b>DIARIO EL CENTRO<\/b>\u00a0<br \/><a href=\"https:\/\/www.diarioelcentro.cl\/2025\/04\/10\/fallece-arnoldo-sanchez-figura-clave-en-el-desarrollo-de-la-region-del-maule\/\">Fallece Arnoldo S\u00e1nchez: figura clave en el desarrollo de la Regi\u00f3n del Maule. Se refiere Arcadio Cerda, decano de la Facultad de Econom\u00eda y Negocios.\u00a0<\/a><br \/><br \/><\/div><div><b>PORTAL AGRO CHILE<\/b>\u00a0<br \/><a href=\"https:\/\/www.portalagrochile.cl\/2025\/04\/10\/gender-analytics-desarrollan-app-para-calcular-brecha-salarial-en-el-sector-forestal\/\">\u201cGender Analytics\u201d: desarrollan app para calcular brecha salarial en el sector forestal. Se refiere Patricia Rodr\u00edguez Cu\u00e9llar, directora del Campus Santiago y Andrea Bentancor Cazenave, acad\u00e9mica de la Facultad de Econom\u00eda y Negocios.\u00a0<\/a><br \/><br \/><\/div><div><b>PORTAL PRENSA SALUD<\/b>\u00a0<br \/><a href=\"https:\/\/portalprensasalud.cl\/2025\/04\/10\/cientificos-investigan-como-prevenir-el-sindrome-de-fragilidad-en-personas-mayores\/\">Cient\u00edficos investigan c\u00f3mo prevenir el S\u00edndrome de Fragilidad en personas mayores. Se refiere Eduardo Fuentes Quinteros, acad\u00e9mico Facultad de Ciencias de la Salud.\u00a0<\/a><br \/><br \/><\/div><div><b>LA PRENSA DE CURIC\u00d3<\/b>\u00a0<br \/><a href=\"https:\/\/www.litoralpress.cl\/paginaconsultas\/Servicios_NClipSitio\/Get_Imagen_Nota.aspx?LPKey=O3YW7JCFBZPARDVOLF7RM3XU4OL523YXG5WIUGECIBVNUVBZKBP2ZNGNXV267DVWSCWHANY65OKOE\">Sucede. Se menciona la Universidad de Talca.\u00a0<\/a><br \/><br \/><\/div><div><b>PUBLIMICRO<\/b>\u00a0<br \/><a href=\"https:\/\/publimicro.cl\/estudiantes-de-la-universidad-de-talca-son-reconocidos-por-su-impacto-social-en-comunidades-de-la-region\/\">Estudiantes de la Universidad de Talca, son reconocidos por su impacto social en comunidades de la regi\u00f3n. Se menciona la Universidad de Talca.\u00a0<\/a><br \/><br \/><\/div><div><b>NOTICIAS UDEC<\/b>\u00a0<br \/><a href=\"https:\/\/noticias.udec.cl\/comite-ejecutivo-de-metared-x-sesiono-en-la-universidad-de-concepcion\/\">Comit\u00e9 Ejecutivo de MetaRed X sesion\u00f3 en la Universidad de Concepci\u00f3n. Se menciona la Universidad de Talca.\u00a0<\/a><br \/><br \/><\/div><div><b>COOPERATIVA CIENCIA<\/b>\u00a0<br \/><a href=\"https:\/\/www.cooperativaciencia.cl\/cienciaconellas\/2025\/04\/10\/leyla-cardenas-la-historia-de-la-primera-decana-de-ciencias-de-la-universidad-austral\/\">Leyla C\u00e1rdenas: La historia de la primera decana de Ciencias de la Universidad Austral. . Se menciona la Universidad de Talca.\u00a0<\/a><br \/><br \/><\/div><div><b>SOMOS\u00a0 MAULE<\/b>\u00a0<br \/><a href=\"http:\/\/somosmaule.cl\/publico\/ficha\/ficha.aspx?i=90740\">Estudiantes de la UTalca son reconocidos por su impacto social en comunidades de la regi\u00f3n. Se menciona la Universidad de Talca.\u00a0<\/a><br \/><br \/>\u00a0<\/div><div aria-hidden=\"true\">\u00a0<\/div><div>\u00a0<\/div>\t\t\t\t\t\t<\/div>\n\t\t\t\t<\/div>\n\t\t\t\t\t<\/div>\n\t\t<\/div>\n\t\t\t\t\t\t\t<\/div>\n\t\t<\/section>\n\t\t\t\t\t\t<\/div>\n\t\t\t\t\t<\/div>\n\t\t","protected":false},"excerpt":{"rendered":"<p>COOPERATIVA CIENCIA\u00a0Investigadores chilenos estudian el cambio clim\u00e1tico desde la zona subant\u00e1rtica. Se refiere Eduardo Castro, acad\u00e9mico del Departamento de Microbiolog\u00eda y miembro del Centro de Ecolog\u00eda Integrativa y Andrea Barrera, acad\u00e9mica del mencionado Departamento.\u202f\u202f\u00a0 MEGATIEMPO\u00a0Investigadores chilenos estudian el cambio clim\u00e1tico desde la zona Subant\u00e1rtica. Se refiere Eduardo Castro, acad\u00e9mico del Departamento de Microbiolog\u00eda y miembro &hellip;<\/p>\n<p class=\"read-more\"> <a class=\"\" href=\"https:\/\/www.reportedeprensa.utalca.cl\/?p=11676\"> <span class=\"screen-reader-text\">11 de abril 2025<\/span> Read More &raquo;<\/a><\/p>\n","protected":false},"author":1,"featured_media":0,"comment_status":"closed","ping_status":"open","sticky":false,"template":"","format":"standard","meta":{"_monsterinsights_skip_tracking":false,"_monsterinsights_sitenote_active":false,"_monsterinsights_sitenote_note":"","_monsterinsights_sitenote_category":0},"categories":[58],"tags":[],"_links":{"self":[{"href":"https:\/\/www.reportedeprensa.utalca.cl\/index.php?rest_route=\/wp\/v2\/posts\/11676"}],"collection":[{"href":"https:\/\/www.reportedeprensa.utalca.cl\/index.php?rest_route=\/wp\/v2\/posts"}],"about":[{"href":"https:\/\/www.reportedeprensa.utalca.cl\/index.php?rest_route=\/wp\/v2\/types\/post"}],"author":[{"embeddable":true,"href":"https:\/\/www.reportedeprensa.utalca.cl\/index.php?rest_route=\/wp\/v2\/users\/1"}],"replies":[{"embeddable":true,"href":"https:\/\/www.reportedeprensa.utalca.cl\/index.php?rest_route=%2Fwp%2Fv2%2Fcomments&post=11676"}],"version-history":[{"count":4,"href":"https:\/\/www.reportedeprensa.utalca.cl\/index.php?rest_route=\/wp\/v2\/posts\/11676\/revisions"}],"predecessor-version":[{"id":11680,"href":"https:\/\/www.reportedeprensa.utalca.cl\/index.php?rest_route=\/wp\/v2\/posts\/11676\/revisions\/11680"}],"wp:attachment":[{"href":"https:\/\/www.reportedeprensa.utalca.cl\/index.php?rest_route=%2Fwp%2Fv2%2Fmedia&parent=11676"}],"wp:term":[{"taxonomy":"category","embeddable":true,"href":"https:\/\/www.reportedeprensa.utalca.cl\/index.php?rest_route=%2Fwp%2Fv2%2Fcategories&post=11676"},{"taxonomy":"post_tag","embeddable":true,"href":"https:\/\/www.reportedeprensa.utalca.cl\/index.php?rest_route=%2Fwp%2Fv2%2Ftags&post=11676"}],"curies":[{"name":"wp","href":"https:\/\/api.w.org\/{rel}","templated":true}]}}