{"id":11689,"date":"2025-04-14T14:22:23","date_gmt":"2025-04-14T17:22:23","guid":{"rendered":"https:\/\/www.reportedeprensa.utalca.cl\/?p=11689"},"modified":"2025-04-14T14:22:42","modified_gmt":"2025-04-14T17:22:42","slug":"14-de-abril-2025","status":"publish","type":"post","link":"https:\/\/www.reportedeprensa.utalca.cl\/?p=11689","title":{"rendered":"14 de abril 2025"},"content":{"rendered":"\t\t<div data-elementor-type=\"wp-post\" data-elementor-id=\"11689\" class=\"elementor elementor-11689\" data-elementor-settings=\"[]\">\n\t\t\t\t\t\t\t<div class=\"elementor-section-wrap\">\n\t\t\t\t\t\t\t<section class=\"elementor-section elementor-top-section elementor-element elementor-element-bcea1a8 elementor-section-boxed elementor-section-height-default elementor-section-height-default\" data-id=\"bcea1a8\" data-element_type=\"section\">\n\t\t\t\t\t\t<div class=\"elementor-container elementor-column-gap-default\">\n\t\t\t\t\t<div class=\"elementor-column elementor-col-100 elementor-top-column elementor-element elementor-element-e7183bf\" data-id=\"e7183bf\" data-element_type=\"column\">\n\t\t\t<div class=\"elementor-widget-wrap elementor-element-populated\">\n\t\t\t\t\t\t\t\t<div class=\"elementor-element elementor-element-9930b72 elementor-widget elementor-widget-text-editor\" data-id=\"9930b72\" data-element_type=\"widget\" data-widget_type=\"text-editor.default\">\n\t\t\t\t<div class=\"elementor-widget-container\">\n\t\t\t\t\t\t\t\t<div class=\"x_elementToProof\"><b data-olk-copy-source=\"MessageBody\">LA TERCERA ONLINE<\/b>\u00a0<br \/><a href=\"https:\/\/www.latercera.com\/educacion\/noticia\/cientificos-del-maule-investigan-como-prevenir-el-sindrome-de-fragilidad-en-personas-mayores\/\">Cient\u00edficos del Maule investigan c\u00f3mo prevenir el \u201cS\u00edndrome de Fragilidad\u201d en personas mayores. Se refiere, Luis Guzm\u00e1n, decano (s) de la Facultad de Ciencias de la Salud, Rodrigo Palomo, vicerrector acad\u00e9mico y Eduardo Fuentes Quinteros, acad\u00e9mico de la Facultad de Ciencias de la Salud.\u202f\u00a0<\/a><br \/><br \/><\/div><div class=\"x_elementToProof\"><b>INOTICIAS<\/b>\u00a0<br \/><a href=\"https:\/\/inoticias.cl\/detalle\/cientificos-del-maule-investigan-como-prevenir-el-sindrome-de-fragilidad-en-personas-mayores-174411\">Cient\u00edficos del Maule investigan c\u00f3mo prevenir el \u201cS\u00edndrome de Fragilidad\u201d en personas mayores. Se refiere, Luis Guzm\u00e1n, decano (s) de la Facultad de Ciencias de la Salud, Rodrigo Palomo, vicerrector acad\u00e9mico y Eduardo Fuentes Quinteros, acad\u00e9mico de la Facultad de Ciencias de la Salud.\u202f\u202f\u00a0<\/a><br \/><br \/><\/div><div class=\"x_elementToProof\"><b>MSN CHILE<\/b>\u00a0<br \/><a href=\"https:\/\/www.msn.com\/es-cl\/noticias\/other\/cient%C3%ADficos-del-maule-investigan-c%C3%B3mo-prevenir-el-s%C3%ADndrome-de-fragilidad-en-personas-mayores\/ar-AA1CKOOt\">Cient\u00edficos del Maule investigan c\u00f3mo prevenir el \u201cS\u00edndrome de Fragilidad\u201d en personas mayores. Se refiere, Luis Guzm\u00e1n, decano (s) de la Facultad de Ciencias de la Salud, Rodrigo Palomo, vicerrector acad\u00e9mico y Eduardo Fuentes Quinteros, acad\u00e9mico de la Facultad de Ciencias de la Salud.\u202f\u202f\u00a0<\/a><br \/><br \/><\/div><div class=\"x_elementToProof\"><b>PORTAL RED SALUD<\/b>\u00a0<br \/><a href=\"https:\/\/portalredsalud.cl\/2025\/04\/10\/cientificos-investigan-como-prevenir-el-sindrome-de-fragilidad-en-personas-mayores\/\">Cient\u00edficos investigan c\u00f3mo prevenir el S\u00edndrome de Fragilidad en personas mayores. Se refiere, Luis Guzm\u00e1n, decano (s) de la Facultad de Ciencias de la Salud, Rodrigo Palomo, vicerrector acad\u00e9mico y Eduardo Fuentes Quinteros, acad\u00e9mico de la Facultad de Ciencias de la Salud.\u00a0<\/a><\/div><div class=\"x_elementToProof\" aria-hidden=\"true\">\u00a0<\/div><div class=\"x_elementToProof\"><b>COOPERATIVA CIENCIA<\/b>\u00a0<br \/><a href=\"https:\/\/www.cooperativaciencia.cl\/tecnologia\/2025\/04\/11\/desarrollan-app-movil-para-medir-la-brecha-salarial-en-el-sector-forestal-chileno\/\">Desarrollan app m\u00f3vil para medir la brecha salarial en el sector forestal chileno. Se refiere Patricia Rodr\u00edguez Cu\u00e9llar, directora Campus Santiago y Andrea Bentancor Cazenave, acad\u00e9mica de la Facultad de econom\u00eda y Negocios.\u00a0<\/a><br \/><br \/><\/div><div class=\"x_elementToProof\"><b>RADIO LAUTARO<\/b>\u00a0<br \/><a href=\"https:\/\/radiolautarotalca.cl\/gender-analytics-desarrollan-app-para-calcular-brecha-salarial-en-el-sector-forestal\/\">\u201cGender Analytics\u201d: desarrollan app para calcular brecha salarial en el sector forestal.\u00a0<\/a><br \/><a href=\"https:\/\/radiolautarotalca.cl\/gender-analytics-desarrollan-app-para-calcular-brecha-salarial-en-el-sector-forestal\/\">Se refiere Patricia Rodr\u00edguez Cu\u00e9llar, directora Campus Santiago y Andrea Bentancor Cazenave, acad\u00e9mica de la Facultad de econom\u00eda y Negocios.\u00a0<\/a><\/div><div class=\"x_elementToProof\">\u00a0<\/div><div class=\"x_elementToProof\"><b>LA SEGUNDA<\/b>\u00a0<br \/><a href=\"https:\/\/www.litoralpress.cl\/paginaconsultas\/Servicios_NClipSitio\/Get_Imagen_Nota.aspx?LPKey=SAX4EE2WE2T6SW6RGZHTLN2L7WLBGPEUSY6Q7KZX7TB64R7I7PZJTZDF3RYB4QFB4A4BRY5WLIIT4\">Winter orienta relato a movilizar al &#8220;n\u00facleo duro\u201d del FA. Se refiere Mauricio Morales Quiroga, director del Centro de An\u00e1lisis Pol\u00edtico (CAP-UTalca)<\/a>\u00a0<\/div><div class=\"x_elementToProof\">\u00a0<\/div><div class=\"x_elementToProof\"><b>MEGANOTICIAS<\/b>\u00a0<br \/><a href=\"https:\/\/www.meganoticias.cl\/nacional\/482071-columna-mauricio-morales-terraplanismo-democratico-cuba-jeannette-jara-fds01-13-04-2025.html\">Columna: &#8220;Terraplanismo democr\u00e1tico&#8221;. Se refiere Mauricio Morales, director Centro de An\u00e1lisis Pol\u00edtico (CAP). \u00a0<\/a><\/div><div class=\"x_elementToProof\">\u00a0<\/div><div class=\"x_elementToProof\"><b>EMOL<\/b>\u00a0<br \/><a href=\"https:\/\/www.emol.com\/noticias\/Nacional\/2025\/04\/13\/1163416\/monumental-emergencia-ministerio-seguridad.html\">Tragedia en el Monumental: Analistas hacen foco en c\u00f3mo se enfrent\u00f3 la primera emergencia del Ministerio de Seguridad. Se refiere Mario Herrera, acad\u00e9mico Centro de An\u00e1lisis Pol\u00edtico (CAP).\u00a0<\/a><br \/><br \/><\/div><div class=\"x_elementToProof\"><b>EMOL<\/b>\u00a0<br \/><a href=\"https:\/\/www.emol.com\/noticias\/Nacional\/2025\/04\/13\/1163296\/coordenadas-jara-winter-toha.html\">Coordenadas de Jara, Winter y Toh\u00e1: \u00bfA qui\u00e9n le hablan? \u00bfCu\u00e1les son sus temas? \u00bfPueden desmarcarse del Gobierno? Se refiere Mario Herrera, acad\u00e9mico Centro de An\u00e1lisis Pol\u00edtico (CAP).\u00a0<\/a><br \/><br \/><\/div><div class=\"x_elementToProof\"><b>EMOL<\/b>\u00a0<br \/><a href=\"https:\/\/www.emol.com\/noticias\/Nacional\/2025\/04\/12\/1163374\/primarias-oficialista-vodanovic-ps-analisis.html\">\u00bfAmenaza para la unidad? C\u00f3mo queda el panorama presidencial en el oficialismo tras la proclamaci\u00f3n de Vodanovic (PS). Se refiere Mario Herrera, acad\u00e9mico Centro de An\u00e1lisis Pol\u00edtico (CAP).\u00a0<\/a><br \/><br \/><\/div><div class=\"x_elementToProof\"><b>NUEVO PODER<\/b>\u00a0<br \/><a href=\"https:\/\/www.nuevopoder.cl\/vodanovic-ps-precandidata-unidad-socialdemocrata-y-parlamentarias-en-juego\/\">Vodanovic (PS) precandidata: unidad socialdem\u00f3crata y parlamentarias en juego. Se refiere Mario Herrera, acad\u00e9mico Centro de An\u00e1lisis Pol\u00edtico (CAP).\u00a0<\/a><br \/><br \/><\/div><div class=\"x_elementToProof\"><b>RADIO UCHILE<\/b>\u00a0<br \/><a href=\"https:\/\/radio.uchile.cl\/2025\/04\/13\/oficialismo-define-su-naipe-para-unas-primarias-de-las-que-podrian-salir-fortalecidos\/\">Oficialismo define su naipe para unas primarias de las que &#8220;podr\u00edan salir fortalecidos&#8221;.<b> <\/b>Se refiere Mario Herrera, acad\u00e9mico Centro de An\u00e1lisis Pol\u00edtico (CAP).\u00a0<\/a><br \/><br \/><\/div><div class=\"x_elementToProof\"><b>PORTAL RED SALUD<\/b>\u00a0<br \/><a href=\"https:\/\/portalredsalud.cl\/2025\/04\/11\/nueva-generacion-de-medicas-especialistas-inicia-formacion-en-la-utalca\/\">Nueva generaci\u00f3n de m\u00e9dicas especialistas inicia formaci\u00f3n en la UTalca. Se refiere Ernesto Sol\u00eds, director Escuela de Medicina.\u00a0<\/a><br \/><br \/><\/div><div class=\"x_elementToProof\"><b>MEDIABANCO<\/b>\u00a0<br \/><a href=\"https:\/\/www.mediabanco.com\/nueva-generacion-de-medicas-especialistas-inicia-formacion-en-la-utalca\/\">Nueva generaci\u00f3n de m\u00e9dicas especialistas inicia formaci\u00f3n en la UTalca. Ernesto Sol\u00eds,\u202fdirector\u202fde la\u202fEscuela\u202fde\u202fMedicina\u202f\u00a0<\/a><br \/><br \/><\/div><div class=\"x_elementToProof\"><b>EL LECTOR<\/b>\u00a0<br \/><a href=\"https:\/\/www.litoralpress.cl\/paginaconsultas\/Servicios_NClipSitio\/Get_Imagen_Nota.aspx?LPKey=BEIJKZPRSVIZ5WZ6CHU5FWQTE6O3GCYK2P7YEDY3XZW6QS5GRRPMLQT4T4KGMBRJMAV2Q2KPWWH6A\">Nueva generaci\u00f3n de m\u00e9dicas especialistas inicia formaci\u00f3n en la UTalca. Ernesto Sol\u00eds,\u202fdirector\u202fde la\u202fEscuela\u202fde\u202fMedicina.\u202f\u00a0<\/a><br \/><br \/><\/div><div class=\"x_elementToProof\"><b>PORTAL PRENSA SALUD<\/b>\u00a0<br \/><a href=\"https:\/\/portalprensasalud.cl\/2025\/04\/11\/nueva-generacion-de-medicas-especialistas-inicia-formacion-en-la-utalca\/\">Nueva generaci\u00f3n de m\u00e9dicas especialistas inicia formaci\u00f3n en la UTalca. Ernesto Sol\u00eds,\u202fdirector\u202fde la\u202fEscuela\u202fde\u202fMedicina.\u202f\u00a0<\/a><br \/><br \/><\/div><div class=\"x_elementToProof\"><b>PUBLIMICRO<\/b>\u00a0<br \/><a href=\"https:\/\/publimicro.cl\/universidad-de-talca-celebro-el-mes-del-libro-con-cuentacuentos-en-torno-al-arte-y-charla-educativa-en-nuga\/\">Universidad de Talca celebr\u00f3 el Mes del Libro con cuentacuentos en torno al arte y charla educativa en NUGA. Se refiere Carlos Torres Fuchslocher, rector.\u00a0<\/a><br \/><br \/><\/div><div class=\"x_elementToProof\"><b>CHILL\u00c1N ONLINE<\/b>\u00a0<br \/><a href=\"https:\/\/www.chillanonline.cl\/V7\/2025\/04\/13\/inicia-convocatoria-de-programa-que-promueve-la-innovacion-y-el-liderazgo-juvenil-en-el-sector-agricola\/\">Inicia convocatoria de programa que promueve la innovaci\u00f3n y el liderazgo juvenil en el sector agr\u00edcola. Se refiere Marcela Gonz\u00e1lez, decana Facultad de Ingenier\u00eda.\u00a0<\/a><br \/><br \/><\/div><div class=\"x_elementToProof\"><b>DIARIO EL HERALDO<\/b>\u00a0<br \/><a href=\"https:\/\/www.diarioelheraldo.cl\/noticia\/utalca-celebro-el-mes-del-libro-con-cuentacuentos-en-torno-al-arte-y-charla-educativa-en-nuga\">UTalca celebr\u00f3 el Mes del Libro con cuentacuentos en torno al arte y charla educativa en NUGA. Se refiere Carlos Torres Fuchslocher, rector y Marcela Albornoz, directora de Extensi\u00f3n Cultural- Art\u00edstica.\u00a0<\/a><br \/>\u00a0<\/div><div class=\"x_elementToProof\"><b>MEDIABANCO<\/b>\u00a0<br \/><a href=\"https:\/\/www.mediabanco.com\/utalca-celebro-el-mes-del-libro-con-cuentacuentos-en-torno-al-arte-y-charla-educativa-en-nuga\/\">UTalca celebr\u00f3 el Mes del Libro con cuentacuentos en torno al arte y charla educativa en NUGA. Se refiere Carlos Torres Fuchslocher, rector y Marcela Albornoz Dachelet, directora de Extensi\u00f3n Cultural Art\u00edstica.\u00a0<\/a><br \/><br \/><\/div><div class=\"x_elementToProof\"><b>CHILL\u00c1N ONLINE<\/b>\u00a0<br \/><a href=\"https:\/\/www.chillanonline.cl\/V7\/2025\/04\/12\/utalca-celebro-el-mes-del-libro-con-cuentascuentos-en-torno-al-arte-y-charla-educativa-en-nuga\/\">UTalca celebr\u00f3 el Mes del Libro con cuentacuentos en torno al arte y charla educativa en NUGA. Se refiere Carlos Torres Fuchslocher, rector y Marcela Albornoz Dachelet, directora de Extensi\u00f3n Cultural Art\u00edstica.\u00a0<\/a><br \/><br \/><\/div><div class=\"x_elementToProof\"><b>MEDIABANCO<\/b>\u00a0<br \/><a href=\"https:\/\/www.mediabanco.com\/utalca-presenta-obra-teatral-que-muestra-la-transformacion-de-solange-lackington-en-gabriela-mistral\/\">UTalca presenta obra teatral que muestra la transformaci\u00f3n de Solange Lackington en Gabriela Mistral. Se refiere Marcela Albornoz Dachelet, directora de Extensi\u00f3n Cultural Art\u00edstica.\u00a0<\/a><br \/><br \/><\/div><div class=\"x_elementToProof\"><b>PUBLIMICRO<\/b>\u00a0<br \/><a href=\"https:\/\/publimicro.cl\/universidad-de-talca-presenta-obra-teatral-que-muestra-la-transformacion-de-solange-lackington-en-gabriela-mistral\/\">Universidad de Talca presenta obra teatral, que muestra la transformaci\u00f3n de Solange Lackington en Gabriela Mistral. Se refiere Marcela Albornoz Dachelet, directora de Extensi\u00f3n Cultural Art\u00edstica.\u00a0<\/a><br \/><br \/><\/div><div class=\"x_elementToProof\"><b>AD PRENSA<\/b>\u00a0<br \/><a href=\"https:\/\/www.adprensa.cl\/cronica\/utalca-presenta-obra-teatral-que-muestra-la-transformacion-de-solange-lackington-en-gabriela-mistral\/\">UTalca presenta obra teatral que muestra la transformaci\u00f3n de Solange Lackington en Gabriela Mistral. Se refiere Marcela Albornoz Dachelet, directora de Extensi\u00f3n Cultural Art\u00edstica.\u00a0<\/a><br \/><br \/><\/div><div class=\"x_elementToProof\"><b>DIARIO EL CENTRO<\/b>\u00a0<br \/><a href=\"https:\/\/www.diarioelcentro.cl\/2025\/04\/12\/una-jornada-para-leer-jugar-y-pensar-utalca-festejo-el-mes-del-libro-en-nuga\/\">Una jornada para leer, jugar y pensar: UTalca festej\u00f3 el Mes del Libro en NUGA. Se refiere Marcela Albornoz Dachelet, directora de Extensi\u00f3n Cultural-Art\u00edstica.\u00a0<\/a><br \/><br \/><\/div><div class=\"x_elementToProof\"><b>TV5<\/b>\u00a0<br \/><a href=\"https:\/\/www.tv5.cl\/categoria\/local\/ninos-disfrutan-actividades-literarias-utalca\">Ni\u00f1os disfrutan de actividades literarias en UTalca. Se refiere Marcela Albornoz Dachelet, directora de Extensi\u00f3n Cultural-Art\u00edstica.\u00a0<\/a><\/div><div class=\"x_elementToProof\" aria-hidden=\"true\">\u00a0<\/div><div class=\"x_elementToProof\"><b>MAULE HOY<\/b>\u00a0<br \/><a href=\"https:\/\/www.litoralpress.cl\/paginaconsultas\/Servicios_NClipSitio\/Get_Imagen_Nota.aspx?LPKey=QKMDU5SWOGIVSOY354Z4HQF7UIHY35G3LJNDMG4Q5QZ5FMCOSGQYIP3OWH5VQJV5VEV3X744H35XQ\">Reinas del Piano: Disco rescata y visibiliza obra de mujeres en la m\u00fasica cl\u00e1sica. Se refiere Carlos Torres Fuchslocher, rector, Felipe Gonz\u00e1lez, acad\u00e9mico de la Escuela de M\u00fasica y Marcela Lillo, acad\u00e9mica de la mencionada escuela.\u202f\u00a0<\/a><br \/><br \/><\/div><div class=\"x_elementToProof\"><b>G5 NOTICIA<\/b>\u00a0<br \/><a href=\"https:\/\/g5noticias.cl\/2025\/04\/13\/permiso-de-reunificacion-familiar-es-preocupante-esta-medida\/\">Permiso de Reunificaci\u00f3n Familiar: \u00bfes preocupante esta medida? Se refiere Fabiola Vergara Cevallos, acad\u00e9mica de la Facultad de Ciencias Jur\u00eddicas y Sociales.\u00a0<\/a><br \/><br \/><\/div><div class=\"x_elementToProof\"><b>EL HERALDO<\/b>\u00a0<br \/><a href=\"https:\/\/www.litoralpress.cl\/paginaconsultas\/Servicios_NClipSitio\/Get_Imagen_Nota.aspx?LPKey=UV6ARCQNMUPHJU7YKENPZK63A636WBJNF6FTMZUK3A4AGSGF3JY32NG3ZL6FAVWUGXXJDED5FCKSU\">Permiso de Reunificaci\u00f3n Familiar: \u00bfes preocupante esta medida? Se refiere Fabiola Vergara Ceballos, acad\u00e9mica de la Facultad de Ciencias Jur\u00eddicas y Sociales.\u00a0<\/a><br \/><br \/><\/div><div class=\"x_elementToProof\"><b>PUBLIMICRO<\/b>\u00a0<br \/><a href=\"https:\/\/publimicro.cl\/permiso-de-reunificacion-familiar-es-preocupante-esta-medida-haitianos-llegan-en-oleadas-y-gobierno-los-esta-dejando-entrar\/\">Permiso de Reunificaci\u00f3n Familiar: \u00bfEs preocupante esta medida? Haitianos llegan en oleadas y Gobierno los est\u00e1 dejando entrar. Se refiere Fabiola Vergara Ceballos, acad\u00e9mica de la Facultad de Ciencias Jur\u00eddicas y Sociales.\u00a0<\/a><br \/><br \/><\/div><div class=\"x_elementToProof\"><b>LA NOTICIA<\/b>\u00a0<br \/><a href=\"https:\/\/lanoticia.cl\/permiso-de-reunificacion-familiar-es-preocupante-esta-medida\/\">Permiso de Reunificaci\u00f3n Familiar: \u00bfes preocupante esta medida? Se refiere Fabiola Vergara Ceballos, acad\u00e9mica de la Facultad de Ciencias Jur\u00eddicas y Sociales.\u00a0<\/a><br \/><br \/><\/div><div class=\"x_elementToProof\"><b>AD PRENSA<\/b>\u00a0<br \/><a href=\"https:\/\/www.adprensa.cl\/cronica\/permiso-de-reunificacion-familiar-es-preocupante-esta-medida\/\">Permiso de Reunificaci\u00f3n Familiar: \u00bfes preocupante esta medida? Se refiere Fabiola Vergara Ceballos, acad\u00e9mica de la Facultad de Ciencias Jur\u00eddicas y Sociales.\u00a0<\/a><br \/><br \/><\/div><div class=\"x_elementToProof\"><b>RADIO LAUTARO<\/b>\u00a0<br \/><a href=\"https:\/\/radiolautarotalca.cl\/permiso-de-reunificacion-familiar-es-preocupante-esta-medida\/\">Permiso de Reunificaci\u00f3n Familiar: \u00bfes preocupante esta medida? Se refiere Fabiola Vergara Ceballos, acad\u00e9mica de la Facultad de Ciencias Jur\u00eddicas y Sociales.\u00a0<\/a><br \/><br \/><\/div><div class=\"x_elementToProof\"><b>PORTAL RED SALUD<\/b>\u00a0<br \/><a href=\"https:\/\/portalredsalud.cl\/2025\/04\/10\/permiso-de-reunificacion-familiar-es-preocupante-esta-medida\/\">Permiso de Reunificaci\u00f3n Familiar: \u00bfes preocupante esta medida? Se refiere Fabiola Vergara Ceballos, acad\u00e9mica de la Facultad de Ciencias Jur\u00eddicas y Sociales.\u00a0<\/a><br \/><br \/><\/div><div class=\"x_elementToProof\"><b>PORTAL PRENSA SALUD<\/b>\u00a0<br \/><a href=\"https:\/\/portalprensasalud.cl\/2025\/04\/12\/expertos-explican-por-que-la-prision-preventiva-debe-ser-considerada-solo-como-ultimo-recurso\/\">Expertos explican por qu\u00e9 la prisi\u00f3n preventiva debe ser considerada solo como \u00faltimo recurso. Se refiere Fabiola Vergara Ceballos, acad\u00e9mica de la Facultad de Ciencias Jur\u00eddicas y Sociales.\u00a0<\/a><br \/><br \/><\/div><div class=\"x_elementToProof\"><b>PORTAL RED SALUD<\/b>\u00a0<br \/><a href=\"https:\/\/portalredsalud.cl\/2025\/04\/10\/que-es-la-dopamina-y-cual-es-su-relacion-con-las-redes-sociales\/\">\u00bfQu\u00e9 es la dopamina y cu\u00e1l es su relaci\u00f3n con las redes sociales? Se refiere Nadia Ramos Alvarado, directora del Centro de Psicolog\u00eda Aplicada (CEPA).\u202f\u00a0<\/a><br \/><br \/><\/div><div class=\"x_elementToProof\"><b>PORTAL RED SALUD<\/b>\u00a0<br \/><a href=\"https:\/\/portalredsalud.cl\/2025\/04\/10\/especialista-responde-chat-gpt-puede-ser-tu-psicologo\/\">Especialista responde: \u00bfChat GPT puede ser tu psic\u00f3logo? Se refiere Nadia Ramos Alvarado, directora del Centro de Psicolog\u00eda Aplicada (CEPA).\u202f\u00a0<\/a><br \/><u><a id=\"OWA6d7ebb53-492b-1fc0-62a1-e2a591072203\" class=\"x_x_Hyperlink x_x_SCXW79335397 x_x_BCX0 x_x_OWAAutoLink\" title=\"https:\/\/portalredsalud.cl\/2025\/04\/10\/especialista-responde-chat-gpt-puede-ser-tu-psicologo\/\" href=\"https:\/\/portalredsalud.cl\/2025\/04\/10\/especialista-responde-chat-gpt-puede-ser-tu-psicologo\/\" target=\"_blank\" rel=\"noopener noreferrer\" data-auth=\"NotApplicable\" data-linkindex=\"37\"><\/a><\/u><\/div><div>\u00a0<\/div><div class=\"x_elementToProof\"><b>PORTAL EDUCA<\/b>\u00a0<br \/><a href=\"https:\/\/portaleduca.cl\/moderno-equipo-de-la-utalca-impulsara-investigacion-en-la-region-y-el-pais\/\">Moderno equipo de la UTalca impulsar\u00e1 investigaci\u00f3n en la regi\u00f3n y el pa\u00eds. Se refiere Rodrigo Palomo V\u00e9lez, vicerrector acad\u00e9mico, Roberto Jara, director de Investigaci\u00f3n y Joel Alderete, director del Instituto de Qu\u00edmica de recurso Naturales.\u202f\u00a0<\/a><\/div><div class=\"x_elementToProof\">\u00a0<\/div><div class=\"x_elementToProof\"><b>MAULE HOY<\/b>\u00a0<br \/><a href=\"https:\/\/www.litoralpress.cl\/paginaconsultas\/Servicios_NClipSitio\/Get_Imagen_Nota.aspx?LPKey=LC3ANOJH4QVF4BCCOCJOYRPWOUZ5C7GH2Q3WQ6NNVPCSQ5FDCIZLWK3QH6P4C3FNYIZEIPQCQTRXY\">Investigan c\u00f3mo los ecosistemas de zonas extremas pueden predecir cambios en la Ant\u00e1rtica. Se refiere Mar\u00eda Elisa Quinteros, directora de Relaciones Internacionales y Eduardo Castro, acad\u00e9mico del Departamento de Microbiolog\u00eda y miembro del Centro de Ecolog\u00eda Integrativa.\u202f\u00a0<\/a><br \/><br \/><\/div><div class=\"x_elementToProof\"><b>LA PRENSA DE CURIC\u00d3<\/b>\u00a0<br \/><a href=\"https:\/\/www.litoralpress.cl\/paginaconsultas\/Servicios_NClipSitio\/Get_Imagen_Nota.aspx?LPKey=4PQKGCZW7LYK5AG54G4PABDZZ54M27TFNNKGAUSS72ZVIHFPKA5REET2EWXIEL4OI54KJBBHOBJSY\">Por impacto social en comunidades de la regi\u00f3n reconocen a estudiantes de la UTalca. Se refiere Marlene Guti\u00e9rrez, directora del Programa de Formaci\u00f3n Fundamental (PFF) y Natalia Mart\u00ednez, coordinadora de m\u00f3dulos de cuarto a\u00f1o del mencionado programa.\u202f\u00a0<\/a><br \/><br \/><\/div><div class=\"x_elementToProof\"><b>LA PRENSA DE CURIC\u00d3<\/b>\u00a0<br \/><a href=\"https:\/\/www.litoralpress.cl\/paginaconsultas\/Servicios_NClipSitio\/Get_Imagen_Nota.aspx?LPKey=MXL3AIYTOTTQ3E2IUI2RPOXY3W2FI3MCO2GEFHOU6JULB7KQEVMNUWH4ILDBTLG4QNFXRUFHQV3YM\">Rangers y Guric\u00f3 Unido chocan hoy en Linares. Se menciona la Universidad de Talca.\u00a0<\/a><\/div><div class=\"x_elementToProof\"><b>\u00a0<\/b><\/div><div class=\"x_elementToProof\"><b>LA PRENSA DE CURIC\u00d3<\/b>\u00a0<br \/><a href=\"https:\/\/www.litoralpress.cl\/sitio\/Prensa_Detalles.cshtml?LPKey=TAMADR2KEQ36RCTMWUBNQM5RGVF5WTII24YODN4NZJALURXRR2GQ\">Investidura de nuevos integrantes del C\u00edrculo de Amigos PDI Talca. Se menciona la Universidad de Talca.\u00a0<\/a><br \/><br \/><\/div><div class=\"x_elementToProof\"><b>CANAL TVN<\/b>\u00a0<br \/><a href=\"https:\/\/www.litoralpress.cl\/sitio\/RadioTV_Detalles.cshtml?LPKey=YI7DBK4J2TKC6NJEHNPHCLCRD52LB7V74A4OTYKX7IDJ4R2PPGYU7YD6ZIGMJALU7I45UC5ULIWSO\">M\u00e9dico y cantante de \u00f3pera: La historia de Jos\u00e9 Andr\u00e9s Mu\u00f1oz. Se menciona la Universidad de Talca.\u00a0<\/a><br \/><br \/><\/div><div class=\"x_elementToProof\"><b>PUBLIMICRO<\/b>\u00a0<br \/><a href=\"https:\/\/publimicro.cl\/pia-yovanovic-inspira-con-charla-liderazgo-con-proposito-en-la-universidad-de-talca\/\">P\u00eda Yovanovic inspira con charla \u2018Liderazgo con Prop\u00f3sito en la Universidad de Talca. Se menciona la Universidad de Talca.\u00a0<\/a><br \/><br \/><\/div><div class=\"x_elementToProof\"><b>EL MERCURIO<\/b>\u00a0<br \/><a href=\"https:\/\/www.litoralpress.cl\/paginaconsultas\/Servicios_NClipSitio\/Get_Imagen_Nota.aspx?LPKey=EIZZG4DYSVOSIAJMV5ZOYXIRZZLXM3M4HKU64JJCY4GXEJKIBYCELGDV3QS6H25OTWYPB3MEJFJNK\">Tramas en la ciudad. Se menciona la Universidad de Talca.\u00a0<\/a><br \/><br \/><\/div><div class=\"x_elementToProof\"><b>DIARIO LA PRENSA<\/b>\u00a0<br \/><a href=\"https:\/\/new.diariolaprensa.cl\/index.php\/2025\/04\/12\/rangers-y-curico-unido-chocan-hoy-en-linares\/\">Rangers y Curic\u00f3 Unido chocan hoy en Linares. Se menciona la Universidad de Talca.\u00a0<\/a><br \/><br \/><\/div><div class=\"x_elementToProof\"><b>SOY VALDIVIA<\/b>\u00a0<br \/><a href=\"https:\/\/www.soychile.cl\/valdivia\/sociedad\/2025\/04\/13\/902087\/firma-de-convenio-de-colaboracion.html\">Los R\u00edos: Firman convenio para impulsar el desarrollo de proyectos territoriales. Se menciona a Universidad de Talca.\u00a0<\/a><br \/><br \/><\/div><div class=\"x_elementToProof\">\u00a0<\/div>\t\t\t\t\t\t<\/div>\n\t\t\t\t<\/div>\n\t\t\t\t\t<\/div>\n\t\t<\/div>\n\t\t\t\t\t\t\t<\/div>\n\t\t<\/section>\n\t\t\t\t\t\t<\/div>\n\t\t\t\t\t<\/div>\n\t\t","protected":false},"excerpt":{"rendered":"<p>LA TERCERA ONLINE\u00a0Cient\u00edficos del Maule investigan c\u00f3mo prevenir el \u201cS\u00edndrome de Fragilidad\u201d en personas mayores. Se refiere, Luis Guzm\u00e1n, decano (s) de la Facultad de Ciencias de la Salud, Rodrigo Palomo, vicerrector acad\u00e9mico y Eduardo Fuentes Quinteros, acad\u00e9mico de la Facultad de Ciencias de la Salud.\u202f\u00a0 INOTICIAS\u00a0Cient\u00edficos del Maule investigan c\u00f3mo prevenir el \u201cS\u00edndrome de &hellip;<\/p>\n<p class=\"read-more\"> <a class=\"\" href=\"https:\/\/www.reportedeprensa.utalca.cl\/?p=11689\"> <span class=\"screen-reader-text\">14 de abril 2025<\/span> Read More &raquo;<\/a><\/p>\n","protected":false},"author":1,"featured_media":0,"comment_status":"closed","ping_status":"open","sticky":false,"template":"","format":"standard","meta":{"_monsterinsights_skip_tracking":false,"_monsterinsights_sitenote_active":false,"_monsterinsights_sitenote_note":"","_monsterinsights_sitenote_category":0},"categories":[58],"tags":[],"_links":{"self":[{"href":"https:\/\/www.reportedeprensa.utalca.cl\/index.php?rest_route=\/wp\/v2\/posts\/11689"}],"collection":[{"href":"https:\/\/www.reportedeprensa.utalca.cl\/index.php?rest_route=\/wp\/v2\/posts"}],"about":[{"href":"https:\/\/www.reportedeprensa.utalca.cl\/index.php?rest_route=\/wp\/v2\/types\/post"}],"author":[{"embeddable":true,"href":"https:\/\/www.reportedeprensa.utalca.cl\/index.php?rest_route=\/wp\/v2\/users\/1"}],"replies":[{"embeddable":true,"href":"https:\/\/www.reportedeprensa.utalca.cl\/index.php?rest_route=%2Fwp%2Fv2%2Fcomments&post=11689"}],"version-history":[{"count":4,"href":"https:\/\/www.reportedeprensa.utalca.cl\/index.php?rest_route=\/wp\/v2\/posts\/11689\/revisions"}],"predecessor-version":[{"id":11693,"href":"https:\/\/www.reportedeprensa.utalca.cl\/index.php?rest_route=\/wp\/v2\/posts\/11689\/revisions\/11693"}],"wp:attachment":[{"href":"https:\/\/www.reportedeprensa.utalca.cl\/index.php?rest_route=%2Fwp%2Fv2%2Fmedia&parent=11689"}],"wp:term":[{"taxonomy":"category","embeddable":true,"href":"https:\/\/www.reportedeprensa.utalca.cl\/index.php?rest_route=%2Fwp%2Fv2%2Fcategories&post=11689"},{"taxonomy":"post_tag","embeddable":true,"href":"https:\/\/www.reportedeprensa.utalca.cl\/index.php?rest_route=%2Fwp%2Fv2%2Ftags&post=11689"}],"curies":[{"name":"wp","href":"https:\/\/api.w.org\/{rel}","templated":true}]}}