{"id":11964,"date":"2025-06-02T10:29:48","date_gmt":"2025-06-02T13:29:48","guid":{"rendered":"https:\/\/www.reportedeprensa.utalca.cl\/?p=11964"},"modified":"2025-06-04T16:41:30","modified_gmt":"2025-06-04T19:41:30","slug":"02-de-junio-2025","status":"publish","type":"post","link":"https:\/\/www.reportedeprensa.utalca.cl\/?p=11964","title":{"rendered":"02 de junio 2025"},"content":{"rendered":"\t\t<div data-elementor-type=\"wp-post\" data-elementor-id=\"11964\" class=\"elementor elementor-11964\" data-elementor-settings=\"[]\">\n\t\t\t\t\t\t\t<div class=\"elementor-section-wrap\">\n\t\t\t\t\t\t\t<section class=\"elementor-section elementor-top-section elementor-element elementor-element-bcea1a8 elementor-section-boxed elementor-section-height-default elementor-section-height-default\" data-id=\"bcea1a8\" data-element_type=\"section\">\n\t\t\t\t\t\t<div class=\"elementor-container elementor-column-gap-default\">\n\t\t\t\t\t<div class=\"elementor-column elementor-col-100 elementor-top-column elementor-element elementor-element-e7183bf\" data-id=\"e7183bf\" data-element_type=\"column\">\n\t\t\t<div class=\"elementor-widget-wrap elementor-element-populated\">\n\t\t\t\t\t\t\t\t<div class=\"elementor-element elementor-element-bcb388d elementor-widget elementor-widget-text-editor\" data-id=\"bcb388d\" data-element_type=\"widget\" data-widget_type=\"text-editor.default\">\n\t\t\t\t<div class=\"elementor-widget-container\">\n\t\t\t\t\t\t\t\t<div class=\"x_elementToProof\"><b data-olk-copy-source=\"MessageBody\">LA TERCERA &#8211; EDICI\u00d3N ESPECIAL<\/b>\u00a0<br \/><a href=\"https:\/\/www.litoralpress.cl\/sitio\/Prensa_Detalles.cshtml?LPKey=JFSSZO6X7LX7ONGW2KLTCFJGRYUOERV6HEM4ZPSNC5YWDGEV5QIA\">Radiograf\u00eda a la matr\u00edcula extranjera en educaci\u00f3n superior (PORTADA). Se refiere Carlos Torres Fuchslocher, rector.\u00a0<\/a><br \/><br \/><\/div><div class=\"x_elementToProof\"><b>LA TERCERA &#8211; EDICI\u00d3N ESPECIAL<\/b>\u00a0<br \/><a href=\"https:\/\/www.litoralpress.cl\/sitio\/Prensa_PaginaCompleta.cshtml?LPKey=ULUQVGIZDWBSLBDQQMI6KP5FXW7C65YHHFK7QYCLG4EU2ADQRMSQ\">\u201cEl mercado laboral se est\u00e1 fijando menos en los \u201ccartones\u201d y m\u00e1s en las habilidades\u201d. Se refiere Carlos Torres Fuchslocher, rector.\u00a0<\/a><br \/><br \/><\/div><div class=\"x_elementToProof\"><b>24 HORAS TVN<\/b>\u00a0<br \/><a href=\"https:\/\/www.24horas.cl\/programas\/estado-regional\/estado-regional-tvn-invitados-viernes-30-de-mayo\">Estado Regional Red Maule. Se refiere Gabriel Celis Danzinguer, director Escuela Derecho campus Santiago. \u00a0<\/a><br \/><br \/><\/div><div class=\"x_elementToProof\"><b>EMOL<\/b>\u00a0<br \/><a href=\"https:\/\/www.emol.com\/noticias\/Nacional\/2025\/05\/31\/1167946\/renuncia-sumarios-gobierno-abogados.html\">\u00bfSi renuncian hay sumarios? La aclaraci\u00f3n de expertos tras el esc\u00e1ndalo de funcionarios p\u00fablicos por licencias m\u00e9dicas. Se refiere Gabriel Celis Danzinger, director de la escuela de Derecho Campus Santiago; y Mar\u00eda Soledad Jofr\u00e9, acad\u00e9mica de Derecho Laboral.\u00a0<\/a><\/div><div class=\"x_elementToProof\">\u00a0<\/div><div class=\"x_elementToProof\"><b>EL MERCURIO<\/b>\u00a0<br \/><a href=\"https:\/\/www.litoralpress.cl\/paginaconsultas\/Servicios_NClipSitio\/Get_Imagen_Nota.aspx?LPKey=ZS7IJSASCKTN7YWVK76UPWQNG4Z6EBSTFTW3W7LQNYOHQTZGPYL54BXVP7JZRVCFBPNJ67NFRHW2K\">Ciberdelincuentes al acecho de la tercera edad conectada. Se refiere Germ\u00e1n Lobos, acad\u00e9mico del Centro de Longevidad Vitalis.\u00a0<\/a><\/div><div class=\"x_elementToProof\">\u00a0<\/div><div class=\"x_elementToProof\"><b>RADIO ADN\u00a0<\/b>\u00a0<\/div><div class=\"x_elementToProof\"><a href=\"https:\/\/www.litoralpress.cl\/sitio\/RadioTV_Detalles.cshtml?LPKey=NTGVUBBNVS4V5VPQPH6DEEGAHXPU2EAPSUUGZ35DKNOVKYDR5HJ3IA3434WIKUUSZKWCML7ZJ4M7Q\">Cerca de 3 mil toneladas de basura han sido retiradas de vertederos clandestinos en\u00a0<\/a><br \/><a href=\"https:\/\/www.litoralpress.cl\/sitio\/RadioTV_Detalles.cshtml?LPKey=NTGVUBBNVS4V5VPQPH6DEEGAHXPU2EAPSUUGZ35DKNOVKYDR5HJ3IA3434WIKUUSZKWCML7ZJ4M7Q\">los \u00faltimos meses en la Regi\u00f3n Metropolitana. Pamela cuevas, acad\u00e9mica del del Departamento de Salud P\u00fablica.\u00a0<\/a><\/div><div class=\"x_elementToProof\">\u00a0<\/div><div class=\"x_elementToProof\"><b>RADIO AGRICULTURA<\/b>\u00a0<br \/><a href=\"https:\/\/www.radioagricultura.cl\/noticias\/dato-practico\/paes-de-invierno-2025-estas-son-las-claves-para-el-exito_20250531\/\">PAES de Invierno 2025: planificaci\u00f3n y confianza como claves de \u00e9xito. Se refiere Iv\u00e1n Acevedo Salas, responsable del equipo psicoeducativo de la Unidad de Acompa\u00f1amiento Estudiantil (CIMA) y Felipe Figueroa Mart\u00ednez, profesional Unidad de Vinculaci\u00f3n con el Sistema Escolar.\u00a0<\/a><br \/><br \/><\/div><div class=\"x_elementToProof\"><b>MEDIABANCO<\/b>\u00a0<br \/><a href=\"https:\/\/www.radioagricultura.cl\/noticias\/dato-practico\/paes-de-invierno-2025-estas-son-las-claves-para-el-exito_20250531\/\">PAES de Invierno 2025: planificaci\u00f3n y confianza como claves de \u00e9xito. Se refiere Iv\u00e1n Acevedo Salas, responsable del equipo psicoeducativo de la Unidad de Acompa\u00f1amiento Estudiantil (CIMA) y Felipe Figueroa Mart\u00ednez, profesional Unidad de Vinculaci\u00f3n con el Sistema Escolar.\u00a0<\/a><br \/><br \/><\/div><div class=\"x_elementToProof\"><b>CHILL\u00c1N ONLINE<\/b>\u00a0<br \/><a href=\"https:\/\/www.chillanonline.cl\/V7\/2025\/05\/31\/paes-de-invierno-2025-planificacion-y-confianza-como-claves-de-exito\/\">PAES de Invierno 2025: planificaci\u00f3n y confianza como claves de \u00e9xito. Se refiere Iv\u00e1n Acevedo Salas, responsable del equipo psicoeducativo de la Unidad de Acompa\u00f1amiento Estudiantil (CIMA) y Felipe Figueroa Mart\u00ednez, profesional Unidad de Vinculaci\u00f3n con el Sistema Escolar.\u00a0<\/a><br \/><br \/><\/div><div class=\"x_elementToProof\"><b>BIO NOTICIAS<\/b>\u00a0<br \/><a href=\"https:\/\/bionoticias.cl\/paes-de-invierno-2025-planificacion-y-confianza-como-claves-de-exito\/\">PAES de Invierno 2025: planificaci\u00f3n y confianza como claves de \u00e9xito. Se refiere Iv\u00e1n Acevedo Salas, responsable del equipo psicoeducativo de la Unidad de Acompa\u00f1amiento Estudiantil (CIMA) y Felipe Figueroa Mart\u00ednez, profesional Unidad de Vinculaci\u00f3n con el Sistema Escolar.\u00a0<\/a><br \/><br \/><\/div><div class=\"x_elementToProof\"><b>EL MAULE INFORMA<\/b>\u00a0<br \/><a href=\"https:\/\/elmauleinforma.cl\/paes-de-invierno-2025-planificacion-y-confianza-como-claves-de-exito\/\">PAES de Invierno 2025: planificaci\u00f3n y confianza como claves de \u00e9xito. Se refiere Iv\u00e1n Acevedo Salas, responsable del equipo psicoeducativo de la Unidad de Acompa\u00f1amiento Estudiantil (CIMA) y Felipe Figueroa Mart\u00ednez, profesional Unidad de Vinculaci\u00f3n con el Sistema Escolar.\u00a0<\/a><\/div><div class=\"x_elementToProof\">\u00a0<\/div><div class=\"x_elementToProof\"><b>CANAL MEGA<\/b><br \/><a href=\"https:\/\/www.litoralpress.cl\/sitio\/RadioTV_Detalles.cshtml?LPKey=JFHCRZ7FVRW5BXK7YJVWU3G5GUYJR5BNZKGE77P4PE4ORXMGJADJRML47HCTHMKL4VMVR5OF42KWY\">\u00daltima cuenta p\u00fablica de Boric. Se refiere Mauricio Morales Quiroga, director del Centro de An\u00e1lisis Pol\u00edtico (CAP-UTalca).<\/a>\u00a0<br \/><br \/><\/div><div class=\"x_elementToProof\"><b>CANAL MEGA<\/b><br \/><a href=\"https:\/\/www.litoralpress.cl\/sitio\/RadioTV_Detalles.cshtml?LPKey=DLYTV3AEC27HCYLNGM6RNGNGTELE3LZITZ7XJBAVLOIYWQCVWBMKB2JEFCPELWMQTCWR5NAGCW3JW\">Entrevista a: &#8211; Mauricio Morales Quiroga, director del Centro de An\u00e1lisis Pol\u00edtico (CAP-UTalca).\u00a0<\/a><br \/><br \/><\/div><div class=\"x_elementToProof\"><b>CANAL MEGA<\/b>\u00a0<br \/><a href=\"https:\/\/www.litoralpress.cl\/sitio\/RadioTV_Detalles.cshtml?LPKey=DLYTV3AEC27HCYLNGM6RNGNGTELE3LZITZ7XJBAVLOIYWQCVWBMKB2JEFCPELWMQTCWR5NAGCW3JW\">Entrevista a: &#8211; Mauricio Morales Quiroga, director del Centro de An\u00e1lisis Pol\u00edtico (CAP-UTalca).\u00a0<\/a><br \/><br \/><\/div><div class=\"x_elementToProof\"><b>MEGANOTICIAS<\/b>\u00a0<br \/><a href=\"https:\/\/www.meganoticias.cl\/nacional\/487113-diputada-camila-musante-denunciada-maltrato-laboral-chat-evidencia-investigacion-periodistica-fds01-31-05-2025.html\">Diputada Camila Musante denunciada por maltrato laboral: Chat la dejar\u00edan en evidencia. Se refiere Mauricio Morales Quiroga, director del Centro de An\u00e1lisis Pol\u00edtico (CAP-UTalca).\u00a0<\/a><\/div><div class=\"x_elementToProof\">\u00a0<\/div><div class=\"x_elementToProof\"><b>RADIO BIOB\u00cdO<\/b>\u00a0<br \/><a href=\"https:\/\/www.litoralpress.cl\/sitio\/RadioTV_Detalles.cshtml?LPKey=N5J6TGN43SPGQZWR6IKFVHBX7GNEMCXV7ZECQGQULKILP75MHUQN346XATOHUF6KKJEKEWRHMIX2W\">Varios colaboradores del presidente Boric han dejado sus cargos en el Palacio de la Moneda para sumarse al comando del candidato Gonzalo Winter. Mario Herrera Mu\u00f1oz, acad\u00e9mico del Centro de An\u00e1lisis Pol\u00edtico (CAP-UTalca).\u00a0<\/a><br \/><br \/><\/div><div class=\"x_elementToProof\"><b>RADIO GUAYAC\u00c1N<\/b>\u00a0<br \/><a href=\"https:\/\/www.litoralpress.cl\/sitio\/RadioTV_Detalles.cshtml?LPKey=BXBJ6JOTKRPAI4DCASRCPSFSI26RXPZLJYJYQLN5D7UIHY35NEECNZQBSNHZB3BYLLLFEC5OETEYE\">Entrevista a Mario Herrera Mu\u00f1oz, acad\u00e9mico del Centro de An\u00e1lisis Pol\u00edtico (CAP-UTalca).\u00a0<\/a><\/div><div>\u00a0<\/div><div class=\"x_elementToProof\"><b>RADIO ALFAOMEGA<\/b>\u00a0<br \/><a href=\"https:\/\/www.litoralpress.cl\/sitio\/RadioTV_Detalles.cshtml?LPKey=MYD47KTNVBPRT573UIKUN5S2XZLQF35DULOPXY2GNPZU4ECBLLCVY7VFIAG2XIXMWYMSN3TQSLBJI\">Entrevista a C\u00e9sar Astudillo y Jimmy Guti\u00e9rrez, acad\u00e9micos Facultad de Ingenier\u00eda.\u00a0<\/a><br \/><br \/><\/div><div class=\"x_elementToProof\"><b>EL LECTOR<\/b>\u00a0<br \/><a href=\"https:\/\/www.litoralpress.cl\/sitio\/Prensa_Cortes.cshtml?LPKey=FWUFWMBT2Q7A67D5NJ4SRZX4GNL34MCRUXYQKLFRVFFOLAX226IQ\">UTalca congreg\u00f3 a cientos de personas en actividades por el D\u00eda de los Patrimonios. Se refiere Marcela Albornoz Dachelet, directora de Extensi\u00f3n Cultural Art\u00edstica y Sandra Carrizo Campos, directora de Bibliotecas.\u00a0<\/a><br \/><br \/><\/div><div class=\"x_elementToProof\"><b>PUBLIMICRO<\/b>\u00a0<br \/><a href=\"https:\/\/publimicro.cl\/universidad-de-talca-congrego-a-cientos-de-personas-en-distintas-actividades-en-conmemoracion-del-dia-de-los-patrimonios\/\">Universidad de Talca congreg\u00f3 a cientos de personas en distintas actividades, en conmemoraci\u00f3n del D\u00eda de los Patrimonios. Se refiere Marcela Albornoz Dachelet, directora de Extensi\u00f3n Cultural Art\u00edstica y Sandra Carrizo Campos, directora de Bibliotecas.\u00a0<\/a><br \/><br \/><\/div><div class=\"x_elementToProof\"><b>LA NOTICIA<\/b>\u00a0<br \/><a href=\"https:\/\/lanoticia.cl\/utalca-congrego-a-cientos-de-personas-en-actividades-por-el-dia-de-los-patrimonios\/\">UTalca congreg\u00f3 a cientos de personas en actividades por el d\u00eda de los patrimonios. Se refiere Marcela Albornoz Dachelet, directora de Extensi\u00f3n Cultural Art\u00edstica y Sandra Carrizo Campos, directora de Bibliotecas.\u00a0<\/a><br \/><br \/><\/div><div class=\"x_elementToProof\"><b>AD PRENSA<\/b>\u00a0<br \/><a href=\"https:\/\/www.adprensa.cl\/cronica\/docentes-de-odontopediatria-se-reunen-para-fortalecer-la-formacion-y-colaboracion-academica\/\">Docentes de Odontopediatr\u00eda se re\u00fanen para fortalecer la formaci\u00f3n y colaboraci\u00f3n acad\u00e9mica. Se refiere Rodrigo Giacaman Sarah, decano de la Facultad de Odontolog\u00eda.\u00a0<\/a><br \/><br \/><\/div><div class=\"x_elementToProof\"><b>MEDIABANCO<\/b>\u00a0<br \/><a href=\"https:\/\/www.mediabanco.com\/docentes-de-odontopediatria-se-reunen-para-fortalecer-la-formacion-y-colaboracion-academica\/\">Docentes de Odontopediatr\u00eda se re\u00fanen para fortalecer la formaci\u00f3n y colaboraci\u00f3n acad\u00e9mica. Se refiere Rodrigo Giacaman Sarah, decano de la Facultad de Odontolog\u00eda.\u00a0<\/a><br \/><br \/><\/div><div class=\"x_elementToProof\"><b>PORTAL PRENSA SALUD<\/b>\u00a0<br \/><a href=\"https:\/\/portalprensasalud.cl\/2025\/05\/30\/docentes-de-odontopediatria-se-reunen-para-fortalecer-la-formacion-y-colaboracion-academica\/\">Docentes de Odontopediatr\u00eda se re\u00fanen para fortalecer la formaci\u00f3n y colaboraci\u00f3n acad\u00e9mica. Se refiere Rodrigo Giacaman Sarah, decano de la Facultad de Odontolog\u00eda.\u00a0<\/a><br \/><br \/><\/div><div class=\"x_elementToProof\"><b>EL HERALDO<\/b>\u00a0<br \/><a href=\"https:\/\/www.litoralpress.cl\/paginaconsultas\/Servicios_NClipSitio\/Get_Imagen_Nota.aspx?LPKey=NU3YHYGJ4NDG7ZOHDVVUIKSIYA4C2MXHJ5GDR4C3BNILCRMHVKSLGSMY5ZG4TIKELEODIPTBMFAXO\">Docentes de Odontopediatr\u00eda se re\u00fanen para fortalecer la formaci\u00f3n y colaboraci\u00f3n acad\u00e9mica. Se refiere Rodrigo Giacaman Sarah, decano de la Facultad de Odontolog\u00eda.\u00a0<\/a><br \/><br \/><\/div><div class=\"x_elementToProof\"><b>DIARIO HERALDO<\/b>\u00a0<br \/><a href=\"https:\/\/www.diarioelheraldo.cl\/noticia\/docentes-de-odontopediatria-se-reunen-para-fortalecer-la-formacion-y-colaboracion-academica-\">Docentes de Odontopediatr\u00eda se re\u00fanen para fortalecer la formaci\u00f3n y colaboraci\u00f3n acad\u00e9mica. Se refiere Rodrigo Giacaman Sarah, decano de la Facultad de Odontolog\u00eda.\u00a0<\/a><br \/><br \/><\/div><div class=\"x_elementToProof\"><b>PUBLIMICRO<\/b>\u00a0<br \/><a href=\"https:\/\/publimicro.cl\/docentes-de-odontopediatria-se-reunen-en-la-universidad-de-talca-para-fortalecer-la-formacion-y-colaboracion-academica\/\">Docentes de Odontopediatr\u00eda se re\u00fanen en la Universidad de Talca, para fortalecer la formaci\u00f3n y colaboraci\u00f3n acad\u00e9mica. Se refiere Rodrigo Giacaman Sarah, decano de la Facultad de Odontolog\u00eda.\u00a0<\/a><br \/><br \/><\/div><div class=\"x_elementToProof\"><b>CANAL TV5 (LINARES)<\/b>\u00a0<br \/><a href=\"https:\/\/www.litoralpress.cl\/sitio\/RadioTV_Detalles.cshtml?LPKey=ISSV25FX45IQDI6CYVXEXVDBR6E5DIL7FQFDWRTSJGR6DVRSBWZ6CXEJECM7MPHYQM5P7PPEMPWPQ\">Vacunaci\u00f3n y estudio aplicaci\u00f3n dosis. Se refiere Marcelo Alarc\u00f3n, acad\u00e9mico de la Escuela de Tecnolog\u00eda M\u00e9dica.\u202f\u00a0<\/a><br \/><br \/><\/div><div class=\"x_elementToProof\"><b>EL LECTOR<\/b>\u00a0<br \/><a href=\"https:\/\/www.litoralpress.cl\/paginaconsultas\/Servicios_NClipSitio\/Get_Imagen_Nota.aspx?LPKey=77HPMQCQAJADGIAAUHYGLLKGO43BH2OSPUU7WSMEXFAHUE5NZAQFCNIYIFYCSBOXPSIV6GPKLFGC2\">MauleTec impulsa la ense\u00f1anza del patrimonio en escolares de Yerbas Buenas. Se refiere Felipe Besoa\u00edn Pino, director laboratorio de nuevos medios digitales MauleTec de la Facultad de Ingenier\u00eda.\u202f\u00a0<\/a><\/div><div class=\"x_elementToProof\"><b>\u00a0<\/b><\/div><div class=\"x_elementToProof\"><b>G5 NOTICIAS<\/b>\u00a0<br \/><a href=\"https:\/\/g5noticias.cl\/2025\/05\/31\/brazo-izquierdo-o-derecho-especialista-aclara-si-importa-donde-nos-pongamos-la-vacuna\/\">\u00bfBrazo izquierdo o derecho? Especialista aclara si importa d\u00f3nde nos pongamos la vacuna. Se refiere Marcelo Alarc\u00f3n, acad\u00e9mico de la Escuela de Tecnolog\u00eda M\u00e9dica.\u00a0<\/a><\/div><div class=\"x_elementToProof\"><b>\u00a0<\/b><\/div><div class=\"x_elementToProof\"><b>LA PRENSA DE CURIC\u00d3<\/b>\u00a0<br \/><a href=\"https:\/\/www.litoralpress.cl\/paginaconsultas\/Servicios_NClipSitio\/Get_Imagen_Nota.aspx?LPKey=JTVT3KM5TF2PHFKAE5P6ZBIB4HDB3AESSGKA5NUJ3S5PEM6ZHC46EFEIEJOZCZ2CBIYCWLHFCP4I4\">Especialista maulina advierte de alerta sanitaria por sarampi\u00f3n. Se refiere \u00c9rika retamal Contreras, directora del Departamento de Salud p\u00fablica.\u00a0<\/a><br \/><br \/><\/div><div class=\"x_elementToProof\"><b>MAULE HOY<\/b>\u00a0<br \/><a href=\"https:\/\/www.litoralpress.cl\/paginaconsultas\/Servicios_NClipSitio\/Get_Imagen_Nota.aspx?LPKey=X33I5ZUX2FMFKNZVNGDWE6Q75RZ364WOYSOAY2MQCPD5ELR7JROJG5OF4PMAX2JAOO6FRMIRDZB7Q\">Proyecto busca dise\u00f1ar un kit de herramientas de pedagog\u00eda inclusiva. Se refiere Roberto Ferreira, acad\u00e9mico de la Facultad de Ciencias de la Educaci\u00f3n y director del N\u00facleo Milenio para la Ciencia del Aprendizaje (MiNSoL).\u202f\u00a0<\/a><br \/><br \/><\/div><div class=\"x_elementToProof\"><b>LA PRENSA DE CURIC\u00d3<\/b>\u00a0<br \/><a href=\"https:\/\/www.litoralpress.cl\/paginaconsultas\/Servicios_NClipSitio\/Get_Imagen_Nota.aspx?LPKey=HWQXVBLMI3TTHQVXPN7YX3J7FZPFS3JU7PPRTN6TMJPLI7UK5GAGFS34VXXGU7EC6VAO2HMQPLMQM\">Sucede. Se menciona la Universidad de Talca.\u00a0<\/a><br \/><br \/><\/div><div class=\"x_elementToProof\"><b>PJUD<\/b>\u00a0<br \/><a href=\"https:\/\/www.pjud.cl\/prensa-y-comunicaciones\/noticias-del-poder-judicial\/126483\">Integrantes de la jurisdicci\u00f3n de La Serena asisten a seminario sobre Responsabilidad Penal Adolescente. Se menciona la Universidad de Talca.\u00a0<\/a><br \/><u><a id=\"OWA12fa6e4c-669d-31e6-b4cd-c0958613643c\" class=\"x_x_Hyperlink x_x_SCXW95599093 x_x_BCX0 x_x_OWAAutoLink\" title=\"https:\/\/www.pjud.cl\/prensa-y-comunicaciones\/noticias-del-poder-judicial\/126483\" href=\"https:\/\/www.pjud.cl\/prensa-y-comunicaciones\/noticias-del-poder-judicial\/126483\" target=\"_blank\" rel=\"noopener noreferrer\" data-auth=\"NotApplicable\" data-linkindex=\"33\"><\/a><\/u><\/div><div class=\"x_elementToProof\"><b>LA PRENSA DE CURIC\u00d3<\/b>\u00a0<br \/><a href=\"https:\/\/www.litoralpress.cl\/paginaconsultas\/Servicios_NClipSitio\/Get_Imagen_Nota.aspx?LPKey=C7YQBUUGQ3UIW6AIDQBJS4EWRLYO7ZCUB2S327KHPT4CY3XQISEND6KWDTYFWUBBPZUYKXAPUYXJA\">Sucede. Se menciona la Universidad de Talca.\u00a0<\/a><br \/><u><a id=\"OWA2025bb05-fd07-f991-2c8a-6d642062c4c4\" class=\"x_x_Hyperlink x_x_SCXW95599093 x_x_BCX0 x_x_OWAAutoLink\" title=\"https:\/\/www.litoralpress.cl\/paginaconsultas\/Servicios_NClipSitio\/Get_Imagen_Nota.aspx?LPKey=C7YQBUUGQ3UIW6AIDQBJS4EWRLYO7ZCUB2S327KHPT4CY3XQISEND6KWDTYFWUBBPZUYKXAPUYXJA\" href=\"https:\/\/www.litoralpress.cl\/paginaconsultas\/Servicios_NClipSitio\/Get_Imagen_Nota.aspx?LPKey=C7YQBUUGQ3UIW6AIDQBJS4EWRLYO7ZCUB2S327KHPT4CY3XQISEND6KWDTYFWUBBPZUYKXAPUYXJA\" target=\"_blank\" rel=\"noopener noreferrer\" data-auth=\"NotApplicable\" data-linkindex=\"34\"><\/a><\/u><\/div>\t\t\t\t\t\t<\/div>\n\t\t\t\t<\/div>\n\t\t\t\t\t<\/div>\n\t\t<\/div>\n\t\t\t\t\t\t\t<\/div>\n\t\t<\/section>\n\t\t\t\t\t\t<\/div>\n\t\t\t\t\t<\/div>\n\t\t","protected":false},"excerpt":{"rendered":"<p>LA TERCERA &#8211; EDICI\u00d3N ESPECIAL\u00a0Radiograf\u00eda a la matr\u00edcula extranjera en educaci\u00f3n superior (PORTADA). Se refiere Carlos Torres Fuchslocher, rector.\u00a0 LA TERCERA &#8211; EDICI\u00d3N ESPECIAL\u00a0\u201cEl mercado laboral se est\u00e1 fijando menos en los \u201ccartones\u201d y m\u00e1s en las habilidades\u201d. Se refiere Carlos Torres Fuchslocher, rector.\u00a0 24 HORAS TVN\u00a0Estado Regional Red Maule. Se refiere Gabriel Celis Danzinguer, &hellip;<\/p>\n<p class=\"read-more\"> <a class=\"\" href=\"https:\/\/www.reportedeprensa.utalca.cl\/?p=11964\"> <span class=\"screen-reader-text\">02 de junio 2025<\/span> Read More &raquo;<\/a><\/p>\n","protected":false},"author":1,"featured_media":0,"comment_status":"closed","ping_status":"open","sticky":false,"template":"","format":"standard","meta":{"_monsterinsights_skip_tracking":false,"_monsterinsights_sitenote_active":false,"_monsterinsights_sitenote_note":"","_monsterinsights_sitenote_category":0},"categories":[60],"tags":[],"_links":{"self":[{"href":"https:\/\/www.reportedeprensa.utalca.cl\/index.php?rest_route=\/wp\/v2\/posts\/11964"}],"collection":[{"href":"https:\/\/www.reportedeprensa.utalca.cl\/index.php?rest_route=\/wp\/v2\/posts"}],"about":[{"href":"https:\/\/www.reportedeprensa.utalca.cl\/index.php?rest_route=\/wp\/v2\/types\/post"}],"author":[{"embeddable":true,"href":"https:\/\/www.reportedeprensa.utalca.cl\/index.php?rest_route=\/wp\/v2\/users\/1"}],"replies":[{"embeddable":true,"href":"https:\/\/www.reportedeprensa.utalca.cl\/index.php?rest_route=%2Fwp%2Fv2%2Fcomments&post=11964"}],"version-history":[{"count":4,"href":"https:\/\/www.reportedeprensa.utalca.cl\/index.php?rest_route=\/wp\/v2\/posts\/11964\/revisions"}],"predecessor-version":[{"id":11986,"href":"https:\/\/www.reportedeprensa.utalca.cl\/index.php?rest_route=\/wp\/v2\/posts\/11964\/revisions\/11986"}],"wp:attachment":[{"href":"https:\/\/www.reportedeprensa.utalca.cl\/index.php?rest_route=%2Fwp%2Fv2%2Fmedia&parent=11964"}],"wp:term":[{"taxonomy":"category","embeddable":true,"href":"https:\/\/www.reportedeprensa.utalca.cl\/index.php?rest_route=%2Fwp%2Fv2%2Fcategories&post=11964"},{"taxonomy":"post_tag","embeddable":true,"href":"https:\/\/www.reportedeprensa.utalca.cl\/index.php?rest_route=%2Fwp%2Fv2%2Ftags&post=11964"}],"curies":[{"name":"wp","href":"https:\/\/api.w.org\/{rel}","templated":true}]}}