{"id":11979,"date":"2025-06-03T13:05:44","date_gmt":"2025-06-03T16:05:44","guid":{"rendered":"https:\/\/www.reportedeprensa.utalca.cl\/?p=11979"},"modified":"2025-06-04T16:41:17","modified_gmt":"2025-06-04T19:41:17","slug":"03-de-junio-2025","status":"publish","type":"post","link":"https:\/\/www.reportedeprensa.utalca.cl\/?p=11979","title":{"rendered":"03 de junio 2025"},"content":{"rendered":"\t\t<div data-elementor-type=\"wp-post\" data-elementor-id=\"11979\" class=\"elementor elementor-11979\" data-elementor-settings=\"[]\">\n\t\t\t\t\t\t\t<div class=\"elementor-section-wrap\">\n\t\t\t\t\t\t\t<section class=\"elementor-section elementor-top-section elementor-element elementor-element-bcea1a8 elementor-section-boxed elementor-section-height-default elementor-section-height-default\" data-id=\"bcea1a8\" data-element_type=\"section\">\n\t\t\t\t\t\t<div class=\"elementor-container elementor-column-gap-default\">\n\t\t\t\t\t<div class=\"elementor-column elementor-col-100 elementor-top-column elementor-element elementor-element-e7183bf\" data-id=\"e7183bf\" data-element_type=\"column\">\n\t\t\t<div class=\"elementor-widget-wrap elementor-element-populated\">\n\t\t\t\t\t\t\t\t<div class=\"elementor-element elementor-element-2e59e7f elementor-widget elementor-widget-text-editor\" data-id=\"2e59e7f\" data-element_type=\"widget\" data-widget_type=\"text-editor.default\">\n\t\t\t\t<div class=\"elementor-widget-container\">\n\t\t\t\t\t\t\t\t<div><b data-olk-copy-source=\"MessageBody\">LA TERCERA ONLINE<\/b>\u00a0<br \/><a href=\"https:\/\/www.latercera.com\/educacion\/noticia\/carlos-torres-rector-u-de-talca-el-mercado-laboral-se-esta-fijando-menos-en-los-cartones-y-mas-en-las-habilidades\/\">Carlos Torres, rector U. de Talca: \u201cEl mercado laboral se est\u00e1 fijando menos en los \u2018cartones y m\u00e1s en las habilidades\u201d. Se refiere Carlos Torres Fuchslocher, rector.\u00a0<\/a><br \/>\u00a0<\/div><div><b>INOTICIAS<\/b>\u00a0<br \/><a href=\"https:\/\/inoticias.cl\/detalle\/carlos-torres-rector-u-de-talca-el-mercado-laboral-se-esta-889319\">Carlos Torres, rector U. de Talca: \u201cEl mercado laboral se est\u00e1 fijando menos en los \u2018cartones y m\u00e1s en las habilidades\u201d. Se refiere Carlos Torres Fuchslocher, rector.\u00a0<\/a><br \/><br \/><\/div><div><b>CONSORCIO DE UNIVERSIDADES DEL ESTADO DE CHILE<\/b>\u00a0<br \/><a href=\"https:\/\/noticias.uestatales.cl\/utalca-sistema-hortalizas-ano\">UTalca inaugura sistema que produce hortalizas todo el a\u00f1o con bajo consumo h\u00eddrico. Se refiere Carlos Torres Fuchslocher, rector y Gilda Carrasco, acad\u00e9mica de la Facultad de Ciencias Agrarias y directora del proyecto.\u00a0<\/a><br \/><br \/><\/div><div><b>PUBLIMICRO<\/b>\u00a0<br \/><a href=\"https:\/\/publimicro.cl\/universidad-de-talca-presenta-muestra-victor-jara-dos-miradas-50-anos-en-su-centro-de-extension-de-curico\/\">Universidad de Talca presenta muestra \u201cV\u00edctor Jara. Dos miradas. 50 a\u00f1os\u201d en su Centro de Extensi\u00f3n de Curic\u00f3. Se refiere Marcela Albornoz Dachelet, directora del Extensi\u00f3n Cultural-Art\u00edstica.\u202f\u202f\u00a0<\/a><br \/><br \/><\/div><div><b>DIARIO EL CENTRO<\/b>\u00a0<br \/><a href=\"https:\/\/www.diarioelcentro.cl\/2025\/06\/02\/victor-jara-dos-miradas-50-anos-exposicion-revela-legado-cultural-del-cantautor\/\">\u201cV\u00edctor Jara. Dos miradas. 50 a\u00f1os\u201d: Exposici\u00f3n revela el legado cultural del cantautor. Se refiere Marcela Albornoz Dachelet, directora del Extensi\u00f3n Cultural-Art\u00edstica.\u202f\u202f\u00a0<\/a><br \/><br \/><\/div><div><b>BIO NOTICIAS<\/b>\u00a0<br \/><a href=\"https:\/\/bionoticias.cl\/utalca-presenta-muestra-victor-jara-dos-miradas-50-anos-en-curico\/\">UTalca presenta muestra \u201cV\u00edctor Jara. Dos miradas. 50 a\u00f1os\u201d en Curic\u00f3. Se refiere Marcela Albornoz Dachelet, directora del Extensi\u00f3n Cultural-Art\u00edstica.\u202f\u202f\u00a0<\/a><br \/><br \/><\/div><div><b>RADIO LAUTARO<\/b>\u00a0<br \/><a href=\"https:\/\/radiolautarotalca.cl\/utalca-presenta-muestra-victor-jara-dos-miradas-50-anos-en-curico\/\">UTalca presenta muestra \u201cV\u00edctor Jara. Dos miradas. 50 a\u00f1os\u201d en Curic\u00f3. Se refiere Marcela Albornoz Dachelet, directora del Extensi\u00f3n Cultural-Art\u00edstica.\u202f\u202f\u00a0<\/a><br \/><br \/><\/div><div><b>G5 NOTICIA<\/b>\u00a0<br \/><a href=\"https:\/\/g5noticias.cl\/2025\/06\/02\/paes-de-invierno-2025-planificacion-y-confianza-como-claves-de-exito\/\">PAES de Invierno 2025: planificaci\u00f3n y confianza como claves de \u00e9xito. Se refiere Iv\u00e1n Acevedo Salas, responsable del equipo psicoeducativo de la Unidad de Acompa\u00f1amiento Estudiantil (CIMA) y Felipe Figueroa Mart\u00ednez, profesional Unidad de Vinculaci\u00f3n con el Sistema Escolar.\u00a0<\/a><br \/><br \/><\/div><div><b>CAUQUENES.NET<\/b>\u00a0<br \/><a href=\"https:\/\/cauquenesnet.cl\/2025\/06\/02\/paes-de-invierno-2025-planificacion-y-confianza-como-claves-de-exito\/\">PAES de Invierno. Planificaci\u00f3n y confianza como claves del \u00e9xito Se refiere Iv\u00e1n Acevedo Salas, responsable del equipo psicoeducativo de la Unidad de Acompa\u00f1amiento Estudiantil (CIMA) y Felipe Figueroa Mart\u00ednez, profesional Unidad de Vinculaci\u00f3n con el Sistema Escolar.\u00a0<\/a><br \/><br \/><\/div><div><b>PORTAL EDUCA<\/b>\u00a0<br \/><a href=\"https:\/\/portaleduca.cl\/paes-de-invierno-2025-planificacion-y-confianza-como-claves-de-exito\/\">PAES de Invierno: Planificaci\u00f3n y confianza como claves del \u00e9xito Se refiere Iv\u00e1n Acevedo Salas, responsable del equipo psicoeducativo de la Unidad de Acompa\u00f1amiento Estudiantil (CIMA) y Felipe Figueroa Mart\u00ednez, profesional Unidad de Vinculaci\u00f3n con el Sistema Escolar.\u00a0<\/a><br \/><br \/><\/div><div><b>MAULENEWS<\/b>\u00a0<br \/><a href=\"https:\/\/www.maulenews.com\/2025\/06\/paes-de-invierno-2025-planificacion-y.html\">PAES de Invierno: Planificaci\u00f3n y confianza como claves del \u00e9xito Se refiere Iv\u00e1n Acevedo Salas, responsable del equipo psicoeducativo de la Unidad de Acompa\u00f1amiento Estudiantil (CIMA) y Felipe Figueroa Mart\u00ednez, profesional Unidad de Vinculaci\u00f3n con el Sistema Escolar.\u00a0<\/a><br \/><br \/><\/div><div><b>MEDIABANCO <\/b>\u00a0<br \/><a href=\"https:\/\/www.mediabanco.com\/paes-de-invierno-como-conquistar-las-pruebas-de-competencia-matematica\/\">PAES de Invierno: \u00bfC\u00f3mo conquistar las pruebas de matem\u00e1tica? Se refiere Tania Mascar\u00f3, jefa\u202fde\u202fla Unidad\u202fde\u202fAdmisi\u00f3n y Acceso, Sof\u00eda Gonz\u00e1lez D\u00edaz, tutora del Programa PACE y Juan Andr\u00e9s Robles, profesor de matem\u00e1tica y mentor AES del PACE\u00a0<\/a><br \/><br \/><\/div><div><b>PORTAL METROPOLITANO<\/b>\u00a0<br \/><a href=\"https:\/\/portalmetropolitano.cl\/paes-de-invierno-como-conquistar-las-pruebas-de-matematica\/\">PAES de Invierno: \u00bfC\u00f3mo conquistar las pruebas de matem\u00e1tica? Se refiere Tania Mascar\u00f3, jefa\u202fde\u202fla Unidad\u202fde\u202fAdmisi\u00f3n y Acceso, Sof\u00eda Gonz\u00e1lez D\u00edaz, tutora del Programa PACE y Juan Andr\u00e9s Robles, profesor de matem\u00e1tica y mentor AES del PACE\u00a0<\/a><br \/><br \/><\/div><div><b>EL CONTENIDO<\/b>\u00a0<br \/><a href=\"https:\/\/elcontenido.news\/2025\/nacional\/estrategias-efectivas-para-aprobar-examenes-de-matematicas\/\">Estrategias efectivas para aprobar ex\u00e1menes de matem\u00e1ticas. Se refiere Tania Mascar\u00f3, jefa\u202fde\u202fla Unidad\u202fde\u202fAdmisi\u00f3n y Acceso, Sof\u00eda Gonz\u00e1lez D\u00edaz, tutora del Programa PACE y Juan Andr\u00e9s Robles, profesor de matem\u00e1tica y mentor AES del PACE\u00a0<\/a><br \/><br \/><\/div><div><b>EL MAULE INFORMA<\/b>\u00a0<br \/><a href=\"https:\/\/elmauleinforma.cl\/paes-de-invierno-como-conquistar-las-pruebas-de-competencia-matematica\/\">PAES de Invierno: \u00bfC\u00f3mo conquistar las pruebas de competencia matem\u00e1tica? Se refiere Tania Mascar\u00f3, jefa\u202fde\u202fla Unidad\u202fde\u202fAdmisi\u00f3n y Acceso, Sof\u00eda Gonz\u00e1lez D\u00edaz, tutora del Programa PACE y Juan Andr\u00e9s Robles, profesor de matem\u00e1tica y mentor AES del PACE\u00a0<\/a><br \/><br \/><\/div><div><b>PORTAL EDUCA<\/b>\u00a0<br \/><a href=\"https:\/\/portaleduca.cl\/paes-de-invierno-como-conquistar-las-pruebas-de-competencia-matematica\/\">PAES de Invierno: \u00bfC\u00f3mo conquistar las pruebas de competencia matem\u00e1tica? Se refiere Tania Mascar\u00f3, jefa\u202fde\u202fla Unidad\u202fde\u202fAdmisi\u00f3n y Acceso, Sof\u00eda Gonz\u00e1lez D\u00edaz, tutora del Programa PACE y Juan Andr\u00e9s Robles, profesor de matem\u00e1tica y mentor AES del PACE\u00a0<\/a><br \/><br \/><\/div><div><b>AD PRENSA<\/b>\u00a0<br \/><a href=\"https:\/\/www.adprensa.cl\/cronica\/paes-de-invierno-como-conquistar-las-pruebas-de-competencia-matematica\/\">PAES de Invierno: \u00bfC\u00f3mo conquistar las pruebas de competencia matem\u00e1tica? Se refiere Tania Mascar\u00f3, jefa\u202fde\u202fla Unidad\u202fde\u202fAdmisi\u00f3n y Acceso, Sof\u00eda Gonz\u00e1lez D\u00edaz, tutora del Programa PACE y Juan Andr\u00e9s Robles, profesor de matem\u00e1tica y mentor AES del PACE\u00a0<\/a><br \/><br \/><\/div><div><b>RADIO INFINITA<\/b>\u00a0<br \/><a href=\"https:\/\/www.litoralpress.cl\/sitio\/RadioTV_Detalles.cshtml?LPKey=ETMKXR6SKY6R24NAMRJXRU63IB7BLTROVFCX7I3NWB3KKTC567CUOYVQ256HBUDOHWLL72XPHWF7W\">Comentario de pol\u00edtica de Mauricio Morales Quiroga, director de Centro de An\u00e1lisis Pol\u00edtico (CAP-UTalca).\u00a0<\/a><br \/><br \/><\/div><div><b>CANAL MEGA<\/b>\u00a0<br \/><a href=\"https:\/\/www.litoralpress.cl\/sitio\/RadioTV_Detalles.cshtml?LPKey=DI3I55NPRMFOCSM5EVJ5DPX7QEY6Q5FBOOYXTC7UUIW425SKFMM6EZ6PGGQZUGD7XAI3EBO5C2Q6W\">Panel de conversaci\u00f3n: Punta Peuco ser\u00e1 c\u00e1rcel com\u00fan. Se refiere Mauricio Morales Quiroga, director de Centro de An\u00e1lisis Pol\u00edtico (CAP-UTalca).\u00a0<\/a><\/div><div>\u00a0<\/div><div><b>EMOL <\/b>\u00a0<br \/><a href=\"https:\/\/g5noticias.cl\/2025\/06\/02\/paes-de-invierno-2025-planificacion-y-confianza-como-claves-de-exito\/\">&#8216;At\u00edpica&#8217;, &#8216;ambivalente&#8217; y con &#8216;claro tinte electoral&#8217;: Expertos ponderan la \u00faltima Cuenta P\u00fablica de Boric. Se refiere Mario Herrera Mu\u00f1oz, acad\u00e9mico del Centrod e An\u00e1lisis Pol\u00edtico (CAP UTalca).\u00a0<\/a><br \/><br \/><\/div><div><b>SINTESIS CHILE<\/b>\u00a0<br \/><a href=\"https:\/\/sintesischile.cl\/destacado\/atipica-y-con-tinte-electoral-las-principales-criticas-a-ultima-cuenta-publica-de-boric\/\">At\u00edpica y con tinte electoral: las principales cr\u00edticas a \u00faltima Cuenta P\u00fablica de Boric. Se refiere Mario Herrera Mu\u00f1oz, acad\u00e9mico del Centro de An\u00e1lisis Pol\u00edtico (CAP UTalca).\u00a0<\/a><br \/><br \/><\/div><div><b>DIARIO DE SANTIAGO<\/b>\u00a0<br \/><a href=\"https:\/\/eldiariodesantiago.cl\/2025\/06\/02\/cuenta-publica-de-boric-fue-atipica-y-con-tinte-electoral-expertos-analizan-su-impacto-politico\/\">\u00abCuenta P\u00fablica de Boric fue \u2018at\u00edpica y con \u2018tinte electoral: expertos analizan su impacto pol\u00edtico\u00bb Se refiere Mario Herrera Mu\u00f1oz, acad\u00e9mico del Centro de An\u00e1lisis Pol\u00edtico (CAP UTalca).\u00a0<\/a><br \/><br \/><\/div><div><b>MEGA<\/b>\u00a0<br \/><a href=\"https:\/\/www.mega.cl\/programas\/mucho-gusto\/mejores-momentos\/196420-mauricio-morales-anuncio-presidente-gabriel-boric-punta-peuco-division-oposicion.html\">Analista afirma que anuncio de Presidente Boric sobre Punta Peuco busca generar &#8220;divisi\u00f3n&#8221; en la oposici\u00f3n. Se refiere Mauricio Morales Quiroga, director de Centro de An\u00e1lisis Pol\u00edtico (CAP-UTalca).\u00a0<\/a><br \/><br \/><\/div><div><b>AM NOTICIAS<\/b>\u00a0<br \/><a href=\"https:\/\/amnoticias.cl\/mauletec-acerca-el-patrimonio-maulino-a-las-aulas-con-juegos-de-realidad-aumentada\/\">MauleTec acerca el patrimonio maulino a las aulas con juegos de realidad aumentada. Se refiere Felipe Besoa\u00edn Pino, director laboratorio de nuevos medios digitales MauleTec de la Facultad de Ingenier\u00eda y Pablo Gonz\u00e1lez, acad\u00e9mico de MauleTec.\u00a0<\/a><br \/><br \/><\/div><div><b>DIARIO LA MA\u00d1ANA<\/b>\u00a0<br \/><a href=\"https:\/\/diariolama\u00f1ana.cl\/2025\/06\/02\/mauletec-acerca-el-patrimonio-maulino-a-las-aulas-con-juegos-de-realidad-aumentada\/\">MauleTec acerca el patrimonio maulino a las aulas con juegos de realidad aumentada. Se refiere Felipe Besoa\u00edn Pino, director laboratorio de nuevos medios digitales MauleTec de la Facultad de Ingenier\u00eda y Pablo Gonz\u00e1lez, acad\u00e9mico de MauleTec.\u00a0<\/a><br \/><br \/><\/div><div><b>DIARIO EL CENTRO<\/b>\u00a0<br \/><a href=\"https:\/\/www.diarioelcentro.cl\/2025\/06\/02\/conversatorio-de-la-utalca-analizo-riesgo-indirecto-de-aranceles-ee-uu-en-exportacion-de-cerezas\/\">Conversatorio de la UTalca analiz\u00f3 riesgo indirecto de aranceles EE.UU. en exportaci\u00f3n de cerezas. Se refiere Marcela Gonz\u00e1lez Araya, Decana de la Facultad de Ingenier\u00eda, Arcadio Cerda, Decano de la Facultad de Econom\u00eda y Negocios y Rodrigo Saens, acad\u00e9mico de la Facultad de Econom\u00eda y Negocios.\u00a0<\/a><br \/><br \/><\/div><div><b>DIARIO TALCA<\/b>\u00a0<br \/><a href=\"https:\/\/diariotalca.cl\/conmemoran-dia-de-la-ingenieria-destacando-impacto-en-la-innovacion-regional\/\">Conmemoran D\u00eda de la Ingenier\u00eda destacando impacto en la innovaci\u00f3n regional. Se refiere Claudia Sandoval, secretaria acad\u00e9mica de la Facultad de Ingenier\u00eda y Felipe Besoain, acad\u00e9mico de la menciona la Facultad.\u00a0<\/a><br \/><br \/><\/div><div><b>DIARIO TALCA<\/b>\u00a0<br \/><a href=\"https:\/\/www.litoralpress.cl\/paginaconsultas\/Servicios_NClipSitio\/Get_Imagen_Nota.aspx?LPKey=5VLACDDFXE6SNU46ZWCKJOK2452KCG32E2BOWVRIURC3EJGCLO5ZOHOM5E7AT7Y6NSXF46NE6WVDQ\">Aumentan renuncias por esc\u00e1ndalo de licencias m\u00e9dicas. Se refiere Gabriel Celis Danzinguer, director de la escuela de Derecho Campus Santiago.\u00a0<\/a><br \/><br \/><\/div><div><b>RADIO ANCOA<\/b>\u00a0<br \/><a href=\"https:\/\/www.radioancoa.cl\/categoria\/local\/tornados-chile-maule-zona-riesgo\">Tornados en Chile: El Maule tambi\u00e9n est\u00e1 en la zona de riesgo. Se refiere Patricio Gonz\u00e1lez Colville, agroclimat\u00f3logo y acad\u00e9mico del Centro de Investigaci\u00f3n y Transferencia en Riego y Agroclimatolog\u00eda (CITRA).\u00a0<\/a><br \/><br \/><\/div><div><b>LAS \u00daLTIMAS NOTICIAS<\/b>\u00a0<br \/><a href=\"https:\/\/www.litoralpress.cl\/paginaconsultas\/Servicios_NClipSitio\/Get_Imagen_Nota.aspx?LPKey=NMGJKP4WJIRTDXFNG2R6PXJYTMYGDG22WKOZ6DEWC3RMEEU2JDTRGXYEVY5MYECV7XOAIQOK27T2U\">Ranking: la empleabilidad de los m\u00e9dicos seg\u00fan su universidad de egreso. Se menciona la Universidad de Talca.\u00a0<\/a><br \/><br \/><\/div><div><b>LA PRENSA DE CURIC\u00d3<\/b>\u00a0<br \/><a href=\"https:\/\/www.litoralpress.cl\/paginaconsultas\/Servicios_NClipSitio\/Get_Imagen_Nota.aspx?LPKey=4ZNNWYKQNXIYRJPW4T4HNAYV5YBRL4FM2C3YBNSF3RHB5JJQOT2SYW3CTX6LXKCCUZVO5N7W7WELY\">Sucede. Se menciona la Universidad de Talca.\u00a0<\/a><br \/><br \/><\/div><div><b>CULTURIZARTE<\/b>\u00a0<br \/><a href=\"https:\/\/culturizarte.cl\/arte-naturaleza-y-reflexion-el-huevo-y-la-gallina-en-galeria-emian-de-panguipulli\/\">Arte, naturaleza y reflexi\u00f3n: \u201cEl Huevo y la Gallina en Galer\u00eda EMIAN de Panguipulli\u201d. Se menciona la Universidad de Talca.\u00a0<\/a><br \/><br \/><\/div><div><b>SEMANARIO <\/b>\u00a0<br \/><a href=\"https:\/\/www.semanariotiempo.cl\/dominga-quien-es-jean-pierre-matus-el-redactor-del-fallo-que-puede-poner-fin-a-casi-diez-anos-de-judicializacion\/\">DOMINGA: Qui\u00e9n es Jean Pierre Matus, el redactor del fallo que puede poner fin a casi diez a\u00f1os de judicializaci\u00f3n. Se menciona la Universidad de Talca.\u00a0<\/a><br \/><br \/><\/div>\t\t\t\t\t\t<\/div>\n\t\t\t\t<\/div>\n\t\t\t\t\t<\/div>\n\t\t<\/div>\n\t\t\t\t\t\t\t<\/div>\n\t\t<\/section>\n\t\t\t\t\t\t<\/div>\n\t\t\t\t\t<\/div>\n\t\t","protected":false},"excerpt":{"rendered":"<p>LA TERCERA ONLINE\u00a0Carlos Torres, rector U. de Talca: \u201cEl mercado laboral se est\u00e1 fijando menos en los \u2018cartones y m\u00e1s en las habilidades\u201d. Se refiere Carlos Torres Fuchslocher, rector.\u00a0\u00a0INOTICIAS\u00a0Carlos Torres, rector U. de Talca: \u201cEl mercado laboral se est\u00e1 fijando menos en los \u2018cartones y m\u00e1s en las habilidades\u201d. Se refiere Carlos Torres Fuchslocher, rector.\u00a0 &hellip;<\/p>\n<p class=\"read-more\"> <a class=\"\" href=\"https:\/\/www.reportedeprensa.utalca.cl\/?p=11979\"> <span class=\"screen-reader-text\">03 de junio 2025<\/span> Read More &raquo;<\/a><\/p>\n","protected":false},"author":1,"featured_media":0,"comment_status":"closed","ping_status":"open","sticky":false,"template":"","format":"standard","meta":{"_monsterinsights_skip_tracking":false,"_monsterinsights_sitenote_active":false,"_monsterinsights_sitenote_note":"","_monsterinsights_sitenote_category":0},"categories":[60],"tags":[],"_links":{"self":[{"href":"https:\/\/www.reportedeprensa.utalca.cl\/index.php?rest_route=\/wp\/v2\/posts\/11979"}],"collection":[{"href":"https:\/\/www.reportedeprensa.utalca.cl\/index.php?rest_route=\/wp\/v2\/posts"}],"about":[{"href":"https:\/\/www.reportedeprensa.utalca.cl\/index.php?rest_route=\/wp\/v2\/types\/post"}],"author":[{"embeddable":true,"href":"https:\/\/www.reportedeprensa.utalca.cl\/index.php?rest_route=\/wp\/v2\/users\/1"}],"replies":[{"embeddable":true,"href":"https:\/\/www.reportedeprensa.utalca.cl\/index.php?rest_route=%2Fwp%2Fv2%2Fcomments&post=11979"}],"version-history":[{"count":4,"href":"https:\/\/www.reportedeprensa.utalca.cl\/index.php?rest_route=\/wp\/v2\/posts\/11979\/revisions"}],"predecessor-version":[{"id":11983,"href":"https:\/\/www.reportedeprensa.utalca.cl\/index.php?rest_route=\/wp\/v2\/posts\/11979\/revisions\/11983"}],"wp:attachment":[{"href":"https:\/\/www.reportedeprensa.utalca.cl\/index.php?rest_route=%2Fwp%2Fv2%2Fmedia&parent=11979"}],"wp:term":[{"taxonomy":"category","embeddable":true,"href":"https:\/\/www.reportedeprensa.utalca.cl\/index.php?rest_route=%2Fwp%2Fv2%2Fcategories&post=11979"},{"taxonomy":"post_tag","embeddable":true,"href":"https:\/\/www.reportedeprensa.utalca.cl\/index.php?rest_route=%2Fwp%2Fv2%2Ftags&post=11979"}],"curies":[{"name":"wp","href":"https:\/\/api.w.org\/{rel}","templated":true}]}}