{"id":11999,"date":"2025-06-05T14:20:39","date_gmt":"2025-06-05T17:20:39","guid":{"rendered":"https:\/\/www.reportedeprensa.utalca.cl\/?p=11999"},"modified":"2025-06-06T10:55:48","modified_gmt":"2025-06-06T13:55:48","slug":"05-de-junio-2025-2","status":"publish","type":"post","link":"https:\/\/www.reportedeprensa.utalca.cl\/?p=11999","title":{"rendered":"05 de junio 2025"},"content":{"rendered":"\t\t<div data-elementor-type=\"wp-post\" data-elementor-id=\"11999\" class=\"elementor elementor-11999\" data-elementor-settings=\"[]\">\n\t\t\t\t\t\t\t<div class=\"elementor-section-wrap\">\n\t\t\t\t\t\t\t<section class=\"elementor-section elementor-top-section elementor-element elementor-element-bcea1a8 elementor-section-boxed elementor-section-height-default elementor-section-height-default\" data-id=\"bcea1a8\" data-element_type=\"section\">\n\t\t\t\t\t\t<div class=\"elementor-container elementor-column-gap-default\">\n\t\t\t\t\t<div class=\"elementor-column elementor-col-100 elementor-top-column elementor-element elementor-element-e7183bf\" data-id=\"e7183bf\" data-element_type=\"column\">\n\t\t\t<div class=\"elementor-widget-wrap elementor-element-populated\">\n\t\t\t\t\t\t\t\t<div class=\"elementor-element elementor-element-2e59e7f elementor-widget elementor-widget-text-editor\" data-id=\"2e59e7f\" data-element_type=\"widget\" data-widget_type=\"text-editor.default\">\n\t\t\t\t<div class=\"elementor-widget-container\">\n\t\t\t\t\t\t\t\t<div><b data-olk-copy-source=\"MessageBody\">PUBLIMICRO<\/b>\u00a0<br \/><a href=\"https:\/\/publimicro.cl\/mas-alla-de-los-cinco-sentidos-la-importancia-de-la-integracion-sensorial-en-ninos-tea-es-el-tema-central-de-estudio-en-ka-universidad-de-talca\/\">M\u00e1s all\u00e1 de los cinco sentidos: La importancia de la integraci\u00f3n sensorial en ni\u00f1os TEA, es el tema central de estudio en la Universidad de Talca. Camila Mosquera, directora de la Escuela de Terapia Ocupacional\u202fy Juan Sebasti\u00e1n Le\u00f3n, acad\u00e9mico de la menciona escuela.\u202f\u00a0<\/a><br \/><br \/><\/div><div><b>PORTAL RED SALUD<\/b>\u00a0<br \/><a href=\"https:\/\/portalredsalud.cl\/2025\/06\/03\/mas-alla-de-los-cinco-sentidos-la-importancia-de-la-integracion-sensorial-en-ninos-tea\/\">M\u00e1s all\u00e1 de los cinco sentidos: La importancia de la integraci\u00f3n sensorial en ni\u00f1os TEA. Camila Mosquera, directora de la Escuela de Terapia Ocupacional\u202fy Juan Sebasti\u00e1n Le\u00f3n, acad\u00e9mico de la menciona escuela.\u202f\u00a0<\/a><br \/><br \/><\/div><div><b>EL HERALDO\u00a0<\/b><\/div><div><a href=\"https:\/\/www.litoralpress.cl\/paginaconsultas\/Servicios_NClipSitio\/Get_Imagen_Nota.aspx?LPKey=SIZODOZUH7QKPJRHD7WOXGNJCNME4QPM4STGQ4BHZQBCRA2DHSI2PHVY3HUS6LMLAJB3UXZ6AGEHM\">M\u00e1s all\u00e1 de los cinco sentidos: La importancia de la integraci\u00f3n sensorial en ni\u00f1os TEA. Camila Mosquera, directora de la Escuela de Terapia Ocupacional\u202fy Juan Sebasti\u00e1n Le\u00f3n, acad\u00e9mico de la menciona escuela.\u202f\u00a0<\/a><br \/><br \/><\/div><div><b>EL LECTOR<\/b>\u00a0<br \/><a href=\"https:\/\/www.litoralpress.cl\/paginaconsultas\/Servicios_NClipSitio\/Get_Imagen_Nota.aspx?LPKey=U26DKKLKUSN6WEDAVP3DTBQ25LKLX2FAGMBPPAS5E7VEMVIOHUEJJGP4VNCFGOQ7IOU5AZMQWAD52\">M\u00e1s all\u00e1 de los cinco sentidos: La importancia de la integraci\u00f3n sensorial en ni\u00f1os TEA. Camila Mosquera, directora de la Escuela de Terapia Ocupacional\u202fy Juan Sebasti\u00e1n Le\u00f3n, acad\u00e9mico de la menciona escuela.\u202f\u00a0<\/a><br \/><br \/><\/div><div><b>MAULE HOY<\/b>\u00a0<br \/><a href=\"https:\/\/www.litoralpress.cl\/paginaconsultas\/Servicios_NClipSitio\/Get_Imagen_Nota.aspx?LPKey=MZGREJPIVRKWSBT7PQIZ5KZ4A3GNBMYPQGIKNPXHRRDNYSCN5WLRUTSQUGWW2EHKVXR3ZXT3GILNS\">M\u00e1s all\u00e1 de los cinco sentidos: La importancia de la integraci\u00f3n sensorial en ni\u00f1os TEA. Camila Mosquera, directora de la Escuela de Terapia Ocupacional\u202fy Juan Sebasti\u00e1n Le\u00f3n, acad\u00e9mico de la menciona escuela.\u202f\u00a0<\/a><br \/>\u00a0<br \/><b>TIERRA AMARILLANO<\/b>\u00a0<br \/><a href=\"https:\/\/tierramarillano.cl\/2025\/06\/04\/mas-alla-de-los-cinco-sentidos-la-importancia-de-la-integracion-sensorial-en-ninos-tea\/\">M\u00e1s all\u00e1 de los cinco sentidos: La importancia de la integraci\u00f3n sensorial en ni\u00f1os TEA. Camila Mosquera, directora de la Escuela de Terapia Ocupacional\u202fy Juan Sebasti\u00e1n Le\u00f3n, acad\u00e9mico de la menciona escuela.\u202f\u00a0<\/a><br \/><br \/><\/div><div><b>TV5<\/b>\u00a0<br \/><a href=\"https:\/\/www.tv5.cl\/categoria\/local\/alla-sentidos-importancia-integracion-sensorial-ninos-tea\">M\u00e1s all\u00e1 de los cinco sentidos: La importancia de la integraci\u00f3n sensorial en ni\u00f1os TEA. Camila Mosquera, directora de la Escuela de Terapia Ocupacional\u202fy Juan Sebasti\u00e1n Le\u00f3n, acad\u00e9mico de la menciona escuela.\u202f\u00a0<\/a><\/div><div>\u00a0<\/div><div><b>SOMOS MAULE<\/b>\u00a0<br \/><a href=\"http:\/\/somosmaule.cl\/publico\/ficha\/ficha.aspx?i=91195\">M\u00e1s all\u00e1 de los cinco sentidos: La importancia de la integraci\u00f3n sensorial en ni\u00f1os TEA. Se refiere Camila Mosquera, directora de la Escuela de Terapia Ocupacional\u202fy Juan Sebasti\u00e1n Le\u00f3n, acad\u00e9mico de la menciona escuela.\u202f<\/a>\u00a0<br \/><br \/><\/div><div><b>DIARIO EL CENTRO<\/b>\u00a0<br \/><a href=\"https:\/\/www.diarioelcentro.cl\/2025\/06\/04\/integracion-sensorial-clave-en-el-desarrollo-de-ninos-con-tea-segun-expertos\/\">Integraci\u00f3n sensorial: clave en el desarrollo de ni\u00f1os con TEA, seg\u00fan expertos. Camila Mosquera, directora de la Escuela de Terapia Ocupacional\u202fy Juan Sebasti\u00e1n Le\u00f3n, acad\u00e9mico de la menciona escuela.\u202f\u00a0<\/a><br \/><br \/><\/div><div><b>MEDIABANCO<\/b>\u00a0<br \/><a href=\"https:\/\/www.mediabanco.com\/explora-maule-lanza-su-programacion-2025-con-foco-en-redes-docentes\/\">Explora Maule lanza su programaci\u00f3n 2025 con foco en redes docentes. C\u00e9sar Retamal, director de\u202fExplora\u202fMaule\u202fy jefe de la Unidad de Divulgaci\u00f3n y Alejandra P\u00e1vez, acad\u00e9mica de la Facultad de Ciencias de la Educaci\u00f3n.\u00a0<\/a><br \/><br \/><\/div><div><b>AD PRENSA<\/b>\u00a0<br \/><a href=\"https:\/\/www.adprensa.cl\/actividades-academicas\/explora-maule-lanza-su-programacion-2025-con-foco-en-redes-docentes\/\">Explora Maule lanza su programaci\u00f3n 2025 con foco en redes docentes. C\u00e9sar Retamal, director de\u202fExplora\u202fMaule\u202fy jefe de la Unidad de Divulgaci\u00f3n y Alejandra P\u00e1vez, acad\u00e9mica de la Facultad de Ciencias de la Educaci\u00f3n.\u00a0<\/a><br \/><br \/><\/div><div><b>CHILL\u00c1N ONLINE<\/b>\u00a0<br \/><a href=\"https:\/\/www.chillanonline.cl\/V7\/2025\/06\/04\/explora-maule-lanza-su-programacion-2025-con-foco-en-redes-docentes\/\">Explora Maule lanza su programaci\u00f3n 2025 con foco en redes docentes. C\u00e9sar Retamal, director de\u202fExplora\u202fMaule\u202fy jefe de la Unidad de Divulgaci\u00f3n y Alejandra P\u00e1vez, acad\u00e9mica de la Facultad de Ciencias de la Educaci\u00f3n.\u00a0<\/a><br \/><br \/><\/div><div><b>PORTAL EDUCA<\/b>\u00a0<br \/><a href=\"https:\/\/portaleduca.cl\/explora-maule-lanza-su-programacion-2025-con-foco-en-redes-docentes\/\">Explora Maule lanza su programaci\u00f3n 2025 con foco en redes docentes. C\u00e9sar Retamal, director de\u202fExplora\u202fMaule\u202fy jefe de la Unidad de Divulgaci\u00f3n y Alejandra P\u00e1vez, acad\u00e9mica de la Facultad de Ciencias de la Educaci\u00f3n.\u00a0<\/a><br \/><br \/><\/div><div><b>RADIO NOST\u00c1LGICA<\/b>\u00a0<br \/><a href=\"https:\/\/www.nostalgica.cl\/ante-multiples-choques-lo-que-ganan-y-pierden-matthei-y-el-gobierno-con-sus-peleas\/\">Ante m\u00faltiples choques: Lo que ganan y pierden Matthei y el Gobierno con sus peleas. Se refiere Mauricio Morales Quiroga, directora del Centro de An\u00e1lisis Pol\u00edtico (CAP-UTalca).\u00a0<\/a><br \/><br \/><\/div><div><b>EMOL<\/b>\u00a0<br \/><a href=\"https:\/\/www.emol.com\/noticias\/Nacional\/2025\/06\/04\/1168279\/choques-matthei-y-gobierno.html\">Ante m\u00faltiples choques: Lo que ganan y pierden Matthei y el Gobierno con sus peleas. Se refiere Mauricio Morales Quiroga, directora del Centro de An\u00e1lisis Pol\u00edtico (CAP-UTalca).\u00a0<\/a><br \/><br \/><\/div><div><b>RADIO INFINITA<\/b>\u00a0<br \/><a href=\"https:\/\/www.litoralpress.cl\/sitio\/RadioTV_Detalles.cshtml?LPKey=O5F7EPCEPTM7KS3IWVU2T66EO7OBPQKRVLDOI5LK36AHBYJIXUV4UXGZAG2X47Z7EB2SE3DDHPVK4\">Comentario de pol\u00edtica de Mauricio Morales Quiroga, directora del Centro de An\u00e1lisis Pol\u00edtico (CAP-UTalca).\u00a0<\/a><br \/><br \/><\/div><div><b>RADIO GUAYAC\u00c1N<\/b>\u00a0<br \/><a href=\"https:\/\/www.litoralpress.cl\/sitio\/RadioTV_Detalles.cshtml?LPKey=DWQXFBDVO47LR3G4PSPZPARYYODBJAMEMSRVQLS45472KU7VQ4GH7UA67T3FYQOKSJPAIDSENM5N4\">Entrevista a Gabriel Celis Dazinger, Profesor de Derecho Administrativo de la Universidad de Talca.\u00a0<\/a><br \/><br \/><\/div><div><b>CULTURA ACOMPA\u00d1ADA<\/b>\u00a0<br \/><a href=\"https:\/\/culturaacompanada.blogspot.com\/2025\/06\/inauguran-exposicion-sobre-victor-jara.html\">Inauguran exposici\u00f3n sobre V\u00edctor Jara y su legado. Se refiere Marcela Albornoz Dachelet, directora de Extensi\u00f3n Cultural \u2013 Art\u00edstica.\u00a0<\/a><\/div><div>\u00a0<\/div><div><b>LA PRENSA DE CURIC\u00d3<\/b>\u00a0<br \/><a href=\"https:\/\/www.litoralpress.cl\/paginaconsultas\/Servicios_NClipSitio\/Get_Imagen_Nota.aspx?LPKey=AVVMBST5BAUT6T6ORHUYAQ6UYSY7RZJXRNYJOJH32SJFRBYCWKXVER2H3KXS56FLMDQ7VQJKAXSO4\">Sucede. Se menciona la Universidad de Talca.\u00a0<\/a><br \/><br \/><\/div><div><b>UNIVERSIDAD DE CHILE<\/b>\u00a0<br \/><a href=\"https:\/\/derecho.uchile.cl\/agenda\/227753\/primer-seminario-de-pedagogia-juridica---escuelas-de-derecho-estatales\">Primer Seminario de Pedagog\u00eda Jur\u00eddica &#8211; Escuelas de Derecho estatales. Se menciona la Universidad de Talca.\u00a0<\/a><br \/><br \/><\/div><div><b>PRIMERA FUENTE NOTICIAS<\/b>\u00a0<br \/><a href=\"https:\/\/primerafuente.cl\/regional\/2025\/06\/04\/mujeres-participantes-de-sernameg-maule-se-reunen-para-potenciar-sus-liderazgos\/\">Mujeres participantes de SernamEG Maule se re\u00fanen para potenciar sus liderazgos. Se menciona la Universidad de Talca.<\/a>\u00a0<br \/><br \/><\/div><div><b>RADIO LAUTARO<\/b>\u00a0<br \/><a href=\"https:\/\/radiolautarotalca.cl\/explora-maule-lanza-su-programacion-2025-con-foco-en-redes-docentes\/\">Explora Maule lanza su programaci\u00f3n 2025 con foco en redes docentes. Se menciona la Universidad de Talca.\u00a0<\/a><br \/><br \/><\/div><div><b>ANALIZA MAULE<\/b>\u00a0<br \/><a href=\"https:\/\/analizamaule.cl\/mujeres-participantes-de-sernameg-maule-se-reunen-para-potenciar-sus-liderazgos\/\">Mujeres participantes de SernamEG Maule se re\u00fanen para potenciar sus liderazgos. Se menciona la Universidad de Talca.\u00a0<\/a><br \/><br \/><\/div>\t\t\t\t\t\t<\/div>\n\t\t\t\t<\/div>\n\t\t\t\t\t<\/div>\n\t\t<\/div>\n\t\t\t\t\t\t\t<\/div>\n\t\t<\/section>\n\t\t\t\t\t\t<\/div>\n\t\t\t\t\t<\/div>\n\t\t","protected":false},"excerpt":{"rendered":"<p>PUBLIMICRO\u00a0M\u00e1s all\u00e1 de los cinco sentidos: La importancia de la integraci\u00f3n sensorial en ni\u00f1os TEA, es el tema central de estudio en la Universidad de Talca. Camila Mosquera, directora de la Escuela de Terapia Ocupacional\u202fy Juan Sebasti\u00e1n Le\u00f3n, acad\u00e9mico de la menciona escuela.\u202f\u00a0 PORTAL RED SALUD\u00a0M\u00e1s all\u00e1 de los cinco sentidos: La importancia de la &hellip;<\/p>\n<p class=\"read-more\"> <a class=\"\" href=\"https:\/\/www.reportedeprensa.utalca.cl\/?p=11999\"> <span class=\"screen-reader-text\">05 de junio 2025<\/span> Read More &raquo;<\/a><\/p>\n","protected":false},"author":1,"featured_media":0,"comment_status":"closed","ping_status":"open","sticky":false,"template":"","format":"standard","meta":{"_monsterinsights_skip_tracking":false,"_monsterinsights_sitenote_active":false,"_monsterinsights_sitenote_note":"","_monsterinsights_sitenote_category":0},"categories":[60],"tags":[],"_links":{"self":[{"href":"https:\/\/www.reportedeprensa.utalca.cl\/index.php?rest_route=\/wp\/v2\/posts\/11999"}],"collection":[{"href":"https:\/\/www.reportedeprensa.utalca.cl\/index.php?rest_route=\/wp\/v2\/posts"}],"about":[{"href":"https:\/\/www.reportedeprensa.utalca.cl\/index.php?rest_route=\/wp\/v2\/types\/post"}],"author":[{"embeddable":true,"href":"https:\/\/www.reportedeprensa.utalca.cl\/index.php?rest_route=\/wp\/v2\/users\/1"}],"replies":[{"embeddable":true,"href":"https:\/\/www.reportedeprensa.utalca.cl\/index.php?rest_route=%2Fwp%2Fv2%2Fcomments&post=11999"}],"version-history":[{"count":4,"href":"https:\/\/www.reportedeprensa.utalca.cl\/index.php?rest_route=\/wp\/v2\/posts\/11999\/revisions"}],"predecessor-version":[{"id":12007,"href":"https:\/\/www.reportedeprensa.utalca.cl\/index.php?rest_route=\/wp\/v2\/posts\/11999\/revisions\/12007"}],"wp:attachment":[{"href":"https:\/\/www.reportedeprensa.utalca.cl\/index.php?rest_route=%2Fwp%2Fv2%2Fmedia&parent=11999"}],"wp:term":[{"taxonomy":"category","embeddable":true,"href":"https:\/\/www.reportedeprensa.utalca.cl\/index.php?rest_route=%2Fwp%2Fv2%2Fcategories&post=11999"},{"taxonomy":"post_tag","embeddable":true,"href":"https:\/\/www.reportedeprensa.utalca.cl\/index.php?rest_route=%2Fwp%2Fv2%2Ftags&post=11999"}],"curies":[{"name":"wp","href":"https:\/\/api.w.org\/{rel}","templated":true}]}}