{"id":12008,"date":"2025-06-06T10:55:57","date_gmt":"2025-06-06T13:55:57","guid":{"rendered":"https:\/\/www.reportedeprensa.utalca.cl\/?p=12008"},"modified":"2025-06-06T10:59:24","modified_gmt":"2025-06-06T13:59:24","slug":"06-de-junio-2025","status":"publish","type":"post","link":"https:\/\/www.reportedeprensa.utalca.cl\/?p=12008","title":{"rendered":"06 de junio 2025"},"content":{"rendered":"\t\t<div data-elementor-type=\"wp-post\" data-elementor-id=\"12008\" class=\"elementor elementor-12008\" data-elementor-settings=\"[]\">\n\t\t\t\t\t\t\t<div class=\"elementor-section-wrap\">\n\t\t\t\t\t\t\t<section class=\"elementor-section elementor-top-section elementor-element elementor-element-bcea1a8 elementor-section-boxed elementor-section-height-default elementor-section-height-default\" data-id=\"bcea1a8\" data-element_type=\"section\">\n\t\t\t\t\t\t<div class=\"elementor-container elementor-column-gap-default\">\n\t\t\t\t\t<div class=\"elementor-column elementor-col-100 elementor-top-column elementor-element elementor-element-e7183bf\" data-id=\"e7183bf\" data-element_type=\"column\">\n\t\t\t<div class=\"elementor-widget-wrap elementor-element-populated\">\n\t\t\t\t\t\t\t\t<div class=\"elementor-element elementor-element-2e59e7f elementor-widget elementor-widget-text-editor\" data-id=\"2e59e7f\" data-element_type=\"widget\" data-widget_type=\"text-editor.default\">\n\t\t\t\t<div class=\"elementor-widget-container\">\n\t\t\t\t\t\t\t\t<div class=\"x_elementToProof\"><b data-olk-copy-source=\"MessageBody\">EMOL TV<\/b><\/div><div class=\"x_elementToProof\"><a href=\"https:\/\/www.litoralpress.cl\/sitio\/RadioTV_Detalles.cshtml?LPKey=BFQX3WCPTP5L7ZXSXMVEEXGP6SMJFPFCQSAJJIXFRIMAHXSAKQWIBJPIOPOBEVOUYSYQFCTA3IFUC\">Transformaci\u00f3n digital y trabajo en red: los desaf\u00edos clave para la educaci\u00f3n superior. Se refiere Ariela Vergara, directora de Innovaci\u00f3n y Transferencia.\u00a0<\/a><\/div><div class=\"x_elementToProof\">\u00a0<\/div><div class=\"x_elementToProof\"><b>BIOBIOCHILE.CL<\/b>\u00a0<\/div><div class=\"x_elementToProof\"><a href=\"https:\/\/www.biobiochile.cl\/biobiotv\/programas\/radiograma-biobiotv\/2025\/06\/05\/division-ante-posibles-impactos-tras-ultimas-medidas-de-chile-contra-israel-por-situacion-en-gaza.shtml\">Divisi\u00f3n ante posibles impactos tras \u00faltimas medidas de Chile contra Israel por situaci\u00f3n en Gaza. Se refiere Alejandra M\u00e1rquez, acad\u00e9mica de la Facultad de Ciencias Jur\u00eddicas y Sociales.\u00a0<\/a><br \/><br \/><\/div><div class=\"x_elementToProof\"><b>RADIO BIOB\u00cdO<\/b>\u00a0<br \/><a href=\"https:\/\/www.litoralpress.cl\/sitio\/RadioTV_Detalles.cshtml?LPKey=2DZHV2REBELR6F4KECZR4H7WI6KFTTL3NRC6LALOPTNK4TCBVJTEQTW4OPWUWYDJJ5AGCNK3DZS6W\">Advierten del impacto que podr\u00edan generar los anuncios del presidente Boric sobre Israel. Se refiere Alejandra M\u00e1rquez, acad\u00e9mica de la Facultad de Ciencias Jur\u00eddicas y Sociales.\u00a0<\/a><\/div><div class=\"x_elementToProof\">\u00a0<\/div><div class=\"x_elementToProof\"><b>EL TIP\u00d3GRAFO<\/b>\u00a0<br \/><a href=\"https:\/\/www.litoralpress.cl\/paginaconsultas\/Servicios_NClipSitio\/Get_Imagen_Nota.aspx?LPKey=XWDC64S7NDWDXS3QO3GRDDWQN6CUR2FMYOY2NXNQ7G4KUWLN6SW4FXVG4PBZWCJTYIG3W2OP4R3P6\">Innovaci\u00f3n gen\u00e9tica: La clave para el mercado de las manzanas ante el cambio clim\u00e1tico. Se refiere \u00c1lvaro Sep\u00falveda, investigador del Centro de Pom\u00e1ceas.\u00a0<\/a><br \/><br \/><\/div><div class=\"x_elementToProof\"><b>CHILL\u00c1N ONLINE<\/b>\u00a0<br \/><a href=\"https:\/\/www.chillanonline.cl\/V7\/2025\/06\/05\/chile-fortalece-liderazgo-fruticola-manzana-chilena-se-consolida-en-brasil-colombia-y-ecuador\/\">Chile fortalece liderazgo frut\u00edcola: manzana chilena se consolida en Brasil, Colombia y Ecuador. Se refiere \u00c1lvaro Sep\u00falveda, investigador del Centro de Pom\u00e1ceas.\u00a0<\/a><br \/><br \/><\/div><div class=\"x_elementToProof\"><b>PORTAL FRUT\u00cdCOLA<\/b>\u00a0<br \/><a href=\"https:\/\/www.portalfruticola.com\/noticias\/2025\/06\/05\/chile-fortalece-liderazgo-fruticola-manzana\/\">Chile fortalece liderazgo frut\u00edcola: manzana chilena se consolida en Brasil, Colombia y Ecuador. Se refiere \u00c1lvaro Sep\u00falveda, investigador del Centro de Pom\u00e1ceas.<\/a>\u00a0<br \/><br \/><\/div><div class=\"x_elementToProof\"><b>MEDIABANCO<\/b>\u00a0<br \/><a href=\"https:\/\/www.mediabanco.com\/chile-fortalece-liderazgo-fruticola-manzana-chilena-se-consolida-en-brasil-colombia-y-ecuador\/\">Chile fortalece liderazgo frut\u00edcola: manzana chilena se consolida en Brasil, Colombia y Ecuador. Se refiere \u00c1lvaro Sep\u00falveda, investigador del Centro de Pom\u00e1ceas<\/a>.\u00a0<br \/><br \/><\/div><div class=\"x_elementToProof\"><b>REPORTE AGR\u00cdCOLA<\/b>\u00a0<br \/><a href=\"https:\/\/www.reporteagricola.cl\/noticia\/noticias\/2025\/06\/chile-fortalece-liderazgo-fruticola\">Chile fortalece liderazgo frut\u00edcola: manzana chilena se consolida en Brasil, Colombia y Ecuador. Se refiere \u00c1lvaro Sep\u00falveda, investigador del Centro de Pom\u00e1ceas.\u00a0<\/a><br \/><br \/><\/div><div class=\"x_elementToProof\"><b>PORTAL AGRO CHILE<\/b>\u00a0<br \/><a href=\"https:\/\/www.portalagrochile.cl\/2025\/06\/05\/chile-fortalece-liderazgo-fruticola-manzana-chilena-se-consolida-en-brasil-colombia-y-ecuador\/\">Chile fortalece liderazgo frut\u00edcola: manzana chilena se consolida en Brasil, Colombia y Ecuador. Se refiere \u00c1lvaro Sep\u00falveda, investigador del Centro de Pom\u00e1ceas.\u00a0<\/a><br \/><br \/><\/div><div class=\"x_elementToProof\"><b>DIARIO FRUT\u00cdCOLA<\/b>\u00a0<br \/><a href=\"https:\/\/www.diariofruticola.cl\/noticia\/agronegocios\/2025\/06\/manzana-chilena-consolida-su-reinvencion-en-latinoamerica-cambio-varietal-e-innovacion-abren-nuevo-ciclo\">Manzana chilena consolida su reinvenci\u00f3n en Latinoam\u00e9rica: cambio varietal e innovaci\u00f3n abren nuevo ciclo. Se refiere \u00c1lvaro Sep\u00falveda, investigador del Centro de Pom\u00e1ceas.\u00a0<\/a><br \/><br \/><\/div><div class=\"x_elementToProof\"><b>RADIO MAULE SUR<\/b>\u00a0<br \/><a href=\"https:\/\/www.radiomaulesur.cl\/2025\/06\/chile-fortalece-liderazgo-fruticola.html\">Chile fortalece liderazgo frut\u00edcola: manzana chilena se consolida en Brasil, Colombia y Ecuador. Se refiere \u00c1lvaro Sep\u00falveda, investigador del Centro de Pom\u00e1ceas.\u00a0<\/a><br \/><br \/><\/div><div class=\"x_elementToProof\"><b>EL TIP\u00d3GRAFO<\/b>\u00a0<br \/><a href=\"https:\/\/eltipografo.cl\/2025\/06\/innovacion-genetica-la-clave-para-el-mercado-de-las-manzanas-ante-el-cambio-climatico\">Innovaci\u00f3n gen\u00e9tica: La clave para el mercado de las manzanas ante el cambio clim\u00e1tico. Se refiere \u00c1lvaro Sep\u00falveda, investigador del Centro de Pom\u00e1ceas.\u00a0<\/a><br \/><br \/><\/div><div class=\"x_elementToProof\"><b>PRIMERA FUENTE NOTICIAS<\/b>\u00a0<\/div><div class=\"x_elementToProof\"><a href=\"https:\/\/primerafuente.cl\/nacional\/2025\/06\/05\/chile-fortalece-liderazgo-fruticola-manzana-chilena-se-consolida-en-brasil-colombia-y-ecuador\/\">Chile fortalece liderazgo frut\u00edcola: manzana chilena se consolida en Brasil, Colombia y Ecuador. Se refiere \u00c1lvaro Sep\u00falveda, investigador del Centro de Pom\u00e1ceas.\u00a0<\/a><br \/><br \/><\/div><div class=\"x_elementToProof\"><b>MAULE NEWS<\/b>\u00a0<br \/><a href=\"https:\/\/www.maulenews.com\/2025\/06\/chile-fortalece-liderazgo-fruticola.html\">Chile fortalece liderazgo frut\u00edcola: manzana chilena se consolida en Brasil, Colombia y Ecuador. Se refiere \u00c1lvaro Sep\u00falveda, investigador del Centro de Pom\u00e1ceas.\u00a0<\/a><\/div><div class=\"x_elementToProof\">\u00a0<\/div><div class=\"x_elementToProof\"><b>EL CLARIN<\/b>\u00a0<\/div><div class=\"x_elementToProof\"><a href=\"https:\/\/www.elclarin.cl\/2025\/06\/05\/inauguran-exposicion-sobre-victor-jara-y-su-legado\/\">Inauguran exposici\u00f3n sobre V\u00edctor Jara y su legado. Se refiere Marcela Albornoz Dachelet, directora de Extensi\u00f3n Cultural-Art\u00edstica.\u00a0<\/a><br \/><br \/><\/div><div class=\"x_elementToProof\"><b>EL CIUDADANO<\/b>\u00a0<br \/><a href=\"https:\/\/www.elciudadano.com\/actualidad\/exposicion-victor-jara-dos-miradas-50-anos-en-curico-inauguran-muestra-fotografica-sobre-el-destacado-creador-nacional\/06\/05\/\">Exposici\u00f3n \u201cV\u00edctor Jara. Dos miradas. 50 a\u00f1os\u201d: En Curic\u00f3 inauguran muestra fotogr\u00e1fica sobre el destacado creador nacional. Se refiere Marcela Albornoz Dachelet, directora de Extensi\u00f3n Cultural-Art\u00edstica.\u00a0<\/a><\/div><div class=\"x_elementToProof\">\u00a0<\/div><div class=\"x_elementToProof\"><b>EL LECTOR<\/b>\u00a0<br \/><a href=\"https:\/\/www.litoralpress.cl\/paginaconsultas\/Servicios_NClipSitio\/Get_Imagen_Nota.aspx?LPKey=VQXHGS5EUJJHFFBLBBNBEOG6KC7OJRL4URVSW5KE5ALRHCXR3NFTOV4BZVMU63CKJ4H7CBDRKVBFC\">Explora Maule lanza su programaci\u00f3n 2025 con foco en redes docentes. C\u00e9sar Retamal, director de\u202fExplora\u202fMaule\u202fy jefe de la Unidad de Divulgaci\u00f3n.\u202f\u00a0<\/a><br \/><br \/><\/div><div class=\"x_elementToProof\"><b>DIARIO EL HERALDO<\/b>\u00a0<br \/><a href=\"https:\/\/www.diarioelheraldo.cl\/noticia\/explora-maule-lanza-su-programacion-2025-con-foco-en-redes-docentes\">Explora Maule lanza su programaci\u00f3n 2025 con foco en redes docentes. C\u00e9sar Retamal, director de\u202fExplora\u202fMaule\u202fy jefe de la Unidad de Divulgaci\u00f3n.\u202f\u00a0<\/a><br \/><br \/><\/div><div class=\"x_elementToProof\"><b>PUBLIMICRO<\/b>\u00a0<br \/><a href=\"https:\/\/publimicro.cl\/explora-maule-de-la-universidad-de-talca-lanza-su-programacion-2025-con-foco-en-redes-docentes\/\">Explora Maule, de la Universidad de Talca, lanza su programaci\u00f3n 2025 con foco en redes docentes. Se refiere C\u00e9sar Retamal, director de\u202fExplora\u202fMaule\u202fy jefe de la Unidad de Divulgaci\u00f3n.\u202f\u00a0<\/a><br \/><br \/><\/div><div class=\"x_elementToProof\"><b>DIARIO LA MA\u00d1ANA<\/b>\u00a0<br \/><a href=\"https:\/\/diariolama\u00f1ana.cl\/2025\/06\/05\/talca-fue-la-anfitriona-del-tercer-encuentro-del-consorcio-de-divulgacion-cientifica-de-la-macrozona-centro-sur\/\">Talca fue la anfitriona del tercer encuentro del Consorcio de Divulgaci\u00f3n Cient\u00edfica de la Macrozona Centro Sur. C\u00e9sar Retamal, jefe de la Unidad de Divulgaci\u00f3n de la Direcci\u00f3n de Vinculaci\u00f3n con el Medio.\u00a0<\/a><br \/><br \/><\/div><div class=\"x_elementToProof\"><b>MAULE HOY<\/b>\u00a0<br \/><a href=\"https:\/\/maulehoy.cl\/2025\/06\/05\/explora-maule-lanza-su-programacion-2025-con-foco-en-redes-docentes\/\">Explora Maule lanza su programaci\u00f3n 2025 con foco en redes docentes. Se refiere C\u00e9sar Retamal, director de\u202fExplora\u202fMaule\u202fy jefe de la Unidad de Divulgaci\u00f3n.\u202f\u00a0<\/a><br \/><br \/><\/div><div class=\"x_elementToProof\"><b>EL HERALDO<\/b>\u00a0<br \/><a href=\"https:\/\/www.litoralpress.cl\/paginaconsultas\/Servicios_NClipSitio\/Get_Imagen_Nota.aspx?LPKey=CDDNQN6IJFOD4QFQOITAPDN6G7N6CLLZJ3WHYHWHN7IZ6OJPVNE5RIVJU3ILCT5NADUT6RD7F5K7U\">Explora Maule lanza su programaci\u00f3n 2025 con foco en redes docentes. C\u00e9sar Retamal, director de\u202fExplora\u202fMaule.\u202f\u00a0<\/a><br \/><br \/><\/div><div class=\"x_elementToProof\"><b>MAULE HOY<\/b>\u00a0<br \/><a href=\"https:\/\/www.litoralpress.cl\/paginaconsultas\/Servicios_NClipSitio\/Get_Imagen_Nota.aspx?LPKey=L4GLP44P34PIQFS5YGJBY7HD3XY5Y53FMXOYDDK3KFAGROY4PJVM54OAJSPN4YO6XONM4GCCKTFXI\">La Regi\u00f3n del Maule no est\u00e1 exenta del riesgo de tornados extremos. Se refiere Patricio Gonz\u00e1lez Colville, agroclimat\u00f3logo y acad\u00e9mico del Centro de Investigaci\u00f3n y Transferencia en Riego y Agroclimatolog\u00eda (CITRA).\u00a0<\/a><br \/><br \/><\/div><div class=\"x_elementToProof\"><b>MAULE HOY<\/b>\u00a0<br \/><a href=\"https:\/\/maulehoy.cl\/2025\/06\/05\/region-del-maule-no-esta-exenta-del-riesgo-de-tornados-extremos\/\">Regi\u00f3n del Maule no est\u00e1 exenta del riesgo de tornados extremos. Se refiere Patricio Gonz\u00e1lez Colville, agroclimat\u00f3logo y acad\u00e9mico del Centro de Investigaci\u00f3n y Transferencia en Riego y Agroclimatolog\u00eda (CITRA).\u00a0<\/a><br \/><br \/><\/div><div class=\"x_elementToProof\"><b>RADIO CRISTALINA<\/b>\u00a0<br \/><a href=\"https:\/\/radiocristalina.cl\/mas-alla-de-los-cinco-sentidos-la-importancia-de-la-integracion-sensorial-en-ninos-tea\/\">M\u00e1s all\u00e1 de los cinco sentidos: La importancia de la integraci\u00f3n sensorial en ni\u00f1os TEA. Camila Mosquera, directora de la Escuela de Terapia Ocupacional\u202fy Juan Sebasti\u00e1n Le\u00f3n, acad\u00e9mico de la menciona escuela.\u202f\u202f\u00a0<\/a><br \/><br \/><\/div><div class=\"x_elementToProof\"><b>RADIO INFINITA<\/b>\u00a0<br \/><a href=\"https:\/\/www.litoralpress.cl\/sitio\/RadioTV_Detalles.cshtml?LPKey=JYEOKMQMZEFFQK2LUOOH4GXUKICGA2YBBAMZFNEUTXS7IXIJLMT5B3HAPZKF2FCG4ZWAPNJIMRWWO\">Comentario de pol\u00edtica de Mauricio Morales Quiroga, director del Centro de An\u00e1lisis Pol\u00edtico (CAP-UTalca).\u00a0<\/a><br \/><br \/><\/div><div class=\"x_elementToProof\"><b>RADIO GUAYAC\u00c1N<\/b>\u00a0<br \/><a href=\"https:\/\/radioguayacan.cl\/2025\/06\/05\/las-posibles-sanciones-que-enfrentan-funcionarios-publicos-por-el-caso-licencias-medicas\/\">Las posibles sanciones que enfrentan funcionarios p\u00fablicos por el caso Licencias M\u00e9dica. Se refiere Gabriel Celis Danzinger, director del la Escuela de Derecho campus Santiago.\u00a0<\/a><br \/><br \/><\/div><div class=\"x_elementToProof\"><b>EL LECTOR<\/b>\u00a0<br \/><a href=\"https:\/\/www.litoralpress.cl\/paginaconsultas\/Servicios_NClipSitio\/Get_Imagen_Nota.aspx?LPKey=XNPYIS5LJODZZAZDATAOIT7A43V6TOY6SF3436GZWRKYY7WDL3YZLYG5WY2TZYDVVVRVSLCOUG66A\">Mujeres participantes de SernamEG Maule se re\u00fanen para potenciar sus liderazgos. Se menciona la Universidad de Talca.\u00a0<\/a><br \/><br \/><\/div><div class=\"x_elementToProof\"><b>LA PRENSA DE CURIC\u00d3<\/b>\u00a0<br \/><a href=\"https:\/\/www.litoralpress.cl\/paginaconsultas\/Servicios_NClipSitio\/Get_Imagen_Nota.aspx?LPKey=YGZ4SXGWNVAKAITTJURVJS5LHWNUIWZ5RGR66WEXVYWE3A5TEWK722ZTODKZQYXZKEGY3XCNNWJHM\">Sucede. Se menciona la Universidad de Talca.\u00a0<\/a><br \/><br \/><\/div><div class=\"x_elementToProof\"><b>EN CANCHA<\/b>\u00a0<br \/><a href=\"https:\/\/www.encancha.cl\/enlahora\/nacional\/2025\/06\/05\/segun-ranking-internacional-estas-son-las-5-mejores-universidades-de-region-en-chile\/\">Seg\u00fan ranking internacional: estas son las 5 mejores universidades regionales en Chile. Se menciona la Universidad de Talca.\u00a0<\/a><br \/><br \/><\/div><div class=\"x_elementToProof\"><b>LA DIRECTA LONGAVIANA<\/b>\u00a0<br \/><a href=\"https:\/\/www.ladirectalongaviana.cl\/2025\/06\/05\/mujeres-participantes-de-sernameg-maule-se-reunen-para-potenciar-sus-liderazgos\/\">Mujeres participantes de SernamEG Maule se re\u00fanen para potenciar sus liderazgos.Se menciona la Universidad de Talca.\u00a0<\/a><br \/><br \/><\/div><div class=\"x_elementToProof\"><b>PA\u00cdS LOBO<\/b>\u00a0<br \/><a href=\"https:\/\/www.paislobo.cl\/2025\/06\/noche-de-operas-un-recital-con-flauta-y-piano.html\">\u201cNoche de \u00d3peras\u201d: Un recital con Flauta y Piano. Se menciona la Universidad de Talca.\u00a0<\/a><br \/><br \/><\/div><div class=\"x_elementToProof\"><b>RADIO MAULE SUR <\/b>\u00a0<br \/><a href=\"https:\/\/www.radiomaulesur.cl\/2025\/06\/mujeres-participantes-de-sernameg-maule.html\">Mujeres participantes de SERNAMEG maule se re\u00fanen para potenciar sus liderazgos. Se menciona la Universidad de Talca.\u00a0<\/a><br \/><br \/><\/div><div class=\"x_elementToProof\"><b>UNIVERSIDAD DE CHILE<\/b>\u00a0<br \/><a href=\"https:\/\/uchile.cl\/agenda\/227753\/primer-seminario-de-pedagogia-juridica---escuelas-de-derecho-estatales\">Primer Seminario de Pedagog\u00eda Jur\u00eddica &#8211; Escuelas de Derecho estatales.\u00a0<\/a><br \/><br \/><\/div><div class=\"x_elementToProof\"><b>EL SURE\u00d1O<\/b>\u00a0<br \/><a href=\"https:\/\/elsureno.cl\/2025\/06\/05\/noche-de-operas-recital-de-flauta-y-piano-llega-a-frutillar-osorno-y-valdivia\/\">Noche de \u00f3peras: recital de flauta y piano llega a Frutillar, Osorno y Valdivia. Se menciona la Universidad de Talca.\u00a0<\/a><br \/><br \/><\/div><div class=\"x_elementToProof\"><b>DIARIO FRUT\u00cdCOLA<\/b>\u00a0<br \/><a href=\"https:\/\/www.diariofruticola.cl\/noticia\/imagen-del-dia\/2025\/06\/imagenes-y-desafios-de-la-xii-expo-pomaceas-2025\">Im\u00e1genes y desaf\u00edos de la XII Expo Pom\u00e1ceas 2025. Se menciona la Universidad de Talca.\u00a0<\/a><br \/>\u00a0<br \/><b>DIARIO DE OSORNO<\/b>\u00a0<br \/><a href=\"https:\/\/www.diariodeosorno.cl\/noticia\/panoramas-y-cultura\/2025\/06\/noche-de-operas-un-recital-con-flauta-y-piano\">\u201cNoche de \u00d3peras\u201d: Un recital con Flauta y Piano. Se menciona la Universidad de Talca.\u00a0<\/a><br \/><br \/><\/div><div class=\"x_elementToProof\"><b>INOTICIAS<\/b>\u00a0<br \/><a href=\"https:\/\/inoticias.cl\/detalle\/inauguran-exposicion-sobre-victor-jara-y-su-legado-899963\">Inauguran exposici\u00f3n sobre V\u00edctor Jara y su legado. Se menciona la Universidad de Talca.\u00a0<\/a><br \/><br \/><\/div><div class=\"x_elementToProof\"><b>MAULE HOY<\/b>\u00a0<br \/><a href=\"https:\/\/maulehoy.cl\/2025\/06\/05\/mujeres-participantes-de-sernameg-maule-se-reunen-para-potenciar-sus-liderazgos\/\">Mujeres participantes de SernamEG Maule se re\u00fanen para potenciar sus liderazgos. Se menciona la Universidad de Talca.\u00a0<\/a><br \/><br \/><\/div><div class=\"x_elementToProof\"><b>DIARIO EL CENTRO<\/b>\u00a0<br \/><a href=\"https:\/\/www.diarioelcentro.cl\/2025\/06\/05\/la-funcionalidad-y-la-felicidad-en-las-personas-mayores-una-mirada-integradora-hacia-el-bienestar\/\">La funcionalidad y la felicidad en las personas mayores: una mirada integradora hacia el bienestar. Se menciona la Universidad de Talca.\u00a0<\/a><br \/><br \/><\/div>\t\t\t\t\t\t<\/div>\n\t\t\t\t<\/div>\n\t\t\t\t\t<\/div>\n\t\t<\/div>\n\t\t\t\t\t\t\t<\/div>\n\t\t<\/section>\n\t\t\t\t\t\t<\/div>\n\t\t\t\t\t<\/div>\n\t\t","protected":false},"excerpt":{"rendered":"<p>EMOL TVTransformaci\u00f3n digital y trabajo en red: los desaf\u00edos clave para la educaci\u00f3n superior. Se refiere Ariela Vergara, directora de Innovaci\u00f3n y Transferencia.\u00a0\u00a0BIOBIOCHILE.CL\u00a0Divisi\u00f3n ante posibles impactos tras \u00faltimas medidas de Chile contra Israel por situaci\u00f3n en Gaza. Se refiere Alejandra M\u00e1rquez, acad\u00e9mica de la Facultad de Ciencias Jur\u00eddicas y Sociales.\u00a0 RADIO BIOB\u00cdO\u00a0Advierten del impacto que &hellip;<\/p>\n<p class=\"read-more\"> <a class=\"\" href=\"https:\/\/www.reportedeprensa.utalca.cl\/?p=12008\"> <span class=\"screen-reader-text\">06 de junio 2025<\/span> Read More &raquo;<\/a><\/p>\n","protected":false},"author":1,"featured_media":0,"comment_status":"closed","ping_status":"open","sticky":false,"template":"","format":"standard","meta":{"_monsterinsights_skip_tracking":false,"_monsterinsights_sitenote_active":false,"_monsterinsights_sitenote_note":"","_monsterinsights_sitenote_category":0},"categories":[60],"tags":[],"_links":{"self":[{"href":"https:\/\/www.reportedeprensa.utalca.cl\/index.php?rest_route=\/wp\/v2\/posts\/12008"}],"collection":[{"href":"https:\/\/www.reportedeprensa.utalca.cl\/index.php?rest_route=\/wp\/v2\/posts"}],"about":[{"href":"https:\/\/www.reportedeprensa.utalca.cl\/index.php?rest_route=\/wp\/v2\/types\/post"}],"author":[{"embeddable":true,"href":"https:\/\/www.reportedeprensa.utalca.cl\/index.php?rest_route=\/wp\/v2\/users\/1"}],"replies":[{"embeddable":true,"href":"https:\/\/www.reportedeprensa.utalca.cl\/index.php?rest_route=%2Fwp%2Fv2%2Fcomments&post=12008"}],"version-history":[{"count":4,"href":"https:\/\/www.reportedeprensa.utalca.cl\/index.php?rest_route=\/wp\/v2\/posts\/12008\/revisions"}],"predecessor-version":[{"id":12012,"href":"https:\/\/www.reportedeprensa.utalca.cl\/index.php?rest_route=\/wp\/v2\/posts\/12008\/revisions\/12012"}],"wp:attachment":[{"href":"https:\/\/www.reportedeprensa.utalca.cl\/index.php?rest_route=%2Fwp%2Fv2%2Fmedia&parent=12008"}],"wp:term":[{"taxonomy":"category","embeddable":true,"href":"https:\/\/www.reportedeprensa.utalca.cl\/index.php?rest_route=%2Fwp%2Fv2%2Fcategories&post=12008"},{"taxonomy":"post_tag","embeddable":true,"href":"https:\/\/www.reportedeprensa.utalca.cl\/index.php?rest_route=%2Fwp%2Fv2%2Ftags&post=12008"}],"curies":[{"name":"wp","href":"https:\/\/api.w.org\/{rel}","templated":true}]}}