{"id":12017,"date":"2025-06-09T14:10:34","date_gmt":"2025-06-09T17:10:34","guid":{"rendered":"https:\/\/www.reportedeprensa.utalca.cl\/?p=12017"},"modified":"2025-06-09T14:28:08","modified_gmt":"2025-06-09T17:28:08","slug":"09-de-junio-2025","status":"publish","type":"post","link":"https:\/\/www.reportedeprensa.utalca.cl\/?p=12017","title":{"rendered":"09 de junio 2025"},"content":{"rendered":"\t\t<div data-elementor-type=\"wp-post\" data-elementor-id=\"12017\" class=\"elementor elementor-12017\" data-elementor-settings=\"[]\">\n\t\t\t\t\t\t\t<div class=\"elementor-section-wrap\">\n\t\t\t\t\t\t\t<section class=\"elementor-section elementor-top-section elementor-element elementor-element-bcea1a8 elementor-section-boxed elementor-section-height-default elementor-section-height-default\" data-id=\"bcea1a8\" data-element_type=\"section\">\n\t\t\t\t\t\t<div class=\"elementor-container elementor-column-gap-default\">\n\t\t\t\t\t<div class=\"elementor-column elementor-col-100 elementor-top-column elementor-element elementor-element-e7183bf\" data-id=\"e7183bf\" data-element_type=\"column\">\n\t\t\t<div class=\"elementor-widget-wrap elementor-element-populated\">\n\t\t\t\t\t\t\t\t<div class=\"elementor-element elementor-element-2e59e7f elementor-widget elementor-widget-text-editor\" data-id=\"2e59e7f\" data-element_type=\"widget\" data-widget_type=\"text-editor.default\">\n\t\t\t\t<div class=\"elementor-widget-container\">\n\t\t\t\t\t\t\t\t<div class=\"x_elementToProof\"><b data-olk-copy-source=\"MessageBody\">EL MERCURIO<\/b>\u00a0<br \/><a href=\"https:\/\/www.litoralpress.cl\/sitio\/Prensa_PaginaCompleta.cshtml?LPKey=2RRWSQYLAGDKUU7FKPQ3FHOYO3TJJ5UMHYMT7XAV5XTL34RYVPIA\">\u00bfQu\u00e9 instituciones tienen las m\u00e1s valiosas colecciones de arte en Chile? Se menciona la Universidad de Talca.\u00a0\u00a0<\/a><br \/><br \/><\/div><div class=\"x_elementToProof\"><b>EL MERCURIO<\/b>\u00a0<br \/><a href=\"https:\/\/www.litoralpress.cl\/sitio\/Prensa_PaginaCompleta.cshtml?LPKey=XWNHKFCIRKFQGQLDVLRUS56EELBCODJRNAPV7C7SNAQYW75PNJCQ\">La rom\u00e1ntica leyenda de Llacol\u00e9n se convierte en una \u00f3pera. Se refiere V\u00edctor Hugo Toro, director Orquesta Sinf\u00f3nica UTalca.\u00a0<\/a><br \/><br \/><\/div><div class=\"x_elementToProof\"><b>RADIO BEETHOVEN<\/b>\u00a0<br \/><a href=\"https:\/\/www.beethovenfm.cl\/recomendado\/victor-hugo-toro-estrena-su-opera-llacolen-pretencioso-como-tal-vez-pueda-sonar-siento-que-estamos-haciendo-historia-estamos-escribiendo-lineas-muy-bonitas-del-libro-de-la-historia-de-la-musica-c\/\">V\u00edctor Hugo Toro estrena su \u00f3pera Llacol\u00e9n: &#8220;Pretencioso como tal vez pueda sonar, siento que estamos haciendo historia&#8221;. Se refiere V\u00edctor Hugo Toro, director Orquesta Sinf\u00f3nica UTalca.\u00a0<\/a><br \/><br \/><\/div><div class=\"x_elementToProof\"><b>DIARIO EL CENTRO<\/b>\u00a0<br \/><a href=\"https:\/\/www.diarioelcentro.cl\/2025\/06\/08\/llacolen-una-historia-mapuche-llevada-a-la-opera-por-el-director-de-la-orquesta-sinfonica-de-utalca\/\">\u201cLlacol\u00e9n\u201d: Una historia mapuche llevada a la \u00f3pera por el director de la Orquesta Sinf\u00f3nica de UTalca. Se refiere V\u00edctor Hugo Toro, director Orquesta Sinf\u00f3nica UTalca.\u00a0<\/a><br \/><br \/><\/div><div class=\"x_elementToProof\"><b>COOPERATIVA CIENCIA<\/b>\u00a0<br \/><a href=\"https:\/\/www.cooperativaciencia.cl\/ciencia\/2025\/06\/06\/docentes-del-maule-buscan-acercar-la-ciencia-en-mas-de-120-establecimientos-de-la-region\/\">Docentes del Maule buscan acercar la ciencia en m\u00e1s de 120 establecimientos de la regi\u00f3n. Se refiere C\u00e9sar Retamal, jefe de la Unidad de Divulgaci\u00f3n de la Direcci\u00f3n de Vinculaci\u00f3n con el Medio.\u202f\u00a0<\/a><br \/>\u00a0<\/div><div class=\"x_elementToProof\"><b>RADIO BIOB\u00cdO<\/b>\u00a0<br \/><a href=\"https:\/\/www.biobiochile.cl\/noticias\/salud-y-bienestar\/cuerpo\/2025\/06\/08\/el-fluor-del-agua-nos-hace-tontos-lideres-discuten-la-medida-pionera-que-nos-salvo-de-las-caries.shtml\">\u00bfEl fl\u00faor del agua nos hace tontos? L\u00edderes discuten la medida pionera que nos salv\u00f3 de las caries. Se refiere Constanza Fern\u00e1ndez, acad\u00e9mica Facultad de Odontolog\u00eda.\u00a0<\/a><br \/><br \/><\/div><div class=\"x_elementToProof\"><b>MSN.CL<\/b>\u00a0<br \/><a href=\"https:\/\/www.msn.com\/es-cl\/noticias\/otras\/el-fl%C3%BAor-del-agua-nos-hace-tontos-l%C3%ADderes-discuten-la-medida-pionera-que-nos-salv%C3%B3-de-las-caries\/ar-AA1GiXZy\">\u00bfEl fl\u00faor del agua nos hace tontos? L\u00edderes discuten la medida pionera que nos salv\u00f3 de las caries. Se refiere Constanza Fern\u00e1ndez, acad\u00e9mica Facultad de Odontolog\u00eda.<\/a>\u00a0<br \/><br \/><\/div><div class=\"x_elementToProof\"><b>EL MOSTRADOR<\/b>\u00a0<br \/><a href=\"https:\/\/www.elmostrador.cl\/agenda-pais\/agenda-inclusiva\/2025\/06\/08\/autismo-y-educacion-por-que-es-necesario-incluir-estrategias-sensoriales-en-el-aula\/\">Autismo y educaci\u00f3n: por qu\u00e9 es necesario incluir estrategias sensoriales en el aula. Se refiere Camila Mosquera, directora\u00a0Escuela de Terapia Ocupacional y Juan Sebasti\u00e1n Le\u00f3n, acad\u00e9mico de la misma escuela. \u00a0<\/a><br \/><br \/><\/div><div class=\"x_elementToProof\"><b>MSN.CL<\/b>\u00a0<br \/><a href=\"https:\/\/www.msn.com\/es-cl\/noticias\/otras\/autismo-y-educaci%C3%B3n-por-qu%C3%A9-es-necesario-incluir-estrategias-sensoriales-en-el-aula\/ar-AA1GidLL\">Autismo y educaci\u00f3n: por qu\u00e9 es necesario incluir estrategias sensoriales en el aula. Se refiere Camila Mosquera, directora\u00a0Escuela de Terapia Ocupacional y Juan Sebasti\u00e1n Le\u00f3n, acad\u00e9mico de la misma escuela. \u00a0<\/a><br \/>\u00a0<\/div><div class=\"x_elementToProof\"><b>G5 NOTICIA<\/b>\u00a0<br \/><a href=\"https:\/\/g5noticias.cl\/2025\/06\/05\/mas-alla-de-los-cinco-sentidos-la-importancia-de-la-integracion-sensorial-en-ninos-tea\/\">M\u00e1s all\u00e1 de los cinco sentidos: La importancia de la integraci\u00f3n sensorial en ni\u00f1os TEA. Se refiere Juan Sebasti\u00e1n Le\u00f3n, acad\u00e9mico de la Escuela de Terapia Ocupacional.\u00a0<\/a><br \/><br \/><\/div><div class=\"x_elementToProof\"><b>S\u00c9PTIMA REGI\u00d3N NOTICIAS<\/b>\u00a0<br \/><a href=\"https:\/\/www.septimapaginanoticias.cl\/mas-alla-de-los-cinco-sentidos-la-importancia-de-la-integracion-sensorial-en-ninos-tea\">M\u00e1s all\u00e1 de los cinco sentidos: La importancia de la integraci\u00f3n sensorial en ni\u00f1os TEA. Se refiere Juan Sebasti\u00e1n Le\u00f3n, acad\u00e9mico de la Escuela de Terapia Ocupacional.\u00a0<\/a><br \/><br \/><\/div><div class=\"x_elementToProof\"><b>REPORTE AGR\u00cdCOLA<\/b>\u00a0<br \/><a href=\"https:\/\/www.reporteagricola.cl\/noticia\/noticias\/2025\/06\/por-que-es-tan-relevante-la-inocuidad-en-los-alimentos\">\u00bfPor qu\u00e9 es tan relevante la inocuidad en los alimentos? Se refiere Andrea Figueroa Vergara, acad\u00e9mica de la Escuela de Nutrici\u00f3n y Diet\u00e9tica<\/a>.\u00a0<br \/>\u00a0<br \/><b>PUBLIMICRO<\/b>\u00a0<br \/><a href=\"https:\/\/publimicro.cl\/la-inocuidad-alimentaria-es-responsabilidad-de-todas-las-personas-involucradas-en-la-cadena-alimentaria-afirma-academica-de-la-universidad-de-talca\/\">\u201cLa inocuidad alimentaria es responsabilidad de todas las personas involucradas en la cadena alimentaria\u201d, afirma acad\u00e9mica de la Universidad de Talca. Se refiere Andrea Figueroa Vergara, acad\u00e9mica de la Escuela de Nutrici\u00f3n y Diet\u00e9tica.<\/a>\u00a0<br \/><br \/><\/div><div class=\"x_elementToProof\"><b>CANAL 2 LINARES<\/b>\u00a0<br \/><a href=\"https:\/\/www.canal2linares.cl\/2025\/06\/por-que-es-tan-relevante-la-inocuidad.html\">\u00bfPor qu\u00e9 es tan relevante la inocuidad en los alimentos? Se refiere Andrea Figueroa Vergara, acad\u00e9mica de la Escuela de Nutrici\u00f3n y Diet\u00e9tica.\u00a0<\/a><br \/><br \/><\/div><div class=\"x_elementToProof\"><b>AD PRENSA<\/b>\u00a0<br \/><a href=\"https:\/\/www.adprensa.cl\/cronica\/por-que-es-tan-relevante-la-inocuidad-en-los-alimentos\/\">\u00bfPor qu\u00e9 es tan relevante la inocuidad en los alimentos? Se refiere Andrea Figueroa Vergara, acad\u00e9mica de la Escuela de Nutrici\u00f3n y Diet\u00e9tica.\u00a0<\/a><br \/><br \/><\/div><div class=\"x_elementToProof\"><b>MEDIABANCO<\/b>\u00a0<br \/><a href=\"https:\/\/www.mediabanco.com\/por-que-es-tan-relevante-la-inocuidad-en-los-alimentos\/\">\u00bfPor qu\u00e9 es tan relevante la inocuidad en los alimentos? Se refiere Andrea Figueroa Vergara, acad\u00e9mica de la Escuela de Nutrici\u00f3n y Diet\u00e9tica.\u00a0<\/a><br \/><br \/><\/div><div class=\"x_elementToProof\"><b>PORTAL AGRO CHILE<\/b>\u00a0<br \/><a href=\"https:\/\/www.portalagrochile.cl\/2025\/06\/06\/por-que-es-tan-relevante-la-inocuidad-en-los-alimentos\/\">\u00bfPor qu\u00e9 es tan relevante la inocuidad en los alimentos? Se refiere Andrea Figueroa Vergara, acad\u00e9mica de la Escuela de Nutrici\u00f3n y Diet\u00e9tica.\u00a0<\/a><br \/><br \/><\/div><div class=\"x_elementToProof\"><b>DIARIO FINANCIERO<\/b>\u00a0<br \/><a href=\"https:\/\/www.litoralpress.cl\/paginaconsultas\/Servicios_NClipSitio\/Get_Imagen_Nota.aspx?LPKey=M3TQV53CSXKFQ5TOZXUG5T4TPIDH4TU5GANUMPWK6BBMFIJ32AQTUDPYBD2YQBTBMCU5VN5L5V3NK\">La estrategia de la DC para sobrevivir a las parlamentarias. Se refiere Mauricio Morales Quiroga, director del Centro de An\u00e1lisis Pol\u00edtico (CAP-UTalca).\u00a0<\/a><br \/><br \/><\/div><div class=\"x_elementToProof\"><b>RADIO COOPERATIVA<\/b>\u00a0<br \/><a href=\"https:\/\/www.litoralpress.cl\/sitio\/RadioTV_Detalles.cshtml?LPKey=7Z5PYWG3CKWQVCNGY7WE5T6B2BQH2E6WM2A54MSPHMDM2CZ6QXADX35A7VUMYQ4A2R75QOMEFCNR2\">Frases del d\u00eda. Se refiere Mauricio Morales Quiroga, director del Centro de An\u00e1lisis Pol\u00edtico (CAP-UTalca).\u00a0<\/a><br \/>\u00a0<br \/><b>EL MERCURIO<\/b>\u00a0<br \/><a href=\"https:\/\/www.litoralpress.cl\/paginaconsultas\/Servicios_NClipSitio\/Get_Imagen_Nota.aspx?LPKey=ISXV2TKIDA2YBWG7JJ5SJFYXPK4IHAMAMVSTYAZS4KHMVGU7OF55AQQBFI4QWZFZ74YSBFXTPLXXC\">Gobierno lanza &#8220;Chile vota informado&#8221; en medio de inquietud por convocatoria de primaria oficialista. Se refiere Mauricio Morales Quiroga, director del Centro de An\u00e1lisis Pol\u00edtico (CAP-UTalca).\u00a0<\/a><br \/><br \/><\/div><div class=\"x_elementToProof\"><b>PORTAL EDUCA<\/b>\u00a0<br \/><a href=\"https:\/\/portaleduca.cl\/red-de-innovacion-cuech-y-cna-realizan-exitoso-seminario-sobre-estandares-y-buenas-practicas-para-la-acreditacion-en-innovacion\/\">Red de Innovaci\u00f3n CUECH y CNA realizan exitoso seminario sobre est\u00e1ndares y buenas pr\u00e1cticas para la acreditaci\u00f3n en innovaci\u00f3n. Se refiere Ariela Vergara, directora de Innovaci\u00f3n.\u00a0<\/a><br \/><br \/><\/div><div class=\"x_elementToProof\"><b>CONSORCIO DE UNIVERSIDADES DEL ESTADO DE CHILE<\/b>\u00a0<br \/><a href=\"https:\/\/noticias.uestatales.cl\/red-de-innovacion-cuech-cna-seminario-estandares-practicas-acreditacion-innovacion\">Red de Innovaci\u00f3n CUECH y CNA realizan exitoso seminario sobre est\u00e1ndares y buenas pr\u00e1cticas para la acreditaci\u00f3n en innovaci\u00f3n. Se refiere Ariela Vergara, directora de Innovaci\u00f3n.\u00a0<\/a><br \/><br \/><\/div><div class=\"x_elementToProof\"><b>G5 NOTICIAS<\/b>\u00a0<br \/><a href=\"https:\/\/g5noticias.cl\/2025\/06\/07\/red-de-innovacion-cuech-y-cna-realizan-exitoso-seminario-sobre-estandares-y-buenas-practicas-para-la-acreditacion-en-innovacion\/\">Red de Innovaci\u00f3n CUECH y CNA realizan exitoso seminario sobre est\u00e1ndares y buenas pr\u00e1cticas para la acreditaci\u00f3n en innovaci\u00f3n. Se refiere Ariela Vergara, directora de Innovaci\u00f3n.\u00a0<\/a><br \/><br \/><\/div><div class=\"x_elementToProof\"><b>CONSORCIO DE UNIVERSIDADES DEL ESTADO DE CHILE<\/b>\u00a0<br \/><a href=\"https:\/\/noticias.uestatales.cl\/red-de-innovacion-cuech-cna-seminario-estandares-practicas-acreditacion-innovacion\">Red de Innovaci\u00f3n CUECH y CNA realizan exitoso seminario sobre est\u00e1ndares y buenas pr\u00e1cticas para la acreditaci\u00f3n en innovaci\u00f3n. Se refiere Ariela Vergara, directora de Innovaci\u00f3n.\u00a0<\/a><br \/><br \/><\/div><div class=\"x_elementToProof\"><b>G5 NOTICIAS<\/b>\u00a0<br \/><a href=\"https:\/\/g5noticias.cl\/2025\/06\/07\/red-de-innovacion-cuech-y-cna-realizan-exitoso-seminario-sobre-estandares-y-buenas-practicas-para-la-acreditacion-en-innovacion\/\">Red de Innovaci\u00f3n CUECH y CNA realizan exitoso seminario sobre est\u00e1ndares y buenas pr\u00e1cticas para la acreditaci\u00f3n en innovaci\u00f3n. Se refiere Ariela Vergara, directora de Innovaci\u00f3n.\u00a0<\/a><br \/><br \/><\/div><div class=\"x_elementToProof\"><b>PORTAL EDUCA<\/b>\u00a0<br \/><a href=\"https:\/\/portaleduca.cl\/red-de-innovacion-cuech-y-cna-realizan-exitoso-seminario-sobre-estandares-y-buenas-practicas-para-la-acreditacion-en-innovacion\/\">Red de Innovaci\u00f3n CUECH y CNA realizan exitoso seminario sobre est\u00e1ndares y buenas pr\u00e1cticas para la acreditaci\u00f3n en innovaci\u00f3n. Se refiere Ariela Vergara, directora de Innovaci\u00f3n.\u00a0<\/a><\/div><div class=\"x_elementToProof\">\u00a0<br \/><b>G5 NOTICIA<\/b>\u00a0<br \/><a href=\"https:\/\/g5noticias.cl\/2025\/06\/06\/presentan-libro-que-reflexiona-sobre-la-calidad-de-la-educacion-superior\/\">Presentan libro que reflexiona sobre la calidad de la educaci\u00f3n superior. Se refiere Patricia Rodr\u00edguez Cu\u00e9llar, directora del Campus Santiago y Paulina Subiabre Ubilla, acad\u00e9mica de la Facultad de Educaci\u00f3n.\u00a0<\/a><br \/><br \/><\/div><div class=\"x_elementToProof\"><b>MEDIABANCO<\/b>\u00a0<br \/><a href=\"https:\/\/www.mediabanco.com\/presentan-libro-que-reflexiona-sobre-la-calidad-de-la-educacion-superior\/\">Presentan libro que reflexiona sobre la calidad de la educaci\u00f3n superior. Se refiere Patricia Rodr\u00edguez Cu\u00e9llar, directora del Campus Santiago y Paulina Subiabre Ubilla, acad\u00e9mica de la Facultad de Educaci\u00f3n.\u00a0<\/a><br \/>\u00a0<br \/><b>EL HERALDO<\/b>\u00a0<br \/><a href=\"https:\/\/www.litoralpress.cl\/paginaconsultas\/Servicios_NClipSitio\/Get_Imagen_Nota.aspx?LPKey=WJMF6NV3U3B24W5VLZPYOQQG5LXHBDD6AZFJOT3KJY537LZIK34L2GNFAFU3S3RJQBHAQ2MPXOVM6\">Presentan libro que reflexiona sobre la calidad de la educaci\u00f3n superior. Se refiere Patricia Rodr\u00edguez Cu\u00e9llar, directora del Campus Santiago y Paulina Subiabre Ubilla, acad\u00e9mica de la Facultad de Educaci\u00f3n.\u00a0<\/a><br \/>\u00a0<\/div><div class=\"x_elementToProof\"><b>EL LECTOR<\/b>\u00a0<br \/><a href=\"https:\/\/www.litoralpress.cl\/paginaconsultas\/Servicios_NClipSitio\/Get_Imagen_Nota.aspx?LPKey=NNFILMG332YEVP53DXG3MJ64IUBJWTUVYKDTKSD2MYINQKBRTISHELRFBCUBQDTIQ2OIEWG6UWJTK\">Presentan libro que reflexiona sobre la calidad de la educaci\u00f3n superior. Se refiere Patricia Rodr\u00edguez Cu\u00e9llar, directora del Campus Santiago y Paulina Subiabre Ubilla, acad\u00e9mica de la Facultad de Educaci\u00f3n.\u00a0<\/a><br \/><br \/><\/div><div class=\"x_elementToProof\"><b>DIARIO EL HERALDO<\/b>\u00a0<br \/><a href=\"https:\/\/www.diarioelheraldo.cl\/noticia\/presentan-libro-que-reflexiona-sobre-la-calidad-de-la-educacion-superior\">Presentan libro que reflexiona sobre la calidad de la educaci\u00f3n superior. Se refiere Patricia Rodr\u00edguez Cu\u00e9llar, directora del Campus Santiago y Paulina Subiabre Ubilla, acad\u00e9mica de la Facultad de Educaci\u00f3n.\u00a0<\/a><br \/><br \/><\/div><div class=\"x_elementToProof\"><b>PORTAL EDUCA<\/b>\u00a0<br \/><a href=\"https:\/\/portaleduca.cl\/presentan-libro-que-reflexiona-sobre-la-calidad-de-la-educacion-superior\/\">Presentan libro que reflexiona sobre la calidad de la educaci\u00f3n superior. Se refiere Patricia Rodr\u00edguez Cu\u00e9llar, directora del Campus Santiago y Paulina Subiabre Ubilla, acad\u00e9mica de la Facultad de Educaci\u00f3n.\u00a0<\/a><br \/><br \/><\/div><div class=\"x_elementToProof\"><b>MEDIABANCO<\/b>\u00a0<br \/><a href=\"https:\/\/www.mediabanco.com\/utalca-exhibe-proyecto-fotografico-inclusivo-en-su-sala-de-exposiciones-de-santiago\/\">UTalca exhibe proyecto fotogr\u00e1fico inclusivo en su sala de exposiciones de Santiago. Se refiere Marcela Albornoz, directora Extensi\u00f3n Cultural-Art\u00edstica.\u00a0<\/a><br \/>\u00a0<br \/><b>CHILL\u00c1N ONLINE<\/b>\u00a0<br \/><a href=\"https:\/\/www.chillanonline.cl\/V7\/2025\/06\/08\/utalca-exhibe-proyecto-fotografico-inclusivo-en-su-sala-de-exposiciones-de-santiago\/\">UTalca exhibe proyecto fotogr\u00e1fico inclusivo en su sala de exposiciones de Santiago. Se refiere Marcela Albornoz, directora Extensi\u00f3n Cultural-Art\u00edstica.\u00a0<\/a><br \/><br \/><\/div><div class=\"x_elementToProof\"><b>MAULE HOY<\/b>\u00a0<br \/><a href=\"https:\/\/www.litoralpress.cl\/paginaconsultas\/Servicios_NClipSitio\/Get_Imagen_Nota.aspx?LPKey=CPE5ROXC3B3TENNEUYRGQ73LIEIOCYUTTBTS2MM2I2D3DMQ6RYEVOZRXZTCPINCPY2IKHN3WM7TXM\">Chile fortalece liderazgo frut\u00edcola: manzana chilena se consolida en Brasil, Colombia y Ecuador. Se refiere \u00c1lvaro Sep\u00falveda, investigador del Centro de Pom\u00e1ceas.\u00a0<\/a><br \/><br \/><\/div><div class=\"x_elementToProof\"><b>TIERRA AMARILLANO<\/b>\u00a0<br \/><a href=\"https:\/\/tierramarillano.cl\/2025\/06\/06\/chile-fortalece-liderazgo-fruticola-manzana-chilena-se-consolida-en-brasil-colombia-y-ecuador\/\">Chile fortalece liderazgo frut\u00edcola: manzana chilena se consolida en Brasil, Colombia y Ecuador. Se refiere \u00c1lvaro Sep\u00falveda, investigador del Centro de Pom\u00e1ceas.\u00a0<\/a><br \/><br \/><\/div><div class=\"x_elementToProof\"><b>G5 NOTICIA<\/b>\u00a0<br \/><a href=\"https:\/\/g5noticias.cl\/2025\/06\/06\/chile-fortalece-liderazgo-fruticola-manzana-chilena-se-consolida-en-brasil-colombia-y-ecuador\/\">Chile fortalece liderazgo frut\u00edcola: manzana chilena se consolida en Brasil, Colombia y Ecuador. Se refiere \u00c1lvaro Sep\u00falveda, investigador del Centro de Pom\u00e1ceas.\u00a0<\/a><br \/><br \/><\/div><div class=\"x_elementToProof\"><b>RADIO CRISTALINA<\/b>\u00a0<br \/><a href=\"https:\/\/radiocristalina.cl\/chile-fortalece-liderazgo-fruticola-manzana-chilena-se-consolida-en-brasil-colombia-y-ecuador\/\">Chile fortalece liderazgo frut\u00edcola: manzana chilena se consolida en Brasil, Colombia y Ecuador. Se refiere \u00c1lvaro Sep\u00falveda, investigador del Centro de Pom\u00e1ceas.<\/a>\u00a0<br \/><br \/><\/div><div class=\"x_elementToProof\"><b>S\u00c9PTIMA REGI\u00d3N NOTICIAS<\/b>\u00a0<br \/><a href=\"https:\/\/www.septimapaginanoticias.cl\/chile-fortalece-liderazgo-fruticola-manzana-chilena-se-consolida-en-brasil-colombia-y-ecuador\">Chile fortalece liderazgo frut\u00edcola: manzana chilena se consolida en Brasil, Colombia y Ecuador. Se refiere \u00c1lvaro Sep\u00falveda, investigador del Centro de Pom\u00e1ceas.\u00a0<\/a><br \/><br \/><\/div><div class=\"x_elementToProof\"><b>DIARIO EL CENTRO<\/b>\u00a0<br \/><a href=\"https:\/\/www.diarioelcentro.cl\/2025\/06\/06\/chile-refuerza-exportaciones-de-manzana-y-consolida-mercado-en-latinoamerica\/\">Chile refuerza exportaciones de manzana y consolida mercado en Latinoam\u00e9rica. Se refiere \u00c1lvaro Sep\u00falveda, investigador del Centro de Pom\u00e1ceas.\u00a0<\/a><br \/><br \/><\/div><div class=\"x_elementToProof\"><b>AM NOTICIAS<\/b>\u00a0<br \/><a href=\"https:\/\/amnoticias.cl\/talca-fue-la-anfitriona-del-tercer-encuentro-del-consorcio-de-divulgacion-cientifica-de-la-macrozona-centro-sur\/\">Talca fue la anfitriona del tercer encuentro del Consorcio de Divulgaci\u00f3n Cient\u00edfica de la Macrozona Centro Sur. Se refiere C\u00e9sar Retamal, jefe de la Unidad de Divulgaci\u00f3n de la Direcci\u00f3n de Vinculaci\u00f3n con el Medio.\u202f\u00a0<\/a><br \/><br \/><\/div><div class=\"x_elementToProof\"><b>EL MAULE INFORMA<\/b>\u00a0<br \/><a href=\"https:\/\/elmauleinforma.cl\/explora-maule-lanza-su-programacion-2025-con-foco-en-redes-docentes\/\">Explora Maule lanza su programaci\u00f3n 2025 con foco en redes docentes. Se refiere C\u00e9sar Retamal, jefe de la Unidad de Divulgaci\u00f3n de la Direcci\u00f3n de Vinculaci\u00f3n con el Medio y Alejandra P\u00e1vez, acad\u00e9mica de la Facultad de Ciencias de la Educaci\u00f3n.\u202f\u00a0<\/a><br \/>\u00a0<br \/><b>SOMOS MAULE<\/b>\u00a0<br \/><a href=\"http:\/\/somosmaule.cl\/publico\/ficha\/ficha.aspx?i=91221\">Explora Maule lanza su programaci\u00f3n 2025 con foco en redes docentes. Se refiere C\u00e9sar Retamal, jefe de la Unidad de Divulgaci\u00f3n de la Direcci\u00f3n de Vinculaci\u00f3n con el Medio y Alejandra P\u00e1vez, acad\u00e9mica de la Facultad de Ciencias de la Educaci\u00f3n.\u202f<\/a>\u00a0<br \/><br \/><\/div><div class=\"x_elementToProof\"><b>PJUD<\/b>\u00a0<br \/><a href=\"https:\/\/www.pjud.cl\/prensa-y-comunicaciones\/noticias-del-poder-judicial\/126923\">Ministro Carlos Carrillo encabez\u00f3 comitiva que visit\u00f3 nuevo complejo penitenciario de Talca. Se refiere Iv\u00e1n Obando Camino, decano de la Facultad de Ciencias Jur\u00eddicas y Sociales.<\/a>\u00a0<br \/><br \/><\/div><div class=\"x_elementToProof\"><b>UNIVERSIDAD DE CHILE<\/b>\u00a0<br \/><a href=\"https:\/\/uchile.cl\/noticias\/228935\/en-la-fau-se-realiza-la-primera-reunion-anual-redis-2025\">En la FAU se realiza la primera reuni\u00f3n anual ReDis 2025. Se refiere Javier Lorca, acad\u00e9mico de la Escuela de Dise\u00f1o.\u00a0<\/a><br \/><br \/><\/div><div class=\"x_elementToProof\"><b>MAULE SUR<\/b>\u00a0<br \/><a href=\"https:\/\/www.radiomaulesur.cl\/2025\/06\/utalca-exhibe-proyecto-fotografico.html\">UTalca exhibe proyecto fotogr\u00e1fico inclusivo en su sala de exposiciones de Santiago. Se refiere Marcela Albornoz, directora Extensi\u00f3n Cultural-Art\u00edstica.\u00a0<\/a><br \/>\u00a0<\/div><div class=\"x_elementToProof\"><b>RADIO LAUTARO<\/b>\u00a0<br \/><a href=\"https:\/\/radiolautarotalca.cl\/dieta-de-eliminacion-por-que-se-debe-hacer-con-respaldo-profesional\/\">Dieta de eliminaci\u00f3n: por qu\u00e9 se debe hacer con respaldo profesional. Se refiere Paula Contreras, acad\u00e9mica de la Escuela de Nutrici\u00f3n y Diet\u00e9tica.\u00a0<\/a><br \/><br \/><\/div><div class=\"x_elementToProof\"><b>RADIO LAUTARO<\/b>\u00a0<br \/><a href=\"https:\/\/radiolautarotalca.cl\/mauletec-impulsa-la-ensenanza-del-patrimonio-en-escolares-de-yerbas-buenas\/\">MauleTec impulsa la ense\u00f1anza del patrimonio en escolares de Yerbas Buenas. Se refiere Felipe Besoa\u00edn Pino, director laboratorio de nuevos medios digitales MauleTec de la Facultad de Ingenier\u00eda y Pablo Gonz\u00e1lez, acad\u00e9mico de MauleTec.<\/a>\u00a0<br \/><br \/><\/div><div class=\"x_elementToProof\"><b>MEDIABANCO<\/b>\u00a0<br \/><a href=\"https:\/\/www.mediabanco.com\/director-de-la-orquesta-sinfonica-de-la-utalca-estrena-mundialmente-su-opera-llacolen\/\">Director de la Orquesta Sinf\u00f3nica de la UTalca estrena mundialmente su \u00f3pera \u201cLlacol\u00e9n\u201d. Se refiere V\u00edctor Hugo Toro, director de la Orquesta Sinf\u00f3nica de la\u202fUniversidad\u202fde Talca.\u202f\u202f\u00a0<\/a><br \/><br \/><\/div><div class=\"x_elementToProof\"><b>LAS \u00daLTIMAS NOTICIAS<\/b>\u00a0<br \/><a href=\"https:\/\/www.litoralpress.cl\/paginaconsultas\/Servicios_NClipSitio\/Get_Imagen_Nota.aspx?LPKey=SE6XX7BWDPTQ63HLQAYEHPWAVVYFPCUNO43YHS7TY3XLVQ2ZSWQQ54GILV3TGYH7KEGZ7QTU25VOS\">Investigador chileno aclara qu\u00e9 eval\u00faan realmente los rankings mundiales de universidades. Se menciona la Universidad de Talca.\u00a0<\/a><br \/><br \/><\/div><div class=\"x_elementToProof\"><b>EL HERALDO<\/b>\u00a0<br \/><a href=\"https:\/\/www.litoralpress.cl\/paginaconsultas\/Servicios_NClipSitio\/Get_Imagen_Nota.aspx?LPKey=RFQQUYGUOXG4YOC5GX5GWDHT4A2AHSY2OA2XH4WNFISKCBCLQG5Q7OV35XYWVZZO7NLOLDZRQJKNE\">Mujeres participantes de SernamEG Maule se re\u00fanen para potenciar sus liderazgos. Se menciona la Universidad de Talca.\u00a0<\/a><br \/><br \/><\/div><div class=\"x_elementToProof\"><b>LA PRENSA DE CURIC\u00d3<\/b>\u00a0<br \/><a href=\"https:\/\/www.litoralpress.cl\/paginaconsultas\/Servicios_NClipSitio\/Get_Imagen_Nota.aspx?LPKey=W6MAIGIMEDVUHQ5NB6QLAG5KLURTQPUFTPLOHINH5A4MU7XVOYNDC3OOYUJWBOSMD7SUJ2D7NUQRQ\">Sucede. Se menciona la Universidad de Talca.\u00a0<\/a><br \/><br \/><\/div><div class=\"x_elementToProof\"><b>DIARIO EL HERALDO<\/b>\u00a0<br \/><a href=\"https:\/\/www.diarioelheraldo.cl\/noticia\/mujeres-participantes-de-sernameg-maule-se-reunen-para-potenciar-sus-liderazgos-\">Mujeres participantes de SernamEG Maule se re\u00fanen para potenciar sus liderazgos. Se menciona la Universidad de Talca.\u00a0<\/a><br \/><br \/><\/div><div class=\"x_elementToProof\"><b>EMOL<\/b>\u00a0<br \/><a href=\"https:\/\/www.emol.com\/noticias\/Nacional\/2025\/06\/02\/1168036\/programacion-emoltv-semana-2-junio.html\">Streaming y entrevistas: La programaci\u00f3n de este viernes 6 de junio en EmolTV. Se menciona la Universidad de Talca.\u00a0<\/a><br \/><br \/><\/div><div class=\"x_elementToProof\"><b>UNIVERSIDAD DE CHILE<\/b>\u00a0<br \/><a href=\"https:\/\/uchile.cl\/noticias\/228934\/cinda-analiza-los-primeros-5-anos-de-la-ley-de-educacion-superior\">Centro Interuniversitario de Desarrollo analiza los primeros 5 a\u00f1os de la Ley de Educaci\u00f3n Superior en nuevo libro. Se menciona la Universidad de Talca.\u00a0<\/a><br \/><br \/><\/div><div class=\"x_elementToProof\"><b>DIARIO UACH<\/b>\u00a0<br \/><a href=\"https:\/\/diario.uach.cl\/dos-dias-de-actividades-gratuitas-invitan-a-participar-de-encuentro-de-tunas-y-estudiantinas-rios-del-ranco\/\">Dos d\u00edas de actividades gratuitas: invitan a participar de encuentro de tunas y estudiantinas \u00abR\u00edos del Ranco\u00bb Se menciona la Universidad de Talca.\u00a0<\/a><br \/><br \/><\/div><div class=\"x_elementToProof\"><b>EL MAULE INFORMA<\/b>\u00a0<br \/><a href=\"https:\/\/elmauleinforma.cl\/paciencia-y-amor-los-conceptos-que-unen-a-las-nuevas-cuidadoras-capacitadas-por-sence\/\">\u201cPaciencia y amor\u201d, los conceptos que unen a las nuevas cuidadoras capacitadas por SENCE. Se menciona la Universidad de Talca.\u00a0<\/a><br \/><br \/><\/div><div class=\"x_elementToProof\"><b>TVU CONCEPCI\u00d3N<\/b>\u00a0<br \/><a href=\"https:\/\/www.tvu.cl\/programas\/la-conversa\/2025\/06\/06\/victor-hugo-toro-la-historia-detras-de-la-opera-llacolen-y-su-vinculo-con-la-musica-sinfonica-internacional.html\">V\u00edctor Hugo Toro: la historia detr\u00e1s de la \u00f3pera Llacol\u00e9n y su v\u00ednculo con la m\u00fasica sinf\u00f3nica internacional. Se menciona la Universidad de Talca.\u00a0<\/a><br \/><br \/><\/div><div class=\"x_elementToProof\"><b>DIARIO TALCA<\/b>\u00a0<br \/><a href=\"https:\/\/www.litoralpress.cl\/paginaconsultas\/Servicios_NClipSitio\/Get_Imagen_Nota.aspx?LPKey=Q4MWQ7SHQ22WCTHJ3VVJZVW4Z74ZIQWTFT27EQXCI7UBO7R56VRILMFKOU23GGJTBXIANSKJWETSI\">El esp\u00edritu de Ludwig Zeller se pasea por Talca. Se menciona la Universidad de Talca.<\/a>\u00a0<br \/><br \/><\/div><div class=\"x_elementToProof\"><b>LA PRENSA DE CURIC\u00d3<\/b>\u00a0<br \/><a href=\"https:\/\/www.litoralpress.cl\/paginaconsultas\/Servicios_NClipSitio\/Get_Imagen_Nota.aspx?LPKey=CKLLZWCO2OHORYJNWTLLRN4GUZ44UCLNO3HIBK7DZQNCPZTGB62XU24VK2SYNTRTBS2YPSYH273N4\">Sucede. Se menciona la Universidad de Talca.\u00a0<\/a><br \/><br \/><\/div><div class=\"x_elementToProof\"><b>EMOL<\/b>\u00a0<br \/><a href=\"https:\/\/www.emol.com\/noticias\/Nacional\/2025\/06\/02\/1168036\/programacion-emoltv-semana-2-junio.html\">Streaming y entrevistas: La programaci\u00f3n de este fin de semana en EmolTV. Se menciona la Universidad de Talca.\u00a0<\/a><br \/><br \/><\/div><div class=\"x_elementToProof\"><b>DIARIO LA MA\u00d1ANA<\/b>\u00a0<br \/><a href=\"https:\/\/diariolama\u00f1ana.cl\/2025\/06\/07\/cuidadoras-se-certifican-en-el-maule-vocacion-y-compromiso\/\">Cuidadoras se certifican en el Maule: vocaci\u00f3n y compromiso. Se menciona la Universidad de Talca.\u00a0<\/a><br \/><br \/><\/div><div class=\"x_elementToProof\"><b>AM NOTICIAS<\/b>\u00a0<br \/><a href=\"https:\/\/amnoticias.cl\/formacion-en-cuidados-nuevas-certificadas-en-el-maule\/\">Formaci\u00f3n en cuidados: nuevas certificadas en el Maule. Se menciona la Universidad de Talca.\u00a0<\/a><br \/><br \/><\/div><div class=\"x_elementToProof\"><b>SOMOS MAULE<\/b>\u00a0<br \/><a href=\"http:\/\/somosmaule.cl\/publico\/ficha\/ficha.aspx?i=91224\">\u201cPaciencia y amor\u201d, los conceptos que unen a las nuevas cuidadoras capacitadas por SENCE. Se menciona la Universidad de Talca.\u00a0<\/a><br \/><br \/><\/div><div class=\"x_elementToProof\"><b>EL HERALDO<\/b>\u00a0<br \/><a href=\"https:\/\/www.litoralpress.cl\/sitio\/Prensa_PaginaCompleta.cshtml?LPKey=FOSWG4YXHDRT6EPSGL73SO3HHPHUG4UOCHMNEVBNBLWQNWZJUVBA\">\u201cPaciencia y amor\u201d, los conceptos que unen a las nuevas cuidadoras capacitadas por SENCE. Se menciona la Universidad de Talca. \u00a0<\/a><br \/><br \/><\/div><div class=\"x_elementToProof\"><b>DIARIO TALCA<\/b>\u00a0<br \/><a href=\"https:\/\/www.litoralpress.cl\/sitio\/Prensa_PaginaCompleta.cshtml?LPKey=USLEMRA75N2R4S5NBV52CC46EWEYZCIGMQAOSXHOUP4JYSXE2MIA\">El esp\u00edritu de Ludwig Zeller se pasea por Talca. Se menciona la Universidad de Talca.\u00a0<\/a><br \/><br \/><\/div><div class=\"x_elementToProof\"><b>MAULE HOY<\/b>\u00a0<br \/><a href=\"https:\/\/www.litoralpress.cl\/sitio\/Prensa_PaginaCompleta.cshtml?LPKey=WEQEEYCRB37KSLI4DUN3XRUY6FGMSHPXFXMP45RX7YGQZHRGHHXA\">\u00abLa Regi\u00f3n del Maule es la que mayor biodiversidad f\u00fangica tiene en todo el pa\u00eds\u00bb. Se menciona la Universidad de Talca.\u00a0<\/a><br \/><br \/><\/div><div class=\"x_elementToProof\">\u00a0<\/div>\t\t\t\t\t\t<\/div>\n\t\t\t\t<\/div>\n\t\t\t\t\t<\/div>\n\t\t<\/div>\n\t\t\t\t\t\t\t<\/div>\n\t\t<\/section>\n\t\t\t\t\t\t<\/div>\n\t\t\t\t\t<\/div>\n\t\t","protected":false},"excerpt":{"rendered":"<p>EL MERCURIO\u00a0\u00bfQu\u00e9 instituciones tienen las m\u00e1s valiosas colecciones de arte en Chile? Se menciona la Universidad de Talca.\u00a0\u00a0 EL MERCURIO\u00a0La rom\u00e1ntica leyenda de Llacol\u00e9n se convierte en una \u00f3pera. Se refiere V\u00edctor Hugo Toro, director Orquesta Sinf\u00f3nica UTalca.\u00a0 RADIO BEETHOVEN\u00a0V\u00edctor Hugo Toro estrena su \u00f3pera Llacol\u00e9n: &#8220;Pretencioso como tal vez pueda sonar, siento que estamos &hellip;<\/p>\n<p class=\"read-more\"> <a class=\"\" href=\"https:\/\/www.reportedeprensa.utalca.cl\/?p=12017\"> <span class=\"screen-reader-text\">09 de junio 2025<\/span> Read More &raquo;<\/a><\/p>\n","protected":false},"author":1,"featured_media":0,"comment_status":"closed","ping_status":"open","sticky":false,"template":"","format":"standard","meta":{"_monsterinsights_skip_tracking":false,"_monsterinsights_sitenote_active":false,"_monsterinsights_sitenote_note":"","_monsterinsights_sitenote_category":0},"categories":[60],"tags":[],"_links":{"self":[{"href":"https:\/\/www.reportedeprensa.utalca.cl\/index.php?rest_route=\/wp\/v2\/posts\/12017"}],"collection":[{"href":"https:\/\/www.reportedeprensa.utalca.cl\/index.php?rest_route=\/wp\/v2\/posts"}],"about":[{"href":"https:\/\/www.reportedeprensa.utalca.cl\/index.php?rest_route=\/wp\/v2\/types\/post"}],"author":[{"embeddable":true,"href":"https:\/\/www.reportedeprensa.utalca.cl\/index.php?rest_route=\/wp\/v2\/users\/1"}],"replies":[{"embeddable":true,"href":"https:\/\/www.reportedeprensa.utalca.cl\/index.php?rest_route=%2Fwp%2Fv2%2Fcomments&post=12017"}],"version-history":[{"count":4,"href":"https:\/\/www.reportedeprensa.utalca.cl\/index.php?rest_route=\/wp\/v2\/posts\/12017\/revisions"}],"predecessor-version":[{"id":12021,"href":"https:\/\/www.reportedeprensa.utalca.cl\/index.php?rest_route=\/wp\/v2\/posts\/12017\/revisions\/12021"}],"wp:attachment":[{"href":"https:\/\/www.reportedeprensa.utalca.cl\/index.php?rest_route=%2Fwp%2Fv2%2Fmedia&parent=12017"}],"wp:term":[{"taxonomy":"category","embeddable":true,"href":"https:\/\/www.reportedeprensa.utalca.cl\/index.php?rest_route=%2Fwp%2Fv2%2Fcategories&post=12017"},{"taxonomy":"post_tag","embeddable":true,"href":"https:\/\/www.reportedeprensa.utalca.cl\/index.php?rest_route=%2Fwp%2Fv2%2Ftags&post=12017"}],"curies":[{"name":"wp","href":"https:\/\/api.w.org\/{rel}","templated":true}]}}