{"id":12026,"date":"2025-06-11T10:28:04","date_gmt":"2025-06-11T13:28:04","guid":{"rendered":"https:\/\/www.reportedeprensa.utalca.cl\/?p=12026"},"modified":"2025-06-11T10:30:24","modified_gmt":"2025-06-11T13:30:24","slug":"10-de-junio-2025","status":"publish","type":"post","link":"https:\/\/www.reportedeprensa.utalca.cl\/?p=12026","title":{"rendered":"10 de junio 2025"},"content":{"rendered":"\t\t<div data-elementor-type=\"wp-post\" data-elementor-id=\"12026\" class=\"elementor elementor-12026\" data-elementor-settings=\"[]\">\n\t\t\t\t\t\t\t<div class=\"elementor-section-wrap\">\n\t\t\t\t\t\t\t<section class=\"elementor-section elementor-top-section elementor-element elementor-element-bcea1a8 elementor-section-boxed elementor-section-height-default elementor-section-height-default\" data-id=\"bcea1a8\" data-element_type=\"section\">\n\t\t\t\t\t\t<div class=\"elementor-container elementor-column-gap-default\">\n\t\t\t\t\t<div class=\"elementor-column elementor-col-100 elementor-top-column elementor-element elementor-element-e7183bf\" data-id=\"e7183bf\" data-element_type=\"column\">\n\t\t\t<div class=\"elementor-widget-wrap elementor-element-populated\">\n\t\t\t\t\t\t\t\t<div class=\"elementor-element elementor-element-2e59e7f elementor-widget elementor-widget-text-editor\" data-id=\"2e59e7f\" data-element_type=\"widget\" data-widget_type=\"text-editor.default\">\n\t\t\t\t<div class=\"elementor-widget-container\">\n\t\t\t\t\t\t\t\t<div><b data-olk-copy-source=\"MessageBody\">EL MOSTRADOR<\/b>\u00a0<br \/><a href=\"https:\/\/www.elmostrador.cl\/noticias\/opinion\/columnas\/2025\/06\/09\/el-valor-de-la-innovacion-no-solo-como-una-metrica-de-evaluacion\/\">El valor de la innovaci\u00f3n no solo como una m\u00e9trica de evaluaci\u00f3n. Se refiere Ariela Vergara, directora de Innovaci\u00f3n.\u00a0<\/a><br \/><br \/><\/div><div><b>MSN CHILE<\/b>\u00a0<br \/><a href=\"https:\/\/www.msn.com\/es-cl\/noticias\/otras\/el-valor-de-la-innovaci%C3%B3n-no-solo-como-una-m%C3%A9trica-de-evaluaci%C3%B3n\/ar-AA1GkWlt\">El valor de la innovaci\u00f3n no solo como una m\u00e9trica de evaluaci\u00f3n. Se refiere Ariela Vergara, directora de Innovaci\u00f3n.\u00a0<\/a><br \/><br \/><\/div><div><b>RADIO LAUTARO<\/b>\u00a0<br \/><a href=\"https:\/\/radiolautarotalca.cl\/utalca-exhibe-proyecto-fotografico-inclusivo-en-su-sala-de-exposiciones-de-santiago\/\">UTalca exhibe proyecto fotogr\u00e1fico inclusivo en su sala de exposiciones de Santiago. Se refiere Marcela Albornoz Dachelet, directora de Extensi\u00f3n Cultural-Art\u00edstica.\u00a0<\/a><br \/><br \/><\/div><div><b>LA NOTICIA<\/b>\u00a0<br \/><a href=\"https:\/\/lanoticia.cl\/utalca-exhibe-proyecto-fotografico-inclusivo-en-su-sala-de-exposiciones-de-santiago\/\">UTalca exhibe proyecto fotogr\u00e1fico inclusivo en su sala de exposiciones de Santiago. Se refiere Marcela Albornoz Dachelet, directora de Extensi\u00f3n Cultural-Art\u00edstica.\u00a0<\/a><br \/><br \/><\/div><div><b>MEDIABANCO<\/b>\u00a0<br \/><a href=\"https:\/\/www.mediabanco.com\/que-efectos-tienen-las-diferentes-drogas-al-conducir\/\">\u00bfQu\u00e9 efectos tienen las diferentes drogas al conducir? Se refiere Jessica Z\u00fa\u00f1iga, acad\u00e9mica del Departamento de Ciencias Biom\u00e9dicas.\u00a0<\/a><br \/><br \/><\/div><div><b>PORTAL PRENSA SALUD<\/b>\u00a0<br \/><a href=\"https:\/\/portalprensasalud.cl\/2025\/06\/09\/que-efectos-tienen-las-diferentes-drogas-al-conducir\/\">\u00bfQu\u00e9 efectos tienen las diferentes drogas al conducir? Se refiere Jessica Z\u00fa\u00f1iga, acad\u00e9mica del Departamento de Ciencias Biom\u00e9dicas.\u00a0<\/a><br \/><br \/><\/div><div><b>PRIMERA FUENTE NOTICIAS<\/b>\u00a0<br \/><a href=\"https:\/\/primerafuente.cl\/nacional\/2025\/06\/09\/que-efectos-tienen-las-diferentes-drogas-al-conducir\/\">\u00bfQu\u00e9 efectos tienen las diferentes drogas al conducir? Se refiere Jessica Z\u00fa\u00f1iga, acad\u00e9mica del Departamento de Ciencias Biom\u00e9dicas.\u00a0<\/a><\/div><div aria-hidden=\"true\">\u00a0<\/div><div><b>G5 NOTICIA<\/b>\u00a0<br \/><a href=\"https:\/\/g5noticias.cl\/2025\/06\/09\/director-de-la-orquesta-sinfonica-de-la-utalca-estrena-mundialmente-su-opera-llacolen\/\">Director de la Orquesta Sinf\u00f3nica de la UTalca estrena mundialmente su \u00f3pera \u00abLlacol\u00e9n\u00bb. Se refiere V\u00edctor Hugo Toro, director de la Orquesta Sinf\u00f3nica.\u00a0<\/a><br \/><br \/><\/div><div><b>SOMOS MAULE<\/b>\u00a0<br \/><a href=\"http:\/\/somosmaule.cl\/publico\/ficha\/ficha.aspx?i=91228\">Director de la Orquesta Sinf\u00f3nica de la UTalca estrena mundialmente su \u00f3pera \u201cLlacol\u00e9n\u201d. Se refiere V\u00edctor Hugo Toro, director de la Orquesta Sinf\u00f3nica.\u00a0<\/a><br \/><br \/><\/div><div><b>RADIO INFINITA<\/b>\u00a0<br \/><a href=\"https:\/\/www.litoralpress.cl\/sitio\/RadioTV_Detalles.cshtml?LPKey=AEBPB7ZQCSUN562BBNLXD2VRHZVSJVWC4CNMDAIFZSOLQHXJSCYPCQ6FYM4VQ6V76QZUFFXYDAJOW\">Comentario de pol\u00edtica de Mauricio Morales Quiroga, director del Centro de An\u00e1lisis Pol\u00edtico (CAP-UTalca).\u00a0<\/a><br \/><br \/><\/div><div><b>RADIO CRISTALINA<\/b>\u00a0<br \/><a href=\"https:\/\/radiocristalina.cl\/higiene-y-salud-por-que-es-tan-relevante-la-inocuidad-en-los-alimentos\/\">HIGIENE Y SALUD: \u00bfPor qu\u00e9 es tan relevante la inocuidad en los alimentos? Se refiere Andrea Figueroa Vergara, acad\u00e9mica de la Escuela de Nutrici\u00f3n y Diet\u00e9tica.\u00a0<\/a><br \/><br \/><\/div><div><b>DIARIO TALCA<\/b>\u00a0<br \/><a href=\"https:\/\/www.litoralpress.cl\/paginaconsultas\/Servicios_NClipSitio\/Get_Imagen_Nota.aspx?LPKey=6VLPP5LG6FT3TJVFDD2HO7S2YZ3DXN4HKK47GLULBFO633MFRGWFLXNF2WNQQBRF5MC2LYCTN2UQW\">El esp\u00edritu de Ludwig Zeller se pasea por Talca. Se menciona la Universidad de Talca.\u00a0<\/a><br \/><br \/><\/div><div><b>LA PRENSA DE CURIC\u00d3<\/b>\u00a0<br \/><a href=\"https:\/\/www.litoralpress.cl\/paginaconsultas\/Servicios_NClipSitio\/Get_Imagen_Nota.aspx?LPKey=E6KYPCPVGA2WKOCJ45S3R33RPSVYVMUKJMRQFV2OI4F6FU7I2JXODACOWPQDPCX74IN3MRPK6H4D4\">Sucede. Se menciona la Universidad de Talca.\u00a0<\/a><br \/><br \/><\/div><div><b>DIARIO TALCA<\/b>\u00a0<br \/><a href=\"https:\/\/diariotalca.cl\/cronica-el-espiritu-de-ludwig-zeller-se-pasea-por-talca\/\">Cr\u00f3nica: El esp\u00edritu de Ludwig Zeller se pasea por Talca. Se menciona la Universidad de Talca.\u00a0<\/a><br \/><br \/><\/div><div><b>UNIVERSIDAD CAT\u00d3LICA DEL MAULE<\/b>\u00a0<br \/><a href=\"https:\/\/portal.ucm.cl\/noticias\/reciclar-pesar-del-sistema-escuchar-los-hogares-importa\">Reciclar a pesar del sistema: por qu\u00e9 escuchar a los hogares importa. Se menciona la Universidad de Talca.\u00a0<\/a><br \/><br \/><\/div><div><b>RADIO LAUTARO<\/b>\u00a0<br \/><a href=\"https:\/\/radiolautarotalca.cl\/paciencia-y-amor-los-conceptos-que-unen-a-las-nuevas-cuidadoras-capacitadas-por-sence\/\">\u201cPaciencia y amor\u201d, los conceptos que unen a las nuevas cuidadoras capacitadas por SENCE. Se menciona la Universidad de Talca.\u00a0<\/a><br \/><br \/><\/div><div><b>VITRINA DEPORTIVA<\/b>\u00a0<br \/><a href=\"https:\/\/vitrinadeportiva.cl\/reciclar-a-pesar-del-sistema-por-que-escuchar-a-los-hogares-importa\/\">Reciclar a pesar del sistema: por qu\u00e9 escuchar a los hogares importa. Se menciona la Universidad de Talca.\u00a0<\/a><br \/><br \/><\/div><div><b>LOS R\u00cdOS NOTICIAS<\/b>\u00a0<br \/><a href=\"https:\/\/www.losriosnoticias.cl\/2025\/06\/09\/dos-das-de-actividades-gratuitas-invitan-a-participar-de-encuentro-de-tunas-y-estudiantinas-ros-del-ranco\/22126\">Dos d\u00edas de actividades gratuitas: invitan a participar de encuentro de tunas y estudiantinas \u00abR\u00edos del Ranco\u00bb. Se menciona la Universidad de Talca.\u00a0<\/a><br \/><br \/><\/div><div><b>REGIONES NOTICIAS<\/b>\u00a0<br \/><a href=\"https:\/\/regionesnoticias.cl\/los-rios\/2025\/06\/09\/dos-dias-de-actividades-gratuitas-invitan-a-participar-de-encuentro-de-tunas-y-estudiantinas-rios-del-ranco\/59683\">Dos d\u00edas de actividades gratuitas: invitan a participar de encuentro de tunas y estudiantinas \u00abR\u00edos del Ranco\u00bb. Se menciona la Universidad de Talca.\u00a0<\/a><br \/><br \/><\/div><div><b>EL RANCAGUINO<\/b>\u00a0<br \/><a href=\"https:\/\/www.elrancaguino.cl\/2025\/06\/09\/exitoso-encuentro-del-consorcio-de-divulgacion-cientifica-centro-sur-se-llevo-a-cabo-en-la-universidad-de-talca\/\">Exitoso encuentro del Consorcio de Divulgaci\u00f3n Cient\u00edfica Centro Sur se llev\u00f3 a cabo en la Universidad de Talca. Se menciona la Universidad de Talca.\u00a0<\/a><br \/><br \/><\/div>\t\t\t\t\t\t<\/div>\n\t\t\t\t<\/div>\n\t\t\t\t\t<\/div>\n\t\t<\/div>\n\t\t\t\t\t\t\t<\/div>\n\t\t<\/section>\n\t\t\t\t\t\t<\/div>\n\t\t\t\t\t<\/div>\n\t\t","protected":false},"excerpt":{"rendered":"<p>EL MOSTRADOR\u00a0El valor de la innovaci\u00f3n no solo como una m\u00e9trica de evaluaci\u00f3n. Se refiere Ariela Vergara, directora de Innovaci\u00f3n.\u00a0 MSN CHILE\u00a0El valor de la innovaci\u00f3n no solo como una m\u00e9trica de evaluaci\u00f3n. Se refiere Ariela Vergara, directora de Innovaci\u00f3n.\u00a0 RADIO LAUTARO\u00a0UTalca exhibe proyecto fotogr\u00e1fico inclusivo en su sala de exposiciones de Santiago. Se refiere &hellip;<\/p>\n<p class=\"read-more\"> <a class=\"\" href=\"https:\/\/www.reportedeprensa.utalca.cl\/?p=12026\"> <span class=\"screen-reader-text\">10 de junio 2025<\/span> Read More &raquo;<\/a><\/p>\n","protected":false},"author":1,"featured_media":0,"comment_status":"closed","ping_status":"open","sticky":false,"template":"","format":"standard","meta":{"_monsterinsights_skip_tracking":false,"_monsterinsights_sitenote_active":false,"_monsterinsights_sitenote_note":"","_monsterinsights_sitenote_category":0},"categories":[60],"tags":[],"_links":{"self":[{"href":"https:\/\/www.reportedeprensa.utalca.cl\/index.php?rest_route=\/wp\/v2\/posts\/12026"}],"collection":[{"href":"https:\/\/www.reportedeprensa.utalca.cl\/index.php?rest_route=\/wp\/v2\/posts"}],"about":[{"href":"https:\/\/www.reportedeprensa.utalca.cl\/index.php?rest_route=\/wp\/v2\/types\/post"}],"author":[{"embeddable":true,"href":"https:\/\/www.reportedeprensa.utalca.cl\/index.php?rest_route=\/wp\/v2\/users\/1"}],"replies":[{"embeddable":true,"href":"https:\/\/www.reportedeprensa.utalca.cl\/index.php?rest_route=%2Fwp%2Fv2%2Fcomments&post=12026"}],"version-history":[{"count":4,"href":"https:\/\/www.reportedeprensa.utalca.cl\/index.php?rest_route=\/wp\/v2\/posts\/12026\/revisions"}],"predecessor-version":[{"id":12030,"href":"https:\/\/www.reportedeprensa.utalca.cl\/index.php?rest_route=\/wp\/v2\/posts\/12026\/revisions\/12030"}],"wp:attachment":[{"href":"https:\/\/www.reportedeprensa.utalca.cl\/index.php?rest_route=%2Fwp%2Fv2%2Fmedia&parent=12026"}],"wp:term":[{"taxonomy":"category","embeddable":true,"href":"https:\/\/www.reportedeprensa.utalca.cl\/index.php?rest_route=%2Fwp%2Fv2%2Fcategories&post=12026"},{"taxonomy":"post_tag","embeddable":true,"href":"https:\/\/www.reportedeprensa.utalca.cl\/index.php?rest_route=%2Fwp%2Fv2%2Ftags&post=12026"}],"curies":[{"name":"wp","href":"https:\/\/api.w.org\/{rel}","templated":true}]}}