{"id":12031,"date":"2025-06-11T10:30:39","date_gmt":"2025-06-11T13:30:39","guid":{"rendered":"https:\/\/www.reportedeprensa.utalca.cl\/?p=12031"},"modified":"2025-06-11T13:11:57","modified_gmt":"2025-06-11T16:11:57","slug":"11-de-junio-2025","status":"publish","type":"post","link":"https:\/\/www.reportedeprensa.utalca.cl\/?p=12031","title":{"rendered":"11 de junio 2025"},"content":{"rendered":"\t\t<div data-elementor-type=\"wp-post\" data-elementor-id=\"12031\" class=\"elementor elementor-12031\" data-elementor-settings=\"[]\">\n\t\t\t\t\t\t\t<div class=\"elementor-section-wrap\">\n\t\t\t\t\t\t\t<section class=\"elementor-section elementor-top-section elementor-element elementor-element-bcea1a8 elementor-section-boxed elementor-section-height-default elementor-section-height-default\" data-id=\"bcea1a8\" data-element_type=\"section\">\n\t\t\t\t\t\t<div class=\"elementor-container elementor-column-gap-default\">\n\t\t\t\t\t<div class=\"elementor-column elementor-col-100 elementor-top-column elementor-element elementor-element-e7183bf\" data-id=\"e7183bf\" data-element_type=\"column\">\n\t\t\t<div class=\"elementor-widget-wrap elementor-element-populated\">\n\t\t\t\t\t\t\t\t<div class=\"elementor-element elementor-element-5b9a38d elementor-widget elementor-widget-text-editor\" data-id=\"5b9a38d\" data-element_type=\"widget\" data-widget_type=\"text-editor.default\">\n\t\t\t\t<div class=\"elementor-widget-container\">\n\t\t\t\t\t\t\t\t<div><b data-olk-copy-source=\"MessageBody\">PORTAL RED SALUD<\/b>\u00a0<br \/><a href=\"https:\/\/portalredsalud.cl\/2025\/06\/09\/que-efectos-tienen-las-diferentes-drogas-al-conducir\/\">\u00bfQu\u00e9 efectos tienen las diferentes drogas al conducir? Se refiere Jessica Z\u00fa\u00f1iga, acad\u00e9mica del Departamento de Ciencias Biom\u00e9dicas.\u00a0<\/a><br \/><br \/><\/div><div><b>RADIO CRISTALINA<\/b>\u00a0<br \/><a href=\"https:\/\/radiocristalina.cl\/que-efectos-tienen-las-diferentes-drogas-al-conducir-por-que-representan-un-riesgo-en-las-vias\/\">\u00bfQu\u00e9 efectos tienen las diferentes drogas al conducir?\u00a0 \u00bfpor qu\u00e9 representan un riesgo en las v\u00edas? Se menciona Jessica Z\u00fa\u00f1iga, acad\u00e9mica del Departamento de Ciencias Biom\u00e9dicas.\u00a0<\/a><br \/><br \/><\/div><div><b>DIARIO EL CENTRO<\/b>\u00a0<br \/><a href=\"https:\/\/www.diarioelcentro.cl\/2025\/06\/10\/toxicologa-explica-como-afectan-las-drogas-al-conducir-alerta-sobre-riesgos-graves-para-la-seguridad-vial\/\">Toxic\u00f3loga explica c\u00f3mo afectan las drogas al conducir: alerta sobre riesgos graves para la seguridad vial. Se refiere Jessica Z\u00fa\u00f1iga, acad\u00e9mica del Departamento de Ciencias Biom\u00e9dicas. \u00a0<\/a><br \/><br \/><\/div><div><b>EL LECTOR<\/b>\u00a0<br \/><a href=\"https:\/\/www.litoralpress.cl\/paginaconsultas\/Servicios_NClipSitio\/Get_Imagen_Nota\">Director de la Orquesta Sinf\u00f3nica de la UTalca estrena mundialmente su \u00f3pera &#8220;Llacol\u00e9n&#8221;. Se refiere V\u00edctor Hugo Toro, director de la Orquesta Sinf\u00f3nica.\u00a0<\/a><br \/><br \/><\/div><div><b>CAUQUENES.NET<\/b>\u00a0<br \/><a href=\"https:\/\/cauquenesnet.cl\/2025\/06\/09\/paes-de-invierno-como-conquistar-las-pruebas-de-competencia-matematica\/\">PAES de Invierno: \u00bfC\u00f3mo conquistar las pruebas de competencia matem\u00e1tica? Se refiere Tania Mascar\u00f3, jefa de la Unidad de Admisi\u00f3n y Acceso, Sof\u00eda Gonz\u00e1lez D\u00edaz, tutora del Programa PACE y Juan Andr\u00e9s Robles, profesor de matem\u00e1tica y mentor AES del PACE.\u00a0<\/a><br \/><br \/><\/div><div><b>G5 NOTICIA<\/b>\u00a0<br \/><a href=\"https:\/\/g5noticias.cl\/2025\/06\/10\/paes-de-invierno-como-conquistar-las-pruebas-de-competencia-matematica\/\">PAES de Invierno: \u00bfC\u00f3mo conquistar las pruebas de competencia matem\u00e1tica? Se refiere Tania Mascar\u00f3, jefa de la Unidad de Admisi\u00f3n y Acceso, Sof\u00eda Gonz\u00e1lez D\u00edaz, tutora del Programa PACE y Juan Andr\u00e9s Robles, profesor de matem\u00e1tica y mentor AES del PACE.\u00a0<\/a><br \/><br \/><\/div><div><b>RADIO LAUTARO<\/b>\u00a0<br \/><a href=\"https:\/\/radiolautarotalca.cl\/unica-vendimia-universitaria-del-pais-celebro-su-undecima-edicion\/\">\u00danica vendimia universitaria del pa\u00eds celebr\u00f3 su und\u00e9cima edici\u00f3n. Se refiere Patricio G\u00f3mez Arismendi, director del Campus Colchagua\u202fy M\u00f3nica Vergara L\u00f3pez, directora de las carreras de T\u00e9cnico Superior en Viticultura y T\u00e9cnico Superior Vinificaci\u00f3n y Enolog\u00eda.\u00a0<\/a><br \/><br \/><\/div><div><b>G5 NOTICIA<\/b>\u00a0<br \/><a href=\"https:\/\/g5noticias.cl\/2025\/06\/10\/unica-vendimia-universitaria-del-pais-celebro-su-undecima-edicion\/\">\u00danica vendimia universitaria del pa\u00eds celebr\u00f3 su und\u00e9cima edici\u00f3n. Se refiere Patricio G\u00f3mez Arismendi, director del Campus Colchagua\u202fy M\u00f3nica Vergara L\u00f3pez, directora de las carreras de T\u00e9cnico Superior en Viticultura y T\u00e9cnico Superior Vinificaci\u00f3n y Enolog\u00eda.\u00a0<\/a><br \/><br \/><\/div><div><b>MEDIABANCO<\/b>\u00a0<br \/><a href=\"https:\/\/www.mediabanco.com\/unica-vendimia-universitaria-del-pais-celebro-su-undecima-edicion\/\">\u00danica vendimia universitaria del pa\u00eds celebr\u00f3 su und\u00e9cima edici\u00f3n. Se refiere Patricio G\u00f3mez Arismendi, director del Campus Colchagua\u202fy M\u00f3nica Vergara L\u00f3pez, directora de las carreras de T\u00e9cnico Superior en Viticultura y T\u00e9cnico Superior Vinificaci\u00f3n y Enolog\u00eda.\u00a0<\/a><br \/><br \/><\/div><div><b>PORTAL EDUCA<\/b>\u00a0<br \/><a href=\"https:\/\/portaleduca.cl\/unica-vendimia-universitaria-del-pais-celebro-su-undecima-edicion\/\">\u00danica vendimia universitaria del pa\u00eds celebr\u00f3 su und\u00e9cima edici\u00f3n. Se refiere Patricio G\u00f3mez Arismendi, director del Campus Colchagua\u202fy M\u00f3nica Vergara L\u00f3pez, directora de las carreras de T\u00e9cnico Superior en Viticultura y T\u00e9cnico Superior Vinificaci\u00f3n y Enolog\u00eda.\u00a0<\/a><br \/><br \/><\/div><div><b>RADIO MAULE SUR<\/b>\u00a0<br \/><a href=\"https:\/\/www.radiomaulesur.cl\/2025\/06\/unica-vendimia-universitaria-del-pais.html\">\u00danica vendimia universitaria del pa\u00eds celebr\u00f3 su und\u00e9cima edici\u00f3n. Se refiere Patricio G\u00f3mez Arismendi, director del Campus Colchagua\u202fy M\u00f3nica Vergara L\u00f3pez, directora de las carreras de T\u00e9cnico Superior en Viticultura y T\u00e9cnico Superior Vinificaci\u00f3n y Enolog\u00eda.\u00a0<\/a><br \/><br \/><\/div><div><b>CONSORCIO DE UNIVERSIDAD DEL ESTADO DE CHILE<\/b>\u00a0<br \/><a href=\"https:\/\/noticias.uestatales.cl\/el-valor-de-la-innovacion-no-solo-como-una-metrica-de-evaluacion\u00a0 .aspx?LPKey=HQ2RHI3N5JP6HD2ZE5FXMDU2EXNKLCD6QBCSVRWSN36MCTGUK2SWQ6SRPOQJ4AHTJQ7DQCICWGRZA\" data-wplink-url-error=\"true\">El valor de la innovaci\u00f3n no solo como una m\u00e9trica de evaluaci\u00f3n. Se refiere Se refiere Ariela Vergara, directora de Innovaci\u00f3n.\u202f\u00a0<\/a><br \/><u><a id=\"OWAf4542bbc-21d5-af51-590a-0b1ae7691754\" title=\"https:\/\/noticias.uestatales.cl\/el-valor-de-la-innovacion-no-solo-como-una-metrica-de-evaluacion\" href=\"https:\/\/noticias.uestatales.cl\/el-valor-de-la-innovacion-no-solo-como-una-metrica-de-evaluacion\" target=\"_blank\" rel=\"noopener noreferrer\" data-auth=\"NotApplicable\"><\/a><\/u><\/div><div>\u00a0<\/div><div><b>RADIO INFINITA<\/b>\u00a0<br \/><a href=\"https:\/\/www.litoralpress.cl\/sitio\/RadioTV_Detalles.cshtml?LPKey=2OYW2JEQSPEK6L53X2BTS7DGUUVULIICYBCRDB4FCBIYZY5VLPMZHL3XMOYLR2L7PHYXVRL7I4VPW\">Comentario de pol\u00edtica de Mauricio Morales Quiroga, director del Centro de An\u00e1lisis Pol\u00edtico (CAP-UTalca).\u00a0<\/a><br \/><br \/><\/div><div><b>ATACAMA NOTICIAS<\/b>\u00a0<br \/><a href=\"https:\/\/www.atacamanoticias.cl\/2025\/06\/10\/el-fluor-del-agua-nos-hace-tontos-lideres-discuten-la-medida-pionera-que-nos-salvo-de-las-caries\/\">\u00bfEl fl\u00faor del agua nos hace tontos? L\u00edderes discuten la medida pionera que nos salv\u00f3 de las caries. Se refiere Constanza Fern\u00e1ndez Gonz\u00e1lez, acad\u00e9mica del Grupo de Investigaci\u00f3n en Odontolog\u00eda.\u00a0<\/a><br \/><br \/><\/div><div><b>EL LECTOR<\/b>\u00a0<br \/><a href=\"https:\/\/www.litoralpress.cl\/paginaconsultas\/Servicios_NClipSitio\/Get_Imagen_Nota.aspx?LPKey=GIHBJZOXL4KKQ26XZAX2EKKDWTDVE5QI5SRNO7HKLYKYKVEHYOZZUAK3QPQFCZQTKX7RDIPOBV34G\">Reciclar a pesar del sistema: Por qu\u00e9 escuchar a los hogares importa. Se menciona la Universidad de Talca.\u00a0<\/a><br \/><br \/><\/div><div><b>EL HERALDO<\/b>\u00a0<br \/><a href=\"http:\/\/litoralpress.cl\/paginaconsultas\/Servicios_NClipSitio\/Get_Imagen_Nota.aspx?LPKey=5L4SIYLSOVIZBYOXAZCSXGSF55VQMSL4TVP2PMYGA2DWRGSCG3ZC3RJDLSDBDGCOOUDCEXW6Y3IHM\">Profesor y escritor Pedro Zamorano P\u00e9rez, de la U de Talca, es elegido Miembro de la Academia Chilena de la Historia. Se menciona la Universidad de Talca.\u00a0<\/a><br \/><br \/><\/div><div><b>EL RANCAG\u00dcINO<\/b>\u00a0<br \/><a href=\"https:\/\/www.litoralpress.cl\/paginaconsultas\/Servicios_NClipSitio\/Get_Imagen_Nota.aspx?LPKey=6YMBCFBJMPT2JZX3S7KCYXAVGLYRGM2U74JCNWXU7SPCXJET3BOGYZHMFOYWPOO3U7KGXENLCFULG\">Exitoso encuentro del Consorcio de Divulgaci\u00f3n Cient\u00edfica Centro Sur se llev\u00f3 a cabo en la Universidad de Talca. Se menciona la Universidad de Talca.\u00a0<\/a><br \/><br \/><\/div><div><b>LA PRENSA DE CURIC\u00d3<\/b>\u00a0<br \/><a href=\"https:\/\/www.litoralpress.cl\/paginaconsultas\/Servicios_NClipSitio\/Get_Imagen_Nota.aspx?LPKey=CRBPF5SEEAU2HISXQRMFYF55Q6AFT6XIYRCQG6Z6FDT2LJOUHYPY3MD3CCIOJWFXZLAY6JVBYS4R2\">Sucede. Se menciona la Universidad de Talca.\u00a0<\/a><br \/><br \/><\/div><div><b>LA PRENSA DE CURIC\u00d3<\/b>\u00a0<br \/><a href=\"https:\/\/www.litoralpress.cl\/paginaconsultas\/Servicios_NClipSitio\/Get_Imagen_Nota.aspx?LPKey=SIZ5STIUKRZF7PO6A4H736YC33CPGPJMWLN7YZ3YWPLL4F7AJHBHEL2MJHEBCEVPXKESSVTL7D6H6\">Caf\u00e9 Literario: Promoviendo la escritura y buena lectura. Se menciona la Universidad de Talca.\u00a0<\/a><br \/><br \/><\/div><div><b>RADIO AMIGA<\/b>\u00a0<br \/><a href=\"https:\/\/www.litoralpress.cl\/sitio\/RadioTV_Detalles.cshtml?LPKey=2OYW2JEQSPEK6L53X2BTS7DGUUVULIICYBCRDB4FCBIYZY5VLPMZHL3XMOYLR2L7PHYXVRL7I4VPW\">142 personas son certificadas en nueve cursos de oficios que realiza Sence en el Maule.\u00a0<\/a><br \/><br \/><\/div><div><b>DIARIO EL HERALDO<\/b>\u00a0<br \/><a href=\"https:\/\/www.diarioelheraldo.cl\/noticia\/profesor-y-escritor-pedro-zamorano-perez-de-la-u-de-talca-es-elegido-miembro-de-la-academia-chilena-de-la-historia\">Profesor y escritor Pedro Zamorano P\u00e9rez, de la U de Talca, es elegido Miembro de la Academia Chilena de la Historia. Se menciona la Universidad de Talca.<\/a>\u00a0<br \/><br \/><\/div><div><b>EMOL<\/b>\u00a0<br \/><a href=\"https:\/\/www.emol.com\/noticias\/Nacional\/2025\/06\/08\/1168694\/programacion-emoltv-semana-9-junio.html\">Streaming y entrevistas: La programaci\u00f3n de este martes 10 de junio en EmolTV. Se menciona la Universidad de Talca.\u00a0<\/a><br \/><br \/><\/div><div><b>EN L\u00cdNEA MAULE<\/b>\u00a0<br \/><a href=\"https:\/\/enlineamaule.cl\/archivo\/58337\">El 70% de las exportaciones de manzana se comercializan en Latinoam\u00e9rica. Se menciona la Universidad de Talca.\u00a0<\/a><br \/><br \/><\/div><div><b>EL MAULE INFORMA<\/b>\u00a0<br \/><a href=\"https:\/\/elmauleinforma.cl\/consejo-regional-de-las-culturas-del-maule-recibe-a-tres-nuevos-integrantes\/\">Consejo Regional de las Culturas del Maule recibe a tres nuevos integrantes. Se menciona la Universidad de Talca.\u00a0<\/a><br \/><br \/><\/div><div><b>RH MANAGEMENT<\/b>\u00a0<br \/><a href=\"https:\/\/rhmanagement.cl\/liderar-en-forma-de-espiral\/\">Liderar en forma de espiral. Se menciona la Universidad de Talca.\u00a0<\/a><br \/><br \/><\/div>\t\t\t\t\t\t<\/div>\n\t\t\t\t<\/div>\n\t\t\t\t\t<\/div>\n\t\t<\/div>\n\t\t\t\t\t\t\t<\/div>\n\t\t<\/section>\n\t\t\t\t\t\t<\/div>\n\t\t\t\t\t<\/div>\n\t\t","protected":false},"excerpt":{"rendered":"<p>PORTAL RED SALUD\u00a0\u00bfQu\u00e9 efectos tienen las diferentes drogas al conducir? Se refiere Jessica Z\u00fa\u00f1iga, acad\u00e9mica del Departamento de Ciencias Biom\u00e9dicas.\u00a0 RADIO CRISTALINA\u00a0\u00bfQu\u00e9 efectos tienen las diferentes drogas al conducir?\u00a0 \u00bfpor qu\u00e9 representan un riesgo en las v\u00edas? Se menciona Jessica Z\u00fa\u00f1iga, acad\u00e9mica del Departamento de Ciencias Biom\u00e9dicas.\u00a0 DIARIO EL CENTRO\u00a0Toxic\u00f3loga explica c\u00f3mo afectan las drogas &hellip;<\/p>\n<p class=\"read-more\"> <a class=\"\" href=\"https:\/\/www.reportedeprensa.utalca.cl\/?p=12031\"> <span class=\"screen-reader-text\">11 de junio 2025<\/span> Read More &raquo;<\/a><\/p>\n","protected":false},"author":1,"featured_media":0,"comment_status":"closed","ping_status":"open","sticky":false,"template":"","format":"standard","meta":{"_monsterinsights_skip_tracking":false,"_monsterinsights_sitenote_active":false,"_monsterinsights_sitenote_note":"","_monsterinsights_sitenote_category":0},"categories":[60],"tags":[],"_links":{"self":[{"href":"https:\/\/www.reportedeprensa.utalca.cl\/index.php?rest_route=\/wp\/v2\/posts\/12031"}],"collection":[{"href":"https:\/\/www.reportedeprensa.utalca.cl\/index.php?rest_route=\/wp\/v2\/posts"}],"about":[{"href":"https:\/\/www.reportedeprensa.utalca.cl\/index.php?rest_route=\/wp\/v2\/types\/post"}],"author":[{"embeddable":true,"href":"https:\/\/www.reportedeprensa.utalca.cl\/index.php?rest_route=\/wp\/v2\/users\/1"}],"replies":[{"embeddable":true,"href":"https:\/\/www.reportedeprensa.utalca.cl\/index.php?rest_route=%2Fwp%2Fv2%2Fcomments&post=12031"}],"version-history":[{"count":4,"href":"https:\/\/www.reportedeprensa.utalca.cl\/index.php?rest_route=\/wp\/v2\/posts\/12031\/revisions"}],"predecessor-version":[{"id":12042,"href":"https:\/\/www.reportedeprensa.utalca.cl\/index.php?rest_route=\/wp\/v2\/posts\/12031\/revisions\/12042"}],"wp:attachment":[{"href":"https:\/\/www.reportedeprensa.utalca.cl\/index.php?rest_route=%2Fwp%2Fv2%2Fmedia&parent=12031"}],"wp:term":[{"taxonomy":"category","embeddable":true,"href":"https:\/\/www.reportedeprensa.utalca.cl\/index.php?rest_route=%2Fwp%2Fv2%2Fcategories&post=12031"},{"taxonomy":"post_tag","embeddable":true,"href":"https:\/\/www.reportedeprensa.utalca.cl\/index.php?rest_route=%2Fwp%2Fv2%2Ftags&post=12031"}],"curies":[{"name":"wp","href":"https:\/\/api.w.org\/{rel}","templated":true}]}}