{"id":12043,"date":"2025-06-12T15:34:40","date_gmt":"2025-06-12T18:34:40","guid":{"rendered":"https:\/\/www.reportedeprensa.utalca.cl\/?p=12043"},"modified":"2025-06-12T15:38:19","modified_gmt":"2025-06-12T18:38:19","slug":"12-de-junio-2025","status":"publish","type":"post","link":"https:\/\/www.reportedeprensa.utalca.cl\/?p=12043","title":{"rendered":"12 de junio 2025"},"content":{"rendered":"\t\t<div data-elementor-type=\"wp-post\" data-elementor-id=\"12043\" class=\"elementor elementor-12043\" data-elementor-settings=\"[]\">\n\t\t\t\t\t\t\t<div class=\"elementor-section-wrap\">\n\t\t\t\t\t\t\t<section class=\"elementor-section elementor-top-section elementor-element elementor-element-bcea1a8 elementor-section-boxed elementor-section-height-default elementor-section-height-default\" data-id=\"bcea1a8\" data-element_type=\"section\">\n\t\t\t\t\t\t<div class=\"elementor-container elementor-column-gap-default\">\n\t\t\t\t\t<div class=\"elementor-column elementor-col-100 elementor-top-column elementor-element elementor-element-e7183bf\" data-id=\"e7183bf\" data-element_type=\"column\">\n\t\t\t<div class=\"elementor-widget-wrap elementor-element-populated\">\n\t\t\t\t\t\t\t\t<div class=\"elementor-element elementor-element-5b9a38d elementor-widget elementor-widget-text-editor\" data-id=\"5b9a38d\" data-element_type=\"widget\" data-widget_type=\"text-editor.default\">\n\t\t\t\t<div class=\"elementor-widget-container\">\n\t\t\t\t\t\t\t\t<p><b><span data-contrast=\"auto\">EL MERCURIO DE VALPARA\u00cdSO<\/span><\/b>\u00a0<br \/><a href=\"https:\/\/www.litoralpress.cl\/paginaconsultas\/Servicios_NClipSitio\/Get_Imagen_Nota.aspx?LPKey=EX2FK72JPCBU7YGJRE5XYLRPARIK5LA7PX3BZKHKGCMWMTXNMAT2NDALLT7GEQ54YANAUT2UUZUPW\"><span data-contrast=\"auto\">Primaria oficialista se empieza a cerrar entre dos estilos de liderazgo. Se refiere Mario herrera mu\u00f1oz, acad\u00e9mico del Centro de An\u00e1lisis Pol\u00edtico (CAP-UTalca).<\/span>\u00a0<\/a><br \/><br \/><\/p><p><b><span data-contrast=\"auto\">EMOL<\/span><\/b>\u00a0<br \/><a href=\"https:\/\/www.emol.com\/noticias\/Nacional\/2025\/06\/10\/1168891\/analisis-dos-almas-matthei.html\"><span data-contrast=\"auto\">Dos almas de Evelyn Matthei: An\u00e1lisis a la apuesta de diferenciar los atributos de su nombre y de su apellido. Se refiere Mauricio Morales Quiroga, director del centro de An\u00e1lisis Pol\u00edtico (CAP-UTalca).<\/span>\u00a0<\/a><br \/><br \/><\/p><p><b><span data-contrast=\"auto\">RADIO INFINITA<\/span><\/b>\u00a0<br \/><a href=\"https:\/\/www.litoralpress.cl\/sitio\/RadioTV_Detalles.cshtml?LPKey=NN36GPATVBI2YCCLEWESEOS2WBTW5KDU4AKXIY2FA3T3FZH4MQUC7DH2QGQWQQBYMU75DGNTX245A\"><span data-contrast=\"auto\">Comentario de pol\u00edtica de Mauricio Morales Quiroga, director\u00a0 del centro de An\u00e1lisis Pol\u00edtico (CAP-UTalca).<\/span>\u00a0<\/a><br \/><br \/><\/p><p><b><span data-contrast=\"auto\">RADIO FUTURA<\/span><\/b>\u00a0<br \/><a href=\"https:\/\/www.litoralpress.cl\/sitio\/RadioTV_Detalles.cshtml?LPKey=7JK6D2I5MZK6DNCR55GMIDOLIACMTCSYVW357ZP7B4YWSQ5OYUDJEZ6LSRYAR3U5H3B7CO6WKS6BK\"><span data-contrast=\"auto\">Entrevista a Tania Mascar\u00f3, jefa de la Unidad de Admisi\u00f3n y Acceso.<\/span>\u00a0<\/a><br \/><br \/><\/p><p><b><span data-contrast=\"auto\">RADIO UNIVERSIDAD DE SANTIAGO<\/span><\/b>\u00a0<br \/><a href=\"https:\/\/www.litoralpress.cl\/sitio\/RadioTV_Detalles.cshtml?LPKey=QVMF6GOHRJO6SZZZHTUBS2KPXET2HFVGDCSKLPU3WBKWEUEPPIKEMN6MAA2FVTHHZMNU5SDVS7BIS\"><span data-contrast=\"auto\">Entrevista a Fernando Torres, acad\u00e9mico de la Escuela de Ingenier\u00eda Civil El\u00e9ctrica.<\/span><\/a><br \/><span data-ccp-props=\"{}\">\u00a0<\/span><\/p><p><b><span data-contrast=\"auto\">RADIO CARABINEROS DE CHILE<\/span><\/b>\u00a0<br \/><a href=\"https:\/\/www.litoralpress.cl\/sitio\/RadioTV_Detalles.cshtml?LPKey=75UI3TYAT6BFGBGIVCOLHYHO3B3OZGFBYTA3UWGHQDB4VPJCSGGWBITH3GB77GEA5V4E3F3TVI4PA\"><span data-contrast=\"auto\">Entrevista a \u00c1lvaro Sep\u00falveda, investigador del Centro de Pom\u00e1ceas de la Universidad de Talca.<\/span>\u00a0<\/a><\/p><p><br \/><b><span data-contrast=\"auto\">RADIO AMIGA<\/span><\/b>\u00a0<br \/><a href=\"https:\/\/www.litoralpress.cl\/sitio\/RadioTV_Detalles.cshtml?LPKey=M5OGSYYSTLR364M5ZZSW2OALHWOK25RKMMFPYW7WOOKACEGUS36CF4ZHWURGKT3UQBFYKIEQJWQNC\"><span data-contrast=\"auto\">Expo Pom\u00e1ceas 2025 analiza la consolidaci\u00f3n de la industria de la manzana chilena en los mercados latinoamericanos. Se refiere \u00c1lvaro Sep\u00falveda, investigador del Centro de Pom\u00e1ceas de la Universidad de Talca.<\/span>\u00a0<\/a><\/p><p><b><span data-contrast=\"auto\">AD PRENSA<\/span><\/b>\u00a0<br \/><a href=\"https:\/\/www.adprensa.cl\/cronica\/fomo-y-jomo-que-significan-y-como-se-vinculan-a-las-redes-sociales\/\"><span data-contrast=\"auto\">FOMO y JOMO: \u00bfQu\u00e9 significan y c\u00f3mo se vinculan a las redes sociales? Se refiere <\/span><span data-contrast=\"auto\">Carla Mendoza N\u00fa\u00f1ez, coordinadora cl\u00ednica del Centro de Psicolog\u00eda Aplicada (CEPA).<\/span>\u00a0<\/a><br \/><br \/><\/p><p><b><span data-contrast=\"auto\">MEDIABANCO<\/span><\/b>\u00a0<br \/><a href=\"https:\/\/www.mediabanco.com\/fomo-y-jomo-que-significan-y-como-se-vinculan-a-las-redes-sociales\/\"><span data-contrast=\"auto\">FOMO y JOMO: \u00bfQu\u00e9 significan y c\u00f3mo se vinculan a las redes sociales? Se refiere <\/span><span data-contrast=\"auto\">Carla Mendoza N\u00fa\u00f1ez, coordinadora cl\u00ednica del Centro de Psicolog\u00eda Aplicada (CEPA).<\/span>\u00a0<\/a><br \/><br \/><\/p><p><b><span data-contrast=\"auto\">TU CASA TU RADIO<\/span><\/b>\u00a0<br \/><a href=\"https:\/\/tucasaturadio.cl\/fomo-y-jomo-que-significan-y-como-se-vinculan-a-las-redes-sociales\/\"><span data-contrast=\"auto\">FOMO y JOMO: \u00bfQu\u00e9 significan y c\u00f3mo se vinculan a las redes sociales? Se refiere <\/span><span data-contrast=\"auto\">Carla Mendoza N\u00fa\u00f1ez, coordinadora cl\u00ednica del Centro de Psicolog\u00eda Aplicada (CEPA).<\/span>\u00a0<\/a><br \/><br \/><\/p><p><b><span data-contrast=\"auto\">AD PRENSA<\/span><\/b>\u00a0<br \/><a href=\"https:\/\/www.adprensa.cl\/cronica\/fomo-y-jomo-que-significan-y-como-se-vinculan-a-las-redes-sociales-2\/\"><span data-contrast=\"auto\">FOMO y JOMO: \u00bfQu\u00e9 significan y c\u00f3mo se vinculan a las redes sociales? Se refiere <\/span><span data-contrast=\"auto\">Carla Mendoza N\u00fa\u00f1ez, coordinadora cl\u00ednica del Centro de Psicolog\u00eda Aplicada (CEPA).<\/span>\u00a0<\/a><br \/><br \/><\/p><p><b><span data-contrast=\"auto\">DIARIO EL CENTRO<\/span><\/b>\u00a0<br \/><a href=\"https:\/\/www.diarioelcentro.cl\/2025\/06\/11\/ansiedad-digital-que-es-el-fomo-y-el-jomo-y-como-impactan-en-la-salud-mental\/\"><span data-contrast=\"auto\">Ansiedad digital: qu\u00e9 es el FOMO y el JOMO y c\u00f3mo impactan en la salud mental. Se refiere <\/span><span data-contrast=\"auto\">Carla Mendoza N\u00fa\u00f1ez, coordinadora cl\u00ednica del Centro de Psicolog\u00eda Aplicada (CEPA).<\/span>\u00a0<\/a><br \/><br \/><\/p><p><b><span data-contrast=\"auto\">EL CONTENIDO<\/span><\/b> \u00a0<br \/><a href=\"https:\/\/elcontenido.news\/2025\/nacional\/impacto-de-la-ansiedad-digital-efectos-del-fomo-y-el-jomo-en-la-salud-mental\/\"><span data-contrast=\"auto\">Impacto de la ansiedad digital: efectos del FOMO y el JOMO en la salud mental. Se refiere <\/span><span data-contrast=\"auto\">Carla Mendoza N\u00fa\u00f1ez, coordinadora cl\u00ednica del Centro de Psicolog\u00eda Aplicada (CEPA).<\/span>\u00a0<\/a><br \/><br \/><\/p><p><b><span data-contrast=\"auto\">S\u00c9PTIMA P\u00c1GINA NOTICIAS<\/span><\/b>\u00a0<br \/><a href=\"https:\/\/www.septimapaginanoticias.cl\/fomo-y-jomo-que-significan-y-como-se-vinculan-a-las-redes-sociales\"><span data-contrast=\"auto\">FOMO y JOMO: \u00bfQu\u00e9 significan y c\u00f3mo se vinculan a las redes sociales? Se refiere <\/span><span data-contrast=\"auto\">Carla Mendoza N\u00fa\u00f1ez, coordinadora cl\u00ednica del Centro de Psicolog\u00eda Aplicada (CEPA).<\/span>\u00a0<\/a><br \/><br \/><\/p><p><b><span data-contrast=\"auto\">EL MAULE INFORMA<\/span><\/b>\u00a0<br \/><a href=\"https:\/\/elmauleinforma.cl\/fomo-y-jomo-que-significan-y-como-se-vinculan-a-las-redes-sociales\/\"><span data-contrast=\"auto\">FOMO y JOMO: \u00bfQu\u00e9 significan y c\u00f3mo se vinculan a las redes sociales? Se refiere <\/span><span data-contrast=\"auto\">Carla Mendoza N\u00fa\u00f1ez, coordinadora cl\u00ednica del Centro de Psicolog\u00eda Aplicada (CEPA).<\/span>\u00a0<\/a><br \/><br \/><\/p><p><b><span data-contrast=\"auto\">EL LECTOR<\/span><\/b>\u00a0<br \/><a href=\"https:\/\/www.litoralpress.cl\/paginaconsultas\/Servicios_NClipSitio\/Get_Imagen_Nota.aspx?LPKey=GRAAGV4AE5SZCPHPMTG2YFARFAJB2GH5DOQ6EDHSNNR2QDZYXFCFFUGF2WIWPITNJ6SJGE3D3EEOE\"><span data-contrast=\"auto\">\u00danica vendimia universitaria del pa\u00eds celebr\u00f3 su und\u00e9cima edici\u00f3n.<\/span> <span data-contrast=\"auto\">Se refiere Patricio G\u00f3mez Arismendi, director del Campus Colchagua<\/span><span data-contrast=\"auto\">\u202f<\/span><span data-contrast=\"auto\">y M\u00f3nica Vergara L\u00f3pez, directora de las carreras de T\u00e9cnico Superior en Viticultura y T\u00e9cnico Superior Vinificaci\u00f3n y Enolog\u00eda.\u202f<\/span>\u00a0<\/a><br \/><br \/><\/p><p><b><span data-contrast=\"auto\">TIERRA AMARILLANO<\/span><\/b>\u00a0<br \/><a href=\"https:\/\/tierramarillano.cl\/2025\/06\/11\/unica-vendimia-universitaria-del-pais-celebro-su-undecima-edicion\/\"><span data-contrast=\"auto\">\u00danica vendimia universitaria del pa\u00eds celebr\u00f3 su und\u00e9cima edici\u00f3n.<\/span> <span data-contrast=\"auto\">Se refiere Patricio G\u00f3mez Arismendi, director del Campus Colchagua<\/span><span data-contrast=\"auto\">\u202f<\/span><span data-contrast=\"auto\">y M\u00f3nica Vergara L\u00f3pez, directora de las carreras de T\u00e9cnico Superior en Viticultura y T\u00e9cnico Superior Vinificaci\u00f3n y Enolog\u00eda.\u202f<\/span>\u00a0<\/a><br \/><br \/><\/p><p><b><span data-contrast=\"auto\">CANAL 2 LINARES<\/span><\/b>\u00a0<br \/><a href=\"https:\/\/www.canal2linares.cl\/2025\/06\/unica-vendimia-universitaria-del-pais.html\"><span data-contrast=\"auto\">\u00danica vendimia universitaria del pa\u00eds celebr\u00f3 su und\u00e9cima edici\u00f3n.<\/span><span data-contrast=\"auto\"> Se refiere Patricio G\u00f3mez Arismendi, director del Campus Colchagua<\/span><span data-contrast=\"auto\">\u202f<\/span><span data-contrast=\"auto\">y M\u00f3nica Vergara L\u00f3pez, directora de las carreras de T\u00e9cnico Superior en Viticultura y T\u00e9cnico Superior Vinificaci\u00f3n y Enolog\u00eda.\u202f<\/span>\u00a0<\/a><br \/><br \/><b><span data-contrast=\"auto\">OSORNO EN LA RED<\/span><\/b>\u00a0<br \/><a href=\"http:\/\/osornoenlared.cl\/2025\/06\/11\/unica-vendimia-universitaria-del-pais-celebro-su-undecima-edicion\/\"><span data-contrast=\"auto\">\u00danica vendimia universitaria del pa\u00eds celebr\u00f3 su und\u00e9cima edici\u00f3n.<\/span> <span data-contrast=\"auto\">Se refiere Patricio G\u00f3mez Arismendi, director del Campus Colchagua<\/span><span data-contrast=\"auto\">\u202f<\/span><span data-contrast=\"auto\">y M\u00f3nica Vergara L\u00f3pez, directora de las carreras de T\u00e9cnico Superior en Viticultura y T\u00e9cnico Superior Vinificaci\u00f3n y Enolog\u00eda.\u202f<\/span>\u00a0<\/a><br \/><br \/><\/p><p><b><span data-contrast=\"auto\">MAULE HOY<\/span><\/b>\u00a0<br \/><a href=\"https:\/\/www.litoralpress.cl\/paginaconsultas\/Servicios_NClipSitio\/Get_Imagen_Nota.aspx?LPKey=3OFESYAPD5ZGQI5FPOFXZQ5JO4LVV2YTPJPTYCD46O6SYAC2ERTP5BNDDQ7V4TXQ3TZOOEJKC3QZW\"><span data-contrast=\"auto\">\u00danica vendimia universitaria del pa\u00eds celebr\u00f3 su und\u00e9cima edici\u00f3n.<\/span><span data-contrast=\"auto\"> Se refiere Patricio G\u00f3mez Arismendi, director del Campus Colchagua<\/span><span data-contrast=\"auto\">\u202f<\/span><span data-contrast=\"auto\">y M\u00f3nica Vergara L\u00f3pez, directora de las carreras de T\u00e9cnico Superior en Viticultura y T\u00e9cnico Superior Vinificaci\u00f3n y Enolog\u00eda.\u202f<\/span>\u00a0<\/a><br \/><br \/><\/p><p><b><span data-contrast=\"auto\">EN L\u00cdNEA MAULE<\/span><\/b>\u00a0<br \/><a href=\"https:\/\/www.litoralpress.cl\/sitio\/RadioTV_Detalles.cshtml?LPKey=UUL7DEMP7XNTY46GXTUHN5N4Z34VMC36BOOLTJWQFYO6WVVE6EFVLNBBXV5X4QCBDUAG7DBPU6M36\"><span data-contrast=\"auto\">Entrevista a <\/span><span data-contrast=\"auto\">agroclimat\u00f3logo y acad\u00e9mico del Centro de Investigaci\u00f3n y Transferencia en Riego y Agroclimatolog\u00eda (CITRA).<\/span>\u00a0<\/a><br \/><br \/><\/p><p><b><span data-contrast=\"auto\">SEMANARIO LOCAL<\/span><\/b>\u00a0<br \/><a href=\"https:\/\/www.semanariolocal.cl\/?p=29341\"><span data-contrast=\"auto\">M\u00e1s all\u00e1 de los cinco sentidos: La importancia de la integraci\u00f3n sensorial en ni\u00f1os TEA.<\/span><span data-contrast=\"auto\"> Se refiere Camila Mosquera, directora de la Escuela de Terapia Ocupacional y Juan Sebasti\u00e1n Le\u00f3n,\u202facad\u00e9mico de la mencionada Escuela.<\/span>\u00a0<\/a><br \/><br \/><\/p><p><b><span data-contrast=\"auto\">EL HERALDO<\/span><\/b>\u00a0<br \/><a href=\"https:\/\/www.litoralpress.cl\/paginaconsultas\/Servicios_NClipSitio\/Get_Imagen_Nota.aspx?LPKey=7MC5EJMJBGX33L7ESJ2PZI77FGDTQKTNGNY3LAKONE4KKFWJVRZS2SOHAWSYGXK3YOLAX7GNMUR5I\"><span data-contrast=\"auto\">Consejo Regional de las Culturas del Maule recibe a tres nuevos integrantes. Se menciona la Universidad de Talca.<\/span>\u00a0<\/a><br \/><br \/><\/p><p><b><span data-contrast=\"auto\">EL LECTOR<\/span><\/b>\u00a0<br \/><a href=\"https:\/\/www.litoralpress.cl\/paginaconsultas\/Servicios_NClipSitio\/Get_Imagen_Nota.aspx?LPKey=A22ZBQHTLQTOEUTVDTTG66AALLVZZSQITZU2L5IDEHGDIVJOWFIJKXVZAYEYRTULQF3IDUAWVWO7U\"><span data-contrast=\"auto\">Consejo Regional de las Culturas del Maule recibe a tres nuevos integrantes. Se menciona la Universidad de Talca.<\/span>\u00a0<\/a><br \/><br \/><\/p><p><b><span data-contrast=\"auto\">LA PRENSA DE CURIC\u00d3<\/span><\/b>\u00a0<br \/><a href=\"https:\/\/www.litoralpress.cl\/paginaconsultas\/Servicios_NClipSitio\/Get_Imagen_Nota.aspx?LPKey=7LJIN5PQZU6GWLTKETR6RG7XXH6UREQEP4STHIHF2B2WUK6WQICOXV5RIO7UYC25M5J7ZM2RYT2C2\"><span data-contrast=\"auto\">Sucede. Se menciona la Universidad de Talca.<\/span>\u00a0<\/a><br \/><br \/><\/p><p><b><span data-contrast=\"auto\">DIARIO EL HERALDO<\/span><\/b>\u00a0<br \/><a href=\"https:\/\/www.diarioelheraldo.cl\/noticia\/consejo-regional-de-las-culturas-del-maule-recibe-a-tres-nuevos-integrantes\"><span data-contrast=\"auto\">Consejo Regional de las Culturas del Maule recibe a tres nuevos integrantes. Se menciona la Universidad de Talca.<\/span>\u00a0<\/a><br \/><br \/><\/p><p><b><span data-contrast=\"auto\">EMOL<\/span><\/b>\u00a0<br \/><a href=\"https:\/\/www.litoralpress.cl\/sitio\/MediosOnline_Detalles.cshtml?LPKey=C6YXX5D32FGOZJPYLW5OUYN4OOOCGSAIRQHYJ3XG2GWFZQ5RP5LQSC2B2JRVIWOSLHELV75VCISHE\"><span data-contrast=\"auto\">Streaming y entrevistas: La programaci\u00f3n de este mi\u00e9rcoles 11 de junio en EmolTV. Se menciona la Universidad de Talca.<\/span>\u00a0<\/a><br \/><br \/><\/p><p><b><span data-contrast=\"auto\">AM NOTICIAS<\/span><\/b>\u00a0<br \/><a href=\"https:\/\/amnoticias.cl\/nuevos-integrantes-se-suman-al-consejo-regional-de-las-culturas-del-maule\/\"><span data-contrast=\"auto\">Nuevos integrantes se suman al Consejo Regional de las Culturas del Maule. Se menciona la Universidad de Talca.<\/span>\u00a0<\/a><br \/><br \/><\/p><p><b><span data-contrast=\"auto\">DIARIO LA MA\u00d1ANA<\/span><\/b>\u00a0<br \/><a href=\"https:\/\/diariolama\u00f1ana.cl\/2025\/06\/11\/nuevos-integrantes-se-suman-al-consejo-regional-de-las-culturas-del-maule\/\"><span data-contrast=\"auto\">Nuevos integrantes se suman al Consejo Regional de las Culturas del Maule. Se menciona la Universidad de Talca.<\/span>\u00a0<\/a><\/p><p><br \/><b><span data-contrast=\"auto\">SOMOS MAULE<\/span><\/b>\u00a0<br \/><a href=\"http:\/\/somosmaule.cl\/publico\/ficha\/ficha.aspx?i=91257\"><span data-contrast=\"auto\">Consejo Regional de las Culturas del Maule recibe a tres nuevos integrantes. Se menciona la Universidad de Talca.<\/span>\u00a0<\/a><br \/><br \/><\/p><p><span data-ccp-props=\"{}\">\u00a0<\/span><\/p>\t\t\t\t\t\t<\/div>\n\t\t\t\t<\/div>\n\t\t\t\t\t<\/div>\n\t\t<\/div>\n\t\t\t\t\t\t\t<\/div>\n\t\t<\/section>\n\t\t\t\t\t\t<\/div>\n\t\t\t\t\t<\/div>\n\t\t","protected":false},"excerpt":{"rendered":"<p>EL MERCURIO DE VALPARA\u00cdSO\u00a0Primaria oficialista se empieza a cerrar entre dos estilos de liderazgo. Se refiere Mario herrera mu\u00f1oz, acad\u00e9mico del Centro de An\u00e1lisis Pol\u00edtico (CAP-UTalca).\u00a0 EMOL\u00a0Dos almas de Evelyn Matthei: An\u00e1lisis a la apuesta de diferenciar los atributos de su nombre y de su apellido. Se refiere Mauricio Morales Quiroga, director del centro de &hellip;<\/p>\n<p class=\"read-more\"> <a class=\"\" href=\"https:\/\/www.reportedeprensa.utalca.cl\/?p=12043\"> <span class=\"screen-reader-text\">12 de junio 2025<\/span> Read More &raquo;<\/a><\/p>\n","protected":false},"author":1,"featured_media":0,"comment_status":"closed","ping_status":"open","sticky":false,"template":"","format":"standard","meta":{"_monsterinsights_skip_tracking":false,"_monsterinsights_sitenote_active":false,"_monsterinsights_sitenote_note":"","_monsterinsights_sitenote_category":0},"categories":[60],"tags":[],"_links":{"self":[{"href":"https:\/\/www.reportedeprensa.utalca.cl\/index.php?rest_route=\/wp\/v2\/posts\/12043"}],"collection":[{"href":"https:\/\/www.reportedeprensa.utalca.cl\/index.php?rest_route=\/wp\/v2\/posts"}],"about":[{"href":"https:\/\/www.reportedeprensa.utalca.cl\/index.php?rest_route=\/wp\/v2\/types\/post"}],"author":[{"embeddable":true,"href":"https:\/\/www.reportedeprensa.utalca.cl\/index.php?rest_route=\/wp\/v2\/users\/1"}],"replies":[{"embeddable":true,"href":"https:\/\/www.reportedeprensa.utalca.cl\/index.php?rest_route=%2Fwp%2Fv2%2Fcomments&post=12043"}],"version-history":[{"count":4,"href":"https:\/\/www.reportedeprensa.utalca.cl\/index.php?rest_route=\/wp\/v2\/posts\/12043\/revisions"}],"predecessor-version":[{"id":12047,"href":"https:\/\/www.reportedeprensa.utalca.cl\/index.php?rest_route=\/wp\/v2\/posts\/12043\/revisions\/12047"}],"wp:attachment":[{"href":"https:\/\/www.reportedeprensa.utalca.cl\/index.php?rest_route=%2Fwp%2Fv2%2Fmedia&parent=12043"}],"wp:term":[{"taxonomy":"category","embeddable":true,"href":"https:\/\/www.reportedeprensa.utalca.cl\/index.php?rest_route=%2Fwp%2Fv2%2Fcategories&post=12043"},{"taxonomy":"post_tag","embeddable":true,"href":"https:\/\/www.reportedeprensa.utalca.cl\/index.php?rest_route=%2Fwp%2Fv2%2Ftags&post=12043"}],"curies":[{"name":"wp","href":"https:\/\/api.w.org\/{rel}","templated":true}]}}