{"id":12060,"date":"2025-06-16T11:51:42","date_gmt":"2025-06-16T14:51:42","guid":{"rendered":"https:\/\/www.reportedeprensa.utalca.cl\/?p=12060"},"modified":"2025-06-16T12:03:14","modified_gmt":"2025-06-16T15:03:14","slug":"16-de-junio-2025","status":"publish","type":"post","link":"https:\/\/www.reportedeprensa.utalca.cl\/?p=12060","title":{"rendered":"16 de junio 2025"},"content":{"rendered":"\t\t<div data-elementor-type=\"wp-post\" data-elementor-id=\"12060\" class=\"elementor elementor-12060\" data-elementor-settings=\"[]\">\n\t\t\t\t\t\t\t<div class=\"elementor-section-wrap\">\n\t\t\t\t\t\t\t<section class=\"elementor-section elementor-top-section elementor-element elementor-element-bcea1a8 elementor-section-boxed elementor-section-height-default elementor-section-height-default\" data-id=\"bcea1a8\" data-element_type=\"section\">\n\t\t\t\t\t\t<div class=\"elementor-container elementor-column-gap-default\">\n\t\t\t\t\t<div class=\"elementor-column elementor-col-100 elementor-top-column elementor-element elementor-element-e7183bf\" data-id=\"e7183bf\" data-element_type=\"column\">\n\t\t\t<div class=\"elementor-widget-wrap elementor-element-populated\">\n\t\t\t\t\t\t\t\t<div class=\"elementor-element elementor-element-5b9a38d elementor-widget elementor-widget-text-editor\" data-id=\"5b9a38d\" data-element_type=\"widget\" data-widget_type=\"text-editor.default\">\n\t\t\t\t<div class=\"elementor-widget-container\">\n\t\t\t\t\t\t\t\t<div class=\"x_elementToProof\"><b data-olk-copy-source=\"MessageBody\">EL MERCURIO<\/b>\u00a0<br \/><a href=\"https:\/\/www.litoralpress.cl\/sitio\/Prensa_PaginaCompleta.cshtml?LPKey=ESUD6CRB5D3CATGAAX4HBSRN42YWBS\">Las personas que se grad\u00faan de un doctorado alcanzan su cifra m\u00e1s alta en Chile. Se refiere Sergio Wehinger, director de Postgrado. \u00a0<\/a><br \/><br \/><\/div><div class=\"x_elementToProof\"><b>COOPERATIVA CIENCIA<\/b>\u00a0<br \/><a href=\"https:\/\/www.cooperativaciencia.cl\/tendencias\/2025\/06\/13\/fomo-las-claves-para-no-caer-en-la-tendencia-ansiosa-de-las-redes-sociales\/\">FOMO: Las claves para no caer en la tendencia ansiosa de las redes sociales. Se refiere Carla Mendoza, coordinadora cl\u00ednica del Centro de Psicolog\u00eda Aplicada.\u00a0<\/a><br \/><br \/><\/div><div class=\"x_elementToProof\"><b>EL MOSTRADOR<\/b>\u00a0<br \/><a href=\"https:\/\/www.msn.com\/es-cl\/noticias\/other\/fomo-y-jomo-qu%C3%A9-son-c%C3%B3mo-nos-afectan-y-c%C3%B3mo-reducir-su-impacto-en-la-era-digital\/ar-AA1GHFdP\">FOMO y JOMO: \u00bfQu\u00e9 significan y c\u00f3mo se vinculan a las redes sociales? Se refiere Carla Mendoza, coordinadora cl\u00ednica del Centro de Psicolog\u00eda Aplicada.\u00a0<\/a><br \/><br \/><\/div><div class=\"x_elementToProof\"><b>MSN CHILE<\/b>\u00a0<br \/><a href=\"https:\/\/www.msn.com\/es-cl\/noticias\/other\/fomo-y-jomo-qu%C3%A9-son-c%C3%B3mo-nos-afectan-y-c%C3%B3mo-reducir-su-impacto-en-la-era-digital\/ar-AA1GHFdP\">FOMO y JOMO: qu\u00e9 son, c\u00f3mo nos afectan y c\u00f3mo reducir su impacto en la era digital. Se refiere Carla Mendoza, coordinadora cl\u00ednica del Centro de Psicolog\u00eda Aplicada.\u00a0<\/a><br \/><br \/><\/div><div class=\"x_elementToProof\"><b>OSORNO EN LA RED<\/b>\u00a0<br \/><a href=\"http:\/\/osornoenlared.cl\/2025\/06\/13\/fomo-y-jomo-que-significan-y-como-se-vinculan-a-las-redes-sociales\/\">FOMO y JOMO: \u00bfQu\u00e9 significan y c\u00f3mo se vinculan a las redes sociales? Se refiere Carla Mendoza, coordinadora cl\u00ednica del Centro de Psicolog\u00eda Aplicada.\u00a0<\/a><br \/><br \/><\/div><div class=\"x_elementToProof\"><b>RADIO LAUTARO<\/b>\u00a0<br \/><a href=\"https:\/\/radiolautarotalca.cl\/fomo-y-jomo-que-significan-y-como-se-vinculan-a-las-redes-sociales\/\">FOMO y JOMO: \u00bfQu\u00e9 significan y c\u00f3mo se vinculan a las redes sociales? Se refiere Carla Mendoza, coordinadora cl\u00ednica del Centro de Psicolog\u00eda Aplicada.\u00a0<\/a><br \/><br \/><\/div><div class=\"x_elementToProof\"><b>SEMANARIO LOCAL<\/b>\u00a0<br \/><a href=\"https:\/\/www.semanariolocal.cl\/?p=29344\">FOMO y JOMO: \u00bfQu\u00e9 significan y c\u00f3mo se vinculan a las redes sociales? Se refiere Carla Mendoza, coordinadora cl\u00ednica del Centro de Psicolog\u00eda Aplicada.\u00a0<\/a><br \/><br \/><\/div><div class=\"x_elementToProof\"><b>COOPERATIVA CIENCIA<\/b>\u00a0<br \/><a href=\"https:\/\/www.cooperativaciencia.cl\/tendencias\/2025\/06\/13\/autorretrato-ciego-una-muestra-inclusiva-y-gratuita-en-providencia\/\">\u00abAutorretrato ciego\u00bb: Una muestra inclusiva y gratuita en Providencia. Se refiere Marcela Albornoz Dachelet, directora de Extensi\u00f3n Cultural Art\u00edstica.\u00a0<\/a><br \/><br \/><\/div><div class=\"x_elementToProof\"><b>EL MOSTRADOR<\/b>\u00a0<br \/><a href=\"https:\/\/www.elmostrador.cl\/noticias\/pais\/2025\/06\/15\/profesores-de-derecho-politico-se-reunen-ante-crisis-de-las-instituciones-en-chile-y-el-mundo\/\">Profesores de Derecho Pol\u00edtico se re\u00fanen ante crisis de las instituciones en Chile y el mundo. Se refiere Cristi\u00e1n Su\u00e1rez, acad\u00e9mico Facultad de Econom\u00eda y Negocios.\u00a0<\/a><br \/><br \/><\/div><div class=\"x_elementToProof\"><b>MSN CHILE<\/b>\u00a0<br \/><a href=\"https:\/\/www.msn.com\/es-cl\/noticias\/other\/profesores-de-derecho-pol%C3%ADtico-se-re%C3%BAnen-ante-crisis-de-las-instituciones-en-chile-y-el-mundo\/ar-AA1GKRZ4\">Profesores de Derecho Pol\u00edtico se re\u00fanen ante crisis de las instituciones en Chile y el mundo. Se refiere Cristi\u00e1n Su\u00e1rez, acad\u00e9mico Facultad de Econom\u00eda y Negocios.\u00a0<\/a><br \/><br \/><\/div><div class=\"x_elementToProof\"><b>EL CIUDADANO<\/b>\u00a0<br \/><a href=\"https:\/\/www.elciudadano.com\/chile\/investigacion-revelo-barreras-de-genero-en-el-transporte-publico-en-chile\/06\/13\/\">Investigaci\u00f3n revel\u00f3 barreras de g\u00e9nero en el transporte p\u00fablico en Chile. Se refiere V\u00edctor Iturra, acad\u00e9mico de la Facultad de Econom\u00eda y Negocios.\u00a0<\/a><br \/><br \/><\/div><div class=\"x_elementToProof\"><b>CR\u00d3NICA DIGITAL<\/b>\u00a0<br \/><a href=\"https:\/\/cronicadigital.cl\/2025\/06\/13\/investigacion-revelo-barreras-de-genero-en-el-transporte-publico-en-chile\/\">Investigaci\u00f3n revel\u00f3 barreras de g\u00e9nero en el transporte p\u00fablico en Chile. Se refiere V\u00edctor Iturra, acad\u00e9mico de la Facultad de Econom\u00eda y Negocios.\u00a0<\/a><br \/><br \/><\/div><div class=\"x_elementToProof\"><b>G5 NOTICIAS<\/b>\u00a0<br \/><a href=\"https:\/\/g5noticias.cl\/2025\/06\/15\/investigacion-revelo-barreras-de-genero-en-el-transporte-publico-en-chile\/\">Investigaci\u00f3n revel\u00f3 barreras de g\u00e9nero en el transporte p\u00fablico en Chile. Se refiere V\u00edctor Iturra, acad\u00e9mico Facultad de Econom\u00eda y Negocios. \u00a0<\/a><br \/><br \/><\/div><div class=\"x_elementToProof\"><b>MEDIABANCO<\/b>\u00a0<br \/><a href=\"https:\/\/www.mediabanco.com\/investigacion-revelo-barreras-de-genero-en-el-transporte-publico-en-chile\/\">Investigaci\u00f3n revel\u00f3 barreras de g\u00e9nero en el transporte p\u00fablico en Chile. Se refiere V\u00edctor Iturra, acad\u00e9mico de la Facultad de Econom\u00eda y Negocios.\u00a0<\/a><br \/><br \/><\/div><div class=\"x_elementToProof\"><b>TV MAULE<\/b>\u00a0<br \/><a href=\"https:\/\/www.tvmaule.cl\/investigacion-revelo-barreras-de-genero-en-el-transporte-publico-en-chile\/\">Investigaci\u00f3n revel\u00f3 barreras de g\u00e9nero en el transporte p\u00fablico en Chile. Se refiere V\u00edctor Iturra, acad\u00e9mico de la Facultad de Econom\u00eda y Negocios.\u00a0<\/a><br \/><br \/><\/div><div class=\"x_elementToProof\"><b>RADIO BIOB\u00cdO<\/b>\u00a0<br \/><a href=\"https:\/\/www.litoralpress.cl\/sitio\/RadioTV_Detalles.cshtml?LPKey=HWQGEL2LF4C5BCHU7IRXMZXJ7I2W3QWLU5YKGYABRLZGBO7ZZV7TCHZ7LGL3VKAQJEK6KJKDDECSG\">En un documento de cinco p\u00e1ginas, Macarena Diaz, exjefa jur\u00eddica de Bienes Nacionales, entreg\u00f3 su versi\u00f3n a la comisi\u00f3n investigadora que indaga la fallida compra de la casa de Salvador Allende. Se refiere Guillermo Holzmamn, acad\u00e9mico de la Facultad de econom\u00eda y Negocios.\u00a0<\/a><br \/><br \/><\/div><div class=\"x_elementToProof\"><b>EMOL<\/b>\u00a0<br \/><a href=\"https:\/\/www.emol.com\/noticias\/Nacional\/2025\/06\/14\/1168931\/estrategia-votantes-primarias-oficialismo.html\">Qu\u00e9 hacer si se es independiente ante las primarias de izquierda: Efectos de un eventual &#8216;voto estrat\u00e9gico&#8217;. Se refiere Mauricio Morales Quiroga, director del Centro de An\u00e1lisis Pol\u00edtico.\u00a0<\/a><br \/><br \/><\/div><div class=\"x_elementToProof\"><b>EL LECTOR<\/b>\u00a0<br \/><a href=\"https:\/\/www.litoralpress.cl\/paginaconsultas\/Servicios_NClipSitio\/Get_Imagen_Nota.aspx?LPKey=Q5U54PTCT4XW7NTSCWVHNKTBLPMNVBKADMQ6KU56JUY4BTWRHXM3ZACVBXCWNS4J4V4SV4QOMI4TS\">\u00bfQu\u00e9 efectos tienen las diferentes drogas al conducir? Jessica Z\u00fa\u00f1iga, acad\u00e9mica del Departamento de Ciencias Biol\u00f3gicas.\u00a0<\/a><br \/><br \/><\/div><div class=\"x_elementToProof\"><b>DIARIO EL HERALDO<\/b>\u00a0<br \/><a href=\"https:\/\/www.litoralpress.cl\/sitio\/Prensa_PaginaCompleta.cshtml?LPKey=F3EL7X7LRDAIX3G4L3FGL4HNDCEKOBQERUP3YU7W4X2RDFE64KVA\">UTalca realizar\u00e1 talleres infantiles sobre ciencias y sustentabilidad en invierno. Se refiere Karin Saavedra, directora general de Vinculaci\u00f3n con el Medio y C\u00e9sar Retamal, jefe de Divulgaci\u00f3n. \u00a0<\/a><br \/><br \/><\/div><div class=\"x_elementToProof\"><b>EL HERALDO<\/b>\u00a0<br \/><a href=\"https:\/\/www.litoralpress.cl\/sitio\/MediosOnline_Detalles.cshtml?LPKey=CU3BGPVTVDMUDQDXYTSGVHO2ACZG6NWXSFKAXNUOCL3RPMBQ5I2RM5AB7STJAZHPOUD6NNHX2MLSO\">UTalca realizar\u00e1 talleres infantiles sobre ciencias y sustentabilidad en invierno. Se refiere Karin Saavedra, directora general de Vinculaci\u00f3n con el Medio y C\u00e9sar Retamal, jefe de Divulgaci\u00f3n. \u00a0\u00a0<\/a><br \/><br \/><\/div><div class=\"x_elementToProof\"><b>PUBLIMICRO<\/b>\u00a0<br \/><a href=\"https:\/\/publimicro.cl\/universidad-de-talca-realizara-talleres-infantiles-sobre-ciencias-y-sustentabilidad-en-invierno\/\">Universidad de Talca realizar\u00e1 talleres infantiles sobre ciencias y sustentabilidad en invierno. Se refiere Karin Saavedra, directora general de Vinculaci\u00f3n con el Medio.\u00a0<\/a><br \/><br \/><\/div><div class=\"x_elementToProof\"><b>MEDIABANCO<\/b>\u00a0<br \/><a href=\"https:\/\/www.mediabanco.com\/utalca-realizara-talleres-infantiles-sobre-ciencias-y-sustentabilidad-en-invierno\/\">UTalca realizar\u00e1 talleres infantiles sobre ciencias y sustentabilidad en invierno. Karin Saavedra, directora General de Vinculaci\u00f3n con el Medio.\u00a0<\/a><br \/><br \/><\/div><div class=\"x_elementToProof\"><b>PRIMERA FUENTE NOTICIAS<\/b>\u00a0<br \/><a href=\"https:\/\/primerafuente.cl\/regional\/2025\/06\/14\/utalca-realizara-talleres-infantiles-sobre-ciencias-y-sustentabilidad-en-invierno\/\">UTalca realizar\u00e1 talleres infantiles sobre ciencias y sustentabilidad en invierno. Karin Saavedra, directora General de Vinculaci\u00f3n con el Medio.\u00a0<\/a><br \/><br \/><\/div><div class=\"x_elementToProof\"><b>AD PRENSA <\/b>\u00a0<br \/><a href=\"https:\/\/www.adprensa.cl\/cronica\/utalca-realizara-talleres-infantiles-sobre-ciencias-y-sustentabilidad-en-invierno\/\">UTalca realizar\u00e1 talleres infantiles sobre ciencias y sustentabilidad en invierno. Karin Saavedra, directora General de Vinculaci\u00f3n con el Medio.\u00a0<\/a><br \/><br \/><\/div><div class=\"x_elementToProof\"><b>CHILL\u00c1N ONLINE<\/b>\u00a0<br \/><a href=\"https:\/\/www.chillanonline.cl\/V7\/2025\/06\/14\/utalca-realizara-talleres-infantiles-sobre-ciencias-y-sustentabilidad-en-invierno\/\">UTalca realizar\u00e1 talleres infantiles gratuitos sobre ciencias y sustentabilidad en invierno. Karin Saavedra, directora General de Vinculaci\u00f3n con el Medio.\u00a0<\/a><br \/><br \/><\/div><div class=\"x_elementToProof\"><b>EL MAULE INFORMA<\/b>\u00a0<br \/><a href=\"https:\/\/elmauleinforma.cl\/utalca-realizara-talleres-infantiles-gratuitos-sobre-ciencias-y-sustentabilidad-en-invierno\/\">UTalca realizar\u00e1 talleres infantiles gratuitos sobre ciencias y sustentabilidad en invierno. Karin Saavedra, directora General de Vinculaci\u00f3n con el Medio.\u00a0<\/a><br \/><br \/><\/div><div class=\"x_elementToProof\"><b>ZETA RADIO <\/b>\u00a0<br \/><a href=\"https:\/\/www.litoralpress.cl\/sitio\/RadioTV_Detalles.cshtml?LPKey=ASSFFJ4NKARHTEDMCO6TCQOAEDNU2MICBEQLBXQRET2IHQG4JQQNCHNYDYTCVMWGRURHYIWU6EJ6O\">UTalca es escenario de celebraci\u00f3n del D\u00eda Mundial del Donante de Sangre. Se refiere Roxana Orrego, director de la Escuela de Tecnolog\u00eda M\u00e9dica.\u00a0<\/a><br \/><br \/><\/div><div class=\"x_elementToProof\"><b>AM NOTICIAS<\/b>\u00a0<br \/><a href=\"https:\/\/amnoticias.cl\/utalca-conmemora-dia-del-donante-de-sangre-con-colecta-y-campana-informativa\/\">UTalca conmemora D\u00eda del Donante de Sangre con colecta y campa\u00f1a informativa. Se refiere Roxana Orrego, directora de la Escuela de Tecnolog\u00eda M\u00e9dica\u00a0<\/a><br \/><br \/><\/div><div class=\"x_elementToProof\"><b>DIARIO LA MA\u00d1ANA<\/b>\u00a0<br \/><a href=\"https:\/\/diariolama\u00f1ana.cl\/2025\/06\/13\/utalca-conmemora-dia-del-donante-de-sangre-con-colecta-y-campana-informativa\/\">UTalca conmemora D\u00eda del Donante de Sangre con colecta y campa\u00f1a informativa. Se refiere Roxana Orrego, directora de la Escuela de Tecnolog\u00eda M\u00e9dica\u00a0<\/a><br \/><br \/><\/div><div class=\"x_elementToProof\"><b>PUBLIMICRO<\/b>\u00a0<br \/><a href=\"https:\/\/publimicro.cl\/dia-mundial-del-donante-de-sangre-instituciones-unen-esfuerzos-para-lograr-meta-regional\/\">D\u00eda Mundial del Donante de Sangre: instituciones unen esfuerzos para lograr meta regional. Se refiere Roxana Orrego, directora Escuela de Tecnolog\u00eda M\u00e9dica.\u00a0<\/a><br \/><br \/><\/div><div class=\"x_elementToProof\"><b>MEDIABANCO<\/b>\u00a0<br \/><a href=\"https:\/\/www.mediabanco.com\/dia-mundial-del-donante-de-sangre-instituciones-unen-esfuerzos-para-lograr-meta-regional\/\">D\u00eda Mundial del Donante de Sangre: instituciones unen esfuerzos para lograr meta regional. Se refiere Roxana Orrego, directora de la Escuela de Tecnolog\u00eda M\u00e9dica\u00a0<\/a><br \/><br \/><\/div><div class=\"x_elementToProof\"><b>MAULE HOY<\/b>\u00a0<br \/><a href=\"https:\/\/www.litoralpress.cl\/paginaconsultas\/Servicios_NClipSitio\/Get_Imagen_Nota.aspx?LPKey=LBZ3TPX3S4MWPICW6LGQRBXZBR7NWNAB3IRVVW3RNWQP7SOZ3J6UHPIH3SC6XSGCIAVPC7RBPCBXU\">D\u00eda Mundial del Donante de Sangre: instituciones unen esfuerzos para lograr meta regional. Se refiere Roxana Orrego, directora de la Escuela de Tecnolog\u00eda M\u00e9dica\u00a0<\/a><br \/><br \/><\/div><div class=\"x_elementToProof\"><b>AD PRENSA<\/b>\u00a0<br \/><a href=\"https:\/\/www.adprensa.cl\/cronica\/dia-mundial-del-donante-de-sangre-instituciones-unen-esfuerzos-para-lograr-meta-regional\/\">D\u00eda Mundial del Donante de Sangre: instituciones unen esfuerzos para lograr meta regional. Se refiere Roxana Orrego, directora de la Escuela de Tecnolog\u00eda M\u00e9dica\u00a0<\/a><br \/><br \/><\/div><div class=\"x_elementToProof\"><b>EL CONTENIDO<\/b>\u00a0<br \/><a href=\"https:\/\/elcontenido.news\/2025\/nacional\/celebracion-del-dia-mundial-del-donante-de-sangre\/\">Celebraci\u00f3n del D\u00eda Mundial del Donante de Sangre. Se refiere Roxana Orrego, directora de la Escuela de Tecnolog\u00eda M\u00e9dica\u00a0<\/a><br \/><br \/><\/div><div class=\"x_elementToProof\"><b>LA NOTICIA<\/b>\u00a0<br \/><a href=\"https:\/\/lanoticia.cl\/academico-de-la-utalca-fue-elegido-miembro-de-numero-de-la-academia-chilena-de-la-historia\/\">Acad\u00e9mico de la utalca fue elegido miembro de n\u00famero de la Academia Chilena de la Historia. Se refiere Pedro Emilio Zamorano, director Instituto de Estudios Human\u00edsticos Abate Juan Ignacio Molina.\u00a0<\/a><br \/><br \/><\/div><div class=\"x_elementToProof\"><b>DIARIO EL CENTRO<\/b>\u00a0<br \/><a href=\"https:\/\/www.diarioelcentro.cl\/2025\/06\/15\/no-al-abuso-y-maltrato-a-las-personas-mayores-2\/\">NO al Abuso y Maltrato a las Personas Mayores. Se refiere Iv\u00e1n Palomo, director Centro de Longevidad Vitalis.\u00a0<\/a><br \/><br \/><\/div><div class=\"x_elementToProof\"><b>EL HERALDO<\/b>\u00a0<br \/><a href=\"https:\/\/www.litoralpress.cl\/sitio\/Prensa_Cortes.cshtml?LPKey=HQWZCAGIKASLUVP5BBFS3ZT5H743QHPAPC6JV2EZ7PGJKHRAD7EQ\">Apagones el\u00e9ctricos: \u00bfPor qu\u00e9 nuestro sistema es tan vulnerable frente a los temporales? Se refiere Fernando Torres Leal, acad\u00e9mico de la Facultad de Ingenier\u00eda.\u00a0<\/a><br \/><br \/><\/div><div class=\"x_elementToProof\"><b>EL LECTOR<\/b>\u00a0<br \/><a href=\"https:\/\/www.litoralpress.cl\/paginaconsultas\/Servicios_NClipSitio\/Get_Imagen_Nota.aspx?LPKey=WGYVEU53GOAVYIHQFNAXWIUVH27I322UCZD3KE3ES53RWSCE335DPTSVG7HIRJCUEWHSZTLZTQ2QQ\">Apagones el\u00e9ctricos: \u00bfPor qu\u00e9 nuestro sistema es tan vulnerable frente a los temporales\u00bb Se refiere Fernando Torres Leal, acad\u00e9mico de la Facultad de Ingenier\u00eda.\u00a0<\/a><br \/>\u00a0<br \/><b>MAULE HOY<\/b>\u00a0<br \/><a href=\"https:\/\/www.litoralpress.cl\/paginaconsultas\/Servicios_NClipSitio\/Get_Imagen_Nota.aspx?LPKey=FUHVBDPYDONIVJ53CTMQXFBEX6V4RJWKYP3IZGMDALKZUSDXTHJ2AT7J3QDFUKWQAQA6AHKLKOD4I\">Apagones el\u00e9ctricos: \u00bfPor qu\u00e9 nuestro sistema es tan vulnerable frente a los temporales? Se refiere Fernando Torres Leal, acad\u00e9mico de la Facultad de Ingenier\u00eda.\u00a0<\/a><br \/><br \/><\/div><div class=\"x_elementToProof\"><b>DIARIO EL HERALDO<\/b>\u00a0<br \/><a href=\"https:\/\/www.diarioelheraldo.cl\/noticia\/apagones-electricos-por-que-nuestro-sistema-es-tan-vulnerable-frente-a-los-temporales\">Apagones el\u00e9ctricos: \u00bfPor qu\u00e9 nuestro sistema es tan vulnerable frente a los temporales? Se refiere Fernando Torres Leal, acad\u00e9mico de la Facultad de Ingenier\u00eda.\u00a0<\/a><br \/><br \/><\/div><div class=\"x_elementToProof\"><b>PUBLIMICRO<\/b>\u00a0<br \/><a href=\"https:\/\/publimicro.cl\/apagones-electricos-academico-de-la-universidad-de-talca-explica-porque-nuestro-sistema-es-tan-vulnerable-frente-a-los-temporales\/\">Apagones el\u00e9ctricos: Acad\u00e9mico de la Universidad de Talca, explica porqu\u00e9 nuestro sistema es tan vulnerable frente a los temporales. Se refiere Fernando Torres Leal, acad\u00e9mico de la Facultad de Ingenier\u00eda.\u00a0<\/a><br \/><br \/><\/div><div class=\"x_elementToProof\"><b>RADIO CRISTALINA<\/b>\u00a0<br \/><a href=\"https:\/\/radiocristalina.cl\/apagones-electricos-por-que-nuestro-sistema-es-tan-vulnerable-frente-a-los-temporales\/\">Apagones el\u00e9ctricos: \u00bfPor qu\u00e9 nuestro sistema es tan vulnerable frente a los temporales? Se refiere Fernando Torres Leal, acad\u00e9mico de la Facultad de Ingenier\u00eda.\u00a0<\/a><br \/><br \/><\/div><div class=\"x_elementToProof\"><b>TIERRA AMARILLANO<\/b>\u00a0<br \/><a href=\"https:\/\/tierramarillano.cl\/2025\/06\/13\/apagones-electricos-por-que-nuestro-sistema-es-tan-vulnerable-frente-a-los-temporales\/\">Apagones el\u00e9ctricos: \u00bfPor qu\u00e9 nuestro sistema es tan vulnerable frente a los temporales? Se refiere Fernando Torres Leal, acad\u00e9mico de la Facultad de Ingenier\u00eda.\u00a0<\/a><br \/><br \/><\/div><div class=\"x_elementToProof\"><b>DIARIO EL CENTRO<\/b>\u00a0<br \/><a href=\"https:\/\/www.diarioelcentro.cl\/2025\/06\/13\/apagones-por-temporales-academico-explica-por-que-el-sistema-electrico-chileno-es-tan-vulnerable\/\">Apagones por temporales: acad\u00e9mico explica por qu\u00e9 el sistema el\u00e9ctrico chileno es tan vulnerable. Se refiere Fernando Torres Leal, acad\u00e9mico de la Facultad de Ingenier\u00eda.\u00a0<\/a><br \/><br \/><\/div><div class=\"x_elementToProof\"><b>EL D\u00cdNAMO<\/b>\u00a0<br \/><a href=\"https:\/\/www.eldinamo.cl\/buen-dato\/2025\/06\/13\/apagones-electricos-por-que-nuestra-infraestructura-es-tan-vulnerable-a-los-temporales\/\">Apagones el\u00e9ctricos: por qu\u00e9 nuestra infraestructura es tan vulnerable a los temporales. Se refiere Fernando Torres Leal, acad\u00e9mico de la Facultad de Ingenier\u00eda. \u00a0<\/a><br \/><br \/><\/div><div class=\"x_elementToProof\"><b>OSORNO EN LA RED<\/b>\u00a0<br \/><a href=\"http:\/\/osornoenlared.cl\/2025\/06\/14\/apagones-electricos-por-que-nuestro-sistema-es-tan-vulnerable-frente-a-los-temporales\/\">Apagones el\u00e9ctricos: \u00bfPor qu\u00e9 nuestro sistema es tan vulnerable frente a los temporales? Se refiere Fernando Torres Leal, acad\u00e9mico de la Facultad de Ingenier\u00eda. \u00a0<\/a><br \/><br \/><\/div><div class=\"x_elementToProof\"><b>RADIO LAUTARO<\/b>\u00a0<br \/><a href=\"https:\/\/radiolautarotalca.cl\/apagones-electricos-por-que-nuestro-sistema-es-tan-vulnerable-frente-a-los-temporales\/\">Apagones el\u00e9ctricos: \u00bfPor qu\u00e9 nuestro sistema es tan vulnerable frente a los temporales? Se refiere Fernando Torres Leal, acad\u00e9mico de la Facultad de Ingenier\u00eda.\u00a0<\/a><br \/><br \/><\/div><div class=\"x_elementToProof\"><b>CAUQUENES.NET<\/b>\u00a0<br \/><a href=\"https:\/\/cauquenesnet.cl\/2025\/06\/13\/apagones-electricos-por-que-nuestro-sistema-es-tan-vulnerable-frente-a-los-temporales\/\">Apagones el\u00e9ctricos: \u00bfPor qu\u00e9 nuestro sistema es tan vulnerable frente a los temporales? Se refiere Fernando Torres Leal, acad\u00e9mico de la Facultad de Ingenier\u00eda.\u00a0<\/a><br \/><br \/><\/div><div class=\"x_elementToProof\"><b>MEDIABANCO<\/b>\u00a0<br \/><a href=\"https:\/\/www.mediabanco.com\/academico-de-la-utalca-fue-elegido-miembro-de-numero-de-la-academia-chilena-de-la-historia\/\">Acad\u00e9mico de la UTalca fue elegido miembro de n\u00famero de la Academia Chilena de la Historia. Se refiere Pedro Emilio Zamorano, director del Instituto de Estudios Human\u00edsticos Juan Ignacio Molina.\u00a0<\/a><br \/><br \/><\/div><div class=\"x_elementToProof\"><b>AD PRENSA <\/b>\u00a0<br \/><a href=\"https:\/\/www.adprensa.cl\/cronica\/academico-de-la-utalca-fue-elegido-miembro-de-numero-de-la-academia-chilena-de-la-historia\/\">Acad\u00e9mico de la UTalca fue elegido miembro de n\u00famero de la Academia Chilena de la Historia. Se refiere Pedro Emilio Zamorano, director del Instituto de Estudios Human\u00edsticos Juan Ignacio Molina.\u00a0<\/a><br \/><br \/><\/div><div class=\"x_elementToProof\"><b>CHILL\u00c1N ONLINE<\/b>\u00a0<br \/><a href=\"https:\/\/www.chillanonline.cl\/V7\/2025\/06\/14\/academico-de-la-utalca-fue-elegido-miembro-de-numero-de-la-academia-chilena-de-la-historia\/\">Acad\u00e9mico de la UTalca fue elegido miembro de n\u00famero de la Academia Chilena de la Historia. Se refiere Pedro Emilio Zamorano, director del Instituto de Estudios Human\u00edsticos Juan Ignacio Molina.\u00a0<\/a><br \/><br \/><\/div><div class=\"x_elementToProof\"><b>CANAL 30 MULTICOM<\/b>\u00a0<br \/><a href=\"https:\/\/www.litoralpress.cl\/sitio\/RadioTV_Detalles.cshtml?LPKey=SRTZKTL7LUQ2PSXMRVN5JCLVOXSJK4Q5TFRUY6PNXWXMXQTKFBEVYVUFV55JGGD5HJN3RCBKX3SYY\">Entrevista a Patricio Gonz\u00e1lez Colville,\u202fagroclimat\u00f3logo y acad\u00e9mico del Centro de Investigaci\u00f3n y Transferencia en Riego y Agroclimatolog\u00eda (CITRA).\u00a0<\/a><br \/><br \/><\/div><div class=\"x_elementToProof\"><b>DIARIO TALCA<\/b>\u00a0<br \/><a href=\"https:\/\/www.litoralpress.cl\/paginaconsultas\/Servicios_NClipSitio\/Get_Imagen_Nota.aspx?LPKey=ORVNOJUICBCS5B22EWPC3YA666W6HOHOWHJBXN7C4EAVVIHEW373Z46MY62YXBN7NMTVTBBC7ZZPQ\">El fr\u00edo lleg\u00f3 retrasado al Maule. Patricio Gonz\u00e1lez Colville,\u202fagroclimat\u00f3logo y acad\u00e9mico del Centro de Investigaci\u00f3n y Transferencia en Riego y Agroclimatolog\u00eda (CITRA).\u00a0<\/a><br \/><br \/><\/div><div class=\"x_elementToProof\"><b>MEDIABANCO<\/b>\u00a0<br \/><a href=\"https:\/\/www.mediabanco.com\/encuentro-fortalecio-vinculos-entre-ciencia-y-comunidad-en-la-macrozona-centro-sur\/\">Encuentro fortaleci\u00f3 v\u00ednculos entre ciencia y comunidad en la Macrozona Centro Sur. Se refiere C\u00e9sar Retamal, jefe de la Unidad de Divulgaci\u00f3n.\u00a0<\/a><br \/><br \/><\/div><div class=\"x_elementToProof\"><b>AD PRENSA<\/b>\u00a0<br \/><a href=\"https:\/\/www.adprensa.cl\/cronica\/encuentro-fortalecio-vinculos-entre-ciencia-y-comunidad-en-la-macrozona-centro-sur\/\">Encuentro fortaleci\u00f3 v\u00ednculos entre ciencia y comunidad en la Macrozona Centro Sur. Se refiere C\u00e9sar Retamal, jefe de la Unidad de Divulgaci\u00f3n.\u00a0<\/a><br \/><br \/><\/div><div class=\"x_elementToProof\"><b>RADIO LAUTARO<\/b>\u00a0<br \/><a href=\"https:\/\/radiolautarotalca.cl\/delegado-aqueveque-en-su-ultima-cuenta-publica-hemos-abrazado-con-fuerza-el-desafio-de-construir-un-pais-mas-justo-desde-sus-territorios\/\">Delegado Aqueveque en su \u00faltima cuenta p\u00fablica: \u201cHemos abrazado con fuerza el desaf\u00edo de construir un pa\u00eds m\u00e1s justo desde sus territorios\u201dSe menciona la Universidad de Talca.\u00a0<\/a><br \/><br \/><\/div><div class=\"x_elementToProof\"><b>MAULE HOY<\/b>\u00a0<br \/><a href=\"https:\/\/www.litoralpress.cl\/paginaconsultas\/Servicios_NClipSitio\/Get_Imagen_Nota.aspx?LPKey=5P6JBWBNCAIPWXIBAFSWUYY6YX3YRXDPZVVA435OTGGZWK22AOJSSSM7ISXDT3CDOCMUN52WIKBDC\">Delegado Aqueveque en su \u00faltima cuenta p\u00fablica: \u00abHemos abrazado con fuerza el desaf\u00edo de construir un pa\u00eds m\u00e1s justo desde sus territorios\u00bb Se menciona la Universidad de Talca\u00a0<\/a><br \/><br \/><\/div><div class=\"x_elementToProof\"><b>MAULE HOY<\/b>\u00a0<br \/><a href=\"https:\/\/www.litoralpress.cl\/paginaconsultas\/Servicios_NClipSitio\/Get_Imagen_Nota.aspx?LPKey=YGVE3LK4ZBV44DNQE32MUXARQTBOCB2GWISTI7ILXJ6FNGH5P3RYTIQ4HEU4FIOF3OMH46GOOBAZU\">Joven villalegrina representa al Maule en Genius Olympiad 2025 tras ganar en Expociencias Nacional. Se menciona la Universidad de Talca \u00a0<\/a><br \/><br \/><\/div><div class=\"x_elementToProof\"><b>EL REPORTERO DE IQUIQUE<\/b>\u00a0<br \/><a href=\"https:\/\/elreporterodeiquique.com\/universidad-de-chile-junto-a-64-instituciones-se-unen-para-potenciar-la-ia-con-supercomputo\/\">Universidad de Chile junto a 64 instituciones se unen para potenciar la IA con superc\u00f3mputo. Se menciona la Universidad de Talca.\u00a0<\/a><br \/><br \/><\/div><div class=\"x_elementToProof\"><b>EMOL<\/b>\u00a0<br \/><a href=\"https:\/\/www.emol.com\/noticias\/Nacional\/2025\/06\/08\/1168694\/programacion-emoltv-semana-9-junio.html\">Streaming y entrevistas: La programaci\u00f3n de este viernes 13 de junio en EmolTV. Se menciona la Universidad de Talca.\u00a0<\/a><br \/><br \/><\/div><div class=\"x_elementToProof\"><b>UNIVERSIDAD DE MAGALLANES<\/b>\u00a0<br \/><a href=\"https:\/\/umag.cl\/2025\/06\/13\/seminario-de-postgrado-abordo-potencial-de-los-productos-naturales-en-biomedicina\/\">Seminario de postgrado abord\u00f3 potencial de los productos naturales en biomedicina. Se menciona la Universidad de Talca.\u00a0<\/a><br \/><br \/><\/div><div class=\"x_elementToProof\"><b>RADIO LAUTARO<\/b>\u00a0<br \/><a href=\"https:\/\/radiolautarotalca.cl\/autoridades-del-sector-salud-buscan-actualizar-conocimientos-y-promover-estilos-de-vida-saludables\/\">Autoridades del sector salud buscan actualizar conocimientos y promover estilos de vida saludables. Se menciona la Universidad de Talca.\u00a0<\/a><br \/><br \/><\/div><div class=\"x_elementToProof\"><b>UNIVERSIDAD DE CHILE<\/b>\u00a0<br \/><a href=\"https:\/\/derecho.uchile.cl\/noticias\/229224\/facultad-de-derecho-firmo-convenio-con-la-corte-penal-internacional\">Facultad de Derecho firm\u00f3 convenio con la Corte Penal Internacional. Se menciona la Universidad de Talca.\u00a0<\/a><br \/><br \/><\/div><div class=\"x_elementToProof\"><b>EN CANCHA<\/b>\u00a0<br \/><a href=\"https:\/\/www.encancha.cl\/enlahora\/servicios\/2025\/06\/13\/estas-son-las-mejores-10-ingenierias-para-estudiar-en-chile-empleabilidad-sobre-el-95-y-sueldos-que-superan-los-2000000\/\">Estas son las mejores 10 ingenier\u00edas para estudiar en Chile: Empleabilidad sobre el 95% y sueldos que superan los $2.000.000. Se menciona la Universidad de Talca.\u00a0<\/a><br \/><br \/><\/div><div class=\"x_elementToProof\"><b>PJUD<\/b>\u00a0<br \/><a href=\"https:\/\/www.pjud.cl\/prensa-y-comunicaciones\/noticias-del-poder-judicial\/127352\">Presidente de la Corte de Talca participa en cuenta p\u00fablica de delegado regional del Maule. Se menciona la Universidad de Talca.\u00a0<\/a><br \/><br \/><\/div><div class=\"x_elementToProof\"><b>PUERTO MONTT<\/b>\u00a0<br \/><a href=\"http:\/\/puertomontt.blogspot.com\/2025\/06\/u-de-chile-junto-64-instituciones-se.html\">U. de Chile junto a 64 instituciones se unen para potenciar la IA con superc\u00f3mputo. Se menciona la Universidad de Talca.\u00a0<\/a><br \/><br \/><\/div><div class=\"x_elementToProof\"><b>DIARIO TALCA<\/b>\u00a0<br \/><a href=\"https:\/\/www.litoralpress.cl\/sitio\/Prensa_Detalles.cshtml?LPKey=2J5VF5SJNVSBOXJDCZ7AU7VTUJK23JBWK7J6IICWA3ZYH6EKTNEQ\">Benito Rebolledo: \u00bfCuricano o tenino? Se menciona la Universida de Talca.\u00a0<\/a><br \/><br \/><\/div><div class=\"x_elementToProof\"><b>\u00a0EL LECTOR<\/b>\u00a0<br \/><a href=\"https:\/\/www.litoralpress.cl\/paginaconsultas\/Servicios_NClipSitio\/Get_Imagen_Nota.aspx?LPKey=UNY65L7AIDTFX7FLWADYJKOKJBDT6PEDTFPAGTGIY6CV5UDPG4EYY7CYJ26A222OTFIBRQKDSXJYS\">Autoridad Sanitaria y APS potencian promoci\u00f3n de la salud. Se menciona la Universidad de Talca.\u00a0<\/a><br \/><br \/><\/div><div class=\"x_elementToProof\"><b>LA PRENSA DE CURIC\u00d3<\/b>\u00a0<br \/><a href=\"https:\/\/www.litoralpress.cl\/paginaconsultas\/Servicios_NClipSitio\/Get_Imagen_Nota.aspx?LPKey=C5OFDPXOPGGJX5NAZRVYQSYU2QGT4DCSYNONTYLINVT7OLND43LVK44DLWLBWYQ6YOYC2OP6P7X6G\">Sucede. Se menciona la Universidad de Talca.\u00a0<\/a><br \/><br \/><\/div><div class=\"x_elementToProof\"><b>LA PRENSA DE CURIC\u00d3<\/b>\u00a0<br \/><a href=\"https:\/\/www.litoralpress.cl\/paginaconsultas\/Servicios_NClipSitio\/Get_Imagen_Nota.aspx?LPKey=XBEK63Y3DMIBY6RHM4F33RROCEEOSBT7C7GKQDJSK7DTTIVO7IT2OS2JLOQDT7OLJYYE6XNLWQALW\">M\u00e1s de 2 mil estudiantes en la \u201cExpomarista 2025\u201d. Se menciona la Universidad de Talca.\u00a0<\/a><br \/><br \/><\/div><div class=\"x_elementToProof\"><b>MAULE HOY<\/b>\u00a0<br \/><a href=\"https:\/\/www.litoralpress.cl\/paginaconsultas\/Servicios_NClipSitio\/Get_Imagen_Nota.aspx?LPKey=3DNFTIFSGEJ7UB6OHIRPSJC2PXUICIJVGTFGJU54OMQG35GF6E56YA54VHD3WSWFCFKNTF5LBTHCK\">Autoridad Sanitaria y APS potencian promoci\u00f3n de la Salud. Se menciona la Universidad de Talca.\u00a0<\/a><br \/><br \/><\/div><div class=\"x_elementToProof\"><b>EMOL<\/b>\u00a0<br \/><a href=\"https:\/\/www.emol.com\/noticias\/Nacional\/2025\/06\/08\/1168694\/programacion-emoltv-semana-9-junio.html\">Streaming y entrevistas: La programaci\u00f3n de este fin de semana en EmolTV. Se menciona la Universidad de Talca.\u00a0<\/a><br \/><br \/><\/div><div class=\"x_elementToProof\"><b>EL INFORMADOR DIGITAL<\/b>\u00a0<br \/><a href=\"https:\/\/elinformadordigital.cl\/salud\/victor-mora-ceballos-director-del-hospital-familiar-y-comunitario-de-carahue\/\">V\u00edctor Mora Ceballos: director del Hospital Familiar y Comunitario de Carahue. Se menciona la Universidad de Talca.\u00a0<\/a><br \/><br \/><\/div><div class=\"x_elementToProof\"><b>DIARIO TALCA<\/b>\u00a0<br \/><a href=\"https:\/\/diariotalca.cl\/delegado-presidencial-regional-del-maule-rindio-su-ultima-cuenta-publica-de-gestion\/\">Delegado Presidencial Regional del Maule rindi\u00f3 su \u00faltima cuenta p\u00fablica de gesti\u00f3n. Se menciona la Universidad de Talca.\u00a0<\/a><br \/><br \/><\/div><div class=\"x_elementToProof\"><b>EL MAULE INFORMA<\/b>\u00a0<br \/><a href=\"https:\/\/elmauleinforma.cl\/autoridad-sanitaria-y-aps-potencian-promocion-de-la-salud\/\">Autoridad Sanitaria y APS potencian promoci\u00f3n de la salud. Se menciona la Universidad de Talca.\u00a0<\/a><br \/><br \/><\/div><div class=\"x_elementToProof\"><b>SOMOS MAULE<\/b>\u00a0<br \/><a href=\"http:\/\/somosmaule.cl\/publico\/ficha\/ficha.aspx?i=91282\">Autoridad Sanitaria y APS potencian promoci\u00f3n de la salud. Se menciona la Universidad de Talca.\u00a0<\/a><br \/><br \/><\/div><div class=\"x_elementToProof\"><b>DIARIO TALCA<\/b>\u00a0<br \/><a href=\"https:\/\/www.litoralpress.cl\/sitio\/Prensa_Detalles.cshtml?LPKey=4CG27OHWQIB5JS2LKQ2PW66V7QSO7OEG2A5BXOFFIRW2XTI3XCRA\">Alejandra Soto su pasi\u00f3n est\u00e1 en ser un aporte para salvar vidas. Se menciona la Universidad de Talca.\u00a0<\/a><br \/><br \/><\/div><div class=\"x_elementToProof\"><b>MAULE HOY<\/b>\u00a0<br \/><a href=\"https:\/\/www.litoralpress.cl\/sitio\/Prensa_PaginaCompleta.cshtml?LPKey=6ZB4NTF7H5E3C4LLSS7XNJCD6JVRLT4CSYQVZCEU7EUUAGFEKCAQ\">Columna de opini\u00f3n: El cuidado invisible que sostiene la infancia. Se menciona la Universidad de Talca.\u00a0<\/a><br \/><br \/><\/div><div class=\"x_elementToProof\"><b>DIARIO TALCA<\/b>\u00a0<br \/><a href=\"https:\/\/www.litoralpress.cl\/sitio\/Prensa_PaginaCompleta.cshtml?LPKey=GDI4IHIZOUEPJHDGBSU4QJJAWCFTQ6D5N5GTWTNDCVWF5BAWT24A\">\u00abHemos presenciado una verdadera masacre de los \u00e1rboles urbanos\u00bb. Se menciona la Universidad de Talca.\u00a0<\/a><br \/><br \/><\/div>\t\t\t\t\t\t<\/div>\n\t\t\t\t<\/div>\n\t\t\t\t\t<\/div>\n\t\t<\/div>\n\t\t\t\t\t\t\t<\/div>\n\t\t<\/section>\n\t\t\t\t\t\t<\/div>\n\t\t\t\t\t<\/div>\n\t\t","protected":false},"excerpt":{"rendered":"<p>EL MERCURIO\u00a0Las personas que se grad\u00faan de un doctorado alcanzan su cifra m\u00e1s alta en Chile. Se refiere Sergio Wehinger, director de Postgrado. \u00a0 COOPERATIVA CIENCIA\u00a0FOMO: Las claves para no caer en la tendencia ansiosa de las redes sociales. Se refiere Carla Mendoza, coordinadora cl\u00ednica del Centro de Psicolog\u00eda Aplicada.\u00a0 EL MOSTRADOR\u00a0FOMO y JOMO: \u00bfQu\u00e9 &hellip;<\/p>\n<p class=\"read-more\"> <a class=\"\" href=\"https:\/\/www.reportedeprensa.utalca.cl\/?p=12060\"> <span class=\"screen-reader-text\">16 de junio 2025<\/span> Read More &raquo;<\/a><\/p>\n","protected":false},"author":1,"featured_media":0,"comment_status":"closed","ping_status":"open","sticky":false,"template":"","format":"standard","meta":{"_monsterinsights_skip_tracking":false,"_monsterinsights_sitenote_active":false,"_monsterinsights_sitenote_note":"","_monsterinsights_sitenote_category":0},"categories":[60],"tags":[],"_links":{"self":[{"href":"https:\/\/www.reportedeprensa.utalca.cl\/index.php?rest_route=\/wp\/v2\/posts\/12060"}],"collection":[{"href":"https:\/\/www.reportedeprensa.utalca.cl\/index.php?rest_route=\/wp\/v2\/posts"}],"about":[{"href":"https:\/\/www.reportedeprensa.utalca.cl\/index.php?rest_route=\/wp\/v2\/types\/post"}],"author":[{"embeddable":true,"href":"https:\/\/www.reportedeprensa.utalca.cl\/index.php?rest_route=\/wp\/v2\/users\/1"}],"replies":[{"embeddable":true,"href":"https:\/\/www.reportedeprensa.utalca.cl\/index.php?rest_route=%2Fwp%2Fv2%2Fcomments&post=12060"}],"version-history":[{"count":4,"href":"https:\/\/www.reportedeprensa.utalca.cl\/index.php?rest_route=\/wp\/v2\/posts\/12060\/revisions"}],"predecessor-version":[{"id":12064,"href":"https:\/\/www.reportedeprensa.utalca.cl\/index.php?rest_route=\/wp\/v2\/posts\/12060\/revisions\/12064"}],"wp:attachment":[{"href":"https:\/\/www.reportedeprensa.utalca.cl\/index.php?rest_route=%2Fwp%2Fv2%2Fmedia&parent=12060"}],"wp:term":[{"taxonomy":"category","embeddable":true,"href":"https:\/\/www.reportedeprensa.utalca.cl\/index.php?rest_route=%2Fwp%2Fv2%2Fcategories&post=12060"},{"taxonomy":"post_tag","embeddable":true,"href":"https:\/\/www.reportedeprensa.utalca.cl\/index.php?rest_route=%2Fwp%2Fv2%2Ftags&post=12060"}],"curies":[{"name":"wp","href":"https:\/\/api.w.org\/{rel}","templated":true}]}}