{"id":1209,"date":"2021-06-11T09:34:58","date_gmt":"2021-06-11T12:34:58","guid":{"rendered":"https:\/\/www.reportedeprensa.utalca.cl\/?p=1209"},"modified":"2021-06-11T09:44:57","modified_gmt":"2021-06-11T12:44:57","slug":"11-de-junio-de-2021","status":"publish","type":"post","link":"https:\/\/www.reportedeprensa.utalca.cl\/?p=1209","title":{"rendered":"11 de junio de 2021"},"content":{"rendered":"\t\t<div data-elementor-type=\"wp-post\" data-elementor-id=\"1209\" class=\"elementor elementor-1209\" data-elementor-settings=\"[]\">\n\t\t\t\t\t\t\t<div class=\"elementor-section-wrap\">\n\t\t\t\t\t\t\t<section class=\"elementor-section elementor-top-section elementor-element elementor-element-a06ca45 elementor-section-boxed elementor-section-height-default elementor-section-height-default\" data-id=\"a06ca45\" data-element_type=\"section\">\n\t\t\t\t\t\t<div class=\"elementor-container elementor-column-gap-default\">\n\t\t\t\t\t<div class=\"elementor-column elementor-col-100 elementor-top-column elementor-element elementor-element-1486c35\" data-id=\"1486c35\" data-element_type=\"column\">\n\t\t\t<div class=\"elementor-widget-wrap elementor-element-populated\">\n\t\t\t\t\t\t\t\t<div class=\"elementor-element elementor-element-42b145e elementor-widget elementor-widget-text-editor\" data-id=\"42b145e\" data-element_type=\"widget\" data-widget_type=\"text-editor.default\">\n\t\t\t\t<div class=\"elementor-widget-container\">\n\t\t\t\t\t\t\t\t<p><b>CANAL 24 HORAS<\/b><\/p><p><a style=\"font-style: inherit; font-weight: inherit; background-color: #ffffff; font-family: -apple-system, BlinkMacSystemFont,;\" href=\"https:\/\/www.litoralpress.cl\/sitio\/RadioTV_Detalles.cshtml?LPKey=5VQONSIKFS4OTNBQUODZ3FULPEEFE2XDDZWSKHMZHTH2FMBGV6NA\" target=\"_blank\" rel=\"noopener\">Entrevista a Medardo Aguirre, director del Centro Nacional de Estudios Migratorio (CENEM) de la Universidad de Talca.<\/a><\/p><p>\u00a0<\/p><p><b>24HORAS.CL<\/b><\/p><p><a style=\"font-style: inherit; font-weight: inherit; background-color: #ffffff; font-family: -apple-system, BlinkMacSystemFont,;\" href=\"https:\/\/www.24horas.cl\/internacional\/estudio-u-de-talca-migrantes-4819098\" target=\"_blank\" rel=\"noopener\">Estudio de la U. de Talca arroj\u00f3 que el 52,3% cree que la crisis migratoria afecta a la seguridad ciudadana y sanitaria.<\/a><\/p><p>\u00a0<\/p><p><b>ELDINAMO.CL<\/b><\/p><p><a style=\"font-style: inherit; font-weight: inherit; background-color: #ffffff; font-family: -apple-system, BlinkMacSystemFont,;\" href=\"https:\/\/www.eldinamo.cl\/pais\/2021\/06\/10\/mas-de-la-mitad-de-los-chilenos-cree-que-crisis-migratoria-afecta-la-seguridad-ciudadana-y-sanitaria\/\" target=\"_blank\" rel=\"noopener\">M\u00e1s de la mitad de los chilenos cree que crisis migratoria afecta la seguridad ciudadana y sanitaria. Se refiere Medardo Aguirre, director del Centro Nacional de Estudios Migratorio de la Universidad de Talca.<\/a><\/p><p>\u00a0<\/p><p><b>DIARIOTALCA.CL<\/b><\/p><p><a style=\"font-style: inherit; font-weight: inherit; background-color: #ffffff; font-family: -apple-system, BlinkMacSystemFont,;\" href=\"https:\/\/www.diariotalca.cl\/estudio-afirma-que-mas-del-50-de-los-chilenos-creen-que-crisis-migratoria-afecta-la-seguridad-ciudadana-y-crisis-sanitaria\/\" target=\"_blank\" rel=\"noopener\">Estudio afirma que m\u00e1s del 50% de los chilenos creen que crisis migratoria afecta la seguridad ciudadana y crisis sanitaria. Se refiere Medardo Aguirre, director del Centro Nacional de Estudios Migratorio (CENEM) de la UTalca.<\/a><\/p><p>\u00a0<\/p><p><b>EL HERALDO<\/b><\/p><p><a style=\"font-style: inherit; font-weight: inherit; background-color: #ffffff; font-family: -apple-system, BlinkMacSystemFont,;\" href=\"https:\/\/www.litoralpress.cl\/paginaconsultas\/Servicios_NClip\/Get_Imagen_Nota.aspx?LPKey=OHG5MNAH36OJ4QNF3VZ2SRPZIA6K3TBGGUFFX5Y4EDVDUWUP7GDYVODNCW6BHETE55DGZDES2G6XA\" target=\"_blank\" rel=\"noopener\">Estudio UTalca: 52,7% de encuestados cree que crisis migratoria afecta la seguridad ciudadana y sanitaria del pa\u00eds.<\/a><\/p><p>\u00a0<\/p><p><b>INSULARFM.CL<\/b><\/p><p><a style=\"font-style: inherit; font-weight: inherit; background-color: #ffffff; font-family: -apple-system, BlinkMacSystemFont,;\" href=\"https:\/\/insularfm.cl\/mas-de-la-mitad-de-los-chilenos-cree-que-crisis-migratoria-afecta-la-seguridad\/\" target=\"_blank\" rel=\"noopener\">M\u00e1s de la mitad de los chilenos cree que crisis migratoria afecta la seguridad. Se refiere Medardo Aguirre, director del Centro Nacional de Estudios Migratorio (CENEM) de la UTalca.<\/a><\/p><p>\u00a0<\/p><p><b>EL HERALDO<\/b><\/p><p><a style=\"font-style: inherit; font-weight: inherit; background-color: #ffffff; font-family: -apple-system, BlinkMacSystemFont,;\" href=\"https:\/\/www.litoralpress.cl\/paginaconsultas\/Servicios_NClip\/Get_Imagen_Nota.aspx?LPKey=H7TNIQQUCQ6O3SLNRUYXSILMOZ752HGENUCHXTPZEIZDM26LT5IBERTK3MNQYMX2GCM3JTCTTWZN2\" target=\"_blank\" rel=\"noopener\">Elecci\u00f3n de gobernadores: la segunda vuelta y las expectativas que existen sobre este nuevo cargo. Se refieren Domingo Hern\u00e1ndez, Gonzalo Aguilar y Mauricio Morales, acad\u00e9micos de la Facultad de Ciencias Jur\u00eddicas y Sociales de la UTalca.<\/a><\/p><p>\u00a0<\/p><p><b>EL RANCAGUINO<\/b><\/p><p><a style=\"font-style: inherit; font-weight: inherit; background-color: #ffffff; font-family: -apple-system, BlinkMacSystemFont,;\" href=\"https:\/\/www.litoralpress.cl\/paginaconsultas\/Servicios_NClip\/Get_Imagen_Nota.aspx?LPKey=EPSD4XMNK73HYJIU6QHBI3EAZGKCKECXVJ3XCWITEGNE7C6BFS7KSILYFAKWMLS52XLZZWADUHXRC\" target=\"_blank\" rel=\"noopener\">Para entender el cargo de gobernador regional. Se refieren Domingo Hern\u00e1ndez, Gonzalo Aguilar y Mauricio Morales, acad\u00e9micos de la Facultad de Ciencias Jur\u00eddicas y Sociales de la UTalca.<\/a><\/p><p>\u00a0<\/p><p><b>ELRANCAGUINO.CL<\/b><\/p><p><a style=\"font-style: inherit; font-weight: inherit; background-color: #ffffff; font-family: -apple-system, BlinkMacSystemFont,;\" href=\"https:\/\/www.elrancaguino.cl\/2021\/06\/10\/para-entender-el-cargo-de-gobernadores-regionales\/\" target=\"_blank\" rel=\"noopener\">Para entender el cargo de gobernador regional. Se refieren Domingo Hern\u00e1ndez, Gonzalo Aguilar y Mauricio Morales, acad\u00e9micos de la Facultad de Ciencias Jur\u00eddicas y Sociales de la UTalca.<\/a><\/p><p>\u00a0<\/p><p><b>ADPRENSA.CL<\/b><\/p><p><a style=\"font-style: inherit; font-weight: inherit; background-color: #ffffff; font-family: -apple-system, BlinkMacSystemFont,;\" href=\"https:\/\/www.adprensa.cl\/cronica\/proteccion-a-personas-mayores-expertos-debaten-sobre-sus-principales-desafios\/\" target=\"_blank\" rel=\"noopener\">Protecci\u00f3n a personas mayores: Expertos debaten sobre sus principales desaf\u00edos. Se refiere Rodrigo Palomo, decano de la Facultad de Ciencias Jur\u00eddicas y Sociales; Patricia Rodr\u00edguez, directora del Campus Santiago; Domingo Hern\u00e1ndez, acad\u00e9mico de la Facultad de Ciencias Jur\u00eddicas y Sociales de la UTalca.<\/a><\/p><p>\u00a0<\/p><p><b>REDMAULE.COM<\/b><\/p><p><a style=\"font-style: inherit; font-weight: inherit; background-color: #ffffff; font-family: -apple-system, BlinkMacSystemFont,;\" href=\"https:\/\/www.redmaule.com\/nacional\/los-principales-desafios-para-la-proteccion-de-las-personas-mayores-en\" target=\"_blank\" rel=\"noopener\">Los principales desaf\u00edos para la protecci\u00f3n de las personas mayores en el pa\u00eds. Se refiere Rodrigo Palomo, decano de la Facultad de Ciencias Jur\u00eddicas y Sociales; Patricia Rodr\u00edguez, directora del Campus Santiago; Domingo Hern\u00e1ndez, acad\u00e9mico de la Facultad de Ciencias Jur\u00eddicas y Sociales de la UTalca.<\/a><\/p><p>\u00a0<\/p><p><b>ADPRENSA.CL<\/b><\/p><p><a style=\"font-style: inherit; font-weight: inherit; background-color: #ffffff; font-family: -apple-system, BlinkMacSystemFont,;\" href=\"https:\/\/www.adprensa.cl\/cronica\/cancer-de-prostata-la-deteccion-temprana-es-clave\/\" target=\"_blank\" rel=\"noopener\">C\u00e1ncer de pr\u00f3stata: la detecci\u00f3n temprana es clave. Se refiere Sergio Wehinger, director del Mag\u00edster en Ciencias Biom\u00e9dicas de la UTalca.<\/a><\/p><p>\u00a0<\/p><p><b>CANAL 30<\/b><\/p><p><a style=\"font-style: inherit; font-weight: inherit; background-color: #ffffff; font-family: -apple-system, BlinkMacSystemFont,;\" href=\"https:\/\/www.litoralpress.cl\/sitio\/RadioTV_Detalles.cshtml?LPKey=XSIXWFSYP3ES7FXSUZTIJUHPDRWNMJ57AOIRUTFQP4TZ5E2SLMZA\" target=\"_blank\" rel=\"noopener\">\u00bfC\u00f3mo funcionar\u00e1 la Convenci\u00f3n Constitucional? Se refiere Mar\u00eda Ignacia Sandoval, acad\u00e9mica del Centro de Estudios Constitucionales de Chile (CECOCH) de la UTalca.<\/a><\/p><p>\u00a0<\/p><p><b>FUNDACI\u00d3N HUILO HUILO<\/b><\/p><p><a style=\"font-style: inherit; font-weight: inherit; background-color: #ffffff; font-family: -apple-system, BlinkMacSystemFont,;\" href=\"https:\/\/www.litoralpress.cl\/sitio\/RadioTV_Detalles.cshtml?LPKey=5X5KVTOMM77TVS2UTDDM44C25XP7RHAED3U6AIARUNDFFQROADMQ\" target=\"_blank\" rel=\"noopener\">Entrevista a Carla Mendoza, coordinadora cl\u00ednica del Centro de Psicolog\u00eda Aplicada (CEPA) de la UTalca.<\/a><\/p><p>\u00a0<\/p><p><b>NOTICIAS.UCN.CL<\/b><\/p><p><a style=\"font-style: inherit; font-weight: inherit; background-color: #ffffff; font-family: -apple-system, BlinkMacSystemFont,;\" href=\"http:\/\/www.noticias.ucn.cl\/destacado\/academico-expuso-sobre-cambios-a-ley-no21-314-al-regimen-de-sociedades-anonimas\/\" target=\"_blank\" rel=\"noopener\">Acad\u00e9mico expuso sobre cambios a Ley N\u00ba21.314 al r\u00e9gimen de sociedades an\u00f3nimas. Se menciona actividad organizada por la Facultad de Ciencias Jur\u00eddicas y Sociales de la Universidad de Talca.<\/a><\/p><p>\u00a0<\/p><p><b>ELMERCURIO.COM<\/b><\/p><p><a style=\"font-style: inherit; font-weight: inherit; background-color: #ffffff; font-family: -apple-system, BlinkMacSystemFont,;\" href=\"https:\/\/www.litoralpress.cl\/paginaconsultas\/Documentos\/Get_Imagen.aspx?lpkey=3M3SCTYOTYTSAQF2KUZZMPKY5JORGOCRG3PFC7ZORCN43P6NM2RYF3ZATJ6LAM2HETYMIMXBORFZ4\" target=\"_blank\" rel=\"noopener\">Lo que se juega el mercado con la elecci\u00f3n de este domingo en la RM. Se refiere Mauricio Morales, director del Centro de An\u00e1lisis Pol\u00edtico (CAP) de la UTalca.<\/a><\/p><p>\u00a0<\/p><p><b>RADIO ADN<\/b><\/p><p><a style=\"font-style: inherit; font-weight: inherit; background-color: #ffffff; font-family: -apple-system, BlinkMacSystemFont,;\" href=\"https:\/\/www.litoralpress.cl\/sitio\/RadioTV_Detalles.cshtml?LPKey=FSF3EUWWAZ57NMJHC27LDYGB2MXKPI4BNMDQS4TCAH2B5WM3ZYLQ\" target=\"_blank\" rel=\"noopener\">Candidatos a gobernadores regionales cierran hoy sus campa\u00f1as. Se refiere Mauricio Morales, director del Centro de An\u00e1lisis Pol\u00edtico (CAP) de la UTalca.<\/a><\/p><p>\u00a0<\/p><p><b>RADIO UNIVERSO<\/b><\/p><p><a style=\"font-style: inherit; font-weight: inherit; background-color: #ffffff; font-family: -apple-system, BlinkMacSystemFont,;\" href=\"https:\/\/www.litoralpress.cl\/sitio\/RadioTV_Detalles.cshtml?LPKey=QPBTGIMJJR43VFEL7EONPAHAKXFYPWT6E7OUUKPPILYD4JCJMR6Q\" target=\"_blank\" rel=\"noopener\">Entrevista a Mauricio Morales, director del Centro de An\u00e1lisis Pol\u00edtico (CAP) de la UTalca.<\/a><\/p><p>\u00a0<\/p><p><b>REDMAULE.COM<\/b><\/p><p><a style=\"font-style: inherit; font-weight: inherit; background-color: #ffffff; font-family: -apple-system, BlinkMacSystemFont,;\" href=\"https:\/\/www.litoralpress.cl\/sitio\/RadioTV_Detalles.cshtml?LPKey=TLQB7L7TA3IM2IE2DJCAYJ6FZLQJESTHADI672YPWAAXKOLMLBMA\" target=\"_blank\" rel=\"noopener\">Entrevista a Mario Herrera, acad\u00e9mico del Centro de An\u00e1lisis Pol\u00edtico (CAP) de la Universidad de Talca.<\/a><\/p><p>\u00a0<\/p><p><b>CANAL 30<\/b><\/p><p><a style=\"font-style: inherit; font-weight: inherit; background-color: #ffffff; font-family: -apple-system, BlinkMacSystemFont,;\" href=\"https:\/\/www.litoralpress.cl\/sitio\/RadioTV_Detalles.cshtml?LPKey=OOUPQE2OQE43FDVBGZGK6RZS4KYV3YOGM63PBTWSTEGEVHF5S4BQ\" target=\"_blank\" rel=\"noopener\">Lo que dej\u00f3 la Cuenta P\u00fablica 2021. Se refiere Mario Herrera, acad\u00e9mico del Centro de An\u00e1lisis Pol\u00edtico (CAP) de la UTalca.<\/a><\/p><p>\u00a0<\/p><p><b>TIROALBLANCO.CL<\/b><\/p><p><a style=\"font-style: inherit; font-weight: inherit; background-color: #ffffff; font-family: -apple-system, BlinkMacSystemFont,;\" href=\"http:\/\/www.tiroalblanco.cl\/index.php?not=84456&amp;do=muestra\" target=\"_blank\" rel=\"noopener\">\u00a1Elecci\u00f3n gobernadores podr\u00eda ser catastr\u00f3fico! Columna de Francisco Huenchumilla. Se menciona opini\u00f3n de Mauricio Morales, director del Centro de An\u00e1lisis Pol\u00edtico (CAP) de la Universidad de Talca.<\/a><\/p><p>\u00a0<\/p><p><b>CANAL TVN RED MAULE<\/b><\/p><p><a style=\"font-style: inherit; font-weight: inherit; background-color: #ffffff; font-family: -apple-system, BlinkMacSystemFont,;\" href=\"https:\/\/www.litoralpress.cl\/sitio\/RadioTV_Detalles.cshtml?LPKey=CD7HIXITVVBQMG3DEQB6NOQJRMPJSDHCUTLP3CUAYEK7KHWAH64Q\" target=\"_blank\" rel=\"noopener\">U de Talca ser\u00e1 sede virtual del festival de cine Europeo.<\/a><\/p><p>\u00a0<\/p><p><b>CANAL TVN RED MAULE<\/b><\/p><p><a style=\"font-style: inherit; font-weight: inherit; background-color: #ffffff; font-family: -apple-system, BlinkMacSystemFont,;\" href=\"https:\/\/www.litoralpress.cl\/sitio\/RadioTV_Detalles.cshtml?LPKey=PGTAUCMXKU4LDPCU22KAD6UBSO6BXRGCF2LX22FOII5DZY6HKJLQ\" target=\"_blank\" rel=\"noopener\">Festival internacional del Libro. Se menciona Editorial Universidad de Talca.<\/a><\/p><p>\u00a0<\/p><p><b>LA PRENSA AUSTRAL<\/b><\/p><p><a style=\"font-style: inherit; font-weight: inherit; background-color: #ffffff; font-family: -apple-system, BlinkMacSystemFont,;\" href=\"https:\/\/www.litoralpress.cl\/paginaconsultas\/Servicios_NClip\/Get_Imagen_Nota.aspx?LPKey=KGT3JRTX7YVY4XFY5KXM5ZRHGULSTSSZN6TJVXLLH6PAWMZAIP5CWT6EWTK5RJSHDE5YY73UOC7EA\" target=\"_blank\" rel=\"noopener\">Universidades organizan feria virtual del libro \u201cLibrook\u201d. Se menciona Editorial Universidad de Talca.<\/a><\/p>\t\t\t\t\t\t<\/div>\n\t\t\t\t<\/div>\n\t\t\t\t\t<\/div>\n\t\t<\/div>\n\t\t\t\t\t\t\t<\/div>\n\t\t<\/section>\n\t\t\t\t\t\t<\/div>\n\t\t\t\t\t<\/div>\n\t\t","protected":false},"excerpt":{"rendered":"<p>CANAL 24 HORAS Entrevista a Medardo Aguirre, director del Centro Nacional de Estudios Migratorio (CENEM) de la Universidad de Talca. \u00a0 24HORAS.CL Estudio de la U. de Talca arroj\u00f3 que el 52,3% cree que la crisis migratoria afecta a la seguridad ciudadana y sanitaria. \u00a0 ELDINAMO.CL M\u00e1s de la mitad de los chilenos cree que &hellip;<\/p>\n<p class=\"read-more\"> <a class=\"\" href=\"https:\/\/www.reportedeprensa.utalca.cl\/?p=1209\"> <span class=\"screen-reader-text\">11 de junio de 2021<\/span> Read More &raquo;<\/a><\/p>\n","protected":false},"author":1,"featured_media":0,"comment_status":"closed","ping_status":"open","sticky":false,"template":"elementor_theme","format":"standard","meta":{"_monsterinsights_skip_tracking":false,"_monsterinsights_sitenote_active":false,"_monsterinsights_sitenote_note":"","_monsterinsights_sitenote_category":0},"categories":[9],"tags":[],"_links":{"self":[{"href":"https:\/\/www.reportedeprensa.utalca.cl\/index.php?rest_route=\/wp\/v2\/posts\/1209"}],"collection":[{"href":"https:\/\/www.reportedeprensa.utalca.cl\/index.php?rest_route=\/wp\/v2\/posts"}],"about":[{"href":"https:\/\/www.reportedeprensa.utalca.cl\/index.php?rest_route=\/wp\/v2\/types\/post"}],"author":[{"embeddable":true,"href":"https:\/\/www.reportedeprensa.utalca.cl\/index.php?rest_route=\/wp\/v2\/users\/1"}],"replies":[{"embeddable":true,"href":"https:\/\/www.reportedeprensa.utalca.cl\/index.php?rest_route=%2Fwp%2Fv2%2Fcomments&post=1209"}],"version-history":[{"count":4,"href":"https:\/\/www.reportedeprensa.utalca.cl\/index.php?rest_route=\/wp\/v2\/posts\/1209\/revisions"}],"predecessor-version":[{"id":1213,"href":"https:\/\/www.reportedeprensa.utalca.cl\/index.php?rest_route=\/wp\/v2\/posts\/1209\/revisions\/1213"}],"wp:attachment":[{"href":"https:\/\/www.reportedeprensa.utalca.cl\/index.php?rest_route=%2Fwp%2Fv2%2Fmedia&parent=1209"}],"wp:term":[{"taxonomy":"category","embeddable":true,"href":"https:\/\/www.reportedeprensa.utalca.cl\/index.php?rest_route=%2Fwp%2Fv2%2Fcategories&post=1209"},{"taxonomy":"post_tag","embeddable":true,"href":"https:\/\/www.reportedeprensa.utalca.cl\/index.php?rest_route=%2Fwp%2Fv2%2Ftags&post=1209"}],"curies":[{"name":"wp","href":"https:\/\/api.w.org\/{rel}","templated":true}]}}