{"id":1220,"date":"2021-06-14T09:43:01","date_gmt":"2021-06-14T12:43:01","guid":{"rendered":"https:\/\/www.reportedeprensa.utalca.cl\/?p=1220"},"modified":"2021-06-14T10:12:52","modified_gmt":"2021-06-14T13:12:52","slug":"14-de-junio-de-2021","status":"publish","type":"post","link":"https:\/\/www.reportedeprensa.utalca.cl\/?p=1220","title":{"rendered":"14 de junio de 2021"},"content":{"rendered":"\t\t<div data-elementor-type=\"wp-post\" data-elementor-id=\"1220\" class=\"elementor elementor-1220\" data-elementor-settings=\"[]\">\n\t\t\t\t\t\t\t<div class=\"elementor-section-wrap\">\n\t\t\t\t\t\t\t<section class=\"elementor-section elementor-top-section elementor-element elementor-element-a06ca45 elementor-section-boxed elementor-section-height-default elementor-section-height-default\" data-id=\"a06ca45\" data-element_type=\"section\">\n\t\t\t\t\t\t<div class=\"elementor-container elementor-column-gap-default\">\n\t\t\t\t\t<div class=\"elementor-column elementor-col-100 elementor-top-column elementor-element elementor-element-1486c35\" data-id=\"1486c35\" data-element_type=\"column\">\n\t\t\t<div class=\"elementor-widget-wrap elementor-element-populated\">\n\t\t\t\t\t\t\t\t<div class=\"elementor-element elementor-element-42b145e elementor-widget elementor-widget-text-editor\" data-id=\"42b145e\" data-element_type=\"widget\" data-widget_type=\"text-editor.default\">\n\t\t\t\t<div class=\"elementor-widget-container\">\n\t\t\t\t\t\t\t\t<p><b>ADPRENSA.CL<\/b><\/p><p><a style=\"font-style: inherit; font-weight: inherit; background-color: #ffffff; font-family: -apple-system, BlinkMacSystemFont,;\" href=\"https:\/\/www.adprensa.cl\/cronica\/especialista-utalca-son-mayores-los-beneficios-de-las-vacunas-que-los-casos-poco-frecuentes-de-trombosis\/\" target=\"_blank\" rel=\"noopener\">Especialista UTalca: Son mayores los beneficios de las vacunas que los casos poco frecuentes de trombosis.<\/a><\/p><p>\u00a0<\/p><p><b>DIARIOTALCA.CL<\/b><\/p><p><a style=\"font-style: inherit; font-weight: inherit; background-color: #ffffff; font-family: -apple-system, BlinkMacSystemFont,;\" href=\"https:\/\/www.diariotalca.cl\/existe-riesgo-de-trombosis-con-las-vacunas\/\" target=\"_blank\" rel=\"noopener\">\u00bfExiste riesgo de trombosis con las vacunas? Se refiere Iv\u00e1n Palomo, director del Centro de Investigaci\u00f3n en Trombosis de la UTalca.<\/a><\/p><p>\u00a0<\/p><p><b>EL HERALDO<\/b><\/p><p><a style=\"font-style: inherit; font-weight: inherit; background-color: #ffffff; font-family: -apple-system, BlinkMacSystemFont,;\" href=\"https:\/\/www.litoralpress.cl\/paginaconsultas\/Servicios_NClip\/Get_Imagen_Nota.aspx?LPKey=G2FMINAEBHJA7UB3IVPZQQO6FBSJTGF624CAF27DALYZ37UM2YXRLUMOISB6SB2I4IK5OOXTOAYUK\" target=\"_blank\" rel=\"noopener\">Especialista UTalca: Son mayores los beneficios de las vacunas que los casos poco frecuentes de trombosis.<\/a><\/p><p>\u00a0<\/p><p><b>DIARIOELHERALDO.CL<\/b><\/p><p><a style=\"font-style: inherit; font-weight: inherit; background-color: #ffffff; font-family: -apple-system, BlinkMacSystemFont,;\" href=\"http:\/\/www.diarioelheraldo.cl\/noticia\/especialista-utalca-son-mayores-los-beneficios-de-las-vacunas-que-los-casos-poco-frecuentes-de-trombosis\" target=\"_blank\" rel=\"noopener\">Especialista UTalca: Son mayores los beneficios de las vacunas que los casos poco frecuentes de trombosis.<\/a><\/p><p>\u00a0<\/p><p><b>EL LECTOR<\/b><\/p><p><a style=\"font-style: inherit; font-weight: inherit; background-color: #ffffff; font-family: -apple-system, BlinkMacSystemFont,;\" href=\"https:\/\/www.litoralpress.cl\/paginaconsultas\/Servicios_NClip\/Get_Imagen_Nota.aspx?LPKey=UGTM33QIQ3JUNXOAXT3W54BIN4CIRVNT7CWQC2X4QXYKNDT5MYZMSGJUXC3LBLMBO4THQ3ENXB7EG\" target=\"_blank\" rel=\"noopener\">Portada: Especialista UTalca: Son mayores los beneficios de las vacunas que los casos poco frecuentes de trombosis.<\/a><\/p><p>\u00a0<\/p><p><b>EL LECTOR<\/b><\/p><p><a style=\"font-style: inherit; font-weight: inherit; background-color: #ffffff; font-family: -apple-system, BlinkMacSystemFont,;\" href=\"https:\/\/www.litoralpress.cl\/paginaconsultas\/Servicios_NClip\/Get_Imagen_Nota.aspx?LPKey=SSKXBFLXCMNRVHZM4AQNXNLY6XBDYD3ADVSQ4ED22PRQLGNQLTHXK7Q3JYDVNZCVZXQ447NVVPQ6U\" target=\"_blank\" rel=\"noopener\">Especialista UTalca: Son mayores los beneficios de las vacunas que los casos poco frecuentes de trombosis.<\/a><\/p><p>\u00a0<\/p><p><b>G5NOTICIAS.CL<\/b><\/p><p><a style=\"font-style: inherit; font-weight: inherit; background-color: #ffffff; font-family: -apple-system, BlinkMacSystemFont,;\" href=\"https:\/\/g5noticias.cl\/2021\/06\/13\/especialista-utalca-son-mayores-los-beneficios-de-las-vacunas-que-los-casos-poco-frecuentes-de-trombosis\/\" target=\"_blank\" rel=\"noopener\">Especialista UTalca: Son mayores los beneficios de las vacunas que los casos poco frecuentes de trombosis.<\/a><\/p><p>\u00a0<\/p><p><b>LA TERCERA<\/b><\/p><p><a style=\"font-style: inherit; font-weight: inherit; background-color: #ffffff; font-family: -apple-system, BlinkMacSystemFont,;\" href=\"https:\/\/www.litoralpress.cl\/paginaconsultas\/Servicios_NClip\/Get_Imagen_Nota.aspx?LPKey=545AB4DQ2U2IZQXR3ECYQ5DPYSME5VZNTXOHBENKY45PPJDOQIJALTBHNSC4JJBIWJ66PMAF3X4M6\" target=\"_blank\" rel=\"noopener\">Juicio por jurados, carta al director de Diego Palomo, acad\u00e9mico de la Facultad de Ciencias Jur\u00eddicas y Sociales de la UTalca.<\/a><\/p><p>\u00a0<\/p><p><b>LATERCERA.COM<\/b><\/p><p><a style=\"font-style: inherit; font-weight: inherit; background-color: #ffffff; font-family: -apple-system, BlinkMacSystemFont,;\" href=\"https:\/\/www.latercera.com\/opinion\/noticia\/juicio-por-jurados\/VZRIBDBLMZH25MNYGK2YLBGD6M\/\" target=\"_blank\" rel=\"noopener\">Juicio por jurados, carta al director de Diego Palomo, acad\u00e9mico de la Facultad de Ciencias Jur\u00eddicas y Sociales de la UTalca.<\/a><\/p><p>\u00a0<\/p><p><b>CANAL CONTIVISI\u00d3N<\/b><\/p><p><a style=\"font-style: inherit; font-weight: inherit; background-color: #ffffff; font-family: -apple-system, BlinkMacSystemFont,;\" href=\"https:\/\/www.litoralpress.cl\/sitio\/RadioTV_Detalles.cshtml?LPKey=6QHP32KLPB6QVUI5VAW6HNUJF2RJFJJ2MHZJFI3UINGSCJSAMFEQ\" target=\"_blank\" rel=\"noopener\">81 por ciento alcanza la asistencia de los alumnos del Maule a las clases virtuales. Se refiere Marianella Flores, directora de la carrera de Pedagog\u00eda en Educaci\u00f3n General B\u00e1sica, Menci\u00f3n Ingl\u00e9s, de la UTalca.<\/a><\/p><p>\u00a0<\/p><p><b>LAS \u00daLTIMAS NOTICIAS<\/b><\/p><p><a style=\"font-style: inherit; font-weight: inherit; background-color: #ffffff; font-family: -apple-system, BlinkMacSystemFont,;\" href=\"https:\/\/www.litoralpress.cl\/paginaconsultas\/Servicios_NClip\/Get_Imagen_Nota.aspx?LPKey=TJM6SYAFCY2DA55OUABN3WWDKEYI5SBU6ZG5C4MYH3EJ5565Y22HYTBCPCTGGLHZNCZPVC3LPZYW4\" target=\"_blank\" rel=\"noopener\">Ranking: las instituciones de educaci\u00f3n superior con m\u00e1s alumnos. Se menciona a la UTalca.<\/a><\/p><p>\u00a0<\/p><p><b>DIARIOTALCA.CL<\/b><\/p><p><a style=\"font-style: inherit; font-weight: inherit; background-color: #ffffff; font-family: -apple-system, BlinkMacSystemFont,;\" href=\"https:\/\/www.litoralpress.cl\/paginaconsultas\/Documentos\/Get_Imagen.aspx?lpkey=JOQ7SHHXDBBU5MRFDH5W7LQAWD4OKXU2JGD3ZRKG3COQIGD3PNLGGPHUPW3J3VKHUQXIVGSNXOZDO\" target=\"_blank\" rel=\"noopener\">\u00bfCerrar las fronteras es fundamental para lograr la inmunidad de reba\u00f1o? Se refiere Marcelo Alarc\u00f3n, acad\u00e9mico del Departamento de Bioqu\u00edmica Cl\u00ednica e Inmunohematolog\u00eda de la UTalca.<\/a><\/p><p>\u00a0<\/p><p><b>CANAL ANTOFAGASTA TELEVISI\u00d3N<\/b><\/p><p><a style=\"font-style: inherit; font-weight: inherit; background-color: #ffffff; font-family: -apple-system, BlinkMacSystemFont,;\" href=\"https:\/\/www.litoralpress.cl\/sitio\/RadioTV_Detalles.cshtml?LPKey=NRWCJVDH2SSGJS6UW27VM535BKDK2OXYKWJRTKKH4P4BGNOY7W2Q\" target=\"_blank\" rel=\"noopener\">Reporte COVID-19: 7.972 nuevos contagios y 133 fallecidos. Se refieren Sergio Wehinger, director de Mag\u00edster en Ciencias Biom\u00e9dicas y Marcelo Alarc\u00f3n, acad\u00e9mico del Departamento de Bioqu\u00edmica Cl\u00ednica e Inmunohematolog\u00eda de la UTalca.<\/a><\/p><p>\u00a0<\/p><p><b>CANAL ANTOFAGASTA TELEVISI\u00d3N<\/b><\/p><p><a style=\"font-style: inherit; font-weight: inherit; background-color: #ffffff; font-family: -apple-system, BlinkMacSystemFont,;\" href=\"https:\/\/www.litoralpress.cl\/sitio\/RadioTV_Detalles.cshtml?LPKey=FVBF3MCZA2VHZGZKZ4CLGFPGEVHP5JN6ANWV7FRHLLLUJCCYR2YA\" target=\"_blank\" rel=\"noopener\">Programa Portavoz Noticias: Reporte COVID-19. Se refieren Sergio Wehinger, director de Mag\u00edster en Ciencias Biom\u00e9dicas y Marcelo Alarc\u00f3n, acad\u00e9mico del Departamento de Bioqu\u00edmica Cl\u00ednica e Inmunohematolog\u00eda de la UTalca.<\/a><\/p><p>\u00a0<\/p><p><b>REDMAULE.COM<\/b><\/p><p><a style=\"font-style: inherit; font-weight: inherit; background-color: #ffffff; font-family: -apple-system, BlinkMacSystemFont,;\" href=\"https:\/\/www.redmaule.com\/nacional\/cancer-de-prostata-la-importancia-de-la-deteccion-temprana\" target=\"_blank\" rel=\"noopener\">C\u00e1ncer de pr\u00f3stata: la importancia de la detecci\u00f3n temprana. Se refiere Sergio Wehinger, director de Mag\u00edster en Ciencias Biom\u00e9dicas de la UTalca.<\/a><\/p><p>\u00a0<\/p><p><b>SEPTIMAPAGINANOTICIAS.CL<\/b><\/p><p><a style=\"font-style: inherit; font-weight: inherit; background-color: #ffffff; font-family: -apple-system, BlinkMacSystemFont,;\" href=\"https:\/\/www.septimapaginanoticias.cl\/post\/cancer-de-prostata-la-deteccion-temprana-es-clave\" target=\"_blank\" rel=\"noopener\">C\u00e1ncer de pr\u00f3stata: la detecci\u00f3n temprana es clave. Se refiere Sergio Wehinger, director de Mag\u00edster en Ciencias Biom\u00e9dicas de la UTalca.<\/a><\/p><p>\u00a0<\/p><p><b>LINARESENLINEA.CL<\/b><\/p><p><a style=\"font-style: inherit; font-weight: inherit; background-color: #ffffff; font-family: -apple-system, BlinkMacSystemFont,;\" href=\"https:\/\/www.linaresenlinea.cl\/2021\/06\/11\/cancer-de-prostata-la-deteccion-temprana-es-clave\/\" target=\"_blank\" rel=\"noopener\">C\u00e1ncer de pr\u00f3stata: la detecci\u00f3n temprana es clave. Se refiere Sergio Wehinger, director de Mag\u00edster en Ciencias Biom\u00e9dicas de la UTalca.<\/a><\/p><p>\u00a0<\/p><p><b>RANCAGUATV.CL<\/b><\/p><p><a style=\"font-style: inherit; font-weight: inherit; background-color: #ffffff; font-family: -apple-system, BlinkMacSystemFont,;\" href=\"https:\/\/www.rancaguatv.cl\/o-higgins-noticias-cronicas-de-actualidad\/98-salud\/4100-cancer-de-prostata-la-deteccion-temprana-es-clave\" target=\"_blank\" rel=\"noopener\">C\u00e1ncer de pr\u00f3stata: la detecci\u00f3n temprana es clave. Se refiere Sergio Wehinger, director de Mag\u00edster en Ciencias Biom\u00e9dicas de la UTalca.<\/a><\/p><p>\u00a0<\/p><p><b>G5NOTICIAS.CL<\/b><\/p><p><a style=\"font-style: inherit; font-weight: inherit; background-color: #ffffff; font-family: -apple-system, BlinkMacSystemFont,;\" href=\"https:\/\/g5noticias.cl\/2021\/06\/11\/cancer-de-prostata-la-deteccion-temprana-es-clave\/\" target=\"_blank\" rel=\"noopener\">C\u00e1ncer de pr\u00f3stata: la detecci\u00f3n temprana es clave. Se refiere Sergio Wehinger, director de Mag\u00edster en Ciencias Biom\u00e9dicas de la UTalca.<\/a><\/p><p>\u00a0<\/p><p><b>DIARIOTALCA.CL<\/b><\/p><p><a style=\"font-style: inherit; font-weight: inherit; background-color: #ffffff; font-family: -apple-system, BlinkMacSystemFont,;\" href=\"https:\/\/www.diariotalca.cl\/como-cuidamos-de-quienes-cuidan-el-rol-de-las-politicas-publicas\/\" target=\"_blank\" rel=\"noopener\">\u00bfC\u00f3mo cuidamos de quienes cuidan? El rol de las pol\u00edticas p\u00fablicas, columna de opini\u00f3n de Natalia Cancino, coordinadora de Unidad de Investigaci\u00f3n del Centro de Psicolog\u00eda Aplicada (CEPA) de la UTalca.<\/a><\/p><p>\u00a0<\/p><p><b>IMPACTOREGIONAL.CL<\/b><\/p><p><a style=\"font-style: inherit; font-weight: inherit; background-color: #ffffff; font-family: -apple-system, BlinkMacSystemFont,;\" href=\"http:\/\/www.impactoregional.cl\/?p=3814\" target=\"_blank\" rel=\"noopener\">Entrevistas a Erika Retamal, directora de Salud P\u00fablica y Natalia Uribe, acad\u00e9mica de la Facultad de Psicolog\u00eda de la UTalca.<\/a><\/p><p>\u00a0<\/p><p><b>ADPRENSA.CL<\/b><\/p><p><a style=\"font-style: inherit; font-weight: inherit; background-color: #ffffff; font-family: -apple-system, BlinkMacSystemFont,;\" href=\"https:\/\/www.adprensa.cl\/cronica\/innovadora-fiesta-de-la-vendimia-online-organizaron-estudiantes-de-la-utalca\/\" target=\"_blank\" rel=\"noopener\">Innovadora Fiesta de la Vendimia online organizaron estudiantes de la UTalca.<\/a><\/p><p>\u00a0<\/p><p><b>EL LECTOR<\/b><\/p><p><a style=\"font-style: inherit; font-weight: inherit; background-color: #ffffff; font-family: -apple-system, BlinkMacSystemFont,;\" href=\"https:\/\/www.litoralpress.cl\/paginaconsultas\/Servicios_NClip\/Get_Imagen_Nota.aspx?LPKey=AB3G4XKRLKKGSBXAGUQFZ7JRIHNNIWSLN2QKTUQE4QGKU3VTU3LNCOHHIUTV3QYLJIPFGKNI2IEZK\" target=\"_blank\" rel=\"noopener\">Innovadora Fiesta de la Vendimia online organizaron estudiantes de la UTalca.<\/a><\/p><p>\u00a0<\/p><p><b>LINARESENLINEA.CL<\/b><\/p><p><a style=\"font-style: inherit; font-weight: inherit; background-color: #ffffff; font-family: -apple-system, BlinkMacSystemFont,;\" href=\"https:\/\/www.linaresenlinea.cl\/2021\/06\/12\/innovadora-fiesta-de-la-vendimia-online-organizaron-estudiantes-de-la-utalca\/\" target=\"_blank\" rel=\"noopener\">Innovadora Fiesta de la Vendimia online organizaron estudiantes de la UTalca.<\/a><\/p><p>\u00a0<\/p><p><b>G5NOTICIAS.CL<\/b><\/p><p><a style=\"font-style: inherit; font-weight: inherit; background-color: #ffffff; font-family: -apple-system, BlinkMacSystemFont,;\" href=\"https:\/\/g5noticias.cl\/2021\/06\/13\/innovadora-fiesta-de-la-vendimia-online-organizaron-estudiantes-de-la-utalca\/\" target=\"_blank\" rel=\"noopener\">Innovadora Fiesta de la Vendimia online organizaron estudiantes de la U Talca.<\/a><\/p><p>\u00a0<\/p><p><b>EL HERALDO<\/b><\/p><p><a style=\"font-style: inherit; font-weight: inherit; background-color: #ffffff; font-family: -apple-system, BlinkMacSystemFont,;\" href=\"https:\/\/www.litoralpress.cl\/paginaconsultas\/Servicios_NClip\/Get_Imagen_Nota.aspx?LPKey=LF566AFIMXFLQW43WJV4FI52LJFKLMNT364TTBNT7ZLASSM7AYSQZOGWV4UOKGOTCGE5VZH7MMQZI\" target=\"_blank\" rel=\"noopener\">Resaltan importancia de fortalecer metodolog\u00edas de extensi\u00f3n en agricultura familiar del Maule. Se menciona a Roberto Jara, acad\u00e9mico de la UTalca.<\/a><\/p><p>\u00a0<\/p><p><b>DIARIOELHERALDO.CL<\/b><\/p><p><a style=\"font-style: inherit; font-weight: inherit; background-color: #ffffff; font-family: -apple-system, BlinkMacSystemFont,;\" href=\"http:\/\/www.diarioelheraldo.cl\/noticia\/resaltan-importancia-de-fortalecer-metodologias-de-extension-en-agricultura-familiar-del-maule-\" target=\"_blank\" rel=\"noopener\">Resaltan importancia de fortalecer metodolog\u00edas de extensi\u00f3n en agricultura familiar del Maule. Se menciona a Roberto Jara, acad\u00e9mico de la UTalca.<\/a><\/p><p>\u00a0<\/p><p><b>ELDIARIODEMAULE.CL<\/b><\/p><p><a style=\"font-style: inherit; font-weight: inherit; background-color: #ffffff; font-family: -apple-system, BlinkMacSystemFont,;\" href=\"https:\/\/eldiariodemaule.cl\/resaltan-importancia-de-fortalecer-metodologias-de-extension-en-agricultura-familiar\/\" target=\"_blank\" rel=\"noopener\">Resaltan importancia de fortalecer metodolog\u00edas de extensi\u00f3n en agricultura familiar del Maule. Se menciona a Roberto Jara, acad\u00e9mico de la UTalca.<\/a><\/p><p>\u00a0<\/p><p><b>LINARESENLINEA.CL<\/b><\/p><p><a style=\"font-style: inherit; font-weight: inherit; background-color: #ffffff; font-family: -apple-system, BlinkMacSystemFont,;\" href=\"https:\/\/www.linaresenlinea.cl\/2021\/06\/12\/resaltan-importancia-de-fortalecer-metodologias-de-extension-en-agricultura-familiar-del-maule\/\" target=\"_blank\" rel=\"noopener\">Resaltan importancia de fortalecer metodolog\u00edas de extensi\u00f3n en agricultura familiar del Maule. Se menciona a Roberto Jara, acad\u00e9mico de la UTalca.<\/a><\/p><p>\u00a0<\/p><p><b>LA TERCERA<\/b><\/p><p><a style=\"font-style: inherit; font-weight: inherit; background-color: #ffffff; font-family: -apple-system, BlinkMacSystemFont,;\" href=\"https:\/\/www.litoralpress.cl\/sitio\/Prensa_PaginaCompleta.cshtml?LPKey=CHTRKEZ5GSXBVKHITZYQGPZFDXF2NWZLRPM6B2TKY5JNHZGYFGEA\" target=\"_blank\" rel=\"noopener\">En jornada de baja participaci\u00f3n, Orrego (DC) gana en la RM y da duro golpe a FA-PC. Se refiere Mauricio Morales, director del Centro de An\u00e1lisis Pol\u00edtico (CAP) de la UTalca.<\/a><\/p><p>\u00a0<\/p><p><b>CANAL MEGA<\/b><\/p><p><a style=\"font-style: inherit; font-weight: inherit; background-color: #ffffff; font-family: -apple-system, BlinkMacSystemFont,;\" href=\"https:\/\/www.litoralpress.cl\/sitio\/RadioTV_Detalles.cshtml?LPKey=6TUNFFHLPWWLJM2KML2EF4FCOYNXEPLVOEUD45DIES2FBZ4CCDBQ\" target=\"_blank\" rel=\"noopener\">Entrevista a Claudio Orrego, gobernador electo por la Regi\u00f3n Metropolitana. Se refiere Mauricio Morales, director del Centro de An\u00e1lisis Pol\u00edtico (CAP) de la UTalca.<\/a><\/p><p>\u00a0<\/p><p><b>CANAL MEGA<\/b><\/p><p><a style=\"font-style: inherit; font-weight: inherit; background-color: #ffffff; font-family: -apple-system, BlinkMacSystemFont,;\" href=\"https:\/\/www.litoralpress.cl\/sitio\/RadioTV_Detalles.cshtml?LPKey=73UASQNPQBJPVYHKHNTT5RILACWYJ7HK7G5BC44QTY47R7KETSKQ\" target=\"_blank\" rel=\"noopener\">Claudio Orrego analiza su triunfo como gobernador de la Regi\u00f3n Metropolitana. Se refiere Mauricio Morales, director del Centro de An\u00e1lisis Pol\u00edtico (CAP) de la UTalca.<\/a><\/p><p>\u00a0<\/p><p><b>CANAL MEGA<\/b><\/p><p><a style=\"font-style: inherit; font-weight: inherit; background-color: #ffffff; font-family: -apple-system, BlinkMacSystemFont,;\" href=\"https:\/\/www.litoralpress.cl\/sitio\/RadioTV_Detalles.cshtml?LPKey=WKFPK5DGJFMGYJ3NNFYN7NZI3H5G4CQE335TXW4YQGUOEBO4C3IA\" target=\"_blank\" rel=\"noopener\">Claudio Orrego se qued\u00f3 con la Gobernaci\u00f3n Metropolitana. Se refiere Mauricio Morales, director del Centro de An\u00e1lisis Pol\u00edtico (CAP) de la UTalca.<\/a><\/p><p>\u00a0<\/p><p><b>CANAL MEGA<\/b><\/p><p><a style=\"font-style: inherit; font-weight: inherit; background-color: #ffffff; font-family: -apple-system, BlinkMacSystemFont,;\" href=\"https:\/\/www.litoralpress.cl\/sitio\/RadioTV_Detalles.cshtml?LPKey=Z6RHGYNYVFR36XNPPPNLA2G4KBTWVQOFRDN54MLMPRZXGVFHJWVA\" target=\"_blank\" rel=\"noopener\">An\u00e1lisis de los resultados parciales en la elecci\u00f3n de gobernadores regionales. Se refiere Mauricio Morales, director del Centro de An\u00e1lisis Pol\u00edtico (CAP) de la UTalca.<\/a><\/p><p>\u00a0<\/p><p><b>HOY X HOY<\/b><\/p><p><a style=\"font-style: inherit; font-weight: inherit; background-color: #ffffff; font-family: -apple-system, BlinkMacSystemFont,;\" href=\"https:\/\/www.litoralpress.cl\/paginaconsultas\/Servicios_NClip\/Get_Imagen_Nota.aspx?LPKey=L5H6N6C55USCNP5FTQLZPRJHGILB2ODXBBDYCUDSLAKU3WGYSYI7U4HYMN6ME5PLNT6QLVATS2VXK\" target=\"_blank\" rel=\"noopener\">Balotaje de gobernadores movi\u00f3 a menos de la mitad de primera vuelta. Se refiere Mauricio Morales, director del Centro de An\u00e1lisis Pol\u00edtico (CAP) de la UTalca.<\/a><\/p><p>\u00a0<\/p><p><b>CANAL MEGA<\/b><\/p><p><a style=\"font-style: inherit; font-weight: inherit; background-color: #ffffff; font-family: -apple-system, BlinkMacSystemFont,;\" href=\"https:\/\/www.litoralpress.cl\/sitio\/RadioTV_Detalles.cshtml?LPKey=46EPRGWHBW6IWTTVVL4G5N3ZTWEHZVTPMA6KMOW4Q4ZHYIN3KHDQ\" target=\"_blank\" rel=\"noopener\">Votaron los candidatos a la Gobernaci\u00f3n Metropolitana y a las elecciones presidenciales. Se menciona a Mauricio Morales, director del Centro de An\u00e1lisis Pol\u00edtico (CAP) de la UTalca.<\/a><\/p><p>\u00a0<\/p><p><b>CANAL TVN<\/b><\/p><p><a style=\"font-style: inherit; font-weight: inherit; background-color: #ffffff; font-family: -apple-system, BlinkMacSystemFont,;\" href=\"https:\/\/www.litoralpress.cl\/sitio\/RadioTV_Detalles.cshtml?LPKey=HV64PUGJBZZ4ZPFY4OKCJSHGUHEFBUM5REVQ2BHKEPVWX25JKOCA\" target=\"_blank\" rel=\"noopener\">Fiscalizan que los locales de votaci\u00f3n est\u00e9n listos para la votaci\u00f3n de Gobernadores Regionales de este domingo. Se refiere Mauricio Morales, director del Centro de An\u00e1lisis Pol\u00edtico (CAP) de la UTalca.<\/a><\/p><p>\u00a0<\/p><p><b>CANAL 24 HORAS<\/b><\/p><p><a style=\"font-style: inherit; font-weight: inherit; background-color: #ffffff; font-family: -apple-system, BlinkMacSystemFont,;\" href=\"https:\/\/www.litoralpress.cl\/sitio\/RadioTV_Detalles.cshtml?LPKey=2DIHXPEHEZAUXKREGZHWHWQY5HOMSEMNGNPPXKKN6EFK4ARQLI7A\" target=\"_blank\" rel=\"noopener\">Fiscalizan que los locales de votaci\u00f3n est\u00e9n listos para la votaci\u00f3n de Gobernadores Regionales de este domingo. Se refiere Mauricio Morales, director del Centro de An\u00e1lisis Pol\u00edtico (CAP) de la UTalca.<\/a><\/p><p>\u00a0<\/p><p><b>CANAL MEGA<\/b><\/p><p><a style=\"font-style: inherit; font-weight: inherit; background-color: #ffffff; font-family: -apple-system, BlinkMacSystemFont,;\" href=\"https:\/\/www.litoralpress.cl\/sitio\/RadioTV_Detalles.cshtml?LPKey=JCPPTWSXKTZE7WQ6T3EBAD45XJWAWY5E5O5KJEX2I6ZJ5WR6CDJQ\" target=\"_blank\" rel=\"noopener\">Domingo: segunda vuelta de gobernadores regionales. Se refiere Mauricio Morales, director del Centro de An\u00e1lisis Pol\u00edtico (CAP) de la UTalca.<\/a><\/p><p>\u00a0<\/p><p><b>CANAL MEGA PLUS<\/b><\/p><p><a style=\"font-style: inherit; font-weight: inherit; background-color: #ffffff; font-family: -apple-system, BlinkMacSystemFont,;\" href=\"https:\/\/www.litoralpress.cl\/sitio\/RadioTV_Detalles.cshtml?LPKey=6R7D35U54S2WVB4223THXRCEUWSIOP6QMTT3QQK6OL4NLMVGUXDA\" target=\"_blank\" rel=\"noopener\">Domingo: segunda vuelta de gobernadores regionales. Se refiere Mauricio Morales, director del Centro de An\u00e1lisis Pol\u00edtico (CAP) de la UTalca.<\/a><\/p><p>\u00a0<\/p><p><b>CANAL CHILEVISI\u00d3N<\/b><\/p><p><a style=\"font-style: inherit; font-weight: inherit; background-color: #ffffff; font-family: -apple-system, BlinkMacSystemFont,;\" href=\"https:\/\/www.litoralpress.cl\/sitio\/RadioTV_Detalles.cshtml?LPKey=PB2Z6CY34HRAFFQNPCHQTO7BYSRQNEC7TIWDWISPYYW2ULKR23SA\" target=\"_blank\" rel=\"noopener\">Peleada est\u00e1 la elecci\u00f3n de este domingo para elegir al Gobernador de Santiago (BLOQUE 1). Se refiere Mauricio Morales, director del Centro de An\u00e1lisis Pol\u00edtico (CAP) de la UTalca.<\/a><\/p><p>\u00a0<\/p><p><b>EMOL.COM<\/b><\/p><p><a style=\"font-style: inherit; font-weight: inherit; background-color: #ffffff; font-family: -apple-system, BlinkMacSystemFont,;\" href=\"https:\/\/www.emol.com\/noticias\/Nacional\/2021\/06\/11\/1023631\/participacion-eleccion-gobernadores-proyeccion.html\" target=\"_blank\" rel=\"noopener\">Anuncio de cuarentena en la RM y una elecci\u00f3n nueva: Los factores que podr\u00edan complicar la participaci\u00f3n este domingo. Se refiere Mauricio Morales, director del Centro de An\u00e1lisis Pol\u00edtico (CAP) de la UTalca.<\/a><\/p><p>\u00a0<\/p><p><b>ELMOSTRADOR.CL<\/b><\/p><p><a href=\"https:\/\/www.elmostrador.cl\/destacado\/2021\/06\/11\/segunda-vuelta-de-gobernadores-en-medio-de-la-incognita-sobre-la-participacion-en-pandemia-servel-sale-a-reforzar-mensaje-del-voto-seguro\/\" target=\"_blank\" rel=\"noopener\">Segunda vuelta de gobernadores: en medio de la inc\u00f3gnita sobre la participaci\u00f3n en pandemia, Servel sale a reforzar mensaje del voto seguro. Se refiere Mauricio Morales, director del Centro de An\u00e1lisis Pol\u00edtico (CAP) de la UTalca.<\/a><\/p><p>\u00a0<\/p><p><b>LA PRENSA<\/b><\/p><p><a style=\"font-style: inherit; font-weight: inherit; background-color: #ffffff; font-family: -apple-system, BlinkMacSystemFont,;\" href=\"https:\/\/www.litoralpress.cl\/paginaconsultas\/Servicios_NClip\/Get_Imagen_Nota.aspx?LPKey=IVPEE7BCWJGGHTOXEHP3VFUWQOKRCUDY2KOFGGBFNFNT6SWKJE5AQYMH3PBXJFAW7I4FSGDIW6TQ4\" target=\"_blank\" rel=\"noopener\">Acad\u00e9micos de la UTalca: Esperan que elecci\u00f3n de gobernadores permita un avance democratizador en la gesti\u00f3n de las Regiones.<\/a><\/p><p>\u00a0<\/p><p><b>EX\u2013ANTE.CL<\/b><\/p><p><a style=\"font-style: inherit; font-weight: inherit; background-color: #ffffff; font-family: -apple-system, BlinkMacSystemFont,;\" href=\"https:\/\/www.ex-ante.cl\/expertos-temen-que-elecciones-de-gobernadores-tengan-menor-participacion-desde-inicio-de-voto-voluntario\/\" target=\"_blank\" rel=\"noopener\">Expertos temen que elecciones de gobernadores tengan menor participaci\u00f3n desde inicio de voto voluntario. Se refiere Mauricio Morales, director del Centro de An\u00e1lisis Pol\u00edtico (CAP) de la UTalca.<\/a><\/p><p>\u00a0<\/p><p><b>RADIO LAUTARO<\/b><\/p><p><a style=\"font-style: inherit; font-weight: inherit; background-color: #ffffff; font-family: -apple-system, BlinkMacSystemFont,;\" href=\"https:\/\/www.litoralpress.cl\/sitio\/RadioTV_Detalles.cshtml?LPKey=QFAH4NF7F2EK5C3ZQRIKVQ65IX6DWBE2HB2QLSJXX3HTHUMH5V3Q\" target=\"_blank\" rel=\"noopener\">Entrevista a Mario Herrera, acad\u00e9mico del Centro de An\u00e1lisis Pol\u00edtico (CAP) de la UTalca.<\/a><\/p><p>\u00a0<\/p><p><b>TVMAULE.CL<\/b><\/p><p><a style=\"font-style: inherit; font-weight: inherit; background-color: #ffffff; font-family: -apple-system, BlinkMacSystemFont,;\" href=\"https:\/\/www.tvmaule.cl\/eleccion-de-gobernadores-las-expectativas-que-existen-sobre-este-nuevo-cargo\/\" target=\"_blank\" rel=\"noopener\">Elecci\u00f3n de gobernadores: las expectativas que existen sobre este nuevo cargo. Se refieren Domingo Hern\u00e1ndez y Gonzalo Aguilar, acad\u00e9micos de la Facultad de Ciencias Jur\u00eddicas y Sociales de la UTalca.<\/a><\/p><p>\u00a0<\/p><p><b>NUEVOPODER.CL<\/b><\/p><p><a style=\"font-style: inherit; font-weight: inherit; background-color: #ffffff; font-family: -apple-system, BlinkMacSystemFont,;\" href=\"https:\/\/www.nuevopoder.cl\/gobernadores-expertos-temen-la-mas-baja-participacion-electoral-desde-2012\/\" target=\"_blank\" rel=\"noopener\">Gobernadores: expertos temen la m\u00e1s baja participaci\u00f3n electoral desde 2012. Se refiere Mauricio Morales, director del Centro de An\u00e1lisis Pol\u00edtico (CAP) de la UTalca.<\/a><\/p><p>\u00a0<\/p><p><b>ELLIBERO.CL<\/b><\/p><p><a style=\"font-style: inherit; font-weight: inherit; background-color: #ffffff; font-family: -apple-system, BlinkMacSystemFont,;\" href=\"https:\/\/ellibero.cl\/actualidad\/como-es-el-plan-para-instalar-a-franco-parisi-en-la-primera-vuelta-presidencial\/\" target=\"_blank\" rel=\"noopener\">C\u00f3mo es el plan para instalar a Franco Parisi en la primera vuelta presidencial. Se refiere Mauricio Morales, director del Centro de An\u00e1lisis Pol\u00edtico (CAP) de la UTalca.<\/a><\/p><p>\u00a0<\/p><p><b>LA TERCERA<\/b><\/p><p><a style=\"font-style: inherit; font-weight: inherit; background-color: #ffffff; font-family: -apple-system, BlinkMacSystemFont,;\" href=\"https:\/\/www.litoralpress.cl\/paginaconsultas\/Servicios_NClip\/Get_Imagen_Nota.aspx?LPKey=4P2U66Q7SLQBJ5NDV4U4C3Z4AOTTS7XKORYUF2GTJS3HEKJU2B2FKTPFKU6HB7RUSTM277C4EHR4S\" target=\"_blank\" rel=\"noopener\">La carrera por el d\u00e9cimo cupo en el TC: \u00bfQui\u00e9nes son los abogados que postulan al cargo que debe nombrar la Suprema? Se menciona a la UTalca.<\/a><\/p><p>\u00a0<\/p><p><b>ADPRENSA.CL<\/b><\/p><p><a style=\"font-style: inherit; font-weight: inherit; background-color: #ffffff; font-family: -apple-system, BlinkMacSystemFont,;\" href=\"https:\/\/www.adprensa.cl\/cronica\/utalca-es-sede-virtual-en-nueva-version-del-festival-de-cine-europeo\/\" target=\"_blank\" rel=\"noopener\">UTalca es sede virtual en nueva versi\u00f3n del Festival de Cine Europeo.<\/a><\/p><p>\u00a0<\/p><p><b>DIALOGOSUR.CL<\/b><\/p><p><a style=\"font-style: inherit; font-weight: inherit; background-color: #ffffff; font-family: -apple-system, BlinkMacSystemFont,;\" href=\"https:\/\/dialogosur.cl\/utalca-es-sede-virtual-en-nueva-version-del-festival-de-cine-europeo\/\" target=\"_blank\" rel=\"noopener\">UTalca es sede virtual en nueva versi\u00f3n del Festival de Cine Europeo.<\/a><\/p><p>\u00a0<\/p><p><b>CANAL TVN RED MAULE<\/b><\/p><p><a style=\"font-style: inherit; font-weight: inherit; background-color: #ffffff; font-family: -apple-system, BlinkMacSystemFont,;\" href=\"https:\/\/www.litoralpress.cl\/sitio\/RadioTV_Detalles.cshtml?LPKey=XVJKONPBC2IHCF47ZGNEA3Q7RFKV5YD326UWYX2JEAMRBRSV5UQQ\" target=\"_blank\" rel=\"noopener\">Centro de Extensi\u00f3n de la U de Talca estrenar\u00e1 video Viaje al origen del presente.<\/a><\/p>\t\t\t\t\t\t<\/div>\n\t\t\t\t<\/div>\n\t\t\t\t\t<\/div>\n\t\t<\/div>\n\t\t\t\t\t\t\t<\/div>\n\t\t<\/section>\n\t\t\t\t\t\t<\/div>\n\t\t\t\t\t<\/div>\n\t\t","protected":false},"excerpt":{"rendered":"<p>ADPRENSA.CL Especialista UTalca: Son mayores los beneficios de las vacunas que los casos poco frecuentes de trombosis. \u00a0 DIARIOTALCA.CL \u00bfExiste riesgo de trombosis con las vacunas? Se refiere Iv\u00e1n Palomo, director del Centro de Investigaci\u00f3n en Trombosis de la UTalca. \u00a0 EL HERALDO Especialista UTalca: Son mayores los beneficios de las vacunas que los casos &hellip;<\/p>\n<p class=\"read-more\"> <a class=\"\" href=\"https:\/\/www.reportedeprensa.utalca.cl\/?p=1220\"> <span class=\"screen-reader-text\">14 de junio de 2021<\/span> Read More &raquo;<\/a><\/p>\n","protected":false},"author":1,"featured_media":0,"comment_status":"closed","ping_status":"open","sticky":false,"template":"elementor_theme","format":"standard","meta":{"_monsterinsights_skip_tracking":false,"_monsterinsights_sitenote_active":false,"_monsterinsights_sitenote_note":"","_monsterinsights_sitenote_category":0},"categories":[9],"tags":[],"_links":{"self":[{"href":"https:\/\/www.reportedeprensa.utalca.cl\/index.php?rest_route=\/wp\/v2\/posts\/1220"}],"collection":[{"href":"https:\/\/www.reportedeprensa.utalca.cl\/index.php?rest_route=\/wp\/v2\/posts"}],"about":[{"href":"https:\/\/www.reportedeprensa.utalca.cl\/index.php?rest_route=\/wp\/v2\/types\/post"}],"author":[{"embeddable":true,"href":"https:\/\/www.reportedeprensa.utalca.cl\/index.php?rest_route=\/wp\/v2\/users\/1"}],"replies":[{"embeddable":true,"href":"https:\/\/www.reportedeprensa.utalca.cl\/index.php?rest_route=%2Fwp%2Fv2%2Fcomments&post=1220"}],"version-history":[{"count":4,"href":"https:\/\/www.reportedeprensa.utalca.cl\/index.php?rest_route=\/wp\/v2\/posts\/1220\/revisions"}],"predecessor-version":[{"id":1224,"href":"https:\/\/www.reportedeprensa.utalca.cl\/index.php?rest_route=\/wp\/v2\/posts\/1220\/revisions\/1224"}],"wp:attachment":[{"href":"https:\/\/www.reportedeprensa.utalca.cl\/index.php?rest_route=%2Fwp%2Fv2%2Fmedia&parent=1220"}],"wp:term":[{"taxonomy":"category","embeddable":true,"href":"https:\/\/www.reportedeprensa.utalca.cl\/index.php?rest_route=%2Fwp%2Fv2%2Fcategories&post=1220"},{"taxonomy":"post_tag","embeddable":true,"href":"https:\/\/www.reportedeprensa.utalca.cl\/index.php?rest_route=%2Fwp%2Fv2%2Ftags&post=1220"}],"curies":[{"name":"wp","href":"https:\/\/api.w.org\/{rel}","templated":true}]}}