{"id":1231,"date":"2021-06-15T09:19:11","date_gmt":"2021-06-15T12:19:11","guid":{"rendered":"https:\/\/www.reportedeprensa.utalca.cl\/?p=1231"},"modified":"2021-06-15T09:47:18","modified_gmt":"2021-06-15T12:47:18","slug":"15-de-junio-de-2021","status":"publish","type":"post","link":"https:\/\/www.reportedeprensa.utalca.cl\/?p=1231","title":{"rendered":"15 de junio de 2021"},"content":{"rendered":"\t\t<div data-elementor-type=\"wp-post\" data-elementor-id=\"1231\" class=\"elementor elementor-1231\" data-elementor-settings=\"[]\">\n\t\t\t\t\t\t\t<div class=\"elementor-section-wrap\">\n\t\t\t\t\t\t\t<section class=\"elementor-section elementor-top-section elementor-element elementor-element-a06ca45 elementor-section-boxed elementor-section-height-default elementor-section-height-default\" data-id=\"a06ca45\" data-element_type=\"section\">\n\t\t\t\t\t\t<div class=\"elementor-container elementor-column-gap-default\">\n\t\t\t\t\t<div class=\"elementor-column elementor-col-100 elementor-top-column elementor-element elementor-element-1486c35\" data-id=\"1486c35\" data-element_type=\"column\">\n\t\t\t<div class=\"elementor-widget-wrap elementor-element-populated\">\n\t\t\t\t\t\t\t\t<div class=\"elementor-element elementor-element-42b145e elementor-widget elementor-widget-text-editor\" data-id=\"42b145e\" data-element_type=\"widget\" data-widget_type=\"text-editor.default\">\n\t\t\t\t<div class=\"elementor-widget-container\">\n\t\t\t\t\t\t\t\t<p><b>ADPRENSA.CL<\/b><\/p><p><a style=\"font-style: inherit; font-weight: inherit; background-color: #ffffff; font-family: -apple-system, BlinkMacSystemFont,;\" href=\"https:\/\/www.adprensa.cl\/cronica\/utalca-lanza-campana-para-reforzar-el-autocuidado-de-los-jovenes-en-pleno-peak-de-casos-covid\/\" target=\"_blank\" rel=\"noopener\">UTalca lanza campa\u00f1a para reforzar el autocuidado de los j\u00f3venes en pleno peak de casos COVID.<\/a><\/p><p>\u00a0<\/p><p><b>UNIVERSIDADESESTATALES.CL<\/b><\/p><p><a style=\"font-style: inherit; font-weight: inherit; background-color: #ffffff; font-family: -apple-system, BlinkMacSystemFont,;\" href=\"http:\/\/www.universidadesestatales.cl\/cue\/?q=node\/8898\" target=\"_blank\" rel=\"noopener\">UTalca lanza campa\u00f1a para reforzar el autocuidado de los j\u00f3venes en pleno peak de casos COVID.<\/a><\/p><p>\u00a0<\/p><p><b>ELMAULEINFORMA.CL<\/b><\/p><p><a style=\"font-style: inherit; font-weight: inherit; background-color: #ffffff; font-family: -apple-system, BlinkMacSystemFont,;\" href=\"https:\/\/elmauleinforma.cl\/utalca-lanza-campana-para-reforzar-el-autocuidado-de-los-jovenes-en-pleno-peak-de-casos-covid\/\" target=\"_blank\" rel=\"noopener\">UTalca lanza campa\u00f1a para reforzar el autocuidado de los j\u00f3venes en pleno peak de casos COVID.<\/a><\/p><p>\u00a0<\/p><p><b>FUTURAFM.CL<\/b><\/p><p><a style=\"font-style: inherit; font-weight: inherit; background-color: #ffffff; font-family: -apple-system, BlinkMacSystemFont,;\" href=\"https:\/\/www.futurafm.cl\/utalca-lanza-campana-para-reforzar-el-autocuidado-de-los-jovenes-en-pleno-peak-de-casos-covid\/\" target=\"_blank\" rel=\"noopener\">UTalca lanza campa\u00f1a para reforzar el autocuidado de los j\u00f3venes en pleno peak de casos COVID.<\/a><\/p><p>\u00a0<\/p><p><b>CHILLANONLINE.CL<\/b><\/p><p><a style=\"font-style: inherit; font-weight: inherit; background-color: #ffffff; font-family: -apple-system, BlinkMacSystemFont,;\" href=\"https:\/\/www.chillanonline.cl\/V5\/utalca-lanza-campana-para-reforzar-el-autocuidado-de-los-jovenes-en-pleno-peak-de-casos-covid\/\" target=\"_blank\" rel=\"noopener\">UTalca lanza campa\u00f1a para reforzar el autocuidado de los j\u00f3venes en pleno peak de casos COVID.<\/a><\/p><p>\u00a0<\/p><p><b>DIALOGOSUR.CL<\/b><\/p><p><a style=\"font-style: inherit; font-weight: inherit; background-color: #ffffff; font-family: -apple-system, BlinkMacSystemFont,;\" href=\"https:\/\/dialogosur.cl\/utalca-lanza-campana-para-reforzar-el-autocuidado-de-los-jovenes-en-pleno-peak-de-casos-covid\/\" target=\"_blank\" rel=\"noopener\">UTalca lanza campa\u00f1a para reforzar el autocuidado de los j\u00f3venes en pleno peak de casos COVID.<\/a><\/p><p>\u00a0<\/p><p><b>VGRAFICO.CL<br \/><\/b><\/p><p><a style=\"font-style: inherit; font-weight: inherit; background-color: #ffffff; font-family: -apple-system, BlinkMacSystemFont,;\" href=\"https:\/\/vgrafico.cl\/2021\/06\/14\/lanzan-campana\/\" target=\"_blank\" rel=\"noopener\">Lanzan campa\u00f1a para reforzar el autocuidado de los j\u00f3venes en pleno peak de casos COVID. Se refiere Paula Caballero, directora del Equipo de Coordinaci\u00f3n Institucional COVID-19 (Ecicovid) y Liliana Guzm\u00e1n, directora de Comunicaciones Corporativas de la UTalca.<\/a><\/p><p>\u00a0<\/p><p><b>ADPRENSA.CL<\/b><\/p><p><a style=\"font-style: inherit; font-weight: inherit; background-color: #ffffff; font-family: -apple-system, BlinkMacSystemFont,;\" href=\"https:\/\/www.adprensa.cl\/cronica\/gobierno-del-maule-reforzo-llamado-para-que-jovenes-se-sumen-a-campana-de-vacunacion\/\" target=\"_blank\" rel=\"noopener\">Gobierno del Maule reforz\u00f3 llamado para que j\u00f3venes se sumen a campa\u00f1a de vacunaci\u00f3n. Se refiere Isabel Hern\u00e1ndez, secretaria general de la Universidad de Talca. <\/a><\/p><p>\u00a0<\/p><p><b>TVMAULE.CL<\/b><\/p><p><a style=\"font-style: inherit; font-weight: inherit; background-color: #ffffff; font-family: -apple-system, BlinkMacSystemFont,;\" href=\"https:\/\/www.tvmaule.cl\/llaman-a-los-jovenes-a-sumarse-a-la-campana-de-vacunacion\/\" target=\"_blank\" rel=\"noopener\">Llaman a los j\u00f3venes a sumarse a la campa\u00f1a de vacunaci\u00f3n. Se menciona la UTalca.<\/a><\/p><p>\u00a0<\/p><p><b>DIARIO TALCA<\/b><\/p><p><a style=\"font-style: inherit; font-weight: inherit; background-color: #ffffff; font-family: -apple-system, BlinkMacSystemFont,;\" href=\"https:\/\/www.litoralpress.cl\/paginaconsultas\/Servicios_NClip\/Get_Imagen_Nota.aspx?LPKey=FT3YRZI2GSAKSDOOTDDGXBJMNISLIGUGVTWPQPN2HL35T2B36GQ2PCIFZ2NADPHIVKCR4SCIREQC4\" target=\"_blank\" rel=\"noopener\">UTalca integra consorcio que desarrollar\u00e1 tecnolog\u00eda 5G en el pa\u00eds.<\/a><\/p><p>\u00a0<\/p><p><b>LATERCERA.COM<\/b><\/p><p><a style=\"font-style: inherit; font-weight: inherit; background-color: #ffffff; font-family: -apple-system, BlinkMacSystemFont,;\" href=\"https:\/\/www.latercera.com\/laboratoriodecontenidos\/noticia\/cuando-la-vocacion-llega-en-una-segunda-carrera\/SIYC3MF4UFEJTO2RBH4NHTRDUU\/\" target=\"_blank\" rel=\"noopener\">Cuando la vocaci\u00f3n llega en una segunda carrera. Se menciona a la UTalca.<\/a><\/p><p>\u00a0<\/p><p><b>CANAL TVN<\/b><\/p><p><a style=\"font-style: inherit; font-weight: inherit; background-color: #ffffff; font-family: -apple-system, BlinkMacSystemFont,;\" href=\"https:\/\/www.litoralpress.cl\/sitio\/RadioTV_Detalles.cshtml?LPKey=FTTY52KJINCPRY25BNXDCNMLWPTCARLOCE5QNWKH25T7A2GGCHCA\" target=\"_blank\" rel=\"noopener\">Buenos d\u00edas a Todos: \u00bfCu\u00e1nto durar\u00e1 la cuarentena en la Regi\u00f3n Metropolitana? Se refiere Erika Retamal, directora de Salud P\u00fablica de la UTalca.<\/a><\/p><p>\u00a0<\/p><p><b>EL MERCURIO<\/b><\/p><p><a style=\"font-style: inherit; font-weight: inherit; background-color: #ffffff; font-family: -apple-system, BlinkMacSystemFont,;\" href=\"https:\/\/www.litoralpress.cl\/sitio\/Prensa_PaginaCompleta.cshtml?LPKey=ZGOEUIAJJRSCS3UE7O42SEZWAFOCTCXVD3H7QJGRMCMXOBSVFIKQ\" target=\"_blank\" rel=\"noopener\">Revista El Campo: Escasa conectividad limita competitividad del agro. Se refiere Jos\u00e9 Antonio Reyes, director ejecutivo de Think Agro UTalca.<\/a><\/p><p>\u00a0<\/p><p><b>ELMAULEINFORMA.CL<\/b><\/p><p><a style=\"font-style: inherit; font-weight: inherit; background-color: #ffffff; font-family: -apple-system, BlinkMacSystemFont,;\" href=\"https:\/\/elmauleinforma.cl\/resaltan-importancia-de-fortalecer-metodologias-de-extension-en-agricultura-familiar-del-maule\/\" target=\"_blank\" rel=\"noopener\">Resaltan importancia de fortalecer metodolog\u00edas de extensi\u00f3n en agricultura familiar del Maule. Se menciona a la UTalca.<\/a><\/p><p>\u00a0<\/p><p><b>VIVEPAIS.CL<\/b><\/p><p><a style=\"font-style: inherit; font-weight: inherit; background-color: #ffffff; font-family: -apple-system, BlinkMacSystemFont,;\" href=\"http:\/\/www.vivepais.cl\/blog\/2021\/06\/14\/126925\/\" target=\"_blank\" rel=\"noopener\">Minagri lanza Programa Nacional para el Fomento de la Agricultura 4.0. Se refiere Jos\u00e9 Antonio Reyes, director ejecutivo de Think Agro UTalca.<\/a><\/p><p>\u00a0<\/p><p><b>MUNDOAGROPECUARIO.CL<\/b><\/p><p><a style=\"font-style: inherit; font-weight: inherit; background-color: #ffffff; font-family: -apple-system, BlinkMacSystemFont,;\" href=\"https:\/\/www.mundoagropecuario.cl\/new\/minagri-lanza-programa-nacional-para-el-fomento-de-la-agricultura-4-0\/\" target=\"_blank\" rel=\"noopener\">Minagri lanza Programa Nacional para el Fomento de la Agricultura 4.0. Se refiere Jos\u00e9 Antonio Reyes, director ejecutivo de Think Agro UTalca.<\/a><\/p><p>\u00a0<\/p><p><b>PORTALAGROCHILE.CL<\/b><\/p><p><a style=\"font-style: inherit; font-weight: inherit; background-color: #ffffff; font-family: -apple-system, BlinkMacSystemFont,;\" href=\"https:\/\/www.portalagrochile.cl\/2021\/06\/14\/minagri-lanza-programa-nacional-para-el-fomento-de-la-agricultura-4-0\/\" target=\"_blank\" rel=\"noopener\">Minagri lanza Programa Nacional para el Fomento de la Agricultura 4.0. Se refiere Jos\u00e9 Antonio Reyes, director ejecutivo de Think Agro UTalca.<\/a><\/p><p>\u00a0<\/p><p><b>INDUAMBIENTE.COM<\/b><\/p><p><a style=\"font-style: inherit; font-weight: inherit; background-color: #ffffff; font-family: -apple-system, BlinkMacSystemFont,;\" href=\"https:\/\/www.induambiente.com\/actualidad\/noticias\/lanzan-programa-de-fomento-a-la-agricultura-4-0-para-afrontar-el-cambio-climatico\" target=\"_blank\" rel=\"noopener\">Lanzan programa de fomento a la Agricultura 4.0 para afrontar el cambio clim\u00e1tico. Se refiere Jos\u00e9 Antonio Reyes, director ejecutivo de Think Agro UTalca.<\/a><\/p><p>\u00a0<\/p><p><b>G5NOTICIAS.CL<\/b><\/p><p><a style=\"font-style: inherit; font-weight: inherit; background-color: #ffffff; font-family: -apple-system, BlinkMacSystemFont,;\" href=\"https:\/\/g5noticias.cl\/2021\/06\/14\/minagri-lanza-programa-nacional-para-el-fomento-de-la-agricultura-4-0\/\" target=\"_blank\" rel=\"noopener\">Minagri lanza Programa Nacional para el Fomento de la Agricultura 4.0. Se refiere Jos\u00e9 Antonio Reyes, director ejecutivo de Think Agro UTalca.<\/a><\/p><p>\u00a0<\/p><p><b>PORTAVOZNOTICIAS.CL<\/b><\/p><p><a style=\"font-style: inherit; font-weight: inherit; background-color: #ffffff; font-family: -apple-system, BlinkMacSystemFont,;\" href=\"https:\/\/www.portavoznoticias.cl\/noticia\/las-vacunas-contra-el-covid-19-son-seguras-para-los-ninos-y-jovenes-segun-los-especialistas\/60c3bd2758d08c22eddee1b7\" target=\"_blank\" rel=\"noopener\">Las vacunas contra el COVID-19 son seguras para los ni\u00f1os y j\u00f3venes, seg\u00fan los especialistas. Sergio Wehinger, director del Mag\u00edster en Ciencias Biom\u00e9dicas y Marcelo Alarc\u00f3n, acad\u00e9mico del Departamento de Bioqu\u00edmica Cl\u00ednica e Inmunohematolog\u00eda de la UTalca.<\/a><\/p><p>\u00a0<\/p><p><b>DIARIO TALCA<\/b><\/p><p><a style=\"font-style: inherit; font-weight: inherit; background-color: #ffffff; font-family: -apple-system, BlinkMacSystemFont,;\" href=\"https:\/\/www.litoralpress.cl\/sitio\/Prensa_PaginaCompleta.cshtml?LPKey=BE2PSE3RUH3E3GAJDU55V4USKWY2FWSYGFYNP45UK42QIC5SKJ3Q\" target=\"_blank\" rel=\"noopener\">\u201cSiempre que hay discusi\u00f3n, la filosof\u00eda puede aportar algo\u201d. Entrevista a Miguel L\u00f3pez, acad\u00e9mico de la UTalca.<\/a><\/p><p>\u00a0<\/p><p><b>ENLINEAMAULE.CL<\/b><\/p><p><a style=\"font-style: inherit; font-weight: inherit; background-color: #ffffff; font-family: -apple-system, BlinkMacSystemFont,;\" href=\"https:\/\/enlineamaule.cl\/archivo\/43946\" target=\"_blank\" rel=\"noopener\">Estudiantes de la Universidad de Talca organizaron una innovadora Fiesta de la Vendimia online. Finaliz\u00f3 con una cata virtual de vino.<\/a><\/p><p>\u00a0<\/p><p><b>LADISCUSION.CL<\/b><\/p><p><a style=\"font-style: inherit; font-weight: inherit; background-color: #ffffff; font-family: -apple-system, BlinkMacSystemFont,;\" href=\"http:\/\/www.ladiscusion.cl\/conferencia-mundial-incluira-sesion-de-politica-publica-sobre-contaminacion-en\/\" target=\"_blank\" rel=\"noopener\">Conferencia mundial incluir\u00e1 sesi\u00f3n de pol\u00edtica p\u00fablica sobre contaminaci\u00f3n en Chile. Se menciona a la Facultad de Econom\u00eda y Negocios (FEN) de la UTalca.<\/a><\/p><p>\u00a0<\/p><p><b>EMOL.COM<\/b><\/p><p><a style=\"font-style: inherit; font-weight: inherit; background-color: #ffffff; font-family: -apple-system, BlinkMacSystemFont,;\" href=\"https:\/\/www.emol.com\/noticias\/Nacional\/2021\/06\/14\/1023787\/elecciones-impacto-gobernadores-presidencial.html\" target=\"_blank\" rel=\"noopener\">Los resultados en clave presidencial: Impulso a Provoste, avance del FA-PC pese a derrota y duro escenario para Chile Vamos. Se refiere Mauricio Morales, director del Centro de An\u00e1lisis Pol\u00edtico (CAP) de la UTalca.<\/a><\/p><p>\u00a0<\/p><p><b>NOSTALGICA.CL<\/b><\/p><p><a style=\"font-style: inherit; font-weight: inherit; background-color: #ffffff; font-family: -apple-system, BlinkMacSystemFont,;\" href=\"https:\/\/www.nostalgica.cl\/los-resultados-en-clave-presidencial-impulso-a-provoste-avance-del-fa-pc-pese-a-derrota-y-duro-escenario-para-chile-vamos\/\" target=\"_blank\" rel=\"noopener\">Los resultados en clave presidencial: Impulso a Provoste, avance del FA-PC pese a derrota y duro escenario para Chile Vamos. Se refiere Mauricio Morales, director del Centro de An\u00e1lisis Pol\u00edtico (CAP) de la UTalca.<\/a><\/p><p>\u00a0<\/p><p><b>EMOL.COM<\/b><\/p><p><a style=\"font-style: inherit; font-weight: inherit; background-color: #ffffff; font-family: -apple-system, BlinkMacSystemFont,;\" href=\"https:\/\/www.emol.com\/noticias\/Nacional\/2021\/06\/14\/1023785\/analisis-baja-participacion-eleccion-gobernadores.html\" target=\"_blank\" rel=\"noopener\">Menos de un 20% de participaci\u00f3n: Las razones y el impacto de la baj\u00edsima votaci\u00f3n de la segunda vuelta. Se refiere Mauricio Morales, director del Centro de An\u00e1lisis Pol\u00edtico (CAP) de la UTalca.<\/a><\/p><p>\u00a0<\/p><p><b>LATERCERA.COM<\/b><\/p><p><a style=\"font-style: inherit; font-weight: inherit; background-color: #ffffff; font-family: -apple-system, BlinkMacSystemFont,;\" href=\"https:\/\/www.latercera.com\/politica\/noticia\/en-jornada-de-baja-participacion-orrego-dc-gana-en-la-rm-y-da-duro-golpe-a-fa-pc\/XEUUGSSGEFDXXDUMK64PN4IEE4\/\" target=\"_blank\" rel=\"noopener\">En jornada de baja participaci\u00f3n, Orrego (DC) gana en la RM y da duro golpe a FA-PC. Se refiere Mauricio Morales, director del Centro de An\u00e1lisis Pol\u00edtico (CAP) de la UTalca.<\/a><\/p><p>\u00a0<\/p><p><b>RADIO INFINITA<\/b><\/p><p><a style=\"font-style: inherit; font-weight: inherit; background-color: #ffffff; font-family: -apple-system, BlinkMacSystemFont,;\" href=\"https:\/\/www.litoralpress.cl\/sitio\/RadioTV_Detalles.cshtml?LPKey=B6LFPE7PFQB7KRSFVZTCG5X22HUWYGBEHZ5R652ODCS56P4ZW6WQ\" target=\"_blank\" rel=\"noopener\">Contacto con Mauricio Morales, director del Centro de An\u00e1lisis Pol\u00edtico (CAP) de la UTalca.<\/a><\/p><p>\u00a0<\/p><p><b>ELDIARIODESANTIAGO.CL<\/b><\/p><p><a style=\"font-style: inherit; font-weight: inherit; background-color: #ffffff; font-family: -apple-system, BlinkMacSystemFont,;\" href=\"https:\/\/eldiariodesantiago.cl\/archivo\/110434\" target=\"_blank\" rel=\"noopener\">Para entender el cargo de gobernador regional. Se refieren Domingo Hern\u00e1ndez, Gonzalo Aguilar y Mauricio Morales, acad\u00e9micos de la Facultad de Ciencias Jur\u00eddicas y Sociales de la UTalca.<\/a><\/p><p>\u00a0<\/p><p><b>PAISCIRCULAR.CL<\/b><\/p><p><a style=\"font-style: inherit; font-weight: inherit; background-color: #ffffff; font-family: -apple-system, BlinkMacSystemFont,;\" href=\"https:\/\/www.paiscircular.cl\/ciudad\/podran-los-gobernadores-adoptar-politicas-de-desarrollo-sustentable-en-sus-regiones-si-pero-con-limitantes\/\" target=\"_blank\" rel=\"noopener\">\u00bfPodr\u00e1n los gobernadores implementar pol\u00edticas de desarrollo sustentable en sus regiones? S\u00ed, pero con limitantes. Se refiere Mauricio Morales, director del Centro de An\u00e1lisis Pol\u00edtico (CAP) de la UTalca.<\/a><\/p><p>\u00a0<\/p><p><b>PORTALEDUCACION.CL<\/b><\/p><p><a style=\"font-style: inherit; font-weight: inherit; background-color: #ffffff; font-family: -apple-system, BlinkMacSystemFont,;\" href=\"https:\/\/portaleducacion.cl\/index.php\/2021\/06\/14\/utalca-es-sede-virtual-en-nueva-version-del-festival-de-cine-europeo\/\" target=\"_blank\" rel=\"noopener\">UTalca es sede virtual en nueva versi\u00f3n del Festival de Cine Europeo.<\/a><\/p><p>\u00a0<\/p><p><b>MAULEE.CL<\/b><\/p><p><a style=\"font-style: inherit; font-weight: inherit; background-color: #ffffff; font-family: -apple-system, BlinkMacSystemFont,;\" href=\"https:\/\/www.maulee.cl\/utalca-es-sede-virtual-en-nueva-version-del-festival-de-cine-europeo\/\" target=\"_blank\" rel=\"noopener\">UTalca es sede virtual en nueva versi\u00f3n del Festival de Cine Europeo.<\/a><\/p><p>\u00a0<\/p><p><b>REDMAULE.COM<\/b><\/p><p><a style=\"font-style: inherit; font-weight: inherit; background-color: #ffffff; font-family: -apple-system, BlinkMacSystemFont,;\" href=\"https:\/\/www.redmaule.com\/regional\/universidad-de-talca-es-sede-virtual-en-nueva-version-del-festival-de\" target=\"_blank\" rel=\"noopener\">Universidad de Talca es sede virtual en nueva versi\u00f3n del Festival de Cine Europeo.<\/a><\/p><p>\u00a0<\/p><p><b>CHILLANONLINE.CL<\/b><\/p><p><a style=\"font-style: inherit; font-weight: inherit; background-color: #ffffff; font-family: -apple-system, BlinkMacSystemFont,;\" href=\"https:\/\/www.chillanonline.cl\/V5\/utalca-es-sede-virtual-en-nueva-version-del-festival-de-cine-europeo\/\" target=\"_blank\" rel=\"noopener\">UTalca es sede virtual en nueva versi\u00f3n del Festival de Cine Europeo.<\/a><\/p><p>\u00a0<\/p><p><b>SEXTANOTICIAS.CL<\/b><\/p><p><a style=\"font-style: inherit; font-weight: inherit; background-color: #ffffff; font-family: -apple-system, BlinkMacSystemFont,;\" href=\"https:\/\/www.sextanoticias.cl\/utalca-es-sede-virtual-en-nueva-version-del-festival-de-cine-europeo\/\" target=\"_blank\" rel=\"noopener\">UTalca es sede virtual en nueva versi\u00f3n del Festival de Cine Europeo.<\/a><\/p><p>\u00a0<\/p><p><b>DIARIO TALCA<\/b><\/p><p><a style=\"font-style: inherit; font-weight: inherit; background-color: #ffffff; font-family: -apple-system, BlinkMacSystemFont,;\" href=\"https:\/\/www.litoralpress.cl\/sitio\/Prensa_PaginaCompleta.cshtml?LPKey=BNKY5ORYMZ5G4JGGBJZNQVX2VJU5NIVGKUXPXN3M23T56B52IROQ\" target=\"_blank\" rel=\"noopener\">Ausencia en un mural. Se menciona el Centro de Documentaci\u00f3n Patrimonial del instituto de Estudios Human\u00edsticos de la UTalca.<\/a><\/p>\t\t\t\t\t\t<\/div>\n\t\t\t\t<\/div>\n\t\t\t\t\t<\/div>\n\t\t<\/div>\n\t\t\t\t\t\t\t<\/div>\n\t\t<\/section>\n\t\t\t\t\t\t<\/div>\n\t\t\t\t\t<\/div>\n\t\t","protected":false},"excerpt":{"rendered":"<p>ADPRENSA.CL UTalca lanza campa\u00f1a para reforzar el autocuidado de los j\u00f3venes en pleno peak de casos COVID. \u00a0 UNIVERSIDADESESTATALES.CL UTalca lanza campa\u00f1a para reforzar el autocuidado de los j\u00f3venes en pleno peak de casos COVID. \u00a0 ELMAULEINFORMA.CL UTalca lanza campa\u00f1a para reforzar el autocuidado de los j\u00f3venes en pleno peak de casos COVID. \u00a0 FUTURAFM.CL &hellip;<\/p>\n<p class=\"read-more\"> <a class=\"\" href=\"https:\/\/www.reportedeprensa.utalca.cl\/?p=1231\"> <span class=\"screen-reader-text\">15 de junio de 2021<\/span> Read More &raquo;<\/a><\/p>\n","protected":false},"author":1,"featured_media":0,"comment_status":"closed","ping_status":"open","sticky":false,"template":"elementor_theme","format":"standard","meta":{"_monsterinsights_skip_tracking":false,"_monsterinsights_sitenote_active":false,"_monsterinsights_sitenote_note":"","_monsterinsights_sitenote_category":0},"categories":[9],"tags":[],"_links":{"self":[{"href":"https:\/\/www.reportedeprensa.utalca.cl\/index.php?rest_route=\/wp\/v2\/posts\/1231"}],"collection":[{"href":"https:\/\/www.reportedeprensa.utalca.cl\/index.php?rest_route=\/wp\/v2\/posts"}],"about":[{"href":"https:\/\/www.reportedeprensa.utalca.cl\/index.php?rest_route=\/wp\/v2\/types\/post"}],"author":[{"embeddable":true,"href":"https:\/\/www.reportedeprensa.utalca.cl\/index.php?rest_route=\/wp\/v2\/users\/1"}],"replies":[{"embeddable":true,"href":"https:\/\/www.reportedeprensa.utalca.cl\/index.php?rest_route=%2Fwp%2Fv2%2Fcomments&post=1231"}],"version-history":[{"count":4,"href":"https:\/\/www.reportedeprensa.utalca.cl\/index.php?rest_route=\/wp\/v2\/posts\/1231\/revisions"}],"predecessor-version":[{"id":1235,"href":"https:\/\/www.reportedeprensa.utalca.cl\/index.php?rest_route=\/wp\/v2\/posts\/1231\/revisions\/1235"}],"wp:attachment":[{"href":"https:\/\/www.reportedeprensa.utalca.cl\/index.php?rest_route=%2Fwp%2Fv2%2Fmedia&parent=1231"}],"wp:term":[{"taxonomy":"category","embeddable":true,"href":"https:\/\/www.reportedeprensa.utalca.cl\/index.php?rest_route=%2Fwp%2Fv2%2Fcategories&post=1231"},{"taxonomy":"post_tag","embeddable":true,"href":"https:\/\/www.reportedeprensa.utalca.cl\/index.php?rest_route=%2Fwp%2Fv2%2Ftags&post=1231"}],"curies":[{"name":"wp","href":"https:\/\/api.w.org\/{rel}","templated":true}]}}