{"id":1244,"date":"2021-06-16T09:30:28","date_gmt":"2021-06-16T12:30:28","guid":{"rendered":"https:\/\/www.reportedeprensa.utalca.cl\/?p=1244"},"modified":"2021-06-16T09:48:42","modified_gmt":"2021-06-16T12:48:42","slug":"16-de-junio-de-2021","status":"publish","type":"post","link":"https:\/\/www.reportedeprensa.utalca.cl\/?p=1244","title":{"rendered":"16 de junio de 2021"},"content":{"rendered":"\t\t<div data-elementor-type=\"wp-post\" data-elementor-id=\"1244\" class=\"elementor elementor-1244\" data-elementor-settings=\"[]\">\n\t\t\t\t\t\t\t<div class=\"elementor-section-wrap\">\n\t\t\t\t\t\t\t<section class=\"elementor-section elementor-top-section elementor-element elementor-element-a06ca45 elementor-section-boxed elementor-section-height-default elementor-section-height-default\" data-id=\"a06ca45\" data-element_type=\"section\">\n\t\t\t\t\t\t<div class=\"elementor-container elementor-column-gap-default\">\n\t\t\t\t\t<div class=\"elementor-column elementor-col-100 elementor-top-column elementor-element elementor-element-1486c35\" data-id=\"1486c35\" data-element_type=\"column\">\n\t\t\t<div class=\"elementor-widget-wrap elementor-element-populated\">\n\t\t\t\t\t\t\t\t<div class=\"elementor-element elementor-element-42b145e elementor-widget elementor-widget-text-editor\" data-id=\"42b145e\" data-element_type=\"widget\" data-widget_type=\"text-editor.default\">\n\t\t\t\t<div class=\"elementor-widget-container\">\n\t\t\t\t\t\t\t\t<p><b>ADPRENSA.CL<\/b><\/p><p><a style=\"font-style: inherit; font-weight: inherit; background-color: #ffffff; font-family: -apple-system, BlinkMacSystemFont,;\" href=\"https:\/\/www.adprensa.cl\/cronica\/covid-19-jornada-de-vacunacion-en-la-universidad-de-talca\/\" target=\"_blank\" rel=\"noopener\">COVID-19: Jornada de vacunaci\u00f3n en la Universidad de Talca.<\/a><\/p><p>\u00a0<\/p><p><b>VGRAFICO.CL<\/b><\/p><p><a style=\"font-style: inherit; font-weight: inherit; background-color: #ffffff; font-family: -apple-system, BlinkMacSystemFont,;\" href=\"https:\/\/vgrafico.cl\/2021\/06\/14\/lanzan-campana\/#comments\" target=\"_blank\" rel=\"noopener\">Lanzan campa\u00f1a para reforzar el autocuidado de los j\u00f3venes en pleno peak de casos COVID. Se refiere Paula Caballero, directora del Equipo de Coordinaci\u00f3n Institucional COVID-19 y Liliana Guzm\u00e1n, directora de Comunicaciones Corporativas de la UTalca.<\/a><\/p><p>\u00a0<\/p><p><b>LA PRENSA<\/b><\/p><p><a style=\"font-style: inherit; font-weight: inherit; background-color: #ffffff; font-family: -apple-system, BlinkMacSystemFont,;\" href=\"https:\/\/www.litoralpress.cl\/paginaconsultas\/Servicios_NClip\/Get_Imagen_Nota.aspx?LPKey=UDEKC7SNSSFV4KOIGFIPBIDVM555CGDS2CP5HXACONVAQUJRPRT2NOPXLULFWAWJD5S3QHT5EZHSQ\" target=\"_blank\" rel=\"noopener\">Motivan a j\u00f3venes para que se sumen a campa\u00f1a. Se refiere Isabel Hern\u00e1ndez, secretaria general de la UTalca.<\/a><\/p><p>\u00a0<\/p><p><b>DIARIOLAPRENSA.CL<\/b><\/p><p><a style=\"font-style: inherit; font-weight: inherit; background-color: #ffffff; font-family: -apple-system, BlinkMacSystemFont,;\" href=\"https:\/\/new.diariolaprensa.cl\/index.php\/2021\/06\/15\/motivan-a-jovenes-para-que-se-sumen-a-campana\/\" target=\"_blank\" rel=\"noopener\">Motivan a j\u00f3venes para que se sumen a campa\u00f1a. Se refiere Isabel Hern\u00e1ndez, secretaria general de la UTalca.<\/a><\/p><p>\u00a0<\/p><p><b>RADIOAGRICULTURA.CL<\/b><\/p><p><a style=\"font-style: inherit; font-weight: inherit; background-color: #ffffff; font-family: -apple-system, BlinkMacSystemFont,;\" href=\"https:\/\/www.radioagricultura.cl\/nacional\/2021\/06\/14\/gobierno-del-maule-reforzo-llamado-para-que-jovenes-se-sumen-a-campana-de-vacunacion.html\" target=\"_blank\" rel=\"noopener\">Gobierno del Maule reforz\u00f3 llamado para que j\u00f3venes se sumen a campa\u00f1a de vacunaci\u00f3n. Se refiere Isabel Hern\u00e1ndez, secretaria general de la UTalca.<\/a><\/p><p>\u00a0<\/p><p><b>EL HERALDO<\/b><\/p><p><a style=\"font-style: inherit; font-weight: inherit; background-color: #ffffff; font-family: -apple-system, BlinkMacSystemFont,;\" href=\"https:\/\/www.litoralpress.cl\/paginaconsultas\/Servicios_NClip\/Get_Imagen_Nota.aspx?LPKey=MVIMEINRH5ZL5LT642U6NJOTC5XNOKNFLDIYCD3DNBAONKGBLG5QA63RZS25RSNCQ7BCTBHEZP46W\" target=\"_blank\" rel=\"noopener\">Gobierno del Maule reforz\u00f3 llamado para que j\u00f3venes se sumen a campa\u00f1a de vacunaci\u00f3n. Se menciona a la UTalca.<\/a><\/p><p>\u00a0<\/p><p><b>DIARIOELHERALDO.CL<\/b><\/p><p><a style=\"font-style: inherit; font-weight: inherit; background-color: #ffffff; font-family: -apple-system, BlinkMacSystemFont,;\" href=\"http:\/\/www.diarioelheraldo.cl\/noticia\/gobierno-del-maule-reforzo-llamado-para-que-jovenes-se-sumen-a-campana-de-vacunacion\" target=\"_blank\" rel=\"noopener\">Gobierno del Maule reforz\u00f3 llamado para que j\u00f3venes se sumen a campa\u00f1a de vacunaci\u00f3n. Se menciona a la UTalca.<\/a><\/p><p>\u00a0<\/p><p><b>TVMAULE.CL<\/b><\/p><p><a style=\"font-style: inherit; font-weight: inherit; background-color: #ffffff; font-family: -apple-system, BlinkMacSystemFont,;\" href=\"https:\/\/www.tvmaule.cl\/llaman-a-los-jovenes-a-sumarse-a-la-campana-de-vacunacion\/\" target=\"_blank\" rel=\"noopener\">Gobierno del Maule reforz\u00f3 llamado para que j\u00f3venes se sumen a campa\u00f1a de vacunaci\u00f3n. Se menciona a la UTalca.<\/a><\/p><p>\u00a0<\/p><p><b>CENTROSURNOTICIAS.CL<\/b><\/p><p><a style=\"font-style: inherit; font-weight: inherit; background-color: #ffffff; font-family: -apple-system, BlinkMacSystemFont,;\" href=\"https:\/\/centrosurnoticias.cl\/gobierno-del-maule-reforzo-llamado-para-que-jovenes-se-sumen-a-campana-de-vacunacion\/\" target=\"_blank\" rel=\"noopener\">Gobierno del Maule reforz\u00f3 llamado para que j\u00f3venes se sumen a campa\u00f1a de vacunaci\u00f3n. Se menciona a la UTalca.<\/a><\/p><p>\u00a0<\/p><p><b>ELALFA.CL<\/b><\/p><p><a style=\"font-style: inherit; font-weight: inherit; background-color: #ffffff; font-family: -apple-system, BlinkMacSystemFont,;\" href=\"https:\/\/elalfa.cl\/index.php\/2021\/06\/14\/autoridades-refuerzan-llamado-para-que-jovenes-se-sumen-a-campana-de-vacunacion\/\" target=\"_blank\" rel=\"noopener\">Autoridades refuerzan llamado para que j\u00f3venes se sumen a campa\u00f1a de vacunaci\u00f3n. Se refiere Isabel Hern\u00e1ndez, secretaria general de la UTalca.<\/a><\/p><p>\u00a0<\/p><p><b>AUREGIONALES.CL<\/b><\/p><p><a style=\"font-style: inherit; font-weight: inherit; background-color: #ffffff; font-family: -apple-system, BlinkMacSystemFont,;\" href=\"https:\/\/www.auregionales.cl\/2021\/06\/15\/editoriales-universitarias-regionales-ponen-en-marcha-www-ediur-cl\/\" target=\"_blank\" rel=\"noopener\">Editoriales universitarias regionales ponen en marcha www.ediur.cl. Se menciona a la UTalca.<\/a><\/p><p>\u00a0<\/p><p><b>G5NOTICIAS.CL<\/b><\/p><p><a style=\"font-style: inherit; font-weight: inherit; background-color: #ffffff; font-family: -apple-system, BlinkMacSystemFont,;\" href=\"https:\/\/g5noticias.cl\/2021\/06\/15\/editoriales-universitarias-regionales-ponen-en-marcha-www-ediur-cl\/\" target=\"_blank\" rel=\"noopener\">Editoriales universitarias regionales ponen en marcha www.ediur.cl. Se menciona a la UTalca.<\/a><\/p><p>\u00a0<\/p><p><b>LA PRENSA<\/b><\/p><p><a style=\"font-style: inherit; font-weight: inherit; background-color: #ffffff; font-family: -apple-system, BlinkMacSystemFont,;\" href=\"https:\/\/www.litoralpress.cl\/paginaconsultas\/Servicios_NClip\/Get_Imagen_Nota.aspx?LPKey=RCTYQIEYIAQT6OX52N62X7YGYTN5VB4N3UJMO3VZFWUQDW7MR43LA4HCEJ4EWSDEBRLTVJOLEE7CC\" target=\"_blank\" rel=\"noopener\">Crisis migratoria: 52,7% de encuestados cree que afecta la seguridad ciudadana y sanitaria del pa\u00eds. Se refiere Medardo Aguirre, director del Centro Nacional de Estudios Migratorios (CENEM) de la UTalca.<\/a><\/p><p>\u00a0<\/p><p><b>DIARIOLAPRENSA.CL<\/b><\/p><p><a style=\"font-style: inherit; font-weight: inherit; background-color: #ffffff; font-family: -apple-system, BlinkMacSystemFont,;\" href=\"https:\/\/new.diariolaprensa.cl\/index.php\/2021\/06\/15\/crisis-migratoria-527-de-encuestados-cree-que-afecta-la-seguridad-ciudadana-y-sanitaria-del-pais\/\" target=\"_blank\" rel=\"noopener\">Crisis migratoria: 52,7% de encuestados cree que afecta la seguridad ciudadana y sanitaria del pa\u00eds. Se refiere Medardo Aguirre, director del Centro Nacional de Estudios Migratorios (CENEM) de la UTalca.<\/a><\/p><p>\u00a0<\/p><p><b>ELMOSTRADOR.CL<\/b><\/p><p><a style=\"font-style: inherit; font-weight: inherit; background-color: #ffffff; font-family: -apple-system, BlinkMacSystemFont,;\" href=\"https:\/\/www.elmostrador.cl\/noticias\/opinion\/columnas\/2021\/06\/15\/retos-presupuestarios-en-salud-pospandemia\/\" target=\"_blank\" rel=\"noopener\">Retos presupuestarios en salud pospandemia, columna de opini\u00f3n de Sandra Alvear, directora del Mag\u00edster en Gesti\u00f3n de Sistemas de Salud de la Facultad de Econom\u00eda y Negocios (FEN) de la UTalca.<\/a><\/p><p>\u00a0<\/p><p><b>RADIO VLN<\/b><\/p><p><a style=\"font-style: inherit; font-weight: inherit; background-color: #ffffff; font-family: -apple-system, BlinkMacSystemFont,;\" href=\"https:\/\/www.litoralpress.cl\/sitio\/RadioTV_Detalles.cshtml?LPKey=PLI33YGKIKPGXL5W6KLM7G6AUDNMNQXGG2VDGWXC7DXSFSQPOWFQ\" target=\"_blank\" rel=\"noopener\">Entrevista a Patricio Gonz\u00e1lez, agroclimat\u00f3logo de la UTalca.<\/a><\/p><p>\u00a0<\/p><p><b>LA DISCUSI\u00d3N<\/b><\/p><p><a style=\"font-style: inherit; font-weight: inherit; background-color: #ffffff; font-family: -apple-system, BlinkMacSystemFont,;\" href=\"https:\/\/www.litoralpress.cl\/paginaconsultas\/Servicios_NClip\/Get_Imagen_Nota.aspx?LPKey=ZWTXHZ4PBXJPBUDZAVHNOBTHCAJC2ERHKYC46VR47POJJCKUSEWNZSSTFJSA265CAM7QZJ47DU7NI\" target=\"_blank\" rel=\"noopener\">Conferencia analizar\u00e1 la contaminaci\u00f3n del aire y transici\u00f3n energ\u00e9tica en Chile. Se menciona a la Facultad de Econom\u00eda y Negocios (FEN) de la UTalca.<\/a><\/p><p>\u00a0<\/p><p><b>PORTALEDUCACION.CL<\/b><\/p><p><a style=\"font-style: inherit; font-weight: inherit; background-color: #ffffff; font-family: -apple-system, BlinkMacSystemFont,;\" href=\"https:\/\/portaleducacion.cl\/index.php\/2021\/06\/15\/escolares-podran-participar-en-investigaciones-junto-cientificas\/\" target=\"_blank\" rel=\"noopener\">Escolares podr\u00e1n participar en investigaciones junto cient\u00edficas. Se refiere Iv\u00e1n Coydan, director de Vinculaci\u00f3n con el Medio y Mar\u00eda del Pilar Caramant\u00edn, acad\u00e9mica de la UTalca y asesora cient\u00edfica de Explora Maule.<\/a><\/p><p>\u00a0<\/p><p><b>ELMAULEINFORMA.CL<\/b><\/p><p><a style=\"font-style: inherit; font-weight: inherit; background-color: #ffffff; font-family: -apple-system, BlinkMacSystemFont,;\" href=\"https:\/\/elmauleinforma.cl\/minagri-lanza-programa-nacional-para-el-fomento-de-la-agricultura-4-0\/\" target=\"_blank\" rel=\"noopener\">Minagri lanza Programa Nacional para el Fomento de la Agricultura 4.0. Se refiere Jos\u00e9 Antonio Reyes, director ejecutivo de Thinkagro- UTalca.<\/a><\/p><p>\u00a0<\/p><p><b>LAKALLE.CL<\/b><\/p><p><a style=\"font-style: inherit; font-weight: inherit; background-color: #ffffff; font-family: -apple-system, BlinkMacSystemFont,;\" href=\"https:\/\/lakalle.cl\/contenido\/4911\/minagri-lanza-programa-nacional-para-el-fomento-de-la-agricultura-40\" target=\"_blank\" rel=\"noopener\">Minagri lanza Programa Nacional para el Fomento de la Agricultura 4.0. Se refiere Jos\u00e9 Antonio Reyes, director ejecutivo de Thinkagro- UTalca.<\/a><\/p><p>\u00a0<\/p><p><b>TOURINNOVACION.CL<\/b><\/p><p><a style=\"font-style: inherit; font-weight: inherit; background-color: #ffffff; font-family: -apple-system, BlinkMacSystemFont,;\" href=\"https:\/\/www.tourinnovacion.cl\/agricultura\/programa-nacional-para-fomento-de-agricultura\/\" target=\"_blank\" rel=\"noopener\">Programa Nacional para el Fomento de la Agricultura 4.0. Se refiere Jos\u00e9 Antonio Reyes, director ejecutivo de Thinkagro- UTalca.<\/a><\/p><p>\u00a0<\/p><p><b>LA SEGUNDA<\/b><\/p><p><a style=\"font-style: inherit; font-weight: inherit; background-color: #ffffff; font-family: -apple-system, BlinkMacSystemFont,;\" href=\"https:\/\/www.litoralpress.cl\/sitio\/Prensa_PaginaCompleta.cshtml?LPKey=SFMOBQKK4EGBA4OQAE6KPNNYHSNTRSY4PQNU2KKZW4DL2UNBMKAA\" target=\"_blank\" rel=\"noopener\">Lista de Pueblo \u00abbusca candidato\u00bb a La Moneda. Se refiere Mauricio Morales, director del Centro de An\u00e1lisis Pol\u00edtico (CAP) de la UTalca.<\/a><\/p><p>\u00a0<\/p><p><b>RADIO AGRICULTURA<\/b><\/p><p><a style=\"font-style: inherit; font-weight: inherit; background-color: #ffffff; font-family: -apple-system, BlinkMacSystemFont,;\" href=\"https:\/\/www.litoralpress.cl\/sitio\/RadioTV_Detalles.cshtml?LPKey=I7VPYE3DQJB75AFEAQKMU4CWU3NUJBC5J4DDCCAYQGIVD7JSXWIA\" target=\"_blank\" rel=\"noopener\">El gran desaf\u00edo electoral para el oficialismo y oposici\u00f3n de cara a las primarias. Se refiere Mauricio Morales, director del Centro de An\u00e1lisis Pol\u00edtico (CAP) de la UTalca.<\/a><\/p><p>\u00a0<\/p><p><b>24HORAS.CL<\/b><\/p><p><a style=\"font-style: inherit; font-weight: inherit; background-color: #ffffff; font-family: -apple-system, BlinkMacSystemFont,;\" href=\"https:\/\/www.24horas.cl\/programas\/entrevistas\/cientista-politico-por-eleccion-de-gobernadores-cuando-la-gente-no-esta-informada-prefiere-abstenerse-4825248\" target=\"_blank\" rel=\"noopener\">Cientista pol\u00edtico por elecci\u00f3n de gobernadores: &#8220;Cuando la gente no est\u00e1 informada prefiere abstenerse&#8221;. Se refiere Mauricio Morales, director del Centro de An\u00e1lisis Pol\u00edtico (CAP) de la UTalca.<\/a><\/p><p>\u00a0<\/p><p><b>EX\u2013ANTE.CL<\/b><\/p><p><a style=\"font-style: inherit; font-weight: inherit; background-color: #ffffff; font-family: -apple-system, BlinkMacSystemFont,;\" href=\"https:\/\/www.ex-ante.cl\/mauricio-morales-analista-politico-la-experiencia-que-deja-la-campana-de-oliva-es-que-la-polarizacion-es-un-arma-de-doble-filo\/\" target=\"_blank\" rel=\"noopener\">Mauricio Morales, experto electoral: \u201cLa experiencia que deja la campa\u00f1a de Oliva es que la polarizaci\u00f3n es un arma de doble filo\u201d.<\/a><\/p><p>\u00a0<\/p><p><b>DIALOGOSUR.CL<\/b><\/p><p><a style=\"font-style: inherit; font-weight: inherit; background-color: #ffffff; font-family: -apple-system, BlinkMacSystemFont,;\" href=\"https:\/\/dialogosur.cl\/la-derecha-chilena-en-su-peor-momento-gano-apenas-1-de-16-gobernaciones-y-hay-un-fuerte-debate-interno-sobre-su-futuro\/\" target=\"_blank\" rel=\"noopener\">La derecha chilena, en su peor momento: gan\u00f3 apenas 1 de 16 gobernaciones y hay un fuerte debate interno sobre su futuro. Se refiere Mauricio Morales, director del Centro de An\u00e1lisis Pol\u00edtico (CAP) de la UTalca.<\/a><\/p><p>\u00a0<\/p><p><b>ELREPORTERODEIQUIQUE.COM<\/b><\/p><p><a style=\"font-style: inherit; font-weight: inherit; background-color: #ffffff; font-family: -apple-system, BlinkMacSystemFont,;\" href=\"https:\/\/elreporterodeiquique.com\/menos-de-un-20-de-participacion-las-razones-y-el-impacto-de-la-bajisima-votacion-de-la-segunda-vuelta\/\" target=\"_blank\" rel=\"noopener\">Menos de un 20% de participaci\u00f3n: Las razones y el impacto de la baj\u00edsima votaci\u00f3n de la segunda vuelta. Se refiere Mauricio Morales, director del Centro de An\u00e1lisis Pol\u00edtico (CAP) de la UTalca.<\/a><\/p><p>\u00a0<\/p><p><b>RADIORTL.CL<\/b><\/p><p><a style=\"font-style: inherit; font-weight: inherit; background-color: #ffffff; font-family: -apple-system, BlinkMacSystemFont,;\" href=\"https:\/\/radiortl.cl\/2021\/06\/14\/utalca-es-sede-virtual-en-nueva-version-del-festival-de-cine-europeo\/\" target=\"_blank\" rel=\"noopener\">UTalca es sede virtual en nueva versi\u00f3n del Festival de Cine Europeo.<\/a><\/p>\t\t\t\t\t\t<\/div>\n\t\t\t\t<\/div>\n\t\t\t\t\t<\/div>\n\t\t<\/div>\n\t\t\t\t\t\t\t<\/div>\n\t\t<\/section>\n\t\t\t\t\t\t<\/div>\n\t\t\t\t\t<\/div>\n\t\t","protected":false},"excerpt":{"rendered":"<p>ADPRENSA.CL COVID-19: Jornada de vacunaci\u00f3n en la Universidad de Talca. \u00a0 VGRAFICO.CL Lanzan campa\u00f1a para reforzar el autocuidado de los j\u00f3venes en pleno peak de casos COVID. Se refiere Paula Caballero, directora del Equipo de Coordinaci\u00f3n Institucional COVID-19 y Liliana Guzm\u00e1n, directora de Comunicaciones Corporativas de la UTalca. \u00a0 LA PRENSA Motivan a j\u00f3venes para &hellip;<\/p>\n<p class=\"read-more\"> <a class=\"\" href=\"https:\/\/www.reportedeprensa.utalca.cl\/?p=1244\"> <span class=\"screen-reader-text\">16 de junio de 2021<\/span> Read More &raquo;<\/a><\/p>\n","protected":false},"author":1,"featured_media":0,"comment_status":"closed","ping_status":"open","sticky":false,"template":"elementor_theme","format":"standard","meta":{"_monsterinsights_skip_tracking":false,"_monsterinsights_sitenote_active":false,"_monsterinsights_sitenote_note":"","_monsterinsights_sitenote_category":0},"categories":[9],"tags":[],"_links":{"self":[{"href":"https:\/\/www.reportedeprensa.utalca.cl\/index.php?rest_route=\/wp\/v2\/posts\/1244"}],"collection":[{"href":"https:\/\/www.reportedeprensa.utalca.cl\/index.php?rest_route=\/wp\/v2\/posts"}],"about":[{"href":"https:\/\/www.reportedeprensa.utalca.cl\/index.php?rest_route=\/wp\/v2\/types\/post"}],"author":[{"embeddable":true,"href":"https:\/\/www.reportedeprensa.utalca.cl\/index.php?rest_route=\/wp\/v2\/users\/1"}],"replies":[{"embeddable":true,"href":"https:\/\/www.reportedeprensa.utalca.cl\/index.php?rest_route=%2Fwp%2Fv2%2Fcomments&post=1244"}],"version-history":[{"count":4,"href":"https:\/\/www.reportedeprensa.utalca.cl\/index.php?rest_route=\/wp\/v2\/posts\/1244\/revisions"}],"predecessor-version":[{"id":1248,"href":"https:\/\/www.reportedeprensa.utalca.cl\/index.php?rest_route=\/wp\/v2\/posts\/1244\/revisions\/1248"}],"wp:attachment":[{"href":"https:\/\/www.reportedeprensa.utalca.cl\/index.php?rest_route=%2Fwp%2Fv2%2Fmedia&parent=1244"}],"wp:term":[{"taxonomy":"category","embeddable":true,"href":"https:\/\/www.reportedeprensa.utalca.cl\/index.php?rest_route=%2Fwp%2Fv2%2Fcategories&post=1244"},{"taxonomy":"post_tag","embeddable":true,"href":"https:\/\/www.reportedeprensa.utalca.cl\/index.php?rest_route=%2Fwp%2Fv2%2Ftags&post=1244"}],"curies":[{"name":"wp","href":"https:\/\/api.w.org\/{rel}","templated":true}]}}