{"id":12441,"date":"2025-08-28T13:17:14","date_gmt":"2025-08-28T16:17:14","guid":{"rendered":"https:\/\/www.reportedeprensa.utalca.cl\/?p=12441"},"modified":"2025-08-28T13:21:21","modified_gmt":"2025-08-28T16:21:21","slug":"28-de-agosto-2025","status":"publish","type":"post","link":"https:\/\/www.reportedeprensa.utalca.cl\/?p=12441","title":{"rendered":"28 de agosto 2025"},"content":{"rendered":"\t\t<div data-elementor-type=\"wp-post\" data-elementor-id=\"12441\" class=\"elementor elementor-12441\" data-elementor-settings=\"[]\">\n\t\t\t\t\t\t\t<div class=\"elementor-section-wrap\">\n\t\t\t\t\t\t\t<section class=\"elementor-section elementor-top-section elementor-element elementor-element-bcea1a8 elementor-section-boxed elementor-section-height-default elementor-section-height-default\" data-id=\"bcea1a8\" data-element_type=\"section\">\n\t\t\t\t\t\t<div class=\"elementor-container elementor-column-gap-default\">\n\t\t\t\t\t<div class=\"elementor-column elementor-col-100 elementor-top-column elementor-element elementor-element-e7183bf\" data-id=\"e7183bf\" data-element_type=\"column\">\n\t\t\t<div class=\"elementor-widget-wrap elementor-element-populated\">\n\t\t\t\t\t\t\t\t<div class=\"elementor-element elementor-element-b3b46d3 elementor-widget elementor-widget-text-editor\" data-id=\"b3b46d3\" data-element_type=\"widget\" data-widget_type=\"text-editor.default\">\n\t\t\t\t<div class=\"elementor-widget-container\">\n\t\t\t\t\t\t\t\t<div class=\"x_elementToProof\"><b data-olk-copy-source=\"MessageBody\">REPORTE AGR\u00cdCOLA<\/b><br \/><a id=\"OWA78391d34-8e04-185d-9d37-fc601dfba8d5\" class=\"x_OWAAutoLink\" title=\"https:\/\/www.reporteagricola.cl\/noticia\/noticias\/2025\/08\/investigacion-que-busca-recuperar-suelos-danados-representara-a-chile-en-la-cop30\" href=\"https:\/\/www.reporteagricola.cl\/noticia\/noticias\/2025\/08\/investigacion-que-busca-recuperar-suelos-danados-representara-a-chile-en-la-cop30\" target=\"_blank\" rel=\"noopener noreferrer\" data-auth=\"NotApplicable\" data-linkindex=\"0\">Investigaci\u00f3n que busca recuperar suelos da\u00f1ados representar\u00e1 a Chile en la COP30. Se refiere Carlos Torres Fuchslocher, rector y Andrea Barrera Valenzuela, acad\u00e9mica del Departamento de Microbiolog\u00eda.<\/a><\/div><div>\u00a0<\/div><div class=\"x_elementToProof\"><b>CU\u00c1L ES TU HUELLA<\/b><br \/><a id=\"OWAcdb8e368-5fa1-9686-86a9-3960f8b08ded\" class=\"x_OWAAutoLink\" title=\"https:\/\/www.cualestuhuella.cl\/noticia\/noticias\/2025\/08\/investigacion-que-busca-recuperar-suelos-danados-representara-a-chile-en-la-cop30\" href=\"https:\/\/www.cualestuhuella.cl\/noticia\/noticias\/2025\/08\/investigacion-que-busca-recuperar-suelos-danados-representara-a-chile-en-la-cop30\" target=\"_blank\" rel=\"noopener noreferrer\" data-auth=\"NotApplicable\" data-linkindex=\"1\">Investigaci\u00f3n que busca recuperar suelos da\u00f1ados representar\u00e1 a Chile en la COP30. Se refiere Carlos Torres Fuchslocher, rector y Andrea Barrera Valenzuela, acad\u00e9mica del Departamento de Microbiolog\u00eda.<\/a><\/div><div>\u00a0<\/div><div class=\"x_elementToProof\"><b>RADIO ANCOA<\/b><br \/><a id=\"OWA4b65b0b6-3b2a-6b55-e7bb-0b9b46f9f935\" class=\"x_OWAAutoLink\" title=\"https:\/\/www.radioancoa.cl\/categoria\/local\/proyecto-utalca-busca-recuperar-suelos-danados-representara-chile-cop30\" href=\"https:\/\/www.radioancoa.cl\/categoria\/local\/proyecto-utalca-busca-recuperar-suelos-danados-representara-chile-cop30\" target=\"_blank\" rel=\"noopener noreferrer\" data-auth=\"NotApplicable\" data-linkindex=\"2\">Proyecto de la UTalca que busca recuperar suelos da\u00f1ados representar\u00e1 a Chile en la COP30. Se refiere Carlos Torres Fuchslocher, rector y Andrea Barrera Valenzuela, acad\u00e9mica del Departamento de Microbiolog\u00eda.<\/a><\/div><div>\u00a0<\/div><div class=\"x_elementToProof\"><b>ANALIZA MAULE<\/b><br \/><a id=\"OWA07f1bf22-ea69-2af4-2240-edbd481665bf\" class=\"x_OWAAutoLink\" title=\"https:\/\/analizamaule.cl\/investigacion-que-busca-recuperar-suelos-danados-representara-a-chile-en-la-cop30\/\" href=\"https:\/\/analizamaule.cl\/investigacion-que-busca-recuperar-suelos-danados-representara-a-chile-en-la-cop30\/\" target=\"_blank\" rel=\"noopener noreferrer\" data-auth=\"NotApplicable\" data-linkindex=\"3\">Investigaci\u00f3n que busca recuperar suelos da\u00f1ados representar\u00e1 a Chile en la COP30. Se refiere Carlos Torres Fuchslocher, rector y Andrea Barrera Valenzuela, acad\u00e9mica del Departamento de Microbiolog\u00eda.<\/a><\/div><div>\u00a0<\/div><div class=\"x_elementToProof\"><b>MEDIABANCO<\/b><br \/><a id=\"OWA52032fd7-5b42-e675-b341-c53ff9073662\" class=\"x_OWAAutoLink\" title=\"https:\/\/www.mediabanco.com\/investigacion-que-busca-recuperar-suelos-danados-representara-a-chile-en-la-cop30\/\" href=\"https:\/\/www.mediabanco.com\/investigacion-que-busca-recuperar-suelos-danados-representara-a-chile-en-la-cop30\/\" target=\"_blank\" rel=\"noopener noreferrer\" data-auth=\"NotApplicable\" data-linkindex=\"4\">Investigaci\u00f3n que busca recuperar suelos da\u00f1ados representar\u00e1 a Chile en la COP30. Se refiere Carlos Torres Fuchslocher, rector y Andrea Barrera Valenzuela, acad\u00e9mica del Departamento de Microbiolog\u00eda.<\/a><\/div><div>\u00a0<\/div><div class=\"x_elementToProof\"><b>RADIO MAULE SUR<\/b><br \/><a id=\"OWAc98ad1ca-ba25-8ab9-a612-cb23fbefc2e6\" class=\"x_OWAAutoLink\" title=\"https:\/\/www.radiomaulesur.cl\/2025\/08\/investigacion-de-la-utal-que-busca.html\" href=\"https:\/\/www.radiomaulesur.cl\/2025\/08\/investigacion-de-la-utal-que-busca.html\" target=\"_blank\" rel=\"noopener noreferrer\" data-auth=\"NotApplicable\" data-linkindex=\"5\">Investigaci\u00f3n que busca recuperar suelos da\u00f1ados representar\u00e1 a Chile en la COP30. Se refiere Carlos Torres Fuchslocher, rector y Andrea Barrera Valenzuela, acad\u00e9mica del Departamento de Microbiolog\u00eda.<\/a><\/div><div>\u00a0<\/div><div class=\"x_elementToProof\"><b>DIARIOS EN RED<\/b><br \/><a id=\"OWAd72cda00-809e-ad9b-5c2d-e411c3344db7\" class=\"x_OWAAutoLink\" title=\"https:\/\/www.diariosenred.com\/investigacion-que-busca-recuperar-suelos-danados-representara-a-chile-en-la\" href=\"https:\/\/www.diariosenred.com\/investigacion-que-busca-recuperar-suelos-danados-representara-a-chile-en-la\" target=\"_blank\" rel=\"noopener noreferrer\" data-auth=\"NotApplicable\" data-linkindex=\"6\">Investigaci\u00f3n que busca recuperar suelos da\u00f1ados representar\u00e1 a Chile en la COP30. Se refiere Carlos Torres Fuchslocher, rector y Andrea Barrera Valenzuela, acad\u00e9mica del Departamento de Microbiolog\u00eda.<\/a><\/div><div>\u00a0<\/div><div class=\"x_elementToProof\"><b>RED MAULE<\/b><br \/><a id=\"OWAd4ba58f6-05c9-82f4-3806-4d9e62bb44ff\" class=\"x_OWAAutoLink\" title=\"https:\/\/www.redmaule.com\/investigacion-que-busca-recuperar-suelos-danados-representara-a-chile-en-la\" href=\"https:\/\/www.redmaule.com\/investigacion-que-busca-recuperar-suelos-danados-representara-a-chile-en-la\" target=\"_blank\" rel=\"noopener noreferrer\" data-auth=\"NotApplicable\" data-linkindex=\"7\">Investigaci\u00f3n que busca recuperar suelos da\u00f1ados representar\u00e1 a Chile en la COP30. Se refiere Carlos Torres Fuchslocher, rector y Andrea Barrera Valenzuela, acad\u00e9mica del Departamento de Microbiolog\u00eda.<\/a><\/div><div>\u00a0<\/div><div class=\"x_elementToProof\"><b>RED \u00c1RICA<\/b><br \/><a id=\"OWA8af9caca-fe23-5f51-a0f6-ef4ce7fee601\" class=\"x_OWAAutoLink\" title=\"https:\/\/www.redarica.com\/investigacion-que-busca-recuperar-suelos-danados-representara-a-chile-en-la\" href=\"https:\/\/www.redarica.com\/investigacion-que-busca-recuperar-suelos-danados-representara-a-chile-en-la\" target=\"_blank\" rel=\"noopener noreferrer\" data-auth=\"NotApplicable\" data-linkindex=\"8\">Investigaci\u00f3n que busca recuperar suelos da\u00f1ados representar\u00e1 a Chile en la COP30. Se refiere Carlos Torres Fuchslocher, rector y Andrea Barrera Valenzuela, acad\u00e9mica del Departamento de Microbiolog\u00eda.<\/a><\/div><div>\u00a0<\/div><div class=\"x_elementToProof\"><b>RED VALPARA\u00cdSO<\/b><br \/><a id=\"OWAc0171dc2-2003-53ca-05c2-e37ed4817e81\" class=\"x_OWAAutoLink\" title=\"https:\/\/www.redvalparaiso.com\/investigacion-que-busca-recuperar-suelos-danados-representara-a-chile-en-la\" href=\"https:\/\/www.redvalparaiso.com\/investigacion-que-busca-recuperar-suelos-danados-representara-a-chile-en-la\" target=\"_blank\" rel=\"noopener noreferrer\" data-auth=\"NotApplicable\" data-linkindex=\"9\">Investigaci\u00f3n que busca recuperar suelos da\u00f1ados representar\u00e1 a Chile en la COP30. Se refiere Carlos Torres Fuchslocher, rector y Andrea Barrera Valenzuela, acad\u00e9mica del Departamento de Microbiolog\u00eda.<\/a><\/div><div>\u00a0<\/div><div class=\"x_elementToProof\"><b>RED COQUIMBO<\/b><br \/><a id=\"OWA59f719cb-055e-d50c-8589-31f69162e412\" class=\"x_OWAAutoLink\" title=\"https:\/\/www.redcoquimbo.com\/investigacion-que-busca-recuperar-suelos-danados-representara-a-chile-en-la\" href=\"https:\/\/www.redcoquimbo.com\/investigacion-que-busca-recuperar-suelos-danados-representara-a-chile-en-la\" target=\"_blank\" rel=\"noopener noreferrer\" data-auth=\"NotApplicable\" data-linkindex=\"10\">Investigaci\u00f3n que busca recuperar suelos da\u00f1ados representar\u00e1 a Chile en la COP30. Se refiere Carlos Torres Fuchslocher, rector y Andrea Barrera Valenzuela, acad\u00e9mica del Departamento de Microbiolog\u00eda.<\/a><\/div><div>\u00a0<\/div><div class=\"x_elementToProof\"><b>EL CIUDADANO<\/b><br \/><a id=\"OWA21a9fa94-e777-c0f9-c333-d59a723b64cc\" class=\"x_OWAAutoLink\" title=\"https:\/\/www.elciudadano.com\/ciencia-tecnologia\/investigacion-que-busca-recuperar-suelos-danados-representara-a-chile-en-la-cop30\/08\/27\/\" href=\"https:\/\/www.elciudadano.com\/ciencia-tecnologia\/investigacion-que-busca-recuperar-suelos-danados-representara-a-chile-en-la-cop30\/08\/27\/\" target=\"_blank\" rel=\"noopener noreferrer\" data-auth=\"NotApplicable\" data-linkindex=\"11\">Investigaci\u00f3n que busca recuperar suelos da\u00f1ados representar\u00e1 a Chile en la COP30. Se refiere Carlos Torres Fuchslocher, rector y Andrea Barrera Valenzuela, acad\u00e9mica del Departamento de Microbiolog\u00eda.<\/a><\/div><div>\u00a0<\/div><div class=\"x_elementToProof\"><b>PORTAL AGRO CHILE<\/b><br \/><a id=\"OWA6bfc0567-c72d-b007-94cf-0679a23276a6\" class=\"x_OWAAutoLink\" title=\"https:\/\/www.portalagrochile.cl\/2025\/08\/27\/investigacion-que-busca-recuperar-suelos-danados-representara-a-chile-en-la-cop30\/\" href=\"https:\/\/www.portalagrochile.cl\/2025\/08\/27\/investigacion-que-busca-recuperar-suelos-danados-representara-a-chile-en-la-cop30\/\" target=\"_blank\" rel=\"noopener noreferrer\" data-auth=\"NotApplicable\" data-linkindex=\"12\">Investigaci\u00f3n que busca recuperar suelos da\u00f1ados representar\u00e1 a Chile en la COP30. Se refiere Carlos Torres Fuchslocher, rector y Andrea Barrera Valenzuela, acad\u00e9mica del Departamento de Microbiolog\u00eda.<\/a><\/div><div>\u00a0<\/div><div class=\"x_elementToProof\"><b>LA TRIBUNA<\/b><br \/><a id=\"OWA3fa9daa0-bf2c-99d2-bad5-ca6afaa72bac\" class=\"x_OWAAutoLink\" title=\"https:\/\/www.litoralpress.cl\/paginaconsultas\/Servicios_NClipSitio\/Get_Imagen_Nota.aspx?LPKey=QRW6HJYJMVGZU4EWXMURMCIMTHHSIF43HYYRH2ZFVRQKF2ABGO7N4NVNTTD2L77RSYXYH7P3WNOA2\" href=\"https:\/\/www.litoralpress.cl\/paginaconsultas\/Servicios_NClipSitio\/Get_Imagen_Nota.aspx?LPKey=QRW6HJYJMVGZU4EWXMURMCIMTHHSIF43HYYRH2ZFVRQKF2ABGO7N4NVNTTD2L77RSYXYH7P3WNOA2\" target=\"_blank\" rel=\"noopener noreferrer\" data-auth=\"NotApplicable\" data-linkindex=\"13\">Acad\u00e9mico advierte sobre los riesgos ambientales para la agricultura de la zona centro-sur. Se refiere Eduardo Fuentes, acad\u00e9mico de la Facultad de Ciencias Agrarias.<\/a><\/div><div>\u00a0<\/div><div class=\"x_elementToProof\"><b><a id=\"OWAe91fa869-525d-d1a4-1fc9-e2f5ed6de6c2\" class=\"x_OWAAutoLink\" title=\"https:\/\/www.elconcecuente.cl\/noticia\/economia\/las-plagas-que-amenazan-chile-producto-del-cambio-climatico\" href=\"https:\/\/www.elconcecuente.cl\/noticia\/economia\/las-plagas-que-amenazan-chile-producto-del-cambio-climatico\" target=\"_blank\" rel=\"noopener noreferrer\" data-auth=\"NotApplicable\" data-linkindex=\"14\">EL CONCECUENTE<\/a><\/b><br \/><a id=\"OWAe91fa869-525d-d1a4-1fc9-e2f5ed6de6c2\" class=\"x_OWAAutoLink\" title=\"https:\/\/www.elconcecuente.cl\/noticia\/economia\/las-plagas-que-amenazan-chile-producto-del-cambio-climatico\" href=\"https:\/\/www.elconcecuente.cl\/noticia\/economia\/las-plagas-que-amenazan-chile-producto-del-cambio-climatico\" target=\"_blank\" rel=\"noopener noreferrer\" data-auth=\"NotApplicable\" data-linkindex=\"15\">Las plagas que amenazan a Chile producto del cambio clim\u00e1tico. Se refiere Eduardo Fuentes, acad\u00e9mico de la Facultad de Ciencias Agrarias.<\/a><\/div><div>\u00a0<\/div><div class=\"x_elementToProof\"><b>OPI\u00d1\u00d3N<\/b><br \/><a id=\"OWA8959582d-649f-c4d6-a358-365255d3fe45\" class=\"x_OWAAutoLink\" title=\"https:\/\/www.laopinon.cl\/noticia\/economia\/las-plagas-que-amenazan-chile-producto-del-cambio-climatico\" href=\"https:\/\/www.laopinon.cl\/noticia\/economia\/las-plagas-que-amenazan-chile-producto-del-cambio-climatico\" target=\"_blank\" rel=\"noopener noreferrer\" data-auth=\"NotApplicable\" data-linkindex=\"16\">Las plagas que amenazan a Chile producto del cambio clim\u00e1tico. Se refiere Eduardo Fuentes, acad\u00e9mico de la Facultad de Ciencias Agrarias.<\/a><\/div><div>\u00a0<\/div><div class=\"x_elementToProof\"><b>EL MARTUTINO<\/b><br \/><a id=\"OWA9ed0cfb6-3298-f120-bf6f-ee4cc63496f2\" class=\"x_OWAAutoLink\" title=\"https:\/\/www.elmartutino.cl\/noticia\/economia\/las-plagas-que-amenazan-chile-producto-del-cambio-climatico\" href=\"https:\/\/www.elmartutino.cl\/noticia\/economia\/las-plagas-que-amenazan-chile-producto-del-cambio-climatico\" target=\"_blank\" rel=\"noopener noreferrer\" data-auth=\"NotApplicable\" data-linkindex=\"17\">Las plagas que amenazan a Chile producto del cambio clim\u00e1tico. Se refiere Eduardo Fuentes, acad\u00e9mico de la Facultad de Ciencias Agrarias.<\/a><\/div><div>\u00a0<\/div><div class=\"x_elementToProof\"><b>EL RANCAHUASO<\/b><br \/><a id=\"OWAa17ea3c7-af34-09d3-8d58-2eb5aaaddc4a\" class=\"x_OWAAutoLink\" title=\"https:\/\/www.elrancahuaso.cl\/noticia\/economia\/las-plagas-que-amenazan-chile-producto-del-cambio-climatico\" href=\"https:\/\/www.elrancahuaso.cl\/noticia\/economia\/las-plagas-que-amenazan-chile-producto-del-cambio-climatico\" target=\"_blank\" rel=\"noopener noreferrer\" data-auth=\"NotApplicable\" data-linkindex=\"18\">Las plagas que amenazan a Chile producto del cambio clim\u00e1tico. Se refiere Eduardo Fuentes, acad\u00e9mico de la Facultad de Ciencias Agrarias<\/a>.<\/div><div>\u00a0<\/div><div class=\"x_elementToProof\"><b><a id=\"OWAa5bae1bf-c480-132c-de84-5be03e00d7dd\" class=\"x_OWAAutoLink\" title=\"https:\/\/www.elamaule.cl\/noticia\/economia\/las-plagas-que-amenazan-chile-producto-del-cambio-climatico\" href=\"https:\/\/www.elamaule.cl\/noticia\/economia\/las-plagas-que-amenazan-chile-producto-del-cambio-climatico\" target=\"_blank\" rel=\"noopener noreferrer\" data-auth=\"NotApplicable\" data-linkindex=\"19\">EL AMAULE<\/a><\/b><br \/><a id=\"OWAa5bae1bf-c480-132c-de84-5be03e00d7dd\" class=\"x_OWAAutoLink\" title=\"https:\/\/www.elamaule.cl\/noticia\/economia\/las-plagas-que-amenazan-chile-producto-del-cambio-climatico\" href=\"https:\/\/www.elamaule.cl\/noticia\/economia\/las-plagas-que-amenazan-chile-producto-del-cambio-climatico\" target=\"_blank\" rel=\"noopener noreferrer\" data-auth=\"NotApplicable\" data-linkindex=\"20\">Las plagas que amenazan a Chile producto del cambio clim\u00e1tico. Se refiere Eduardo Fuentes, acad\u00e9mico de la Facultad de Ciencias Agrarias.<\/a><\/div><div>\u00a0<\/div><div class=\"x_elementToProof\"><b>EL REPEURTERO<\/b><br \/><a id=\"OWA5fae2d07-68bb-1a3d-0239-133b69f3c2b9\" class=\"x_OWAAutoLink\" title=\"https:\/\/www.elrepuertero.cl\/noticia\/economia\/las-plagas-que-amenazan-chile-producto-del-cambio-climatico\" href=\"https:\/\/www.elrepuertero.cl\/noticia\/economia\/las-plagas-que-amenazan-chile-producto-del-cambio-climatico\" target=\"_blank\" rel=\"noopener noreferrer\" data-auth=\"NotApplicable\" data-linkindex=\"21\">Las plagas que amenazan a Chile producto del cambio clim\u00e1tico. Se refiere Eduardo Fuentes, acad\u00e9mico de la Facultad de Ciencias Agrarias.<\/a><\/div><div>\u00a0<\/div><div class=\"x_elementToProof\"><b>EL VACANUDO<\/b><br \/><a id=\"OWA79dc59aa-08a7-55f2-9a5f-bbe06474a6ce\" class=\"x_OWAAutoLink\" title=\"https:\/\/www.elvacanudo.cl\/noticia\/economia\/las-plagas-que-amenazan-chile-producto-del-cambio-climatico\" href=\"https:\/\/www.elvacanudo.cl\/noticia\/economia\/las-plagas-que-amenazan-chile-producto-del-cambio-climatico\" target=\"_blank\" rel=\"noopener noreferrer\" data-auth=\"NotApplicable\" data-linkindex=\"22\">Las plagas que amenazan a Chile producto del cambio clim\u00e1tico. Se refiere Eduardo Fuentes, acad\u00e9mico de la Facultad de Ciencias Agrarias.<\/a><\/div><div>\u00a0<\/div><div class=\"x_elementToProof\"><b>EL NAVEGHABLE<\/b><br \/><a id=\"OWA1ce244e5-d3d2-f2d6-a72d-eea3184defac\" class=\"x_OWAAutoLink\" title=\"https:\/\/www.elnaveghable.cl\/noticia\/economia\/las-plagas-que-amenazan-chile-producto-del-cambio-climatico\" href=\"https:\/\/www.elnaveghable.cl\/noticia\/economia\/las-plagas-que-amenazan-chile-producto-del-cambio-climatico\" target=\"_blank\" rel=\"noopener noreferrer\" data-auth=\"NotApplicable\" data-linkindex=\"23\">Las plagas que amenazan a Chile producto del cambio clim\u00e1tico. Se refiere Eduardo Fuentes, acad\u00e9mico de la Facultad de Ciencias Agrarias.<\/a><\/div><div>\u00a0<\/div><div class=\"x_elementToProof\"><b>SAN CARLOS ONLINE<\/b><br \/><a id=\"OWAa3c3ae49-d0fa-d119-77d8-e4541b8f17c0\" class=\"x_OWAAutoLink\" title=\"https:\/\/www.sancarlosonline.cl\/2025\/08\/especialistas-alertan-por-nuevas-plagas.html\" href=\"https:\/\/www.sancarlosonline.cl\/2025\/08\/especialistas-alertan-por-nuevas-plagas.html\" target=\"_blank\" rel=\"noopener noreferrer\" data-auth=\"NotApplicable\" data-linkindex=\"24\">Especialistas alertan por nuevas plagas en frutales. Se refiere Eduardo Fuentes, acad\u00e9mico de la Facultad de Ciencias Agrarias.<\/a><\/div><div>\u00a0<\/div><div class=\"x_elementToProof\"><b>EL BOYALD\u00cdA<\/b><br \/><a id=\"OWA9d5c69fd-3008-c7c9-6339-22576ae21ba5\" class=\"x_OWAAutoLink\" title=\"https:\/\/www.elboyaldia.cl\/noticia\/economia\/las-plagas-que-amenazan-chile-producto-del-cambio-climatico\" href=\"https:\/\/www.elboyaldia.cl\/noticia\/economia\/las-plagas-que-amenazan-chile-producto-del-cambio-climatico\" target=\"_blank\" rel=\"noopener noreferrer\" data-auth=\"NotApplicable\" data-linkindex=\"25\">Las plagas que amenazan a Chile producto del cambio clim\u00e1tico. Se refiere Eduardo Fuentes, acad\u00e9mico de la Facultad de Ciencias Agrarias.<\/a><\/div><div>\u00a0<\/div><div class=\"x_elementToProof\"><b>CAUQUENES.NET<\/b><br \/><a id=\"OWAcb76e576-d9ac-9914-a4c0-047b4118aed8\" class=\"x_OWAAutoLink\" title=\"https:\/\/cauquenesnet.cl\/2025\/08\/27\/enfermedades-del-cerebro-cuales-son-las-mas-comunes-en-chile\/\" href=\"https:\/\/cauquenesnet.cl\/2025\/08\/27\/enfermedades-del-cerebro-cuales-son-las-mas-comunes-en-chile\/\" target=\"_blank\" rel=\"noopener noreferrer\" data-auth=\"NotApplicable\" data-linkindex=\"26\">Enfermedades del cerebro: \u00bfcu\u00e1les son las m\u00e1s comunes en Chile? Se refiere Gustavo Dom\u00ednguez Araya, acad\u00e9mico de la Escuela de Enfermer\u00eda.<\/a><\/div><div>\u00a0<\/div><div class=\"x_elementToProof\"><b>RADIOLAUTARO<\/b><br \/><a id=\"OWA7819fc7a-03e8-cec6-228c-46c566acd2c4\" class=\"x_OWAAutoLink\" title=\"https:\/\/radiolautarotalca.cl\/enfermedades-del-cerebro-cuales-son-las-mas-comunes-en-chile\/\" href=\"https:\/\/radiolautarotalca.cl\/enfermedades-del-cerebro-cuales-son-las-mas-comunes-en-chile\/\" target=\"_blank\" rel=\"noopener noreferrer\" data-auth=\"NotApplicable\" data-linkindex=\"27\">Enfermedades del cerebro: \u00bfcu\u00e1les son las m\u00e1s comunes en Chile? Se refiere Gustavo Dom\u00ednguez Araya, acad\u00e9mico de la Escuela de Enfermer\u00eda.<\/a><\/div><div>\u00a0<\/div><div class=\"x_elementToProof\"><b>RADIO BIOB\u00cdO<\/b><br \/><a id=\"OWA29035f94-03a2-d7ee-a283-d8e1bb3062da\" class=\"x_OWAAutoLink\" title=\"https:\/\/www.litoralpress.cl\/sitio\/RadioTV_Detalles.cshtml?LPKey=7CBISF4DBMJEKWAHQFX2OHLAIHJIRH72NVZPVY6H5HFFLREMBFTOMUQRL74GKELDVE5AWCWWYMYY4\" href=\"https:\/\/www.litoralpress.cl\/sitio\/RadioTV_Detalles.cshtml?LPKey=7CBISF4DBMJEKWAHQFX2OHLAIHJIRH72NVZPVY6H5HFFLREMBFTOMUQRL74GKELDVE5AWCWWYMYY4\" target=\"_blank\" rel=\"noopener noreferrer\" data-auth=\"NotApplicable\" data-linkindex=\"28\">El candidato presidencial del Partido Republicano, Jos\u00e9 Antonio Kast, arremeti\u00f3 contra la abanderada del Pacto Unidad por Chile, Jeannette Jara, en el marco del foro realizado por ICARE. Se refiere Mario Herrera Mu\u00f1oz, acad\u00e9mico del Centro de An\u00e1lisis Pol\u00edtico (CAP-UTalca)<\/a><\/div><div>\u00a0<\/div><div class=\"x_elementToProof\"><b>RADIO INFINITA<\/b><br \/><a id=\"OWAb7ec218b-6b7a-978a-d426-4517957ed5c0\" class=\"x_OWAAutoLink\" title=\"https:\/\/www.litoralpress.cl\/sitio\/RadioTV_Detalles.cshtml?LPKey=VOFYBRKHRMQX5K7MULZR5KAS634WY2SERCETGUYW6XWLKH3ZQGZXK3FM3KFNJX45NVBBC5XLBW5A6\" href=\"https:\/\/www.litoralpress.cl\/sitio\/RadioTV_Detalles.cshtml?LPKey=VOFYBRKHRMQX5K7MULZR5KAS634WY2SERCETGUYW6XWLKH3ZQGZXK3FM3KFNJX45NVBBC5XLBW5A6\" target=\"_blank\" rel=\"noopener noreferrer\" data-auth=\"NotApplicable\" data-linkindex=\"29\">Comentario de pol\u00edtica de Mauricio Morales Quiroga, director de centro de An\u00e1lisis Pol\u00edtico (CAP-UTalca)<\/a><\/div><div>\u00a0<\/div><div class=\"x_elementToProof\"><b>EL LECTOR<\/b><br \/><a id=\"OWA0ded4583-805b-b41f-08b1-6d43b1fdd8b5\" class=\"x_OWAAutoLink\" title=\"https:\/\/www.litoralpress.cl\/paginaconsultas\/Servicios_NClipSitio\/Get_Imagen_Nota.aspx?LPKey=VPJBFIUPB47DKCG37LHVOKQUDB4Z4Z772732NM2WDSRH4GRALYEJFG2BHL3RTWYZFKJLHWRQBQ2JA\" href=\"https:\/\/www.litoralpress.cl\/paginaconsultas\/Servicios_NClipSitio\/Get_Imagen_Nota.aspx?LPKey=VPJBFIUPB47DKCG37LHVOKQUDB4Z4Z772732NM2WDSRH4GRALYEJFG2BHL3RTWYZFKJLHWRQBQ2JA\" target=\"_blank\" rel=\"noopener noreferrer\" data-auth=\"NotApplicable\" data-linkindex=\"30\">Naturaleza como medicina: conoce los beneficios de frecuentar entornos naturales para la salud. Se refiere Carmen Gloria Zambrano, directora del Departamento de Ciencias del Movimiento Humano y Pablo L\u00f3pez, acad\u00e9mico de la carrera de Terapia Ocupacional.<\/a><\/div><div>\u00a0<\/div><div class=\"x_elementToProof\"><b>MAULE HOY<\/b><br \/><a id=\"OWA7e822636-299f-9b3d-e635-5b8a9901ac1d\" class=\"x_OWAAutoLink\" title=\"https:\/\/www.litoralpress.cl\/paginaconsultas\/Servicios_NClipSitio\/Get_Imagen_Nota.aspx?LPKey=MLQS4WQNNRAUBSDNWEKDM6A46Q75UCH4MLXWVPGIDLF7SZKC4LFROYN34EPSPOZ2HVDIRW5ZCMTMG\" href=\"https:\/\/www.litoralpress.cl\/paginaconsultas\/Servicios_NClipSitio\/Get_Imagen_Nota.aspx?LPKey=MLQS4WQNNRAUBSDNWEKDM6A46Q75UCH4MLXWVPGIDLF7SZKC4LFROYN34EPSPOZ2HVDIRW5ZCMTMG\" target=\"_blank\" rel=\"noopener noreferrer\" data-auth=\"NotApplicable\" data-linkindex=\"31\">Empresas de la construcci\u00f3n valoran Segunda Jornada Academia-Empresas en Talca. Se refiere Miguel \u00c1ngel Arriagada, director Escuela de Ingenier\u00eda Civil en Obras Civiles.<\/a><\/div><div>\u00a0<\/div><div class=\"x_elementToProof\"><b>DECCOP CHILE<\/b><br \/><a id=\"OWA0e3b9260-6595-5673-6dc4-f895eaff80b2\" class=\"x_OWAAutoLink\" title=\"https:\/\/www.decoopchile.cl\/certifican-a-mas-de-180-administradores-y-operarios-de-servicios-sanitarios-rurales-en-el-maule\/\" href=\"https:\/\/www.decoopchile.cl\/certifican-a-mas-de-180-administradores-y-operarios-de-servicios-sanitarios-rurales-en-el-maule\/\" target=\"_blank\" rel=\"noopener noreferrer\" data-auth=\"NotApplicable\" data-linkindex=\"32\">Certifican a m\u00e1s de 180 administradores y operarios de Servicios Sanitarios Rurales en el Maule. Se refiere Gonzalo D\u00edaz Ulloa, decano Facultad de Ciencias Agrarias de la Universidad de Talca.<\/a><\/div><div>\u00a0<\/div><div class=\"x_elementToProof\"><b>DIARIO EL CENTRO<\/b><br \/><a id=\"OWA99122caf-2f91-798b-32b1-7879ff94caa6\" class=\"x_OWAAutoLink\" title=\"https:\/\/www.diarioelcentro.cl\/2025\/08\/27\/inteligencia-artificial-y-personas-mayores-oportunidades-y-brechas-en-la-inclusion-digital\/\" href=\"https:\/\/www.diarioelcentro.cl\/2025\/08\/27\/inteligencia-artificial-y-personas-mayores-oportunidades-y-brechas-en-la-inclusion-digital\/\" target=\"_blank\" rel=\"noopener noreferrer\" data-auth=\"NotApplicable\" data-linkindex=\"33\">Inteligencia artificial y personas mayores: Oportunidades y brechas en la inclusi\u00f3n digital. Se refiere Boris Vera, acad\u00e9mico de la Escuela de Enfermer\u00eda.<\/a><\/div><div>\u00a0<\/div><div class=\"x_elementToProof\"><b>DIARIO LA TRIBUNA<\/b><br \/><a id=\"OWA986332d5-e369-229c-cb3f-5bc4d86e81cd\" class=\"x_OWAAutoLink\" title=\"https:\/\/www.latribuna.cl\/agroforestal\/2025\/08\/27\/academico-advierte-sobre-los-riesgos-ambientales-para-la-agricultura-de-la-zona-centro-sur.html\" href=\"https:\/\/www.latribuna.cl\/agroforestal\/2025\/08\/27\/academico-advierte-sobre-los-riesgos-ambientales-para-la-agricultura-de-la-zona-centro-sur.html\" target=\"_blank\" rel=\"noopener noreferrer\" data-auth=\"NotApplicable\" data-linkindex=\"34\">Acad\u00e9mico advierte sobre los riesgos ambientales para la agricultura de la zona centro-sur. Se refiere Eduardo Fuentes, acad\u00e9mico de la Facultad de Ciencias Agrarias.<\/a><\/div><div>\u00a0<\/div><div class=\"x_elementToProof\"><b>DIARIO VI REGI\u00d3N<\/b><br \/><a id=\"OWA2479f6c8-ed10-4ad3-a8c2-1ff091c6ad32\" class=\"x_OWAAutoLink\" title=\"https:\/\/www.litoralpress.cl\/paginaconsultas\/Servicios_NClipSitio\/Get_Imagen_Nota.aspx?LPKey=FLST6NM7EPEO56NCPM4F3MA7H6ZPZY2C2ZTODLW4YZ2M24WRDBCB5JHD32GNYJKYUZCK2XRKD7UXO\" href=\"https:\/\/www.litoralpress.cl\/paginaconsultas\/Servicios_NClipSitio\/Get_Imagen_Nota.aspx?LPKey=FLST6NM7EPEO56NCPM4F3MA7H6ZPZY2C2ZTODLW4YZ2M24WRDBCB5JHD32GNYJKYUZCK2XRKD7UXO\" target=\"_blank\" rel=\"noopener noreferrer\" data-auth=\"NotApplicable\" data-linkindex=\"35\">Feria Vocacional &#8220;Ventana al Futuro 2025&#8221; se realizar\u00e1 en San Fernando. Se menciona la Universidad de Talca.<\/a><\/div><div>\u00a0<\/div><div class=\"x_elementToProof\"><b>EL HERALDO<\/b><br \/><a id=\"OWAddf44892-bb07-6abf-4a22-a2d0e6f53d55\" class=\"x_OWAAutoLink\" title=\"https:\/\/www.litoralpress.cl\/paginaconsultas\/Servicios_NClipSitio\/Get_Imagen_Nota.aspx?LPKey=J5CKPZOZ3OBJYLGYSY2WP6KKY373MJFSGUHDHMK4GOLSMWPEKTMBUN3ESK5KIEFJM4A25ELEI5A6O\" href=\"https:\/\/www.litoralpress.cl\/paginaconsultas\/Servicios_NClipSitio\/Get_Imagen_Nota.aspx?LPKey=J5CKPZOZ3OBJYLGYSY2WP6KKY373MJFSGUHDHMK4GOLSMWPEKTMBUN3ESK5KIEFJM4A25ELEI5A6O\" target=\"_blank\" rel=\"noopener noreferrer\" data-auth=\"NotApplicable\" data-linkindex=\"36\">DOH del MOP Maule capacita y asiste a m\u00e1s de 300 Sistemas Sanitarios Rurales. Se menciona la Universidad de Talca.<\/a><\/div><div>\u00a0<\/div><div class=\"x_elementToProof\"><b>LA PRENSA DE CURIC\u00d3<\/b><br \/><a id=\"OWA04fa1b3c-3cdc-5e5f-b60a-1fc7757f6b94\" class=\"x_OWAAutoLink\" title=\"https:\/\/www.litoralpress.cl\/paginaconsultas\/Servicios_NClipSitio\/Get_Imagen_Nota.aspx?LPKey=K5LWY2Q5GF5QDA2OSQ7NAQF2ZMQAPXMPMKYAFFOZP2C6S3RM4WBCG7NH6MRW4KYTZUWORDA7V4ZJY\" href=\"https:\/\/www.litoralpress.cl\/paginaconsultas\/Servicios_NClipSitio\/Get_Imagen_Nota.aspx?LPKey=K5LWY2Q5GF5QDA2OSQ7NAQF2ZMQAPXMPMKYAFFOZP2C6S3RM4WBCG7NH6MRW4KYTZUWORDA7V4ZJY\" target=\"_blank\" rel=\"noopener noreferrer\" data-auth=\"NotApplicable\" data-linkindex=\"37\">Invitan a Caf\u00e9 Literario y Concierto de Piano. Se menciona la Universidad de Talca.<\/a><\/div><div>\u00a0<\/div><div class=\"x_elementToProof\"><b>LA PRENSA DE CURIC\u00d3<\/b><br \/><a id=\"OWA519e8658-3e3d-6bcc-3ec1-8e171f8f25b2\" class=\"x_OWAAutoLink\" title=\"https:\/\/www.litoralpress.cl\/paginaconsultas\/Servicios_NClipSitio\/Get_Imagen_Nota.aspx?LPKey=U6VA55XCXQMRVMQHQJAMZTXM2RB3P53XIPDHWMADEMDS55KCKCK2YGEPLVQOOPVZXJFG427W2C6LY\" href=\"https:\/\/www.litoralpress.cl\/paginaconsultas\/Servicios_NClipSitio\/Get_Imagen_Nota.aspx?LPKey=U6VA55XCXQMRVMQHQJAMZTXM2RB3P53XIPDHWMADEMDS55KCKCK2YGEPLVQOOPVZXJFG427W2C6LY\" target=\"_blank\" rel=\"noopener noreferrer\" data-auth=\"NotApplicable\" data-linkindex=\"38\">Exposici\u00f3n de Mario Brack muestra lo mejor de sus grabados y colaboraciones con el recordado diario La Ma\u00f1ana. Se menciona la Universidad de Talca.<\/a><\/div><div>\u00a0<\/div><div class=\"x_elementToProof\"><b>DIARIO EL HERALDO<\/b><br \/><a id=\"OWA1287770a-af57-049d-ecae-2bd38c2c6085\" class=\"x_OWAAutoLink\" title=\"https:\/\/www.diarioelheraldo.cl\/noticia\/doh-del-mop-maule-capacita-y-asiste-a-mas-de-300-sistemas-sanitarios-rurales\" href=\"https:\/\/www.diarioelheraldo.cl\/noticia\/doh-del-mop-maule-capacita-y-asiste-a-mas-de-300-sistemas-sanitarios-rurales\" target=\"_blank\" rel=\"noopener noreferrer\" data-auth=\"NotApplicable\" data-linkindex=\"39\">DOH del MOP Maule capacita y asiste a m\u00e1s de 300 Sistemas Sanitarios Rurales. Se menciona la Universidad de Talca.<\/a><\/div><div>\u00a0<\/div><div class=\"x_elementToProof\"><b>DIARIO LA PRENSA<\/b><br \/><a id=\"OWAf71cdeb5-3fe5-54d3-84f5-0bf3a6fb93e3\" class=\"x_OWAAutoLink\" title=\"https:\/\/new.diariolaprensa.cl\/index.php\/2025\/08\/27\/exposicion-de-mario-brack-muestra-lo-mejor-de-sus-grabados-y-colaboraciones-con-el-recordado-diario-la-manana\/\" href=\"https:\/\/new.diariolaprensa.cl\/index.php\/2025\/08\/27\/exposicion-de-mario-brack-muestra-lo-mejor-de-sus-grabados-y-colaboraciones-con-el-recordado-diario-la-manana\/\" target=\"_blank\" rel=\"noopener noreferrer\" data-auth=\"NotApplicable\" data-linkindex=\"40\">Exposici\u00f3n de Mario Brack muestra lo mejor de sus grabados y colaboraciones con el recordado diario La Ma\u00f1ana. Se menciona la Universidad de Talca.<\/a><\/div><div>\u00a0<\/div><div class=\"x_elementToProof\"><b>DIARIO VI REGI\u00d3N<\/b><br \/><a id=\"OWA8d14c7c9-5171-92d8-8bcb-0397a070c428\" class=\"x_OWAAutoLink\" title=\"https:\/\/www.diarioviregion.cl\/noticias\/34242-feria-vocacional-ventana-al-futuro-2025-se-realizara-en-san-fernando\" href=\"https:\/\/www.diarioviregion.cl\/noticias\/34242-feria-vocacional-ventana-al-futuro-2025-se-realizara-en-san-fernando\" target=\"_blank\" rel=\"noopener noreferrer\" data-auth=\"NotApplicable\" data-linkindex=\"41\">Feria Vocacional \u201cVentana al Futuro 2025\u201d se realizar\u00e1 en San Fernando. Se menciona la Universidad de Talca.<\/a><\/div><div>\u00a0<\/div><div class=\"x_elementToProof\"><b>AM NOTICIAS<\/b><br \/><a id=\"OWA86562a6a-bba8-24ca-80f2-31b5ed03b628\" class=\"x_OWAAutoLink\" title=\"https:\/\/amnoticias.cl\/capacitacion-y-apoyo-a-sistemas-de-agua-rural-en-el-maule\/\" href=\"https:\/\/amnoticias.cl\/capacitacion-y-apoyo-a-sistemas-de-agua-rural-en-el-maule\/\" target=\"_blank\" rel=\"noopener noreferrer\" data-auth=\"NotApplicable\" data-linkindex=\"42\">Capacitaci\u00f3n y apoyo a sistemas de agua rural en el Maule. Se menciona la Universidad de Talca.<\/a><\/div><div>\u00a0<\/div><div class=\"x_elementToProof\"><b>DIARIO LA MA\u00d1ANA<\/b><br \/><a id=\"OWA380f26ea-49d8-8589-6989-aea92790e1e1\" class=\"x_OWAAutoLink\" title=\"https:\/\/diariolama\u00f1ana.cl\/2025\/08\/27\/capacitacion-y-apoyo-a-sistemas-de-agua-rural-en-el-maule\/\" href=\"https:\/\/xn--diariolamaana-rkb.cl\/2025\/08\/27\/capacitacion-y-apoyo-a-sistemas-de-agua-rural-en-el-maule\/\" target=\"_blank\" rel=\"noopener noreferrer\" data-auth=\"NotApplicable\" data-linkindex=\"43\">Capacitaci\u00f3n y apoyo a sistemas de agua rural en el Maule. Se menciona la Universidad de Talca.<\/a><\/div><div>\u00a0<\/div><div class=\"x_elementToProof\"><b>DIARIO EL CENTRO<\/b><br \/><a id=\"OWA9b4ef6f1-7aa7-3b8e-a16e-eb7d5d2f19e7\" class=\"x_OWAAutoLink\" title=\"https:\/\/www.diarioelcentro.cl\/2025\/08\/27\/maule-alimenta-y-corfo-inauguran-10-semana-de-la-agroindustria\/\" href=\"https:\/\/www.diarioelcentro.cl\/2025\/08\/27\/maule-alimenta-y-corfo-inauguran-10-semana-de-la-agroindustria\/\" target=\"_blank\" rel=\"noopener noreferrer\" data-auth=\"NotApplicable\" data-linkindex=\"44\">Maule Alimenta y Corfo inauguran 10\u00b0 Semana de la Agroindustria. Se menciona la Universidad de Talca.<\/a><\/div><div>\u00a0<\/div><div class=\"x_elementToProof\"><b>DIARIO TALCA<\/b><br \/><a id=\"OWA17f7432d-27ba-e543-d40a-624c8e9c09f3\" class=\"x_OWAAutoLink\" title=\"https:\/\/diariotalca.cl\/doh-del-mop-maule-capacito-y-asistio-a-mas-de-300-operadores-de-sistemas-sanitarios-rurales\/\" href=\"https:\/\/diariotalca.cl\/doh-del-mop-maule-capacito-y-asistio-a-mas-de-300-operadores-de-sistemas-sanitarios-rurales\/\" target=\"_blank\" rel=\"noopener noreferrer\" data-auth=\"NotApplicable\" data-linkindex=\"45\">DOH del MOP Maule capacit\u00f3 y asisti\u00f3 a m\u00e1s de 300 operadores de Sistemas Sanitarios Rurales. Se menciona la Universidad de Talca.<\/a><\/div><div>\u00a0<\/div><div class=\"x_elementToProof\"><b>UBIOBIO<\/b><br \/><a id=\"OWA378a82f6-c44f-27ec-7dea-ed9ec19c0cbb\" class=\"x_OWAAutoLink\" title=\"https:\/\/noticias.ubiobio.cl\/2025\/08\/27\/rector-participo-en-panel-organizado-por-estudiantes-para-abordar-el-proyecto-fes\/\" href=\"https:\/\/noticias.ubiobio.cl\/2025\/08\/27\/rector-participo-en-panel-organizado-por-estudiantes-para-abordar-el-proyecto-fes\/\" target=\"_blank\" rel=\"noopener noreferrer\" data-auth=\"NotApplicable\" data-linkindex=\"46\">Rector particip\u00f3 en panel organizado por estudiantes para abordar el Proyecto FES. Se menciona la Universidad de Talca.<\/a><\/div><div>\u00a0<\/div><div><b>UNIVERSIDAD DE TARAPAC\u00c1<\/b><br \/><a id=\"OWAa3349d72-4bf6-f534-200e-2de3d62c0be1\" class=\"x_OWAAutoLink\" title=\"https:\/\/www.uta.cl\/index.php\/2025\/08\/27\/universidades-estatales-de-chile-se-suman-a-presion-internacional-por-crisis-humanitaria-en-gaza\/\" href=\"https:\/\/www.uta.cl\/index.php\/2025\/08\/27\/universidades-estatales-de-chile-se-suman-a-presion-internacional-por-crisis-humanitaria-en-gaza\/\" target=\"_blank\" rel=\"noopener noreferrer\" data-auth=\"NotApplicable\" data-linkindex=\"47\">Universidades Estatales de Chile se suman a presi\u00f3n internacional por crisis humanitaria en Gaza. Se menciona la Universidad de Talca.<\/a><\/div><div class=\"x_elementToProof\">\u00a0<\/div>\t\t\t\t\t\t<\/div>\n\t\t\t\t<\/div>\n\t\t\t\t\t<\/div>\n\t\t<\/div>\n\t\t\t\t\t\t\t<\/div>\n\t\t<\/section>\n\t\t\t\t\t\t<\/div>\n\t\t\t\t\t<\/div>\n\t\t","protected":false},"excerpt":{"rendered":"<p>REPORTE AGR\u00cdCOLAInvestigaci\u00f3n que busca recuperar suelos da\u00f1ados representar\u00e1 a Chile en la COP30. Se refiere Carlos Torres Fuchslocher, rector y Andrea Barrera Valenzuela, acad\u00e9mica del Departamento de Microbiolog\u00eda.\u00a0CU\u00c1L ES TU HUELLAInvestigaci\u00f3n que busca recuperar suelos da\u00f1ados representar\u00e1 a Chile en la COP30. Se refiere Carlos Torres Fuchslocher, rector y Andrea Barrera Valenzuela, acad\u00e9mica del Departamento &hellip;<\/p>\n<p class=\"read-more\"> <a class=\"\" href=\"https:\/\/www.reportedeprensa.utalca.cl\/?p=12441\"> <span class=\"screen-reader-text\">28 de agosto 2025<\/span> Read More &raquo;<\/a><\/p>\n","protected":false},"author":1,"featured_media":0,"comment_status":"closed","ping_status":"open","sticky":false,"template":"","format":"standard","meta":{"_monsterinsights_skip_tracking":false,"_monsterinsights_sitenote_active":false,"_monsterinsights_sitenote_note":"","_monsterinsights_sitenote_category":0},"categories":[62],"tags":[],"_links":{"self":[{"href":"https:\/\/www.reportedeprensa.utalca.cl\/index.php?rest_route=\/wp\/v2\/posts\/12441"}],"collection":[{"href":"https:\/\/www.reportedeprensa.utalca.cl\/index.php?rest_route=\/wp\/v2\/posts"}],"about":[{"href":"https:\/\/www.reportedeprensa.utalca.cl\/index.php?rest_route=\/wp\/v2\/types\/post"}],"author":[{"embeddable":true,"href":"https:\/\/www.reportedeprensa.utalca.cl\/index.php?rest_route=\/wp\/v2\/users\/1"}],"replies":[{"embeddable":true,"href":"https:\/\/www.reportedeprensa.utalca.cl\/index.php?rest_route=%2Fwp%2Fv2%2Fcomments&post=12441"}],"version-history":[{"count":4,"href":"https:\/\/www.reportedeprensa.utalca.cl\/index.php?rest_route=\/wp\/v2\/posts\/12441\/revisions"}],"predecessor-version":[{"id":12445,"href":"https:\/\/www.reportedeprensa.utalca.cl\/index.php?rest_route=\/wp\/v2\/posts\/12441\/revisions\/12445"}],"wp:attachment":[{"href":"https:\/\/www.reportedeprensa.utalca.cl\/index.php?rest_route=%2Fwp%2Fv2%2Fmedia&parent=12441"}],"wp:term":[{"taxonomy":"category","embeddable":true,"href":"https:\/\/www.reportedeprensa.utalca.cl\/index.php?rest_route=%2Fwp%2Fv2%2Fcategories&post=12441"},{"taxonomy":"post_tag","embeddable":true,"href":"https:\/\/www.reportedeprensa.utalca.cl\/index.php?rest_route=%2Fwp%2Fv2%2Ftags&post=12441"}],"curies":[{"name":"wp","href":"https:\/\/api.w.org\/{rel}","templated":true}]}}