{"id":12450,"date":"2025-08-29T12:37:10","date_gmt":"2025-08-29T15:37:10","guid":{"rendered":"https:\/\/www.reportedeprensa.utalca.cl\/?p=12450"},"modified":"2025-08-29T16:11:02","modified_gmt":"2025-08-29T19:11:02","slug":"29-de-agosto-2025","status":"publish","type":"post","link":"https:\/\/www.reportedeprensa.utalca.cl\/?p=12450","title":{"rendered":"29 de agosto 2025"},"content":{"rendered":"\t\t<div data-elementor-type=\"wp-post\" data-elementor-id=\"12450\" class=\"elementor elementor-12450\" data-elementor-settings=\"[]\">\n\t\t\t\t\t\t\t<div class=\"elementor-section-wrap\">\n\t\t\t\t\t\t\t<section class=\"elementor-section elementor-top-section elementor-element elementor-element-bcea1a8 elementor-section-boxed elementor-section-height-default elementor-section-height-default\" data-id=\"bcea1a8\" data-element_type=\"section\">\n\t\t\t\t\t\t<div class=\"elementor-container elementor-column-gap-default\">\n\t\t\t\t\t<div class=\"elementor-column elementor-col-100 elementor-top-column elementor-element elementor-element-e7183bf\" data-id=\"e7183bf\" data-element_type=\"column\">\n\t\t\t<div class=\"elementor-widget-wrap elementor-element-populated\">\n\t\t\t\t\t\t\t\t<div class=\"elementor-element elementor-element-ad6bff3 elementor-widget elementor-widget-text-editor\" data-id=\"ad6bff3\" data-element_type=\"widget\" data-widget_type=\"text-editor.default\">\n\t\t\t\t<div class=\"elementor-widget-container\">\n\t\t\t\t\t\t\t\t<div><b data-olk-copy-source=\"MessageBody\">EL MOSTRADOR<\/b><br \/><a id=\"OWAb8d6bdf0-9d73-deb0-24dd-688559041582\" title=\"https:\/\/www.elmostrador.cl\/agenda-pais\/agenda-sustentable\/2025\/08\/28\/investigacion-que-busca-recuperar-suelos-danados-representara-a-chile-en-la-cop30\/\" href=\"https:\/\/www.elmostrador.cl\/agenda-pais\/agenda-sustentable\/2025\/08\/28\/investigacion-que-busca-recuperar-suelos-danados-representara-a-chile-en-la-cop30\/\" target=\"_blank\" rel=\"noopener noreferrer\" data-auth=\"NotApplicable\" data-linkindex=\"0\">Investigaci\u00f3n que busca recuperar suelos da\u00f1ados representar\u00e1 a Chile en la COP30. Se refiere Carlos Torres Fuchslocher, rector y Andrea Barrera Valenzuela, acad\u00e9mica del Departamento de Microbiolog\u00eda.<\/a><\/div><div>\u00a0<\/div><div><b>EL HERALDO<\/b><br \/><a id=\"OWA927b1bba-6824-8666-0d25-7b9b60bbdaf8\" title=\"https:\/\/www.litoralpress.cl\/sitio\/Prensa_Detalles.cshtml?LPKey=FPPSTQWKBYNDOXSLZNVIAOVZAUUHXLJ7BHJY4MKXLVCTJ7LDA7JA\" href=\"https:\/\/www.litoralpress.cl\/sitio\/Prensa_Detalles.cshtml?LPKey=FPPSTQWKBYNDOXSLZNVIAOVZAUUHXLJ7BHJY4MKXLVCTJ7LDA7JA\" target=\"_blank\" rel=\"noopener noreferrer\" data-auth=\"NotApplicable\" data-linkindex=\"1\">Emprendimiento e innovaci\u00f3n en universidades: claves del encuentro Meta Red X de Universia. Se refiere Carlos Torres Fuchslocher, rector.<\/a><\/div><div>\u00a0<\/div><div><b>EL LECTOR<\/b><br \/><a id=\"OWAa5fe8a9f-2387-c7a5-0d45-58362eefccac\" title=\"https:\/\/www.litoralpress.cl\/paginaconsultas\/Servicios_NClipSitio\/Get_Imagen_Nota.aspx?LPKey=AISZVBVB7CVG4JY5XK3P4CH4A5MDIOVIRCN2QFS2LNSLGLDPNOICLT4P2KBLNM3427TI6CVZBJBTK\" href=\"https:\/\/www.litoralpress.cl\/paginaconsultas\/Servicios_NClipSitio\/Get_Imagen_Nota.aspx?LPKey=AISZVBVB7CVG4JY5XK3P4CH4A5MDIOVIRCN2QFS2LNSLGLDPNOICLT4P2KBLNM3427TI6CVZBJBTK\" target=\"_blank\" rel=\"noopener noreferrer\" data-auth=\"NotApplicable\" data-linkindex=\"2\">Investigaci\u00f3n que busca recuperar suelos da\u00f1ados representar\u00e1 a chile en la COP30. Se refiere Carlos Torres Fuchslocher, rector y Andrea Barrera Valenzuela, acad\u00e9mica del Departamento de Microbiolog\u00eda.<\/a><\/div><div>\u00a0<\/div><div><b>MAULE HOY<br \/><\/b><a id=\"OWAce88f3c4-fde9-96a4-247e-b0fc7b6d154f\" title=\"https:\/\/www.litoralpress.cl\/paginaconsultas\/Servicios_NClipSitio\/Get_Imagen_Nota.aspx?LPKey=RDOSYUA4AJCNC53N37XVBDXPWAE3W3CGVP7UPNGJYYWO57GIOESIWTXFU6DOXBQMMJCSDSACOASVS\" href=\"https:\/\/www.litoralpress.cl\/paginaconsultas\/Servicios_NClipSitio\/Get_Imagen_Nota.aspx?LPKey=RDOSYUA4AJCNC53N37XVBDXPWAE3W3CGVP7UPNGJYYWO57GIOESIWTXFU6DOXBQMMJCSDSACOASVS\" target=\"_blank\" rel=\"noopener noreferrer\" data-auth=\"NotApplicable\" data-linkindex=\"3\">Investigaci\u00f3n que busca recuperar suelos da\u00f1ados representar\u00e1 a chile en la COP30. Se refiere Carlos Torres Fuchslocher, rector y Andrea Barrera Valenzuela, acad\u00e9mica del Departamento de Microbiolog\u00eda.<\/a><\/div><div>\u00a0<\/div><div><b>G5 NOTICIA<\/b><br \/><a id=\"OWA0c398e99-3886-0a3c-5170-ff4c632d84f2\" title=\"https:\/\/g5noticias.cl\/2025\/08\/28\/investigacion-que-busca-recuperar-suelos-danados-representara-a-chile-en-la-cop30\/\" href=\"https:\/\/g5noticias.cl\/2025\/08\/28\/investigacion-que-busca-recuperar-suelos-danados-representara-a-chile-en-la-cop30\/\" target=\"_blank\" rel=\"noopener noreferrer\" data-auth=\"NotApplicable\" data-linkindex=\"4\">Investigaci\u00f3n que busca recuperar suelos da\u00f1ados representar\u00e1 a chile en la COP30. Se refiere Carlos Torres Fuchslocher, rector y Andrea Barrera Valenzuela, acad\u00e9mica del Departamento de Microbiolog\u00eda.<\/a><\/div><div>\u00a0<\/div><div><b>RADIO ALLEN<\/b><br \/><a id=\"OWA7a4ba5cd-0bf4-af4d-c95d-7d0deb17bda6\" title=\"https:\/\/radioallen.cl\/proyecto-investigacion-que-busca-recuperar-suelos-danados-representara-a-chile-en-la-cop30\/\" href=\"https:\/\/radioallen.cl\/proyecto-investigacion-que-busca-recuperar-suelos-danados-representara-a-chile-en-la-cop30\/\" target=\"_blank\" rel=\"noopener noreferrer\" data-auth=\"NotApplicable\" data-linkindex=\"5\">Investigaci\u00f3n que busca recuperar suelos da\u00f1ados representar\u00e1 a Chile en la COP30. Se refiere Carlos Torres Fuchslocher, rector y Andrea Barrera Valenzuela, acad\u00e9mica del Departamento de Microbiolog\u00eda.<\/a><\/div><div>\u00a0<\/div><div><b>AD PRENSA<\/b><br \/><a id=\"OWAb271d3bd-4f67-bf19-cca0-fee231e4c44a\" title=\"https:\/\/www.adprensa.cl\/cronica\/investigacion-que-busca-recuperar-suelos-danados-representara-a-chile-en-la-cop30\/\" href=\"https:\/\/www.adprensa.cl\/cronica\/investigacion-que-busca-recuperar-suelos-danados-representara-a-chile-en-la-cop30\/\" target=\"_blank\" rel=\"noopener noreferrer\" data-auth=\"NotApplicable\" data-linkindex=\"6\">Investigaci\u00f3n que busca recuperar suelos da\u00f1ados representar\u00e1 a Chile en la COP30. Se refiere Carlos Torres Fuchslocher, rector y Andrea Barrera Valenzuela, acad\u00e9mica del Departamento de Microbiolog\u00eda.<\/a><\/div><div>\u00a0<\/div><div><b>TIERRA AMARILLANO<\/b><br \/><a id=\"OWA22554575-f048-21e3-6593-bcd6e33f33a3\" title=\"https:\/\/tierramarillano.cl\/2025\/08\/28\/investigacion-que-busca-recuperar-suelos-danados-representara-a-chile-en-la-cop30\/\" href=\"https:\/\/tierramarillano.cl\/2025\/08\/28\/investigacion-que-busca-recuperar-suelos-danados-representara-a-chile-en-la-cop30\/\" target=\"_blank\" rel=\"noopener noreferrer\" data-auth=\"NotApplicable\" data-linkindex=\"7\">Investigaci\u00f3n que busca recuperar suelos da\u00f1ados representar\u00e1 a Chile en la COP30. Se refiere Carlos Torres Fuchslocher, rector y Andrea Barrera Valenzuela, acad\u00e9mica del Departamento de Microbiolog\u00eda.<\/a><\/div><div><b>AD PRENSA<\/b><br \/><a id=\"OWA8354ab49-ad2c-8d25-b411-7043c2d00c84\" title=\"https:\/\/www.adprensa.cl\/cronica\/cruch-acuerda-profundizar-sus-propuestas-al-proyecto-fes-ante-proximo-debate-legislativo\/\" href=\"https:\/\/www.adprensa.cl\/cronica\/cruch-acuerda-profundizar-sus-propuestas-al-proyecto-fes-ante-proximo-debate-legislativo\/\" target=\"_blank\" rel=\"noopener noreferrer\" data-auth=\"NotApplicable\" data-linkindex=\"8\">CRUCH acuerda profundizar sus propuestas al proyecto FES ante pr\u00f3ximo debate legislativo. Se refiere Carlos Torres Fuchslocher, rector.<\/a><\/div><div aria-hidden=\"true\">\u00a0<\/div><div><b>COOPERATIVA CIENCIA<\/b><br \/><a id=\"OWA3372f376-290a-44d1-0e90-d8ecd5cd7674\" title=\"https:\/\/www.cooperativaciencia.cl\/medio-ambiente\/2025\/08\/28\/especialistas-alertan-nuevas-plagas-en-frutales-como-consecuencia-del-cambio-climatico\/\" href=\"https:\/\/www.cooperativaciencia.cl\/medio-ambiente\/2025\/08\/28\/especialistas-alertan-nuevas-plagas-en-frutales-como-consecuencia-del-cambio-climatico\/\" target=\"_blank\" rel=\"noopener noreferrer\" data-auth=\"NotApplicable\" data-linkindex=\"9\">Especialistas alertan nuevas plagas en frutales como consecuencia del cambio clim\u00e1tico. Se refiere Eduardo fuentes, acad\u00e9mico de la Facultad de Ciencias Agrarias.<\/a><\/div><div>\u00a0<\/div><div><b>CU\u00c1L ES TU HUELLA<\/b><br \/><a id=\"OWA02c37084-c145-5b67-5e0b-9fedae780006\" title=\"https:\/\/www.cualestuhuella.cl\/noticia\/noticias\/2025\/08\/cambio-de-hora-que-impacto-tiene-en-la-salud-y-el-bienestar-emocional\" href=\"https:\/\/www.cualestuhuella.cl\/noticia\/noticias\/2025\/08\/cambio-de-hora-que-impacto-tiene-en-la-salud-y-el-bienestar-emocional\" target=\"_blank\" rel=\"noopener noreferrer\" data-auth=\"NotApplicable\" data-linkindex=\"10\">Cambio de hora: \u00bfQu\u00e9 impacto tiene en la salud y el bienestar emocional? Se refiere Roberto Ferreira, acad\u00e9mico de la Facultad de Ciencias de la Educaci\u00f3n.<\/a><\/div><div>\u00a0<\/div><div><b>TU CASA TU RADIO<\/b><br \/><a id=\"OWA4257e958-923f-ec27-2d54-84d7d93c34cc\" title=\"https:\/\/tucasaturadio.cl\/cambio-de-hora-que-impacto-tiene-en-la-salud-y-el-bienestar-emocional\/\" href=\"https:\/\/tucasaturadio.cl\/cambio-de-hora-que-impacto-tiene-en-la-salud-y-el-bienestar-emocional\/\" target=\"_blank\" rel=\"noopener noreferrer\" data-auth=\"NotApplicable\" data-linkindex=\"11\">Cambio de hora: \u00bfQu\u00e9 impacto tiene en la salud y el bienestar emocional? Se refiere Roberto Ferreira, acad\u00e9mico de la Facultad de Ciencias de la Educaci\u00f3n.<\/a><\/div><div>\u00a0<\/div><div><b>RADIO MAULE SUR<\/b><br \/><a id=\"OWA8c31e106-4d9f-6086-11d1-b9e15694427c\" title=\"https:\/\/www.radiomaulesur.cl\/2025\/08\/cambio-de-hora-que-impacto-tiene-en-la.html\" href=\"https:\/\/www.radiomaulesur.cl\/2025\/08\/cambio-de-hora-que-impacto-tiene-en-la.html\" target=\"_blank\" rel=\"noopener noreferrer\" data-auth=\"NotApplicable\" data-linkindex=\"12\">Cambio de hora: \u00bfQu\u00e9 impacto tiene en la salud y el bienestar emocional? Se refiere Roberto Ferreira, acad\u00e9mico de la Facultad de Ciencias de la Educaci\u00f3n.<\/a><\/div><div>\u00a0<\/div><div><b>MEDIABANCO<\/b><br \/><a id=\"OWA448b1a1e-1012-16a7-9ad5-3dda82b57959\" title=\"https:\/\/www.mediabanco.com\/cambio-de-hora-que-impacto-tiene-en-la-salud-y-el-bienestar-emocional\/\" href=\"https:\/\/www.mediabanco.com\/cambio-de-hora-que-impacto-tiene-en-la-salud-y-el-bienestar-emocional\/\" target=\"_blank\" rel=\"noopener noreferrer\" data-auth=\"NotApplicable\" data-linkindex=\"13\">Cambio de hora: \u00bfQu\u00e9 impacto tiene en la salud y el bienestar emocional? Se refiere Roberto Ferreira, acad\u00e9mico de la Facultad de Ciencias de la Educaci\u00f3n.<\/a><\/div><div>\u00a0<\/div><div><b>S\u00c9PTIMA REGI\u00d3N NOTICIAS<\/b><br \/><a id=\"OWAeb00a079-23f2-d7ce-93f7-ea6c96a7c344\" title=\"https:\/\/www.septimapaginanoticias.cl\/cambio-de-hora-que-impacto-tiene-en-la-salud-y-el-bienestar-emocional\" href=\"https:\/\/www.septimapaginanoticias.cl\/cambio-de-hora-que-impacto-tiene-en-la-salud-y-el-bienestar-emocional\" target=\"_blank\" rel=\"noopener noreferrer\" data-auth=\"NotApplicable\" data-linkindex=\"14\">Cambio de hora: \u00bfQu\u00e9 impacto tiene en la salud y el bienestar emocional? Se refiere Roberto Ferreira, acad\u00e9mico de la Facultad de Ciencias de la Educaci\u00f3n.<\/a><\/div><div>\u00a0<\/div><div><b>RADIO ANCOA<\/b><br \/><a id=\"OWAb39f245a-0f6e-3728-b3e5-c33dd4cf4667\" title=\"https:\/\/www.radioancoa.cl\/categoria\/regional\/impacto-cambio-hora-salud-bienestar-emocional\" href=\"https:\/\/www.radioancoa.cl\/categoria\/regional\/impacto-cambio-hora-salud-bienestar-emocional\" target=\"_blank\" rel=\"noopener noreferrer\" data-auth=\"NotApplicable\" data-linkindex=\"15\">Impacto del cambio de hora en la salud y bienestar emocional. Se refiere Roberto Ferreira, acad\u00e9mico de la Facultad de Ciencias de la Educaci\u00f3n.<\/a><\/div><div>\u00a0<\/div><div><b>LA PRENSA DE CURIC\u00d3<\/b><br \/><a id=\"OWAcdfc8856-95b7-6858-6047-c94442d0e4d2\" title=\"https:\/\/www.litoralpress.cl\/paginaconsultas\/Servicios_NClipSitio\/Get_Imagen_Nota.aspx?LPKey=HZSAS465LSBR6H7WIPWBAX4KCKCD4WXXSTW7GASNQYNQLAB4PKE6OAVOSHDOZ32NSEWLN4J3J444O\" href=\"https:\/\/www.litoralpress.cl\/paginaconsultas\/Servicios_NClipSitio\/Get_Imagen_Nota.aspx?LPKey=HZSAS465LSBR6H7WIPWBAX4KCKCD4WXXSTW7GASNQYNQLAB4PKE6OAVOSHDOZ32NSEWLN4J3J444O\" target=\"_blank\" rel=\"noopener noreferrer\" data-auth=\"NotApplicable\" data-linkindex=\"16\">Cambio clim\u00e1tico comienza a generar nuevas plagas en \u00e1rboles frutales del Maule. Se refiere Eduardo fuentes, acad\u00e9mico de la Facultad de Ciencias Agrarias.<\/a><\/div><div>\u00a0<\/div><div><b>EL MERCURIO INVERSIONES<\/b><br \/><a id=\"OWA5f79f085-f2a6-4ea8-4a99-c5281bd73576\" title=\"https:\/\/www.elmercurio.com\/Inversiones\/Noticias\/Analisis\/2025\/08\/28\/1059611\/crece-rechazo-jara-encuesta-bloomberg.aspx\" href=\"https:\/\/www.elmercurio.com\/Inversiones\/Noticias\/Analisis\/2025\/08\/28\/1059611\/crece-rechazo-jara-encuesta-bloomberg.aspx\" target=\"_blank\" rel=\"noopener noreferrer\" data-auth=\"NotApplicable\" data-linkindex=\"17\">Crece rechazo a Jara en encuesta presidencial y Matthei se acerca a Kast. Se refiere Mauricio Morales Quiroga, director del Centro de an\u00e1lisis Pol\u00edtico (CAP-UTalca)<\/a><\/div><div>\u00a0<\/div><div><b>EL MOSTRADOR<\/b><br \/><a id=\"OWAbf9e3367-8808-de72-34b3-a700f62406dc\" title=\"https:\/\/www.elmostrador.cl\/noticias\/pais\/2025\/08\/28\/matthei-recupera-terreno-en-sondeo-de-bloomberg-y-acorta-distancia-con-kast-y-jara\/\" href=\"https:\/\/www.elmostrador.cl\/noticias\/pais\/2025\/08\/28\/matthei-recupera-terreno-en-sondeo-de-bloomberg-y-acorta-distancia-con-kast-y-jara\/\" target=\"_blank\" rel=\"noopener noreferrer\" data-auth=\"NotApplicable\" data-linkindex=\"18\">Matthei recupera terreno en sondeo de Bloomberg y acorta distancia con Kast y Jara. Se refiere Mauricio Morales Quiroga, director del Centro de an\u00e1lisis Pol\u00edtico (CAP-UTalca)<\/a><\/div><div>\u00a0<\/div><div><b>MSN CHILE<\/b><br \/><a id=\"OWA27384367-f2ce-2341-30a3-0d049a4d7176\" title=\"https:\/\/www.msn.com\/es-cl\/noticias\/other\/matthei-recupera-terreno-en-sondeo-de-bloomberg-y-acorta-distancia-con-kast-y-jara\/ar-AA1LrpRn\" href=\"https:\/\/www.msn.com\/es-cl\/noticias\/other\/matthei-recupera-terreno-en-sondeo-de-bloomberg-y-acorta-distancia-con-kast-y-jara\/ar-AA1LrpRn\" target=\"_blank\" rel=\"noopener noreferrer\" data-auth=\"NotApplicable\" data-linkindex=\"19\">Matthei recupera terreno en sondeo de Bloomberg y acorta distancia con Kast y Jara. Se refiere Mauricio Morales Quiroga, director del Centro de an\u00e1lisis Pol\u00edtico (CAP-UTalca)<\/a><\/div><div>\u00a0<\/div><div><b>RADIO GUAYAC\u00c1N<\/b><br \/><a id=\"OWA16a7b806-0424-a813-6c57-41fef39dc9ec\" title=\"https:\/\/www.litoralpress.cl\/sitio\/RadioTV_Detalles.cshtml?LPKey=R5IQMXAW5P3ASZZOGMJH2MWM5MMFSXTDD2WNFFBWR62EJMPRPF4TDWZBWDSEGDAUQ6PIURNTZ66HS\" href=\"https:\/\/www.litoralpress.cl\/sitio\/RadioTV_Detalles.cshtml?LPKey=R5IQMXAW5P3ASZZOGMJH2MWM5MMFSXTDD2WNFFBWR62EJMPRPF4TDWZBWDSEGDAUQ6PIURNTZ66HS\" target=\"_blank\" rel=\"noopener noreferrer\" data-auth=\"NotApplicable\" data-linkindex=\"20\">Entrevista a Rodrigo Saens, acad\u00e9mico de la Facultad de econom\u00eda y Negocios.<\/a><\/div><div>\u00a0<\/div><div><b>SOMOS MAULE<\/b><br \/><a id=\"OWAbb07a0e0-1b17-76fb-168d-cbe40233e3cf\" title=\"http:\/\/somosmaule.cl\/publico\/ficha\/ficha.aspx?i=92784\" href=\"http:\/\/somosmaule.cl\/publico\/ficha\/ficha.aspx?i=92784\" target=\"_blank\" rel=\"noopener noreferrer\" data-auth=\"NotApplicable\" data-linkindex=\"21\">Naturaleza como medicina: conoce los beneficios de frecuentar entornos naturales para la salud. Se refiere Carmen Gloria Zambrano, acad\u00e9mica de la Escuela de Kinesiolog\u00eda y directora del Departamento de Ciencias del Movimiento Humano<\/a><\/div><div>\u00a0<\/div><div><b>RADIO FM M\u00c1S<\/b><br \/><a id=\"OWA3532a976-78e5-122c-50fd-0c6a71350078\" title=\"https:\/\/radiofmmas.cl\/universidad-de-talca-presentara-solucion-para-la-erosion-de-suelos-en-conferencia-de-la-onu\/\" href=\"https:\/\/radiofmmas.cl\/universidad-de-talca-presentara-solucion-para-la-erosion-de-suelos-en-conferencia-de-la-onu\/\" target=\"_blank\" rel=\"noopener noreferrer\" data-auth=\"NotApplicable\" data-linkindex=\"22\">Universidad de Talca presentar\u00e1 soluci\u00f3n para la erosi\u00f3n de suelos en conferencia de la ONU. Se refiere Andrea Barrera Valenzuela, acad\u00e9mica del Departamento de Microbiolog\u00eda.<\/a><\/div><div>\u00a0<\/div><div><b>EL CONTENIDO<\/b><br \/><a id=\"OWA78d150fb-c22a-e6ae-9a59-4e0718d2ef0d\" title=\"https:\/\/elcontenido.news\/2025\/nacional\/inteligencia-artificial-y-personas-mayores-retos-y-posibilidades-en-la-inclusion-digital\/\" href=\"https:\/\/elcontenido.news\/2025\/nacional\/inteligencia-artificial-y-personas-mayores-retos-y-posibilidades-en-la-inclusion-digital\/\" target=\"_blank\" rel=\"noopener noreferrer\" data-auth=\"NotApplicable\" data-linkindex=\"23\">Inteligencia artificial y personas mayores: Retos y posibilidades en la inclusi\u00f3n digital. Se refiere Boris Vera, Escuela de Enfermer\u00eda<\/a><\/div><div>\u00a0<\/div><div><b>DIARIO AL QUINTA<\/b><br \/><a id=\"OWA8baf5587-c3cf-9433-22b9-c27a57761794\" title=\"https:\/\/diariolaquinta.cl\/2025\/08\/28\/nacional-demencia-digital-el-nuevo-riesgo-neurologico-que-amenaza-a-ninos-y-jovenes\/\" href=\"https:\/\/diariolaquinta.cl\/2025\/08\/28\/nacional-demencia-digital-el-nuevo-riesgo-neurologico-que-amenaza-a-ninos-y-jovenes\/\" target=\"_blank\" rel=\"noopener noreferrer\" data-auth=\"NotApplicable\" data-linkindex=\"24\">[NACIONAL] Demencia digital: el nuevo riesgo neurol\u00f3gico que amenaza a ni\u00f1os y j\u00f3venes. Se refiere Alejandro Cataldo, acad\u00e9mico de la Facultad de Econom\u00eda y Negocios.<\/a><\/div><div>\u00a0<\/div><div><b>AD PRENSA<\/b><br \/><a id=\"OWA7079cc0d-fa30-3cab-2dd9-deb94dec4a2c\" title=\"https:\/\/www.adprensa.cl\/cronica\/utalca-y-hospital-de-curico-inauguran-residencias-para-estudiantes-internos\/\" href=\"https:\/\/www.adprensa.cl\/cronica\/utalca-y-hospital-de-curico-inauguran-residencias-para-estudiantes-internos\/\" target=\"_blank\" rel=\"noopener noreferrer\" data-auth=\"NotApplicable\" data-linkindex=\"25\">UTalca y Hospital de Curic\u00f3 inauguran residencias para estudiantes internos. Se refiere Cristian Vilos Ortiz, decano de la Facultad de Medicina.<\/a><\/div><div>\u00a0<\/div><div><b>AD PRENSA<\/b><br \/><a id=\"OWA0a7a4000-1873-b083-ba1f-b90c355a5e47\" title=\"https:\/\/www.adprensa.cl\/cronica\/mas-de-250-escolares-del-maule-inician-su-camino-como-cientificos\/\" href=\"https:\/\/www.adprensa.cl\/cronica\/mas-de-250-escolares-del-maule-inician-su-camino-como-cientificos\/\" target=\"_blank\" rel=\"noopener noreferrer\" data-auth=\"NotApplicable\" data-linkindex=\"26\">M\u00e1s de 250 escolares del Maule inician su camino como cient\u00edficos. Se refiere C\u00e9sar Retamal Bravo, jefe de la Unidad de Divulgaci\u00f3n y Diana V\u00e1squez, acad\u00e9mica de la carrera de Terapia Ocupacional.<\/a><\/div><div>\u00a0<\/div><div><b>G5 NOTICIA<\/b><br \/><a id=\"OWA0aebe4ee-c0f8-4dd1-981b-6f8ce7accc02\" title=\"https:\/\/g5noticias.cl\/2025\/08\/28\/universidades-estatales-de-chile-se-suman-a-presion-internacional-por-crisis-humanitaria-en-gaza\/\" href=\"https:\/\/g5noticias.cl\/2025\/08\/28\/universidades-estatales-de-chile-se-suman-a-presion-internacional-por-crisis-humanitaria-en-gaza\/\" target=\"_blank\" rel=\"noopener noreferrer\" data-auth=\"NotApplicable\" data-linkindex=\"27\">Universidades estatales de Chile se suman a presi\u00f3n internacional por crisis humanitaria en Gaza. Se menciona la Universidad de Talca.<\/a><\/div><div>\u00a0<\/div><div><b>EL LECTOR<\/b><br \/><a id=\"OWAcd22ba08-b804-5edc-9826-443ff6f629bb\" title=\"https:\/\/www.litoralpress.cl\/paginaconsultas\/Servicios_NClipSitio\/Get_Imagen_Nota.aspx?LPKey=LEHVUADN5UGZXXISDCXUR3E4324S4VS2Y52CJN5ZU4XLGSRGCJZIGKZZ7XC5UHSTN5DP7EZOO7JXU\" href=\"https:\/\/www.litoralpress.cl\/paginaconsultas\/Servicios_NClipSitio\/Get_Imagen_Nota.aspx?LPKey=LEHVUADN5UGZXXISDCXUR3E4324S4VS2Y52CJN5ZU4XLGSRGCJZIGKZZ7XC5UHSTN5DP7EZOO7JXU\" target=\"_blank\" rel=\"noopener noreferrer\" data-auth=\"NotApplicable\" data-linkindex=\"28\">DOH del MOP Maule capacita y asiste a m\u00e1s de 300 sistemas sanitarios rurales. Se menciona la Universidad de Talca.<\/a><\/div><div>\u00a0<\/div><div><b>LA PRENSA DE CURIC\u00d3<\/b><br \/><a id=\"OWA35303050-0e20-1888-5d61-1f2bf706fdc3\" title=\"https:\/\/www.litoralpress.cl\/paginaconsultas\/Servicios_NClipSitio\/Get_Imagen_Nota.aspx?LPKey=SRXBOJDB6NXA7A67RFZOY7DQZQGZ2QKQYDD2QVTPXEWLIVV64BLSUBAKZEHPX7JASMSXHQ5R3HVJS\" href=\"https:\/\/www.litoralpress.cl\/paginaconsultas\/Servicios_NClipSitio\/Get_Imagen_Nota.aspx?LPKey=SRXBOJDB6NXA7A67RFZOY7DQZQGZ2QKQYDD2QVTPXEWLIVV64BLSUBAKZEHPX7JASMSXHQ5R3HVJS\" target=\"_blank\" rel=\"noopener noreferrer\" data-auth=\"NotApplicable\" data-linkindex=\"29\">\u201cNecesitamos mantener esto por el futuro de Chile\u201d Se menciona la Universidad de Talca.<\/a><\/div><div>\u00a0<\/div><div><b>PUBLIMICRO<\/b><br \/><a id=\"OWA2c7d1788-02c5-c488-2574-fb5fa60eb96c\" title=\"https:\/\/publimicro.cl\/investigacion-de-la-universidad-de-talca-que-busca-recuperar-suelos-danados-representara-a-chile-en-la-cop30\/\" href=\"https:\/\/publimicro.cl\/investigacion-de-la-universidad-de-talca-que-busca-recuperar-suelos-danados-representara-a-chile-en-la-cop30\/\" target=\"_blank\" rel=\"noopener noreferrer\" data-auth=\"NotApplicable\" data-linkindex=\"30\">Investigaci\u00f3n que busca recuperar suelos da\u00f1ados representar\u00e1 a chile en la COP30. Se menciona la Universidad de Talca.<\/a><\/div><div>\u00a0<\/div><div><b>DIARIO LA PRENSA<\/b><br \/><a id=\"OWA8215417e-f6b1-6eba-7a39-3478e1aff0e1\" title=\"https:\/\/new.diariolaprensa.cl\/index.php\/2025\/08\/28\/necesitamos-mantener-esto-por-el-futuro-de-chile\/\" href=\"https:\/\/new.diariolaprensa.cl\/index.php\/2025\/08\/28\/necesitamos-mantener-esto-por-el-futuro-de-chile\/\" target=\"_blank\" rel=\"noopener noreferrer\" data-auth=\"NotApplicable\" data-linkindex=\"31\">\u201cNecesitamos mantener esto por el futuro de Chile\u201d. Se menciona la Universidad de Talca.<\/a><\/div><div>\u00a0<\/div><div><b>UPLA<\/b><br \/><a id=\"OWAbc252e1a-c722-914d-463b-b1a5399ca391\" title=\"https:\/\/www.upla.cl\/noticias\/2025\/08\/28\/universidades-estatales-de-chile-se-suman-a-presion-internacional-por-crisis-humanitaria-en-gaza\/\" href=\"https:\/\/www.upla.cl\/noticias\/2025\/08\/28\/universidades-estatales-de-chile-se-suman-a-presion-internacional-por-crisis-humanitaria-en-gaza\/\" target=\"_blank\" rel=\"noopener noreferrer\" data-auth=\"NotApplicable\" data-linkindex=\"32\">Universidades Estatales de Chile se suman a presi\u00f3n internacional por crisis humanitaria en Gaza. Se menciona la Universidad de Talca.<\/a><\/div><div>\u00a0<\/div><div><b>ESTADO DIARIO<\/b><br \/><a id=\"OWAaeca2999-aa72-a77f-94de-a1cce94b06e7\" title=\"https:\/\/estadodiario.com\/columnas\/obligaciones-uaf-en-el-sector-automotriz-desafios-y-estrategias-ante-los-depositos-en-efectivo\/\" href=\"https:\/\/estadodiario.com\/columnas\/obligaciones-uaf-en-el-sector-automotriz-desafios-y-estrategias-ante-los-depositos-en-efectivo\/\" target=\"_blank\" rel=\"noopener noreferrer\" data-auth=\"NotApplicable\" data-linkindex=\"33\">Obligaciones UAF en el sector automotriz: desaf\u00edos y estrategias ante los dep\u00f3sitos en efectivo. Se menciona la Universidad de Talca.<\/a><\/div><div>\u00a0<\/div><div><b>AD PRENSA<\/b><br \/><a id=\"OWA33cec8ac-95d9-3588-88df-dac147112225\" title=\"https:\/\/www.adprensa.cl\/actividades-academicas\/inapi-entrego-su-cuenta-publica-2025-en-la-utalca\/\" href=\"https:\/\/www.adprensa.cl\/actividades-academicas\/inapi-entrego-su-cuenta-publica-2025-en-la-utalca\/\" target=\"_blank\" rel=\"noopener noreferrer\" data-auth=\"NotApplicable\" data-linkindex=\"34\">INAPI entreg\u00f3 su Cuenta P\u00fablica 2025 en la UTalca. Se menciona la Universidad de Talca<\/a><\/div><div>\u00a0<\/div><div><b>UNIVERSIDAD DE CHILE<\/b><br \/><a id=\"OWAac8a0e97-3a38-20e6-8591-0ae336cbf4cc\" title=\"https:\/\/forestal.uchile.cl\/noticias\/231793\/forestal-fue-parte-de-importante-feria-del-libro-de-la-unam-en-mexico\" href=\"https:\/\/forestal.uchile.cl\/noticias\/231793\/forestal-fue-parte-de-importante-feria-del-libro-de-la-unam-en-mexico\" target=\"_blank\" rel=\"noopener noreferrer\" data-auth=\"NotApplicable\" data-linkindex=\"35\">Forestal fue parte de importante Feria del Libro de la UNAM en M\u00e9xico. Se menciona la Universidad de Talca.<\/a><\/div><div>\u00a0<\/div><div><b>SERNAC<\/b><br \/><a id=\"OWAf610dd26-6969-de3d-9c78-8e3f7d833b79\" title=\"https:\/\/www.sernac.cl\/portal\/604\/w3-article-87067.html\" href=\"https:\/\/www.sernac.cl\/portal\/604\/w3-article-87067.html\" target=\"_blank\" rel=\"noopener noreferrer\" data-auth=\"NotApplicable\" data-linkindex=\"36\">SERNAC y Universidad de Talca se unen para un ciclo sobre educaci\u00f3n y derechos en el consumo. Se menciona la Universidad de Talca.<\/a><\/div><div>\u00a0<\/div><div><b>UNIVERSIDAD DE CHILE<\/b><br \/><a id=\"OWA76b420a9-b509-3b21-8d31-7e2d2f83260c\" title=\"https:\/\/uchile.cl\/noticias\/231812\/palabras-de-la-rectora-rosa-deves-en-filuni-2025\" href=\"https:\/\/uchile.cl\/noticias\/231812\/palabras-de-la-rectora-rosa-deves-en-filuni-2025\" target=\"_blank\" rel=\"noopener noreferrer\" data-auth=\"NotApplicable\" data-linkindex=\"37\">Palabras de la Rectora Rosa Dev\u00e9s en la Ceremonia de Inauguraci\u00f3n de FILUNI 2025 en la UNAM. Se menciona la Universidad de Talca.<\/a><\/div><div>\u00a0<\/div><div><b>RADIO UNIVERSIDAD DE CHILE<\/b><br \/><a id=\"OWA19b513bb-3967-9c75-0464-7649c7ec6903\" title=\"https:\/\/radio.uchile.cl\/2025\/08\/28\/filuni-es-mas-que-una-feria-es-una-celebracion-de-la-hermandad-entre-chile-y-mexico\/\" href=\"https:\/\/radio.uchile.cl\/2025\/08\/28\/filuni-es-mas-que-una-feria-es-una-celebracion-de-la-hermandad-entre-chile-y-mexico\/\" target=\"_blank\" rel=\"noopener noreferrer\" data-auth=\"NotApplicable\" data-linkindex=\"38\">FILUNI es m\u00e1s que una feria, es una celebraci\u00f3n de la hermandad entre Chile y M\u00e9xico. Se menciona la Universidad de Talca.<\/a><\/div>\t\t\t\t\t\t<\/div>\n\t\t\t\t<\/div>\n\t\t\t\t\t<\/div>\n\t\t<\/div>\n\t\t\t\t\t\t\t<\/div>\n\t\t<\/section>\n\t\t\t\t\t\t<\/div>\n\t\t\t\t\t<\/div>\n\t\t","protected":false},"excerpt":{"rendered":"<p>EL MOSTRADORInvestigaci\u00f3n que busca recuperar suelos da\u00f1ados representar\u00e1 a Chile en la COP30. Se refiere Carlos Torres Fuchslocher, rector y Andrea Barrera Valenzuela, acad\u00e9mica del Departamento de Microbiolog\u00eda.\u00a0EL HERALDOEmprendimiento e innovaci\u00f3n en universidades: claves del encuentro Meta Red X de Universia. Se refiere Carlos Torres Fuchslocher, rector.\u00a0EL LECTORInvestigaci\u00f3n que busca recuperar suelos da\u00f1ados representar\u00e1 a &hellip;<\/p>\n<p class=\"read-more\"> <a class=\"\" href=\"https:\/\/www.reportedeprensa.utalca.cl\/?p=12450\"> <span class=\"screen-reader-text\">29 de agosto 2025<\/span> Read More &raquo;<\/a><\/p>\n","protected":false},"author":1,"featured_media":0,"comment_status":"closed","ping_status":"open","sticky":false,"template":"","format":"standard","meta":{"_monsterinsights_skip_tracking":false,"_monsterinsights_sitenote_active":false,"_monsterinsights_sitenote_note":"","_monsterinsights_sitenote_category":0},"categories":[62],"tags":[],"_links":{"self":[{"href":"https:\/\/www.reportedeprensa.utalca.cl\/index.php?rest_route=\/wp\/v2\/posts\/12450"}],"collection":[{"href":"https:\/\/www.reportedeprensa.utalca.cl\/index.php?rest_route=\/wp\/v2\/posts"}],"about":[{"href":"https:\/\/www.reportedeprensa.utalca.cl\/index.php?rest_route=\/wp\/v2\/types\/post"}],"author":[{"embeddable":true,"href":"https:\/\/www.reportedeprensa.utalca.cl\/index.php?rest_route=\/wp\/v2\/users\/1"}],"replies":[{"embeddable":true,"href":"https:\/\/www.reportedeprensa.utalca.cl\/index.php?rest_route=%2Fwp%2Fv2%2Fcomments&post=12450"}],"version-history":[{"count":4,"href":"https:\/\/www.reportedeprensa.utalca.cl\/index.php?rest_route=\/wp\/v2\/posts\/12450\/revisions"}],"predecessor-version":[{"id":12462,"href":"https:\/\/www.reportedeprensa.utalca.cl\/index.php?rest_route=\/wp\/v2\/posts\/12450\/revisions\/12462"}],"wp:attachment":[{"href":"https:\/\/www.reportedeprensa.utalca.cl\/index.php?rest_route=%2Fwp%2Fv2%2Fmedia&parent=12450"}],"wp:term":[{"taxonomy":"category","embeddable":true,"href":"https:\/\/www.reportedeprensa.utalca.cl\/index.php?rest_route=%2Fwp%2Fv2%2Fcategories&post=12450"},{"taxonomy":"post_tag","embeddable":true,"href":"https:\/\/www.reportedeprensa.utalca.cl\/index.php?rest_route=%2Fwp%2Fv2%2Ftags&post=12450"}],"curies":[{"name":"wp","href":"https:\/\/api.w.org\/{rel}","templated":true}]}}