{"id":12466,"date":"2025-09-01T14:30:52","date_gmt":"2025-09-01T17:30:52","guid":{"rendered":"https:\/\/www.reportedeprensa.utalca.cl\/?p=12466"},"modified":"2025-09-01T14:33:13","modified_gmt":"2025-09-01T17:33:13","slug":"01-de-septiembre-2025","status":"publish","type":"post","link":"https:\/\/www.reportedeprensa.utalca.cl\/?p=12466","title":{"rendered":"01 de septiembre 2025"},"content":{"rendered":"\t\t<div data-elementor-type=\"wp-post\" data-elementor-id=\"12466\" class=\"elementor elementor-12466\" data-elementor-settings=\"[]\">\n\t\t\t\t\t\t\t<div class=\"elementor-section-wrap\">\n\t\t\t\t\t\t\t<section class=\"elementor-section elementor-top-section elementor-element elementor-element-bcea1a8 elementor-section-boxed elementor-section-height-default elementor-section-height-default\" data-id=\"bcea1a8\" data-element_type=\"section\">\n\t\t\t\t\t\t<div class=\"elementor-container elementor-column-gap-default\">\n\t\t\t\t\t<div class=\"elementor-column elementor-col-100 elementor-top-column elementor-element elementor-element-e7183bf\" data-id=\"e7183bf\" data-element_type=\"column\">\n\t\t\t<div class=\"elementor-widget-wrap elementor-element-populated\">\n\t\t\t\t\t\t\t\t<div class=\"elementor-element elementor-element-ad6bff3 elementor-widget elementor-widget-text-editor\" data-id=\"ad6bff3\" data-element_type=\"widget\" data-widget_type=\"text-editor.default\">\n\t\t\t\t<div class=\"elementor-widget-container\">\n\t\t\t\t\t\t\t\t<div class=\"x_elementToProof\"><b data-olk-copy-source=\"MessageBody\">EL MOSTRADOR<\/b>\u00a0<\/div><div class=\"x_elementToProof\"><a id=\"OWA3f7dda27-8bce-7e9e-e011-a4f8885231a5\" class=\"x_Hyperlink x_SCXW120931856 x_BCX0 x_OWAAutoLink\" title=\"https:\/\/www.elmostrador.cl\/agenda-pais\/vida-en-linea\/2025\/08\/29\/enfermedades-cerebrales-mas-comunes-en-chile-acv-demencia-y-parkinson-lideran-la-lista\/\" href=\"https:\/\/www.elmostrador.cl\/agenda-pais\/vida-en-linea\/2025\/08\/29\/enfermedades-cerebrales-mas-comunes-en-chile-acv-demencia-y-parkinson-lideran-la-lista\/\" target=\"_blank\" rel=\"noreferrer noopener\" data-auth=\"NotApplicable\" data-linkindex=\"0\">Enfermedades cerebrales m\u00e1s comunes en Chile: ACV, demencia y Parkinson lideran la lista. Ser refiere Gustavo Dom\u00ednguez Araya, acad\u00e9mico de la Escuela de Enfermer\u00eda.<\/a> \u00a0<\/div><div>\u00a0<\/div><div class=\"x_elementToProof\"><b>MSN CHILE<\/b>\u00a0<br \/><a id=\"OWAfc66d570-6b1d-fe17-2eb5-3e451d06f549\" class=\"x_Hyperlink x_SCXW120931856 x_BCX0 x_OWAAutoLink\" title=\"https:\/\/www.msn.com\/es-cl\/noticias\/other\/enfermedades-cerebrales-m%C3%A1s-comunes-en-chile-acv-demencia-y-parkinson-lideran-la-lista\/ar-AA1LtCgi\" href=\"https:\/\/www.msn.com\/es-cl\/noticias\/other\/enfermedades-cerebrales-m%C3%A1s-comunes-en-chile-acv-demencia-y-parkinson-lideran-la-lista\/ar-AA1LtCgi\" target=\"_blank\" rel=\"noreferrer noopener\" data-auth=\"NotApplicable\" data-linkindex=\"1\">Enfermedades cerebrales m\u00e1s comunes en Chile: ACV, demencia y Parkinson lideran la lista. Se refiere Gustavo Dom\u00ednguez Araya, acad\u00e9mico de la Escuela de Enfermer\u00eda.<\/a>\u00a0<\/div><div>\u00a0<\/div><div class=\"x_elementToProof\"><b>DIARIO EL HERALDO<\/b>\u00a0<br \/><a id=\"OWA0cab2e25-bce5-9eaa-99b4-191907b0c8ab\" class=\"x_Hyperlink x_SCXW120931856 x_BCX0 x_OWAAutoLink\" title=\"https:\/\/www.diarioelheraldo.cl\/noticia\/investigacion-que-busca-recuperar-suelos-danados-representara-a-chile-en-la-cop30-\" href=\"https:\/\/www.diarioelheraldo.cl\/noticia\/investigacion-que-busca-recuperar-suelos-danados-representara-a-chile-en-la-cop30-\" target=\"_blank\" rel=\"noreferrer noopener\" data-auth=\"NotApplicable\" data-linkindex=\"2\">Investigaci\u00f3n que busca recuperar suelos da\u00f1ados representar\u00e1 a Chile en la COP30. Se refiere Andrea Barrera Valenzuela, acad\u00e9mica del Departamento de Microbiolog\u00eda.<\/a>\u00a0<\/div><div>\u00a0<\/div><div class=\"x_elementToProof\"><b>EL HERALDO<\/b>\u00a0<br \/><a id=\"OWAebe0ad81-25f0-ac6d-7308-15ae7f0d6a3d\" class=\"x_Hyperlink x_SCXW120931856 x_BCX0 x_OWAAutoLink\" title=\"https:\/\/www.litoralpress.cl\/paginaconsultas\/Servicios_NClipSitio\/Get_Imagen_Nota.aspx?LPKey=BDNV7OGSVGA457YZ6THMQF5TPX4F2RBDXFVRXLZ6LDL7HF5NIPKOFZJYCO6ATTPRC7CG66VMTJQLM\" href=\"https:\/\/www.litoralpress.cl\/paginaconsultas\/Servicios_NClipSitio\/Get_Imagen_Nota.aspx?LPKey=BDNV7OGSVGA457YZ6THMQF5TPX4F2RBDXFVRXLZ6LDL7HF5NIPKOFZJYCO6ATTPRC7CG66VMTJQLM\" target=\"_blank\" rel=\"noreferrer noopener\" data-auth=\"NotApplicable\" data-linkindex=\"3\">Investigaci\u00f3n que busca recuperar suelos da\u00f1ados representar\u00e1 a Chile en la COP30. Se refiere Carlos Torres Fuchslocher, rector y Andrea Barrera Valenzuela, acad\u00e9mica del Departamento de Microbiolog\u00eda.<\/a>\u00a0<\/div><div>\u00a0<\/div><div class=\"x_elementToProof\"><b>MAULE HOY<\/b>\u00a0<br \/><a id=\"OWA65ac9071-e28f-d094-6732-934e4921ef9e\" class=\"x_Hyperlink x_SCXW120931856 x_BCX0 x_OWAAutoLink\" title=\"https:\/\/www.litoralpress.cl\/paginaconsultas\/Servicios_NClipSitio\/Get_Imagen_Nota.aspx?LPKey=TP3KV3NNEBLP3SRVNKHKOYNGHZWMWTMXJZSZX7BQUUMHZQR5KUG4O6WGF4T3QCLWK4OOF6US6TWN4\" href=\"https:\/\/www.litoralpress.cl\/paginaconsultas\/Servicios_NClipSitio\/Get_Imagen_Nota.aspx?LPKey=TP3KV3NNEBLP3SRVNKHKOYNGHZWMWTMXJZSZX7BQUUMHZQR5KUG4O6WGF4T3QCLWK4OOF6US6TWN4\" target=\"_blank\" rel=\"noreferrer noopener\" data-auth=\"NotApplicable\" data-linkindex=\"4\">Fiesta de la Poda en Colchagua vinculando tradici\u00f3n, academia y territorio. Se refiere Gonzalo D\u00edaz Ulloa, decano de la Facultad de Ciencias Agrarias, Gabriela Cofr\u00e9 Bravo, director del Campus Colchagua, Patricio G\u00f3mez Arizmendi, directora de la carrera de Agronom\u00eda y Yerko Moreno Simunovict, director del Centro Tecnol\u00f3gico de la Vid y el Vino.<\/a>\u00a0<\/div><div>\u00a0<\/div><div class=\"x_elementToProof\"><b>MAULE HOY<\/b>\u00a0<br \/><a id=\"OWA894e55a1-10d4-16e8-70f4-c20966fb0678\" class=\"x_Hyperlink x_SCXW120931856 x_BCX0 x_OWAAutoLink\" title=\"https:\/\/www.litoralpress.cl\/paginaconsultas\/Servicios_NClipSitio\/Get_Imagen_Nota.aspx?LPKey=YAKRDY4RANJXVGW4JPBOAWMPCCFELCWBGSCSOWHLA6LNWBKO5MHNWG7HMXGYD2TZP5NZBZ7TLPNEE\" href=\"https:\/\/www.litoralpress.cl\/paginaconsultas\/Servicios_NClipSitio\/Get_Imagen_Nota.aspx?LPKey=YAKRDY4RANJXVGW4JPBOAWMPCCFELCWBGSCSOWHLA6LNWBKO5MHNWG7HMXGYD2TZP5NZBZ7TLPNEE\" target=\"_blank\" rel=\"noreferrer noopener\" data-auth=\"NotApplicable\" data-linkindex=\"5\">Especialistas alertan sobre nuevas plagas en frutales producto del cambio clim\u00e1tico. Se refiere Eduardo Fuentes, acad\u00e9mico de la Facultad de Ciencias Agrarias<\/a>\u00a0<\/div><div>\u00a0<\/div><div class=\"x_elementToProof\"><b>AD PRENSA<\/b>\u00a0<br \/><a id=\"OWA8f8b2fc5-a332-a55e-e97d-1262f296ccbf\" class=\"x_Hyperlink x_SCXW120931856 x_BCX0 x_OWAAutoLink\" title=\"https:\/\/www.adprensa.cl\/cronica\/cruch-acuerda-profundizar-sus-propuestas-al-proyecto-fes-ante-proximo-debate-legislativo\/\" href=\"https:\/\/www.adprensa.cl\/cronica\/cruch-acuerda-profundizar-sus-propuestas-al-proyecto-fes-ante-proximo-debate-legislativo\/\" target=\"_blank\" rel=\"noreferrer noopener\" data-auth=\"NotApplicable\" data-linkindex=\"6\">CRUCH acuerda profundizar sus propuestas al proyecto FES ante pr\u00f3ximo debate legislativo. Se refiere Carlos Torres Fuchslocher, rector.<\/a> \u00a0<\/div><div>\u00a0<\/div><div class=\"x_elementToProof\"><b>ENTREPRENERD <\/b>\u00a0<br \/><a id=\"OWA0a1a9550-2030-873d-4753-b91cb791075a\" class=\"x_Hyperlink x_SCXW120931856 x_BCX0 x_OWAAutoLink\" title=\"https:\/\/www.entnerd.com\/utalca-envia-a-futuros-profesores-a-experiencia-formativa-en-finlandia-y-noruega\/\" href=\"https:\/\/www.entnerd.com\/utalca-envia-a-futuros-profesores-a-experiencia-formativa-en-finlandia-y-noruega\/\" target=\"_blank\" rel=\"noreferrer noopener\" data-auth=\"NotApplicable\" data-linkindex=\"7\">UTalca env\u00eda a futuros profesores a experiencia formativa en Finlandia y Noruega. Se refiere Mauricio V\u00e9liz, decano de la Facultad de Ciencias de la Educaci\u00f3n y Katherine N\u00fa\u00f1ez, jefa de Movilidad Estudiantil Internacional.<\/a>\u00a0<\/div><div>\u00a0<\/div><div class=\"x_elementToProof\"><b>PUBLIMICRO<\/b>\u00a0<br \/><a id=\"OWAde66b515-7c78-d9eb-6752-cf9a02b231f7\" class=\"x_Hyperlink x_SCXW120931856 x_BCX0 x_OWAAutoLink\" title=\"https:\/\/publimicro.cl\/universidad-de-talca-envia-a-futuros-profesores-a-experiencia-formativa-en-finlandia-y-noruega\/\" href=\"https:\/\/publimicro.cl\/universidad-de-talca-envia-a-futuros-profesores-a-experiencia-formativa-en-finlandia-y-noruega\/\" target=\"_blank\" rel=\"noreferrer noopener\" data-auth=\"NotApplicable\" data-linkindex=\"8\">Universidad de Talca env\u00eda a futuros profesores, a experiencia formativa en Finlandia y Noruega. Se refiere Mauricio V\u00e9liz, decano de la Facultad de Ciencias de la Educaci\u00f3n y Katherine N\u00fa\u00f1ez, jefa de Movilidad Estudiantil Internacional.<\/a><\/div><div class=\"x_elementToProof\">\u00a0<\/div><div class=\"x_elementToProof\"><b>PORTALEDUCA<\/b>\u00a0<br \/><a id=\"OWA68375874-9800-f2f2-661d-e143cf482e92\" class=\"x_Hyperlink x_SCXW120931856 x_BCX0 x_OWAAutoLink\" title=\"https:\/\/portaleduca.cl\/utalca-envia-a-futuros-profesores-a-experiencia-formativa-en-finlandia-y-noruega\/\" href=\"https:\/\/portaleduca.cl\/utalca-envia-a-futuros-profesores-a-experiencia-formativa-en-finlandia-y-noruega\/\" target=\"_blank\" rel=\"noreferrer noopener\" data-auth=\"NotApplicable\" data-linkindex=\"9\">UTalca env\u00eda a futuros profesores a experiencia formativa en Finlandia y Noruega. Se refiere Mauricio V\u00e9liz, decano de la Facultad de Ciencias de la Educaci\u00f3n y Katherine N\u00fa\u00f1ez, jefa de Movilidad Estudiantil Internacional.<\/a>\u00a0<\/div><div>\u00a0<\/div><div class=\"x_elementToProof\"><b>DIARIO EL CENTRO<\/b>\u00a0<br \/><a id=\"OWA72289fb0-eca7-ad96-07f6-44680df21c5d\" class=\"x_Hyperlink x_SCXW120931856 x_BCX0 x_OWAAutoLink\" title=\"https:\/\/www.diarioelcentro.cl\/2025\/08\/30\/futuros-profesores-viviran-experiencia-formativa-en-finlandia-y-noruega\/\" href=\"https:\/\/www.diarioelcentro.cl\/2025\/08\/30\/futuros-profesores-viviran-experiencia-formativa-en-finlandia-y-noruega\/\" target=\"_blank\" rel=\"noreferrer noopener\" data-auth=\"NotApplicable\" data-linkindex=\"10\">Futuros profesores vivir\u00e1n experiencia formativa en Finlandia y Noruega. Se refiere Mauricio V\u00e9liz, decano de la Facultad de Ciencias de la Educaci\u00f3n y Katherine N\u00fa\u00f1ez, jefa de Movilidad Estudiantil Internacional.<\/a>\u00a0<\/div><div>\u00a0<\/div><div class=\"x_elementToProof\"><b>RADIO ANCOA<\/b>\u00a0<br \/><a id=\"OWA15cdac83-a4b3-ceb7-8a83-f1925fa3919b\" class=\"x_Hyperlink x_SCXW120931856 x_BCX0 x_OWAAutoLink\" title=\"https:\/\/www.radioancoa.cl\/categoria\/regional\/utalca-envia-futuros-profesores-finlandia-noruega\" href=\"https:\/\/www.radioancoa.cl\/categoria\/regional\/utalca-envia-futuros-profesores-finlandia-noruega\" target=\"_blank\" rel=\"noreferrer noopener\" data-auth=\"NotApplicable\" data-linkindex=\"11\">UTalca env\u00eda futuros profesores a Finlandia y Noruega. Se refiere Mauricio V\u00e9liz, decano de la Facultad de Ciencias de la Educaci\u00f3n y Katherine N\u00fa\u00f1ez, jefa de Movilidad Estudiantil Internacional.<\/a>\u00a0<\/div><div>\u00a0<\/div><div class=\"x_elementToProof\"><b>EL LECTOR<\/b>\u00a0<br \/><a id=\"OWAa9bc2700-3145-a006-f652-2fa617fa6f2c\" class=\"x_Hyperlink x_SCXW120931856 x_BCX0 x_OWAAutoLink\" title=\"https:\/\/www.litoralpress.cl\/sitio\/Prensa_Detalles.cshtml?LPKey=BBQBH77KXQSROAYK3WRRQ5PFIQFDUAG3WLMA3V3PUT5Z4ETSTSAA\" href=\"https:\/\/www.litoralpress.cl\/sitio\/Prensa_Detalles.cshtml?LPKey=BBQBH77KXQSROAYK3WRRQ5PFIQFDUAG3WLMA3V3PUT5Z4ETSTSAA\" target=\"_blank\" rel=\"noreferrer noopener\" data-auth=\"NotApplicable\" data-linkindex=\"12\">UTalca env\u00eda a futuros profesores a experiencia formativa en Finlandia y Noruega. Se refiere Mauricio V\u00e9liz, decano de la Facultad de Ciencias de la Educaci\u00f3n y Katherine N\u00fa\u00f1ez, jefa de Movilidad Estudiantil Internacional.<\/a>\u00a0<\/div><div>\u00a0<\/div><div class=\"x_elementToProof\"><b>AD PRENSA <\/b>\u00a0<br \/><a id=\"OWA4a103d3f-5ecb-1b8c-f3ab-406566e5ee2a\" class=\"x_Hyperlink x_SCXW120931856 x_BCX0 x_OWAAutoLink\" title=\"https:\/\/www.adprensa.cl\/cronica\/utalca-envia-a-futuros-profesores-a-experiencia-formativa-en-finlandia-y-noruega\/\" href=\"https:\/\/www.adprensa.cl\/cronica\/utalca-envia-a-futuros-profesores-a-experiencia-formativa-en-finlandia-y-noruega\/\" target=\"_blank\" rel=\"noreferrer noopener\" data-auth=\"NotApplicable\" data-linkindex=\"13\">UTalca env\u00eda a futuros profesores a experiencia formativa en Finlandia y Noruega. Se refiere Mauricio V\u00e9liz, decano de la Facultad de Ciencias de la Educaci\u00f3n y Katherine N\u00fa\u00f1ez, jefa de Movilidad Estudiantil Internacional.<\/a>\u00a0<\/div><div>\u00a0<\/div><div class=\"x_elementToProof\"><b>MEDIABANCO<\/b>\u00a0<br \/><a id=\"OWA2a6b87e1-cb88-6bad-46b1-3a21a9fd6e9e\" class=\"x_Hyperlink x_SCXW120931856 x_BCX0 x_OWAAutoLink\" title=\"https:\/\/www.mediabanco.com\/utalca-envia-a-futuros-profesores-a-experiencia-formativa-en-finlandia-y-noruega\/\" href=\"https:\/\/www.mediabanco.com\/utalca-envia-a-futuros-profesores-a-experiencia-formativa-en-finlandia-y-noruega\/\" target=\"_blank\" rel=\"noreferrer noopener\" data-auth=\"NotApplicable\" data-linkindex=\"14\">UTalca env\u00eda a futuros profesores a experiencia formativa en Finlandia y Noruega. Se refiere Mauricio V\u00e9liz, decano de la Facultad de Ciencias de la Educaci\u00f3n y Katherine N\u00fa\u00f1ez, jefa de Movilidad Estudiantil Internacional.<\/a>\u00a0<\/div><div>\u00a0<\/div><div class=\"x_elementToProof\"><b>EL TIP\u00d3GRAFO<\/b>\u00a0<br \/><a id=\"OWA75c94916-a470-cb0a-fdce-ae3eec0c12bd\" class=\"x_Hyperlink x_SCXW120931856 x_BCX0 x_OWAAutoLink\" title=\"https:\/\/eltipografo.cl\/2025\/08\/puede-el-horario-de-verano-afectar-nuestro-descanso-y-estado-de-animo-expertos-advierten-posibles-consecuencias\" href=\"https:\/\/eltipografo.cl\/2025\/08\/puede-el-horario-de-verano-afectar-nuestro-descanso-y-estado-de-animo-expertos-advierten-posibles-consecuencias\" target=\"_blank\" rel=\"noreferrer noopener\" data-auth=\"NotApplicable\" data-linkindex=\"15\">\u00bfPuede el horario de verano afectar nuestro descanso y estado de \u00e1nimo? Expertos advierten posibles consecuencias. Se refiere Roberto Ferrerira, acad\u00e9mico de la Facultad de Ciencias de la Educaci\u00f3n.<\/a>\u00a0<\/div><div>\u00a0<\/div><div class=\"x_elementToProof\"><b>EL RANCAGUINO<\/b>\u00a0<br \/><a id=\"OWAbaa42dfd-1c69-2adb-0e09-087179ab03c1\" class=\"x_Hyperlink x_SCXW120931856 x_BCX0 x_OWAAutoLink\" title=\"https:\/\/www.litoralpress.cl\/sitio\/Prensa_Detalles.cshtml?LPKey=VGZHNTRDZKRDVKTCETE3G2P2IC33AZGMBPC4KUY24LOXXJUFV5LA\" href=\"https:\/\/www.litoralpress.cl\/sitio\/Prensa_Detalles.cshtml?LPKey=VGZHNTRDZKRDVKTCETE3G2P2IC33AZGMBPC4KUY24LOXXJUFV5LA\" target=\"_blank\" rel=\"noreferrer noopener\" data-auth=\"NotApplicable\" data-linkindex=\"16\">Cambio de hora en Chile 2025: \u00bfcu\u00e1ndo se adelantan los relojes y qu\u00e9 regiones tendr\u00e1n un horario distinto? Se refiere Roberto Ferrerira, acad\u00e9mico de la Facultad de Ciencias de la Educaci\u00f3n.<\/a>\u00a0<\/div><div>\u00a0<\/div><div class=\"x_elementToProof\"><b>SOMOS MAULE<\/b>\u00a0<br \/><a id=\"OWAed9511d3-1262-01c4-4698-62371a616c6d\" class=\"x_Hyperlink x_SCXW120931856 x_BCX0 x_OWAAutoLink\" title=\"http:\/\/somosmaule.cl\/publico\/ficha\/ficha.aspx?i=92779\" href=\"http:\/\/somosmaule.cl\/publico\/ficha\/ficha.aspx?i=92779\" target=\"_blank\" rel=\"noreferrer noopener\" data-auth=\"NotApplicable\" data-linkindex=\"17\">Cambio de hora en Chile 2025: \u00bfcu\u00e1ndo se adelantan los relojes y qu\u00e9 regiones tendr\u00e1n un horario distinto? Se refiere Roberto Ferrerira, acad\u00e9mico de la Facultad de Ciencias de la Educaci\u00f3n.<\/a>\u00a0<\/div><div>\u00a0<\/div><div class=\"x_elementToProof\"><b>EL MAULE INFORMA<\/b>\u00a0<br \/><a id=\"OWAd7c80968-2343-c35f-83d8-97e78166d529\" class=\"x_Hyperlink x_SCXW120931856 x_BCX0 x_OWAAutoLink\" title=\"https:\/\/elmauleinforma.cl\/cambio-de-hora-que-impacto-tiene-en-la-salud-y-el-bienestar-emocional\/\" href=\"https:\/\/elmauleinforma.cl\/cambio-de-hora-que-impacto-tiene-en-la-salud-y-el-bienestar-emocional\/\" target=\"_blank\" rel=\"noreferrer noopener\" data-auth=\"NotApplicable\" data-linkindex=\"18\">Cambio de hora: \u00bfQu\u00e9 impacto tiene en la salud y el bienestar emocional? Se refiere Roberto Ferrerira, acad\u00e9mico de la Facultad de Ciencias de la Educaci\u00f3n.<\/a>\u00a0<\/div><div>\u00a0<\/div><div class=\"x_elementToProof\"><b>EL LECTOR<\/b>\u00a0<br \/><a id=\"OWA6e7af407-5212-c946-85c0-8ba5fb5f2b59\" class=\"x_Hyperlink x_SCXW120931856 x_BCX0 x_OWAAutoLink\" title=\"https:\/\/www.litoralpress.cl\/paginaconsultas\/Servicios_NClipSitio\/Get_Imagen_Nota.aspx?LPKey=MQUWTUROPOUELLFLRI32C5QNGPAC2XYA5EK3NNOLTYTQAZIRPLMWNSZSLGSS7PQVJDEX3L4KOCENE\" href=\"https:\/\/www.litoralpress.cl\/paginaconsultas\/Servicios_NClipSitio\/Get_Imagen_Nota.aspx?LPKey=MQUWTUROPOUELLFLRI32C5QNGPAC2XYA5EK3NNOLTYTQAZIRPLMWNSZSLGSS7PQVJDEX3L4KOCENE\" target=\"_blank\" rel=\"noreferrer noopener\" data-auth=\"NotApplicable\" data-linkindex=\"19\">Cambio de hora: \u00bfQue impacto tiene en la salud y el bienestar emocional? \u00a0Se refiere Roberto Ferrerira, acad\u00e9mico de la Facultad de Ciencias de la Educaci\u00f3n.<\/a>\u00a0<\/div><div>\u00a0<\/div><div class=\"x_elementToProof\"><b>RADIO AGRICULTURA<\/b>\u00a0<br \/><a id=\"OWA234ad6d6-efe9-fe65-484b-6dbe338b01a4\" class=\"x_Hyperlink x_SCXW120931856 x_BCX0 x_OWAAutoLink\" title=\"https:\/\/www.radioagricultura.cl\/noticias\/dato-practico\/especialista-advierte-sobre-enfermedades-del-embarazo_20250831\/\" href=\"https:\/\/www.radioagricultura.cl\/noticias\/dato-practico\/especialista-advierte-sobre-enfermedades-del-embarazo_20250831\/\" target=\"_blank\" rel=\"noreferrer noopener\" data-auth=\"NotApplicable\" data-linkindex=\"20\">Especialista advierte sobre enfermedades del embarazo y desaf\u00edos en salud reproductiva. Se refiere Felipe Suarez, director Escuela de Obstetricia.<\/a>\u00a0<\/div><div>\u00a0<\/div><div class=\"x_elementToProof\"><b>EL LECTOR<\/b>\u00a0<br \/><a id=\"OWA2b0d8cd8-1212-189c-4a5d-fb8a2f15b793\" class=\"x_Hyperlink x_SCXW120931856 x_BCX0 x_OWAAutoLink\" title=\"https:\/\/www.litoralpress.cl\/sitio\/Prensa_Detalles.cshtml?LPKey=AKE2TGLTBYC5YEEBIG57M2RL6MJGNLYCFN5SXJY3KXLIMZHDBP2Q\" href=\"https:\/\/www.litoralpress.cl\/sitio\/Prensa_Detalles.cshtml?LPKey=AKE2TGLTBYC5YEEBIG57M2RL6MJGNLYCFN5SXJY3KXLIMZHDBP2Q\" target=\"_blank\" rel=\"noreferrer noopener\" data-auth=\"NotApplicable\" data-linkindex=\"21\">\u00bfCu\u00e1les son las enfermedades m\u00e1s comunes del embarazo? Se refiere Felipe Suarez, director Escuela de Obstetricia.<\/a>\u00a0<\/div><div>\u00a0<\/div><div class=\"x_elementToProof\"><b>G5 NOTICIAS<\/b>\u00a0<br \/><a id=\"OWAd04302da-2f41-05a9-5e75-03d1042e06ab\" class=\"x_Hyperlink x_SCXW120931856 x_BCX0 x_OWAAutoLink\" title=\"https:\/\/g5noticias.cl\/2025\/08\/31\/cuales-son-las-enfermedades-mas-comunes-del-embarazo\/\" href=\"https:\/\/g5noticias.cl\/2025\/08\/31\/cuales-son-las-enfermedades-mas-comunes-del-embarazo\/\" target=\"_blank\" rel=\"noreferrer noopener\" data-auth=\"NotApplicable\" data-linkindex=\"22\">\u00bfCu\u00e1les son las enfermedades m\u00e1s comunes del embarazo? Se refiere Felipe Suarez, director Escuela de Obstetricia.<\/a>\u00a0<\/div><div>\u00a0<\/div><div class=\"x_elementToProof\"><b>LAS \u00daLTIMAS NOTICIAS<\/b>\u00a0<br \/><a id=\"OWA65568269-f69f-c43f-e3a9-ccf1cb0654b0\" class=\"x_Hyperlink x_SCXW120931856 x_BCX0 x_OWAAutoLink\" title=\"https:\/\/www.litoralpress.cl\/paginaconsultas\/Servicios_NClipSitio\/Get_Imagen_Nota.aspx?LPKey=3D64G47TL6HIVGYIKKME6LUB6J57RXOTXEZXRYDYEUA4JJ66FEZRWQRGRJZMEZQIZ5U52YMGNE4DS\" href=\"https:\/\/www.litoralpress.cl\/paginaconsultas\/Servicios_NClipSitio\/Get_Imagen_Nota.aspx?LPKey=3D64G47TL6HIVGYIKKME6LUB6J57RXOTXEZXRYDYEUA4JJ66FEZRWQRGRJZMEZQIZ5U52YMGNE4DS\" target=\"_blank\" rel=\"noreferrer noopener\" data-auth=\"NotApplicable\" data-linkindex=\"23\">\u201cEl arengazo muestra la tensi\u00f3n entre los barrabravas y las &#8211; dirigencias del f\u00fatbol chileno\u201d. Se refiere Fabi\u00e1n Belmar, investigador del Centro de An\u00e1lisis Pol\u00edtico (CAP-UTalca)<\/a>\u00a0<\/div><div>\u00a0<\/div><div class=\"x_elementToProof\"><b>EL MERCURIO<\/b>\u00a0<br \/><a id=\"OWA0ddf7b0b-f075-154d-b34c-f20887735ac9\" class=\"x_Hyperlink x_SCXW120931856 x_BCX0 x_OWAAutoLink\" title=\"https:\/\/www.litoralpress.cl\/sitio\/Prensa_Detalles.cshtml?LPKey=BXROGTSHZGF7JHAIKPY6JIFNGQZ3ZIDI4KJGZ3MAKQ3IPXW5BJGQ\" href=\"https:\/\/www.litoralpress.cl\/sitio\/Prensa_Detalles.cshtml?LPKey=BXROGTSHZGF7JHAIKPY6JIFNGQZ3ZIDI4KJGZ3MAKQ3IPXW5BJGQ\" target=\"_blank\" rel=\"noreferrer noopener\" data-auth=\"NotApplicable\" data-linkindex=\"24\">M\u00cdNIMO DE 13 A\u00d1OS y \u201cganas de cambiarlo todo\u201d: los requisitos para entrar a las Juventudes Comunistas. Se refiere Mauricio Morales Quiroga, director del Centro de An\u00e1lisis Pol\u00edtico (CAP-UTalca)<\/a>\u00a0<br \/>\u00a0<br \/><b>MSN CHILE<\/b>\u00a0<br \/><a id=\"OWAb5ba6092-73c2-c7e9-b394-8893c98839c9\" class=\"x_Hyperlink x_SCXW120931856 x_BCX0 x_OWAAutoLink\" title=\"https:\/\/www.msn.com\/es-cl\/noticias\/other\/matthei-recupera-terreno-en-sondeo-de-bloomberg-y-acorta-distancia-con-kast-y-jara\/ar-AA1LrpRn\" href=\"https:\/\/www.msn.com\/es-cl\/noticias\/other\/matthei-recupera-terreno-en-sondeo-de-bloomberg-y-acorta-distancia-con-kast-y-jara\/ar-AA1LrpRn\" target=\"_blank\" rel=\"noreferrer noopener\" data-auth=\"NotApplicable\" data-linkindex=\"25\">Matthei recupera terreno en sondeo de Bloomberg y acorta distancia con Kast y Jara. Se refiere Mauricio Morales Quiroga, director del Centro de An\u00e1lisis Pol\u00edtico (CAP-UTalca)<\/a>\u00a0<\/div><div>\u00a0<\/div><div class=\"x_elementToProof\"><b>MEGANOTICIAS<\/b>\u00a0<br \/><a id=\"OWAfe32461a-5821-b07f-c308-77f4ebfc6684\" class=\"x_Hyperlink x_SCXW120931856 x_BCX0 x_OWAAutoLink\" title=\"https:\/\/www.litoralpress.cl\/sitio\/RadioTV_Detalles.cshtml?LPKey=F5CTEYTJ4HVQLIAO7S2P4IE3GHLRO65QOMHHUOS4HQFB3DVDIG2UVJQRW53QAK5KFJXNSSTKWTI6U\" href=\"https:\/\/www.litoralpress.cl\/sitio\/RadioTV_Detalles.cshtml?LPKey=F5CTEYTJ4HVQLIAO7S2P4IE3GHLRO65QOMHHUOS4HQFB3DVDIG2UVJQRW53QAK5KFJXNSSTKWTI6U\" target=\"_blank\" rel=\"noreferrer noopener\" data-auth=\"NotApplicable\" data-linkindex=\"26\">Entrevista a Mauricio Morales Quiroga, director del Centro de An\u00e1lisis Pol\u00edtico (CAP-UTalca)<\/a>\u00a0<\/div><div>\u00a0<\/div><div class=\"x_elementToProof\"><b>DIARIO DE TALCA<\/b>\u00a0<br \/><a id=\"OWA10b8e14f-dd2b-76f0-f0c2-f80630b5274f\" class=\"x_Hyperlink x_SCXW120931856 x_BCX0 x_OWAAutoLink\" title=\"https:\/\/www.litoralpress.cl\/sitio\/Prensa_Detalles.cshtml?LPKey=BLQDGUUV66NKQSCETALYV2XMVLQU4EQHPWQRD2OEGD34XXEPW52Q\" href=\"https:\/\/www.litoralpress.cl\/sitio\/Prensa_Detalles.cshtml?LPKey=BLQDGUUV66NKQSCETALYV2XMVLQU4EQHPWQRD2OEGD34XXEPW52Q\" target=\"_blank\" rel=\"noreferrer noopener\" data-auth=\"NotApplicable\" data-linkindex=\"27\">\u201cLa regla general muestra que esc\u00e1ndalos pol\u00edticos no son sin\u00f3nimo de menor intenci\u00f3n de voto\u201d. Se refiere Mario Herrera, ac\u00e1demico Centro de An\u00e1lisis Pol\u00edtico (CAP UTalca).<\/a>\u00a0<\/div><div>\u00a0<\/div><div class=\"x_elementToProof\"><b>TR NOTICIAS<\/b>\u00a0<br \/><a id=\"OWAae6dc417-4fc1-5610-ad4e-e3957f3b08ca\" class=\"x_Hyperlink x_SCXW120931856 x_BCX0 x_OWAAutoLink\" title=\"https:\/\/trnoticias.cl\/2025\/07\/30\/nuevo-sistema-frontal-categoria-4-amenaza-reservas-de-nieve-en-diversas-zonas-del-pais\/\" href=\"https:\/\/trnoticias.cl\/2025\/07\/30\/nuevo-sistema-frontal-categoria-4-amenaza-reservas-de-nieve-en-diversas-zonas-del-pais\/\" target=\"_blank\" rel=\"noreferrer noopener\" data-auth=\"NotApplicable\" data-linkindex=\"28\">Nuevo sistema frontal categor\u00eda 4 amenaza reservas de nieve en diversas zonas del pa\u00eds. Se refiere agroclimat\u00f3logo y acad\u00e9mico del Centro de Investigaci\u00f3n y Transferencia en Riego y Agroclimatolog\u00eda (CITRA).<\/a>\u00a0<\/div><div>\u00a0<\/div><div class=\"x_elementToProof\"><b>SOMOS MAULE<\/b>\u00a0<br \/><a id=\"OWAe87fd41b-37c0-a7b2-3691-a60b8ae27c1e\" class=\"x_Hyperlink x_SCXW120931856 x_BCX0 x_OWAAutoLink\" title=\"http:\/\/somosmaule.cl\/publico\/ficha\/ficha.aspx?i=92593\" href=\"http:\/\/somosmaule.cl\/publico\/ficha\/ficha.aspx?i=92593\" target=\"_blank\" rel=\"noreferrer noopener\" data-auth=\"NotApplicable\" data-linkindex=\"29\">Estudiantes de arquitectura de la UTalca elaboraron redise\u00f1os de jardines infantiles Junji. Se refiere V\u00edctor Letelier, director de la Escuela de Arquitectura, Glenn Deulofeu y Benjam\u00edn Mur\u00faa, acad\u00e9micos de dicha escuela.\u202f<\/a>\u00a0<\/div><div class=\"x_elementToProof\">\u00a0<\/div><div class=\"x_elementToProof\"><b>AM NOTICIAS<\/b>\u00a0<br \/><a id=\"OWAcb768481-d11a-8181-c372-ce46ddcd341f\" class=\"x_Hyperlink x_SCXW120931856 x_BCX0 x_OWAAutoLink\" title=\"https:\/\/amnoticias.cl\/mujeres-del-maule-concluyen-segundo-componente-del-programa-de-participacion-politica-y-social\/\" href=\"https:\/\/amnoticias.cl\/mujeres-del-maule-concluyen-segundo-componente-del-programa-de-participacion-politica-y-social\/\" target=\"_blank\" rel=\"noreferrer noopener\" data-auth=\"NotApplicable\" data-linkindex=\"30\">Mujeres del Maule concluyen segundo componente del Programa de Participaci\u00f3n Pol\u00edtica y Social. Se refiere Mar\u00eda Natalia V\u00e9liz, directora de G\u00e9nero.<\/a>\u00a0<\/div><div>\u00a0<\/div><div class=\"x_elementToProof\"><b>CANAL 30 LINARES<\/b>\u00a0<br \/><a id=\"OWAe3958022-66e6-aa08-b54c-cc5d3abcee6a\" class=\"x_Hyperlink x_SCXW120931856 x_BCX0 x_OWAAutoLink\" title=\"https:\/\/www.litoralpress.cl\/sitio\/RadioTV_Detalles.cshtml?LPKey=Z62MFW3KZMJ4LMC2XTG66RX26RFJP6LZXLZ65PQZVNDTYPGTQ6ACQGRTY5VDBI2LHKJR3HBXGGKXY\" href=\"https:\/\/www.litoralpress.cl\/sitio\/RadioTV_Detalles.cshtml?LPKey=Z62MFW3KZMJ4LMC2XTG66RX26RFJP6LZXLZ65PQZVNDTYPGTQ6ACQGRTY5VDBI2LHKJR3HBXGGKXY\" target=\"_blank\" rel=\"noreferrer noopener\" data-auth=\"NotApplicable\" data-linkindex=\"31\">Estudiantes de distintos establecimientos educacionales de la Regi\u00f3n participaron en Congreso Regional Explora impulsado por la Universidad de Talca. Se menciona la Universidad de Talca.<\/a>\u00a0<\/div><div>\u00a0<\/div><div class=\"x_elementToProof\"><b>INOTICIAS<\/b>\u00a0<br \/><a id=\"OWAfc7b896b-343c-0222-e183-d4f855591011\" class=\"x_Hyperlink x_SCXW120931856 x_BCX0 x_OWAAutoLink\" title=\"https:\/\/inoticias.cl\/detalle\/videojuegos-ganan-terreno-en-pandemia-y-se-alza-su-valor-1203701\" href=\"https:\/\/inoticias.cl\/detalle\/videojuegos-ganan-terreno-en-pandemia-y-se-alza-su-valor-1203701\" target=\"_blank\" rel=\"noreferrer noopener\" data-auth=\"NotApplicable\" data-linkindex=\"32\">Videojuegos ganan terreno en pandemia y se alza su valor educativo. Se menciona la Universidad de Talca.<\/a>\u00a0<\/div><div>\u00a0<\/div><div class=\"x_elementToProof\"><b>G5 NOTICIAS<\/b>\u00a0<br \/><a id=\"OWAd1c16181-8c35-7cda-ce4b-2025426f9ff4\" class=\"x_Hyperlink x_SCXW120931856 x_BCX0 x_OWAAutoLink\" title=\"https:\/\/g5noticias.cl\/2025\/08\/31\/naturaleza-como-medicina-conoce-los-beneficios-de-frecuentar-entornos-naturales-para-la-salud\/\" href=\"https:\/\/g5noticias.cl\/2025\/08\/31\/naturaleza-como-medicina-conoce-los-beneficios-de-frecuentar-entornos-naturales-para-la-salud\/\" target=\"_blank\" rel=\"noreferrer noopener\" data-auth=\"NotApplicable\" data-linkindex=\"33\">Naturaleza como medicina: conoce los beneficios de frecuentar entornos naturales para la salud.Se refiere Carmen Gloria Zambrano, directora del Departamento de Ciencias del Movimiento Humano, Pablo Concha, acad\u00e9mico de la Escuela de Psicolog\u00eda y Pablo L\u00f3pez, acad\u00e9mico de la carrera de Terapia Ocupacional.<\/a>\u00a0<\/div><div>\u00a0<\/div><div class=\"x_elementToProof\"><b>RADIO ANCOA<\/b>\u00a0<br \/><a id=\"OWA280233a0-70a9-0c06-5be5-720c7ff7422a\" class=\"x_Hyperlink x_SCXW120931856 x_BCX0 x_OWAAutoLink\" title=\"https:\/\/www.radioancoa.cl\/categoria\/regional\/beneficios-naturaleza-salud-descubrelos\" href=\"https:\/\/www.radioancoa.cl\/categoria\/regional\/beneficios-naturaleza-salud-descubrelos\" target=\"_blank\" rel=\"noreferrer noopener\" data-auth=\"NotApplicable\" data-linkindex=\"34\">Beneficios de la naturaleza para la salud: desc\u00fabrelos aqu\u00ed. Se refiere Carmen Gloria Zambrano, directora del Departamento de Ciencias del Movimiento Humano, Pablo Concha, acad\u00e9mico de la Escuela de Psicolog\u00eda y Pablo L\u00f3pez, acad\u00e9mico de la carrera de Terapia Ocupacional.<\/a> \u00a0<\/div><div>\u00a0<\/div><div class=\"x_elementToProof\"><b>FM M\u00c1S<\/b>\u00a0<br \/><a id=\"OWAea824bb6-0a6e-2785-5173-1f1291ae0a21\" class=\"x_Hyperlink x_SCXW120931856 x_BCX0 x_OWAAutoLink\" title=\"https:\/\/radiofmmas.cl\/realidad-virtual-en-el-aula-utalca-transforma-la-experiencia-de-aprendizaje\/\" href=\"https:\/\/radiofmmas.cl\/realidad-virtual-en-el-aula-utalca-transforma-la-experiencia-de-aprendizaje\/\" target=\"_blank\" rel=\"noreferrer noopener\" data-auth=\"NotApplicable\" data-linkindex=\"35\">Realidad virtual en el aula: UTalca transforma la experiencia de aprendizaje. Se refiere Felipe Besoa\u00edn, director de Tecnolog\u00edas Educativas (DTE), Olga Lobos, acad\u00e9mica Laboratorio de Microbiolog\u00eda, Marcelo Ojeda, acad\u00e9mico Escuela de Arquitectura y Leafar Riobueno, acad\u00e9mico Escuela de M\u00fasica.<\/a> \u00a0\u00a0<\/div><div>\u00a0<\/div><div class=\"x_elementToProof\"><b>UNIVERSIDAD DE VALPARA\u00cdSO<\/b>\u00a0<br \/><a id=\"OWA1f51802c-98e4-497f-677e-e0956add8067\" class=\"x_Hyperlink x_SCXW120931856 x_BCX0 x_OWAAutoLink\" title=\"https:\/\/www.uv.cl\/archivo-noticias-uv\/28256-cruch-acuerda-profundizar-sus-propuestas-al-proyecto-fes-ante-proximo-debate-legislativo\" href=\"https:\/\/www.uv.cl\/archivo-noticias-uv\/28256-cruch-acuerda-profundizar-sus-propuestas-al-proyecto-fes-ante-proximo-debate-legislativo\" target=\"_blank\" rel=\"noreferrer noopener\" data-auth=\"NotApplicable\" data-linkindex=\"36\">CRUCH acuerda profundizar sus propuestas al proyecto FES ante pr\u00f3ximo debate legislativo. Se refiere Carlos Torres Fuchslocher, rector.<\/a> \u00a0<\/div><div>\u00a0<\/div><div class=\"x_elementToProof\"><b>RADIO LAUTARO<\/b>\u00a0<br \/><a id=\"OWA7e20f721-9c6e-1c80-adc6-ad885bca0230\" class=\"x_Hyperlink x_SCXW120931856 x_BCX0 x_OWAAutoLink\" title=\"https:\/\/radiolautarotalca.cl\/naturaleza-como-medicina-conoce-los-beneficios-de-frecuentar-entornos-naturales-para-la-salud\/\" href=\"https:\/\/radiolautarotalca.cl\/naturaleza-como-medicina-conoce-los-beneficios-de-frecuentar-entornos-naturales-para-la-salud\/\" target=\"_blank\" rel=\"noreferrer noopener\" data-auth=\"NotApplicable\" data-linkindex=\"37\">Naturaleza como medicina: conoce los beneficios de frecuentar entornos naturales para la salud. Se refiere Gloria Zambrano, directora del Departamento de Ciencias del Movimiento Humano\u00a0<\/a>\u00a0<\/div><div>\u00a0<\/div><div class=\"x_elementToProof\"><b>EL LECTOR<\/b>\u00a0<br \/><a id=\"OWA9b6206a2-991d-460a-331d-14baf8a9e389\" class=\"x_Hyperlink x_SCXW120931856 x_BCX0 x_OWAAutoLink\" title=\"https:\/\/www.litoralpress.cl\/paginaconsultas\/Servicios_NClipSitio\/Get_Imagen_Nota.aspx?LPKey=VC7AQMLHYNTPA4GBKFHN6YSZPV4S4TQZ2EIGDA7E2JTSLNPZ5JFO72Q2PEM27L3R6TOVB6OFM7RR2\" href=\"https:\/\/www.litoralpress.cl\/paginaconsultas\/Servicios_NClipSitio\/Get_Imagen_Nota.aspx?LPKey=VC7AQMLHYNTPA4GBKFHN6YSZPV4S4TQZ2EIGDA7E2JTSLNPZ5JFO72Q2PEM27L3R6TOVB6OFM7RR2\" target=\"_blank\" rel=\"noreferrer noopener\" data-auth=\"NotApplicable\" data-linkindex=\"38\">Seminario mostrar\u00e1 casos pr\u00e1cticos de IA y digitalizaci\u00f3n en la agroindustria del Maule. Se menciona la Universidad de Talca.<\/a>\u00a0<\/div><div>\u00a0<\/div><div class=\"x_elementToProof\"><b>EL HERALDO<\/b>\u00a0<br \/><a id=\"OWA924fe5be-1ad6-9960-c756-37cc81258775\" class=\"x_Hyperlink x_SCXW120931856 x_BCX0 x_OWAAutoLink\" title=\"https:\/\/www.litoralpress.cl\/paginaconsultas\/Servicios_NClipSitio\/Get_Imagen_Nota.aspx?LPKey=VC7AQMLHYNTPA4GBKFHN6YSZPV4S4TQZ2EIGDA7E2JTSLNPZ5JFO72Q2PEM27L3R6TOVB6OFM7RR2\" href=\"https:\/\/www.litoralpress.cl\/paginaconsultas\/Servicios_NClipSitio\/Get_Imagen_Nota.aspx?LPKey=VC7AQMLHYNTPA4GBKFHN6YSZPV4S4TQZ2EIGDA7E2JTSLNPZ5JFO72Q2PEM27L3R6TOVB6OFM7RR2\" target=\"_blank\" rel=\"noreferrer noopener\" data-auth=\"NotApplicable\" data-linkindex=\"39\">Seminario mostrar\u00e1 casos pr\u00e1cticos de IA y digitalizaci\u00f3n en la agroindustria del Maule. Se menciona la Universidad de Talca.<\/a>\u00a0<\/div><div>\u00a0<\/div><div class=\"x_elementToProof\"><b>UNIVERSIDAD CAT\u00d3LICA DEL MAULE<\/b>\u00a0<br \/><a id=\"OWA84bf9f9e-e2f9-70ad-0875-0633de8f3b6b\" class=\"x_Hyperlink x_SCXW120931856 x_BCX0 x_OWAAutoLink\" title=\"https:\/\/portal.ucm.cl\/noticias\/balonmano-ucm-ruta-hacia-nacional-miras-una-medalla\" href=\"https:\/\/portal.ucm.cl\/noticias\/balonmano-ucm-ruta-hacia-nacional-miras-una-medalla\" target=\"_blank\" rel=\"noreferrer noopener\" data-auth=\"NotApplicable\" data-linkindex=\"40\">Balonmano UCM: en ruta hacia el nacional con miras a una medalla. Se menciona la Universidad de Talca.<\/a>\u00a0<br \/>\u00a0<br \/><b>DIARIO TALCA<\/b>\u00a0<br \/><a id=\"OWAdc202ea9-9b39-a240-8d4e-7643e7ef0b5c\" class=\"x_Hyperlink x_SCXW120931856 x_BCX0 x_OWAAutoLink\" title=\"https:\/\/www.litoralpress.cl\/sitio\/Prensa_Detalles.cshtml?LPKey=DXYDRFRQWEKLAALBCHMKDOCSCIQAM57DJZJNOFXPQBGQ73V5D3ZQ\" href=\"https:\/\/www.litoralpress.cl\/sitio\/Prensa_Detalles.cshtml?LPKey=DXYDRFRQWEKLAALBCHMKDOCSCIQAM57DJZJNOFXPQBGQ73V5D3ZQ\" target=\"_blank\" rel=\"noreferrer noopener\" data-auth=\"NotApplicable\" data-linkindex=\"41\">Juegos Binacionales: nace la ilusi\u00f3n de representar al Maule. Se menciona la Universidad de Talca.<\/a>\u00a0<\/div><div>\u00a0<\/div><div class=\"x_elementToProof\"><b>SOMOS MAULE<\/b>\u00a0<br \/><a id=\"OWA06e857ea-be1d-ce14-9e1e-dd70d9cd73a0\" class=\"x_Hyperlink x_SCXW120931856 x_BCX0 x_OWAAutoLink\" title=\"http:\/\/somosmaule.cl\/publico\/ficha\/ficha.aspx?i=92593\" href=\"http:\/\/somosmaule.cl\/publico\/ficha\/ficha.aspx?i=92593\" target=\"_blank\" rel=\"noreferrer noopener\" data-auth=\"NotApplicable\" data-linkindex=\"42\">Universitarios iniciaron campa\u00f1a solidaria para recolectar alimentos y apoyar al EcoMercado de Linares y a nuevas familias de la comuna. Se menciona la Universidad de Talca.<\/a>\u00a0<\/div>\t\t\t\t\t\t<\/div>\n\t\t\t\t<\/div>\n\t\t\t\t\t<\/div>\n\t\t<\/div>\n\t\t\t\t\t\t\t<\/div>\n\t\t<\/section>\n\t\t\t\t\t\t<\/div>\n\t\t\t\t\t<\/div>\n\t\t","protected":false},"excerpt":{"rendered":"<p>EL MOSTRADOR\u00a0Enfermedades cerebrales m\u00e1s comunes en Chile: ACV, demencia y Parkinson lideran la lista. Ser refiere Gustavo Dom\u00ednguez Araya, acad\u00e9mico de la Escuela de Enfermer\u00eda. \u00a0\u00a0MSN CHILE\u00a0Enfermedades cerebrales m\u00e1s comunes en Chile: ACV, demencia y Parkinson lideran la lista. Se refiere Gustavo Dom\u00ednguez Araya, acad\u00e9mico de la Escuela de Enfermer\u00eda.\u00a0\u00a0DIARIO EL HERALDO\u00a0Investigaci\u00f3n que busca recuperar &hellip;<\/p>\n<p class=\"read-more\"> <a class=\"\" href=\"https:\/\/www.reportedeprensa.utalca.cl\/?p=12466\"> <span class=\"screen-reader-text\">01 de septiembre 2025<\/span> Read More &raquo;<\/a><\/p>\n","protected":false},"author":1,"featured_media":0,"comment_status":"closed","ping_status":"open","sticky":false,"template":"","format":"standard","meta":{"_monsterinsights_skip_tracking":false,"_monsterinsights_sitenote_active":false,"_monsterinsights_sitenote_note":"","_monsterinsights_sitenote_category":0},"categories":[63],"tags":[],"_links":{"self":[{"href":"https:\/\/www.reportedeprensa.utalca.cl\/index.php?rest_route=\/wp\/v2\/posts\/12466"}],"collection":[{"href":"https:\/\/www.reportedeprensa.utalca.cl\/index.php?rest_route=\/wp\/v2\/posts"}],"about":[{"href":"https:\/\/www.reportedeprensa.utalca.cl\/index.php?rest_route=\/wp\/v2\/types\/post"}],"author":[{"embeddable":true,"href":"https:\/\/www.reportedeprensa.utalca.cl\/index.php?rest_route=\/wp\/v2\/users\/1"}],"replies":[{"embeddable":true,"href":"https:\/\/www.reportedeprensa.utalca.cl\/index.php?rest_route=%2Fwp%2Fv2%2Fcomments&post=12466"}],"version-history":[{"count":4,"href":"https:\/\/www.reportedeprensa.utalca.cl\/index.php?rest_route=\/wp\/v2\/posts\/12466\/revisions"}],"predecessor-version":[{"id":12470,"href":"https:\/\/www.reportedeprensa.utalca.cl\/index.php?rest_route=\/wp\/v2\/posts\/12466\/revisions\/12470"}],"wp:attachment":[{"href":"https:\/\/www.reportedeprensa.utalca.cl\/index.php?rest_route=%2Fwp%2Fv2%2Fmedia&parent=12466"}],"wp:term":[{"taxonomy":"category","embeddable":true,"href":"https:\/\/www.reportedeprensa.utalca.cl\/index.php?rest_route=%2Fwp%2Fv2%2Fcategories&post=12466"},{"taxonomy":"post_tag","embeddable":true,"href":"https:\/\/www.reportedeprensa.utalca.cl\/index.php?rest_route=%2Fwp%2Fv2%2Ftags&post=12466"}],"curies":[{"name":"wp","href":"https:\/\/api.w.org\/{rel}","templated":true}]}}