{"id":12475,"date":"2025-09-02T12:11:50","date_gmt":"2025-09-02T15:11:50","guid":{"rendered":"https:\/\/www.reportedeprensa.utalca.cl\/?p=12475"},"modified":"2025-09-03T12:16:53","modified_gmt":"2025-09-03T15:16:53","slug":"02-de-septiembre-2025","status":"publish","type":"post","link":"https:\/\/www.reportedeprensa.utalca.cl\/?p=12475","title":{"rendered":"02 de septiembre 2025"},"content":{"rendered":"\t\t<div data-elementor-type=\"wp-post\" data-elementor-id=\"12475\" class=\"elementor elementor-12475\" data-elementor-settings=\"[]\">\n\t\t\t\t\t\t\t<div class=\"elementor-section-wrap\">\n\t\t\t\t\t\t\t<section class=\"elementor-section elementor-top-section elementor-element elementor-element-bcea1a8 elementor-section-boxed elementor-section-height-default elementor-section-height-default\" data-id=\"bcea1a8\" data-element_type=\"section\">\n\t\t\t\t\t\t<div class=\"elementor-container elementor-column-gap-default\">\n\t\t\t\t\t<div class=\"elementor-column elementor-col-100 elementor-top-column elementor-element elementor-element-e7183bf\" data-id=\"e7183bf\" data-element_type=\"column\">\n\t\t\t<div class=\"elementor-widget-wrap elementor-element-populated\">\n\t\t\t\t\t\t\t\t<div class=\"elementor-element elementor-element-ad6bff3 elementor-widget elementor-widget-text-editor\" data-id=\"ad6bff3\" data-element_type=\"widget\" data-widget_type=\"text-editor.default\">\n\t\t\t\t<div class=\"elementor-widget-container\">\n\t\t\t\t\t\t\t\t<div><b data-olk-copy-source=\"MessageBody\">REVISTA ECOCIENCIAS<\/b>\u00a0<br \/><a id=\"OWA872311b7-00a3-1e76-ba53-4234e58665a0\" title=\"https:\/\/revistaecociencias.cl\/2025\/09\/01\/proyecto-de-la-utalca-que-regenera-suelos-danados-representara-a-chile-en-la-cop30\/\" href=\"https:\/\/revistaecociencias.cl\/2025\/09\/01\/proyecto-de-la-utalca-que-regenera-suelos-danados-representara-a-chile-en-la-cop30\/\" target=\"_blank\" rel=\"noopener noreferrer\" data-auth=\"NotApplicable\" data-linkindex=\"0\">Proyecto de la UTalca que regenera suelos da\u00f1ados representar\u00e1 a Chile en la COP30. Se refiere Carlos Torres Fuchslocher, rector y Andrea Barrera Valenzuela, acad\u00e9mica del Departamento de Microbiolog\u00eda.<\/a>\u00a0<\/div><div>\u00a0<\/div><div><b>DIARIO EL CENTRO<\/b>\u00a0<\/div><div><a id=\"OWA480c1a67-3ec1-afdc-89cb-f2d7387267d5\" title=\"https:\/\/www.diarioelcentro.cl\/2025\/09\/01\/conciertos-laboratorios-y-arquitectura-utalca-explora-la-realidad-virtual-en-la-educacion\/\" href=\"https:\/\/www.diarioelcentro.cl\/2025\/09\/01\/conciertos-laboratorios-y-arquitectura-utalca-explora-la-realidad-virtual-en-la-educacion\/\" target=\"_blank\" rel=\"noopener noreferrer\" data-auth=\"NotApplicable\" data-linkindex=\"1\">Conciertos, laboratorios y arquitectura: UTalca explora la realidad virtual en la educaci\u00f3n. Se refiere, Olga Lobos, directora Departamento de Microbiolog\u00eda, Felipe Besoa\u00edn, director de Tecnolog\u00edas Educativas (DTE), Marcelo Ojeda, acad\u00e9mico de la Escuela de Arquitectura y Leafar Riobueno, acad\u00e9mico de la Escuela de M\u00fasica.<\/a><\/div><div>\u00a0<\/div><div><b>RADIO MAULE SUR<\/b>\u00a0<br \/><a href=\"https:\/\/www.radiomaulesur.cl\/2025\/09\/realidad-virtual-en-el-aula-utalca.html\">Realidad virtual en el aula: UTalca transforma la experiencia de aprendizaje. Se refiere, Olga Lobos, directora Departamento de Microbiolog\u00eda, Felipe Besoa\u00edn, director de Tecnolog\u00edas Educativas (DTE), Marcelo Ojeda, acad\u00e9mico de la Escuela de Arquitectura y Leafar Riobueno, acad\u00e9mico de la Escuela de M\u00fasica. \u00a0<\/a><\/div><div>\u00a0<\/div><div><b>PORTAL EDUCA<\/b>\u00a0<br \/><a id=\"OWA671e5e1a-5fc3-96cf-46e0-1816f8b8f3d0\" title=\"https:\/\/portaleduca.cl\/realidad-virtual-en-el-aula-utalca-transforma-la-experiencia-de-aprendizaje\/\" href=\"https:\/\/portaleduca.cl\/realidad-virtual-en-el-aula-utalca-transforma-la-experiencia-de-aprendizaje\/\" target=\"_blank\" rel=\"noopener noreferrer\" data-auth=\"NotApplicable\" data-linkindex=\"2\">Realidad virtual en el aula: UTalca transforma la experiencia de aprendizaje. Se refiere, Olga Lobos, directora Departamento de Microbiolog\u00eda, Felipe Besoa\u00edn, director de Tecnolog\u00edas Educativas (DTE), Marcelo Ojeda, acad\u00e9mico de la Escuela de Arquitectura y Leafar Riobueno, acad\u00e9mico de la Escuela de M\u00fasica.<\/a>\u00a0<\/div><div>\u00a0<\/div><div><b>CANAL 2 LINARES<\/b>\u00a0<br \/><a id=\"OWA5d0381a4-b793-cefd-33eb-34165d32bb6c\" title=\"https:\/\/www.canal2linares.cl\/2025\/09\/realidad-virtual-en-el-aula-utalca.html\" href=\"https:\/\/www.canal2linares.cl\/2025\/09\/realidad-virtual-en-el-aula-utalca.html\" target=\"_blank\" rel=\"noopener noreferrer\" data-auth=\"NotApplicable\" data-linkindex=\"3\">Realidad virtual en el aula: UTalca transforma la experiencia de aprendizaje. Se refiere, Olga Lobos, directora Departamento de Microbiolog\u00eda, Felipe Besoa\u00edn, director de Tecnolog\u00edas Educativas (DTE), Marcelo Ojeda, acad\u00e9mico de la Escuela de Arquitectura y Leafar Riobueno, acad\u00e9mico de la Escuela de M\u00fasica.<\/a>\u00a0<\/div><div>\u00a0<\/div><div><b>LA NOTICIA<\/b>\u00a0<br \/><a id=\"OWA6eaef085-5d89-bace-af3f-e82fa316ec26\" title=\"https:\/\/lanoticia.cl\/utalca-envia-a-futuros-profesores-a-experiencia-formativa-en-finlandia-y-noruega\/\" href=\"https:\/\/lanoticia.cl\/utalca-envia-a-futuros-profesores-a-experiencia-formativa-en-finlandia-y-noruega\/\" target=\"_blank\" rel=\"noopener noreferrer\" data-auth=\"NotApplicable\" data-linkindex=\"4\">UTalca env\u00eda a futuros profesores a experiencia formativa en Finlandia y Noruega. Se refiere Mauricio V\u00e9liz, decano de la Facultad de Ciencias de la Educaci\u00f3n.<\/a>\u00a0<\/div><div>\u00a0<\/div><div><b>TIERRA AMARILLANO<\/b>\u00a0<br \/><a id=\"OWA44050eae-a385-6442-bd4d-6847e4bc8af8\" title=\"https:\/\/tierramarillano.cl\/2025\/09\/01\/utalca-envia-a-futuros-profesores-a-experiencia-formativa-en-finlandia-y-noruega\/\" href=\"https:\/\/tierramarillano.cl\/2025\/09\/01\/utalca-envia-a-futuros-profesores-a-experiencia-formativa-en-finlandia-y-noruega\/\" target=\"_blank\" rel=\"noopener noreferrer\" data-auth=\"NotApplicable\" data-linkindex=\"5\">UTalca env\u00eda a futuros profesores a experiencia formativa en Finlandia y Noruega. Se refiere Mauricio V\u00e9liz, decano de la Facultad de Ciencias de la Educaci\u00f3n.<\/a>\u00a0<\/div><div>\u00a0<\/div><div><b>RADIO BIOB\u00cdO<\/b>\u00a0<br \/><a id=\"OWA6897eb43-db0d-f445-d095-dab6cf46d205\" title=\"https:\/\/www.litoralpress.cl\/sitio\/RadioTV_Detalles.cshtml?LPKey=47YSWIFIUZECYUTYVFZKRSBFCWK557JWVTF7K3T75PS5DC4KZJYQITOXUIOKEVL2MWZSSM42T2LFI\" href=\"https:\/\/www.litoralpress.cl\/sitio\/RadioTV_Detalles.cshtml?LPKey=47YSWIFIUZECYUTYVFZKRSBFCWK557JWVTF7K3T75PS5DC4KZJYQITOXUIOKEVL2MWZSSM42T2LFI\" target=\"_blank\" rel=\"noopener noreferrer\" data-auth=\"NotApplicable\" data-linkindex=\"6\">Analistas critican liderazgo de Jeannette Jara. Mauricio Morales Quiroga, director de Centro de An\u00e1lisis Pol\u00edtico (CAP-UTalca)<\/a>\u00a0<\/div><div>\u00a0<\/div><div><b>RADIO INFINITA<\/b>\u00a0<br \/><a id=\"OWA605b2c25-553e-f155-f37d-817b33eafae6\" title=\"https:\/\/www.litoralpress.cl\/sitio\/RadioTV_Detalles.cshtml?LPKey=KJ3F64K3P2O4CXWURDHK7JWOPI7VCTAHGPSUBFMVU2BKGKG6ZSM5USSMDCA2PRWSH5UFJJMXRB44Y\" href=\"https:\/\/www.litoralpress.cl\/sitio\/RadioTV_Detalles.cshtml?LPKey=KJ3F64K3P2O4CXWURDHK7JWOPI7VCTAHGPSUBFMVU2BKGKG6ZSM5USSMDCA2PRWSH5UFJJMXRB44Y\" target=\"_blank\" rel=\"noopener noreferrer\" data-auth=\"NotApplicable\" data-linkindex=\"7\">Comentario de pol\u00edtica. Se refiere Mauricio Morales Quiroga, director de Centro de An\u00e1lisis Pol\u00edtico (CAP-UTalca)<\/a>\u00a0<\/div><div>\u00a0<\/div><div><b>CANAL MEGA<\/b>\u00a0<br \/><a id=\"OWA09821461-da0b-fe32-91ea-c29cb33e95e5\" title=\"https:\/\/publimicro.cl\/dia-mundial-de-la-obstetricia-especialista-de-la-universidad-de-talca-advierte-sobre-las-enfermedades-mas-comunes-del-embarazo\/\" href=\"https:\/\/publimicro.cl\/dia-mundial-de-la-obstetricia-especialista-de-la-universidad-de-talca-advierte-sobre-las-enfermedades-mas-comunes-del-embarazo\/\" target=\"_blank\" rel=\"noopener noreferrer\" data-auth=\"NotApplicable\" data-linkindex=\"8\">Panel Pol\u00edtico. Se refiere Mauricio Morales Quiroga, director de Centro de An\u00e1lisis Pol\u00edtico (CAP-UTalca)<\/a>\u00a0<\/div><div>\u00a0<\/div><div><b>DIARIO TALCA<\/b>\u00a0<br \/><a id=\"OWA23dc5007-ec43-1e1d-7f23-5c20aac87fd4\" title=\"https:\/\/diariotalca.cl\/entrevista-la-regla-general-muestra-que-escandalos-politicos-no-son-sinonimo-de-menor-intencion-de-voto\/\" href=\"https:\/\/diariotalca.cl\/entrevista-la-regla-general-muestra-que-escandalos-politicos-no-son-sinonimo-de-menor-intencion-de-voto\/\" target=\"_blank\" rel=\"noopener noreferrer\" data-auth=\"NotApplicable\" data-linkindex=\"9\">Entrevista: \u201cLa regla general muestra que esc\u00e1ndalos pol\u00edticos no son sin\u00f3nimo de menor intenci\u00f3n de voto\u201d. Se refiere Mario Herrera mu\u00f1oz, acad\u00e9mico del Centro de An\u00e1lisis Pol\u00edtico (CAP-UTalca).<\/a>\u00a0<\/div><div>\u00a0<\/div><div><b>RADIO BIOB\u00cdO<\/b>\u00a0<br \/><a id=\"OWA41db13c1-9817-238d-1119-395e17cda25a\" title=\"https:\/\/www.biobiochile.cl\/noticias\/nacional\/chile\/2025\/09\/01\/servel-rechaza-46-candidaturas-parlamentarias-diputadas-acevedo-pc-y-tello-fa-entre-ellas.shtml\" href=\"https:\/\/www.biobiochile.cl\/noticias\/nacional\/chile\/2025\/09\/01\/servel-rechaza-46-candidaturas-parlamentarias-diputadas-acevedo-pc-y-tello-fa-entre-ellas.shtml\" target=\"_blank\" rel=\"noopener noreferrer\" data-auth=\"NotApplicable\" data-linkindex=\"10\">Servel Rechaza Decenas de Candidaturas Parlamentarias: Diputadas Acevedo y Tello Entre Ellas. Se refiere Mario Herrera mu\u00f1oz, acad\u00e9mico del Centro de An\u00e1lisis Pol\u00edtico (CAP-UTalca).<\/a>\u00a0<\/div><div>\u00a0<\/div><div><b>EL REPORTE DIARIO<\/b>\u00a0<br \/><a id=\"OWA25262ac2-bd76-b278-b6c5-62b697d97e33\" title=\"https:\/\/reportediario.cl\/2025\/09\/01\/servel-rechaza-decenas-de-candidaturas-parlamentarias-diputadas-acevedo-y-tello-entre-ellas\/\" href=\"https:\/\/reportediario.cl\/2025\/09\/01\/servel-rechaza-decenas-de-candidaturas-parlamentarias-diputadas-acevedo-y-tello-entre-ellas\/\" target=\"_blank\" rel=\"noopener noreferrer\" data-auth=\"NotApplicable\" data-linkindex=\"11\">Servel Rechaza Decenas de Candidaturas Parlamentarias: Diputadas Acevedo y Tello Entre Ellas. Se refiere Mario Herrera mu\u00f1oz, acad\u00e9mico del Centro de An\u00e1lisis Pol\u00edtico (CAP-UTalca).<\/a>\u00a0<\/div><div>\u00a0<\/div><div><b>MSN CHILE<\/b>\u00a0<br \/><a id=\"OWA821adacb-b857-8dda-c201-4fa6bfbe4e4c\" title=\"https:\/\/www.msn.com\/es-cl\/noticias\/other\/servel-rechaza-46-candidaturas-parlamentarias-diputadas-acevedo-pc-y-tello-fa-entre-ellas\/ar-AA1LFeTH\" href=\"https:\/\/www.msn.com\/es-cl\/noticias\/other\/servel-rechaza-46-candidaturas-parlamentarias-diputadas-acevedo-pc-y-tello-fa-entre-ellas\/ar-AA1LFeTH\" target=\"_blank\" rel=\"noopener noreferrer\" data-auth=\"NotApplicable\" data-linkindex=\"12\">Servel rechaza 46 candidaturas parlamentarias: diputadas Acevedo (PC) y Tello (FA) entre ellas. Se refiere Mario Herrera mu\u00f1oz, acad\u00e9mico del Centro de An\u00e1lisis Pol\u00edtico (CAP-UTalca).<\/a>\u00a0<\/div><div>\u00a0<\/div><div><b>EMOL<\/b>\u00a0<\/div><div><a id=\"OWA64a143bc-6d93-8d01-d906-c2b7663be667\" title=\"https:\/\/www.emol.com\/noticias\/Nacional\/2025\/09\/01\/1176630\/votos-nulos-blancos-encuestas-presidencial.html\" href=\"https:\/\/www.emol.com\/noticias\/Nacional\/2025\/09\/01\/1176630\/votos-nulos-blancos-encuestas-presidencial.html\" target=\"_blank\" rel=\"noopener noreferrer\" data-auth=\"NotApplicable\" data-linkindex=\"13\">&#8216;Alerta&#8217; y &#8216;factor sorpresa&#8217;: El alza de posibles votos nulos, blancos e indecisos de cara a la presidencial. Se refiere Mario Herrera mu\u00f1oz, acad\u00e9mico del Centro de An\u00e1lisis Pol\u00edtico (CAP-UTalca).<\/a>\u00a0<\/div><div>\u00a0<\/div><div><b>PUBLIMICRO<\/b>\u00a0<\/div><div><a id=\"OWA7b61a7af-4316-733d-bfdf-9ab634c061d9\" title=\"https:\/\/publimicro.cl\/dia-mundial-de-la-obstetricia-especialista-de-la-universidad-de-talca-advierte-sobre-las-enfermedades-mas-comunes-del-embarazo\/\" href=\"https:\/\/publimicro.cl\/dia-mundial-de-la-obstetricia-especialista-de-la-universidad-de-talca-advierte-sobre-las-enfermedades-mas-comunes-del-embarazo\/\" target=\"_blank\" rel=\"noopener noreferrer\" data-auth=\"NotApplicable\" data-linkindex=\"14\">D\u00eda Mundial de la Obstetricia: Especialista de la Universidad de Talca, advierte sobre las enfermedades m\u00e1s comunes del embarazo. Se refiere Felipe Su\u00e1rez Hidalgo, director de la Escuela de Obstetricia y Puericultura.<\/a>\u00a0<\/div><div>\u00a0<\/div><div><b>CANAL 2 LINARES<\/b>\u00a0<br \/><a id=\"OWA8e6d762e-188a-983a-46a6-e723aba53e24\" title=\"https:\/\/www.canal2linares.cl\/2025\/09\/cuales-son-las-enfermedades-mas-comunes.html\" href=\"https:\/\/www.canal2linares.cl\/2025\/09\/cuales-son-las-enfermedades-mas-comunes.html\" target=\"_blank\" rel=\"noopener noreferrer\" data-auth=\"NotApplicable\" data-linkindex=\"15\">\u00bfCu\u00e1les son las enfermedades m\u00e1s comunes del embarazo? Se refiere Felipe Su\u00e1rez Hidalgo, director de la Escuela de Obstetricia y Puericultura.<\/a>\u00a0<\/div><div>\u00a0<\/div><div><b>EL MAULE INFORMA<\/b>\u00a0<br \/><a id=\"OWA3b27ecd1-b2d2-a10f-e78d-288ec4f54fe3\" title=\"https:\/\/elmauleinforma.cl\/cuales-son-las-enfermedades-mas-comunes-del-embarazo\/\" href=\"https:\/\/elmauleinforma.cl\/cuales-son-las-enfermedades-mas-comunes-del-embarazo\/\" target=\"_blank\" rel=\"noopener noreferrer\" data-auth=\"NotApplicable\" data-linkindex=\"16\">\u00bfCu\u00e1les son las enfermedades m\u00e1s comunes del embarazo? Se refiere Felipe Su\u00e1rez Hidalgo, director de la Escuela de Obstetricia y Puericultura.<\/a>\u00a0<\/div><div>\u00a0<\/div><div><b>RADIO CRISTALINA<\/b>\u00a0<br \/><a id=\"OWA20138aec-2f85-eb96-8d18-c1124d7aa1ff\" title=\"https:\/\/radiocristalina.cl\/cambio-de-hora-el-6-de-septiembre-que-impacto-tiene-en-la-salud-y-el-bienestar-emocional\/\" href=\"https:\/\/radiocristalina.cl\/cambio-de-hora-el-6-de-septiembre-que-impacto-tiene-en-la-salud-y-el-bienestar-emocional\/\" target=\"_blank\" rel=\"noopener noreferrer\" data-auth=\"NotApplicable\" data-linkindex=\"17\">Cambio de hora el 6 de septiembre: \u00bfQu\u00e9 impacto tiene en la salud y el bienestar emocional? Se refiere Roberto Ferreira, Facultad de Ciencias de la Educaci\u00f3n.<\/a>\u00a0\u00a0<\/div><div>\u00a0<\/div><div><b>DIARIO FINANCIERO<\/b>\u00a0<br \/><a id=\"OWAff5af703-151d-ca18-bb3b-5ff654948ab9\" title=\"https:\/\/www.litoralpress.cl\/paginaconsultas\/Servicios_NClipWeb\/Get_Imagen_Nota.aspx?LPKey=E3WX4TJQRSK4PXCW3AZAYOY4HZGTTSCZROVSOOL6NAHFDZHFOSDGR2BYL42SVCTRG4K4YVYMTBGVS\" href=\"https:\/\/www.litoralpress.cl\/paginaconsultas\/Servicios_NClipWeb\/Get_Imagen_Nota.aspx?LPKey=E3WX4TJQRSK4PXCW3AZAYOY4HZGTTSCZROVSOOL6NAHFDZHFOSDGR2BYL42SVCTRG4K4YVYMTBGVS\" target=\"_blank\" rel=\"noopener noreferrer\" data-auth=\"NotApplicable\" data-linkindex=\"18\">Panel UC respalda moderar el alza del salario m\u00ednimo en pr\u00f3ximo Gobierno para enfrentar desempleo. Se menciona la Universidad de Talca.<\/a>\u00a0<\/div><div>\u00a0<\/div><div><b>REVISTA VELVET<\/b>\u00a0<br \/><a id=\"OWA83697e04-df80-a839-11ea-bf39674fefbc\" title=\"https:\/\/www.litoralpress.cl\/paginaconsultas\/Servicios_NClipWeb\/Get_Imagen_Nota.aspx?LPKey=SCP7DPTJJZTJJGMZPTEUGRW77XVV27JKJNQ4ZDZEQR3KRVYGVDUEG56QJIVH7FXGZS6TCI5U4LS7W\" href=\"https:\/\/www.litoralpress.cl\/paginaconsultas\/Servicios_NClipWeb\/Get_Imagen_Nota.aspx?LPKey=SCP7DPTJJZTJJGMZPTEUGRW77XVV27JKJNQ4ZDZEQR3KRVYGVDUEG56QJIVH7FXGZS6TCI5U4LS7W\" target=\"_blank\" rel=\"noopener noreferrer\" data-auth=\"NotApplicable\" data-linkindex=\"19\">Tres d\u00e9cadas de color formas y vanguardia. Se menciona la Universidad de Talca.<\/a>\u00a0<\/div><div>\u00a0<\/div><div><b>NOTICIAS UDEC<\/b>\u00a0<br \/><a id=\"OWA0596f825-2143-1493-6952-373a0815cf52\" title=\"https:\/\/noticias.udec.cl\/academia-y-mineria-se-encuentran-en-seminario-crhiam-para-avanzar-hacia-procesos-mas-sustentables\/\" href=\"https:\/\/noticias.udec.cl\/academia-y-mineria-se-encuentran-en-seminario-crhiam-para-avanzar-hacia-procesos-mas-sustentables\/\" target=\"_blank\" rel=\"noopener noreferrer\" data-auth=\"NotApplicable\" data-linkindex=\"20\">Academia y miner\u00eda se encuentran en seminario Crhiam para avanzar hacia procesos m\u00e1s sustentables. Se menciona la Universidad de Talca.<\/a>\u00a0<\/div><div>\u00a0<\/div><div><b>CULTURIZARTE<\/b>\u00a0<br \/><a id=\"OWA687f4a16-dc83-dc4e-639e-e5cd09402a69\" title=\"https:\/\/culturizarte.cl\/gallinas-comunidad-y-territorio-el-arte-expandido-de-ignacio-gumucio\/\" href=\"https:\/\/culturizarte.cl\/gallinas-comunidad-y-territorio-el-arte-expandido-de-ignacio-gumucio\/\" target=\"_blank\" rel=\"noopener noreferrer\" data-auth=\"NotApplicable\" data-linkindex=\"21\">Gallinas, comunidad y territorio: el arte expandido de Ignacio Gumucio. Se menciona la Universidad de Talca.<\/a>\u00a0<\/div><div>\u00a0<\/div><div><b>INGENIEROS<\/b>\u00a0<br \/><a id=\"OWA63130049-a2ea-2ab2-fc1e-72aa28eba49d\" title=\"https:\/\/www.ingenieros.cl\/la-cuadruple-helice-150-ingenieros-celebrando-el-dia-nacional-de-la-ingenieria-2025-en-talca\/\" href=\"https:\/\/www.ingenieros.cl\/la-cuadruple-helice-150-ingenieros-celebrando-el-dia-nacional-de-la-ingenieria-2025-en-talca\/\" target=\"_blank\" rel=\"noopener noreferrer\" data-auth=\"NotApplicable\" data-linkindex=\"22\">La Cu\u00e1druple H\u00e9lice: +150 ingenieros celebrando el D\u00eda Nacional de la Ingenier\u00eda 2025 en Talca. Se menciona la Universidad de Talca.<\/a>\u00a0<\/div><div>\u00a0<\/div><div><b>UNIVERSIDAD CAT\u00d3LICA DEL MAULE<\/b>\u00a0<br \/><a id=\"OWA1ad912fb-2579-0ce5-cfb1-0afb94d3862f\" title=\"https:\/\/portal.ucm.cl\/noticias\/exito-total-4-seminario-mineria-maule\" href=\"https:\/\/portal.ucm.cl\/noticias\/exito-total-4-seminario-mineria-maule\" target=\"_blank\" rel=\"noopener noreferrer\" data-auth=\"NotApplicable\" data-linkindex=\"23\">\u00c9xito total en el 4\u00b0 Seminario de Miner\u00eda en el Maule. Se menciona la Universidad de Talca.<\/a>\u00a0<\/div><div>\u00a0<\/div><div><b>UNIVERSIDAD DE VALPARA\u00cdSO<\/b>\u00a0<br \/><a id=\"OWA794cba06-e157-d2f2-7416-648f649c3aea\" title=\"https:\/\/www.uv.cl\/archivo-noticias-uv\/28260-en-la-uv-se-desarrollo-segunda-jornada-nacional-de-la-red-de-igualdad-de-genero-del-cuech\" href=\"https:\/\/www.uv.cl\/archivo-noticias-uv\/28260-en-la-uv-se-desarrollo-segunda-jornada-nacional-de-la-red-de-igualdad-de-genero-del-cuech\" target=\"_blank\" rel=\"noopener noreferrer\" data-auth=\"NotApplicable\" data-linkindex=\"24\">En la UV se desarroll\u00f3 Segunda Jornada Nacional de la Red de Igualdad de G\u00e9nero del CUECH. Se menciona la Universidad Talca.<\/a>\u00a0<\/div><div>\u00a0<\/div><div><b>DIARIO EMPRENDE<\/b>\u00a0<br \/><a id=\"OWA5a8625e5-11e1-421f-45a4-a2bb7e2c0f95\" title=\"https:\/\/www.diarioemprende.cl\/noticia\/actualidad\/2025\/09\/ingeniera-destaca-el-ambiente-colaborativo-y-dinamico-de-nube-cowork\" href=\"https:\/\/www.diarioemprende.cl\/noticia\/actualidad\/2025\/09\/ingeniera-destaca-el-ambiente-colaborativo-y-dinamico-de-nube-cowork\" target=\"_blank\" rel=\"noopener noreferrer\" data-auth=\"NotApplicable\" data-linkindex=\"25\">Ingeniera destaca el ambiente colaborativo y din\u00e1mico de Nube Cowork. Se menciona la Universidad de Talca.<\/a>\u00a0<\/div><div>\u00a0<\/div><div><b>EL MAULE INFORMA<\/b>\u00a0<br \/><a id=\"OWAfd943687-d3b8-3b72-c9ff-1c8e3f71bba5\" title=\"https:\/\/elmauleinforma.cl\/gobierno-del-maule-maule-alimenta-y-corfo-lanzan-la-10-semana-de-la-agroindustria-regional-una-decada-de-innovacion-y-encadenamientos-productivos\/\" href=\"https:\/\/elmauleinforma.cl\/gobierno-del-maule-maule-alimenta-y-corfo-lanzan-la-10-semana-de-la-agroindustria-regional-una-decada-de-innovacion-y-encadenamientos-productivos\/\" target=\"_blank\" rel=\"noopener noreferrer\" data-auth=\"NotApplicable\" data-linkindex=\"26\">Gobierno del Maule, Maule Alimenta y Corfo lanzan la 10\u00b0 Semana de la Agroindustria Regional: una d\u00e9cada de innovaci\u00f3n y encadenamientos productivos. Se menciona la Universidad de Talca.<\/a>\u00a0<\/div><div>\u00a0<\/div><div><b>MAULE NEWS<\/b>\u00a0<br \/><a id=\"OWA31b7b1b1-516b-c1bf-59eb-2fc4496b27ea\" title=\"https:\/\/www.maulenews.com\/2025\/09\/cadena-de-oracion-por-la-salud-del.html\" href=\"https:\/\/www.maulenews.com\/2025\/09\/cadena-de-oracion-por-la-salud-del.html\" target=\"_blank\" rel=\"noopener noreferrer\" data-auth=\"NotApplicable\" data-linkindex=\"27\">Cadena de oraci\u00f3n por la salud del emblem\u00e1tico productor radial talquino Germ\u00e1n Ega\u00f1a. Se menciona la Universidad de Talca.<\/a>\u00a0<\/div><div>\u00a0<\/div><div><b>LA DISCUSI\u00d3N <\/b>\u00a0<br \/><a id=\"OWA9c999294-c5da-f2d0-d916-2d9c59654b29\" title=\"https:\/\/ladiscusion.cl\/academia-y-mineria-se-encuentran-en-seminario-crhiam-para-avanzar-hacia-procesos-mas-sustentables\/\" href=\"https:\/\/ladiscusion.cl\/academia-y-mineria-se-encuentran-en-seminario-crhiam-para-avanzar-hacia-procesos-mas-sustentables\/\" target=\"_blank\" rel=\"noopener noreferrer\" data-auth=\"NotApplicable\" data-linkindex=\"28\">Academia y miner\u00eda se encuentran en seminario Crhiam para avanzar hacia procesos m\u00e1s sustentables. Se menciona la Universidad de Talca.<\/a>\u00a0<\/div><div>\u00a0<\/div><div><b>LA DISCUSI\u00d3N<\/b>\u00a0<br \/><a id=\"OWA8df7b850-be07-4899-8ebf-a030ed7d7968\" title=\"https:\/\/ladiscusion.cl\/pianista-chillanejo-luis-munoz-lanza-nuevo-disco-dedicado-a-mozart\/\" href=\"https:\/\/ladiscusion.cl\/pianista-chillanejo-luis-munoz-lanza-nuevo-disco-dedicado-a-mozart\/\" target=\"_blank\" rel=\"noopener noreferrer\" data-auth=\"NotApplicable\" data-linkindex=\"29\">Pianista chillanejo Luis Mu\u00f1oz lanza nuevo disco dedicado a Mozart. Se menciona la Universidad de Talca.<\/a>\u00a0<\/div><div>\u00a0<\/div><div><b>PJUD<\/b>\u00a0<br \/><a id=\"OWAbe8d369e-cae0-cda8-e375-6390c54fb14e\" title=\"https:\/\/www.pjud.cl\/prensa-y-comunicaciones\/noticias-del-poder-judicial\/131495\" href=\"https:\/\/www.pjud.cl\/prensa-y-comunicaciones\/noticias-del-poder-judicial\/131495\" target=\"_blank\" rel=\"noopener noreferrer\" data-auth=\"NotApplicable\" data-linkindex=\"30\">Corte de Apelaciones y tribunales de Rancagua participan en capacitaciones sobre derechos de los pacientes y normativa en materia migratoria. Se menciona la Universidad de Talca.<\/a> \u00a0<\/div><div aria-hidden=\"true\">\u00a0<\/div>\t\t\t\t\t\t<\/div>\n\t\t\t\t<\/div>\n\t\t\t\t\t<\/div>\n\t\t<\/div>\n\t\t\t\t\t\t\t<\/div>\n\t\t<\/section>\n\t\t\t\t\t\t<\/div>\n\t\t\t\t\t<\/div>\n\t\t","protected":false},"excerpt":{"rendered":"<p>REVISTA ECOCIENCIAS\u00a0Proyecto de la UTalca que regenera suelos da\u00f1ados representar\u00e1 a Chile en la COP30. Se refiere Carlos Torres Fuchslocher, rector y Andrea Barrera Valenzuela, acad\u00e9mica del Departamento de Microbiolog\u00eda.\u00a0\u00a0DIARIO EL CENTRO\u00a0Conciertos, laboratorios y arquitectura: UTalca explora la realidad virtual en la educaci\u00f3n. Se refiere, Olga Lobos, directora Departamento de Microbiolog\u00eda, Felipe Besoa\u00edn, director de &hellip;<\/p>\n<p class=\"read-more\"> <a class=\"\" href=\"https:\/\/www.reportedeprensa.utalca.cl\/?p=12475\"> <span class=\"screen-reader-text\">02 de septiembre 2025<\/span> Read More &raquo;<\/a><\/p>\n","protected":false},"author":1,"featured_media":0,"comment_status":"closed","ping_status":"open","sticky":false,"template":"","format":"standard","meta":{"_monsterinsights_skip_tracking":false,"_monsterinsights_sitenote_active":false,"_monsterinsights_sitenote_note":"","_monsterinsights_sitenote_category":0},"categories":[63],"tags":[],"_links":{"self":[{"href":"https:\/\/www.reportedeprensa.utalca.cl\/index.php?rest_route=\/wp\/v2\/posts\/12475"}],"collection":[{"href":"https:\/\/www.reportedeprensa.utalca.cl\/index.php?rest_route=\/wp\/v2\/posts"}],"about":[{"href":"https:\/\/www.reportedeprensa.utalca.cl\/index.php?rest_route=\/wp\/v2\/types\/post"}],"author":[{"embeddable":true,"href":"https:\/\/www.reportedeprensa.utalca.cl\/index.php?rest_route=\/wp\/v2\/users\/1"}],"replies":[{"embeddable":true,"href":"https:\/\/www.reportedeprensa.utalca.cl\/index.php?rest_route=%2Fwp%2Fv2%2Fcomments&post=12475"}],"version-history":[{"count":4,"href":"https:\/\/www.reportedeprensa.utalca.cl\/index.php?rest_route=\/wp\/v2\/posts\/12475\/revisions"}],"predecessor-version":[{"id":12479,"href":"https:\/\/www.reportedeprensa.utalca.cl\/index.php?rest_route=\/wp\/v2\/posts\/12475\/revisions\/12479"}],"wp:attachment":[{"href":"https:\/\/www.reportedeprensa.utalca.cl\/index.php?rest_route=%2Fwp%2Fv2%2Fmedia&parent=12475"}],"wp:term":[{"taxonomy":"category","embeddable":true,"href":"https:\/\/www.reportedeprensa.utalca.cl\/index.php?rest_route=%2Fwp%2Fv2%2Fcategories&post=12475"},{"taxonomy":"post_tag","embeddable":true,"href":"https:\/\/www.reportedeprensa.utalca.cl\/index.php?rest_route=%2Fwp%2Fv2%2Ftags&post=12475"}],"curies":[{"name":"wp","href":"https:\/\/api.w.org\/{rel}","templated":true}]}}