{"id":12480,"date":"2025-09-03T12:17:37","date_gmt":"2025-09-03T15:17:37","guid":{"rendered":"https:\/\/www.reportedeprensa.utalca.cl\/?p=12480"},"modified":"2025-09-03T12:18:54","modified_gmt":"2025-09-03T15:18:54","slug":"03-de-septiembre-2025","status":"publish","type":"post","link":"https:\/\/www.reportedeprensa.utalca.cl\/?p=12480","title":{"rendered":"03 de septiembre 2025"},"content":{"rendered":"\t\t<div data-elementor-type=\"wp-post\" data-elementor-id=\"12480\" class=\"elementor elementor-12480\" data-elementor-settings=\"[]\">\n\t\t\t\t\t\t\t<div class=\"elementor-section-wrap\">\n\t\t\t\t\t\t\t<section class=\"elementor-section elementor-top-section elementor-element elementor-element-bcea1a8 elementor-section-boxed elementor-section-height-default elementor-section-height-default\" data-id=\"bcea1a8\" data-element_type=\"section\">\n\t\t\t\t\t\t<div class=\"elementor-container elementor-column-gap-default\">\n\t\t\t\t\t<div class=\"elementor-column elementor-col-100 elementor-top-column elementor-element elementor-element-e7183bf\" data-id=\"e7183bf\" data-element_type=\"column\">\n\t\t\t<div class=\"elementor-widget-wrap elementor-element-populated\">\n\t\t\t\t\t\t\t\t<div class=\"elementor-element elementor-element-1bc45a2 elementor-widget elementor-widget-text-editor\" data-id=\"1bc45a2\" data-element_type=\"widget\" data-widget_type=\"text-editor.default\">\n\t\t\t\t<div class=\"elementor-widget-container\">\n\t\t\t\t\t\t\t\t<div><b data-olk-copy-source=\"MessageBody\">EL DESCONCIERTO<\/b><br \/><a id=\"OWA2308fe5f-8cf9-087d-ddf2-6633d9f3734f\" title=\"https:\/\/eldesconcierto.cl\/2025\/09\/02\/de-talca-a-la-cop30-en-brasil-proyecto-universitario-busca-aportar-a-la-seguridad-alimentaria-a-escala-mundial\" href=\"https:\/\/eldesconcierto.cl\/2025\/09\/02\/de-talca-a-la-cop30-en-brasil-proyecto-universitario-busca-aportar-a-la-seguridad-alimentaria-a-escala-mundial\" target=\"_blank\" rel=\"noopener noreferrer\" data-auth=\"NotApplicable\" data-linkindex=\"0\">De Talca a la COP30 en Brasil: Proyecto universitario busca aportar a la seguridad alimentaria a escala mundial. Se refiere Carlos Torres Fuchslocher, rector y Andrea Barrera, acad\u00e9mica del Departamento de Microbiolog\u00eda.<\/a><\/div><div>\u00a0<\/div><div><b>LA TERCERA ONLINE<\/b><br \/><a id=\"OWA4690a460-038c-8c7a-6d44-dfd9f167bf0a\" title=\"https:\/\/www.latercera.com\/nacional\/noticia\/copago-el-gran-nudo-sobre-el-fes-que-aun-divide-a-gobierno-y-rectores-que-tienen-su-propia-disputa\/\" href=\"https:\/\/www.latercera.com\/nacional\/noticia\/copago-el-gran-nudo-sobre-el-fes-que-aun-divide-a-gobierno-y-rectores-que-tienen-su-propia-disputa\/\" target=\"_blank\" rel=\"noopener noreferrer\" data-auth=\"NotApplicable\" data-linkindex=\"1\">Copago: el gran nudo del FES mantiene divididos a gobierno y rectores, que tienen su propia disputa. Se refiere Carlos Torres Fuchslocher, rector.<\/a><\/div><div>\u00a0<\/div><div><b>INOTICIAS<\/b><br \/><a id=\"OWAa797f77a-b436-76bf-c743-5c8c61aa4cb7\" title=\"https:\/\/www.latercera.com\/nacional\/noticia\/copago-el-gran-nudo-sobre-el-fes-que-aun-divide-a-gobierno-y-rectores-que-tienen-su-propia-disputa\/\" href=\"https:\/\/www.latercera.com\/nacional\/noticia\/copago-el-gran-nudo-sobre-el-fes-que-aun-divide-a-gobierno-y-rectores-que-tienen-su-propia-disputa\/\" target=\"_blank\" rel=\"noopener noreferrer\" data-auth=\"NotApplicable\" data-linkindex=\"2\">Copago: el gran nudo del FES mantiene divididos a gobierno y rectores, que tienen su propia disputa. Se refiere Carlos Torres Fuchslocher, rector.<\/a><\/div><div>\u00a0<\/div><div><b>ADPRENSA<\/b><br \/><a id=\"OWA03a3d74e-b02e-9a6d-27d5-cd449a642201\" title=\"https:\/\/www.adprensa.cl\/actividades-academicas\/postgrado-utalca-excelencia-academica-becas-y-foco-en-internacionalizacion\/+\" href=\"https:\/\/www.adprensa.cl\/actividades-academicas\/postgrado-utalca-excelencia-academica-becas-y-foco-en-internacionalizacion\/+\" target=\"_blank\" rel=\"noopener noreferrer\" data-auth=\"NotApplicable\" data-linkindex=\"3\">Postgrado UTalca: excelencia acad\u00e9mica, becas y foco en internacionalizaci\u00f3n. Se refiere Carlos Torres Fuchslocher, rector y Sergio Wehinger, director de Postgrado<\/a><\/div><div>\u00a0<\/div><div><b>RADIO ALLEN<\/b><br \/><a id=\"OWA07786135-9529-a172-66a3-f26cd90d960f\" title=\"https:\/\/radioallen.cl\/postgrado-utalca-excelencia-academica-becas-y-foco-en-internacionalizacion\/\" href=\"https:\/\/radioallen.cl\/postgrado-utalca-excelencia-academica-becas-y-foco-en-internacionalizacion\/\" target=\"_blank\" rel=\"noopener noreferrer\" data-auth=\"NotApplicable\" data-linkindex=\"4\">Postgrado UTalca: excelencia acad\u00e9mica, becas y foco en internacionalizaci\u00f3n. Se refiere Carlos Torres Fuchslocher, rector y Sergio Wehinger, director de Postgrado<\/a><\/div><div>\u00a0<\/div><div><b>PORTAL EDUCA<\/b><br \/><a id=\"OWA00eb7235-c131-69b3-3783-f89d28b8d1ee\" title=\"https:\/\/portaleduca.cl\/postgrado-utalca-excelencia-academica-becas-y-foco-en-internacionalizacion\/\" href=\"https:\/\/portaleduca.cl\/postgrado-utalca-excelencia-academica-becas-y-foco-en-internacionalizacion\/\" target=\"_blank\" rel=\"noopener noreferrer\" data-auth=\"NotApplicable\" data-linkindex=\"5\">Postgrado UTalca: excelencia acad\u00e9mica, becas y foco en internacionalizaci\u00f3n. Se refiere Carlos Torres Fuchslocher, rector y Sergio Wehinger, director de Postgrado<\/a><\/div><div>\u00a0<\/div><div><b>MEDIABANCO<\/b><br \/><a id=\"OWA6e2a624e-8c43-e4f6-acc1-4d7b0b9e2d82\" title=\"https:\/\/www.mediabanco.com\/postgrado-utalca-excelencia-academica-becas-y-foco-en-internacionalizacion\/\" href=\"https:\/\/www.mediabanco.com\/postgrado-utalca-excelencia-academica-becas-y-foco-en-internacionalizacion\/\" target=\"_blank\" rel=\"noopener noreferrer\" data-auth=\"NotApplicable\" data-linkindex=\"6\">Postgrado UTalca: excelencia acad\u00e9mica, becas y foco en internacionalizaci\u00f3n. Se refiere Carlos Torres Fuchslocher, rector y Sergio Wehinger, director de Postgrado<\/a><\/div><div>\u00a0<\/div><div><b>ADPRENSA<\/b><br \/><a id=\"OWA05bae328-3e47-ba32-9811-bd5e7575e9a6\" title=\"https:\/\/www.adprensa.cl\/cronica\/de-la-sala-de-clases-al-impacto-real-estudiantes-convierten-sus-tesis-en-proyectos-innovadores\/\" href=\"https:\/\/www.adprensa.cl\/cronica\/de-la-sala-de-clases-al-impacto-real-estudiantes-convierten-sus-tesis-en-proyectos-innovadores\/\" target=\"_blank\" rel=\"noopener noreferrer\" data-auth=\"NotApplicable\" data-linkindex=\"7\">De la sala de clases al impacto real: estudiantes convierten sus tesis en proyectos innovadores. Se refiere Marcela Gonz\u00e1lez Araya, decana de la Facultad de Ingenier\u00eda.<\/a><\/div><div>\u00a0<\/div><div><b>RADIO MAULE SUR<\/b><br \/><a id=\"OWA002471b5-4316-648c-4d3d-bb6f79be755d\" title=\"https:\/\/www.radiomaulesur.cl\/2025\/09\/de-la-sala-de-clases-al-impacto-real.html\" href=\"https:\/\/www.radiomaulesur.cl\/2025\/09\/de-la-sala-de-clases-al-impacto-real.html\" target=\"_blank\" rel=\"noopener noreferrer\" data-auth=\"NotApplicable\" data-linkindex=\"8\">De la sala de clases al impacto real: estudiantes convierten sus tesis en proyectos innovadores. Se refiere Marcela Gonz\u00e1lez Araya, decana de la Facultad de Ingenier\u00eda.<\/a><\/div><div>\u00a0<\/div><div><b>MEDIABANCO<\/b><br \/><a id=\"OWA9f677c1a-c724-4c6b-6959-cc83c735c052\" title=\"https:\/\/www.mediabanco.com\/de-la-sala-de-clases-al-impacto-real-estudiantes-convierten-sus-tesis-en-proyectos-innovadores\/\" href=\"https:\/\/www.mediabanco.com\/de-la-sala-de-clases-al-impacto-real-estudiantes-convierten-sus-tesis-en-proyectos-innovadores\/\" target=\"_blank\" rel=\"noopener noreferrer\" data-auth=\"NotApplicable\" data-linkindex=\"9\">De la sala de clases al impacto real: estudiantes convierten sus tesis en proyectos innovadores. Se refiere Marcela Gonz\u00e1lez Araya, decana de la Facultad de Ingenier\u00eda.<\/a><\/div><div aria-hidden=\"true\">\u00a0<\/div><div><b>RADIO BIOB\u00cdO<\/b><br \/><a id=\"OWA7326652b-df5e-449e-8d29-3c407af3b55c\" title=\"https:\/\/www.litoralpress.cl\/sitio\/RadioTV_Detalles.cshtml?LPKey=EL4IGLT2S6UKKH2XYWOAZSIX2BMCT4LHQLE6XXVIGXW363NOGYELCBWDVMR7OFJRADBOG2GQNJYUY\" href=\"https:\/\/www.litoralpress.cl\/sitio\/RadioTV_Detalles.cshtml?LPKey=EL4IGLT2S6UKKH2XYWOAZSIX2BMCT4LHQLE6XXVIGXW363NOGYELCBWDVMR7OFJRADBOG2GQNJYUY\" target=\"_blank\" rel=\"noopener noreferrer\" data-auth=\"NotApplicable\" data-linkindex=\"10\">46 Candidaturas parlamentarias rechazadas por el Servel. Se refiere Mario Herrera Mu\u00f1oz, acad\u00e9mico del Centro de An\u00e1lisis Pol\u00edtico (CAP-UTalca).<\/a><\/div><div>\u00a0<\/div><div><b>RADIO INFINITA<\/b><br \/><a id=\"OWA76046153-986b-a877-4ef4-dc2a003703ae\" title=\"https:\/\/www.litoralpress.cl\/sitio\/RadioTV_Detalles.cshtml?LPKey=V7YHAKHB32MDIW46QYP3JBH3FD5TP3PH44QZUWKWJCVNZXVJCWMW7V4NULHZD5UCM22Q4MU3QSDDK\" href=\"https:\/\/www.litoralpress.cl\/sitio\/RadioTV_Detalles.cshtml?LPKey=V7YHAKHB32MDIW46QYP3JBH3FD5TP3PH44QZUWKWJCVNZXVJCWMW7V4NULHZD5UCM22Q4MU3QSDDK\" target=\"_blank\" rel=\"noopener noreferrer\" data-auth=\"NotApplicable\" data-linkindex=\"11\">Entrevista a Mauricio Morales Quiroga, director del Centro de An\u00e1lisis Pol\u00edtico (CAP-UTalca)<\/a><\/div><div>\u00a0<\/div><div><b>BIOB\u00cdO TV<\/b><br \/><a id=\"OWA20dfb2b0-6197-2781-29ba-b32f6fe492c9\" title=\"https:\/\/www.litoralpress.cl\/sitio\/RadioTV_Detalles.cshtml?LPKey=4QUTGC2TDSFFQMFJBKIKZI5UL7GBKUGALPY62YDGF2AELVDK22LG3BHL7PB5KXRNKW3V7GWFMSKWK\" href=\"https:\/\/www.litoralpress.cl\/sitio\/RadioTV_Detalles.cshtml?LPKey=4QUTGC2TDSFFQMFJBKIKZI5UL7GBKUGALPY62YDGF2AELVDK22LG3BHL7PB5KXRNKW3V7GWFMSKWK\" target=\"_blank\" rel=\"noopener noreferrer\" data-auth=\"NotApplicable\" data-linkindex=\"12\">Servel rechaza 46 candidaturas parlamentarias: diputadas Acevedo (PC) y Tello (FA) entre ellas. Se refiere Mario Herrera Mu\u00f1oz, acad\u00e9mico del Centro de An\u00e1lisis Pol\u00edtico (CAP-UTalca).<\/a><\/div><div>\u00a0<\/div><div><b>PORTAL RED SALUD<\/b><br \/><a id=\"OWAec5bcb6c-801d-23d0-df85-431d1ffd17ab\" title=\"https:\/\/portalredsalud.cl\/2025\/09\/01\/cuales-son-las-enfermedades-mas-comunes-del-embarazo\/\" href=\"https:\/\/portalredsalud.cl\/2025\/09\/01\/cuales-son-las-enfermedades-mas-comunes-del-embarazo\/\" target=\"_blank\" rel=\"noopener noreferrer\" data-auth=\"NotApplicable\" data-linkindex=\"13\">\u00bfCu\u00e1les son las enfermedades m\u00e1s comunes del embarazo? Se refiere Felipe Su\u00e1rez Hidalgo, acad\u00e9mico de la Escuela de Obstetricia y Puericultura.<\/a><\/div><div>\u00a0<\/div><div><b>PORTAL PRENSA SALUD<\/b><br \/><a id=\"OWA477e010a-cb95-1794-b0f9-d7edd0536a88\" title=\"https:\/\/portalredsalud.cl\/2025\/09\/01\/cuales-son-las-enfermedades-mas-comunes-del-embarazo\/\" href=\"https:\/\/portalredsalud.cl\/2025\/09\/01\/cuales-son-las-enfermedades-mas-comunes-del-embarazo\/\" target=\"_blank\" rel=\"noopener noreferrer\" data-auth=\"NotApplicable\" data-linkindex=\"14\">\u00bfCu\u00e1les son las enfermedades m\u00e1s comunes del embarazo? Se refiere Felipe Su\u00e1rez Hidalgo, acad\u00e9mico de la Escuela de Obstetricia y Puericultura.<\/a><\/div><div>\u00a0<\/div><div><b>EL MOSTRADOR<\/b><br \/><a id=\"OWA4f9b9c63-fd8d-b5d1-d897-6e39f1cab624\" title=\"https:\/\/www.elmostrador.cl\/revista-jengibre\/viajes\/outdoor\/2025\/09\/02\/naturaleza-y-salud-especialistas-destacan-beneficios-fisicos-y-mentales-de-los-entornos-verdes\/\" href=\"https:\/\/www.elmostrador.cl\/revista-jengibre\/viajes\/outdoor\/2025\/09\/02\/naturaleza-y-salud-especialistas-destacan-beneficios-fisicos-y-mentales-de-los-entornos-verdes\/\" target=\"_blank\" rel=\"noopener noreferrer\" data-auth=\"NotApplicable\" data-linkindex=\"15\">Naturaleza y salud: especialistas destacan beneficios f\u00edsicos y mentales de los entornos verdes. Se refiere Carmen Gloria Zambrano, acad\u00e9mica de la Escuela de Kinesiolog\u00eda y directora del Departamento de Ciencias del Movimiento Humano y Pablo L\u00f3pez, acad\u00e9mico de la carrera de Terapia Ocupacional.<\/a>\u00a0<\/div><div>\u00a0<\/div><div><b>G5 NOTICIA<\/b><br \/><a id=\"OWAa97c7a14-cacb-1f24-e8db-0c66d11f1f29\" title=\"https:\/\/g5noticias.cl\/2025\/09\/02\/enfermedades-del-cerebro-cuales-son-las-mas-comunes-en-chile\/\" href=\"https:\/\/g5noticias.cl\/2025\/09\/02\/enfermedades-del-cerebro-cuales-son-las-mas-comunes-en-chile\/\" target=\"_blank\" rel=\"noopener noreferrer\" data-auth=\"NotApplicable\" data-linkindex=\"16\">Enfermedades del cerebro: \u00bfcu\u00e1les son las m\u00e1s comunes en Chile? Se refiere Gustavo Dom\u00ednguez Araya, acad\u00e9mico de la Escuela de Enfermer\u00eda.<\/a><\/div><div>\u00a0<\/div><div><b>RADIO LAUTARO<\/b><br \/><a id=\"OWA317ae219-bd03-7c1c-4caf-c0516179b9bc\" title=\"https:\/\/radiolautarotalca.cl\/cambio-climatico-ha-generado-la-presencia-de-nuevas-plagas\/\" href=\"https:\/\/radiolautarotalca.cl\/cambio-climatico-ha-generado-la-presencia-de-nuevas-plagas\/\" target=\"_blank\" rel=\"noopener noreferrer\" data-auth=\"NotApplicable\" data-linkindex=\"17\">Cambio Clim\u00e1tico ha generado la presencia de nuevas plagas. Se refiere Eduardo Fuentes, acad\u00e9mico de la Facultad de Ciencias Agrarias<\/a><\/div><div>\u00a0<\/div><div><b>LA DISCUSI\u00d3N<\/b><br \/><a id=\"OWA0eb2ad1f-e716-6a28-ed01-0537810f1561\" title=\"https:\/\/www.litoralpress.cl\/paginaconsultas\/Servicios_NClipWeb\/Get_Imagen_Nota.aspx?LPKey=XZCBGUWHT6U2AGH3SCQUZ7XSDLDL5SH5OJD7TCW5HXRD4CTMQYKAVZVT6RPXJKT5M6JY3POTS4LMO\" href=\"https:\/\/www.litoralpress.cl\/paginaconsultas\/Servicios_NClipWeb\/Get_Imagen_Nota.aspx?LPKey=XZCBGUWHT6U2AGH3SCQUZ7XSDLDL5SH5OJD7TCW5HXRD4CTMQYKAVZVT6RPXJKT5M6JY3POTS4LMO\" target=\"_blank\" rel=\"noopener noreferrer\" data-auth=\"NotApplicable\" data-linkindex=\"18\">Academia y miner\u00eda se encuentran en seminario Crhiam para avanzar hacia procesos m\u00e1s sustentables. Se menciona la Universidad de Talca.<\/a><\/div><div>\u00a0<\/div><div><b>LA DISCUSI\u00d3N<\/b><br \/><a id=\"OWAc26f3afc-f286-703e-f579-a51da19e8594\" title=\"https:\/\/www.litoralpress.cl\/paginaconsultas\/Servicios_NClipWeb\/Get_Imagen_Nota.aspx?LPKey=2GP5AO64UJ66HZ3JY5QPJVR2EMBQZMMOP4ZMFGI2S3CUN7GU5ZTFRLO2MIVGOOJOVN4EXJFEW7OWC\" href=\"https:\/\/www.litoralpress.cl\/paginaconsultas\/Servicios_NClipWeb\/Get_Imagen_Nota.aspx?LPKey=2GP5AO64UJ66HZ3JY5QPJVR2EMBQZMMOP4ZMFGI2S3CUN7GU5ZTFRLO2MIVGOOJOVN4EXJFEW7OWC\" target=\"_blank\" rel=\"noopener noreferrer\" data-auth=\"NotApplicable\" data-linkindex=\"19\">Pianista chillanejo Luis Mu\u00f1oz lanza nuevo disco dedicado a Mozart. Se menciona la Universidad de Talca.<\/a><\/div><div>\u00a0<\/div><div><b>PORTAL FRUT\u00cdCOLA<\/b><br \/><a id=\"OWAa81ff355-93d2-fd76-0c4f-83a3d20b831f\" title=\"https:\/\/www.portalfruticola.com\/noticias\/2025\/09\/02\/cerezos-frio\/\" href=\"https:\/\/www.portalfruticola.com\/noticias\/2025\/09\/02\/cerezos-frio\/\" target=\"_blank\" rel=\"noopener noreferrer\" data-auth=\"NotApplicable\" data-linkindex=\"20\">Situaci\u00f3n del cerezo tras el receso en Chile. Se menciona la Universidad de Talca.<\/a><\/div><div>\u00a0<\/div><div><b>DERECHO.UC<\/b><br \/><a id=\"OWA7116c7c7-62ae-c8c4-5284-bdd736c4a39f\" title=\"https:\/\/derecho.uc.cl\/es\/noticias\/38877-profesor-daniel-martorell-felis-aprobo-con-distincion-maxima-su-defensa-de-tesis-doctoral\" href=\"https:\/\/derecho.uc.cl\/es\/noticias\/38877-profesor-daniel-martorell-felis-aprobo-con-distincion-maxima-su-defensa-de-tesis-doctoral\" target=\"_blank\" rel=\"noopener noreferrer\" data-auth=\"NotApplicable\" data-linkindex=\"21\">Profesor Daniel Martorell Felis aprob\u00f3 con distinci\u00f3n m\u00e1xima su defensa de tesis doctoral. Se menciona la Universidad de Talca<\/a><\/div><div>\u00a0<\/div><div><b>RADIO LAUTARO<\/b><br \/><a id=\"OWAd55aa858-0804-3d0f-f681-95e4a30bf34d\" title=\"https:\/\/radiolautarotalca.cl\/gobierno-lanzan-la-10-semana-de-la-agroindustria-regional\/\" href=\"https:\/\/radiolautarotalca.cl\/gobierno-lanzan-la-10-semana-de-la-agroindustria-regional\/\" target=\"_blank\" rel=\"noopener noreferrer\" data-auth=\"NotApplicable\" data-linkindex=\"22\">Gobierno lanzan la 10\u00b0 Semana de la Agroindustria Regional. Se menciona la Universidad de Talca.<\/a><\/div><div>\u00a0<\/div><div><b>REPORTE AGR\u00cdCOLA<\/b><br \/><a id=\"OWA06044d20-91a0-699f-c692-e235424afcba\" title=\"https:\/\/www.reporteagricola.cl\/noticia\/noticias\/2025\/09\/proyecto-de-la-ucsc-busco-dar-nuevo-valor-agregado-a-podas-de-vides\" href=\"https:\/\/www.reporteagricola.cl\/noticia\/noticias\/2025\/09\/proyecto-de-la-ucsc-busco-dar-nuevo-valor-agregado-a-podas-de-vides\" target=\"_blank\" rel=\"noopener noreferrer\" data-auth=\"NotApplicable\" data-linkindex=\"23\">Proyecto de la UCSC busc\u00f3 dar nuevo valor agregado a podas de vides. Se menciona la Universidad de Talca.<\/a><\/div><div>\u00a0<\/div><div><b>PORTAL AGRO CHILE<\/b><br \/><a id=\"OWA22e7014d-3e6b-a88c-6e22-90e49fff42dc\" title=\"https:\/\/www.portalagrochile.cl\/2025\/09\/02\/proyecto-busco-dar-nuevo-valor-agregado-a-podas-de-vides\/\" href=\"https:\/\/www.portalagrochile.cl\/2025\/09\/02\/proyecto-busco-dar-nuevo-valor-agregado-a-podas-de-vides\/\" target=\"_blank\" rel=\"noopener noreferrer\" data-auth=\"NotApplicable\" data-linkindex=\"24\">Proyecto busc\u00f3 dar nuevo valor agregado a podas de vides. Se menciona la Universidad de Talca.<\/a><\/div><div>\u00a0<\/div><div><b>ADPRENSA<\/b><br \/><a id=\"OWA4029287c-4979-b3e7-b673-69bd1a61531b\" title=\"https:\/\/www.adprensa.cl\/cronica\/exito-total-en-el-4-seminario-de-mineria-en-el-maule\/\" href=\"https:\/\/www.adprensa.cl\/cronica\/exito-total-en-el-4-seminario-de-mineria-en-el-maule\/\" target=\"_blank\" rel=\"noopener noreferrer\" data-auth=\"NotApplicable\" data-linkindex=\"25\">\u00c9xito total en el 4\u00b0 Seminario de Miner\u00eda en el Maule. Se menciona la Universidad de Talca.<\/a><\/div>\t\t\t\t\t\t<\/div>\n\t\t\t\t<\/div>\n\t\t\t\t\t<\/div>\n\t\t<\/div>\n\t\t\t\t\t\t\t<\/div>\n\t\t<\/section>\n\t\t\t\t\t\t<\/div>\n\t\t\t\t\t<\/div>\n\t\t","protected":false},"excerpt":{"rendered":"<p>EL DESCONCIERTODe Talca a la COP30 en Brasil: Proyecto universitario busca aportar a la seguridad alimentaria a escala mundial. Se refiere Carlos Torres Fuchslocher, rector y Andrea Barrera, acad\u00e9mica del Departamento de Microbiolog\u00eda.\u00a0LA TERCERA ONLINECopago: el gran nudo del FES mantiene divididos a gobierno y rectores, que tienen su propia disputa. Se refiere Carlos Torres &hellip;<\/p>\n<p class=\"read-more\"> <a class=\"\" href=\"https:\/\/www.reportedeprensa.utalca.cl\/?p=12480\"> <span class=\"screen-reader-text\">03 de septiembre 2025<\/span> Read More &raquo;<\/a><\/p>\n","protected":false},"author":1,"featured_media":0,"comment_status":"closed","ping_status":"open","sticky":false,"template":"","format":"standard","meta":{"_monsterinsights_skip_tracking":false,"_monsterinsights_sitenote_active":false,"_monsterinsights_sitenote_note":"","_monsterinsights_sitenote_category":0},"categories":[63],"tags":[],"_links":{"self":[{"href":"https:\/\/www.reportedeprensa.utalca.cl\/index.php?rest_route=\/wp\/v2\/posts\/12480"}],"collection":[{"href":"https:\/\/www.reportedeprensa.utalca.cl\/index.php?rest_route=\/wp\/v2\/posts"}],"about":[{"href":"https:\/\/www.reportedeprensa.utalca.cl\/index.php?rest_route=\/wp\/v2\/types\/post"}],"author":[{"embeddable":true,"href":"https:\/\/www.reportedeprensa.utalca.cl\/index.php?rest_route=\/wp\/v2\/users\/1"}],"replies":[{"embeddable":true,"href":"https:\/\/www.reportedeprensa.utalca.cl\/index.php?rest_route=%2Fwp%2Fv2%2Fcomments&post=12480"}],"version-history":[{"count":4,"href":"https:\/\/www.reportedeprensa.utalca.cl\/index.php?rest_route=\/wp\/v2\/posts\/12480\/revisions"}],"predecessor-version":[{"id":12484,"href":"https:\/\/www.reportedeprensa.utalca.cl\/index.php?rest_route=\/wp\/v2\/posts\/12480\/revisions\/12484"}],"wp:attachment":[{"href":"https:\/\/www.reportedeprensa.utalca.cl\/index.php?rest_route=%2Fwp%2Fv2%2Fmedia&parent=12480"}],"wp:term":[{"taxonomy":"category","embeddable":true,"href":"https:\/\/www.reportedeprensa.utalca.cl\/index.php?rest_route=%2Fwp%2Fv2%2Fcategories&post=12480"},{"taxonomy":"post_tag","embeddable":true,"href":"https:\/\/www.reportedeprensa.utalca.cl\/index.php?rest_route=%2Fwp%2Fv2%2Ftags&post=12480"}],"curies":[{"name":"wp","href":"https:\/\/api.w.org\/{rel}","templated":true}]}}