{"id":12495,"date":"2025-09-04T11:49:23","date_gmt":"2025-09-04T14:49:23","guid":{"rendered":"https:\/\/www.reportedeprensa.utalca.cl\/?p=12495"},"modified":"2025-09-04T11:49:53","modified_gmt":"2025-09-04T14:49:53","slug":"04-de-septiembre-2025","status":"publish","type":"post","link":"https:\/\/www.reportedeprensa.utalca.cl\/?p=12495","title":{"rendered":"04 de septiembre 2025"},"content":{"rendered":"\t\t<div data-elementor-type=\"wp-post\" data-elementor-id=\"12495\" class=\"elementor elementor-12495\" data-elementor-settings=\"[]\">\n\t\t\t\t\t\t\t<div class=\"elementor-section-wrap\">\n\t\t\t\t\t\t\t<section class=\"elementor-section elementor-top-section elementor-element elementor-element-bcea1a8 elementor-section-boxed elementor-section-height-default elementor-section-height-default\" data-id=\"bcea1a8\" data-element_type=\"section\">\n\t\t\t\t\t\t<div class=\"elementor-container elementor-column-gap-default\">\n\t\t\t\t\t<div class=\"elementor-column elementor-col-100 elementor-top-column elementor-element elementor-element-e7183bf\" data-id=\"e7183bf\" data-element_type=\"column\">\n\t\t\t<div class=\"elementor-widget-wrap elementor-element-populated\">\n\t\t\t\t\t\t\t\t<div class=\"elementor-element elementor-element-bab4eb9 elementor-widget elementor-widget-text-editor\" data-id=\"bab4eb9\" data-element_type=\"widget\" data-widget_type=\"text-editor.default\">\n\t\t\t\t<div class=\"elementor-widget-container\">\n\t\t\t\t\t\t\t\t<div><b data-olk-copy-source=\"MailCompose\">EL MOSTRADOR<\/b>\u00a0<br \/><a id=\"OWA4a98b030-e7a6-7200-0b56-f002f25ab60a\" class=\"Hyperlink SCXW165470956 BCX0 OWAAutoLink\" href=\"https:\/\/www.elmostrador.cl\/agenda-pais\/educacion\/2025\/09\/03\/utalca-postgrado-con-excelencia-academica-becas-y-foco-en-internacionalizacion\/\" target=\"_blank\" rel=\"noreferrer noopener\">Postgrado con excelencia acad\u00e9mica, becas y foco en internacionalizaci\u00f3n. Se refiere Carlos Torres Fuchslocher, rector y Sergio Wehinger, director de Postgrado.<\/a>\u00a0<\/div><div>\u00a0<\/div><div><b>PUBLIMICRO<\/b>\u00a0<br \/><a id=\"OWA41e06e7d-8aa2-a2f3-287a-2cad9b1c3e70\" class=\"Hyperlink SCXW165470956 BCX0 OWAAutoLink\" href=\"https:\/\/publimicro.cl\/postgrado-utalca-excelencia-academica-becas-y-foco-en-internacionalizacion-es-la-propuesta-de-esta-casa-de-estudios-superiores\/\" target=\"_blank\" rel=\"noreferrer noopener\">Postgrado UTalca: Excelencia acad\u00e9mica, becas y foco en internacionalizaci\u00f3n, es la propuesta de esta casa de estudios superiores. Se refiere Carlos Torres Fuchslocher, rector y Sergio Wehinger, director de Postgrado.<\/a>\u00a0<\/div><div>\u00a0<\/div><div><b>EL LECTOR<\/b>\u00a0<br \/><a id=\"OWAa13037fb-8132-4c52-be7d-4a9ab5903cd9\" class=\"Hyperlink SCXW165470956 BCX0 OWAAutoLink\" href=\"https:\/\/www.litoralpress.cl\/paginaconsultas\/Servicios_NClipWeb\/Get_Imagen_Nota.aspx?LPKey=PEG5GHDEDB7U57ZU2J65CYHGFG7XGYLODGKVWUXWB2LFKRTICW6DB64W6WQAJAOAQ7YPSOEYYYRR2\" target=\"_blank\" rel=\"noreferrer noopener\">Postgrado UTalca: excelencia acad\u00e9mica, becas y foco en internacionalizaci\u00f3n. Se refiere Carlos Torres Fuchslocher, rector y Sergio Wehinger, director de Postgrado.<\/a><\/div><div>\u00a0<\/div><div><b>LA TERCERA ONLINE<\/b>\u00a0<br \/><a id=\"OWA81634b47-b816-d7bb-b411-9ddb6255340f\" class=\"Hyperlink SCXW165470956 BCX0 OWAAutoLink\" href=\"https:\/\/www.latercera.com\/lt-board\/noticia\/las-multiples-razones-que-han-llevado-al-grave-aumento-de-la-violencia-escolar-en-chile\/\" target=\"_blank\" rel=\"noreferrer noopener\">Las m\u00faltiples razones que han llevado al grave aumento de la violencia escolar en Chile. Se refiere Carolina Iturra, decana de la Facultad de Psicolog\u00eda.<\/a>\u00a0<\/div><div>\u00a0<\/div><div><b>CANAL CNN<\/b>\u00a0<br \/><a id=\"OWA4ac86312-ca0c-a00f-cd7c-8fe1486d001c\" class=\"Hyperlink SCXW165470956 BCX0 OWAAutoLink\" href=\"https:\/\/www.litoralpress.cl\/sitio\/RadioTV_Detalles.cshtml?LPKey=BS4CZ2DPRVYH6OD76ITJVCGDDR5PLQAJO3BHRLD2TWTP6PTQWTJOE2D54YFH7FCBXWEULITWZ5KH6\" target=\"_blank\" rel=\"noreferrer noopener\">Cay\u00f3 la venta de autos despu\u00e9s de 5 meses de alza. Se refiere Juan Luis Ar\u00e9valo, acad\u00e9mico de la Facultad de Econom\u00eda y Negocios.<\/a>\u00a0<\/div><div>\u00a0<\/div><div><b>PORTALEDUCA<\/b>\u00a0<br \/><a id=\"OWAd4cf075c-7b3d-4cfd-dc02-58ab013f27f9\" class=\"Hyperlink SCXW165470956 BCX0 OWAAutoLink\" href=\"https:\/\/portaleduca.cl\/radiografia-de-directores-escolares-en-chile-mas-mujeres-mayor-formacion-y-alta-rotacion\/\" target=\"_blank\" rel=\"noreferrer noopener\">Radiograf\u00eda de directores escolares en Chile: m\u00e1s mujeres, mayor formaci\u00f3n y alta rotaci\u00f3n. Se refiere Mauricio Veliz, decano de la Facultad de Ciencias de la Educaci\u00f3n\u202fy Sebasti\u00e1n Donoso, acad\u00e9mica Centro de Investigaci\u00f3n de Desarrollo Educacional (CIDE UTalca).<\/a>\u00a0<\/div><div>\u00a0<\/div><div><b>LA NOTICIA<\/b>\u00a0<br \/><a id=\"OWA78d4fd20-1ab4-af97-9ac9-e91d6abd847b\" class=\"Hyperlink SCXW165470956 BCX0 OWAAutoLink\" href=\"https:\/\/lanoticia.cl\/radiografia-de-directores-escolares-en-chile-mas-mujeres-mayor-formacion-y-alta-rotacion\/\" target=\"_blank\" rel=\"noreferrer noopener\">Radiograf\u00eda de directores escolares en Chile: m\u00e1s mujeres, mayor formaci\u00f3n y alta rotaci\u00f3n. Se refiere Mauricio Veliz, decano de la Facultad de Ciencias de la Educaci\u00f3n\u202fy Sebasti\u00e1n Donoso, acad\u00e9mica Centro de Investigaci\u00f3n de Desarrollo Educacional (CIDE UTalca).<\/a>\u00a0<\/div><div>\u00a0<\/div><div><b>MEDIABANCO<\/b>\u00a0<br \/><a id=\"OWA75d457d7-28f0-c1c0-16d4-904230a18293\" class=\"Hyperlink SCXW165470956 BCX0 OWAAutoLink\" href=\"https:\/\/www.mediabanco.com\/radiografia-de-directores-escolares-en-chile-mas-mujeres-mayor-formacion-y-alta-rotacion\/\" target=\"_blank\" rel=\"noreferrer noopener\">Radiograf\u00eda de directores escolares en Chile: m\u00e1s mujeres, mayor formaci\u00f3n y alta rotaci\u00f3n. Se refiere Mauricio Veliz, decano de la Facultad de Ciencias de la Educaci\u00f3n\u202fy Sebasti\u00e1n Donoso, acad\u00e9mica Centro de Investigaci\u00f3n de Desarrollo Educacional (CIDE UTalca).<\/a>\u00a0<\/div><div>\u00a0<\/div><div><b>ADPRENSA<\/b>\u00a0<br \/><a id=\"OWAc38ece60-95f3-2854-6407-272ac76467b2\" class=\"Hyperlink SCXW165470956 BCX0 OWAAutoLink\" href=\"https:\/\/www.adprensa.cl\/cronica\/radiografia-de-directores-escolares-en-chile-mas-mujeres-mayor-formacion-y-alta-rotacion\/\" target=\"_blank\" rel=\"noreferrer noopener\">Radiograf\u00eda de directores escolares en Chile: m\u00e1s mujeres, mayor formaci\u00f3n y alta rotaci\u00f3n. Se refiere Mauricio Veliz, decano de la Facultad de Ciencias de la Educaci\u00f3n\u202fy Sebasti\u00e1n Donoso, acad\u00e9mica Centro de Investigaci\u00f3n de Desarrollo Educacional (CIDE UTalca).<\/a>\u00a0<\/div><div>\u00a0<\/div><div><b>S\u00c9PTIMA REGI\u00d3N NOTICIAS<\/b>\u00a0<br \/><a id=\"OWA421d4362-4c53-17a5-4b06-2925a5472e0f\" class=\"Hyperlink SCXW165470956 BCX0 OWAAutoLink\" href=\"https:\/\/www.septimapaginanoticias.cl\/utalca-envia-a-futuros-profesores-a-experiencia-formativa-en-finlandia-y-noruega\" target=\"_blank\" rel=\"noreferrer noopener\">UTalca env\u00eda a futuros profesores a experiencia formativa en Finlandia y Noruega. Se refiere Mauricio V\u00e9liz, decano de la Facultad de Ciencias de la Educaci\u00f3n y Katherine N\u00fa\u00f1ez, jefa de Movilidad Estudiantil Internacional.<\/a>\u00a0<br \/>\u00a0<br \/><b>EL HERALDO<\/b>\u00a0<br \/><a id=\"OWA2ca0aa37-6bc6-8b8c-5c9b-4b71f1fa36af\" class=\"Hyperlink SCXW165470956 BCX0 OWAAutoLink\" href=\"https:\/\/www.litoralpress.cl\/paginaconsultas\/Servicios_NClipWeb\/Get_Imagen_Nota.aspx?LPKey=5H33VKUUHRDOQOJDGOGDOHAEXMLHPAIWS7KOKJ4DLSQVVGATZIZ3DVYRUMYZ2L3QJ7XJOBVJRLPMO\" target=\"_blank\" rel=\"noreferrer noopener\">De la sala de clases al impacto real: estudiantes convierten sus tesis en proyectos innovadores. Se refiere Marcela Gonz\u00e1lez Araya, decana de la Facultad de Ingenier\u00eda<\/a>\u00a0<\/div><div>\u00a0<\/div><div><b>DIARIO EL HERALDO<\/b>\u00a0<br \/><a id=\"OWAd707e251-79d7-3666-3238-b55abb6e25e1\" class=\"Hyperlink SCXW165470956 BCX0 OWAAutoLink\" href=\"https:\/\/www.diarioelheraldo.cl\/noticia\/de-la-sala-de-clases-al-impacto-real-estudiantes-convierten-sus-tesis-en-proyectos-innovadores\" target=\"_blank\" rel=\"noreferrer noopener\">De la sala de clases al impacto real: estudiantes convierten sus tesis en proyectos innovadores. Se refiere Marcela Gonz\u00e1lez Araya, decana de la Facultad de Ingenier\u00eda<\/a>\u00a0<\/div><div>\u00a0<\/div><div><b>ADPRENSA<\/b>\u00a0<br \/><a id=\"OWA6c21fc64-c138-cb9b-cb48-a9709619c517\" class=\"Hyperlink SCXW165470956 BCX0 OWAAutoLink\" href=\"https:\/\/www.adprensa.cl\/cronica\/de-la-sala-de-clases-al-impacto-real-estudiantes-convierten-sus-tesis-en-proyectos-innovadores-2\/\" target=\"_blank\" rel=\"noreferrer noopener\">De la sala de clases al impacto real: estudiantes convierten sus tesis en proyectos innovadores. Se refiere Marcela Gonz\u00e1lez Araya, decana de la Facultad de Ingenier\u00eda.<\/a>\u00a0<\/div><div>\u00a0<\/div><div><b>PORTALEDUCA<\/b>\u00a0<br \/><a id=\"OWAa26c7512-1b40-5b9e-e3df-095bcb35995c\" class=\"Hyperlink SCXW165470956 BCX0 OWAAutoLink\" href=\"https:\/\/portaleduca.cl\/de-la-sala-de-clases-al-impacto-real-estudiantes-convierten-sus-tesis-en-proyectos-innovadores\/\" target=\"_blank\" rel=\"noreferrer noopener\">De la sala de clases al impacto real: estudiantes convierten sus tesis en proyectos innovadores, Se refiere Marcela Gonz\u00e1lez Araya, decana de la Facultad de Ingenier\u00eda<\/a>\u00a0<\/div><div>\u00a0<\/div><div><b>TIERRA AMARILLANO<\/b>\u00a0<br \/><a id=\"OWAc6eb3ba8-0bbc-bb4e-2dc0-1d8b863c1b85\" class=\"Hyperlink SCXW165470956 BCX0 OWAAutoLink\" href=\"https:\/\/tierramarillano.cl\/2025\/09\/03\/de-la-sala-de-clases-al-impacto-real-estudiantes-convierten-sus-tesis-en-proyectos-innovadores\/\" target=\"_blank\" rel=\"noreferrer noopener\">De la sala de clases al impacto real: estudiantes convierten sus tesis en proyectos innovadores. Se refiere Marcela Gonz\u00e1lez Araya, decana de la Facultad de Ingenier\u00eda.<\/a>\u00a0\u00a0<\/div><div>\u00a0<\/div><div><b>DIARIO LAPRENSA<\/b>\u00a0<br \/><a id=\"OWA372eef8b-4faf-d8f3-0048-9b2e2a9f226d\" class=\"Hyperlink SCXW165470956 BCX0 OWAAutoLink\" href=\"https:\/\/new.diariolaprensa.cl\/index.php\/2025\/09\/03\/dos-candidaturas-a-diputados-y-una-postulacion-al-senado-por-el-maule-rechazadas-por-servicio-electoral\/\" target=\"_blank\" rel=\"noreferrer noopener\">Dos candidaturas a diputados y una postulaci\u00f3n al Senado por el Maule rechazadas por Servicio Electoral. Se refiere Mario Herrera Mu\u00f1oz, acad\u00e9mico del Centro de An\u00e1lisis Pol\u00edtico (CAP-UTalca).<\/a>\u00a0<\/div><div>\u00a0<\/div><div><b>EMOL<\/b>\u00a0<br \/><a id=\"OWA3af5d4cf-06ec-8a24-4c9e-f583e52799ae\" class=\"Hyperlink SCXW165470956 BCX0 OWAAutoLink\" href=\"https:\/\/www.emol.com\/noticias\/Nacional\/2025\/09\/03\/1176788\/nuevo-eslogan-campana-matthei.html\" target=\"_blank\" rel=\"noreferrer noopener\">&#8216;Chile, un solo equipo&#8217;: \u00bfA qu\u00e9 apunta el nuevo eslogan de Matthei y el relanzamiento de su campa\u00f1a? Se refiere Mauricio Morales Quiroga, director del Centro de an\u00e1lisis Pol\u00edtico (CAP-UTalca)<\/a>\u00a0<\/div><div>\u00a0<\/div><div><b>MAULE HOY<\/b>\u00a0<br \/><a id=\"OWA96c7be11-86c3-7b9d-42a1-d1d1ecb240cd\" class=\"Hyperlink SCXW165470956 BCX0 OWAAutoLink\" href=\"https:\/\/www.litoralpress.cl\/paginaconsultas\/Servicios_NClipWeb\/Get_Imagen_Nota.aspx?LPKey=37TIJVM6YVDLHEFQ4INW67WJ4NFVIJKBIPSSZU23CVHJDHN5K4DVZUII4FSYTNPWNCU63LNYZZR5O\" target=\"_blank\" rel=\"noreferrer noopener\">Diversidad de Mujeres concluyen 2do. componente del Programa Mujer, Participaci\u00f3n Pol\u00edtica y Social de SernamEG. Se refiere Mar\u00eda Natalia V\u00e9liz, directora de G\u00e9nero.<\/a>v\u00a0<\/div><div>\u00a0<\/div><div><b>MAULE NEWS<\/b>\u00a0<br \/><a id=\"OWAdd9d04a2-4462-0947-759a-73fc993003d1\" class=\"Hyperlink SCXW165470956 BCX0 OWAAutoLink\" href=\"https:\/\/www.maulenews.com\/2025\/09\/cambio-de-hora-que-impacto-tiene-en-la.html\" target=\"_blank\" rel=\"noreferrer noopener\">Cambio de hora: \u00bfQu\u00e9 impacto tiene en la salud y el bienestar emocional? Se refiere Roberto Ferreiro, acad\u00e9mico de la Facultad de Ciencias de la Educaci\u00f3n.<\/a>\u00a0<\/div><div>\u00a0<\/div><div><b>UNIVERSIDAD CAT\u00d3LICA DEL MAULE<\/b>\u00a0<br \/><a id=\"OWA3bec92e9-134c-6732-d50c-793544b11aba\" class=\"Hyperlink SCXW165470956 BCX0 OWAAutoLink\" href=\"https:\/\/portal.ucm.cl\/noticias\/ucm-fortalece-apoyo-la-comunidad-taller-habilidades-parentales\" target=\"_blank\" rel=\"noreferrer noopener\">UCM fortalece el apoyo a la comunidad con taller de habilidades parentales. Se menciona la Universidad de Talca.<\/a>\u00a0<\/div><div>\u00a0<\/div><div><b>EL MAULE INFORMA<\/b>\u00a0<br \/><a id=\"OWAfd215911-ecee-16f8-6af2-975cb9486022\" class=\"Hyperlink SCXW165470956 BCX0 OWAAutoLink\" href=\"https:\/\/elmauleinforma.cl\/joven-curicana-obtiene-prestigiosa-beca-de-la-fundacion-carolina-para-cursar-master-en-ingenieria-ambiental-en-espana\/\" target=\"_blank\" rel=\"noreferrer noopener\">Joven curicana obtiene prestigiosa beca de la Fundaci\u00f3n Carolina para cursar M\u00e1ster en Ingenier\u00eda Ambiental en Espa\u00f1a. Se menciona la Universidad de Talca.<\/a>\u00a0<\/div><div>\u00a0<\/div><div><b>UBIOBIO<\/b>\u00a0<br \/><a id=\"OWA0289044b-58fe-3dc3-fa43-719929313fd4\" class=\"Hyperlink SCXW165470956 BCX0 OWAAutoLink\" href=\"https:\/\/noticias.ubiobio.cl\/2025\/09\/03\/comision-presento-avances-de-propuesta-de-reglamento-de-carrera-administrativa-en-reunion-con-el-rector\/\" target=\"_blank\" rel=\"noreferrer noopener\">Comisi\u00f3n present\u00f3 avances de propuesta de reglamento de carrera administrativa. Se menciona la Universidad de Talca.<\/a>\u00a0<\/div><div>\u00a0<\/div><div><b>SOMOS MAULE<\/b>\u00a0<br \/><a id=\"OWA227c5c69-d85f-e33e-ea23-cfb6f7e6eb43\" class=\"Hyperlink SCXW165470956 BCX0 OWAAutoLink\" href=\"http:\/\/somosmaule.cl\/publico\/ficha\/ficha.aspx?i=92841\" target=\"_blank\" rel=\"noreferrer noopener\">Joven curicana obtiene prestigiosa beca de la Fundaci\u00f3n Carolina para cursar M\u00e1ster en Ingenier\u00eda Ambiental en Espa\u00f1a. Se menciona la Universidad de Talca.<\/a>\u00a0<\/div><div>\u00a0<\/div><div><b>NOTICIAS UDEC<\/b>\u00a0<br \/><a id=\"OWAb90bae3f-9dc6-871f-528d-6144e60852b8\" class=\"Hyperlink SCXW165470956 BCX0 OWAAutoLink\" href=\"https:\/\/noticias.udec.cl\/grupo-de-investigacion-de-ficolab-udec-obtiene-reconocimiento-internacional-en-congreso-iberoamericano-de-biotecnologia-algal\/\" target=\"_blank\" rel=\"noreferrer noopener\">Grupo de investigaci\u00f3n de Ficolab UdeC obtiene reconocimiento internacional en Congreso Iberoamericano de Biotecnolog\u00eda Algal. Se menciona la Universidad de Talca.<\/a>\u00a0<\/div>\t\t\t\t\t\t<\/div>\n\t\t\t\t<\/div>\n\t\t\t\t\t<\/div>\n\t\t<\/div>\n\t\t\t\t\t\t\t<\/div>\n\t\t<\/section>\n\t\t\t\t\t\t<\/div>\n\t\t\t\t\t<\/div>\n\t\t","protected":false},"excerpt":{"rendered":"<p>EL MOSTRADOR\u00a0Postgrado con excelencia acad\u00e9mica, becas y foco en internacionalizaci\u00f3n. Se refiere Carlos Torres Fuchslocher, rector y Sergio Wehinger, director de Postgrado.\u00a0\u00a0PUBLIMICRO\u00a0Postgrado UTalca: Excelencia acad\u00e9mica, becas y foco en internacionalizaci\u00f3n, es la propuesta de esta casa de estudios superiores. Se refiere Carlos Torres Fuchslocher, rector y Sergio Wehinger, director de Postgrado.\u00a0\u00a0EL LECTOR\u00a0Postgrado UTalca: excelencia acad\u00e9mica, &hellip;<\/p>\n<p class=\"read-more\"> <a class=\"\" href=\"https:\/\/www.reportedeprensa.utalca.cl\/?p=12495\"> <span class=\"screen-reader-text\">04 de septiembre 2025<\/span> Read More &raquo;<\/a><\/p>\n","protected":false},"author":1,"featured_media":0,"comment_status":"closed","ping_status":"open","sticky":false,"template":"","format":"standard","meta":{"_monsterinsights_skip_tracking":false,"_monsterinsights_sitenote_active":false,"_monsterinsights_sitenote_note":"","_monsterinsights_sitenote_category":0},"categories":[63],"tags":[],"_links":{"self":[{"href":"https:\/\/www.reportedeprensa.utalca.cl\/index.php?rest_route=\/wp\/v2\/posts\/12495"}],"collection":[{"href":"https:\/\/www.reportedeprensa.utalca.cl\/index.php?rest_route=\/wp\/v2\/posts"}],"about":[{"href":"https:\/\/www.reportedeprensa.utalca.cl\/index.php?rest_route=\/wp\/v2\/types\/post"}],"author":[{"embeddable":true,"href":"https:\/\/www.reportedeprensa.utalca.cl\/index.php?rest_route=\/wp\/v2\/users\/1"}],"replies":[{"embeddable":true,"href":"https:\/\/www.reportedeprensa.utalca.cl\/index.php?rest_route=%2Fwp%2Fv2%2Fcomments&post=12495"}],"version-history":[{"count":4,"href":"https:\/\/www.reportedeprensa.utalca.cl\/index.php?rest_route=\/wp\/v2\/posts\/12495\/revisions"}],"predecessor-version":[{"id":12499,"href":"https:\/\/www.reportedeprensa.utalca.cl\/index.php?rest_route=\/wp\/v2\/posts\/12495\/revisions\/12499"}],"wp:attachment":[{"href":"https:\/\/www.reportedeprensa.utalca.cl\/index.php?rest_route=%2Fwp%2Fv2%2Fmedia&parent=12495"}],"wp:term":[{"taxonomy":"category","embeddable":true,"href":"https:\/\/www.reportedeprensa.utalca.cl\/index.php?rest_route=%2Fwp%2Fv2%2Fcategories&post=12495"},{"taxonomy":"post_tag","embeddable":true,"href":"https:\/\/www.reportedeprensa.utalca.cl\/index.php?rest_route=%2Fwp%2Fv2%2Ftags&post=12495"}],"curies":[{"name":"wp","href":"https:\/\/api.w.org\/{rel}","templated":true}]}}