{"id":12503,"date":"2025-09-05T11:55:49","date_gmt":"2025-09-05T14:55:49","guid":{"rendered":"https:\/\/www.reportedeprensa.utalca.cl\/?p=12503"},"modified":"2025-09-05T12:04:25","modified_gmt":"2025-09-05T15:04:25","slug":"05-de-septiembre-2025","status":"publish","type":"post","link":"https:\/\/www.reportedeprensa.utalca.cl\/?p=12503","title":{"rendered":"05 de septiembre 2025"},"content":{"rendered":"\t\t<div data-elementor-type=\"wp-post\" data-elementor-id=\"12503\" class=\"elementor elementor-12503\" data-elementor-settings=\"[]\">\n\t\t\t\t\t\t\t<div class=\"elementor-section-wrap\">\n\t\t\t\t\t\t\t<section class=\"elementor-section elementor-top-section elementor-element elementor-element-bcea1a8 elementor-section-boxed elementor-section-height-default elementor-section-height-default\" data-id=\"bcea1a8\" data-element_type=\"section\">\n\t\t\t\t\t\t<div class=\"elementor-container elementor-column-gap-default\">\n\t\t\t\t\t<div class=\"elementor-column elementor-col-100 elementor-top-column elementor-element elementor-element-e7183bf\" data-id=\"e7183bf\" data-element_type=\"column\">\n\t\t\t<div class=\"elementor-widget-wrap elementor-element-populated\">\n\t\t\t\t\t\t\t\t<div class=\"elementor-element elementor-element-4ae0cda elementor-widget elementor-widget-text-editor\" data-id=\"4ae0cda\" data-element_type=\"widget\" data-widget_type=\"text-editor.default\">\n\t\t\t\t<div class=\"elementor-widget-container\">\n\t\t\t\t\t\t\t\t<div><b data-olk-copy-source=\"MessageBody\">EL MERCURIO<\/b>\u00a0<br \/><a id=\"OWAc5d83e6f-b044-08d0-509e-7ac2b719a3e7\" title=\"https:\/\/www.litoralpress.cl\/paginaconsultas\/Servicios_NClipWeb\/Get_Imagen_Nota.aspx?LPKey=OVI5R5YPPYOZKOZ6PU2H2LHKAXPPJN36EKFWHMM3PFFMKBDWPSLBKXRBPKNR4Q6CKRBHQVSO4SH2Y\" href=\"https:\/\/www.litoralpress.cl\/paginaconsultas\/Servicios_NClipWeb\/Get_Imagen_Nota.aspx?LPKey=OVI5R5YPPYOZKOZ6PU2H2LHKAXPPJN36EKFWHMM3PFFMKBDWPSLBKXRBPKNR4Q6CKRBHQVSO4SH2Y\" target=\"_blank\" rel=\"noopener noreferrer\" data-auth=\"NotApplicable\" data-linkindex=\"0\">Uni\u00f3n Europea reconoce a talquina por crear dispositivo para personas ciegas. Se refiere Silvana Herrera, acad\u00e9mica de la Escuela de Ingenieria en Video Juegos y Realidad Virtual.<\/a> \u00a0\u00a0<\/div><div><b>G5 NOTICIA<\/b>\u00a0<br \/><a id=\"OWA90f62253-8345-c65d-6277-84617b9efd5f\" title=\"https:\/\/g5noticias.cl\/2025\/09\/04\/inventora-chilena-gana-premio-de-la-union-europea-con-su-invento-innovador-que-da-autonomia-a-personas-con-discapacidad-visual\/\" href=\"https:\/\/g5noticias.cl\/2025\/09\/04\/inventora-chilena-gana-premio-de-la-union-europea-con-su-invento-innovador-que-da-autonomia-a-personas-con-discapacidad-visual\/\" target=\"_blank\" rel=\"noopener noreferrer\" data-auth=\"NotApplicable\" data-linkindex=\"1\">Inventora chilena gana premio de la Uni\u00f3n Europea con su invento innovador que da autonom\u00eda a personas con discapacidad visual. Se refiere Silvana Herrera, acad\u00e9mica de la Escuela de ingenier\u00eda en Video Juegos y Realidad Virtual.<\/a>\u00a0<\/div><div>\u00a0<\/div><div><b>CANAL CNN <\/b>\u00a0<br \/><a id=\"OWA2b6aba93-4822-4b1c-7fa9-da60ab9cd94c\" title=\"https:\/\/www.litoralpress.cl\/sitio\/RadioTV_Detalles.cshtml?LPKey=IA3ZLT7INRZXC2S2RGGP3CXJH6OBOMJQA4NTZCV3D2MRXQKTGQOQ6G33XQ7WQDKVCN4GM2I6FYJVS\" href=\"https:\/\/www.litoralpress.cl\/sitio\/RadioTV_Detalles.cshtml?LPKey=IA3ZLT7INRZXC2S2RGGP3CXJH6OBOMJQA4NTZCV3D2MRXQKTGQOQ6G33XQ7WQDKVCN4GM2I6FYJVS\" target=\"_blank\" rel=\"noopener noreferrer\" data-auth=\"NotApplicable\" data-linkindex=\"2\">Cae venta de veh\u00edculos despu\u00e9s de cinco meses. Se refiere Juan Luis Ar\u00e9valo, acad\u00e9mico de la Facultad de Econom\u00eda y Negocios.<\/a>\u00a0<\/div><div>\u00a0<\/div><div><b>EL HERALDO<\/b>\u00a0<br \/><a id=\"OWA9bf4f153-b6bb-03f2-cfed-d55b9d8a28a5\" title=\"https:\/\/www.litoralpress.cl\/paginaconsultas\/Servicios_NClipWeb\/Get_Imagen_Nota.aspx?LPKey=JNG54SFA7NNKF56DIELVKRIEETVHHXTWTBOMQY4XFNKOLVGPSGMCMUD5QT4V7YMGLUNLVLFWHRAUK\" href=\"https:\/\/www.litoralpress.cl\/paginaconsultas\/Servicios_NClipWeb\/Get_Imagen_Nota.aspx?LPKey=JNG54SFA7NNKF56DIELVKRIEETVHHXTWTBOMQY4XFNKOLVGPSGMCMUD5QT4V7YMGLUNLVLFWHRAUK\" target=\"_blank\" rel=\"noopener noreferrer\" data-auth=\"NotApplicable\" data-linkindex=\"3\">Postgrado UTalca: excelencia acad\u00e9mica, becas y foco en internacionalizaci\u00f3n. Se refiere Carlos Torres Fuchslocher, rector y Sergio Wehinger, director de Postgrado.<\/a>\u00a0<\/div><div>\u00a0<\/div><div><b>RADIO ANCOA<\/b>\u00a0<br \/><a id=\"OWAf0fc7495-55e2-72bd-90c0-234ddfd02caa\" title=\"https:\/\/www.radioancoa.cl\/categoria\/regional\/postgrado-utalca-excelencia-academica-becas-internacionalizacion\" href=\"https:\/\/www.radioancoa.cl\/categoria\/regional\/postgrado-utalca-excelencia-academica-becas-internacionalizacion\" target=\"_blank\" rel=\"noopener noreferrer\" data-auth=\"NotApplicable\" data-linkindex=\"4\">Postgrado UTalca: excelencia acad\u00e9mica y becas para internacionalizaci\u00f3n. Se refiere Carlos Torres Fuchslocher, rector y Sergio Wehinger, director de Postgrado.<\/a><\/div><div>\u00a0<\/div><div><b>DIARIO EL HERALDO<\/b>\u00a0<br \/><a id=\"OWA8d79c155-1a10-ab72-cc32-3957016330fa\" title=\"https:\/\/www.diarioelheraldo.cl\/noticia\/postgrado-utalca-excelencia-academica-becas-y-foco-en-internacionalizacion\" href=\"https:\/\/www.diarioelheraldo.cl\/noticia\/postgrado-utalca-excelencia-academica-becas-y-foco-en-internacionalizacion\" target=\"_blank\" rel=\"noopener noreferrer\" data-auth=\"NotApplicable\" data-linkindex=\"5\">Postgrado UTalca: excelencia acad\u00e9mica y becas para internacionalizaci\u00f3n. Se refiere Carlos Torres Fuchslocher, rector y Sergio Wehinger, director de Postgrado.<\/a><\/div><div>\u00a0<\/div><div><b>RADIO CAMILA TV<\/b>\u00a0<br \/><a id=\"OWAcc8ee43e-8be9-12ba-426a-c7fa83b0f111\" title=\"https:\/\/www.radiocamilatv.cl\/portal\/views\/noticia.php?codNoticia=MTk0NjE=\" href=\"https:\/\/www.radiocamilatv.cl\/portal\/views\/noticia.php?codNoticia=MTk0NjE=\" target=\"_blank\" rel=\"noopener noreferrer\" data-auth=\"NotApplicable\" data-linkindex=\"6\">FES: Expertos llaman a revisar proyecciones del Gobierno calificadas de \u201cextremadamente optimistas\u201d. Se refiere Carlos Torres Fuchslocher, rector.<\/a>\u00a0<\/div><div>\u00a0<\/div><div><b>MEDIABANCO<\/b>\u00a0<br \/><a id=\"OWAfe9d50eb-6eac-139e-a639-ce1696367a80\" title=\"https:\/\/www.mediabanco.com\/estudio-detecta-que-personas-mayores-en-chile-tienen-solo-un-amigo-cercano\/\" href=\"https:\/\/www.mediabanco.com\/estudio-detecta-que-personas-mayores-en-chile-tienen-solo-un-amigo-cercano\/\" target=\"_blank\" rel=\"noopener noreferrer\" data-auth=\"NotApplicable\" data-linkindex=\"7\">Estudio detecta que personas mayores en Chile tienen solo un amigo cercano. Se refiere Iv\u00e1n Palomo Gonz\u00e1lez, director del Centro de Longevidad Vitalis y Emilio Moyano D\u00edaz, Facultad de Psicolog\u00eda.<\/a>\u00a0<\/div><div>\u00a0<\/div><div><b>RADIO ALLEN<\/b>\u00a0<br \/><a id=\"OWAdca52cfa-6dad-3845-3cde-45e46a9d96aa\" title=\"https:\/\/radioallen.cl\/envejecimiento-saludable-estudio-detecta-que-personas-mayores-en-chile-tienen-solo-un-amigo-cercano\/\" href=\"https:\/\/radioallen.cl\/envejecimiento-saludable-estudio-detecta-que-personas-mayores-en-chile-tienen-solo-un-amigo-cercano\/\" target=\"_blank\" rel=\"noopener noreferrer\" data-auth=\"NotApplicable\" data-linkindex=\"8\">Envejecimiento Saludable: Estudio detecta que personas mayores en Chile tienen solo un amigo cercano. Se refiere Iv\u00e1n Palomo Gonz\u00e1lez, director del Centro de Longevidad Vitalis y Emilio Moyano D\u00edaz, Facultad de Psicolog\u00eda.<\/a>\u00a0<\/div><div>\u00a0<\/div><div><b>EL MAULE INFORMA<\/b>\u00a0<br \/><a id=\"OWAedf862fc-1f84-4ff7-ddbf-dc44eb2053ee\" title=\"https:\/\/elmauleinforma.cl\/estudio-detecta-que-personas-mayores-en-chile-tienen-solo-un-amigo-cercano\/\" href=\"https:\/\/elmauleinforma.cl\/estudio-detecta-que-personas-mayores-en-chile-tienen-solo-un-amigo-cercano\/\" target=\"_blank\" rel=\"noopener noreferrer\" data-auth=\"NotApplicable\" data-linkindex=\"9\">Estudio detecta que personas mayores en Chile tienen solo un amigo cercano. Se refiere Iv\u00e1n Palomo Gonz\u00e1lez, director del Centro de Longevidad Vitalis y Emilio Moyano D\u00edaz, Facultad de Psicolog\u00eda.<\/a>\u00a0<\/div><div>\u00a0<\/div><div><b>ADPRENSA<\/b>\u00a0<br \/><a id=\"OWAa0690a64-562e-f11c-0910-b0076d1d39d3\" title=\"https:\/\/www.adprensa.cl\/cronica\/estudio-detecta-que-personas-mayores-en-chile-tienen-solo-un-amigo-cercano\/\" href=\"https:\/\/www.adprensa.cl\/cronica\/estudio-detecta-que-personas-mayores-en-chile-tienen-solo-un-amigo-cercano\/\" target=\"_blank\" rel=\"noopener noreferrer\" data-auth=\"NotApplicable\" data-linkindex=\"10\">Estudio detecta que personas mayores en Chile tienen solo un amigo cercano. Se refiere Iv\u00e1n Palomo Gonz\u00e1lez, director del Centro de Longevidad Vitalis y Emilio Moyano D\u00edaz, Facultad de Psicolog\u00eda.<\/a>\u00a0<\/div><div>\u00a0<\/div><div><b>SOMOS MAULE<\/b>\u00a0<br \/><a id=\"OWAf88c21d3-f893-1af1-53b7-1ac89f9e6131\" title=\"http:\/\/somosmaule.cl\/publico\/ficha\/ficha.aspx?i=92856\" href=\"http:\/\/somosmaule.cl\/publico\/ficha\/ficha.aspx?i=92856\" target=\"_blank\" rel=\"noopener noreferrer\" data-auth=\"NotApplicable\" data-linkindex=\"11\">Estudio detecta que personas mayores en Chile tienen solo un amigo cercano. Se refiere Iv\u00e1n Palomo Gonz\u00e1lez, director del Centro de Longevidad Vitalis y Emilio Moyano D\u00edaz, Facultad de Psicolog\u00eda.<\/a>\u00a0<\/div><div>\u00a0<\/div><div><b>PORTAL RED SALUD<\/b>\u00a0<br \/><a id=\"OWAe49fd83a-0e0e-f6d5-5c12-2d9594c84c3e\" title=\"https:\/\/portalredsalud.cl\/2025\/09\/04\/estudio-detecta-que-personas-mayores-en-chile-tienen-solo-un-amigo-cercano\/\" href=\"https:\/\/portalredsalud.cl\/2025\/09\/04\/estudio-detecta-que-personas-mayores-en-chile-tienen-solo-un-amigo-cercano\/\" target=\"_blank\" rel=\"noopener noreferrer\" data-auth=\"NotApplicable\" data-linkindex=\"12\">Estudio detecta que personas mayores en Chile tienen solo un amigo cercano. Se refiere Iv\u00e1n Palomo Gonz\u00e1lez, director del Centro de Longevidad Vitalis y Emilio Moyano D\u00edaz, Facultad de Psicolog\u00eda.<\/a>\u00a0<\/div><div>\u00a0<\/div><div><b>ADPRENSA<\/b>\u00a0<br \/><a id=\"OWAb85f9ae1-b5a4-c146-2cc5-17eb29241968\" title=\"https:\/\/www.adprensa.cl\/cronica\/estudio-detecta-que-personas-mayores-en-chile-tienen-solo-un-amigo-cercano-2\/\" href=\"https:\/\/www.adprensa.cl\/cronica\/estudio-detecta-que-personas-mayores-en-chile-tienen-solo-un-amigo-cercano-2\/\" target=\"_blank\" rel=\"noopener noreferrer\" data-auth=\"NotApplicable\" data-linkindex=\"13\">Estudio detecta que personas mayores en Chile tienen solo un amigo cercano. Se refiere Iv\u00e1n Palomo Gonz\u00e1lez, director del Centro de Longevidad Vitalis y Emilio Moyano D\u00edaz, Facultad de Psicolog\u00eda.<\/a>\u00a0<\/div><div>\u00a0<\/div><div><b>RADIO INFINITA<\/b>\u00a0<br \/><a id=\"OWAd18326dd-f1f0-c627-1b34-ebdbff452657\" title=\"https:\/\/www.litoralpress.cl\/sitio\/RadioTV_Detalles.cshtml?LPKey=HON54AL67CRWNGMAQ6RYRRNLUK7NJCVIVDFCKZAPVDVM5KHXNZ4RWTUCR4N4OFFF5BR3MIUEJV7CI\" href=\"https:\/\/www.litoralpress.cl\/sitio\/RadioTV_Detalles.cshtml?LPKey=HON54AL67CRWNGMAQ6RYRRNLUK7NJCVIVDFCKZAPVDVM5KHXNZ4RWTUCR4N4OFFF5BR3MIUEJV7CI\" target=\"_blank\" rel=\"noopener noreferrer\" data-auth=\"NotApplicable\" data-linkindex=\"14\">Comentario de Pol\u00edtica de Mauricio Morales Quiroga, director de Centro de An\u00e1lisis Pol\u00edtico (CAP-UTalca)<\/a>\u00a0<\/div><div>\u00a0<\/div><div><b>CANAL MEGA<\/b>\u00a0<br \/><a id=\"OWA4c970b96-1231-e7bf-4e80-f9c4f48b753c\" title=\"https:\/\/www.litoralpress.cl\/sitio\/RadioTV_Detalles.cshtml?LPKey=NHKTQE6QQLOCKNAUPUTMJE5FMHF4WQJTU7LZ3CBBPGETYXSW53MOAIFWEMLAPH2PDKQSCNSHSLCCW\" href=\"https:\/\/www.litoralpress.cl\/sitio\/RadioTV_Detalles.cshtml?LPKey=NHKTQE6QQLOCKNAUPUTMJE5FMHF4WQJTU7LZ3CBBPGETYXSW53MOAIFWEMLAPH2PDKQSCNSHSLCCW\" target=\"_blank\" rel=\"noopener noreferrer\" data-auth=\"NotApplicable\" data-linkindex=\"15\">A tres a\u00f1os del triunfo del Rechazo. Se refiere Mauricio Morales Quiroga, director de Centro de An\u00e1lisis Pol\u00edtico (CAP-UTalca)<\/a>\u00a0<\/div><div>\u00a0<\/div><div><b>EL LECTOR<\/b>\u00a0<br \/><a id=\"OWAe54fe511-6524-d8b4-1009-1a9441a7a5a5\" title=\"https:\/\/www.litoralpress.cl\/paginaconsultas\/Servicios_NClipWeb\/Get_Imagen_Nota.aspx?LPKey=75USOL45CZLCVEFWA3HGTD4LUH7NUUQKURRAHAUCJI3T3KLXAUZK2WWF76DYUVWXFB6XKCIW3CISK\" href=\"https:\/\/www.litoralpress.cl\/paginaconsultas\/Servicios_NClipWeb\/Get_Imagen_Nota.aspx?LPKey=75USOL45CZLCVEFWA3HGTD4LUH7NUUQKURRAHAUCJI3T3KLXAUZK2WWF76DYUVWXFB6XKCIW3CISK\" target=\"_blank\" rel=\"noopener noreferrer\" data-auth=\"NotApplicable\" data-linkindex=\"16\">Radiograf\u00eda de directores escolares en Chile: m\u00e1s mujeres, mayor formaci\u00f3n y alta rotaci\u00f3n. Se refiere Mauricio Veliz, decano de la Facultad de Ciencias de la Educaci\u00f3n\u202fy Nibaldo Benavides, acad\u00e9mico del Centro de Investigaci\u00f3n de Desarrollo Educacional (CIDE UTalca).<\/a>\u00a0<\/div><div>\u00a0<\/div><div><b>G5 NOTICIA <\/b>\u00a0<br \/><a id=\"OWA4fa484b9-3bd2-8f0f-6d84-2002c0e47cff\" title=\"https:\/\/g5noticias.cl\/2025\/09\/04\/radiografia-de-directores-escolares-en-chile-mas-mujeres-mayor-formacion-y-alta-rotacion\/\" href=\"https:\/\/g5noticias.cl\/2025\/09\/04\/radiografia-de-directores-escolares-en-chile-mas-mujeres-mayor-formacion-y-alta-rotacion\/\" target=\"_blank\" rel=\"noopener noreferrer\" data-auth=\"NotApplicable\" data-linkindex=\"17\">Radiograf\u00eda de directores escolares en Chile: m\u00e1s mujeres, mayor formaci\u00f3n y alta rotaci\u00f3n. Se refiere Mauricio Veliz, decano de la Facultad de Ciencias de la Educaci\u00f3n\u202fy Nibaldo Benavides, acad\u00e9mico del Centro de Investigaci\u00f3n de Desarrollo Educacional (CIDE UTalca).<\/a>\u00a0<\/div><div>\u00a0<\/div><div><b>CANAL 2 LINARES<\/b>\u00a0<br \/><a id=\"OWA30ac8a6d-fe90-8761-89de-c0618bf14107\" title=\"https:\/\/www.canal2linares.cl\/2025\/09\/radiografia-de-directores-escolares-en.html\" href=\"https:\/\/www.canal2linares.cl\/2025\/09\/radiografia-de-directores-escolares-en.html\" target=\"_blank\" rel=\"noopener noreferrer\" data-auth=\"NotApplicable\" data-linkindex=\"18\">Radiograf\u00eda de directores escolares en Chile: m\u00e1s mujeres, mayor formaci\u00f3n y alta rotaci\u00f3n. Se refiere Mauricio Veliz, decano de la Facultad de Ciencias de la Educaci\u00f3n\u202fy Nibaldo Benavides, acad\u00e9mico Centro de Investigaci\u00f3n de Desarrollo Educacional (CIDE UTalca).<\/a>\u00a0<\/div><div>\u00a0<\/div><div><b>OSORNO EN LA RED<\/b>\u00a0<br \/><a id=\"OWA977df2c4-b694-542e-a239-c21f22b7d457\" title=\"http:\/\/osornoenlared.cl\/2025\/09\/04\/radiografia-de-directores-escolares-en-chile-mas-mujeres-mayor-formacion-y-alta-rotacion\/\" href=\"http:\/\/osornoenlared.cl\/2025\/09\/04\/radiografia-de-directores-escolares-en-chile-mas-mujeres-mayor-formacion-y-alta-rotacion\/\" target=\"_blank\" rel=\"noopener noreferrer\" data-auth=\"NotApplicable\" data-linkindex=\"19\">Radiograf\u00eda de directores escolares en Chile: m\u00e1s mujeres, mayor formaci\u00f3n y alta rotaci\u00f3n. Se refiere Mauricio Veliz, decano de la Facultad de Ciencias de la Educaci\u00f3n\u202fy Nibaldo Benavides, acad\u00e9mico Centro de Investigaci\u00f3n de Desarrollo Educacional (CIDE UTalca).<\/a>\u00a0<\/div><div>\u00a0<\/div><div><b>LA PRENSA DE CURIC\u00d3<\/b>\u00a0<br \/><a id=\"OWAfacd7cf1-46a4-5be1-1a20-13f14f43f906\" title=\"https:\/\/www.litoralpress.cl\/paginaconsultas\/Servicios_NClipWeb\/Get_Imagen_Nota.aspx?LPKey=2JBLS64NSQFXYOZNP6MJHKTXHOF4FS4PHYYIIYJ4YGDJMNR52BMYXOL4UZIYUGHSGSBLVBNJHOX56\" href=\"https:\/\/www.litoralpress.cl\/paginaconsultas\/Servicios_NClipWeb\/Get_Imagen_Nota.aspx?LPKey=2JBLS64NSQFXYOZNP6MJHKTXHOF4FS4PHYYIIYJ4YGDJMNR52BMYXOL4UZIYUGHSGSBLVBNJHOX56\" target=\"_blank\" rel=\"noopener noreferrer\" data-auth=\"NotApplicable\" data-linkindex=\"20\">Sucede. Se menciona la Universidad de Talca.<\/a>\u00a0<\/div><div>\u00a0<\/div><div><b>DIARIO TALCA<\/b>\u00a0<br \/><a id=\"OWA67fa5081-9f26-4f51-2963-8ed70669125f\" title=\"https:\/\/diariotalca.cl\/importante-convocatoria-tuvo-cuarto-seminario-de-mineria-en-el-maule\/\" href=\"https:\/\/diariotalca.cl\/importante-convocatoria-tuvo-cuarto-seminario-de-mineria-en-el-maule\/\" target=\"_blank\" rel=\"noopener noreferrer\" data-auth=\"NotApplicable\" data-linkindex=\"21\">Importante convocatoria tuvo Cuarto Seminario de Miner\u00eda en el Maule. Se menciona la Universidad de Talca.<\/a>\u00a0<\/div><div>\u00a0<\/div><div><b>PORTALEDUCA<\/b>\u00a0<br \/><a id=\"OWA5f641ce6-c3ef-9617-0c61-a1fdf293de3d\" title=\"https:\/\/portaleduca.cl\/estudiantes-de-ingenieria-conocen-las-ultimas-tendencias-y-tecnologias-en-investigacion-operativa\/\" href=\"https:\/\/portaleduca.cl\/estudiantes-de-ingenieria-conocen-las-ultimas-tendencias-y-tecnologias-en-investigacion-operativa\/\" target=\"_blank\" rel=\"noopener noreferrer\" data-auth=\"NotApplicable\" data-linkindex=\"22\">Estudiantes de Ingenier\u00eda conocen las \u00faltimas tendencias y tecnolog\u00edas en investigaci\u00f3n operativa. Se menciona la Universidad de Talca.<\/a>\u00a0<\/div><div>\u00a0<\/div><div><b>RADIO MAULE SUR<\/b>\u00a0<br \/><a id=\"OWAf6efaf5d-20dc-9768-4cda-6f1efb26c631\" title=\"https:\/\/www.radiomaulesur.cl\/2025\/09\/gobierno-de-chile-presenta-en-el-maule.html\" href=\"https:\/\/www.radiomaulesur.cl\/2025\/09\/gobierno-de-chile-presenta-en-el-maule.html\" target=\"_blank\" rel=\"noopener noreferrer\" data-auth=\"NotApplicable\" data-linkindex=\"23\">Gobierno de Chile presenta en el Maule la Gu\u00eda de Orientaci\u00f3n Gerontol\u00f3gica y la Estrategia Nacional de Inclusi\u00f3n Digital para Personas Mayores. Se menciona la Universidad de Talca.<\/a>\u00a0<\/div><div>\u00a0<\/div><div><b>DIARIO EL CENTRO<\/b>\u00a0<br \/><a id=\"OWA5c4e4e4f-8c27-46cb-46e4-3bb8d940bed1\" title=\"https:\/\/www.diarioelcentro.cl\/2025\/09\/04\/finaliza-con-exito-seminario-sobre-ia-y-digitalizacion-en-la-industria-alimentaria\/\" href=\"https:\/\/www.diarioelcentro.cl\/2025\/09\/04\/finaliza-con-exito-seminario-sobre-ia-y-digitalizacion-en-la-industria-alimentaria\/\" target=\"_blank\" rel=\"noopener noreferrer\" data-auth=\"NotApplicable\" data-linkindex=\"24\">Finaliza con \u00e9xito seminario sobre IA y Digitalizaci\u00f3n en la Industria Alimentaria. Se menciona la Universidad de Talca.<\/a>\u00a0<\/div><div>\u00a0<\/div><div><b>G5 NOTICIA<\/b>\u00a0<br \/><a id=\"OWA0b26f465-8101-6810-8a58-406cd96ae0e8\" title=\"https:\/\/g5noticias.cl\/2025\/09\/04\/gobierno-de-chile-presenta-en-el-maule-la-guia-de-orientacion-gerontologica-y-la-estrategia-nacional-de-inclusion-digital-para-personas-mayores\/\" href=\"https:\/\/g5noticias.cl\/2025\/09\/04\/gobierno-de-chile-presenta-en-el-maule-la-guia-de-orientacion-gerontologica-y-la-estrategia-nacional-de-inclusion-digital-para-personas-mayores\/\" target=\"_blank\" rel=\"noopener noreferrer\" data-auth=\"NotApplicable\" data-linkindex=\"25\">Gobierno de Chile presenta en el Maule la Gu\u00eda de Orientaci\u00f3n Gerontol\u00f3gica y la Estrategia Nacional de Inclusi\u00f3n Digital para Personas Mayores. Se menciona la universidad de Talca.<\/a>\u00a0<\/div><div>\u00a0<\/div><div><b>TV5<\/b>\u00a0<br \/><a id=\"OWAc1d76397-16c4-e6ee-e178-de1303a3ecc9\" title=\"https:\/\/www.tv5.cl\/categoria\/local\/seminario-ia-digitalizacion-industria-alimentaria\" href=\"https:\/\/www.tv5.cl\/categoria\/local\/seminario-ia-digitalizacion-industria-alimentaria\" target=\"_blank\" rel=\"noopener noreferrer\" data-auth=\"NotApplicable\" data-linkindex=\"26\">Seminario sobre IA y Digitalizaci\u00f3n en la Industria Alimentaria. Se menciona la Universidad de Talca.<\/a>\u00a0<\/div>\t\t\t\t\t\t<\/div>\n\t\t\t\t<\/div>\n\t\t\t\t\t<\/div>\n\t\t<\/div>\n\t\t\t\t\t\t\t<\/div>\n\t\t<\/section>\n\t\t\t\t\t\t<\/div>\n\t\t\t\t\t<\/div>\n\t\t","protected":false},"excerpt":{"rendered":"<p>EL MERCURIO\u00a0Uni\u00f3n Europea reconoce a talquina por crear dispositivo para personas ciegas. Se refiere Silvana Herrera, acad\u00e9mica de la Escuela de Ingenieria en Video Juegos y Realidad Virtual. \u00a0\u00a0G5 NOTICIA\u00a0Inventora chilena gana premio de la Uni\u00f3n Europea con su invento innovador que da autonom\u00eda a personas con discapacidad visual. Se refiere Silvana Herrera, acad\u00e9mica de &hellip;<\/p>\n<p class=\"read-more\"> <a class=\"\" href=\"https:\/\/www.reportedeprensa.utalca.cl\/?p=12503\"> <span class=\"screen-reader-text\">05 de septiembre 2025<\/span> Read More &raquo;<\/a><\/p>\n","protected":false},"author":1,"featured_media":0,"comment_status":"closed","ping_status":"open","sticky":false,"template":"","format":"standard","meta":{"_monsterinsights_skip_tracking":false,"_monsterinsights_sitenote_active":false,"_monsterinsights_sitenote_note":"","_monsterinsights_sitenote_category":0},"categories":[63],"tags":[],"_links":{"self":[{"href":"https:\/\/www.reportedeprensa.utalca.cl\/index.php?rest_route=\/wp\/v2\/posts\/12503"}],"collection":[{"href":"https:\/\/www.reportedeprensa.utalca.cl\/index.php?rest_route=\/wp\/v2\/posts"}],"about":[{"href":"https:\/\/www.reportedeprensa.utalca.cl\/index.php?rest_route=\/wp\/v2\/types\/post"}],"author":[{"embeddable":true,"href":"https:\/\/www.reportedeprensa.utalca.cl\/index.php?rest_route=\/wp\/v2\/users\/1"}],"replies":[{"embeddable":true,"href":"https:\/\/www.reportedeprensa.utalca.cl\/index.php?rest_route=%2Fwp%2Fv2%2Fcomments&post=12503"}],"version-history":[{"count":4,"href":"https:\/\/www.reportedeprensa.utalca.cl\/index.php?rest_route=\/wp\/v2\/posts\/12503\/revisions"}],"predecessor-version":[{"id":12511,"href":"https:\/\/www.reportedeprensa.utalca.cl\/index.php?rest_route=\/wp\/v2\/posts\/12503\/revisions\/12511"}],"wp:attachment":[{"href":"https:\/\/www.reportedeprensa.utalca.cl\/index.php?rest_route=%2Fwp%2Fv2%2Fmedia&parent=12503"}],"wp:term":[{"taxonomy":"category","embeddable":true,"href":"https:\/\/www.reportedeprensa.utalca.cl\/index.php?rest_route=%2Fwp%2Fv2%2Fcategories&post=12503"},{"taxonomy":"post_tag","embeddable":true,"href":"https:\/\/www.reportedeprensa.utalca.cl\/index.php?rest_route=%2Fwp%2Fv2%2Ftags&post=12503"}],"curies":[{"name":"wp","href":"https:\/\/api.w.org\/{rel}","templated":true}]}}