{"id":12515,"date":"2025-09-08T12:51:58","date_gmt":"2025-09-08T15:51:58","guid":{"rendered":"https:\/\/www.reportedeprensa.utalca.cl\/?p=12515"},"modified":"2025-09-08T12:55:30","modified_gmt":"2025-09-08T15:55:30","slug":"08-de-septiembre-2025","status":"publish","type":"post","link":"https:\/\/www.reportedeprensa.utalca.cl\/?p=12515","title":{"rendered":"08 de septiembre 2025"},"content":{"rendered":"\t\t<div data-elementor-type=\"wp-post\" data-elementor-id=\"12515\" class=\"elementor elementor-12515\" data-elementor-settings=\"[]\">\n\t\t\t\t\t\t\t<div class=\"elementor-section-wrap\">\n\t\t\t\t\t\t\t<section class=\"elementor-section elementor-top-section elementor-element elementor-element-bcea1a8 elementor-section-boxed elementor-section-height-default elementor-section-height-default\" data-id=\"bcea1a8\" data-element_type=\"section\">\n\t\t\t\t\t\t<div class=\"elementor-container elementor-column-gap-default\">\n\t\t\t\t\t<div class=\"elementor-column elementor-col-100 elementor-top-column elementor-element elementor-element-e7183bf\" data-id=\"e7183bf\" data-element_type=\"column\">\n\t\t\t<div class=\"elementor-widget-wrap elementor-element-populated\">\n\t\t\t\t\t\t\t\t<div class=\"elementor-element elementor-element-4ae0cda elementor-widget elementor-widget-text-editor\" data-id=\"4ae0cda\" data-element_type=\"widget\" data-widget_type=\"text-editor.default\">\n\t\t\t\t<div class=\"elementor-widget-container\">\n\t\t\t\t\t\t\t\t<div><b data-olk-copy-source=\"MessageBody\">EL MERCURIO<\/b>\u00a0<br \/><a id=\"OWA869eb14c-b34b-f3ec-a0ce-020f2e18afab\" title=\"https:\/\/www.litoralpress.cl\/paginaconsultas\/Servicios_NClipWeb\/Get_Imagen_Nota.aspx?LPKey=DL2SRRWWXJ3EZR3WFNEKKIAT474NAIB6YBOGM5YZZJYXSWLYFUOWOUSBCAUPYPVXEEDW2G6LD7TVE\" href=\"https:\/\/www.litoralpress.cl\/paginaconsultas\/Servicios_NClipWeb\/Get_Imagen_Nota.aspx?LPKey=DL2SRRWWXJ3EZR3WFNEKKIAT474NAIB6YBOGM5YZZJYXSWLYFUOWOUSBCAUPYPVXEEDW2G6LD7TVE\" target=\"_blank\" rel=\"noopener noreferrer\" data-auth=\"NotApplicable\" data-linkindex=\"0\">Planteles deber\u00e1n reportar sueldos y RUN de sus trabajadores pese a ley de datos personales. Se refiere Carlos Torres Fuchslocher, rector.<\/a>\u00a0<\/div><div>\u00a0<\/div><div><b>MSN CHILE<\/b>\u00a0<br \/><a id=\"OWAef24156b-cf11-d6ed-fd51-53c052b3167b\" title=\"https:\/\/www.msn.com\/es-cl\/noticias\/other\/este-fin-de-semana-es-el-cambio-de-hora-2025-en-chile-revisa-aqu%C3%AD-todos-los-detalles-del-nuevo-horario-de-verano\/ar-AA1LXnsY\" href=\"https:\/\/www.msn.com\/es-cl\/noticias\/other\/este-fin-de-semana-es-el-cambio-de-hora-2025-en-chile-revisa-aqu%C3%AD-todos-los-detalles-del-nuevo-horario-de-verano\/ar-AA1LXnsY\" target=\"_blank\" rel=\"noopener noreferrer\" data-auth=\"NotApplicable\" data-linkindex=\"1\">Este fin de semana es el cambio de hora 2025 en Chile: revisa aqu\u00ed todos los detalles del nuevo horario de verano. Se refiere Roberto Ferreira, acad\u00e9mico de la Facultad de Ciencias de la Educaci\u00f3n<\/a>\u00a0<\/div><div>\u00a0<\/div><div><b>\u00a0LA DISCUSI\u00d3N <\/b>\u00a0<br \/><a id=\"OWAc6c8fdec-040c-6666-2a99-7fd82330228d\" title=\"https:\/\/www.litoralpress.cl\/paginaconsultas\/Servicios_NClipWeb\/Get_Imagen_Nota.aspx?LPKey=ZX7GFARTRLUGV66MN6IZQETZG6LIYD2ENDIMWWB777RRCKN6T7EPVT7B454J3REU2VRGC46ZU7I6S\" href=\"https:\/\/www.litoralpress.cl\/paginaconsultas\/Servicios_NClipWeb\/Get_Imagen_Nota.aspx?LPKey=ZX7GFARTRLUGV66MN6IZQETZG6LIYD2ENDIMWWB777RRCKN6T7EPVT7B454J3REU2VRGC46ZU7I6S\" target=\"_blank\" rel=\"noopener noreferrer\" data-auth=\"NotApplicable\" data-linkindex=\"2\">Relojes deben adelantarse una hora esta medianoche. Se refiere Roberto Ferreira, acad\u00e9mico de la Facultad de Ciencias de la Educaci\u00f3n<\/a>\u00a0<\/div><div>\u00a0<\/div><div><b>EL MOSTRADOR<\/b>\u00a0<br \/><a id=\"OWAbd58ae22-09b6-a2d8-502c-e4fed764548a\" title=\"https:\/\/www.elmostrador.cl\/datos-utiles\/2025\/09\/06\/cambio-de-hora-en-chile-especialistas-entregan-recomendaciones-para-enfrentar-el-ajuste-al-horario\/\" href=\"https:\/\/www.elmostrador.cl\/datos-utiles\/2025\/09\/06\/cambio-de-hora-en-chile-especialistas-entregan-recomendaciones-para-enfrentar-el-ajuste-al-horario\/\" target=\"_blank\" rel=\"noopener noreferrer\" data-auth=\"NotApplicable\" data-linkindex=\"3\">Cambio de hora en Chile: especialistas entregan recomendaciones para enfrentar el ajuste al horario. Se refiere Roberto Ferreira, acad\u00e9mico de la Facultad de Ciencias de la Educaci\u00f3n<\/a>\u00a0<\/div><div>\u00a0<\/div><div><b>ADN RADIO<\/b>\u00a0<br \/><a id=\"OWAd2a1b1fb-7907-955b-a887-b77d7f6943ff\" title=\"https:\/\/www.adnradio.cl\/2025\/09\/06\/cambio-de-hora-en-chile-a-que-hora-se-debe-ajustar-el-reloj\/\" href=\"https:\/\/www.adnradio.cl\/2025\/09\/06\/cambio-de-hora-en-chile-a-que-hora-se-debe-ajustar-el-reloj\/\" target=\"_blank\" rel=\"noopener noreferrer\" data-auth=\"NotApplicable\" data-linkindex=\"4\">Cambio de hora en Chile: \u00bfA qu\u00e9 hora se debe ajustar el reloj? Se refiere Roberto Ferreira, acad\u00e9mico de la Facultad de Ciencias de la Educaci\u00f3n<\/a>\u00a0<\/div><div>\u00a0<\/div><div><b>EL PERISCOPIO<\/b>\u00a0<br \/><a id=\"OWAb22ab8d8-5ad7-bca5-d82c-adcc14a24f1c\" title=\"https:\/\/www.elperiscopio.cl\/destacado-1\/horario-de-verano-que-regiones-adelantan-su-reloj\/\" href=\"https:\/\/www.elperiscopio.cl\/destacado-1\/horario-de-verano-que-regiones-adelantan-su-reloj\/\" target=\"_blank\" rel=\"noopener noreferrer\" data-auth=\"NotApplicable\" data-linkindex=\"5\">Horario de verano: qu\u00e9 regiones adelantan su reloj. Se refiere Roberto Ferreira, acad\u00e9mico de la Facultad de Ciencias de la Educaci\u00f3n.<\/a>\u00a0<\/div><div>\u00a0<\/div><div><b>LA TERCERA<\/b>\u00a0<br \/><a id=\"OWA1f23c0ab-5b76-54c1-7c6e-c9c197ed4af2\" title=\"https:\/\/www.litoralpress.cl\/sitio\/Prensa_Detalles.cshtml?LPKey=BLAN74HWBRFMSSTXPFYMN7T3PM7ZLHKM6AVG6HINOXYCK6PIBQPQ\" href=\"https:\/\/www.litoralpress.cl\/sitio\/Prensa_Detalles.cshtml?LPKey=BLAN74HWBRFMSSTXPFYMN7T3PM7ZLHKM6AVG6HINOXYCK6PIBQPQ\" target=\"_blank\" rel=\"noopener noreferrer\" data-auth=\"NotApplicable\" data-linkindex=\"6\">Guillermo Blanco El encanto y el humor de los cuentos in\u00e9ditos de un maestro del g\u00e9nero. Se menciona la Universidad de Talca.<\/a>\u00a0<br \/>\u00a0<br \/><b>LA TERCERA ONLINE<\/b>\u00a0<br \/><a id=\"OWAcd44d34b-acf0-4fb0-fc14-50997883f133\" title=\"https:\/\/www.latercera.com\/culto\/noticia\/guillermo-blanco-el-encanto-y-el-humor-de-los-cuentos-ineditos-de-un-maestro-del-genero\/\" href=\"https:\/\/www.latercera.com\/culto\/noticia\/guillermo-blanco-el-encanto-y-el-humor-de-los-cuentos-ineditos-de-un-maestro-del-genero\/\" target=\"_blank\" rel=\"noopener noreferrer\" data-auth=\"NotApplicable\" data-linkindex=\"7\">Guillermo Blanco El encanto y el humor de los cuentos in\u00e9ditos de un maestro del g\u00e9nero. Se menciona la Universidad de Talca.<\/a>\u00a0<br \/>\u00a0<br \/><b>INOTICIAS<\/b>\u00a0<br \/><a id=\"OWA2ca8d230-b834-99f4-4f2f-e702eba52d8f\" title=\"https:\/\/inoticias.cl\/detalle\/guillermo-blanco-el-encanto-y-el-humor-de-los-cuentos-1237362\" href=\"https:\/\/inoticias.cl\/detalle\/guillermo-blanco-el-encanto-y-el-humor-de-los-cuentos-1237362\" target=\"_blank\" rel=\"noopener noreferrer\" data-auth=\"NotApplicable\" data-linkindex=\"8\">Guillermo Blanco: el encanto y el humor de los cuentos in\u00e9ditos de un maestro del g\u00e9nero. Se menciona la Universidad de Talca.<\/a>\u00a0<br \/>\u00a0<br \/><b>EL TIP\u00d3GRAFO<\/b>\u00a0<br \/><a id=\"OWA4ab541e7-4856-bef0-0a4e-76aeb5b4b72b\" title=\"https:\/\/eltipografo.cl\/2025\/09\/ante-aumento-de-casos-de-coqueluche-epidemiologa-advirtio-riesgos-en-lactantes-y-tercera-edad\" href=\"https:\/\/eltipografo.cl\/2025\/09\/ante-aumento-de-casos-de-coqueluche-epidemiologa-advirtio-riesgos-en-lactantes-y-tercera-edad\" target=\"_blank\" rel=\"noopener noreferrer\" data-auth=\"NotApplicable\" data-linkindex=\"9\">Ante aumento de casos de \u201ccoqueluche\u201d: Epidemi\u00f3loga advirti\u00f3 riesgos en lactantes y tercera edad. Se refiere \u00c9rika Retamal Contreras, directora del Departamento de Salud P\u00fablica.<\/a>\u00a0<\/div><div>\u00a0<\/div><div><b>RADIO MAULE SUR<\/b>\u00a0<br \/><a id=\"OWA7b7b80f0-53fa-d372-2aeb-9c5ff2e601af\" title=\"https:\/\/www.radiomaulesur.cl\/2025\/09\/ante-aumento-de-casos-de-coqueluche.html\" href=\"https:\/\/www.radiomaulesur.cl\/2025\/09\/ante-aumento-de-casos-de-coqueluche.html\" target=\"_blank\" rel=\"noopener noreferrer\" data-auth=\"NotApplicable\" data-linkindex=\"10\">Ante aumento de casos de \u201ccoqueluche\u201d: Epidemi\u00f3loga advirti\u00f3 riesgos en lactantes y tercera edad. Se refiere \u00c9rika Retamal Contreras, directora del Departamento de Salud P\u00fablica.<\/a>\u00a0\u00a0<\/div><div>\u00a0<\/div><div><b>ADPRENSA<\/b>\u00a0<br \/><a id=\"OWA494189c2-827b-29d1-5b73-017f653dbdfb\" title=\"https:\/\/www.adprensa.cl\/cronica\/ante-aumento-de-casos-de-coqueluche-epidemiologa-advirtio-riesgos-en-lactantes-y-tercera-edad\/\" href=\"https:\/\/www.adprensa.cl\/cronica\/ante-aumento-de-casos-de-coqueluche-epidemiologa-advirtio-riesgos-en-lactantes-y-tercera-edad\/\" target=\"_blank\" rel=\"noopener noreferrer\" data-auth=\"NotApplicable\" data-linkindex=\"11\">Ante aumento de casos de \u201ccoqueluche\u201d: Epidemi\u00f3loga advirti\u00f3 riesgos en lactantes y tercera edad. Se refiere \u00c9rika Retamal Contreras, directora del Departamento de Salud P\u00fablica.<\/a>\u00a0\u00a0<\/div><div>\u00a0<\/div><div><b>MEDIABANCO<\/b>\u00a0<br \/><a id=\"OWA75525ce8-f413-ffc6-7a37-634dc265a479\" title=\"https:\/\/www.mediabanco.com\/ante-aumento-de-casos-de-coqueluche-epidemiologa-advirtio-riesgos-en-lactantes-y-tercera-edad\/\" href=\"https:\/\/www.mediabanco.com\/ante-aumento-de-casos-de-coqueluche-epidemiologa-advirtio-riesgos-en-lactantes-y-tercera-edad\/\" target=\"_blank\" rel=\"noopener noreferrer\" data-auth=\"NotApplicable\" data-linkindex=\"12\">Ante aumento de casos de \u201ccoqueluche\u201d: Epidemi\u00f3loga advirti\u00f3 riesgos en lactantes y tercera edad. Se refiere \u00c9rika Retamal Contreras, directora del Departamento de Salud P\u00fablica.<\/a>\u00a0<\/div><div>\u00a0<\/div><div><b>RADIO ANCOA<\/b>\u00a0<br \/><a id=\"OWA46fa005a-15e8-293c-6074-14d23bf4f36c\" title=\"https:\/\/www.radioancoa.cl\/categoria\/local\/aumento-casos-coqueluche-epidemiologa-advierte-riesgos-lactantes-adultos-mayores\" href=\"https:\/\/www.radioancoa.cl\/categoria\/local\/aumento-casos-coqueluche-epidemiologa-advierte-riesgos-lactantes-adultos-mayores\" target=\"_blank\" rel=\"noopener noreferrer\" data-auth=\"NotApplicable\" data-linkindex=\"13\">Ante aumento de casos de coqueluche: epidemi\u00f3loga advierte riesgos en lactantes y adultos mayores. Se refiere \u00c9rika Retamal Contreras, directora del Departamento de Salud P\u00fablica.<\/a>\u00a0\u00a0<\/div><div>\u00a0<\/div><div><b>MAULE NEWS<\/b>\u00a0<br \/><a id=\"OWA0b808944-4d99-d29a-1d47-be78e1d4f11c\" title=\"https:\/\/www.maulenews.com\/2025\/09\/ante-aumento-de-casos-de-coqueluche.html\" href=\"https:\/\/www.maulenews.com\/2025\/09\/ante-aumento-de-casos-de-coqueluche.html\" target=\"_blank\" rel=\"noopener noreferrer\" data-auth=\"NotApplicable\" data-linkindex=\"14\">Aumentan casos de \u201ccoqueluche\u201d: Epidemi\u00f3loga advirti\u00f3 riesgos en lactantes y tercera edad. Se refiere \u00c9rika Retamal Contreras, directora del Departamento de Salud P\u00fablica.<\/a>\u00a0\u00a0<\/div><div>\u00a0<\/div><div><b>RED MAULE<\/b>\u00a0<br \/><a id=\"OWA12d9b18d-e843-81aa-934a-6149532128a7\" title=\"https:\/\/redmaule.com\/ante-aumento-de-casos-de-coqueluche-epidemiologa-advirtio-riesgos-en\" href=\"https:\/\/redmaule.com\/ante-aumento-de-casos-de-coqueluche-epidemiologa-advirtio-riesgos-en\" target=\"_blank\" rel=\"noopener noreferrer\" data-auth=\"NotApplicable\" data-linkindex=\"15\">Ante aumento de casos de \u201ccoqueluche\u201d: Epidemi\u00f3loga advirti\u00f3 riesgos en lactantes y tercera edad. Se refiere \u00c9rika Retamal Contreras, directora del Departamento de Salud P\u00fablica.<\/a>\u00a0\u00a0<\/div><div>\u00a0<\/div><div><b>RED \u00c1RICA<\/b>\u00a0<br \/><a id=\"OWA8bd93d04-328d-ca88-4a1e-0f26e8e533f8\" title=\"https:\/\/redarica.com\/ante-aumento-de-casos-de-coqueluche-epidemiologa-advirtio-riesgos-en\" href=\"https:\/\/redarica.com\/ante-aumento-de-casos-de-coqueluche-epidemiologa-advirtio-riesgos-en\" target=\"_blank\" rel=\"noopener noreferrer\" data-auth=\"NotApplicable\" data-linkindex=\"16\">Ante aumento de casos de \u201ccoqueluche\u201d: Epidemi\u00f3loga advirti\u00f3 riesgos en lactantes y tercera edad. Se refiere \u00c9rika Retamal Contreras, directora del Departamento de Salud P\u00fablica.<\/a>\u00a0\u00a0<\/div><div>\u00a0<\/div><div><b>RED \u00d1UBLE <\/b>\u00a0<br \/><a id=\"OWAa615aac6-127d-9ed6-a52b-9e7d1e9b7db6\" title=\"https:\/\/rednuble.com\/ante-aumento-de-casos-de-coqueluche-epidemiologa-advirtio-riesgos-en\" href=\"https:\/\/rednuble.com\/ante-aumento-de-casos-de-coqueluche-epidemiologa-advirtio-riesgos-en\" target=\"_blank\" rel=\"noopener noreferrer\" data-auth=\"NotApplicable\" data-linkindex=\"17\">Ante aumento de casos de \u201ccoqueluche\u201d: Epidemi\u00f3loga advirti\u00f3 riesgos en lactantes y tercera edad. Se refiere \u00c9rika Retamal Contreras, directora del Departamento de Salud P\u00fablica.<\/a>\u00a0\u00a0<\/div><div>\u00a0<\/div><div><b>RED LOS LAGOS<\/b>\u00a0<br \/><a id=\"OWAbbd8c0d7-5706-2862-0308-e125e53fb7e4\" title=\"https:\/\/redloslagos.com\/ante-aumento-de-casos-de-coqueluche-epidemiologa-advirtio-riesgos-en\" href=\"https:\/\/redloslagos.com\/ante-aumento-de-casos-de-coqueluche-epidemiologa-advirtio-riesgos-en\" target=\"_blank\" rel=\"noopener noreferrer\" data-auth=\"NotApplicable\" data-linkindex=\"18\">Ante aumento de casos de \u201ccoqueluche\u201d: Epidemi\u00f3loga advirti\u00f3 riesgos en lactantes y tercera edad. Se refiere \u00c9rika Retamal Contreras, directora del Departamento de Salud P\u00fablica.<\/a>\u00a0<\/div><div>\u00a0<\/div><div><b>EL HERALDO<\/b>\u00a0<br \/><a id=\"OWAc0af9af2-0298-d24e-62a9-7d3b77428ab3\" title=\"https:\/\/www.litoralpress.cl\/paginaconsultas\/Servicios_NClipWeb\/Get_Imagen_Nota.aspx?LPKey=TDLACT5RQRSMQNMHAGP66D3CFIUDXT4H3HEQSF2AAJQMLHZSEKTXURZTLBUMD2SPSVGUEBX5LLZZA\" href=\"https:\/\/www.litoralpress.cl\/paginaconsultas\/Servicios_NClipWeb\/Get_Imagen_Nota.aspx?LPKey=TDLACT5RQRSMQNMHAGP66D3CFIUDXT4H3HEQSF2AAJQMLHZSEKTXURZTLBUMD2SPSVGUEBX5LLZZA\" target=\"_blank\" rel=\"noopener noreferrer\" data-auth=\"NotApplicable\" data-linkindex=\"19\">Ante aumento de casos de &#8220;coqueluche&#8221;: Epidemi\u00f3loga advirti\u00f3 riesgos en lactantes y tercera edad. Se refiere \u00c9rika Retamal Contreras, directora del Departamento de Salud P\u00fablica.<\/a>\u00a0<\/div><div>\u00a0<\/div><div><b>EL LECTOR<\/b>\u00a0<br \/><a id=\"OWA4a2b912a-74a6-3069-40de-e185d2e52d24\" title=\"https:\/\/www.litoralpress.cl\/paginaconsultas\/Servicios_NClipWeb\/Get_Imagen_Nota.aspx?LPKey=NQYPDUJSM2HQUE4ME2WPOCTPWEZAISSJMHPX2G6Y6Z6KKGMWPIRL2ZMPVHJ3XCTXOCGSANVWZKDW6\" href=\"https:\/\/www.litoralpress.cl\/paginaconsultas\/Servicios_NClipWeb\/Get_Imagen_Nota.aspx?LPKey=NQYPDUJSM2HQUE4ME2WPOCTPWEZAISSJMHPX2G6Y6Z6KKGMWPIRL2ZMPVHJ3XCTXOCGSANVWZKDW6\" target=\"_blank\" rel=\"noopener noreferrer\" data-auth=\"NotApplicable\" data-linkindex=\"20\">Ante aumento de casos de &#8220;coqueluche&#8221;: Epidemiologa advirti\u00f3 riesgos en lactantes y tercera edad. Se refiere \u00c9rika Retamal Contreras, directora del Departamento de Salud P\u00fablica.<\/a>\u00a0<\/div><div>\u00a0<\/div><div><b>DIARIO TALCA <\/b>\u00a0<br \/><a id=\"OWAe99e1fbf-1def-fac7-8b26-bcb324e0915a\" title=\"https:\/\/diariotalca.cl\/aumento-de-casos-de-coqueluche-epidemiologa-advirtio-riesgos-en-lactantes-y-tercera-edad\/\" href=\"https:\/\/diariotalca.cl\/aumento-de-casos-de-coqueluche-epidemiologa-advirtio-riesgos-en-lactantes-y-tercera-edad\/\" target=\"_blank\" rel=\"noopener noreferrer\" data-auth=\"NotApplicable\" data-linkindex=\"21\">Aumento de casos de \u201ccoqueluche\u201d: epidemi\u00f3loga advirti\u00f3 riesgos en lactantes y tercera edad. Se refiere Erika Retamal, directora Departamento de Salud P\u00fablica.<\/a><\/div><div>\u00a0<\/div><div><b>MAULE HOY<\/b>\u00a0<br \/><a id=\"OWA294b6a53-fcb8-3009-f573-92c2ca79acbd\" title=\"https:\/\/www.litoralpress.cl\/paginaconsultas\/Servicios_NClipWeb\/Get_Imagen_Nota.aspx?LPKey=JDFVQFBLQKZ6MPFJ3SDEIDWRX4WVYCJBEEEGVFNPRYRE3TBPL3LYHK2K4TQMPYZWGZTGLJ4KLK2DY\" href=\"https:\/\/www.litoralpress.cl\/paginaconsultas\/Servicios_NClipWeb\/Get_Imagen_Nota.aspx?LPKey=JDFVQFBLQKZ6MPFJ3SDEIDWRX4WVYCJBEEEGVFNPRYRE3TBPL3LYHK2K4TQMPYZWGZTGLJ4KLK2DY\" target=\"_blank\" rel=\"noopener noreferrer\" data-auth=\"NotApplicable\" data-linkindex=\"22\">Epidemi\u00f3loga advirti\u00f3 riesgos en lactantes y tercera edad. Se refiere \u00c9rika Retamal Contreras, directora del Departamento de Salud P\u00fablica.<\/a>\u00a0<\/div><div>\u00a0<\/div><div><b>DIARIO EL HERALDO <\/b>\u00a0<br \/><a id=\"OWAd2f03f23-559b-5e88-2925-140f2dca3321\" title=\"https:\/\/www.diarioelheraldo.cl\/noticia\/ante-aumento-de-casos-de-coqueluche-epidemiologa-advirtio-riesgos-en-lactantes-y-tercera-edad\" href=\"https:\/\/www.diarioelheraldo.cl\/noticia\/ante-aumento-de-casos-de-coqueluche-epidemiologa-advirtio-riesgos-en-lactantes-y-tercera-edad\" target=\"_blank\" rel=\"noopener noreferrer\" data-auth=\"NotApplicable\" data-linkindex=\"23\">Ante aumento de casos de \u201ccoqueluche\u201d: Epidemi\u00f3loga advirti\u00f3 riesgos en lactantes y tercera edad. Se refiere \u00c9rika Retamal Contreras, directora del Departamento de Salud P\u00fablica.<\/a>\u00a0<\/div><div>\u00a0<\/div><div><b>PUBLIMICRO<\/b>\u00a0<br \/><a id=\"OWA8f26d614-2505-66eb-d123-29504b9694e9\" title=\"https:\/\/publimicro.cl\/ante-aumento-de-casos-de-coqueluche-epidemiologa-de-la-universidad-de-talca-advirtio-riesgos-en-lactantes-y-tercera-edad\/\" href=\"https:\/\/publimicro.cl\/ante-aumento-de-casos-de-coqueluche-epidemiologa-de-la-universidad-de-talca-advirtio-riesgos-en-lactantes-y-tercera-edad\/\" target=\"_blank\" rel=\"noopener noreferrer\" data-auth=\"NotApplicable\" data-linkindex=\"24\">Ante aumento de casos de \u201ccoqueluche\u201d, epidemi\u00f3loga de la Universidad de Talca, advirti\u00f3 riesgos en lactantes y tercera edad. Se refiere \u00c9rika Retamal Contreras, directora del Departamento de Salud P\u00fablica.<\/a>\u00a0<\/div><div>\u00a0<\/div><div><b>G5 NOTICIAS<\/b>\u00a0<br \/><a id=\"OWA0091bb94-df3a-c679-eca9-6d1f1e36f108\" title=\"https:\/\/g5noticias.cl\/2025\/09\/06\/ante-aumento-de-casos-de-coqueluche-epidemiologa-advirtio-riesgos-en-lactantes-y-tercera-edad\/\" href=\"https:\/\/g5noticias.cl\/2025\/09\/06\/ante-aumento-de-casos-de-coqueluche-epidemiologa-advirtio-riesgos-en-lactantes-y-tercera-edad\/\" target=\"_blank\" rel=\"noopener noreferrer\" data-auth=\"NotApplicable\" data-linkindex=\"25\">Ante aumento de casos de \u201ccoqueluche\u201d: Epidemi\u00f3loga advirti\u00f3 riesgos en lactantes y tercera edad. Se refiere \u00c9rika Retamal Contreras, directora del Departamento de Salud P\u00fablica.<\/a>\u00a0<\/div><div>\u00a0<\/div><div><b>S\u00c9PTIMA REGI\u00d3N NOTICIAS<\/b>\u00a0<br \/><a id=\"OWA8a1572b0-815a-16b8-b92a-430be938bc40\" title=\"https:\/\/www.septimapaginanoticias.cl\/ante-aumento-de-casos-de-coqueluche-epidemiologa-advirtio-riesgos-en-lactantes-y-tercera-edad\" href=\"https:\/\/www.septimapaginanoticias.cl\/ante-aumento-de-casos-de-coqueluche-epidemiologa-advirtio-riesgos-en-lactantes-y-tercera-edad\" target=\"_blank\" rel=\"noopener noreferrer\" data-auth=\"NotApplicable\" data-linkindex=\"26\">Ante aumento de casos de \u201ccoqueluche\u201d: Epidemi\u00f3loga advirti\u00f3 riesgos en lactantes y tercera edad. Se refiere \u00c9rika Retamal Contreras, directora del Departamento de Salud P\u00fablica.<\/a>\u00a0<\/div><div>\u00a0<\/div><div><b>TV5<\/b>\u00a0<br \/><a id=\"OWA462dce41-563a-19fc-8f5d-60cd79f54d5c\" title=\"https:\/\/www.tv5.cl\/categoria\/local\/epidemiologa-advierte-riesgos-aumento-casos-coqueluche\" href=\"https:\/\/www.tv5.cl\/categoria\/local\/epidemiologa-advierte-riesgos-aumento-casos-coqueluche\" target=\"_blank\" rel=\"noopener noreferrer\" data-auth=\"NotApplicable\" data-linkindex=\"27\">Epidemi\u00f3loga advierte riesgos por aumento de casos de coqueluche. Se refiere \u00c9rika Retamal Contreras, directora del Departamento de Salud P\u00fablica.<\/a>\u00a0\u00a0<\/div><div>\u00a0<\/div><div><b>RADIO ANCOA<\/b>\u00a0<br \/><a id=\"OWA9069ebdf-352c-8718-2d8b-1913f62162eb\" title=\"https:\/\/www.radioancoa.cl\/categoria\/regional\/epidemiologa-advierte-riesgos-aumento-casos-coqueluche\" href=\"https:\/\/www.radioancoa.cl\/categoria\/regional\/epidemiologa-advierte-riesgos-aumento-casos-coqueluche\" target=\"_blank\" rel=\"noopener noreferrer\" data-auth=\"NotApplicable\" data-linkindex=\"28\">Epidemi\u00f3loga advierte riesgos por aumento de casos de coqueluche. Se refiere \u00c9rika Retamal Contreras, directora del Departamento de Salud P\u00fablica.<\/a>\u00a0<\/div><div>\u00a0<\/div><div><b>LA TERCERA<\/b>\u00a0<br \/><a id=\"OWA186419b1-04cf-faaf-0db8-227ea4ce5c94\" title=\"https:\/\/www.litoralpress.cl\/paginaconsultas\/Servicios_NClipWeb\/Get_Imagen_Nota.aspx?LPKey=CBA4O45C2X3UFUQMIUXMHWLFPQ3UMQLH62U5WVOZT5UOPWYU2FGN5K7L5OKTPTSR3CJPKXUYQW6JE\" href=\"https:\/\/www.litoralpress.cl\/paginaconsultas\/Servicios_NClipWeb\/Get_Imagen_Nota.aspx?LPKey=CBA4O45C2X3UFUQMIUXMHWLFPQ3UMQLH62U5WVOZT5UOPWYU2FGN5K7L5OKTPTSR3CJPKXUYQW6JE\" target=\"_blank\" rel=\"noopener noreferrer\" data-auth=\"NotApplicable\" data-linkindex=\"29\">La paz social en un gobierno de derecha. Se refiere Mauricio Morales Quiroz, director del Centro de An\u00e1lisis Pol\u00edtico (CAP-UTalca).<\/a>\u00a0<\/div><div>\u00a0<\/div><div><b>CANAL MEGA<\/b>\u00a0<br \/><a id=\"OWA8b7804d7-a103-acb4-28d5-4f83178f68c9\" title=\"https:\/\/www.litoralpress.cl\/sitio\/RadioTV_Detalles.cshtml?LPKey=KDOZB2OV67RBD6LECL7CS6EADT7NDMP654EWKJTCYOTFO7ZPLAYCJT7NDDUUPXYDKJFAKDPKIOPDK\" href=\"https:\/\/www.litoralpress.cl\/sitio\/RadioTV_Detalles.cshtml?LPKey=KDOZB2OV67RBD6LECL7CS6EADT7NDMP654EWKJTCYOTFO7ZPLAYCJT7NDDUUPXYDKJFAKDPKIOPDK\" target=\"_blank\" rel=\"noopener noreferrer\" data-auth=\"NotApplicable\" data-linkindex=\"30\">Vinculan bots con campa\u00f1a de Kast. Se refiere Mauricio Morales Quiroz, director del Centro de An\u00e1lisis Pol\u00edtico (CAP-UTalca).<\/a>\u00a0<\/div><div>\u00a0<\/div><div><b>CANAL MEGA<\/b>\u00a0<br \/><a id=\"OWAe52fb7b1-6929-784a-e6b2-f5e7cd22cc2d\" title=\"https:\/\/www.litoralpress.cl\/sitio\/RadioTV_Detalles.cshtml?LPKey=3E7BR5V2WUCUWLIWTPXFIJ4XQJLUH5KHP7JYMK73IVZGUQBGDSWON5EBZUIW4FN7LO5CTSD45P5QS\" href=\"https:\/\/www.litoralpress.cl\/sitio\/RadioTV_Detalles.cshtml?LPKey=3E7BR5V2WUCUWLIWTPXFIJ4XQJLUH5KHP7JYMK73IVZGUQBGDSWON5EBZUIW4FN7LO5CTSD45P5QS\" target=\"_blank\" rel=\"noopener noreferrer\" data-auth=\"NotApplicable\" data-linkindex=\"31\">&#8220;Operaci\u00f3n bots&#8221; impacta carrera presidencial. Se refiere Mauricio Morales Quiroz, director del Centro de An\u00e1lisis Pol\u00edtico (CAP-UTalca).<\/a>\u00a0<\/div><div>\u00a0<\/div><div><b>LA TERCERA<\/b>\u00a0<br \/><a id=\"OWAfd8c15bf-5e3f-8b2e-7912-9abc869f52b0\" title=\"https:\/\/www.litoralpress.cl\/paginaconsultas\/Servicios_NClipWeb\/Get_Imagen_Nota.aspx?LPKey=CBA4O45C2X3UFUQMIUXMHWLFPQ3UMQLH62U5WVOZT5UOPWYU2FGN5K7L5OKTPTSR3CJPKXUYQW6JE\" href=\"https:\/\/www.litoralpress.cl\/paginaconsultas\/Servicios_NClipWeb\/Get_Imagen_Nota.aspx?LPKey=CBA4O45C2X3UFUQMIUXMHWLFPQ3UMQLH62U5WVOZT5UOPWYU2FGN5K7L5OKTPTSR3CJPKXUYQW6JE\" target=\"_blank\" rel=\"noopener noreferrer\" data-auth=\"NotApplicable\" data-linkindex=\"32\">La paz social en un gobierno de derecha. Se refiere Mauricio Morales Quiroz, director del Centro de An\u00e1lisis Pol\u00edtico (CAP-UTalca).<\/a>\u00a0<\/div><div>\u00a0<\/div><div><b>LA TERCERA ONLINE<\/b>\u00a0<br \/><a id=\"OWA5be473d2-7b83-df78-7606-7eda37a2bcff\" title=\"https:\/\/www.latercera.com\/opinion\/noticia\/la-paz-social-en-un-gobierno-de-derecha\/\" href=\"https:\/\/www.latercera.com\/opinion\/noticia\/la-paz-social-en-un-gobierno-de-derecha\/\" target=\"_blank\" rel=\"noopener noreferrer\" data-auth=\"NotApplicable\" data-linkindex=\"33\">La paz social en un gobierno de derecha. Se refiere Mauricio Morales Quiroz, director del Centro de An\u00e1lisis Pol\u00edtico (CAP-UTalca).<\/a>\u00a0<\/div><div>\u00a0<\/div><div><b>INOTICIAS<\/b>\u00a0<br \/><a id=\"OWA13f084eb-8b6d-0032-b4fc-91caa499e936\" title=\"https:\/\/inoticias.cl\/detalle\/la-paz-social-en-un-gobierno-de-derecha-1234235\" href=\"https:\/\/inoticias.cl\/detalle\/la-paz-social-en-un-gobierno-de-derecha-1234235\" target=\"_blank\" rel=\"noopener noreferrer\" data-auth=\"NotApplicable\" data-linkindex=\"34\">La paz social en un gobierno de derecha. Se refiere Mauricio Morales Quiroz, director del Centro de An\u00e1lisis Pol\u00edtico (CAP-UTalca).<\/a>\u00a0<\/div><div>\u00a0<\/div><div><b>NUEVO PODER<\/b>\u00a0<br \/><a id=\"OWA815cde85-9755-b77f-fd4a-3b3c46e7de3c\" title=\"https:\/\/www.nuevopoder.cl\/la-paz-social-en-un-gobierno-de-derecha\/\" href=\"https:\/\/www.nuevopoder.cl\/la-paz-social-en-un-gobierno-de-derecha\/\" target=\"_blank\" rel=\"noopener noreferrer\" data-auth=\"NotApplicable\" data-linkindex=\"35\">La paz social en un gobierno de derecha. Se refiere Mauricio Morales Quiroz, director del Centro de An\u00e1lisis Pol\u00edtico (CAP-UTalca).<\/a>\u00a0<\/div><div>\u00a0<\/div><div><b>CANAL MEGA <\/b>\u00a0<br \/><a id=\"OWA417fd7d7-9355-191f-58c3-7e9c832cc1ee\" title=\"https:\/\/www.litoralpress.cl\/sitio\/RadioTV_Detalles.cshtml?LPKey=CY6FQ7LYLFQMENX65DOAXXVAWWH3E4WQRBZVJEN7RGILOF3P2Q7JWY255MBIL6RLZTFJOPFEKG45O\" href=\"https:\/\/www.litoralpress.cl\/sitio\/RadioTV_Detalles.cshtml?LPKey=CY6FQ7LYLFQMENX65DOAXXVAWWH3E4WQRBZVJEN7RGILOF3P2Q7JWY255MBIL6RLZTFJOPFEKG45O\" target=\"_blank\" rel=\"noopener noreferrer\" data-auth=\"NotApplicable\" data-linkindex=\"36\">Jeannette Jara lidera las opciones presidenciales seg\u00fan las encuestas. Se refiere Mauricio Morales, director Centro de An\u00e1lisis Pol\u00edtico (CAP).<\/a>\u00a0 \u00a0<\/div><div><b>\u00a0EMOL <\/b>\u00a0<\/div><div><br \/><a id=\"OWA19f130cf-2b71-264d-6e81-a1e103ca5c85\" title=\"https:\/\/www.emol.com\/noticias\/Nacional\/2025\/09\/06\/1177182\/matthei-repunte-encuestas-comando.html\" href=\"https:\/\/www.emol.com\/noticias\/Nacional\/2025\/09\/06\/1177182\/matthei-repunte-encuestas-comando.html\" target=\"_blank\" rel=\"noopener noreferrer\" data-auth=\"NotApplicable\" data-linkindex=\"37\">\u00bfHay repunte? Comando de Matthei y expertos analizan incipiente alza en \u00faltimas encuestas. Se refiere Mario Herrera, acad\u00e9mico Centro de An\u00e1lisis Pol\u00edtico (CAP).<\/a> \u00a0<\/div><div>\u00a0<\/div><div><b>EMOL<\/b>\u00a0<br \/><a id=\"OWA8265dbc1-7f57-8573-088c-da9ba7cc6571\" title=\"https:\/\/www.emol.com\/noticias\/Nacional\/2025\/09\/06\/1177182\/matthei-repunte-encuestas-comando.html\" href=\"https:\/\/www.emol.com\/noticias\/Nacional\/2025\/09\/06\/1177182\/matthei-repunte-encuestas-comando.html\" target=\"_blank\" rel=\"noopener noreferrer\" data-auth=\"NotApplicable\" data-linkindex=\"38\">\u00bfHay repunte? Comando de Matthei y expertos analizan incipiente alza en \u00faltimas encuestas. Se refiere Mario Herrera Mu\u00f1oz, acad\u00e9mico del Centro de An\u00e1lisis Pol\u00edtico (CAP-UTalca)<\/a>\u00a0<\/div><div>\u00a0<\/div><div><b>EL LECTOR<\/b>\u00a0<br \/><a id=\"OWAf226b54e-4788-9156-e2d1-785c3ce0a4ea\" title=\"https:\/\/www.litoralpress.cl\/paginaconsultas\/Servicios_NClipWeb\/Get_Imagen_Nota.aspx?LPKey=UDU5HJARTFFHDPJDD7VU35J6YBMAJYNHZ3JMZCKZGX4WXSLFTE7AR666DBYAXZK5NJR54PGM4J4CY\" href=\"https:\/\/www.litoralpress.cl\/paginaconsultas\/Servicios_NClipWeb\/Get_Imagen_Nota.aspx?LPKey=UDU5HJARTFFHDPJDD7VU35J6YBMAJYNHZ3JMZCKZGX4WXSLFTE7AR666DBYAXZK5NJR54PGM4J4CY\" target=\"_blank\" rel=\"noopener noreferrer\" data-auth=\"NotApplicable\" data-linkindex=\"39\">Estudio detecta que personas mayores en Chile tienen solo un amigo cercano. Se refiere Iv\u00e1n Palomo Gonz\u00e1lez, director del Centro de Longevidad Vitalis y Emilio Moyano D\u00edaz, acad\u00e9mico de la Facultad de Psicolog\u00eda.<\/a>\u00a0\u00a0<\/div><div>\u00a0<\/div><div><b>PUBLIMICRO <\/b>\u00a0<br \/><a id=\"OWA68a4c33d-74a3-3f35-93b4-86c35de5568c\" title=\"https:\/\/publimicro.cl\/estudio-de-la-universidad-de-talca-detecta-que-personas-mayores-en-chile-tienen-solo-un-amigo-cercano\/\" href=\"https:\/\/publimicro.cl\/estudio-de-la-universidad-de-talca-detecta-que-personas-mayores-en-chile-tienen-solo-un-amigo-cercano\/\" target=\"_blank\" rel=\"noopener noreferrer\" data-auth=\"NotApplicable\" data-linkindex=\"40\">Estudio detecta que personas mayores en Chile tienen solo un amigo cercano. Se refiere Iv\u00e1n Palomo Gonz\u00e1lez, director del Centro de Longevidad Vitalis y Emilio Moyano D\u00edaz, acad\u00e9mico de la Facultad de Psicolog\u00eda.<\/a>\u00a0<\/div><div>\u00a0<\/div><div><b>LA NOTICIA<\/b>\u00a0<br \/><a id=\"OWAda3c5b00-c786-d6cb-e835-ca8fe554ca7e\" title=\"https:\/\/lanoticia.cl\/estudio-detecta-que-personas-mayores-en-chile-tienen-solo-un-amigo-cercano\/\" href=\"https:\/\/lanoticia.cl\/estudio-detecta-que-personas-mayores-en-chile-tienen-solo-un-amigo-cercano\/\" target=\"_blank\" rel=\"noopener noreferrer\" data-auth=\"NotApplicable\" data-linkindex=\"41\">Estudio detecta que personas mayores en Chile tienen solo un amigo cercano. Se refiere Iv\u00e1n Palomo Gonz\u00e1lez, director del Centro de Longevidad Vitalis y Emilio Moyano D\u00edaz, acad\u00e9mico de la Facultad de Psicolog\u00eda.<\/a>\u00a0<\/div><div>\u00a0<\/div><div><b>TIERRA AMARILLANO<\/b>\u00a0<br \/><a id=\"OWAced62a0f-4b12-03f9-4587-cbd1d6ca71b3\" title=\"https:\/\/tierramarillano.cl\/2025\/09\/05\/estudio-detecta-que-personas-mayores-en-chile-tienen-solo-un-amigo-cercano\/\" href=\"https:\/\/tierramarillano.cl\/2025\/09\/05\/estudio-detecta-que-personas-mayores-en-chile-tienen-solo-un-amigo-cercano\/\" target=\"_blank\" rel=\"noopener noreferrer\" data-auth=\"NotApplicable\" data-linkindex=\"42\">Estudio detecta que personas mayores en Chile tienen solo un amigo cercano. Se refiere Iv\u00e1n Palomo Gonz\u00e1lez, director del Centro de Longevidad Vitalis y Emilio Moyano D\u00edaz, acad\u00e9mico de la Facultad de Psicolog\u00eda.<\/a>\u00a0<\/div><div>\u00a0<\/div><div><b>HORA 12<\/b>\u00a0<br \/><a id=\"OWA4819193e-1ad2-7334-9213-d0d2a310a484\" title=\"https:\/\/hora12.cl\/2025\/09\/05\/soledad-en-la-tercera-edad-estudio-revela-que-adultos-mayores-chilenos-tienen-solo-un-amigo-de-confianza\/\" href=\"https:\/\/hora12.cl\/2025\/09\/05\/soledad-en-la-tercera-edad-estudio-revela-que-adultos-mayores-chilenos-tienen-solo-un-amigo-de-confianza\/\" target=\"_blank\" rel=\"noopener noreferrer\" data-auth=\"NotApplicable\" data-linkindex=\"43\">Soledad en la tercera edad: Estudio revela que adultos mayores chilenos tienen solo un amigo de confianza. Se refiere Iv\u00e1n Palomo Gonz\u00e1lez, director del Centro de Longevidad Vitalis y Emilio Moyano D\u00edaz, acad\u00e9mico de la Facultad de Psicolog\u00eda.<\/a>\u00a0<\/div><div>\u00a0<\/div><div><b>PORTAL PRENSA SALUD<\/b>\u00a0<br \/><a id=\"OWAdaaa85b6-8893-714b-7737-97fa3e102062\" title=\"https:\/\/portalprensasalud.cl\/2025\/09\/04\/estudio-detecta-que-personas-mayores-en-chile-tienen-solo-un-amigo-cercano\/\" href=\"https:\/\/portalprensasalud.cl\/2025\/09\/04\/estudio-detecta-que-personas-mayores-en-chile-tienen-solo-un-amigo-cercano\/\" target=\"_blank\" rel=\"noopener noreferrer\" data-auth=\"NotApplicable\" data-linkindex=\"44\">Estudio detecta que personas mayores en Chile tienen solo un amigo cercano. Se refiere Iv\u00e1n Palomo Gonz\u00e1lez, director del Centro de Longevidad Vitalis y Emilio Moyano D\u00edaz, acad\u00e9mico de la Facultad de Psicolog\u00eda.<\/a>\u00a0<\/div><div>\u00a0<\/div><div><b>G5 NOTICIA<\/b>\u00a0<br \/><a id=\"OWA34d884bd-f3a2-6ba2-e762-5431f463e3e4\" title=\"https:\/\/www.musicaynoticias.cl\/region-del-maule\/provincia-de-curico\/hualane\/hualane-se-convierte-en-la-primera-comuna-del-maule-en-implementar-atencion-odontologica-inclusiva-para-estudiantes-autistas-y-neurodivergentes\/\" href=\"https:\/\/www.musicaynoticias.cl\/region-del-maule\/provincia-de-curico\/hualane\/hualane-se-convierte-en-la-primera-comuna-del-maule-en-implementar-atencion-odontologica-inclusiva-para-estudiantes-autistas-y-neurodivergentes\/\" target=\"_blank\" rel=\"noopener noreferrer\" data-auth=\"NotApplicable\" data-linkindex=\"45\">Estudio detecta que personas mayores en Chile tienen solo un amigo cercano. Se refiere Iv\u00e1n Palomo Gonz\u00e1lez, director del Centro de Longevidad Vitalis y Emilio Moyano D\u00edaz, acad\u00e9mico de la Facultad de Psicolog\u00eda.<\/a>\u00a0<\/div><div>\u00a0<\/div><div><b>EL LONGINO<\/b>\u00a0<br \/><a id=\"OWA868f1ecf-d6cd-c1e5-4f90-f9fca93825eb\" title=\"https:\/\/www.litoralpress.cl\/sitio\/Prensa_Detalles.cshtml?LPKey=24BTPSGC2FFIMDWQMY5TT2HFPMHLZPZPTXSDPO3Y6Z6ESSE3374A\" href=\"https:\/\/www.litoralpress.cl\/sitio\/Prensa_Detalles.cshtml?LPKey=24BTPSGC2FFIMDWQMY5TT2HFPMHLZPZPTXSDPO3Y6Z6ESSE3374A\" target=\"_blank\" rel=\"noopener noreferrer\" data-auth=\"NotApplicable\" data-linkindex=\"46\">&#8220;Aulas en alerta&#8221;: c\u00f3mo la violencia escolar trep\u00f3 a la primera l\u00ednea y qu\u00e9 hacer para desactivar la escalada. Se refiere Carolina Iturra, decana de la Facultad de Psicolog\u00eda.<\/a> \u00a0<br \/>\u00a0<br \/><b>DIARIO EL HERALDO (PORTADA) <\/b>\u00a0<br \/><a id=\"OWA569c79f6-29c4-09d3-cf22-b4ff459bf12b\" title=\"https:\/\/www.litoralpress.cl\/sitio\/Prensa_Detalles.cshtml?LPKey=C2OD2IRJ7J54OR7UPKD4KABK4VQCO5YB73GW2BWVISAAEZJMIOBA\" href=\"https:\/\/www.litoralpress.cl\/sitio\/Prensa_Detalles.cshtml?LPKey=C2OD2IRJ7J54OR7UPKD4KABK4VQCO5YB73GW2BWVISAAEZJMIOBA\" target=\"_blank\" rel=\"noopener noreferrer\" data-auth=\"NotApplicable\" data-linkindex=\"47\">UTalca fue sede del XV Congreso Regional Explora y conmemor\u00f3 los 30 a\u00f1os del programa. Se refiere C\u00e9sar Retamal, jefe de la Unidad de Divulgaci\u00f3n y director de Explora Maule.<\/a>\u00a0 \u00a0<\/div><div>\u00a0<\/div><div><b>\u00a0PUBLIMICRO <\/b>\u00a0<br \/><a id=\"OWA830ceb7d-23be-f1e3-15d2-d13e6438db01\" title=\"https:\/\/publimicro.cl\/universidad-de-talca-fue-sede-del-xv-congreso-regional-explora-ocasion-en-la-que-conmemoro-los-30-anos-del-programa\/\" href=\"https:\/\/publimicro.cl\/universidad-de-talca-fue-sede-del-xv-congreso-regional-explora-ocasion-en-la-que-conmemoro-los-30-anos-del-programa\/\" target=\"_blank\" rel=\"noopener noreferrer\" data-auth=\"NotApplicable\" data-linkindex=\"48\">Universidad de Talca fue sede del XV Congreso Regional Explora, ocasi\u00f3n en la que conmemor\u00f3 los 30 a\u00f1os del programa. Se refiere C\u00e9sar Retamal, jefe de la Unidad de Divulgaci\u00f3n y director de Explora Maule.<\/a>\u00a0<b> \u00a0<\/b>\u00a0<\/div><div>\u00a0<\/div><div><b>DIARIO EL HERALDO <\/b>\u00a0<br \/><a id=\"OWA3f1e15c4-6c92-4e09-4462-74e21c206b70\" title=\"https:\/\/www.litoralpress.cl\/sitio\/Prensa_PaginaCompleta.cshtml?LPKey=ABMTLZC74LADYJMWJJPPDCNHJUQGJF3X6P5XQCLMGOWJKAI7H7JQ\" href=\"https:\/\/www.litoralpress.cl\/sitio\/Prensa_PaginaCompleta.cshtml?LPKey=ABMTLZC74LADYJMWJJPPDCNHJUQGJF3X6P5XQCLMGOWJKAI7H7JQ\" target=\"_blank\" rel=\"noopener noreferrer\" data-auth=\"NotApplicable\" data-linkindex=\"49\">UTalca fue sede del XV Congreso Regional Explora y conmemor\u00f3 los 30 a\u00f1os del programa. Se refiere C\u00e9sar Retamal, jefe de la Unidad de Divulgaci\u00f3n y director de Explora Maule.<\/a> \u00a0<\/div><div>\u00a0<\/div><div><b>MEDIABANCO<\/b>\u00a0<br \/><a id=\"OWA4f99fd5b-61ac-9bc1-3492-47b65874f1f7\" title=\"https:\/\/www.mediabanco.com\/utalca-fue-sede-del-xv-congreso-regional-explora-y-conmemoro-los-30-anos-del-programa\/\" href=\"https:\/\/www.mediabanco.com\/utalca-fue-sede-del-xv-congreso-regional-explora-y-conmemoro-los-30-anos-del-programa\/\" target=\"_blank\" rel=\"noopener noreferrer\" data-auth=\"NotApplicable\" data-linkindex=\"50\">UTalca fue sede del XV Congreso Regional Explora y conmemor\u00f3 los 30 a\u00f1os del programa. Se refiere C\u00e9sar Retamal, jefe de la Unidad de Divulgaci\u00f3n y director de Explora Maule\u202f<\/a>\u00a0<\/div><div>\u00a0<\/div><div><b>ADPRENSA<\/b>\u00a0<br \/><a id=\"OWAff30afd5-657c-5e31-3f04-9aa9b9565e4d\" title=\"https:\/\/www.adprensa.cl\/cronica\/utalca-fue-sede-del-xv-congreso-regional-explora-y-conmemoro-los-30-anos-del-programa\/\" href=\"https:\/\/www.adprensa.cl\/cronica\/utalca-fue-sede-del-xv-congreso-regional-explora-y-conmemoro-los-30-anos-del-programa\/\" target=\"_blank\" rel=\"noopener noreferrer\" data-auth=\"NotApplicable\" data-linkindex=\"51\">UTalca fue sede del XV Congreso Regional Explora y conmemor\u00f3 los 30 a\u00f1os del programa. Se refiere C\u00e9sar Retamal, jefe de la Unidad de Divulgaci\u00f3n y director de Explora Maule\u202f<\/a>\u00a0<\/div><div>\u00a0<\/div><div><b>CHILL\u00c1N ONLINE<\/b>\u00a0<br \/><a id=\"OWA532ff060-9da2-06df-ffbc-24c8c183dc2a\" title=\"https:\/\/www.chillanonline.cl\/V7\/2025\/09\/06\/utalca-fue-sede-del-xv-congreso-regional-explora-y-conmemoro-los-30-anos-del-programa\/\" href=\"https:\/\/www.chillanonline.cl\/V7\/2025\/09\/06\/utalca-fue-sede-del-xv-congreso-regional-explora-y-conmemoro-los-30-anos-del-programa\/\" target=\"_blank\" rel=\"noopener noreferrer\" data-auth=\"NotApplicable\" data-linkindex=\"52\">UTalca fue sede del XV Congreso Regional Explora y conmemor\u00f3 los 30 a\u00f1os del programa. Se refiere C\u00e9sar Retamal, jefe de la Unidad de Divulgaci\u00f3n y director de Explora Maule\u202f<\/a>\u00a0<\/div><div>\u00a0<\/div><div><b>EL LECTOR<\/b>\u00a0<br \/><a id=\"OWA4709c169-a3f6-4fc8-cef0-4c3e467f8fbb\" title=\"https:\/\/www.litoralpress.cl\/paginaconsultas\/Servicios_NClipWeb\/Get_Imagen_Nota.aspx?LPKey=HKFZM6UXRSPAVXMUQUQNQ5QX4C4QRF6CQZUGZEVEUTTODZBEHPNCREVBESYC32AFTUBLK5RZFK4XG\" href=\"https:\/\/www.litoralpress.cl\/paginaconsultas\/Servicios_NClipWeb\/Get_Imagen_Nota.aspx?LPKey=HKFZM6UXRSPAVXMUQUQNQ5QX4C4QRF6CQZUGZEVEUTTODZBEHPNCREVBESYC32AFTUBLK5RZFK4XG\" target=\"_blank\" rel=\"noopener noreferrer\" data-auth=\"NotApplicable\" data-linkindex=\"53\">Con \u00e9xito se realiz\u00f3 seminario casos pr\u00e1cticos de lA y digitalizaci\u00f3n en sector alimentario del Maule. Se refiere Jos\u00e9 Antonio Reyes, director ejecutivo de Thinkagro.\u202f<\/a>\u00a0<\/div><div>\u00a0<\/div><div><b>EL RANCAG\u00dcINO<\/b>\u00a0<br \/><a id=\"OWA5d3a4842-4d69-c0ad-6549-b09184a34430\" title=\"https:\/\/www.elrancaguino.cl\/2025\/09\/06\/cuales-son-las-enfermedades-mas-comunes-del-embarazo\/\" href=\"https:\/\/www.elrancaguino.cl\/2025\/09\/06\/cuales-son-las-enfermedades-mas-comunes-del-embarazo\/\" target=\"_blank\" rel=\"noopener noreferrer\" data-auth=\"NotApplicable\" data-linkindex=\"54\">\u00bfCu\u00e1les son las enfermedades m\u00e1s comunes del embarazo? Se refiere Felipe Su\u00e1rez, director de la Escuela de Obstetricia y Puericultura.<\/a>\u00a0<\/div><div>\u00a0<\/div><div><b>AD PRENSA<\/b>\u00a0<br \/><a id=\"OWA0b3a9fea-1940-6ca3-c8ed-3f5264b31a1e\" title=\"https:\/\/www.adprensa.cl\/cronica\/estudiantes-de-odontologia-realizaron-mas-de-900-prestaciones-en-operativo-de-invierno\/\" href=\"https:\/\/www.adprensa.cl\/cronica\/estudiantes-de-odontologia-realizaron-mas-de-900-prestaciones-en-operativo-de-invierno\/\" target=\"_blank\" rel=\"noopener noreferrer\" data-auth=\"NotApplicable\" data-linkindex=\"55\">Estudiantes de Odontolog\u00eda realizaron m\u00e1s de 900 prestaciones en operativo de invierno. Se refiere Marcela Espinosa, directora (s) Escuela de Odontolog\u00eda.<\/a>\u00a0<\/div><div>\u00a0<\/div><div><b>CHILL\u00c1N ONLINE<\/b>\u00a0<br \/><a id=\"OWA7e9f38fb-bd34-ab03-4145-9f7f236c4ce2\" title=\"https:\/\/www.chillanonline.cl\/V7\/2025\/09\/07\/estudiantes-de-odontologia-realizaron-mas-de-900-prestaciones-en-operativo-de-invierno\/\" href=\"https:\/\/www.chillanonline.cl\/V7\/2025\/09\/07\/estudiantes-de-odontologia-realizaron-mas-de-900-prestaciones-en-operativo-de-invierno\/\" target=\"_blank\" rel=\"noopener noreferrer\" data-auth=\"NotApplicable\" data-linkindex=\"56\">Estudiantes de Odontolog\u00eda realizaron m\u00e1s de 900 prestaciones en operativo de invierno. Se refiere Marcela Espinosa, directora (s) Escuela de Odontolog\u00eda.<\/a>\u00a0<\/div><div>\u00a0<\/div><div><b>RADIO MAULE SUR<\/b>\u00a0<br \/><a id=\"OWA4b4c5947-57bf-140c-f87f-d939706f66c4\" title=\"https:\/\/www.radiomaulesur.cl\/2025\/09\/estudiantes-de-odontologia-realizaron.html\" href=\"https:\/\/www.radiomaulesur.cl\/2025\/09\/estudiantes-de-odontologia-realizaron.html\" target=\"_blank\" rel=\"noopener noreferrer\" data-auth=\"NotApplicable\" data-linkindex=\"57\">Estudiantes de Odontolog\u00eda realizaron m\u00e1s de 900 prestaciones en operativo de invierno. Se refiere Marcela Espinosa, directora (s) Escuela de Odontolog\u00eda.<\/a>\u00a0<\/div><div>\u00a0<\/div><div><b>EL MERCURIO<\/b>\u00a0<br \/><a id=\"OWA71c8e47a-cba1-d21b-5baf-f99733a39d5e\" title=\"https:\/\/www.litoralpress.cl\/paginaconsultas\/Servicios_NClipWeb\/Get_Imagen_Nota.aspx?LPKey=MKDFW327A2WHTOI2TGE5OYAJPSV54HWE53U3GFKP62KMNAXQC7QIRLENZQTSIKGQND6S3KA7OAMGK\" href=\"https:\/\/www.litoralpress.cl\/paginaconsultas\/Servicios_NClipWeb\/Get_Imagen_Nota.aspx?LPKey=MKDFW327A2WHTOI2TGE5OYAJPSV54HWE53U3GFKP62KMNAXQC7QIRLENZQTSIKGQND6S3KA7OAMGK\" target=\"_blank\" rel=\"noopener noreferrer\" data-auth=\"NotApplicable\" data-linkindex=\"58\">COLUMNAS DE OPINI\u00d3N: \u00bfD\u00f3nde est\u00e1 la m\u00fasica? Se menciona la Universidad de Talca.<\/a>\u00a0<\/div><div>\u00a0<\/div><div><b>LA PRENSA DE CURIC\u00d3<\/b>\u00a0<br \/><a id=\"OWAe95bc61d-a173-00d1-60ff-7f6cdb1b3c7e\" title=\"https:\/\/www.litoralpress.cl\/paginaconsultas\/Servicios_NClipWeb\/Get_Imagen_Nota.aspx?LPKey=5YYRQGB34KK4A7BGCT6W3SXQHLWN7RBKZ5KPB5YBYUKR3CVTS6HX2AAL6PVHL6Z5OZQIP2JDCDAAC\" href=\"https:\/\/www.litoralpress.cl\/paginaconsultas\/Servicios_NClipWeb\/Get_Imagen_Nota.aspx?LPKey=5YYRQGB34KK4A7BGCT6W3SXQHLWN7RBKZ5KPB5YBYUKR3CVTS6HX2AAL6PVHL6Z5OZQIP2JDCDAAC\" target=\"_blank\" rel=\"noopener noreferrer\" data-auth=\"NotApplicable\" data-linkindex=\"59\">Sucede. Se menciona la Universidad de Talca.<\/a>\u00a0\u00a0<\/div><div>\u00a0<\/div><div><b>UNIVERSIDAD DE CHILE<\/b>\u00a0<br \/><a id=\"OWAf98866fa-799d-ff3c-71e3-7ed6f4149533\" title=\"https:\/\/saludpublica.uchile.cl\/noticias\/232197\/fortalecimiento-de-redes-globales-en-conferencia-isesisee2025-atlanta\" href=\"https:\/\/saludpublica.uchile.cl\/noticias\/232197\/fortalecimiento-de-redes-globales-en-conferencia-isesisee2025-atlanta\" target=\"_blank\" rel=\"noopener noreferrer\" data-auth=\"NotApplicable\" data-linkindex=\"60\">La Escuela de Salud P\u00fablica fortaleci\u00f3 redes globales en la conferencia ISES\u2013ISEE 2025 en Atlanta. Se menciona la Universidad de Talca.<\/a>\u00a0<\/div><div>\u00a0<\/div><div><b>EL MAULE INFORMA<\/b>\u00a0<br \/><a id=\"OWA7ab81002-870e-a45b-ed42-932e8124989c\" title=\"https:\/\/elmauleinforma.cl\/foro-analizara-el-desarrollo-del-maule-en-perspectiva-de-la-cuadruple-helice\/\" href=\"https:\/\/elmauleinforma.cl\/foro-analizara-el-desarrollo-del-maule-en-perspectiva-de-la-cuadruple-helice\/\" target=\"_blank\" rel=\"noopener noreferrer\" data-auth=\"NotApplicable\" data-linkindex=\"61\">Junta de Adelanto del Maule organiza foro que analizar\u00e1 el desarrollo regional en modelo de la Cu\u00e1druple H\u00e9lice. Se menciona la Universidad de Talca.<\/a>\u00a0<\/div><div>\u00a0<\/div><div><b>RADIOLAUTARO<\/b>\u00a0<br \/><a id=\"OWAa8c57450-4122-15ab-4b65-4608e45d66bc\" title=\"https:\/\/radiolautarotalca.cl\/gobierno-fomenta-la-inclusion-digital-en-personas-mayores\/\" href=\"https:\/\/radiolautarotalca.cl\/gobierno-fomenta-la-inclusion-digital-en-personas-mayores\/\" target=\"_blank\" rel=\"noopener noreferrer\" data-auth=\"NotApplicable\" data-linkindex=\"62\">Gobierno fomenta la inclusi\u00f3n digital en personas mayores. Se menciona la Universidad de Talca.<\/a>\u00a0<\/div><div>\u00a0<\/div><div><b>LA PRENSA DE CURIC\u00d3<\/b>\u00a0<br \/><a id=\"OWAf7fa5750-6580-987b-752e-b26f8bbb7e74\" title=\"https:\/\/www.litoralpress.cl\/paginaconsultas\/Servicios_NClipWeb\/Get_Imagen_Nota.aspx?LPKey=AF4N5EZQADVDWS3ZD3XJAJVKLH5GLGT4IJRGQHOP2VPLEQVR4H3VUMMSDS4HHZDUGLZRZ5IMITHDY\" href=\"https:\/\/www.litoralpress.cl\/paginaconsultas\/Servicios_NClipWeb\/Get_Imagen_Nota.aspx?LPKey=AF4N5EZQADVDWS3ZD3XJAJVKLH5GLGT4IJRGQHOP2VPLEQVR4H3VUMMSDS4HHZDUGLZRZ5IMITHDY\" target=\"_blank\" rel=\"noopener noreferrer\" data-auth=\"NotApplicable\" data-linkindex=\"63\">\u201cEl a\u00f1o 2025 no tuvimos esa dificultad y para el a\u00f1o 2026, ya est\u00e1 pronto a ser adjudicado\u201d. Se menciona la Universidad de Talca<\/a><\/div><div>\u00a0<\/div><div><b>DIARIO EL HERALDO<\/b>\u00a0<br \/><a id=\"OWAd5b0def8-9c5b-e723-1ffe-2013b5889ee3\" title=\"https:\/\/www.diarioelheraldo.cl\/noticia\/gobierno-de-chile-presenta-en-el-maule-la-guia-de-orientacion-gerontologica-y-la-estrategia-nacional-de-inclusion-digital-para-personas-mayores\" href=\"https:\/\/www.diarioelheraldo.cl\/noticia\/gobierno-de-chile-presenta-en-el-maule-la-guia-de-orientacion-gerontologica-y-la-estrategia-nacional-de-inclusion-digital-para-personas-mayores\" target=\"_blank\" rel=\"noopener noreferrer\" data-auth=\"NotApplicable\" data-linkindex=\"64\">Gobierno de Chile presenta en el Maule la gu\u00eda de orientaci\u00f3n gerontol\u00f3gica y la estrategia nacional de inclusi\u00f3n digital para personas mayores. Se menciona la Universidad de Talca.<\/a>\u00a0<\/div><div>\u00a0<\/div><div><b>RADIO ANCOA<\/b>\u00a0<br \/><a id=\"OWAe5dfac38-91d1-37b2-9e2b-1164700d676d\" title=\"https:\/\/www.radioancoa.cl\/categoria\/regional\/presentacion-guia-gerontologica-estrategia-digital-maule\" href=\"https:\/\/www.radioancoa.cl\/categoria\/regional\/presentacion-guia-gerontologica-estrategia-digital-maule\" target=\"_blank\" rel=\"noopener noreferrer\" data-auth=\"NotApplicable\" data-linkindex=\"65\">Presentaci\u00f3n de gu\u00eda gerontol\u00f3gica y estrategia digital en Maule. Se menciona la Universidad de Talca.<\/a>\u00a0<\/div><div>\u00a0<\/div><div><b>M\u00daSICA Y NOTICIAS<\/b>\u00a0<br \/><a id=\"OWA8b61c0f2-5e42-aa1c-6694-a473f256aef3\" title=\"https:\/\/www.musicaynoticias.cl\/region-del-maule\/provincia-de-curico\/hualane\/hualane-se-convierte-en-la-primera-comuna-del-maule-en-implementar-atencion-odontologica-inclusiva-para-estudiantes-autistas-y-neurodivergentes\/\" href=\"https:\/\/www.musicaynoticias.cl\/region-del-maule\/provincia-de-curico\/hualane\/hualane-se-convierte-en-la-primera-comuna-del-maule-en-implementar-atencion-odontologica-inclusiva-para-estudiantes-autistas-y-neurodivergentes\/\" target=\"_blank\" rel=\"noopener noreferrer\" data-auth=\"NotApplicable\" data-linkindex=\"66\">Huala\u00f1\u00e9 se convierte en la primera comuna del Maule en implementar atenci\u00f3n odontol\u00f3gica inclusiva para estudiantes autistas y neurodivergentes. Se menciona la Universidad de Talca<\/a>\u00a0<\/div><div>\u00a0<\/div><div><b>DIARIO EL HERALDO <\/b>\u00a0<br \/><a id=\"OWA9a919ce3-f8d0-c907-fd39-fce8895560ff\" title=\"https:\/\/www.litoralpress.cl\/sitio\/Prensa_Detalles.cshtml?LPKey=NGOXSM4OA2MJY62HS6WGELOHDRSF5DPLKL7NLOKUQJBLXRFNSTXQ\" href=\"https:\/\/www.litoralpress.cl\/sitio\/Prensa_Detalles.cshtml?LPKey=NGOXSM4OA2MJY62HS6WGELOHDRSF5DPLKL7NLOKUQJBLXRFNSTXQ\" target=\"_blank\" rel=\"noopener noreferrer\" data-auth=\"NotApplicable\" data-linkindex=\"67\">Profesor Pedro Zamorano ingres\u00f3 a la Academia Chilena da la Historia. Se mencionada Universidad de Talca.<\/a> \u00a0<\/div>\t\t\t\t\t\t<\/div>\n\t\t\t\t<\/div>\n\t\t\t\t\t<\/div>\n\t\t<\/div>\n\t\t\t\t\t\t\t<\/div>\n\t\t<\/section>\n\t\t\t\t\t\t<\/div>\n\t\t\t\t\t<\/div>\n\t\t","protected":false},"excerpt":{"rendered":"<p>EL MERCURIO\u00a0Planteles deber\u00e1n reportar sueldos y RUN de sus trabajadores pese a ley de datos personales. Se refiere Carlos Torres Fuchslocher, rector.\u00a0\u00a0MSN CHILE\u00a0Este fin de semana es el cambio de hora 2025 en Chile: revisa aqu\u00ed todos los detalles del nuevo horario de verano. Se refiere Roberto Ferreira, acad\u00e9mico de la Facultad de Ciencias de &hellip;<\/p>\n<p class=\"read-more\"> <a class=\"\" href=\"https:\/\/www.reportedeprensa.utalca.cl\/?p=12515\"> <span class=\"screen-reader-text\">08 de septiembre 2025<\/span> Read More &raquo;<\/a><\/p>\n","protected":false},"author":1,"featured_media":0,"comment_status":"closed","ping_status":"open","sticky":false,"template":"","format":"standard","meta":{"_monsterinsights_skip_tracking":false,"_monsterinsights_sitenote_active":false,"_monsterinsights_sitenote_note":"","_monsterinsights_sitenote_category":0},"categories":[63],"tags":[],"_links":{"self":[{"href":"https:\/\/www.reportedeprensa.utalca.cl\/index.php?rest_route=\/wp\/v2\/posts\/12515"}],"collection":[{"href":"https:\/\/www.reportedeprensa.utalca.cl\/index.php?rest_route=\/wp\/v2\/posts"}],"about":[{"href":"https:\/\/www.reportedeprensa.utalca.cl\/index.php?rest_route=\/wp\/v2\/types\/post"}],"author":[{"embeddable":true,"href":"https:\/\/www.reportedeprensa.utalca.cl\/index.php?rest_route=\/wp\/v2\/users\/1"}],"replies":[{"embeddable":true,"href":"https:\/\/www.reportedeprensa.utalca.cl\/index.php?rest_route=%2Fwp%2Fv2%2Fcomments&post=12515"}],"version-history":[{"count":5,"href":"https:\/\/www.reportedeprensa.utalca.cl\/index.php?rest_route=\/wp\/v2\/posts\/12515\/revisions"}],"predecessor-version":[{"id":12520,"href":"https:\/\/www.reportedeprensa.utalca.cl\/index.php?rest_route=\/wp\/v2\/posts\/12515\/revisions\/12520"}],"wp:attachment":[{"href":"https:\/\/www.reportedeprensa.utalca.cl\/index.php?rest_route=%2Fwp%2Fv2%2Fmedia&parent=12515"}],"wp:term":[{"taxonomy":"category","embeddable":true,"href":"https:\/\/www.reportedeprensa.utalca.cl\/index.php?rest_route=%2Fwp%2Fv2%2Fcategories&post=12515"},{"taxonomy":"post_tag","embeddable":true,"href":"https:\/\/www.reportedeprensa.utalca.cl\/index.php?rest_route=%2Fwp%2Fv2%2Ftags&post=12515"}],"curies":[{"name":"wp","href":"https:\/\/api.w.org\/{rel}","templated":true}]}}