{"id":12537,"date":"2025-09-09T12:24:23","date_gmt":"2025-09-09T15:24:23","guid":{"rendered":"https:\/\/www.reportedeprensa.utalca.cl\/?p=12537"},"modified":"2025-09-09T12:24:47","modified_gmt":"2025-09-09T15:24:47","slug":"09-de-septiembre-2025","status":"publish","type":"post","link":"https:\/\/www.reportedeprensa.utalca.cl\/?p=12537","title":{"rendered":"09 de septiembre 2025"},"content":{"rendered":"\t\t<div data-elementor-type=\"wp-post\" data-elementor-id=\"12537\" class=\"elementor elementor-12537\" data-elementor-settings=\"[]\">\n\t\t\t\t\t\t\t<div class=\"elementor-section-wrap\">\n\t\t\t\t\t\t\t<section class=\"elementor-section elementor-top-section elementor-element elementor-element-bcea1a8 elementor-section-boxed elementor-section-height-default elementor-section-height-default\" data-id=\"bcea1a8\" data-element_type=\"section\">\n\t\t\t\t\t\t<div class=\"elementor-container elementor-column-gap-default\">\n\t\t\t\t\t<div class=\"elementor-column elementor-col-100 elementor-top-column elementor-element elementor-element-e7183bf\" data-id=\"e7183bf\" data-element_type=\"column\">\n\t\t\t<div class=\"elementor-widget-wrap elementor-element-populated\">\n\t\t\t\t\t\t\t\t<div class=\"elementor-element elementor-element-64ba280 elementor-widget elementor-widget-text-editor\" data-id=\"64ba280\" data-element_type=\"widget\" data-widget_type=\"text-editor.default\">\n\t\t\t\t<div class=\"elementor-widget-container\">\n\t\t\t\t\t\t\t\t<div><b data-olk-copy-source=\"MessageBody\">EL MERCURIO<\/b>\u00a0<br \/><a id=\"OWA7a2d06fd-e913-ba15-6d1e-8f9615638219\" title=\"https:\/\/www.litoralpress.cl\/paginaconsultas\/Servicios_NClipWeb\/Get_Imagen_Nota.aspx?LPKey=HS3QOE5S6JU6DNAXIIZCPRIV7HP2Y6AODVVQVEZYFHAESG4UQJMDFZBCQDIWJYUYVEMDQ3JG7OGCA\" href=\"https:\/\/www.litoralpress.cl\/paginaconsultas\/Servicios_NClipWeb\/Get_Imagen_Nota.aspx?LPKey=HS3QOE5S6JU6DNAXIIZCPRIV7HP2Y6AODVVQVEZYFHAESG4UQJMDFZBCQDIWJYUYVEMDQ3JG7OGCA\" target=\"_blank\" rel=\"noopener noreferrer\" data-auth=\"NotApplicable\" data-linkindex=\"0\">Los distintos tipos de depresi\u00f3n se incrementan en primavera y hay que estar atentos a las se\u00f1ales. Se refiere Ver\u00f3nica Vitriol, acad\u00e9mica de la Facultad de Medicina.<\/a>\u00a0<\/div><div>\u00a0<\/div><div><b>CANAL TVN<\/b>\u00a0<br \/><a id=\"OWA6a946dd8-cd9a-def5-2ed7-bf09df2cbb33\" title=\"https:\/\/www.litoralpress.cl\/sitio\/RadioTV_Detalles.cshtml?LPKey=66RI7S652OLB5HBB7SER6FC3IMYS3DWKQTIY6OR73GDQO6MFOYHLH777TCXQKK4ZJQ3H23FQFSG3U\" href=\"https:\/\/www.litoralpress.cl\/sitio\/RadioTV_Detalles.cshtml?LPKey=66RI7S652OLB5HBB7SER6FC3IMYS3DWKQTIY6OR73GDQO6MFOYHLH777TCXQKK4ZJQ3H23FQFSG3U\" target=\"_blank\" rel=\"noopener noreferrer\" data-auth=\"NotApplicable\" data-linkindex=\"1\">Personas mayores en Chile tienen un s\u00f3lo amigo cercano. Se refiere Emilio Moyano, acad\u00e9mico de la Facultad de Psicolog\u00eda<\/a>\u00a0<\/div><div>\u00a0<\/div><div><b>COOPERATIVA CIENCIA<\/b>\u00a0<br \/><a id=\"OWA1c95b92f-7d0d-40f2-0e55-bd3dfaacdf79\" title=\"https:\/\/www.cooperativaciencia.cl\/salud\/2025\/09\/08\/estudio-revela-que-personas-mayores-en-chile-tienen-solo-un-amigo-cercano\/\" href=\"https:\/\/www.cooperativaciencia.cl\/salud\/2025\/09\/08\/estudio-revela-que-personas-mayores-en-chile-tienen-solo-un-amigo-cercano\/\" target=\"_blank\" rel=\"noopener noreferrer\" data-auth=\"NotApplicable\" data-linkindex=\"2\">Estudio revela que personas mayores en Chile tienen solo un amigo cercano. Se refiere Emilio Moyano, acad\u00e9mico de la Facultad de Psicolog\u00eda<\/a>\u00a0<\/div><div>\u00a0<\/div><div><b>RADIO BIOB\u00cdO<\/b>\u00a0<br \/><a id=\"OWA38a4b05e-b687-ecf6-e3ee-84f2c43806a3\" title=\"https:\/\/www.litoralpress.cl\/sitio\/RadioTV_Detalles.cshtml?LPKey=VZ56B6P7XGP5OUTNQSZATECYXZR3YFZPW5D7ZYARFZG6HBBPNQ4W5WOYDDPGC6T6PT7KM2ICVAMOC\" href=\"https:\/\/www.litoralpress.cl\/sitio\/RadioTV_Detalles.cshtml?LPKey=VZ56B6P7XGP5OUTNQSZATECYXZR3YFZPW5D7ZYARFZG6HBBPNQ4W5WOYDDPGC6T6PT7KM2ICVAMOC\" target=\"_blank\" rel=\"noopener noreferrer\" data-auth=\"NotApplicable\" data-linkindex=\"3\">Entrevista a Emilio Moyano, acad\u00e9mico de la Facultad de Psicolog\u00eda.<\/a>\u00a0\u00a0<\/div><div>\u00a0<\/div><div><b>BIOB\u00cdO TV<\/b>\u00a0<br \/><a id=\"OWA1fce7584-1bd2-7cb9-9dd7-dc9e59200afb\" title=\"https:\/\/www.litoralpress.cl\/sitio\/RadioTV_Detalles.cshtml?LPKey=3CMEM6TPE63E3B4YPCOWHZ6CQ2JQFIXOLDYQV55QYRSA77LB5SW273FAP7LTGAKCYQK23J6475WZI\" href=\"https:\/\/www.litoralpress.cl\/sitio\/RadioTV_Detalles.cshtml?LPKey=3CMEM6TPE63E3B4YPCOWHZ6CQ2JQFIXOLDYQV55QYRSA77LB5SW273FAP7LTGAKCYQK23J6475WZI\" target=\"_blank\" rel=\"noopener noreferrer\" data-auth=\"NotApplicable\" data-linkindex=\"4\">Entrevista a Emilio Moyano, acad\u00e9mico de la Facultad de Psicolog\u00eda.<\/a>\u00a0<\/div><div>\u00a0<\/div><div><b>THE CLINIC<\/b>\u00a0<br \/><a id=\"OWA39b4d1d8-7921-b7fe-3117-8e58da9f266e\" title=\"https:\/\/www.theclinic.cl\/2025\/09\/08\/la-socializacion-es-fundamental-estudio-revela-que-adultos-mayores-en-chile-solo-tienen-a-un-amigo-cercano\/\" href=\"https:\/\/www.theclinic.cl\/2025\/09\/08\/la-socializacion-es-fundamental-estudio-revela-que-adultos-mayores-en-chile-solo-tienen-a-un-amigo-cercano\/\" target=\"_blank\" rel=\"noopener noreferrer\" data-auth=\"NotApplicable\" data-linkindex=\"5\">\u201cLa socializaci\u00f3n es fundamental\u201d: estudio revela que adultos mayores en Chile solo tienen a un amigo cercano. Se refiere Emilio Moyano, acad\u00e9mico de la Facultad de Psicolog\u00eda<\/a>\u00a0<\/div><div>\u00a0<\/div><div><b>TV5<\/b>\u00a0<br \/><a id=\"OWAa246e057-89b3-98fa-dde3-4ea745e6e850\" title=\"https:\/\/www.tv5.cl\/categoria\/local\/adultos-mayores-chile-amigo-cercano\" href=\"https:\/\/www.tv5.cl\/categoria\/local\/adultos-mayores-chile-amigo-cercano\" target=\"_blank\" rel=\"noopener noreferrer\" data-auth=\"NotApplicable\" data-linkindex=\"6\">Adultos mayores en Chile tienen solo un amigo cercano. Se refiere Emilio Moyano, acad\u00e9mico de la Facultad de Psicolog\u00eda<\/a>\u00a0<\/div><div>\u00a0<\/div><div><b>RADIO ANCOA<\/b>\u00a0<br \/><a id=\"OWA3eaf2302-a89d-f9ca-5ad2-2f27c7cd2d33\" title=\"https:\/\/www.radioancoa.cl\/categoria\/regional\/adultos-mayores-chile-amigo-cercano\" href=\"https:\/\/www.radioancoa.cl\/categoria\/regional\/adultos-mayores-chile-amigo-cercano\" target=\"_blank\" rel=\"noopener noreferrer\" data-auth=\"NotApplicable\" data-linkindex=\"7\">Adultos mayores en Chile tienen solo un amigo cercano. Se refiere Emilio Moyano, acad\u00e9mico de la Facultad de Psicolog\u00eda<\/a>\u00a0<\/div><div>\u00a0<\/div><div><b>AD PRENSA<\/b>\u00a0<br \/><a id=\"OWAd23d261a-b3cb-0e6b-b136-2a3b94324cb2\" title=\"https:\/\/www.litoralpress.cl\/sitio\/MediosOnline_Detalles.cshtml?LPKey=UPMO37EAGWLH4KV2CVQAHME25OUODHZWF2UDINTLHVGA76GF5YEBFM35V2RZW3NN5SQOAILILLMWK\" href=\"https:\/\/www.litoralpress.cl\/sitio\/MediosOnline_Detalles.cshtml?LPKey=UPMO37EAGWLH4KV2CVQAHME25OUODHZWF2UDINTLHVGA76GF5YEBFM35V2RZW3NN5SQOAILILLMWK\" target=\"_blank\" rel=\"noopener noreferrer\" data-auth=\"NotApplicable\" data-linkindex=\"8\">Estudio identific\u00f3 factores que predicen la ausencia prolongada de trabajadores tras accidentes laborales. Se refiere Sandra Alvear, acad\u00e9mica de la Facultad de Econom\u00eda y Negocios.<\/a>\u00a0<\/div><div>\u00a0<\/div><div><b>CR\u00d3NICA DIGITAL<\/b>\u00a0<br \/><a id=\"OWA9d9b0e49-2a41-5dd0-15d0-ce96fe983a13\" title=\"https:\/\/cronicadigital.cl\/2025\/09\/08\/estudio-identifico-factores-que-predicen-la-ausencia-prolongada-de-trabajadores-tras-accidentes-laborales\/\" href=\"https:\/\/cronicadigital.cl\/2025\/09\/08\/estudio-identifico-factores-que-predicen-la-ausencia-prolongada-de-trabajadores-tras-accidentes-laborales\/\" target=\"_blank\" rel=\"noopener noreferrer\" data-auth=\"NotApplicable\" data-linkindex=\"9\">Estudio identific\u00f3 factores que predicen la ausencia prolongada de trabajadores tras accidentes laborales. Se refiere Sandra Alvear, acad\u00e9mica de la Facultad de Econom\u00eda y Negocios.<\/a>\u00a0<\/div><div>\u00a0<\/div><div><b>PORTAL RED SALUD<\/b>\u00a0<br \/><a id=\"OWA2891b488-ade2-9296-958e-4443b01863e6\" title=\"https:\/\/portalredsalud.cl\/2025\/09\/08\/estudio-identifico-factores-que-predicen-la-ausencia-prolongada-de-trabajadores-tras-accidentes-laborales\/\" href=\"https:\/\/portalredsalud.cl\/2025\/09\/08\/estudio-identifico-factores-que-predicen-la-ausencia-prolongada-de-trabajadores-tras-accidentes-laborales\/\" target=\"_blank\" rel=\"noopener noreferrer\" data-auth=\"NotApplicable\" data-linkindex=\"10\">Estudio identific\u00f3 factores que predicen la ausencia prolongada de trabajadores tras accidentes laborales. Se refiere Sandra Alvear, acad\u00e9mica de la Facultad de Econom\u00eda y Negocios.<\/a>\u00a0<\/div><div>\u00a0<\/div><div><b>EL MOSTRADOR<\/b>\u00a0<br \/><a id=\"OWA45b90fc4-fe47-601f-977e-026543abb2a8\" title=\"https:\/\/www.elmostrador.cl\/datos-utiles\/2025\/09\/08\/cambio-de-hora-en-chile-especialistas-entregan-recomendaciones-para-enfrentar-el-ajuste-al-horario\/\" href=\"https:\/\/www.elmostrador.cl\/datos-utiles\/2025\/09\/08\/cambio-de-hora-en-chile-especialistas-entregan-recomendaciones-para-enfrentar-el-ajuste-al-horario\/\" target=\"_blank\" rel=\"noopener noreferrer\" data-auth=\"NotApplicable\" data-linkindex=\"11\">Cambio de hora en Chile: especialistas entregan recomendaciones para enfrentar el ajuste al horario. Se refiere Roberto Ferreira, acad\u00e9mico de la Facultad de Ciencias de la Educaci\u00f3n.<\/a>\u00a0<\/div><div>\u00a0<\/div><div><b>PUBLIMICRO<\/b>\u00a0<br \/><a id=\"OWA6bc3b5aa-c05e-e42b-5c2d-a85dfb05ef27\" title=\"https:\/\/publimicro.cl\/estudiantes-de-odontologia-realizaron-mas-de-900-prestaciones-en-operativo-de-invierno\/\" href=\"https:\/\/publimicro.cl\/estudiantes-de-odontologia-realizaron-mas-de-900-prestaciones-en-operativo-de-invierno\/\" target=\"_blank\" rel=\"noopener noreferrer\" data-auth=\"NotApplicable\" data-linkindex=\"12\">Estudiantes de Odontolog\u00eda realizaron m\u00e1s de 900 prestaciones en operativo de invierno. Se refiere Marcela Espinosa San Mart\u00edn, acad\u00e9mica de la Escuela de Odontolog\u00eda.<\/a>\u00a0<\/div><div>\u00a0<\/div><div><b>DIARIO TALCA<\/b>\u00a0<br \/><a id=\"OWA3ce17afe-65d2-c210-d81b-91d55d8d5e38\" title=\"https:\/\/diariotalca.cl\/estudiantes-de-odontologia-utalca-realizaron-mas-de-900-atenciones-en-operativo-medico\/\" href=\"https:\/\/diariotalca.cl\/estudiantes-de-odontologia-utalca-realizaron-mas-de-900-atenciones-en-operativo-medico\/\" target=\"_blank\" rel=\"noopener noreferrer\" data-auth=\"NotApplicable\" data-linkindex=\"13\">Estudiantes de Odontolog\u00eda realizaron m\u00e1s de 900 prestaciones en operativo de invierno. Se refiere Marcela Espinosa San Mart\u00edn, acad\u00e9mica de la Escuela de Odontolog\u00eda.<\/a>\u00a0<\/div><div>\u00a0<\/div><div><b>CANAL 2 LINARES<\/b>\u00a0<br \/><a id=\"OWA8e032f67-a439-235d-d4da-7d332a73e3bc\" title=\"https:\/\/www.canal2linares.cl\/2025\/09\/estudiantes-de-odontologia-realizaron.html\" href=\"https:\/\/www.canal2linares.cl\/2025\/09\/estudiantes-de-odontologia-realizaron.html\" target=\"_blank\" rel=\"noopener noreferrer\" data-auth=\"NotApplicable\" data-linkindex=\"14\">Estudiantes de Odontolog\u00eda realizaron m\u00e1s de 900 prestaciones en operativo de invierno. Se refiere Marcela Espinosa San Mart\u00edn, acad\u00e9mica de la Escuela de Odontolog\u00eda.<\/a>\u00a0<\/div><div>\u00a0<\/div><div><b>PORTAL RED SALUD<\/b>\u00a0<br \/><a id=\"OWA1d867297-2541-061d-f323-fe29c9fdc3e3\" title=\"https:\/\/portalredsalud.cl\/2025\/09\/08\/estudiantes-de-odontologia-realizaron-mas-de-900-prestaciones-en-operativo-de-invierno\/\" href=\"https:\/\/portalredsalud.cl\/2025\/09\/08\/estudiantes-de-odontologia-realizaron-mas-de-900-prestaciones-en-operativo-de-invierno\/\" target=\"_blank\" rel=\"noopener noreferrer\" data-auth=\"NotApplicable\" data-linkindex=\"15\">Estudiantes de Odontolog\u00eda realizaron m\u00e1s de 900 prestaciones en operativo de invierno. Se refiere Marcela Espinosa San Mart\u00edn, acad\u00e9mica de la Escuela de Odontolog\u00eda.<\/a>\u00a0<\/div><div>\u00a0<\/div><div><b>PORTAL PRENSA SALUD<\/b>\u00a0<br \/><a id=\"OWAc758547a-bb59-ccb2-8b54-01ff2101e3e2\" title=\"https:\/\/portalprensasalud.cl\/2025\/09\/08\/estudiantes-de-odontologia-realizaron-mas-de-900-prestaciones-en-operativo-de-invierno\/\" href=\"https:\/\/portalprensasalud.cl\/2025\/09\/08\/estudiantes-de-odontologia-realizaron-mas-de-900-prestaciones-en-operativo-de-invierno\/\" target=\"_blank\" rel=\"noopener noreferrer\" data-auth=\"NotApplicable\" data-linkindex=\"16\">Estudiantes de Odontolog\u00eda realizaron m\u00e1s de 900 prestaciones en operativo de invierno. Se refiere Marcela Espinosa San Mart\u00edn, acad\u00e9mica de la Escuela de Odontolog\u00eda.<\/a>\u00a0<\/div><div>\u00a0<\/div><div><b>PORTAL EDUCA<\/b>\u00a0<br \/><a id=\"OWAf2e22ae3-0a4d-4407-a4f4-a995ac81e4c6\" title=\"https:\/\/portaleduca.cl\/utalca-fue-sede-del-xv-congreso-regional-explora-y-conmemoro-los-30-anos-del-programa\/\" href=\"https:\/\/portaleduca.cl\/utalca-fue-sede-del-xv-congreso-regional-explora-y-conmemoro-los-30-anos-del-programa\/\" target=\"_blank\" rel=\"noopener noreferrer\" data-auth=\"NotApplicable\" data-linkindex=\"17\">UTalca fue sede del XV Congreso Regional Explora y conmemor\u00f3 los 30 a\u00f1os del programa. Se refiere C\u00e9sar Retamal, jefe de la Unidad de Divulgaci\u00f3n y director de Explora Maule.<\/a>\u00a0<\/div><div>\u00a0<\/div><div><b>CANAL 2 LINARES<\/b>\u00a0<br \/><a id=\"OWA31e8f2f8-e713-947a-db97-c58245897671\" title=\"https:\/\/www.canal2linares.cl\/2025\/09\/utalca-fue-sede-del-xv-congreso.html\" href=\"https:\/\/www.canal2linares.cl\/2025\/09\/utalca-fue-sede-del-xv-congreso.html\" target=\"_blank\" rel=\"noopener noreferrer\" data-auth=\"NotApplicable\" data-linkindex=\"18\">UTalca fue sede del XV Congreso Regional Explora y conmemor\u00f3 los 30 a\u00f1os del programa. Se refiere C\u00e9sar Retamal, jefe de la Unidad de Divulgaci\u00f3n y director de Explora Maule\u202f<\/a>\u00a0<\/div><div>\u00a0<\/div><div><b>CANAL MEGA<\/b>\u00a0<br \/><a id=\"OWA1e1e92bc-29b6-da37-1c72-0747bc51b2c3\" title=\"https:\/\/www.litoralpress.cl\/sitio\/RadioTV_Detalles.cshtml?LPKey=VFLR2ZPNWKHLNPQ54XMWHDDPMGJ5XQ3EIOGYG2GVKUGXKXR7HHICK4VKORWDLNGL3MFTDH7UD5CH2\" href=\"https:\/\/www.litoralpress.cl\/sitio\/RadioTV_Detalles.cshtml?LPKey=VFLR2ZPNWKHLNPQ54XMWHDDPMGJ5XQ3EIOGYG2GVKUGXKXR7HHICK4VKORWDLNGL3MFTDH7UD5CH2\" target=\"_blank\" rel=\"noopener noreferrer\" data-auth=\"NotApplicable\" data-linkindex=\"19\">Fiscal\u00eda pide desafuero de Claudio Orrego. Se refiere Mauricio Morales Quiroga, director del Centro de An\u00e1lisis Pol\u00edtico (CAP-UTalca).<\/a>\u00a0<\/div><div>\u00a0<\/div><div><b>MEGA<\/b>\u00a0<br \/><a id=\"OWAbb19721c-32a7-9a2e-62c4-c6a6ebd4f349\" title=\"https:\/\/www.mega.cl\/programas\/mucho-gusto\/mejores-momentos\/202594-jose-antonio-neme-nuevas-senales-pistas-por-quien-votara-elecciones-presidenciales-candidatos.html\" href=\"https:\/\/www.mega.cl\/programas\/mucho-gusto\/mejores-momentos\/202594-jose-antonio-neme-nuevas-senales-pistas-por-quien-votara-elecciones-presidenciales-candidatos.html\" target=\"_blank\" rel=\"noopener noreferrer\" data-auth=\"NotApplicable\" data-linkindex=\"20\">&#8220;Yo estoy dentro&#8230;&#8221;: Neme da nuevas pistas sobre por qui\u00e9n votar\u00e1 en las elecciones presidenciales. Se refiere Mauricio Morales Quiroga, director del Centro de An\u00e1lisis Pol\u00edtico (CAP-UTalca).<\/a>\u00a0<\/div><div>\u00a0<\/div><div><b>DIARIO TALCA<\/b>\u00a0<br \/><a id=\"OWA3f5d73e9-56b7-7add-4768-38c7dd0b9fa5\" title=\"https:\/\/www.litoralpress.cl\/paginaconsultas\/Servicios_NClipWeb\/Get_Imagen_Nota.aspx?LPKey=F5CVW457BO4D3KFLIGTUTE6447JFU55XD2DNAWVWQDWFZNZ7O7DJTJVDXQTHHQSTY2LVYNDFHQG2S\" href=\"https:\/\/www.litoralpress.cl\/paginaconsultas\/Servicios_NClipWeb\/Get_Imagen_Nota.aspx?LPKey=F5CVW457BO4D3KFLIGTUTE6447JFU55XD2DNAWVWQDWFZNZ7O7DJTJVDXQTHHQSTY2LVYNDFHQG2S\" target=\"_blank\" rel=\"noopener noreferrer\" data-auth=\"NotApplicable\" data-linkindex=\"21\">\u201cUna buena proporci\u00f3n de los riesgos h\u00eddricos que sufren las personas pueden ser anticipados por la ciencia\u201d. Se refiere Roberto Pizarro, director de la C\u00e1tedra Unesco en Hidrolog\u00eda de Superficie.\u202f<\/a>\u00a0<\/div><div>\u00a0<\/div><div><b>DIARIO TALCA<\/b>\u00a0<br \/><a id=\"OWA76c019a3-4bfa-d323-63d1-591dcee29d12\" title=\"https:\/\/www.litoralpress.cl\/paginaconsultas\/Servicios_NClipWeb\/Get_Imagen_Nota.aspx?LPKey=FMVFGT5MNENBNXQBK5AON2I2H2VRIAXVLVX3ACVS3IRO5GTKRTFG3QXLY7CMY4NYYU3QIGYQWAJNU+\" href=\"https:\/\/www.litoralpress.cl\/paginaconsultas\/Servicios_NClipWeb\/Get_Imagen_Nota.aspx?LPKey=FMVFGT5MNENBNXQBK5AON2I2H2VRIAXVLVX3ACVS3IRO5GTKRTFG3QXLY7CMY4NYYU3QIGYQWAJNU+\" target=\"_blank\" rel=\"noopener noreferrer\" data-auth=\"NotApplicable\" data-linkindex=\"22\">Mario Brack, im\u00e1genes de identidad: Un futurista atrapado en Talca. Se menciona la Universidad de Talca.<\/a>\u00a0<\/div><div>\u00a0<\/div><div><b>LA PRENSA DE CURIC\u00d3<\/b>\u00a0<br \/><a id=\"OWA82d012a6-a6f1-4ca7-1a12-e5bdef6cc3ec\" title=\"https:\/\/www.litoralpress.cl\/paginaconsultas\/Servicios_NClipWeb\/Get_Imagen_Nota.aspx?LPKey=RYKOYIDJVWHBFYW3AUNVU4QYRH7GVY2MHTRTYCC7FZY7MBGN5UX2UUHBUTZXFAEPSM43W5H4HKOXK\" href=\"https:\/\/www.litoralpress.cl\/paginaconsultas\/Servicios_NClipWeb\/Get_Imagen_Nota.aspx?LPKey=RYKOYIDJVWHBFYW3AUNVU4QYRH7GVY2MHTRTYCC7FZY7MBGN5UX2UUHBUTZXFAEPSM43W5H4HKOXK\" target=\"_blank\" rel=\"noopener noreferrer\" data-auth=\"NotApplicable\" data-linkindex=\"23\">Sucede. Se menciona la Universidad de Talca.<\/a>\u00a0<\/div><div>\u00a0<\/div><div><b>DIARIO FRUT\u00cdCOLA<\/b>\u00a0<br \/><a id=\"OWAd9fe8a02-4aaf-d055-381d-c58053ce991d\" title=\"https:\/\/www.diariofruticola.cl\/noticia\/ag-eventos\/2025\/09\/santiago-sede-de-las-ix-jornadas-de-postcosecha-ciencia-y-soluciones-para-uva-cereza-arandano-y-pomaceas\" href=\"https:\/\/www.diariofruticola.cl\/noticia\/ag-eventos\/2025\/09\/santiago-sede-de-las-ix-jornadas-de-postcosecha-ciencia-y-soluciones-para-uva-cereza-arandano-y-pomaceas\" target=\"_blank\" rel=\"noopener noreferrer\" data-auth=\"NotApplicable\" data-linkindex=\"24\">Santiago sede de las IX Jornadas de Postcosecha: ciencia y soluciones para uva, cereza, ar\u00e1ndano y pom\u00e1ceas. Se menciona la Universidad de Talca.<\/a>\u00a0<\/div><div>\u00a0<\/div><div><b>DIARIO EL CENTRO<\/b>\u00a0<br \/><a id=\"OWAfc569b04-e6ee-198d-7808-8ed137e3c787\" title=\"https:\/\/www.diarioelcentro.cl\/2025\/09\/08\/escolares-se-reunieron-en-xv-congreso-regional-explora\/\" href=\"https:\/\/www.diarioelcentro.cl\/2025\/09\/08\/escolares-se-reunieron-en-xv-congreso-regional-explora\/\" target=\"_blank\" rel=\"noopener noreferrer\" data-auth=\"NotApplicable\" data-linkindex=\"25\">Escolares se reunieron en XV Congreso Regional Explora. Se menciona la Universidad de Talca.<\/a>\u00a0<\/div><div>\u00a0<\/div><div><b>TV5<\/b>\u00a0<br \/><a id=\"OWA220659b2-eb83-1d0d-1098-68393a572a3e\" title=\"https:\/\/www.tv5.cl\/categoria\/local\/xv-congreso-regional-explora-reune-escolares-utalca\" href=\"https:\/\/www.tv5.cl\/categoria\/local\/xv-congreso-regional-explora-reune-escolares-utalca\" target=\"_blank\" rel=\"noopener noreferrer\" data-auth=\"NotApplicable\" data-linkindex=\"26\">XV Congreso Regional Explora re\u00fane a escolares en UTalca. Se menciona la Universidad de Talca.<\/a>\u00a0<\/div><div>\u00a0<\/div><div><b>EL CONTENIDO<\/b>\u00a0<br \/><a id=\"OWA353a4d3e-9991-8b01-6879-6f8019871aa7\" title=\"https:\/\/elcontenido.news\/2025\/nacional\/estudiantes-se-reunieron-en-el-xv-congreso-regional-explora\/\" href=\"https:\/\/elcontenido.news\/2025\/nacional\/estudiantes-se-reunieron-en-el-xv-congreso-regional-explora\/\" target=\"_blank\" rel=\"noopener noreferrer\" data-auth=\"NotApplicable\" data-linkindex=\"27\">Estudiantes se reunieron en el XV Congreso Regional Explora. Se menciona la Universidad de Talca.<\/a>\u00a0<\/div><div aria-hidden=\"true\">\u00a0<\/div>\t\t\t\t\t\t<\/div>\n\t\t\t\t<\/div>\n\t\t\t\t\t<\/div>\n\t\t<\/div>\n\t\t\t\t\t\t\t<\/div>\n\t\t<\/section>\n\t\t\t\t\t\t<\/div>\n\t\t\t\t\t<\/div>\n\t\t","protected":false},"excerpt":{"rendered":"<p>EL MERCURIO\u00a0Los distintos tipos de depresi\u00f3n se incrementan en primavera y hay que estar atentos a las se\u00f1ales. Se refiere Ver\u00f3nica Vitriol, acad\u00e9mica de la Facultad de Medicina.\u00a0\u00a0CANAL TVN\u00a0Personas mayores en Chile tienen un s\u00f3lo amigo cercano. Se refiere Emilio Moyano, acad\u00e9mico de la Facultad de Psicolog\u00eda\u00a0\u00a0COOPERATIVA CIENCIA\u00a0Estudio revela que personas mayores en Chile tienen &hellip;<\/p>\n<p class=\"read-more\"> <a class=\"\" href=\"https:\/\/www.reportedeprensa.utalca.cl\/?p=12537\"> <span class=\"screen-reader-text\">09 de septiembre 2025<\/span> Read More &raquo;<\/a><\/p>\n","protected":false},"author":1,"featured_media":0,"comment_status":"closed","ping_status":"open","sticky":false,"template":"","format":"standard","meta":{"_monsterinsights_skip_tracking":false,"_monsterinsights_sitenote_active":false,"_monsterinsights_sitenote_note":"","_monsterinsights_sitenote_category":0},"categories":[63],"tags":[],"_links":{"self":[{"href":"https:\/\/www.reportedeprensa.utalca.cl\/index.php?rest_route=\/wp\/v2\/posts\/12537"}],"collection":[{"href":"https:\/\/www.reportedeprensa.utalca.cl\/index.php?rest_route=\/wp\/v2\/posts"}],"about":[{"href":"https:\/\/www.reportedeprensa.utalca.cl\/index.php?rest_route=\/wp\/v2\/types\/post"}],"author":[{"embeddable":true,"href":"https:\/\/www.reportedeprensa.utalca.cl\/index.php?rest_route=\/wp\/v2\/users\/1"}],"replies":[{"embeddable":true,"href":"https:\/\/www.reportedeprensa.utalca.cl\/index.php?rest_route=%2Fwp%2Fv2%2Fcomments&post=12537"}],"version-history":[{"count":4,"href":"https:\/\/www.reportedeprensa.utalca.cl\/index.php?rest_route=\/wp\/v2\/posts\/12537\/revisions"}],"predecessor-version":[{"id":12541,"href":"https:\/\/www.reportedeprensa.utalca.cl\/index.php?rest_route=\/wp\/v2\/posts\/12537\/revisions\/12541"}],"wp:attachment":[{"href":"https:\/\/www.reportedeprensa.utalca.cl\/index.php?rest_route=%2Fwp%2Fv2%2Fmedia&parent=12537"}],"wp:term":[{"taxonomy":"category","embeddable":true,"href":"https:\/\/www.reportedeprensa.utalca.cl\/index.php?rest_route=%2Fwp%2Fv2%2Fcategories&post=12537"},{"taxonomy":"post_tag","embeddable":true,"href":"https:\/\/www.reportedeprensa.utalca.cl\/index.php?rest_route=%2Fwp%2Fv2%2Ftags&post=12537"}],"curies":[{"name":"wp","href":"https:\/\/api.w.org\/{rel}","templated":true}]}}